{"id":188,"date":"2012-10-28T19:57:38","date_gmt":"2012-10-28T17:57:38","guid":{"rendered":"http:\/\/www.remonen.fi\/?p=188"},"modified":"2012-11-15T08:01:02","modified_gmt":"2012-11-15T06:01:02","slug":"jaatynyt-puutarha","status":"publish","type":"post","link":"https:\/\/www.remonen.fi\/WP\/blogi\/jaatynyt-puutarha\/","title":{"rendered":"J\u00e4\u00e4tyneet puutarhat"},"content":{"rendered":"<p>Kasvimaa on oiva paikka hakea kuvallista innostusta, jos ei jaksa l\u00e4hte\u00e4 merta edemm\u00e4s. Koska tuo meid\u00e4n l\u00e4nttimme on tuossa kilometrin p\u00e4\u00e4ss\u00e4, niin siell\u00e4 tulee vierailtua aika taajaan. Lauantaina (27.10.2012) oli kaunis auringonpaiste heti aamusta, joten s\u00f6in vain parvekkeella y\u00f6n yli olleen j\u00e4\u00e4tyneen banaanin, kaivoin pitk\u00e4t kalsarit kaapista ja suunnistin siis kasvimaalle.<\/p>\n<p>Aiemmista kerroista oppineena tiesin mit\u00e4 herkkua siell\u00e4 odotti: japanilaisia lyhtyj\u00e4! Google kertoi, ett\u00e4 ne on lyhtykoisoja. Auringonpaisteessa ne tosiaan loistavat kuin lyhdyt ik\u00e4\u00e4n:<br \/>\n<a href=\"http:\/\/www.remonen.fi\/kuvat\/2012\/Jaatyneet%20puutarhat\/gallery.html\"><img loading=\"lazy\" decoding=\"async\" class=\"alignnone size-medium wp-image-189\" title=\"J\u00e4\u00e4tyneet puutarhat\" src=\"http:\/\/www.remonen.fi\/WP\/wp-content\/uploads\/2012\/10\/20121027-_D8E2958-300x140.jpg\" alt=\"\" width=\"300\" height=\"140\" srcset=\"https:\/\/www.remonen.fi\/WP\/wp-content\/uploads\/2012\/10\/20121027-_D8E2958-300x140.jpg 300w, https:\/\/www.remonen.fi\/WP\/wp-content\/uploads\/2012\/10\/20121027-_D8E2958-680x318.jpg 680w, https:\/\/www.remonen.fi\/WP\/wp-content\/uploads\/2012\/10\/20121027-_D8E2958-768x359.jpg 768w, https:\/\/www.remonen.fi\/WP\/wp-content\/uploads\/2012\/10\/20121027-_D8E2958-440x206.jpg 440w, https:\/\/www.remonen.fi\/WP\/wp-content\/uploads\/2012\/10\/20121027-_D8E2958-960x449.jpg 960w, https:\/\/www.remonen.fi\/WP\/wp-content\/uploads\/2012\/10\/20121027-_D8E2958-640x299.jpg 640w, https:\/\/www.remonen.fi\/WP\/wp-content\/uploads\/2012\/10\/20121027-_D8E2958.jpg 1024w\" sizes=\"(max-width: 300px) 100vw, 300px\" \/><\/a><\/p>\n<p><a href=\"http:\/\/www.remonen.fi\/kuvat\/2012\/Jaatyneet%20puutarhat\/gallery.html\">Loput kuvat t\u00e4\u00e4lt\u00e4<\/a> tai yll\u00e4olevaa kuvaa klikkaamalla.<\/p>\n","protected":false},"excerpt":{"rendered":"<p>Kasvimaa on oiva paikka hakea kuvallista innostusta, jos ei jaksa l\u00e4hte\u00e4 merta edemm\u00e4s. Koska tuo meid\u00e4n l\u00e4nttimme on tuossa kilometrin p\u00e4\u00e4ss\u00e4, niin siell\u00e4 tulee vierailtua aika taajaan. Lauantaina (27.10.2012) oli kaunis auringonpaiste heti aamusta, joten s\u00f6in vain parvekkeella y\u00f6n yli olleen j\u00e4\u00e4tyneen banaanin, kaivoin pitk\u00e4t kalsarit kaapista ja suunnistin siis kasvimaalle. Aiemmista kerroista oppineena tiesin [&hellip;]<\/p>\n","protected":false},"author":2,"featured_media":190,"comment_status":"open","ping_status":"open","sticky":false,"template":"","format":"standard","meta":{"footnotes":""},"categories":[16],"tags":[20,22,21],"yoast_head":"<!-- This site is optimized with the Yoast SEO plugin v24.5 - https:\/\/yoast.com\/wordpress\/plugins\/seo\/ -->\n<title>J\u00e4\u00e4tyneet puutarhat - gREat MOments NEver forgotteN<\/title>\n<meta name=\"robots\" content=\"index, follow, max-snippet:-1, max-image-preview:large, max-video-preview:-1\" \/>\n<link rel=\"canonical\" href=\"https:\/\/www.remonen.fi\/WP\/blogi\/jaatynyt-puutarha\/\" \/>\n<meta property=\"og:locale\" content=\"fi_FI\" \/>\n<meta property=\"og:type\" content=\"article\" \/>\n<meta property=\"og:title\" content=\"J\u00e4\u00e4tyneet puutarhat - gREat MOments NEver forgotteN\" \/>\n<meta property=\"og:description\" content=\"Kasvimaa on oiva paikka hakea kuvallista innostusta, jos ei jaksa l\u00e4hte\u00e4 merta edemm\u00e4s. Koska tuo meid\u00e4n l\u00e4nttimme on tuossa kilometrin p\u00e4\u00e4ss\u00e4, niin siell\u00e4 tulee vierailtua aika taajaan. Lauantaina (27.10.2012) oli kaunis auringonpaiste heti aamusta, joten s\u00f6in vain parvekkeella y\u00f6n yli olleen j\u00e4\u00e4tyneen banaanin, kaivoin pitk\u00e4t kalsarit kaapista ja suunnistin siis kasvimaalle. Aiemmista kerroista oppineena tiesin [&hellip;]\" \/>\n<meta property=\"og:url\" content=\"https:\/\/www.remonen.fi\/WP\/blogi\/jaatynyt-puutarha\/\" \/>\n<meta property=\"og:site_name\" content=\"remonen.fi\" \/>\n<meta property=\"article:published_time\" content=\"2012-10-28T17:57:38+00:00\" \/>\n<meta property=\"article:modified_time\" content=\"2012-11-15T06:01:02+00:00\" \/>\n<meta property=\"og:image\" content=\"https:\/\/www.remonen.fi\/WP\/wp-content\/uploads\/2012\/10\/20121027-_D8E2999.jpg\" \/>\n\t<meta property=\"og:image:width\" content=\"1024\" \/>\n\t<meta property=\"og:image:height\" content=\"683\" \/>\n\t<meta property=\"og:image:type\" content=\"image\/jpeg\" \/>\n<meta name=\"author\" content=\"Matti Remonen\" \/>\n<meta name=\"twitter:label1\" content=\"Kirjoittanut\" \/>\n\t<meta name=\"twitter:data1\" content=\"Matti Remonen\" \/>\n<script type=\"application\/ld+json\" class=\"yoast-schema-graph\">{\"@context\":\"https:\/\/schema.org\",\"@graph\":[{\"@type\":\"Article\",\"@id\":\"https:\/\/www.remonen.fi\/WP\/blogi\/jaatynyt-puutarha\/#article\",\"isPartOf\":{\"@id\":\"https:\/\/www.remonen.fi\/WP\/blogi\/jaatynyt-puutarha\/\"},\"author\":{\"name\":\"Matti Remonen\",\"@id\":\"https:\/\/www.remonen.fi\/WP\/#\/schema\/person\/1803c23d1d4f6722054eb2ac7f7a97cd\"},\"headline\":\"J\u00e4\u00e4tyneet puutarhat\",\"datePublished\":\"2012-10-28T17:57:38+00:00\",\"dateModified\":\"2012-11-15T06:01:02+00:00\",\"mainEntityOfPage\":{\"@id\":\"https:\/\/www.remonen.fi\/WP\/blogi\/jaatynyt-puutarha\/\"},\"wordCount\":95,\"commentCount\":0,\"publisher\":{\"@id\":\"https:\/\/www.remonen.fi\/WP\/#\/schema\/person\/1803c23d1d4f6722054eb2ac7f7a97cd\"},\"image\":{\"@id\":\"https:\/\/www.remonen.fi\/WP\/blogi\/jaatynyt-puutarha\/#primaryimage\"},\"thumbnailUrl\":\"https:\/\/www.remonen.fi\/WP\/wp-content\/uploads\/2012\/10\/20121027-_D8E2999.jpg\",\"keywords\":[\"j\u00e4\u00e4tyneet puutarhat\",\"kasvimaa\",\"lyhtykoiso\"],\"articleSection\":[\"Blog\"],\"inLanguage\":\"fi\",\"potentialAction\":[{\"@type\":\"CommentAction\",\"name\":\"Comment\",\"target\":[\"https:\/\/www.remonen.fi\/WP\/blogi\/jaatynyt-puutarha\/#respond\"]}]},{\"@type\":\"WebPage\",\"@id\":\"https:\/\/www.remonen.fi\/WP\/blogi\/jaatynyt-puutarha\/\",\"url\":\"https:\/\/www.remonen.fi\/WP\/blogi\/jaatynyt-puutarha\/\",\"name\":\"J\u00e4\u00e4tyneet puutarhat - gREat MOments NEver forgotteN\",\"isPartOf\":{\"@id\":\"https:\/\/www.remonen.fi\/WP\/#website\"},\"primaryImageOfPage\":{\"@id\":\"https:\/\/www.remonen.fi\/WP\/blogi\/jaatynyt-puutarha\/#primaryimage\"},\"image\":{\"@id\":\"https:\/\/www.remonen.fi\/WP\/blogi\/jaatynyt-puutarha\/#primaryimage\"},\"thumbnailUrl\":\"https:\/\/www.remonen.fi\/WP\/wp-content\/uploads\/2012\/10\/20121027-_D8E2999.jpg\",\"datePublished\":\"2012-10-28T17:57:38+00:00\",\"dateModified\":\"2012-11-15T06:01:02+00:00\",\"breadcrumb\":{\"@id\":\"https:\/\/www.remonen.fi\/WP\/blogi\/jaatynyt-puutarha\/#breadcrumb\"},\"inLanguage\":\"fi\",\"potentialAction\":[{\"@type\":\"ReadAction\",\"target\":[\"https:\/\/www.remonen.fi\/WP\/blogi\/jaatynyt-puutarha\/\"]}]},{\"@type\":\"ImageObject\",\"inLanguage\":\"fi\",\"@id\":\"https:\/\/www.remonen.fi\/WP\/blogi\/jaatynyt-puutarha\/#primaryimage\",\"url\":\"https:\/\/www.remonen.fi\/WP\/wp-content\/uploads\/2012\/10\/20121027-_D8E2999.jpg\",\"contentUrl\":\"https:\/\/www.remonen.fi\/WP\/wp-content\/uploads\/2012\/10\/20121027-_D8E2999.jpg\",\"width\":1024,\"height\":683},{\"@type\":\"BreadcrumbList\",\"@id\":\"https:\/\/www.remonen.fi\/WP\/blogi\/jaatynyt-puutarha\/#breadcrumb\",\"itemListElement\":[{\"@type\":\"ListItem\",\"position\":1,\"name\":\"Etusivu\",\"item\":\"https:\/\/www.remonen.fi\/WP\/\"},{\"@type\":\"ListItem\",\"position\":2,\"name\":\"J\u00e4\u00e4tyneet puutarhat\"}]},{\"@type\":\"WebSite\",\"@id\":\"https:\/\/www.remonen.fi\/WP\/#website\",\"url\":\"https:\/\/www.remonen.fi\/WP\/\",\"name\":\"remonen.fi\",\"description\":\"Valokuvia ja tarinaa laidasta laitaan\",\"publisher\":{\"@id\":\"https:\/\/www.remonen.fi\/WP\/#\/schema\/person\/1803c23d1d4f6722054eb2ac7f7a97cd\"},\"potentialAction\":[{\"@type\":\"SearchAction\",\"target\":{\"@type\":\"EntryPoint\",\"urlTemplate\":\"https:\/\/www.remonen.fi\/WP\/?s={search_term_string}\"},\"query-input\":{\"@type\":\"PropertyValueSpecification\",\"valueRequired\":true,\"valueName\":\"search_term_string\"}}],\"inLanguage\":\"fi\"},{\"@type\":[\"Person\",\"Organization\"],\"@id\":\"https:\/\/www.remonen.fi\/WP\/#\/schema\/person\/1803c23d1d4f6722054eb2ac7f7a97cd\",\"name\":\"Matti Remonen\",\"logo\":{\"@id\":\"https:\/\/www.remonen.fi\/WP\/#\/schema\/person\/image\/\"},\"url\":\"https:\/\/www.remonen.fi\/WP\/blogi\/author\/mre\/\"}]}<\/script>\n<!-- \/ Yoast SEO plugin. -->","yoast_head_json":{"title":"J\u00e4\u00e4tyneet puutarhat - gREat MOments NEver forgotteN","robots":{"index":"index","follow":"follow","max-snippet":"max-snippet:-1","max-image-preview":"max-image-preview:large","max-video-preview":"max-video-preview:-1"},"canonical":"https:\/\/www.remonen.fi\/WP\/blogi\/jaatynyt-puutarha\/","og_locale":"fi_FI","og_type":"article","og_title":"J\u00e4\u00e4tyneet puutarhat - gREat MOments NEver forgotteN","og_description":"Kasvimaa on oiva paikka hakea kuvallista innostusta, jos ei jaksa l\u00e4hte\u00e4 merta edemm\u00e4s. Koska tuo meid\u00e4n l\u00e4nttimme on tuossa kilometrin p\u00e4\u00e4ss\u00e4, niin siell\u00e4 tulee vierailtua aika taajaan. Lauantaina (27.10.2012) oli kaunis auringonpaiste heti aamusta, joten s\u00f6in vain parvekkeella y\u00f6n yli olleen j\u00e4\u00e4tyneen banaanin, kaivoin pitk\u00e4t kalsarit kaapista ja suunnistin siis kasvimaalle. Aiemmista kerroista oppineena tiesin [&hellip;]","og_url":"https:\/\/www.remonen.fi\/WP\/blogi\/jaatynyt-puutarha\/","og_site_name":"remonen.fi","article_published_time":"2012-10-28T17:57:38+00:00","article_modified_time":"2012-11-15T06:01:02+00:00","og_image":[{"width":1024,"height":683,"url":"https:\/\/www.remonen.fi\/WP\/wp-content\/uploads\/2012\/10\/20121027-_D8E2999.jpg","type":"image\/jpeg"}],"author":"Matti Remonen","twitter_misc":{"Kirjoittanut":"Matti Remonen"},"schema":{"@context":"https:\/\/schema.org","@graph":[{"@type":"Article","@id":"https:\/\/www.remonen.fi\/WP\/blogi\/jaatynyt-puutarha\/#article","isPartOf":{"@id":"https:\/\/www.remonen.fi\/WP\/blogi\/jaatynyt-puutarha\/"},"author":{"name":"Matti Remonen","@id":"https:\/\/www.remonen.fi\/WP\/#\/schema\/person\/1803c23d1d4f6722054eb2ac7f7a97cd"},"headline":"J\u00e4\u00e4tyneet puutarhat","datePublished":"2012-10-28T17:57:38+00:00","dateModified":"2012-11-15T06:01:02+00:00","mainEntityOfPage":{"@id":"https:\/\/www.remonen.fi\/WP\/blogi\/jaatynyt-puutarha\/"},"wordCount":95,"commentCount":0,"publisher":{"@id":"https:\/\/www.remonen.fi\/WP\/#\/schema\/person\/1803c23d1d4f6722054eb2ac7f7a97cd"},"image":{"@id":"https:\/\/www.remonen.fi\/WP\/blogi\/jaatynyt-puutarha\/#primaryimage"},"thumbnailUrl":"https:\/\/www.remonen.fi\/WP\/wp-content\/uploads\/2012\/10\/20121027-_D8E2999.jpg","keywords":["j\u00e4\u00e4tyneet puutarhat","kasvimaa","lyhtykoiso"],"articleSection":["Blog"],"inLanguage":"fi","potentialAction":[{"@type":"CommentAction","name":"Comment","target":["https:\/\/www.remonen.fi\/WP\/blogi\/jaatynyt-puutarha\/#respond"]}]},{"@type":"WebPage","@id":"https:\/\/www.remonen.fi\/WP\/blogi\/jaatynyt-puutarha\/","url":"https:\/\/www.remonen.fi\/WP\/blogi\/jaatynyt-puutarha\/","name":"J\u00e4\u00e4tyneet puutarhat - gREat MOments NEver forgotteN","isPartOf":{"@id":"https:\/\/www.remonen.fi\/WP\/#website"},"primaryImageOfPage":{"@id":"https:\/\/www.remonen.fi\/WP\/blogi\/jaatynyt-puutarha\/#primaryimage"},"image":{"@id":"https:\/\/www.remonen.fi\/WP\/blogi\/jaatynyt-puutarha\/#primaryimage"},"thumbnailUrl":"https:\/\/www.remonen.fi\/WP\/wp-content\/uploads\/2012\/10\/20121027-_D8E2999.jpg","datePublished":"2012-10-28T17:57:38+00:00","dateModified":"2012-11-15T06:01:02+00:00","breadcrumb":{"@id":"https:\/\/www.remonen.fi\/WP\/blogi\/jaatynyt-puutarha\/#breadcrumb"},"inLanguage":"fi","potentialAction":[{"@type":"ReadAction","target":["https:\/\/www.remonen.fi\/WP\/blogi\/jaatynyt-puutarha\/"]}]},{"@type":"ImageObject","inLanguage":"fi","@id":"https:\/\/www.remonen.fi\/WP\/blogi\/jaatynyt-puutarha\/#primaryimage","url":"https:\/\/www.remonen.fi\/WP\/wp-content\/uploads\/2012\/10\/20121027-_D8E2999.jpg","contentUrl":"https:\/\/www.remonen.fi\/WP\/wp-content\/uploads\/2012\/10\/20121027-_D8E2999.jpg","width":1024,"height":683},{"@type":"BreadcrumbList","@id":"https:\/\/www.remonen.fi\/WP\/blogi\/jaatynyt-puutarha\/#breadcrumb","itemListElement":[{"@type":"ListItem","position":1,"name":"Etusivu","item":"https:\/\/www.remonen.fi\/WP\/"},{"@type":"ListItem","position":2,"name":"J\u00e4\u00e4tyneet puutarhat"}]},{"@type":"WebSite","@id":"https:\/\/www.remonen.fi\/WP\/#website","url":"https:\/\/www.remonen.fi\/WP\/","name":"remonen.fi","description":"Valokuvia ja tarinaa laidasta laitaan","publisher":{"@id":"https:\/\/www.remonen.fi\/WP\/#\/schema\/person\/1803c23d1d4f6722054eb2ac7f7a97cd"},"potentialAction":[{"@type":"SearchAction","target":{"@type":"EntryPoint","urlTemplate":"https:\/\/www.remonen.fi\/WP\/?s={search_term_string}"},"query-input":{"@type":"PropertyValueSpecification","valueRequired":true,"valueName":"search_term_string"}}],"inLanguage":"fi"},{"@type":["Person","Organization"],"@id":"https:\/\/www.remonen.fi\/WP\/#\/schema\/person\/1803c23d1d4f6722054eb2ac7f7a97cd","name":"Matti Remonen","logo":{"@id":"https:\/\/www.remonen.fi\/WP\/#\/schema\/person\/image\/"},"url":"https:\/\/www.remonen.fi\/WP\/blogi\/author\/mre\/"}]}},"_links":{"self":[{"href":"https:\/\/www.remonen.fi\/WP\/wp-json\/wp\/v2\/posts\/188"}],"collection":[{"href":"https:\/\/www.remonen.fi\/WP\/wp-json\/wp\/v2\/posts"}],"about":[{"href":"https:\/\/www.remonen.fi\/WP\/wp-json\/wp\/v2\/types\/post"}],"author":[{"embeddable":true,"href":"https:\/\/www.remonen.fi\/WP\/wp-json\/wp\/v2\/users\/2"}],"replies":[{"embeddable":true,"href":"https:\/\/www.remonen.fi\/WP\/wp-json\/wp\/v2\/comments?post=188"}],"version-history":[{"count":0,"href":"https:\/\/www.remonen.fi\/WP\/wp-json\/wp\/v2\/posts\/188\/revisions"}],"wp:featuredmedia":[{"embeddable":true,"href":"https:\/\/www.remonen.fi\/WP\/wp-json\/wp\/v2\/media\/190"}],"wp:attachment":[{"href":"https:\/\/www.remonen.fi\/WP\/wp-json\/wp\/v2\/media?parent=188"}],"wp:term":[{"taxonomy":"category","embeddable":true,"href":"https:\/\/www.remonen.fi\/WP\/wp-json\/wp\/v2\/categories?post=188"},{"taxonomy":"post_tag","embeddable":true,"href":"https:\/\/www.remonen.fi\/WP\/wp-json\/wp\/v2\/tags?post=188"}],"curies":[{"name":"wp","href":"https:\/\/api.w.org\/{rel}","templated":true}]}}