{"id":2044,"date":"2013-01-07T12:22:53","date_gmt":"2013-01-07T10:22:53","guid":{"rendered":"http:\/\/www.remonen.fi\/?p=2044"},"modified":"2014-01-11T13:59:45","modified_gmt":"2014-01-11T11:59:45","slug":"luxhelsinki-2013","status":"publish","type":"post","link":"https:\/\/www.remonen.fi\/WP\/blogi\/luxhelsinki-2013\/","title":{"rendered":"LuxHelsinki 2013 &#8211; Valoa pimeyteen"},"content":{"rendered":"<p>Heti t\u00e4h\u00e4n vuoden alkuun on Helsingiss\u00e4 tavattu pit\u00e4\u00e4 &#8221;valon juhla&#8221;, joka sin\u00e4ns\u00e4 sattuu hyv\u00e4\u00e4n aikaan: pime\u00e4\u00e4 riitt\u00e4\u00e4 ja siihen alkaa jo hieman kyll\u00e4stym\u00e4\u00e4nkin. Juhlaa voi jo kutsua perinteiseksi, koska t\u00e4m\u00e4 oli jo viiden per\u00e4tt\u00e4inen vuosi, jolloin t\u00e4m\u00e4 j\u00e4rjestet\u00e4\u00e4n. Nimi on matkan varrella ehtinyt muuttua &#8221;Valon vuodenajasta&#8221; ehk\u00e4 hieman kuvaavammaksi ja v\u00e4hemm\u00e4n ironiseksi &#8221;<a title=\"LuxHelsinki-sivut\" href=\"http:\/\/luxhelsinki.fi\" target=\"_blank\">LuxHelsingiksi<\/a>&#8221;.<\/p>\n<div id=\"attachment_2027\" style=\"width: 160px\" class=\"wp-caption alignleft\"><a href=\"http:\/\/www.remonen.fi\/WP\/wp-content\/uploads\/2013\/01\/LuxHelsinki.jpg\"><img loading=\"lazy\" decoding=\"async\" aria-describedby=\"caption-attachment-2027\" class=\"size-thumbnail wp-image-2027 \" title=\"Baanan alkup\u00e4\u00e4 Mannerheimintiell\u00e4\" alt=\"LuxHelsinki\" src=\"http:\/\/www.remonen.fi\/WP\/wp-content\/uploads\/2013\/01\/LuxHelsinki-150x150.jpg\" width=\"150\" height=\"150\" \/><\/a><p id=\"caption-attachment-2027\" class=\"wp-caption-text\">Baanan alkup\u00e4\u00e4<\/p><\/div>\n<p>T\u00e4n\u00e4 vuonna tilaisuus levitt\u00e4ytyi Senaatintorilta Stadionille, kuten viime vuonnakin. Uutena suuntana nyt kuitenkin oli my\u00f6s Baana, jonka Musiikkitalon puoleinen p\u00e4\u00e4 oli valaistu uudelleen ja my\u00f6s itse Baanalla oli pari valoteosta, joista toinen interaktiivinen.<\/p>\n<p>Pitih\u00e4n sinne itsekin l\u00e4hte\u00e4 ja ei muuta kuin l\u00e4mmint\u00e4 niskaan ja keskustaan. K\u00e4velimme Rautatieasemalta, v\u00e4lill\u00e4\u00a0 Baanalla pist\u00e4ytyen, Stadionille ja takaisin. J\u00e4ljelle j\u00e4i Senaatintori, joka p\u00e4\u00e4tettiin sitten j\u00e4tt\u00e4\u00e4 v\u00e4liin. Alkoi olla paikat jo sen verran j\u00e4\u00e4ss\u00e4 ja kotona odotti l\u00e4mmitetty sauna. Seuraavana p\u00e4iv\u00e4n\u00e4 bongasin facebookista kuvan Tuomikirkosta ja totesin, ett\u00e4 se on nyt kuitenkin n\u00e4ht\u00e4v\u00e4. Ylim\u00e4\u00e4r\u00e4inen reissu kannatti: Tuomiokirkon julkisivuun heijastettu show oli vaikuttavan n\u00e4k\u00f6inen. N\u00e4ht\u00e4v\u00e4\u00e4 ja koettavaa oli kuitenkin niin paljon, kuten tuolta tilaisuuden virallisilta sivuiltakin voi lukea, ettei kaikkea ehtinyt eik\u00e4 jaksanut k\u00e4yd\u00e4 l\u00e4pi. No, ensi kerralla sitten taas uusin voimin. Hienoa, ett\u00e4 t\u00e4llaista kuitenkin halutaan ja jaksetaan j\u00e4rjest\u00e4\u00e4.<\/p>\n<p>Muut julkaistut kuvat l\u00f6ytyv\u00e4t <a title=\"remonen.fi - LuxHelsinki 2013\" href=\"http:\/\/www.remonen.fi\/kuvat\/2013\/6.1.%20-%20Lux%20Helsinki\/gallery.html\" target=\"_blank\">t\u00e4\u00e4lt\u00e4<\/a>. Kuvauskalustona oli D800E ja siin\u00e4 Senaatintorilla Nikkor AF-S 24-70\/2.8G, muuten Nikkor AF 50\/1.8D. Alan j\u00e4\u00e4m\u00e4\u00e4n n\u00e4ihin primeihin koukkuun&#8230;<\/p>\n<div id=\"attachment_2028\" style=\"width: 310px\" class=\"wp-caption alignleft\"><img loading=\"lazy\" decoding=\"async\" aria-describedby=\"caption-attachment-2028\" class=\"size-medium wp-image-2028\" alt=\"LuxHelsinki-2\" src=\"http:\/\/www.remonen.fi\/WP\/wp-content\/uploads\/2013\/01\/LuxHelsinki-2-300x200.jpg\" width=\"300\" height=\"200\" srcset=\"https:\/\/www.remonen.fi\/WP\/wp-content\/uploads\/2013\/01\/LuxHelsinki-2-300x200.jpg 300w, https:\/\/www.remonen.fi\/WP\/wp-content\/uploads\/2013\/01\/LuxHelsinki-2-680x454.jpg 680w, https:\/\/www.remonen.fi\/WP\/wp-content\/uploads\/2013\/01\/LuxHelsinki-2-768x513.jpg 768w, https:\/\/www.remonen.fi\/WP\/wp-content\/uploads\/2013\/01\/LuxHelsinki-2-440x294.jpg 440w, https:\/\/www.remonen.fi\/WP\/wp-content\/uploads\/2013\/01\/LuxHelsinki-2-640x427.jpg 640w, https:\/\/www.remonen.fi\/WP\/wp-content\/uploads\/2013\/01\/LuxHelsinki-2.jpg 800w\" sizes=\"(max-width: 300px) 100vw, 300px\" \/><p id=\"caption-attachment-2028\" class=\"wp-caption-text\">Tuomiokirkko ja Carta Marina<\/p><\/div>\n<div id=\"attachment_2060\" style=\"width: 310px\" class=\"wp-caption alignright\"><a href=\"http:\/\/www.remonen.fi\/WP\/wp-content\/uploads\/2013\/01\/LuxHelsinki-4.jpg\"><img loading=\"lazy\" decoding=\"async\" aria-describedby=\"caption-attachment-2060\" class=\"size-medium wp-image-2060  \" alt=\"LuxHelsinki-4\" src=\"http:\/\/www.remonen.fi\/WP\/wp-content\/uploads\/2013\/01\/LuxHelsinki-4-300x200.jpg\" width=\"300\" height=\"200\" srcset=\"https:\/\/www.remonen.fi\/WP\/wp-content\/uploads\/2013\/01\/LuxHelsinki-4-300x200.jpg 300w, https:\/\/www.remonen.fi\/WP\/wp-content\/uploads\/2013\/01\/LuxHelsinki-4-680x454.jpg 680w, https:\/\/www.remonen.fi\/WP\/wp-content\/uploads\/2013\/01\/LuxHelsinki-4-768x513.jpg 768w, https:\/\/www.remonen.fi\/WP\/wp-content\/uploads\/2013\/01\/LuxHelsinki-4-440x294.jpg 440w, https:\/\/www.remonen.fi\/WP\/wp-content\/uploads\/2013\/01\/LuxHelsinki-4-640x427.jpg 640w, https:\/\/www.remonen.fi\/WP\/wp-content\/uploads\/2013\/01\/LuxHelsinki-4.jpg 800w\" sizes=\"(max-width: 300px) 100vw, 300px\" \/><\/a><p id=\"caption-attachment-2060\" class=\"wp-caption-text\">Baanan interaktiivinen teos<\/p><\/div>\n<p>&nbsp;<\/p>\n<p>&nbsp;<\/p>\n<p>&nbsp;<\/p>\n<p>&nbsp;<\/p>\n<p>&nbsp;<\/p>\n","protected":false},"excerpt":{"rendered":"<p>Heti t\u00e4h\u00e4n vuoden alkuun on Helsingiss\u00e4 tavattu pit\u00e4\u00e4 &#8221;valon juhla&#8221;, joka sin\u00e4ns\u00e4 sattuu hyv\u00e4\u00e4n aikaan: pime\u00e4\u00e4 riitt\u00e4\u00e4 ja siihen alkaa jo hieman kyll\u00e4stym\u00e4\u00e4nkin. Juhlaa voi jo kutsua perinteiseksi, koska t\u00e4m\u00e4 oli jo viiden per\u00e4tt\u00e4inen vuosi, jolloin t\u00e4m\u00e4 j\u00e4rjestet\u00e4\u00e4n. Nimi on matkan varrella ehtinyt muuttua &#8221;Valon vuodenajasta&#8221; ehk\u00e4 hieman kuvaavammaksi ja v\u00e4hemm\u00e4n ironiseksi &#8221;LuxHelsingiksi&#8221;. T\u00e4n\u00e4 vuonna [&hellip;]<\/p>\n","protected":false},"author":2,"featured_media":2028,"comment_status":"open","ping_status":"closed","sticky":false,"template":"","format":"standard","meta":{"footnotes":""},"categories":[16],"tags":[121],"yoast_head":"<!-- This site is optimized with the Yoast SEO plugin v24.5 - https:\/\/yoast.com\/wordpress\/plugins\/seo\/ -->\n<title>Kaupunkitapahtuma Lux Helsinki 2013 - gREat MOments NEver forgotteN<\/title>\n<meta name=\"robots\" content=\"index, follow, max-snippet:-1, max-image-preview:large, max-video-preview:-1\" \/>\n<link rel=\"canonical\" href=\"https:\/\/www.remonen.fi\/WP\/blogi\/luxhelsinki-2013\/\" \/>\n<meta property=\"og:locale\" content=\"fi_FI\" \/>\n<meta property=\"og:type\" content=\"article\" \/>\n<meta property=\"og:title\" content=\"Kaupunkitapahtuma Lux Helsinki 2013 - gREat MOments NEver forgotteN\" \/>\n<meta property=\"og:description\" content=\"Heti t\u00e4h\u00e4n vuoden alkuun on Helsingiss\u00e4 tavattu pit\u00e4\u00e4 &#8221;valon juhla&#8221;, joka sin\u00e4ns\u00e4 sattuu hyv\u00e4\u00e4n aikaan: pime\u00e4\u00e4 riitt\u00e4\u00e4 ja siihen alkaa jo hieman kyll\u00e4stym\u00e4\u00e4nkin. Juhlaa voi jo kutsua perinteiseksi, koska t\u00e4m\u00e4 oli jo viiden per\u00e4tt\u00e4inen vuosi, jolloin t\u00e4m\u00e4 j\u00e4rjestet\u00e4\u00e4n. Nimi on matkan varrella ehtinyt muuttua &#8221;Valon vuodenajasta&#8221; ehk\u00e4 hieman kuvaavammaksi ja v\u00e4hemm\u00e4n ironiseksi &#8221;LuxHelsingiksi&#8221;. T\u00e4n\u00e4 vuonna [&hellip;]\" \/>\n<meta property=\"og:url\" content=\"https:\/\/www.remonen.fi\/WP\/blogi\/luxhelsinki-2013\/\" \/>\n<meta property=\"og:site_name\" content=\"remonen.fi\" \/>\n<meta property=\"article:published_time\" content=\"2013-01-07T10:22:53+00:00\" \/>\n<meta property=\"article:modified_time\" content=\"2014-01-11T11:59:45+00:00\" \/>\n<meta property=\"og:image\" content=\"https:\/\/www.remonen.fi\/WP\/wp-content\/uploads\/2013\/01\/LuxHelsinki-2.jpg\" \/>\n\t<meta property=\"og:image:width\" content=\"800\" \/>\n\t<meta property=\"og:image:height\" content=\"534\" \/>\n\t<meta property=\"og:image:type\" content=\"image\/jpeg\" \/>\n<meta name=\"author\" content=\"Matti Remonen\" \/>\n<meta name=\"twitter:label1\" content=\"Kirjoittanut\" \/>\n\t<meta name=\"twitter:data1\" content=\"Matti Remonen\" \/>\n\t<meta name=\"twitter:label2\" content=\"Arvioitu lukuaika\" \/>\n\t<meta name=\"twitter:data2\" content=\"1 minuutti\" \/>\n<script type=\"application\/ld+json\" class=\"yoast-schema-graph\">{\"@context\":\"https:\/\/schema.org\",\"@graph\":[{\"@type\":\"Article\",\"@id\":\"https:\/\/www.remonen.fi\/WP\/blogi\/luxhelsinki-2013\/#article\",\"isPartOf\":{\"@id\":\"https:\/\/www.remonen.fi\/WP\/blogi\/luxhelsinki-2013\/\"},\"author\":{\"name\":\"Matti Remonen\",\"@id\":\"https:\/\/www.remonen.fi\/WP\/#\/schema\/person\/1803c23d1d4f6722054eb2ac7f7a97cd\"},\"headline\":\"LuxHelsinki 2013 &#8211; Valoa pimeyteen\",\"datePublished\":\"2013-01-07T10:22:53+00:00\",\"dateModified\":\"2014-01-11T11:59:45+00:00\",\"mainEntityOfPage\":{\"@id\":\"https:\/\/www.remonen.fi\/WP\/blogi\/luxhelsinki-2013\/\"},\"wordCount\":301,\"commentCount\":0,\"publisher\":{\"@id\":\"https:\/\/www.remonen.fi\/WP\/#\/schema\/person\/1803c23d1d4f6722054eb2ac7f7a97cd\"},\"image\":{\"@id\":\"https:\/\/www.remonen.fi\/WP\/blogi\/luxhelsinki-2013\/#primaryimage\"},\"thumbnailUrl\":\"https:\/\/www.remonen.fi\/WP\/wp-content\/uploads\/2013\/01\/LuxHelsinki-2.jpg\",\"keywords\":[\"LUX Helsinki\"],\"articleSection\":[\"Blog\"],\"inLanguage\":\"fi\",\"potentialAction\":[{\"@type\":\"CommentAction\",\"name\":\"Comment\",\"target\":[\"https:\/\/www.remonen.fi\/WP\/blogi\/luxhelsinki-2013\/#respond\"]}]},{\"@type\":\"WebPage\",\"@id\":\"https:\/\/www.remonen.fi\/WP\/blogi\/luxhelsinki-2013\/\",\"url\":\"https:\/\/www.remonen.fi\/WP\/blogi\/luxhelsinki-2013\/\",\"name\":\"Kaupunkitapahtuma Lux Helsinki 2013 - gREat MOments NEver forgotteN\",\"isPartOf\":{\"@id\":\"https:\/\/www.remonen.fi\/WP\/#website\"},\"primaryImageOfPage\":{\"@id\":\"https:\/\/www.remonen.fi\/WP\/blogi\/luxhelsinki-2013\/#primaryimage\"},\"image\":{\"@id\":\"https:\/\/www.remonen.fi\/WP\/blogi\/luxhelsinki-2013\/#primaryimage\"},\"thumbnailUrl\":\"https:\/\/www.remonen.fi\/WP\/wp-content\/uploads\/2013\/01\/LuxHelsinki-2.jpg\",\"datePublished\":\"2013-01-07T10:22:53+00:00\",\"dateModified\":\"2014-01-11T11:59:45+00:00\",\"breadcrumb\":{\"@id\":\"https:\/\/www.remonen.fi\/WP\/blogi\/luxhelsinki-2013\/#breadcrumb\"},\"inLanguage\":\"fi\",\"potentialAction\":[{\"@type\":\"ReadAction\",\"target\":[\"https:\/\/www.remonen.fi\/WP\/blogi\/luxhelsinki-2013\/\"]}]},{\"@type\":\"ImageObject\",\"inLanguage\":\"fi\",\"@id\":\"https:\/\/www.remonen.fi\/WP\/blogi\/luxhelsinki-2013\/#primaryimage\",\"url\":\"https:\/\/www.remonen.fi\/WP\/wp-content\/uploads\/2013\/01\/LuxHelsinki-2.jpg\",\"contentUrl\":\"https:\/\/www.remonen.fi\/WP\/wp-content\/uploads\/2013\/01\/LuxHelsinki-2.jpg\",\"width\":800,\"height\":534},{\"@type\":\"BreadcrumbList\",\"@id\":\"https:\/\/www.remonen.fi\/WP\/blogi\/luxhelsinki-2013\/#breadcrumb\",\"itemListElement\":[{\"@type\":\"ListItem\",\"position\":1,\"name\":\"Etusivu\",\"item\":\"https:\/\/www.remonen.fi\/WP\/\"},{\"@type\":\"ListItem\",\"position\":2,\"name\":\"LuxHelsinki 2013 &#8211; Valoa pimeyteen\"}]},{\"@type\":\"WebSite\",\"@id\":\"https:\/\/www.remonen.fi\/WP\/#website\",\"url\":\"https:\/\/www.remonen.fi\/WP\/\",\"name\":\"remonen.fi\",\"description\":\"Valokuvia ja tarinaa laidasta laitaan\",\"publisher\":{\"@id\":\"https:\/\/www.remonen.fi\/WP\/#\/schema\/person\/1803c23d1d4f6722054eb2ac7f7a97cd\"},\"potentialAction\":[{\"@type\":\"SearchAction\",\"target\":{\"@type\":\"EntryPoint\",\"urlTemplate\":\"https:\/\/www.remonen.fi\/WP\/?s={search_term_string}\"},\"query-input\":{\"@type\":\"PropertyValueSpecification\",\"valueRequired\":true,\"valueName\":\"search_term_string\"}}],\"inLanguage\":\"fi\"},{\"@type\":[\"Person\",\"Organization\"],\"@id\":\"https:\/\/www.remonen.fi\/WP\/#\/schema\/person\/1803c23d1d4f6722054eb2ac7f7a97cd\",\"name\":\"Matti Remonen\",\"logo\":{\"@id\":\"https:\/\/www.remonen.fi\/WP\/#\/schema\/person\/image\/\"},\"url\":\"https:\/\/www.remonen.fi\/WP\/blogi\/author\/mre\/\"}]}<\/script>\n<!-- \/ Yoast SEO plugin. -->","yoast_head_json":{"title":"Kaupunkitapahtuma Lux Helsinki 2013 - gREat MOments NEver forgotteN","robots":{"index":"index","follow":"follow","max-snippet":"max-snippet:-1","max-image-preview":"max-image-preview:large","max-video-preview":"max-video-preview:-1"},"canonical":"https:\/\/www.remonen.fi\/WP\/blogi\/luxhelsinki-2013\/","og_locale":"fi_FI","og_type":"article","og_title":"Kaupunkitapahtuma Lux Helsinki 2013 - gREat MOments NEver forgotteN","og_description":"Heti t\u00e4h\u00e4n vuoden alkuun on Helsingiss\u00e4 tavattu pit\u00e4\u00e4 &#8221;valon juhla&#8221;, joka sin\u00e4ns\u00e4 sattuu hyv\u00e4\u00e4n aikaan: pime\u00e4\u00e4 riitt\u00e4\u00e4 ja siihen alkaa jo hieman kyll\u00e4stym\u00e4\u00e4nkin. Juhlaa voi jo kutsua perinteiseksi, koska t\u00e4m\u00e4 oli jo viiden per\u00e4tt\u00e4inen vuosi, jolloin t\u00e4m\u00e4 j\u00e4rjestet\u00e4\u00e4n. Nimi on matkan varrella ehtinyt muuttua &#8221;Valon vuodenajasta&#8221; ehk\u00e4 hieman kuvaavammaksi ja v\u00e4hemm\u00e4n ironiseksi &#8221;LuxHelsingiksi&#8221;. T\u00e4n\u00e4 vuonna [&hellip;]","og_url":"https:\/\/www.remonen.fi\/WP\/blogi\/luxhelsinki-2013\/","og_site_name":"remonen.fi","article_published_time":"2013-01-07T10:22:53+00:00","article_modified_time":"2014-01-11T11:59:45+00:00","og_image":[{"width":800,"height":534,"url":"https:\/\/www.remonen.fi\/WP\/wp-content\/uploads\/2013\/01\/LuxHelsinki-2.jpg","type":"image\/jpeg"}],"author":"Matti Remonen","twitter_misc":{"Kirjoittanut":"Matti Remonen","Arvioitu lukuaika":"1 minuutti"},"schema":{"@context":"https:\/\/schema.org","@graph":[{"@type":"Article","@id":"https:\/\/www.remonen.fi\/WP\/blogi\/luxhelsinki-2013\/#article","isPartOf":{"@id":"https:\/\/www.remonen.fi\/WP\/blogi\/luxhelsinki-2013\/"},"author":{"name":"Matti Remonen","@id":"https:\/\/www.remonen.fi\/WP\/#\/schema\/person\/1803c23d1d4f6722054eb2ac7f7a97cd"},"headline":"LuxHelsinki 2013 &#8211; Valoa pimeyteen","datePublished":"2013-01-07T10:22:53+00:00","dateModified":"2014-01-11T11:59:45+00:00","mainEntityOfPage":{"@id":"https:\/\/www.remonen.fi\/WP\/blogi\/luxhelsinki-2013\/"},"wordCount":301,"commentCount":0,"publisher":{"@id":"https:\/\/www.remonen.fi\/WP\/#\/schema\/person\/1803c23d1d4f6722054eb2ac7f7a97cd"},"image":{"@id":"https:\/\/www.remonen.fi\/WP\/blogi\/luxhelsinki-2013\/#primaryimage"},"thumbnailUrl":"https:\/\/www.remonen.fi\/WP\/wp-content\/uploads\/2013\/01\/LuxHelsinki-2.jpg","keywords":["LUX Helsinki"],"articleSection":["Blog"],"inLanguage":"fi","potentialAction":[{"@type":"CommentAction","name":"Comment","target":["https:\/\/www.remonen.fi\/WP\/blogi\/luxhelsinki-2013\/#respond"]}]},{"@type":"WebPage","@id":"https:\/\/www.remonen.fi\/WP\/blogi\/luxhelsinki-2013\/","url":"https:\/\/www.remonen.fi\/WP\/blogi\/luxhelsinki-2013\/","name":"Kaupunkitapahtuma Lux Helsinki 2013 - gREat MOments NEver forgotteN","isPartOf":{"@id":"https:\/\/www.remonen.fi\/WP\/#website"},"primaryImageOfPage":{"@id":"https:\/\/www.remonen.fi\/WP\/blogi\/luxhelsinki-2013\/#primaryimage"},"image":{"@id":"https:\/\/www.remonen.fi\/WP\/blogi\/luxhelsinki-2013\/#primaryimage"},"thumbnailUrl":"https:\/\/www.remonen.fi\/WP\/wp-content\/uploads\/2013\/01\/LuxHelsinki-2.jpg","datePublished":"2013-01-07T10:22:53+00:00","dateModified":"2014-01-11T11:59:45+00:00","breadcrumb":{"@id":"https:\/\/www.remonen.fi\/WP\/blogi\/luxhelsinki-2013\/#breadcrumb"},"inLanguage":"fi","potentialAction":[{"@type":"ReadAction","target":["https:\/\/www.remonen.fi\/WP\/blogi\/luxhelsinki-2013\/"]}]},{"@type":"ImageObject","inLanguage":"fi","@id":"https:\/\/www.remonen.fi\/WP\/blogi\/luxhelsinki-2013\/#primaryimage","url":"https:\/\/www.remonen.fi\/WP\/wp-content\/uploads\/2013\/01\/LuxHelsinki-2.jpg","contentUrl":"https:\/\/www.remonen.fi\/WP\/wp-content\/uploads\/2013\/01\/LuxHelsinki-2.jpg","width":800,"height":534},{"@type":"BreadcrumbList","@id":"https:\/\/www.remonen.fi\/WP\/blogi\/luxhelsinki-2013\/#breadcrumb","itemListElement":[{"@type":"ListItem","position":1,"name":"Etusivu","item":"https:\/\/www.remonen.fi\/WP\/"},{"@type":"ListItem","position":2,"name":"LuxHelsinki 2013 &#8211; Valoa pimeyteen"}]},{"@type":"WebSite","@id":"https:\/\/www.remonen.fi\/WP\/#website","url":"https:\/\/www.remonen.fi\/WP\/","name":"remonen.fi","description":"Valokuvia ja tarinaa laidasta laitaan","publisher":{"@id":"https:\/\/www.remonen.fi\/WP\/#\/schema\/person\/1803c23d1d4f6722054eb2ac7f7a97cd"},"potentialAction":[{"@type":"SearchAction","target":{"@type":"EntryPoint","urlTemplate":"https:\/\/www.remonen.fi\/WP\/?s={search_term_string}"},"query-input":{"@type":"PropertyValueSpecification","valueRequired":true,"valueName":"search_term_string"}}],"inLanguage":"fi"},{"@type":["Person","Organization"],"@id":"https:\/\/www.remonen.fi\/WP\/#\/schema\/person\/1803c23d1d4f6722054eb2ac7f7a97cd","name":"Matti Remonen","logo":{"@id":"https:\/\/www.remonen.fi\/WP\/#\/schema\/person\/image\/"},"url":"https:\/\/www.remonen.fi\/WP\/blogi\/author\/mre\/"}]}},"_links":{"self":[{"href":"https:\/\/www.remonen.fi\/WP\/wp-json\/wp\/v2\/posts\/2044"}],"collection":[{"href":"https:\/\/www.remonen.fi\/WP\/wp-json\/wp\/v2\/posts"}],"about":[{"href":"https:\/\/www.remonen.fi\/WP\/wp-json\/wp\/v2\/types\/post"}],"author":[{"embeddable":true,"href":"https:\/\/www.remonen.fi\/WP\/wp-json\/wp\/v2\/users\/2"}],"replies":[{"embeddable":true,"href":"https:\/\/www.remonen.fi\/WP\/wp-json\/wp\/v2\/comments?post=2044"}],"version-history":[{"count":0,"href":"https:\/\/www.remonen.fi\/WP\/wp-json\/wp\/v2\/posts\/2044\/revisions"}],"wp:featuredmedia":[{"embeddable":true,"href":"https:\/\/www.remonen.fi\/WP\/wp-json\/wp\/v2\/media\/2028"}],"wp:attachment":[{"href":"https:\/\/www.remonen.fi\/WP\/wp-json\/wp\/v2\/media?parent=2044"}],"wp:term":[{"taxonomy":"category","embeddable":true,"href":"https:\/\/www.remonen.fi\/WP\/wp-json\/wp\/v2\/categories?post=2044"},{"taxonomy":"post_tag","embeddable":true,"href":"https:\/\/www.remonen.fi\/WP\/wp-json\/wp\/v2\/tags?post=2044"}],"curies":[{"name":"wp","href":"https:\/\/api.w.org\/{rel}","templated":true}]}}