{"id":2114,"date":"2013-01-15T19:35:13","date_gmt":"2013-01-15T17:35:13","guid":{"rendered":"http:\/\/www.remonen.fi\/?p=2114"},"modified":"2014-02-14T08:30:16","modified_gmt":"2014-02-14T06:30:16","slug":"vain-yksi-laukku-liikaa","status":"publish","type":"post","link":"https:\/\/www.remonen.fi\/WP\/blogi\/vain-yksi-laukku-liikaa\/","title":{"rendered":"Vain yksi laukku liikaa&#8230;"},"content":{"rendered":"<div id=\"attachment_2146\" style=\"width: 248px\" class=\"wp-caption alignright\"><a href=\"http:\/\/www.remonen.fi\/WP\/wp-content\/uploads\/2013\/01\/Koolertron-7.jpg\"><img loading=\"lazy\" decoding=\"async\" aria-describedby=\"caption-attachment-2146\" class=\"size-medium wp-image-2146\" alt=\"Koolertron-7\" src=\"http:\/\/www.remonen.fi\/WP\/wp-content\/uploads\/2013\/01\/Koolertron-7-238x300.jpg\" width=\"238\" height=\"300\" \/><\/a><p id=\"caption-attachment-2146\" class=\"wp-caption-text\">Condor 3-day pack. Ei voi tiet\u00e4\u00e4 l\u00e4hteek\u00f6 sotaan vai kuvaamaan.<\/p><\/div>\n<p>Olen ollut aina, tai ainakin melko pitk\u00e4\u00e4n, sit\u00e4 mielt\u00e4, ett\u00e4 olkalaukkumuotoinen kameralaukku on a) turha ja b) tarpeeton. Mainitsinko my\u00f6s typer\u00e4n n\u00e4k\u00f6isen ja ep\u00e4k\u00e4yt\u00e4nn\u00f6llisen? Siksip\u00e4 minulla on kameratarvikkeisen kuljettamista varten kolme eri reppua (joista kaksi toimittaa laitevaraston virkaa ja yksi, Condor 3-day pack on The Reppu, hankittu Kenian safaria varten), <a title=\"Tamrac Velocity 9x\" href=\"http:\/\/www.tamrac.com\/5769.htm\" target=\"_blank\">yksi yhden hihnan reppu<\/a> sek\u00e4 viel\u00e4 <a title=\"Kata Bags\" href=\"http:\/\/www.kata-bags.com\/\" target=\"_blank\">Katan <\/a>sekaviritelm\u00e4 <a title=\"Kata 3N1-33\" href=\"http:\/\/www.kata-bags.com\/product\/0\/KT%2BDL-3N1-33\/_\/3N1-33_DL_for_DSLR_wlong-range_zoom_lens%2B_5-6_lenses%2Bflash\" target=\"_blank\">3N1-30<\/a>(linkiss\u00e4 uudempi malli). Ja toki t\u00e4m\u00e4n p\u00e4\u00e4lle viel\u00e4 Nikonin 200-400\/4:n mukana tullut objektiivilaukku ja parit pikku vy\u00f6laukut NEX 5N:lle. Siis montako kamerankantov\u00e4linett\u00e4 ihminen oikein tarvitsee? Viel\u00e4 yhden, tietysti. Ja sen on nimenomaan oltava olkalaukkumuotoinen. Mik\u00e4 tahansa L\u00f6wepron, Katan tai Tamracin kikotinhan ei nyt sitten kelpaa, vaan halusin nimenomaan &#8221;Stealth&#8221;-mallin, jolla uskaltaa l\u00e4hte\u00e4 New Yorkin kaduille kameran kanssa pelk\u00e4\u00e4m\u00e4tt\u00e4 sit\u00e4, ett\u00e4 menee henki ja kamera. Tai mik\u00e4 pahinta: kamera menee, mutta henki ei kelpaa edes USAlaiselle kemikaalialan tukkumyyj\u00e4lle.<\/p>\n<p>Ensin suunnitelmissa oli ostaa joku <a title=\"Marimekko Weekender\" href=\"https:\/\/www.marimekko.fi\/verkkokauppa\/tuote\/mini-weekender-laukku-037630-001\" target=\"_blank\">Marimekon olkalaukun<\/a> tyylinen kassi ja siihen sitten insertti. Ongelmaksi tuli se, ett\u00e4 inserttej\u00e4 ei oikein Suomesta l\u00f6ydy ja ulkomailta tilattaessa ne maksavat saman kuin koko kassi. Ja sit\u00e4 paitsi tuo Marimekon kassi jo yksin\u00e4\u00e4n maksaa hunajaa. Ja viel\u00e4 sanotaan, ett\u00e4 valokuvaustarvikkeissa on ilmaa. Sitten netiss\u00e4 aikani py\u00f6ritty\u00e4ni t\u00f6rm\u00e4sin &#8221;Koolertron&#8221;-nimell\u00e4 myyt\u00e4viin laukkuihin. Niit\u00e4 n\u00e4ytti olevan sek\u00e4 Amazon.co.uk:ssa, ett\u00e4 Amazon.de:ss\u00e4. Molemmissa kassien myyjin\u00e4 oli Amazonin Marketplace-kumppani, ei Amazon itse. Minulla on aikaisempia huonoja kokemuksia n\u00e4ilt\u00e4 Marketplace-kumppaneilta tilaamisesta, joten se jo itsess\u00e4\u00e4n kannusti ryhtym\u00e4\u00e4n t\u00e4h\u00e4n sen lis\u00e4ksi, ett\u00e4 laukut n\u00e4yttiv\u00e4t juuri sellaisilta kuin mit\u00e4 olin etsinyt. Olin kahden vaiheilla laukun osalta: tilatako UK:sta <a title=\"Koolertron DSLR Bag\" href=\"http:\/\/www.amazon.co.uk\/Koolertron-Camera-Shoulder-Olympus-28x25x12cm\/dp\/B006R239IA\/ref=sr_1_7?ie=UTF8&amp;qid=1358266762&amp;sr=8-7\" target=\"_blank\">t\u00e4m\u00e4 <\/a>vai Saksasta <a title=\"Koolertron Canvas Bag\" href=\"http:\/\/www.amazon.de\/Koolertron-Canvas-Klassiker-Schultertasche-Rucksacktasche-Sonderstellung\/dp\/B0090G5DMK\/ref=sr_1_13?ie=UTF8&amp;qid=1358267561&amp;sr=8-13\" target=\"_blank\">t\u00e4m\u00e4<\/a>? UK:n kassi oli n. puolta halvempi kuin Saksan Amazonista tilattava. Valinta n\u00e4ytti selv\u00e4lt\u00e4, kunnes tavaran siirsi koriin. Postimaksut tasoittivat tilanteen niin, ett\u00e4 loppujen lopuksi Saksan eduksi j\u00e4i 3 euroa. Tilaus sis\u00e4\u00e4n ja sormet ristiin.<\/p>\n<div id=\"attachment_2116\" style=\"width: 160px\" class=\"wp-caption alignleft\"><a href=\"http:\/\/www.remonen.fi\/WP\/wp-content\/uploads\/2013\/01\/Koolertron.jpg\"><img loading=\"lazy\" decoding=\"async\" aria-describedby=\"caption-attachment-2116\" class=\"size-thumbnail wp-image-2116\" alt=\"Koolertron\" src=\"http:\/\/www.remonen.fi\/WP\/wp-content\/uploads\/2013\/01\/Koolertron-150x150.jpg\" width=\"150\" height=\"150\" \/><\/a><p id=\"caption-attachment-2116\" class=\"wp-caption-text\">Kiinasta pukkaa lahjaa.<\/p><\/div>\n<p>Tilauksen ja toimituksen v\u00e4liss\u00e4 oli koko lailla tarkasti kaksi viikkoa. Ajan pituus selittyi siin\u00e4 vaiheessa kun laukku pamahti kotiin DHL:n kuljettamana: se oli l\u00e4hetetty Kiinasta! Miss\u00e4\u00e4n vaiheessa tilausta ei k\u00e4ynyt ilmi, ettei tavara tulisi Saksasta tai edes EU:n alueelta. Mahdollisesti tuo tieto jossain on, mutta ei kyll\u00e4 miss\u00e4\u00e4n kovin helposti selvitett\u00e4v\u00e4ss\u00e4 paikassa. No &#8221;mit\u00e4 v\u00e4lii?&#8221; Sit\u00e4 v\u00e4lii, ett\u00e4 EU:n ulkopuolelta tuleva tavara on tulliselvitett\u00e4v\u00e4 ja siit\u00e4 on maksettava tullien lis\u00e4ksi arvonlis\u00e4vero. T\u00e4ll\u00e4 kertaa l\u00e4hetys j\u00e4i j\u00e4lkiselvitett\u00e4v\u00e4ksi, t\u00e4m\u00e4 tarina ei kuitenkaan kerro, mit\u00e4 siin\u00e4 k\u00e4vi ja k\u00e4vik\u00f6 mit\u00e4\u00e4n.<\/p>\n<div id=\"attachment_2117\" style=\"width: 310px\" class=\"wp-caption alignright\"><a href=\"http:\/\/www.remonen.fi\/WP\/wp-content\/uploads\/2013\/01\/Koolertron-2.jpg\"><img loading=\"lazy\" decoding=\"async\" aria-describedby=\"caption-attachment-2117\" class=\"size-medium wp-image-2117\" alt=\"Koolertron-2\" src=\"http:\/\/www.remonen.fi\/WP\/wp-content\/uploads\/2013\/01\/Koolertron-2-300x199.jpg\" width=\"300\" height=\"199\" \/><\/a><p id=\"caption-attachment-2117\" class=\"wp-caption-text\">Kassi ja Jaakko-Taneli. Kuin kaksi marjaa.<\/p><\/div>\n<p>No, laukku on varsin p\u00e4he\u00e4n n\u00e4k\u00f6inen ja laadukkaan tuntuinen. Toki lopullinen testi tulee kes\u00e4kuun alussa kun l\u00e4hdet\u00e4\u00e4n Nykiin, mutta nopealla vilkaisulla voin sanoa olevani tyytyv\u00e4inen hankintaan. Kassissa on melko paljon taskuja, mm. l\u00e4p\u00e4ss\u00e4 on kaksi taskua, takana yksi, sis\u00e4ll\u00e4 yksi, kaikki n\u00e4m\u00e4 vetoketjullisia,\u00a0sek\u00e4 sis\u00e4ll\u00e4 my\u00f6s pari avointa taskua vaikka muistikorteille. Laukku on sis\u00e4lt\u00e4 vuorattu kokonaisuudessaan nailonkankaalla ja pehmustettu insertti on poistettavissa, eli laukkua voi k\u00e4ytt\u00e4\u00e4 muuhunkin tai insertin siirt\u00e4\u00e4 toiseen laukkuun. Insertiss\u00e4 tulee mukana my\u00f6s irroitettava kansi, jolloin kaljat saa kylm\u00e4n\u00e4 pidemm\u00e4nkin matkan p\u00e4\u00e4h\u00e4n. Tai filmit. Mit\u00e4 nyt sitten mukana onkaan.<\/p>\n<div id=\"attachment_2118\" style=\"width: 310px\" class=\"wp-caption alignleft\"><a href=\"http:\/\/www.remonen.fi\/WP\/wp-content\/uploads\/2013\/01\/Koolertron-3.jpg\"><img loading=\"lazy\" decoding=\"async\" aria-describedby=\"caption-attachment-2118\" class=\"size-medium wp-image-2118 \" alt=\"Koolertron-3\" src=\"http:\/\/www.remonen.fi\/WP\/wp-content\/uploads\/2013\/01\/Koolertron-3-300x199.jpg\" width=\"300\" height=\"199\" \/><\/a><p id=\"caption-attachment-2118\" class=\"wp-caption-text\">Insertti voi olla my\u00f6s outsertti<\/p><\/div>\n<div id=\"attachment_2119\" style=\"width: 310px\" class=\"wp-caption alignright\"><a href=\"http:\/\/www.remonen.fi\/WP\/wp-content\/uploads\/2013\/01\/Koolertron-4.jpg\"><img loading=\"lazy\" decoding=\"async\" aria-describedby=\"caption-attachment-2119\" class=\"size-medium wp-image-2119\" alt=\"Koolertron-4\" src=\"http:\/\/www.remonen.fi\/WP\/wp-content\/uploads\/2013\/01\/Koolertron-4-300x193.jpg\" width=\"300\" height=\"193\" srcset=\"https:\/\/www.remonen.fi\/WP\/wp-content\/uploads\/2013\/01\/Koolertron-4-300x193.jpg 300w, https:\/\/www.remonen.fi\/WP\/wp-content\/uploads\/2013\/01\/Koolertron-4-680x438.jpg 680w, https:\/\/www.remonen.fi\/WP\/wp-content\/uploads\/2013\/01\/Koolertron-4-768x494.jpg 768w, https:\/\/www.remonen.fi\/WP\/wp-content\/uploads\/2013\/01\/Koolertron-4-440x283.jpg 440w, https:\/\/www.remonen.fi\/WP\/wp-content\/uploads\/2013\/01\/Koolertron-4-640x412.jpg 640w, https:\/\/www.remonen.fi\/WP\/wp-content\/uploads\/2013\/01\/Koolertron-4.jpg 800w\" sizes=\"(max-width: 300px) 100vw, 300px\" \/><\/a><p id=\"caption-attachment-2119\" class=\"wp-caption-text\">Ja katso: outsertin saa kiinni! Awesome!<\/p><\/div>\n<p>&nbsp;<\/p>\n<p>&nbsp;<\/p>\n<p>&nbsp;<\/p>\n<p>&nbsp;<\/p>\n<p>&nbsp;<\/p>\n<div id=\"attachment_2120\" style=\"width: 220px\" class=\"wp-caption alignright\"><a href=\"http:\/\/www.remonen.fi\/WP\/wp-content\/uploads\/2013\/01\/Koolertron-5.jpg\"><img loading=\"lazy\" decoding=\"async\" aria-describedby=\"caption-attachment-2120\" class=\" wp-image-2120\" alt=\"Koolertron-5\" src=\"http:\/\/www.remonen.fi\/WP\/wp-content\/uploads\/2013\/01\/Koolertron-5-263x300.jpg\" width=\"210\" height=\"240\" srcset=\"https:\/\/www.remonen.fi\/WP\/wp-content\/uploads\/2013\/01\/Koolertron-5-263x300.jpg 263w, https:\/\/www.remonen.fi\/WP\/wp-content\/uploads\/2013\/01\/Koolertron-5-597x680.jpg 597w, https:\/\/www.remonen.fi\/WP\/wp-content\/uploads\/2013\/01\/Koolertron-5-440x501.jpg 440w, https:\/\/www.remonen.fi\/WP\/wp-content\/uploads\/2013\/01\/Koolertron-5-640x729.jpg 640w, https:\/\/www.remonen.fi\/WP\/wp-content\/uploads\/2013\/01\/Koolertron-5.jpg 702w\" sizes=\"(max-width: 210px) 100vw, 210px\" \/><\/a><p id=\"caption-attachment-2120\" class=\"wp-caption-text\">Tasku ja nepparit. Awesome! Cool shot.<\/p><\/div>\n<p style=\"text-align: left;\">Kassi vet\u00e4\u00e4 tavaraa juuri sen verran kuin mihin k\u00e4ytt\u00f6\u00f6n olin sen ajatellutkin: siin\u00e4 kulkee mukavasti D800E:n runko ja MB-D12 -kahva (irroitettuna tosin) sek\u00e4 muutamat primet (<a title=\"D800E ja primet\" href=\"http:\/\/www.remonen.fi\/WP\/wp-content\/uploads\/2013\/01\/Koolertron-6.jpg\" target=\"_blank\">kts. artikkelikuva<\/a>). Tai sitten vaihtoehtoisesti, jos ja kun kamera on k\u00e4yt\u00f6ss\u00e4 ja kaulassa, laukkuun menee esimerkiksi <a title=\"Nikon Holy Trinity\" href=\"http:\/\/www.flickriver.com\/photos\/dennisbouman\/3026206184\/\" target=\"_blank\">Nikonin holy-trinity<\/a> ilman suurempaa tunkemista. Ja eik\u00e4 t\u00e4ss\u00e4 viel\u00e4 kaikki: pannaan lis\u00e4ksi iPad 3 insertin ja laukun sein\u00e4n v\u00e4liin. Samoin tuo vet\u00e4nee helposti pari prime\u00e4 tai pienemp\u00e4\u00e4 tsuumia + salamin. Jos semmoista ruukaa harrastaa. P\u00e4\u00e4dyiss\u00e4 on verkkotaskut, joihin saa esimerkiksi vesipullot, joita uskaltaa t\u00e4ss\u00e4 turvallisin mielin kuskata kun sis\u00e4puolella on vuorikangas ja erillinen insertti. Kassin l\u00e4p\u00e4n kiinnitys on k\u00e4tev\u00e4sti neppareilla, vaikka tyhmempi luulisi tuossa olevan retrotyyliin hihnat. Kaikkea ne hipsterit keksii.<\/p>\n<div id=\"attachment_2126\" style=\"width: 310px\" class=\"wp-caption aligncenter\"><a href=\"http:\/\/www.remonen.fi\/WP\/wp-content\/uploads\/2013\/01\/Koolertron-2-2.jpg\"><img loading=\"lazy\" decoding=\"async\" aria-describedby=\"caption-attachment-2126\" class=\"size-medium wp-image-2126 \" alt=\"Koolertron-2-2\" src=\"http:\/\/www.remonen.fi\/WP\/wp-content\/uploads\/2013\/01\/Koolertron-2-2-300x174.jpg\" width=\"300\" height=\"174\" srcset=\"https:\/\/www.remonen.fi\/WP\/wp-content\/uploads\/2013\/01\/Koolertron-2-2-300x174.jpg 300w, https:\/\/www.remonen.fi\/WP\/wp-content\/uploads\/2013\/01\/Koolertron-2-2-680x395.jpg 680w, https:\/\/www.remonen.fi\/WP\/wp-content\/uploads\/2013\/01\/Koolertron-2-2-768x446.jpg 768w, https:\/\/www.remonen.fi\/WP\/wp-content\/uploads\/2013\/01\/Koolertron-2-2-440x256.jpg 440w, https:\/\/www.remonen.fi\/WP\/wp-content\/uploads\/2013\/01\/Koolertron-2-2-640x372.jpg 640w, https:\/\/www.remonen.fi\/WP\/wp-content\/uploads\/2013\/01\/Koolertron-2-2.jpg 800w\" sizes=\"(max-width: 300px) 100vw, 300px\" \/><\/a><p id=\"caption-attachment-2126\" class=\"wp-caption-text\">Holy Trinity. Ja kuka sielt\u00e4 taskusta kurkkii&#8230;<\/p><\/div>\n<p>&nbsp;<\/p>\n<h2>Loppuyhteenveto<\/h2>\n<p>No, t\u00e4m\u00e4 ei taida olla loppuyhteenveto, enemm\u00e4n sellainen v\u00e4litilinp\u00e4\u00e4t\u00f6s, mutta &#8221;Your Honor, Jury has reached the Verdict&#8221;: [rating=5]<\/p>\n","protected":false},"excerpt":{"rendered":"<p>Olen ollut aina, tai ainakin melko pitk\u00e4\u00e4n, sit\u00e4 mielt\u00e4, ett\u00e4 olkalaukkumuotoinen kameralaukku on a) turha ja b) tarpeeton. Mainitsinko my\u00f6s typer\u00e4n n\u00e4k\u00f6isen ja ep\u00e4k\u00e4yt\u00e4nn\u00f6llisen? Siksip\u00e4 minulla on kameratarvikkeisen kuljettamista varten kolme eri reppua (joista kaksi toimittaa laitevaraston virkaa ja yksi, Condor 3-day pack on The Reppu, hankittu Kenian safaria varten), yksi yhden hihnan reppu sek\u00e4 [&hellip;]<\/p>\n","protected":false},"author":2,"featured_media":2127,"comment_status":"open","ping_status":"closed","sticky":false,"template":"","format":"standard","meta":{"footnotes":""},"categories":[16],"tags":[162,52,51],"yoast_head":"<!-- This site is optimized with the Yoast SEO plugin v24.5 - https:\/\/yoast.com\/wordpress\/plugins\/seo\/ -->\n<title>Vain yksi laukku liikaa - gREat MOments NEver forgotteN<\/title>\n<meta name=\"description\" content=\"Olen ollut aina, tai ainakin melko pitk\u00e4\u00e4n, sit\u00e4 mielt\u00e4, ett\u00e4 olkalaukkumuotoinen kameralaukku on a) turha ja b) tarpeeton. Mainitsinko my\u00f6s typer\u00e4n ...\" \/>\n<meta name=\"robots\" content=\"index, follow, max-snippet:-1, max-image-preview:large, max-video-preview:-1\" \/>\n<link rel=\"canonical\" href=\"https:\/\/www.remonen.fi\/WP\/blogi\/vain-yksi-laukku-liikaa\/\" \/>\n<meta property=\"og:locale\" content=\"fi_FI\" \/>\n<meta property=\"og:type\" content=\"article\" \/>\n<meta property=\"og:title\" content=\"Vain yksi laukku liikaa - gREat MOments NEver forgotteN\" \/>\n<meta property=\"og:description\" content=\"Olen ollut aina, tai ainakin melko pitk\u00e4\u00e4n, sit\u00e4 mielt\u00e4, ett\u00e4 olkalaukkumuotoinen kameralaukku on a) turha ja b) tarpeeton. Mainitsinko my\u00f6s typer\u00e4n ...\" \/>\n<meta property=\"og:url\" content=\"https:\/\/www.remonen.fi\/WP\/blogi\/vain-yksi-laukku-liikaa\/\" \/>\n<meta property=\"og:site_name\" content=\"remonen.fi\" \/>\n<meta property=\"article:published_time\" content=\"2013-01-15T17:35:13+00:00\" \/>\n<meta property=\"article:modified_time\" content=\"2014-02-14T06:30:16+00:00\" \/>\n<meta property=\"og:image\" content=\"https:\/\/www.remonen.fi\/WP\/wp-content\/uploads\/2013\/01\/Koolertron-6.jpg\" \/>\n\t<meta property=\"og:image:width\" content=\"800\" \/>\n\t<meta property=\"og:image:height\" content=\"388\" \/>\n\t<meta property=\"og:image:type\" content=\"image\/jpeg\" \/>\n<meta name=\"author\" content=\"Matti Remonen\" \/>\n<meta name=\"twitter:label1\" content=\"Kirjoittanut\" \/>\n\t<meta name=\"twitter:data1\" content=\"Matti Remonen\" \/>\n\t<meta name=\"twitter:label2\" content=\"Arvioitu lukuaika\" \/>\n\t<meta name=\"twitter:data2\" content=\"4 minuuttia\" \/>\n<script type=\"application\/ld+json\" class=\"yoast-schema-graph\">{\"@context\":\"https:\/\/schema.org\",\"@graph\":[{\"@type\":\"Article\",\"@id\":\"https:\/\/www.remonen.fi\/WP\/blogi\/vain-yksi-laukku-liikaa\/#article\",\"isPartOf\":{\"@id\":\"https:\/\/www.remonen.fi\/WP\/blogi\/vain-yksi-laukku-liikaa\/\"},\"author\":{\"name\":\"Matti Remonen\",\"@id\":\"https:\/\/www.remonen.fi\/WP\/#\/schema\/person\/1803c23d1d4f6722054eb2ac7f7a97cd\"},\"headline\":\"Vain yksi laukku liikaa&#8230;\",\"datePublished\":\"2013-01-15T17:35:13+00:00\",\"dateModified\":\"2014-02-14T06:30:16+00:00\",\"mainEntityOfPage\":{\"@id\":\"https:\/\/www.remonen.fi\/WP\/blogi\/vain-yksi-laukku-liikaa\/\"},\"wordCount\":812,\"commentCount\":3,\"publisher\":{\"@id\":\"https:\/\/www.remonen.fi\/WP\/#\/schema\/person\/1803c23d1d4f6722054eb2ac7f7a97cd\"},\"image\":{\"@id\":\"https:\/\/www.remonen.fi\/WP\/blogi\/vain-yksi-laukku-liikaa\/#primaryimage\"},\"thumbnailUrl\":\"https:\/\/www.remonen.fi\/WP\/wp-content\/uploads\/2013\/01\/Koolertron-6.jpg\",\"keywords\":[\"Jack Daniels\",\"kameralaukku\",\"Koolertron\"],\"articleSection\":[\"Blog\"],\"inLanguage\":\"fi\",\"potentialAction\":[{\"@type\":\"CommentAction\",\"name\":\"Comment\",\"target\":[\"https:\/\/www.remonen.fi\/WP\/blogi\/vain-yksi-laukku-liikaa\/#respond\"]}]},{\"@type\":\"WebPage\",\"@id\":\"https:\/\/www.remonen.fi\/WP\/blogi\/vain-yksi-laukku-liikaa\/\",\"url\":\"https:\/\/www.remonen.fi\/WP\/blogi\/vain-yksi-laukku-liikaa\/\",\"name\":\"Vain yksi laukku liikaa - gREat MOments NEver forgotteN\",\"isPartOf\":{\"@id\":\"https:\/\/www.remonen.fi\/WP\/#website\"},\"primaryImageOfPage\":{\"@id\":\"https:\/\/www.remonen.fi\/WP\/blogi\/vain-yksi-laukku-liikaa\/#primaryimage\"},\"image\":{\"@id\":\"https:\/\/www.remonen.fi\/WP\/blogi\/vain-yksi-laukku-liikaa\/#primaryimage\"},\"thumbnailUrl\":\"https:\/\/www.remonen.fi\/WP\/wp-content\/uploads\/2013\/01\/Koolertron-6.jpg\",\"datePublished\":\"2013-01-15T17:35:13+00:00\",\"dateModified\":\"2014-02-14T06:30:16+00:00\",\"description\":\"Olen ollut aina, tai ainakin melko pitk\u00e4\u00e4n, sit\u00e4 mielt\u00e4, ett\u00e4 olkalaukkumuotoinen kameralaukku on a) turha ja b) tarpeeton. Mainitsinko my\u00f6s typer\u00e4n ...\",\"breadcrumb\":{\"@id\":\"https:\/\/www.remonen.fi\/WP\/blogi\/vain-yksi-laukku-liikaa\/#breadcrumb\"},\"inLanguage\":\"fi\",\"potentialAction\":[{\"@type\":\"ReadAction\",\"target\":[\"https:\/\/www.remonen.fi\/WP\/blogi\/vain-yksi-laukku-liikaa\/\"]}]},{\"@type\":\"ImageObject\",\"inLanguage\":\"fi\",\"@id\":\"https:\/\/www.remonen.fi\/WP\/blogi\/vain-yksi-laukku-liikaa\/#primaryimage\",\"url\":\"https:\/\/www.remonen.fi\/WP\/wp-content\/uploads\/2013\/01\/Koolertron-6.jpg\",\"contentUrl\":\"https:\/\/www.remonen.fi\/WP\/wp-content\/uploads\/2013\/01\/Koolertron-6.jpg\",\"width\":800,\"height\":388},{\"@type\":\"BreadcrumbList\",\"@id\":\"https:\/\/www.remonen.fi\/WP\/blogi\/vain-yksi-laukku-liikaa\/#breadcrumb\",\"itemListElement\":[{\"@type\":\"ListItem\",\"position\":1,\"name\":\"Etusivu\",\"item\":\"https:\/\/www.remonen.fi\/WP\/\"},{\"@type\":\"ListItem\",\"position\":2,\"name\":\"Vain yksi laukku liikaa&#8230;\"}]},{\"@type\":\"WebSite\",\"@id\":\"https:\/\/www.remonen.fi\/WP\/#website\",\"url\":\"https:\/\/www.remonen.fi\/WP\/\",\"name\":\"remonen.fi\",\"description\":\"Valokuvia ja tarinaa laidasta laitaan\",\"publisher\":{\"@id\":\"https:\/\/www.remonen.fi\/WP\/#\/schema\/person\/1803c23d1d4f6722054eb2ac7f7a97cd\"},\"potentialAction\":[{\"@type\":\"SearchAction\",\"target\":{\"@type\":\"EntryPoint\",\"urlTemplate\":\"https:\/\/www.remonen.fi\/WP\/?s={search_term_string}\"},\"query-input\":{\"@type\":\"PropertyValueSpecification\",\"valueRequired\":true,\"valueName\":\"search_term_string\"}}],\"inLanguage\":\"fi\"},{\"@type\":[\"Person\",\"Organization\"],\"@id\":\"https:\/\/www.remonen.fi\/WP\/#\/schema\/person\/1803c23d1d4f6722054eb2ac7f7a97cd\",\"name\":\"Matti Remonen\",\"logo\":{\"@id\":\"https:\/\/www.remonen.fi\/WP\/#\/schema\/person\/image\/\"},\"url\":\"https:\/\/www.remonen.fi\/WP\/blogi\/author\/mre\/\"}]}<\/script>\n<!-- \/ Yoast SEO plugin. -->","yoast_head_json":{"title":"Vain yksi laukku liikaa - gREat MOments NEver forgotteN","description":"Olen ollut aina, tai ainakin melko pitk\u00e4\u00e4n, sit\u00e4 mielt\u00e4, ett\u00e4 olkalaukkumuotoinen kameralaukku on a) turha ja b) tarpeeton. Mainitsinko my\u00f6s typer\u00e4n ...","robots":{"index":"index","follow":"follow","max-snippet":"max-snippet:-1","max-image-preview":"max-image-preview:large","max-video-preview":"max-video-preview:-1"},"canonical":"https:\/\/www.remonen.fi\/WP\/blogi\/vain-yksi-laukku-liikaa\/","og_locale":"fi_FI","og_type":"article","og_title":"Vain yksi laukku liikaa - gREat MOments NEver forgotteN","og_description":"Olen ollut aina, tai ainakin melko pitk\u00e4\u00e4n, sit\u00e4 mielt\u00e4, ett\u00e4 olkalaukkumuotoinen kameralaukku on a) turha ja b) tarpeeton. Mainitsinko my\u00f6s typer\u00e4n ...","og_url":"https:\/\/www.remonen.fi\/WP\/blogi\/vain-yksi-laukku-liikaa\/","og_site_name":"remonen.fi","article_published_time":"2013-01-15T17:35:13+00:00","article_modified_time":"2014-02-14T06:30:16+00:00","og_image":[{"width":800,"height":388,"url":"https:\/\/www.remonen.fi\/WP\/wp-content\/uploads\/2013\/01\/Koolertron-6.jpg","type":"image\/jpeg"}],"author":"Matti Remonen","twitter_misc":{"Kirjoittanut":"Matti Remonen","Arvioitu lukuaika":"4 minuuttia"},"schema":{"@context":"https:\/\/schema.org","@graph":[{"@type":"Article","@id":"https:\/\/www.remonen.fi\/WP\/blogi\/vain-yksi-laukku-liikaa\/#article","isPartOf":{"@id":"https:\/\/www.remonen.fi\/WP\/blogi\/vain-yksi-laukku-liikaa\/"},"author":{"name":"Matti Remonen","@id":"https:\/\/www.remonen.fi\/WP\/#\/schema\/person\/1803c23d1d4f6722054eb2ac7f7a97cd"},"headline":"Vain yksi laukku liikaa&#8230;","datePublished":"2013-01-15T17:35:13+00:00","dateModified":"2014-02-14T06:30:16+00:00","mainEntityOfPage":{"@id":"https:\/\/www.remonen.fi\/WP\/blogi\/vain-yksi-laukku-liikaa\/"},"wordCount":812,"commentCount":3,"publisher":{"@id":"https:\/\/www.remonen.fi\/WP\/#\/schema\/person\/1803c23d1d4f6722054eb2ac7f7a97cd"},"image":{"@id":"https:\/\/www.remonen.fi\/WP\/blogi\/vain-yksi-laukku-liikaa\/#primaryimage"},"thumbnailUrl":"https:\/\/www.remonen.fi\/WP\/wp-content\/uploads\/2013\/01\/Koolertron-6.jpg","keywords":["Jack Daniels","kameralaukku","Koolertron"],"articleSection":["Blog"],"inLanguage":"fi","potentialAction":[{"@type":"CommentAction","name":"Comment","target":["https:\/\/www.remonen.fi\/WP\/blogi\/vain-yksi-laukku-liikaa\/#respond"]}]},{"@type":"WebPage","@id":"https:\/\/www.remonen.fi\/WP\/blogi\/vain-yksi-laukku-liikaa\/","url":"https:\/\/www.remonen.fi\/WP\/blogi\/vain-yksi-laukku-liikaa\/","name":"Vain yksi laukku liikaa - gREat MOments NEver forgotteN","isPartOf":{"@id":"https:\/\/www.remonen.fi\/WP\/#website"},"primaryImageOfPage":{"@id":"https:\/\/www.remonen.fi\/WP\/blogi\/vain-yksi-laukku-liikaa\/#primaryimage"},"image":{"@id":"https:\/\/www.remonen.fi\/WP\/blogi\/vain-yksi-laukku-liikaa\/#primaryimage"},"thumbnailUrl":"https:\/\/www.remonen.fi\/WP\/wp-content\/uploads\/2013\/01\/Koolertron-6.jpg","datePublished":"2013-01-15T17:35:13+00:00","dateModified":"2014-02-14T06:30:16+00:00","description":"Olen ollut aina, tai ainakin melko pitk\u00e4\u00e4n, sit\u00e4 mielt\u00e4, ett\u00e4 olkalaukkumuotoinen kameralaukku on a) turha ja b) tarpeeton. Mainitsinko my\u00f6s typer\u00e4n ...","breadcrumb":{"@id":"https:\/\/www.remonen.fi\/WP\/blogi\/vain-yksi-laukku-liikaa\/#breadcrumb"},"inLanguage":"fi","potentialAction":[{"@type":"ReadAction","target":["https:\/\/www.remonen.fi\/WP\/blogi\/vain-yksi-laukku-liikaa\/"]}]},{"@type":"ImageObject","inLanguage":"fi","@id":"https:\/\/www.remonen.fi\/WP\/blogi\/vain-yksi-laukku-liikaa\/#primaryimage","url":"https:\/\/www.remonen.fi\/WP\/wp-content\/uploads\/2013\/01\/Koolertron-6.jpg","contentUrl":"https:\/\/www.remonen.fi\/WP\/wp-content\/uploads\/2013\/01\/Koolertron-6.jpg","width":800,"height":388},{"@type":"BreadcrumbList","@id":"https:\/\/www.remonen.fi\/WP\/blogi\/vain-yksi-laukku-liikaa\/#breadcrumb","itemListElement":[{"@type":"ListItem","position":1,"name":"Etusivu","item":"https:\/\/www.remonen.fi\/WP\/"},{"@type":"ListItem","position":2,"name":"Vain yksi laukku liikaa&#8230;"}]},{"@type":"WebSite","@id":"https:\/\/www.remonen.fi\/WP\/#website","url":"https:\/\/www.remonen.fi\/WP\/","name":"remonen.fi","description":"Valokuvia ja tarinaa laidasta laitaan","publisher":{"@id":"https:\/\/www.remonen.fi\/WP\/#\/schema\/person\/1803c23d1d4f6722054eb2ac7f7a97cd"},"potentialAction":[{"@type":"SearchAction","target":{"@type":"EntryPoint","urlTemplate":"https:\/\/www.remonen.fi\/WP\/?s={search_term_string}"},"query-input":{"@type":"PropertyValueSpecification","valueRequired":true,"valueName":"search_term_string"}}],"inLanguage":"fi"},{"@type":["Person","Organization"],"@id":"https:\/\/www.remonen.fi\/WP\/#\/schema\/person\/1803c23d1d4f6722054eb2ac7f7a97cd","name":"Matti Remonen","logo":{"@id":"https:\/\/www.remonen.fi\/WP\/#\/schema\/person\/image\/"},"url":"https:\/\/www.remonen.fi\/WP\/blogi\/author\/mre\/"}]}},"_links":{"self":[{"href":"https:\/\/www.remonen.fi\/WP\/wp-json\/wp\/v2\/posts\/2114"}],"collection":[{"href":"https:\/\/www.remonen.fi\/WP\/wp-json\/wp\/v2\/posts"}],"about":[{"href":"https:\/\/www.remonen.fi\/WP\/wp-json\/wp\/v2\/types\/post"}],"author":[{"embeddable":true,"href":"https:\/\/www.remonen.fi\/WP\/wp-json\/wp\/v2\/users\/2"}],"replies":[{"embeddable":true,"href":"https:\/\/www.remonen.fi\/WP\/wp-json\/wp\/v2\/comments?post=2114"}],"version-history":[{"count":0,"href":"https:\/\/www.remonen.fi\/WP\/wp-json\/wp\/v2\/posts\/2114\/revisions"}],"wp:featuredmedia":[{"embeddable":true,"href":"https:\/\/www.remonen.fi\/WP\/wp-json\/wp\/v2\/media\/2127"}],"wp:attachment":[{"href":"https:\/\/www.remonen.fi\/WP\/wp-json\/wp\/v2\/media?parent=2114"}],"wp:term":[{"taxonomy":"category","embeddable":true,"href":"https:\/\/www.remonen.fi\/WP\/wp-json\/wp\/v2\/categories?post=2114"},{"taxonomy":"post_tag","embeddable":true,"href":"https:\/\/www.remonen.fi\/WP\/wp-json\/wp\/v2\/tags?post=2114"}],"curies":[{"name":"wp","href":"https:\/\/api.w.org\/{rel}","templated":true}]}}