{"id":2324,"date":"2013-03-17T13:11:12","date_gmt":"2013-03-17T11:11:12","guid":{"rendered":"http:\/\/www.remonen.fi\/?p=2324"},"modified":"2013-08-28T14:22:36","modified_gmt":"2013-08-28T11:22:36","slug":"porvoon-mitalla","status":"publish","type":"post","link":"https:\/\/www.remonen.fi\/WP\/blogi\/porvoon-mitalla\/","title":{"rendered":"Porvoon mitalla"},"content":{"rendered":"<div id=\"attachment_2327\" style=\"width: 210px\" class=\"wp-caption alignright\"><a href=\"http:\/\/www.remonen.fi\/WP\/wp-content\/uploads\/2013\/03\/Porvoo-13-3.jpg\"><img loading=\"lazy\" decoding=\"async\" aria-describedby=\"caption-attachment-2327\" class=\"size-medium wp-image-2327\" alt=\"Porvoo-13-3\" src=\"http:\/\/www.remonen.fi\/WP\/wp-content\/uploads\/2013\/03\/Porvoo-13-3-200x300.jpg\" width=\"200\" height=\"300\" srcset=\"https:\/\/www.remonen.fi\/WP\/wp-content\/uploads\/2013\/03\/Porvoo-13-3-200x300.jpg 200w, https:\/\/www.remonen.fi\/WP\/wp-content\/uploads\/2013\/03\/Porvoo-13-3-454x680.jpg 454w, https:\/\/www.remonen.fi\/WP\/wp-content\/uploads\/2013\/03\/Porvoo-13-3-440x659.jpg 440w, https:\/\/www.remonen.fi\/WP\/wp-content\/uploads\/2013\/03\/Porvoo-13-3.jpg 534w\" sizes=\"(max-width: 200px) 100vw, 200px\" \/><\/a><p id=\"caption-attachment-2327\" class=\"wp-caption-text\">Porvoon vanha kirkko<\/p><\/div>\n<p>Kev\u00e4t on my\u00f6h\u00e4ss\u00e4, mutta aurinkoisia kelej\u00e4 on piisannut. Viikonloppuisin pukkaa huono omatunto, jos n\u00e4it\u00e4 valon hetki\u00e4 tule hy\u00f6dynnetty\u00e4. Ongelmaksi tulee se, ett\u00e4 mihin sit\u00e4 menisi. <a title=\"Kev\u00e4tt\u00e4 rinnassa\u2026\" href=\"http:\/\/www.remonen.fi\/photoblog\/kevatta-rinnassa\/\" target=\"_blank\">Viime viikonloppunahan<\/a> k\u00e4vin Vanhankaupunginlahdella yksikseni yskiskellen, mutta t\u00e4ll\u00e4 kertaa parempi puolisko halusi l\u00e4hte\u00e4 mukaan ja suuntasimme Porvooseen. Itsell\u00e4 tietysti taka-ajatuksena paitsi valokuvaus, niin my\u00f6s Porvoon suklaakaupat.<\/p>\n<p>Auto j\u00e4tettiin toispuoljokkee (jos Porvoossa sellaista on, ehk\u00e4 se on den andra sidan) josta p\u00e4\u00e4seen n\u00e4pp\u00e4r\u00e4sti vanhan sillan kautta suoraan vanhaan kaupunkiin. Heti sillalta aukeaa mukavat n\u00e4kym\u00e4t paitsi rantamakasiineihin, niin my\u00f6s kirkonm\u00e4elle. N\u00e4kym\u00e4n voisi kuvitella olleen jo sata vuotta sitten melkoisen samanlainen. Ehk\u00e4 TV- ja satelliittiantenneja lukuunottamatta.<\/p>\n<div id=\"attachment_2344\" style=\"width: 310px\" class=\"wp-caption alignnone\"><a href=\"http:\/\/www.remonen.fi\/WP\/wp-content\/uploads\/2013\/03\/Porvoo-13-11.jpg\"><img loading=\"lazy\" decoding=\"async\" aria-describedby=\"caption-attachment-2344\" class=\"size-medium wp-image-2344\" alt=\"Porvoo-13-11\" src=\"http:\/\/www.remonen.fi\/WP\/wp-content\/uploads\/2013\/03\/Porvoo-13-11-300x200.jpg\" width=\"300\" height=\"200\" srcset=\"https:\/\/www.remonen.fi\/WP\/wp-content\/uploads\/2013\/03\/Porvoo-13-11-300x200.jpg 300w, https:\/\/www.remonen.fi\/WP\/wp-content\/uploads\/2013\/03\/Porvoo-13-11-680x454.jpg 680w, https:\/\/www.remonen.fi\/WP\/wp-content\/uploads\/2013\/03\/Porvoo-13-11-768x513.jpg 768w, https:\/\/www.remonen.fi\/WP\/wp-content\/uploads\/2013\/03\/Porvoo-13-11-440x294.jpg 440w, https:\/\/www.remonen.fi\/WP\/wp-content\/uploads\/2013\/03\/Porvoo-13-11-640x427.jpg 640w, https:\/\/www.remonen.fi\/WP\/wp-content\/uploads\/2013\/03\/Porvoo-13-11.jpg 800w\" sizes=\"(max-width: 300px) 100vw, 300px\" \/><\/a><p id=\"caption-attachment-2344\" class=\"wp-caption-text\">N\u00e4kym\u00e4 Kirkonm\u00e4elle<\/p><\/div>\n<div id=\"attachment_2326\" style=\"width: 310px\" class=\"wp-caption alignnone\"><a href=\"http:\/\/www.remonen.fi\/WP\/wp-content\/uploads\/2013\/03\/Porvoo-13-2.jpg\"><img loading=\"lazy\" decoding=\"async\" aria-describedby=\"caption-attachment-2326\" class=\"size-medium wp-image-2326\" alt=\"Porvoo-13-2\" src=\"http:\/\/www.remonen.fi\/WP\/wp-content\/uploads\/2013\/03\/Porvoo-13-2-300x235.jpg\" width=\"300\" height=\"235\" \/><\/a><p id=\"caption-attachment-2326\" class=\"wp-caption-text\">Vintage-mainos<\/p><\/div>\n<p>Kiersimme kirkon ymp\u00e4ri ja poikkesimme v\u00e4lill\u00e4 Pieness\u00e4 Suklaapuodissa, tai no, <a title=\"Pieni Suklaatehdas\" href=\"http:\/\/www.suklaatehdas.com\/\" target=\"_blank\">Pienen Suklaatehtaan<\/a> puodissa. Oli miten oli, suklaata ostettiin. El\u00e4m\u00e4 ilman suklaata on kuin&#8230; el\u00e4m\u00e4 ilman suklaata. N\u00e4in se on.<\/p>\n<p><a href=\"http:\/\/www.remonen.fi\/WP\/wp-content\/uploads\/2013\/03\/Porvoo-13-4.jpg\"><img loading=\"lazy\" decoding=\"async\" class=\"size-medium wp-image-2328 alignnone\" alt=\"Porvoo-13-4\" src=\"http:\/\/www.remonen.fi\/WP\/wp-content\/uploads\/2013\/03\/Porvoo-13-4-300x200.jpg\" width=\"300\" height=\"200\" srcset=\"https:\/\/www.remonen.fi\/WP\/wp-content\/uploads\/2013\/03\/Porvoo-13-4-300x200.jpg 300w, https:\/\/www.remonen.fi\/WP\/wp-content\/uploads\/2013\/03\/Porvoo-13-4-680x454.jpg 680w, https:\/\/www.remonen.fi\/WP\/wp-content\/uploads\/2013\/03\/Porvoo-13-4-768x513.jpg 768w, https:\/\/www.remonen.fi\/WP\/wp-content\/uploads\/2013\/03\/Porvoo-13-4-440x294.jpg 440w, https:\/\/www.remonen.fi\/WP\/wp-content\/uploads\/2013\/03\/Porvoo-13-4-640x427.jpg 640w, https:\/\/www.remonen.fi\/WP\/wp-content\/uploads\/2013\/03\/Porvoo-13-4.jpg 800w\" sizes=\"(max-width: 300px) 100vw, 300px\" \/><\/a><a href=\"http:\/\/www.remonen.fi\/WP\/wp-content\/uploads\/2013\/03\/Porvoo-13.jpg\"><img loading=\"lazy\" decoding=\"async\" class=\"size-medium wp-image-2325 alignnone\" alt=\"Porvoo-13\" src=\"http:\/\/www.remonen.fi\/WP\/wp-content\/uploads\/2013\/03\/Porvoo-13-300x200.jpg\" width=\"300\" height=\"200\" srcset=\"https:\/\/www.remonen.fi\/WP\/wp-content\/uploads\/2013\/03\/Porvoo-13-300x200.jpg 300w, https:\/\/www.remonen.fi\/WP\/wp-content\/uploads\/2013\/03\/Porvoo-13-680x454.jpg 680w, https:\/\/www.remonen.fi\/WP\/wp-content\/uploads\/2013\/03\/Porvoo-13-768x513.jpg 768w, https:\/\/www.remonen.fi\/WP\/wp-content\/uploads\/2013\/03\/Porvoo-13-440x294.jpg 440w, https:\/\/www.remonen.fi\/WP\/wp-content\/uploads\/2013\/03\/Porvoo-13-640x427.jpg 640w, https:\/\/www.remonen.fi\/WP\/wp-content\/uploads\/2013\/03\/Porvoo-13.jpg 800w\" sizes=\"(max-width: 300px) 100vw, 300px\" \/><\/a><\/p>\n<div id=\"attachment_2330\" style=\"width: 310px\" class=\"wp-caption alignright\"><a href=\"http:\/\/www.remonen.fi\/WP\/wp-content\/uploads\/2013\/03\/Porvoo-13-6.jpg\"><img loading=\"lazy\" decoding=\"async\" aria-describedby=\"caption-attachment-2330\" class=\"size-medium wp-image-2330\" alt=\"Porvoo-13-6\" src=\"http:\/\/www.remonen.fi\/WP\/wp-content\/uploads\/2013\/03\/Porvoo-13-6-300x200.jpg\" width=\"300\" height=\"200\" srcset=\"https:\/\/www.remonen.fi\/WP\/wp-content\/uploads\/2013\/03\/Porvoo-13-6-300x200.jpg 300w, https:\/\/www.remonen.fi\/WP\/wp-content\/uploads\/2013\/03\/Porvoo-13-6-680x454.jpg 680w, https:\/\/www.remonen.fi\/WP\/wp-content\/uploads\/2013\/03\/Porvoo-13-6-768x513.jpg 768w, https:\/\/www.remonen.fi\/WP\/wp-content\/uploads\/2013\/03\/Porvoo-13-6-440x294.jpg 440w, https:\/\/www.remonen.fi\/WP\/wp-content\/uploads\/2013\/03\/Porvoo-13-6-640x427.jpg 640w, https:\/\/www.remonen.fi\/WP\/wp-content\/uploads\/2013\/03\/Porvoo-13-6.jpg 800w\" sizes=\"(max-width: 300px) 100vw, 300px\" \/><\/a><p id=\"caption-attachment-2330\" class=\"wp-caption-text\">Vanhaa kaupunkia<\/p><\/div>\n<p>Siit\u00e4 sitten laskeuduimme Vuorikatua pitkin kohti keskustaa. Urheasti ohitimme Brunbergin tehtaanmyym\u00e4l\u00e4n, on meill\u00e4 sen verran selk\u00e4rankaa, ettei ihan joka houkutukseen langeta. Ja sit\u00e4paitsi ei niit\u00e4 suklaakiloja kukaan jaksa raahata pitkin kyl\u00e4\u00e4. Onnellisena ensimm\u00e4isest\u00e4 ohitetusta ansasta jatkoimme joen rantaan ja j\u00e4\u00e4lle. Keli oli kyll\u00e4 \u00e4\u00e4rimm\u00e4isen hieno ja mieleen muistuivat lapsuuden viikonloput, kun l\u00e4hdettiin j\u00e4\u00e4lle hiiht\u00e4m\u00e4\u00e4n. Ja viel\u00e4 teinin\u00e4kin menimme usein Kotkassa Mansikkalahdesta Varissaareen aurinkoa ottamaan. Mutta kyll\u00e4 mun puolesta kev\u00e4t voisi jo pidemm\u00e4ll\u00e4kin olla, varsinkin jos kolmen viikon p\u00e4\u00e4st\u00e4 pit\u00e4isi noutaa uusi auto kes\u00e4renkailla&#8230;<\/p>\n<div id=\"attachment_2331\" style=\"width: 310px\" class=\"wp-caption alignleft\"><a href=\"http:\/\/www.remonen.fi\/WP\/wp-content\/uploads\/2013\/03\/Porvoo-13-7.jpg\"><img loading=\"lazy\" decoding=\"async\" aria-describedby=\"caption-attachment-2331\" class=\"size-medium wp-image-2331 \" alt=\"Porvoo-13-7\" src=\"http:\/\/www.remonen.fi\/WP\/wp-content\/uploads\/2013\/03\/Porvoo-13-7-300x200.jpg\" width=\"300\" height=\"200\" srcset=\"https:\/\/www.remonen.fi\/WP\/wp-content\/uploads\/2013\/03\/Porvoo-13-7-300x200.jpg 300w, https:\/\/www.remonen.fi\/WP\/wp-content\/uploads\/2013\/03\/Porvoo-13-7-680x454.jpg 680w, https:\/\/www.remonen.fi\/WP\/wp-content\/uploads\/2013\/03\/Porvoo-13-7-768x513.jpg 768w, https:\/\/www.remonen.fi\/WP\/wp-content\/uploads\/2013\/03\/Porvoo-13-7-440x294.jpg 440w, https:\/\/www.remonen.fi\/WP\/wp-content\/uploads\/2013\/03\/Porvoo-13-7-640x427.jpg 640w, https:\/\/www.remonen.fi\/WP\/wp-content\/uploads\/2013\/03\/Porvoo-13-7.jpg 800w\" sizes=\"(max-width: 300px) 100vw, 300px\" \/><\/a><p id=\"caption-attachment-2331\" class=\"wp-caption-text\">Valtiop\u00e4iv\u00e4triptyykki<\/p><\/div>\n<p>No, heitimme vastarannalla lenkin ja katsastimme sinne nousseen <a title=\"Valtiop\u00e4iv\u00e4triptyykki\" href=\"http:\/\/www.porvoo.fi\/fi\/porvoo-tietoa\/uutiset\/?a=viewItem&amp;itemid=565\" target=\"_blank\">Valtiop\u00e4iv\u00e4triptyykin<\/a>. Hieno taideteos hienolla paikalla. P\u00e4iv\u00e4n kulttuuripl\u00e4j\u00e4ys oli selv\u00e4stikin saavutettu, joten menimme j\u00e4\u00e4n yli takaisin ja yhden pys\u00e4hdyksen taktiikalla ostimme Brunbergilta pari kiloa suklaata ja lakua. Rantaa pitkin takaisin autolle ment\u00e4ess\u00e4 pyydystin viel\u00e4 parit kuvat, mutta muuten t\u00e4m\u00e4 ulkomaanmatka alkoi olla t\u00e4ss\u00e4.<\/p>\n<p>&nbsp;<\/p>\n<p>Kalustona oli D800E, Nikkor AF 50\/1.8D, Nikkor AF 85\/1.8D ja Fisheye-Nikkor AF 16\/2.8D<\/p>\n<p><a href=\"http:\/\/www.remonen.fi\/WP\/wp-content\/uploads\/2013\/03\/Porvoo-13-9.jpg\"><img loading=\"lazy\" decoding=\"async\" class=\"size-medium wp-image-2333 alignnone\" alt=\"Porvoo-13-9\" src=\"http:\/\/www.remonen.fi\/WP\/wp-content\/uploads\/2013\/03\/Porvoo-13-9-300x200.jpg\" width=\"300\" height=\"200\" srcset=\"https:\/\/www.remonen.fi\/WP\/wp-content\/uploads\/2013\/03\/Porvoo-13-9-300x200.jpg 300w, https:\/\/www.remonen.fi\/WP\/wp-content\/uploads\/2013\/03\/Porvoo-13-9-680x454.jpg 680w, https:\/\/www.remonen.fi\/WP\/wp-content\/uploads\/2013\/03\/Porvoo-13-9-768x513.jpg 768w, https:\/\/www.remonen.fi\/WP\/wp-content\/uploads\/2013\/03\/Porvoo-13-9-440x294.jpg 440w, https:\/\/www.remonen.fi\/WP\/wp-content\/uploads\/2013\/03\/Porvoo-13-9-640x427.jpg 640w, https:\/\/www.remonen.fi\/WP\/wp-content\/uploads\/2013\/03\/Porvoo-13-9.jpg 800w\" sizes=\"(max-width: 300px) 100vw, 300px\" \/><\/a><a href=\"http:\/\/www.remonen.fi\/WP\/wp-content\/uploads\/2013\/03\/Porvoo-13-5.jpg\"><img loading=\"lazy\" decoding=\"async\" class=\"size-medium wp-image-2329 alignnone\" alt=\"Porvoo-13-5\" src=\"http:\/\/www.remonen.fi\/WP\/wp-content\/uploads\/2013\/03\/Porvoo-13-5-300x200.jpg\" width=\"300\" height=\"200\" srcset=\"https:\/\/www.remonen.fi\/WP\/wp-content\/uploads\/2013\/03\/Porvoo-13-5-300x200.jpg 300w, https:\/\/www.remonen.fi\/WP\/wp-content\/uploads\/2013\/03\/Porvoo-13-5-680x454.jpg 680w, https:\/\/www.remonen.fi\/WP\/wp-content\/uploads\/2013\/03\/Porvoo-13-5-768x513.jpg 768w, https:\/\/www.remonen.fi\/WP\/wp-content\/uploads\/2013\/03\/Porvoo-13-5-440x294.jpg 440w, https:\/\/www.remonen.fi\/WP\/wp-content\/uploads\/2013\/03\/Porvoo-13-5-640x427.jpg 640w, https:\/\/www.remonen.fi\/WP\/wp-content\/uploads\/2013\/03\/Porvoo-13-5.jpg 800w\" sizes=\"(max-width: 300px) 100vw, 300px\" \/><\/a><\/p>\n<p>&nbsp;<\/p>\n","protected":false},"excerpt":{"rendered":"<p>Kev\u00e4t on my\u00f6h\u00e4ss\u00e4, mutta aurinkoisia kelej\u00e4 on piisannut. Viikonloppuisin pukkaa huono omatunto, jos n\u00e4it\u00e4 valon hetki\u00e4 tule hy\u00f6dynnetty\u00e4. Ongelmaksi tulee se, ett\u00e4 mihin sit\u00e4 menisi. Viime viikonloppunahan k\u00e4vin Vanhankaupunginlahdella yksikseni yskiskellen, mutta t\u00e4ll\u00e4 kertaa parempi puolisko halusi l\u00e4hte\u00e4 mukaan ja suuntasimme Porvooseen. Itsell\u00e4 tietysti taka-ajatuksena paitsi valokuvaus, niin my\u00f6s Porvoon suklaakaupat. Auto j\u00e4tettiin toispuoljokkee (jos [&hellip;]<\/p>\n","protected":false},"author":2,"featured_media":2334,"comment_status":"open","ping_status":"closed","sticky":false,"template":"","format":"standard","meta":{"footnotes":""},"categories":[16],"tags":[62],"yoast_head":"<!-- This site is optimized with the Yoast SEO plugin v24.5 - https:\/\/yoast.com\/wordpress\/plugins\/seo\/ -->\n<title>Porvoon mitalla - gREat MOments NEver forgotteN<\/title>\n<meta name=\"description\" content=\"Kev\u00e4tretki Porvooseen kameran kanssa\" \/>\n<meta name=\"robots\" content=\"index, follow, max-snippet:-1, max-image-preview:large, max-video-preview:-1\" \/>\n<link rel=\"canonical\" href=\"https:\/\/www.remonen.fi\/WP\/blogi\/porvoon-mitalla\/\" \/>\n<meta property=\"og:locale\" content=\"fi_FI\" \/>\n<meta property=\"og:type\" content=\"article\" \/>\n<meta property=\"og:title\" content=\"Porvoon mitalla - gREat MOments NEver forgotteN\" \/>\n<meta property=\"og:description\" content=\"Kev\u00e4tretki Porvooseen kameran kanssa\" \/>\n<meta property=\"og:url\" content=\"https:\/\/www.remonen.fi\/WP\/blogi\/porvoon-mitalla\/\" \/>\n<meta property=\"og:site_name\" content=\"remonen.fi\" \/>\n<meta property=\"article:published_time\" content=\"2013-03-17T11:11:12+00:00\" \/>\n<meta property=\"article:modified_time\" content=\"2013-08-28T11:22:36+00:00\" \/>\n<meta property=\"og:image\" content=\"https:\/\/www.remonen.fi\/WP\/wp-content\/uploads\/2013\/03\/Porvoo-13-10.jpg\" \/>\n\t<meta property=\"og:image:width\" content=\"800\" \/>\n\t<meta property=\"og:image:height\" content=\"403\" \/>\n\t<meta property=\"og:image:type\" content=\"image\/jpeg\" \/>\n<meta name=\"author\" content=\"Matti Remonen\" \/>\n<meta name=\"twitter:label1\" content=\"Kirjoittanut\" \/>\n\t<meta name=\"twitter:data1\" content=\"Matti Remonen\" \/>\n\t<meta name=\"twitter:label2\" content=\"Arvioitu lukuaika\" \/>\n\t<meta name=\"twitter:data2\" content=\"2 minuuttia\" \/>\n<script type=\"application\/ld+json\" class=\"yoast-schema-graph\">{\"@context\":\"https:\/\/schema.org\",\"@graph\":[{\"@type\":\"Article\",\"@id\":\"https:\/\/www.remonen.fi\/WP\/blogi\/porvoon-mitalla\/#article\",\"isPartOf\":{\"@id\":\"https:\/\/www.remonen.fi\/WP\/blogi\/porvoon-mitalla\/\"},\"author\":{\"name\":\"Matti Remonen\",\"@id\":\"https:\/\/www.remonen.fi\/WP\/#\/schema\/person\/1803c23d1d4f6722054eb2ac7f7a97cd\"},\"headline\":\"Porvoon mitalla\",\"datePublished\":\"2013-03-17T11:11:12+00:00\",\"dateModified\":\"2013-08-28T11:22:36+00:00\",\"mainEntityOfPage\":{\"@id\":\"https:\/\/www.remonen.fi\/WP\/blogi\/porvoon-mitalla\/\"},\"wordCount\":381,\"commentCount\":0,\"publisher\":{\"@id\":\"https:\/\/www.remonen.fi\/WP\/#\/schema\/person\/1803c23d1d4f6722054eb2ac7f7a97cd\"},\"image\":{\"@id\":\"https:\/\/www.remonen.fi\/WP\/blogi\/porvoon-mitalla\/#primaryimage\"},\"thumbnailUrl\":\"https:\/\/www.remonen.fi\/WP\/wp-content\/uploads\/2013\/03\/Porvoo-13-10.jpg\",\"keywords\":[\"Porvoo\"],\"articleSection\":[\"Blog\"],\"inLanguage\":\"fi\",\"potentialAction\":[{\"@type\":\"CommentAction\",\"name\":\"Comment\",\"target\":[\"https:\/\/www.remonen.fi\/WP\/blogi\/porvoon-mitalla\/#respond\"]}]},{\"@type\":\"WebPage\",\"@id\":\"https:\/\/www.remonen.fi\/WP\/blogi\/porvoon-mitalla\/\",\"url\":\"https:\/\/www.remonen.fi\/WP\/blogi\/porvoon-mitalla\/\",\"name\":\"Porvoon mitalla - gREat MOments NEver forgotteN\",\"isPartOf\":{\"@id\":\"https:\/\/www.remonen.fi\/WP\/#website\"},\"primaryImageOfPage\":{\"@id\":\"https:\/\/www.remonen.fi\/WP\/blogi\/porvoon-mitalla\/#primaryimage\"},\"image\":{\"@id\":\"https:\/\/www.remonen.fi\/WP\/blogi\/porvoon-mitalla\/#primaryimage\"},\"thumbnailUrl\":\"https:\/\/www.remonen.fi\/WP\/wp-content\/uploads\/2013\/03\/Porvoo-13-10.jpg\",\"datePublished\":\"2013-03-17T11:11:12+00:00\",\"dateModified\":\"2013-08-28T11:22:36+00:00\",\"description\":\"Kev\u00e4tretki Porvooseen kameran kanssa\",\"breadcrumb\":{\"@id\":\"https:\/\/www.remonen.fi\/WP\/blogi\/porvoon-mitalla\/#breadcrumb\"},\"inLanguage\":\"fi\",\"potentialAction\":[{\"@type\":\"ReadAction\",\"target\":[\"https:\/\/www.remonen.fi\/WP\/blogi\/porvoon-mitalla\/\"]}]},{\"@type\":\"ImageObject\",\"inLanguage\":\"fi\",\"@id\":\"https:\/\/www.remonen.fi\/WP\/blogi\/porvoon-mitalla\/#primaryimage\",\"url\":\"https:\/\/www.remonen.fi\/WP\/wp-content\/uploads\/2013\/03\/Porvoo-13-10.jpg\",\"contentUrl\":\"https:\/\/www.remonen.fi\/WP\/wp-content\/uploads\/2013\/03\/Porvoo-13-10.jpg\",\"width\":800,\"height\":403},{\"@type\":\"BreadcrumbList\",\"@id\":\"https:\/\/www.remonen.fi\/WP\/blogi\/porvoon-mitalla\/#breadcrumb\",\"itemListElement\":[{\"@type\":\"ListItem\",\"position\":1,\"name\":\"Etusivu\",\"item\":\"https:\/\/www.remonen.fi\/WP\/\"},{\"@type\":\"ListItem\",\"position\":2,\"name\":\"Porvoon mitalla\"}]},{\"@type\":\"WebSite\",\"@id\":\"https:\/\/www.remonen.fi\/WP\/#website\",\"url\":\"https:\/\/www.remonen.fi\/WP\/\",\"name\":\"remonen.fi\",\"description\":\"Valokuvia ja tarinaa laidasta laitaan\",\"publisher\":{\"@id\":\"https:\/\/www.remonen.fi\/WP\/#\/schema\/person\/1803c23d1d4f6722054eb2ac7f7a97cd\"},\"potentialAction\":[{\"@type\":\"SearchAction\",\"target\":{\"@type\":\"EntryPoint\",\"urlTemplate\":\"https:\/\/www.remonen.fi\/WP\/?s={search_term_string}\"},\"query-input\":{\"@type\":\"PropertyValueSpecification\",\"valueRequired\":true,\"valueName\":\"search_term_string\"}}],\"inLanguage\":\"fi\"},{\"@type\":[\"Person\",\"Organization\"],\"@id\":\"https:\/\/www.remonen.fi\/WP\/#\/schema\/person\/1803c23d1d4f6722054eb2ac7f7a97cd\",\"name\":\"Matti Remonen\",\"logo\":{\"@id\":\"https:\/\/www.remonen.fi\/WP\/#\/schema\/person\/image\/\"},\"url\":\"https:\/\/www.remonen.fi\/WP\/blogi\/author\/mre\/\"}]}<\/script>\n<!-- \/ Yoast SEO plugin. -->","yoast_head_json":{"title":"Porvoon mitalla - gREat MOments NEver forgotteN","description":"Kev\u00e4tretki Porvooseen kameran kanssa","robots":{"index":"index","follow":"follow","max-snippet":"max-snippet:-1","max-image-preview":"max-image-preview:large","max-video-preview":"max-video-preview:-1"},"canonical":"https:\/\/www.remonen.fi\/WP\/blogi\/porvoon-mitalla\/","og_locale":"fi_FI","og_type":"article","og_title":"Porvoon mitalla - gREat MOments NEver forgotteN","og_description":"Kev\u00e4tretki Porvooseen kameran kanssa","og_url":"https:\/\/www.remonen.fi\/WP\/blogi\/porvoon-mitalla\/","og_site_name":"remonen.fi","article_published_time":"2013-03-17T11:11:12+00:00","article_modified_time":"2013-08-28T11:22:36+00:00","og_image":[{"width":800,"height":403,"url":"https:\/\/www.remonen.fi\/WP\/wp-content\/uploads\/2013\/03\/Porvoo-13-10.jpg","type":"image\/jpeg"}],"author":"Matti Remonen","twitter_misc":{"Kirjoittanut":"Matti Remonen","Arvioitu lukuaika":"2 minuuttia"},"schema":{"@context":"https:\/\/schema.org","@graph":[{"@type":"Article","@id":"https:\/\/www.remonen.fi\/WP\/blogi\/porvoon-mitalla\/#article","isPartOf":{"@id":"https:\/\/www.remonen.fi\/WP\/blogi\/porvoon-mitalla\/"},"author":{"name":"Matti Remonen","@id":"https:\/\/www.remonen.fi\/WP\/#\/schema\/person\/1803c23d1d4f6722054eb2ac7f7a97cd"},"headline":"Porvoon mitalla","datePublished":"2013-03-17T11:11:12+00:00","dateModified":"2013-08-28T11:22:36+00:00","mainEntityOfPage":{"@id":"https:\/\/www.remonen.fi\/WP\/blogi\/porvoon-mitalla\/"},"wordCount":381,"commentCount":0,"publisher":{"@id":"https:\/\/www.remonen.fi\/WP\/#\/schema\/person\/1803c23d1d4f6722054eb2ac7f7a97cd"},"image":{"@id":"https:\/\/www.remonen.fi\/WP\/blogi\/porvoon-mitalla\/#primaryimage"},"thumbnailUrl":"https:\/\/www.remonen.fi\/WP\/wp-content\/uploads\/2013\/03\/Porvoo-13-10.jpg","keywords":["Porvoo"],"articleSection":["Blog"],"inLanguage":"fi","potentialAction":[{"@type":"CommentAction","name":"Comment","target":["https:\/\/www.remonen.fi\/WP\/blogi\/porvoon-mitalla\/#respond"]}]},{"@type":"WebPage","@id":"https:\/\/www.remonen.fi\/WP\/blogi\/porvoon-mitalla\/","url":"https:\/\/www.remonen.fi\/WP\/blogi\/porvoon-mitalla\/","name":"Porvoon mitalla - gREat MOments NEver forgotteN","isPartOf":{"@id":"https:\/\/www.remonen.fi\/WP\/#website"},"primaryImageOfPage":{"@id":"https:\/\/www.remonen.fi\/WP\/blogi\/porvoon-mitalla\/#primaryimage"},"image":{"@id":"https:\/\/www.remonen.fi\/WP\/blogi\/porvoon-mitalla\/#primaryimage"},"thumbnailUrl":"https:\/\/www.remonen.fi\/WP\/wp-content\/uploads\/2013\/03\/Porvoo-13-10.jpg","datePublished":"2013-03-17T11:11:12+00:00","dateModified":"2013-08-28T11:22:36+00:00","description":"Kev\u00e4tretki Porvooseen kameran kanssa","breadcrumb":{"@id":"https:\/\/www.remonen.fi\/WP\/blogi\/porvoon-mitalla\/#breadcrumb"},"inLanguage":"fi","potentialAction":[{"@type":"ReadAction","target":["https:\/\/www.remonen.fi\/WP\/blogi\/porvoon-mitalla\/"]}]},{"@type":"ImageObject","inLanguage":"fi","@id":"https:\/\/www.remonen.fi\/WP\/blogi\/porvoon-mitalla\/#primaryimage","url":"https:\/\/www.remonen.fi\/WP\/wp-content\/uploads\/2013\/03\/Porvoo-13-10.jpg","contentUrl":"https:\/\/www.remonen.fi\/WP\/wp-content\/uploads\/2013\/03\/Porvoo-13-10.jpg","width":800,"height":403},{"@type":"BreadcrumbList","@id":"https:\/\/www.remonen.fi\/WP\/blogi\/porvoon-mitalla\/#breadcrumb","itemListElement":[{"@type":"ListItem","position":1,"name":"Etusivu","item":"https:\/\/www.remonen.fi\/WP\/"},{"@type":"ListItem","position":2,"name":"Porvoon mitalla"}]},{"@type":"WebSite","@id":"https:\/\/www.remonen.fi\/WP\/#website","url":"https:\/\/www.remonen.fi\/WP\/","name":"remonen.fi","description":"Valokuvia ja tarinaa laidasta laitaan","publisher":{"@id":"https:\/\/www.remonen.fi\/WP\/#\/schema\/person\/1803c23d1d4f6722054eb2ac7f7a97cd"},"potentialAction":[{"@type":"SearchAction","target":{"@type":"EntryPoint","urlTemplate":"https:\/\/www.remonen.fi\/WP\/?s={search_term_string}"},"query-input":{"@type":"PropertyValueSpecification","valueRequired":true,"valueName":"search_term_string"}}],"inLanguage":"fi"},{"@type":["Person","Organization"],"@id":"https:\/\/www.remonen.fi\/WP\/#\/schema\/person\/1803c23d1d4f6722054eb2ac7f7a97cd","name":"Matti Remonen","logo":{"@id":"https:\/\/www.remonen.fi\/WP\/#\/schema\/person\/image\/"},"url":"https:\/\/www.remonen.fi\/WP\/blogi\/author\/mre\/"}]}},"_links":{"self":[{"href":"https:\/\/www.remonen.fi\/WP\/wp-json\/wp\/v2\/posts\/2324"}],"collection":[{"href":"https:\/\/www.remonen.fi\/WP\/wp-json\/wp\/v2\/posts"}],"about":[{"href":"https:\/\/www.remonen.fi\/WP\/wp-json\/wp\/v2\/types\/post"}],"author":[{"embeddable":true,"href":"https:\/\/www.remonen.fi\/WP\/wp-json\/wp\/v2\/users\/2"}],"replies":[{"embeddable":true,"href":"https:\/\/www.remonen.fi\/WP\/wp-json\/wp\/v2\/comments?post=2324"}],"version-history":[{"count":0,"href":"https:\/\/www.remonen.fi\/WP\/wp-json\/wp\/v2\/posts\/2324\/revisions"}],"wp:featuredmedia":[{"embeddable":true,"href":"https:\/\/www.remonen.fi\/WP\/wp-json\/wp\/v2\/media\/2334"}],"wp:attachment":[{"href":"https:\/\/www.remonen.fi\/WP\/wp-json\/wp\/v2\/media?parent=2324"}],"wp:term":[{"taxonomy":"category","embeddable":true,"href":"https:\/\/www.remonen.fi\/WP\/wp-json\/wp\/v2\/categories?post=2324"},{"taxonomy":"post_tag","embeddable":true,"href":"https:\/\/www.remonen.fi\/WP\/wp-json\/wp\/v2\/tags?post=2324"}],"curies":[{"name":"wp","href":"https:\/\/api.w.org\/{rel}","templated":true}]}}