{"id":2362,"date":"2013-03-26T20:41:09","date_gmt":"2013-03-26T18:41:09","guid":{"rendered":"http:\/\/www.remonen.fi\/?p=2362"},"modified":"2014-02-14T08:29:40","modified_gmt":"2014-02-14T06:29:40","slug":"aavelaiva-sipoossa","status":"publish","type":"post","link":"https:\/\/www.remonen.fi\/WP\/blogi\/aavelaiva-sipoossa\/","title":{"rendered":"Aavelaiva Sipoossa&#8230;"},"content":{"rendered":"<p><a title=\"Aavelaiva\" href=\"http:\/\/metro.fi\/paakaupunkiseutu\/uutiset\/aavelaiva_lahoaa_helsingin_edustalla_katso_kuvat\/\" target=\"_blank\">Metron <\/a>uutisen innoittamana piti minunkin l\u00e4hte\u00e4 etsim\u00e4\u00e4n karilla olevaa &#8221;aavelaivaa&#8221;. Alkuper\u00e4isen\u00e4 suunnitelmana oli ottaa kuvia illalla, jos saisi kuun ja t\u00e4hdet mukaan. Paikanp\u00e4\u00e4ll\u00e4 selvisi, ett\u00e4 laiva on niin l\u00e4hell\u00e4 Vuosaaren satamaa, ettei siell\u00e4 kuu kumota eik\u00e4 t\u00e4hdet leisku.<\/p>\n<p><a href=\"http:\/\/www.remonen.fi\/WP\/wp-content\/uploads\/2013\/03\/aavelaiva-2.jpg\"><img loading=\"lazy\" decoding=\"async\" class=\"alignnone size-medium wp-image-2365\" alt=\"aavelaiva-2\" src=\"http:\/\/www.remonen.fi\/WP\/wp-content\/uploads\/2013\/03\/aavelaiva-2-300x200.jpg\" width=\"300\" height=\"200\" srcset=\"https:\/\/www.remonen.fi\/WP\/wp-content\/uploads\/2013\/03\/aavelaiva-2-300x200.jpg 300w, https:\/\/www.remonen.fi\/WP\/wp-content\/uploads\/2013\/03\/aavelaiva-2-680x454.jpg 680w, https:\/\/www.remonen.fi\/WP\/wp-content\/uploads\/2013\/03\/aavelaiva-2-768x513.jpg 768w, https:\/\/www.remonen.fi\/WP\/wp-content\/uploads\/2013\/03\/aavelaiva-2-440x294.jpg 440w, https:\/\/www.remonen.fi\/WP\/wp-content\/uploads\/2013\/03\/aavelaiva-2-640x427.jpg 640w, https:\/\/www.remonen.fi\/WP\/wp-content\/uploads\/2013\/03\/aavelaiva-2.jpg 800w\" sizes=\"(max-width: 300px) 100vw, 300px\" \/><\/a><a href=\"http:\/\/www.remonen.fi\/WP\/wp-content\/uploads\/2013\/03\/aavelaiva-9.jpg\"><img loading=\"lazy\" decoding=\"async\" class=\"alignnone size-medium wp-image-2375\" alt=\"aavelaiva-9\" src=\"http:\/\/www.remonen.fi\/WP\/wp-content\/uploads\/2013\/03\/aavelaiva-9-300x200.jpg\" width=\"300\" height=\"200\" srcset=\"https:\/\/www.remonen.fi\/WP\/wp-content\/uploads\/2013\/03\/aavelaiva-9-300x200.jpg 300w, https:\/\/www.remonen.fi\/WP\/wp-content\/uploads\/2013\/03\/aavelaiva-9-680x454.jpg 680w, https:\/\/www.remonen.fi\/WP\/wp-content\/uploads\/2013\/03\/aavelaiva-9-768x513.jpg 768w, https:\/\/www.remonen.fi\/WP\/wp-content\/uploads\/2013\/03\/aavelaiva-9-440x294.jpg 440w, https:\/\/www.remonen.fi\/WP\/wp-content\/uploads\/2013\/03\/aavelaiva-9-640x427.jpg 640w, https:\/\/www.remonen.fi\/WP\/wp-content\/uploads\/2013\/03\/aavelaiva-9.jpg 800w\" sizes=\"(max-width: 300px) 100vw, 300px\" \/><\/a><\/p>\n<p>No, joka tapauksessa laiva sijaitsee merenlahdella ihan Karhusaaren edess\u00e4. Siell\u00e4 mahtavat olla iloisia, kun joku on j\u00e4rjest\u00e4nyt 13 miljoonan euron omakotitalon eteen kasan lahoavaa lankkua. Toisaalta voisi kuvitella, ett\u00e4 jos asia asujaimistoa kovinkin vaivaa, niin yhden rapujuhlan hinnalla tuon saisi nyp\u00e4tty\u00e4 vaikka helikopterilla ja siirretty\u00e4 esimerkiksi Str\u00f6msinlahdelle proletariaatin iloksi.<\/p>\n<p style=\"text-align: center;\"><a href=\"http:\/\/www.remonen.fi\/WP\/wp-content\/uploads\/2013\/03\/aavelaiva-7.jpg\"><img loading=\"lazy\" decoding=\"async\" class=\"size-medium wp-image-2370 aligncenter\" alt=\"aavelaiva-7\" src=\"http:\/\/www.remonen.fi\/WP\/wp-content\/uploads\/2013\/03\/aavelaiva-7-300x214.jpg\" width=\"300\" height=\"214\" srcset=\"https:\/\/www.remonen.fi\/WP\/wp-content\/uploads\/2013\/03\/aavelaiva-7-300x214.jpg 300w, https:\/\/www.remonen.fi\/WP\/wp-content\/uploads\/2013\/03\/aavelaiva-7-680x485.jpg 680w, https:\/\/www.remonen.fi\/WP\/wp-content\/uploads\/2013\/03\/aavelaiva-7-768x548.jpg 768w, https:\/\/www.remonen.fi\/WP\/wp-content\/uploads\/2013\/03\/aavelaiva-7-440x314.jpg 440w, https:\/\/www.remonen.fi\/WP\/wp-content\/uploads\/2013\/03\/aavelaiva-7-640x457.jpg 640w, https:\/\/www.remonen.fi\/WP\/wp-content\/uploads\/2013\/03\/aavelaiva-7.jpg 800w\" sizes=\"(max-width: 300px) 100vw, 300px\" \/><\/a><\/p>\n<p>Laiva on sen verran tukevaa tekoa, ettei se kyll\u00e4 siit\u00e4 viel\u00e4 ensi tai seuraavanakaan kes\u00e4n\u00e4 mihink\u00e4\u00e4n h\u00e4vi\u00e4. Se on lis\u00e4ksi viel\u00e4 t\u00e4ynn\u00e4 rojua, joka sitten kelluskelee rantaan madamen harmiksi. Tosin voisihan tuosta Juhannuksen aikaan rakentaa vaikka mit\u00e4&#8230; eik\u00f6h\u00e4n tuokin pala, jos vain tarpeeksi l\u00f6ytyy sytysnestett\u00e4. Konsulttiapua voinee hakea vaikka G\u00e4vlen suunnalta tunnussanana &#8221;<a title=\"G\u00e4vlen pukki\" href=\"http:\/\/fi.wikipedia.org\/wiki\/G%C3%A4vlen_pukki\" target=\"_blank\">olkipukki<\/a>&#8221;.<\/p>\n<p style=\"text-align: center;\"><a href=\"http:\/\/www.remonen.fi\/WP\/wp-content\/uploads\/2013\/03\/aavelaiva-8.jpg\"><img loading=\"lazy\" decoding=\"async\" class=\"size-medium wp-image-2371 aligncenter\" alt=\"aavelaiva-8\" src=\"http:\/\/www.remonen.fi\/WP\/wp-content\/uploads\/2013\/03\/aavelaiva-8-300x200.jpg\" width=\"300\" height=\"200\" srcset=\"https:\/\/www.remonen.fi\/WP\/wp-content\/uploads\/2013\/03\/aavelaiva-8-300x200.jpg 300w, https:\/\/www.remonen.fi\/WP\/wp-content\/uploads\/2013\/03\/aavelaiva-8-680x454.jpg 680w, https:\/\/www.remonen.fi\/WP\/wp-content\/uploads\/2013\/03\/aavelaiva-8-768x513.jpg 768w, https:\/\/www.remonen.fi\/WP\/wp-content\/uploads\/2013\/03\/aavelaiva-8-440x294.jpg 440w, https:\/\/www.remonen.fi\/WP\/wp-content\/uploads\/2013\/03\/aavelaiva-8-640x427.jpg 640w, https:\/\/www.remonen.fi\/WP\/wp-content\/uploads\/2013\/03\/aavelaiva-8.jpg 800w\" sizes=\"(max-width: 300px) 100vw, 300px\" \/><\/a><\/p>\n<p>Joku avulias henkil\u00f6 on viritt\u00e4nyt laivan kylkeen vanhat keitti\u00f6tikkaat, joita pitkin p\u00e4\u00e4see kiipe\u00e4m\u00e4\u00e4n sis\u00e4lle. Kuten sanottu, laiva on t\u00e4ynn\u00e4 rojua eri vuosikymmenilt\u00e4. Mit\u00e4\u00e4n arvokasta siell\u00e4 ei tietenk\u00e4\u00e4n en\u00e4\u00e4 ole, paitsi vanha Evinrude&#8230; Ja tietysti laivasta l\u00f6ytyy kunnollinen ankkuripelikin. Tosin toiminnasta ei ole takuuta. Kiersin laivan sis\u00e4kautta ymp\u00e4ri, kannen sis\u00e4lle en kuitenkaan mennyt. Hulluhan voi olla, mutta ei nyt sent\u00e4\u00e4n tyhm\u00e4. Ainakin viel\u00e4 kansilankut tuntuivat tukevilta eik\u00e4 sortuneita rakenteitakaan juuri ollut. Laiva ei my\u00f6sk\u00e4\u00e4n ollut houkutellut nuorisoa kaljoittelemaan, joka tosin johtunee sen syrj\u00e4isest\u00e4 sijainnista. No, nyt t\u00e4m\u00e4kin on n\u00e4hty ja koettu. Hyv\u00e4 niin.<\/p>\n<p>Matkassa mukana D800E + Fisheye Nikkor AF 16\/2.8D + Nikkor AF-S 24-70\/2.8G + Nikkor AF-S 14-24\/2.8G<\/p>\n<p><a href=\"http:\/\/www.remonen.fi\/WP\/wp-content\/uploads\/2013\/03\/aavelaiva-6.jpg\"><img loading=\"lazy\" decoding=\"async\" class=\"alignnone size-medium wp-image-2369\" alt=\"aavelaiva-6\" src=\"http:\/\/www.remonen.fi\/WP\/wp-content\/uploads\/2013\/03\/aavelaiva-6-200x300.jpg\" width=\"200\" height=\"300\" srcset=\"https:\/\/www.remonen.fi\/WP\/wp-content\/uploads\/2013\/03\/aavelaiva-6-200x300.jpg 200w, https:\/\/www.remonen.fi\/WP\/wp-content\/uploads\/2013\/03\/aavelaiva-6-454x680.jpg 454w, https:\/\/www.remonen.fi\/WP\/wp-content\/uploads\/2013\/03\/aavelaiva-6-440x659.jpg 440w, https:\/\/www.remonen.fi\/WP\/wp-content\/uploads\/2013\/03\/aavelaiva-6.jpg 534w\" sizes=\"(max-width: 200px) 100vw, 200px\" \/><\/a><a href=\"http:\/\/www.remonen.fi\/WP\/wp-content\/uploads\/2013\/03\/aavelaiva-3.jpg\"><img loading=\"lazy\" decoding=\"async\" class=\"alignnone size-medium wp-image-2366\" alt=\"aavelaiva-3\" src=\"http:\/\/www.remonen.fi\/WP\/wp-content\/uploads\/2013\/03\/aavelaiva-3-200x300.jpg\" width=\"200\" height=\"300\" srcset=\"https:\/\/www.remonen.fi\/WP\/wp-content\/uploads\/2013\/03\/aavelaiva-3-200x300.jpg 200w, https:\/\/www.remonen.fi\/WP\/wp-content\/uploads\/2013\/03\/aavelaiva-3-454x680.jpg 454w, https:\/\/www.remonen.fi\/WP\/wp-content\/uploads\/2013\/03\/aavelaiva-3-440x659.jpg 440w, https:\/\/www.remonen.fi\/WP\/wp-content\/uploads\/2013\/03\/aavelaiva-3.jpg 534w\" sizes=\"(max-width: 200px) 100vw, 200px\" \/><\/a><a href=\"http:\/\/www.remonen.fi\/WP\/wp-content\/uploads\/2013\/03\/aavelaiva-5.jpg\"><img loading=\"lazy\" decoding=\"async\" class=\"alignnone size-medium wp-image-2368\" alt=\"aavelaiva-5\" src=\"http:\/\/www.remonen.fi\/WP\/wp-content\/uploads\/2013\/03\/aavelaiva-5-200x300.jpg\" width=\"200\" height=\"300\" srcset=\"https:\/\/www.remonen.fi\/WP\/wp-content\/uploads\/2013\/03\/aavelaiva-5-200x300.jpg 200w, https:\/\/www.remonen.fi\/WP\/wp-content\/uploads\/2013\/03\/aavelaiva-5-454x680.jpg 454w, https:\/\/www.remonen.fi\/WP\/wp-content\/uploads\/2013\/03\/aavelaiva-5-440x659.jpg 440w, https:\/\/www.remonen.fi\/WP\/wp-content\/uploads\/2013\/03\/aavelaiva-5.jpg 534w\" sizes=\"(max-width: 200px) 100vw, 200px\" \/><\/a><\/p>\n","protected":false},"excerpt":{"rendered":"<p>Metron uutisen innoittamana piti minunkin l\u00e4hte\u00e4 etsim\u00e4\u00e4n karilla olevaa &#8221;aavelaivaa&#8221;. Alkuper\u00e4isen\u00e4 suunnitelmana oli ottaa kuvia illalla, jos saisi kuun ja t\u00e4hdet mukaan. Paikanp\u00e4\u00e4ll\u00e4 selvisi, ett\u00e4 laiva on niin l\u00e4hell\u00e4 Vuosaaren satamaa, ettei siell\u00e4 kuu kumota eik\u00e4 t\u00e4hdet leisku. No, joka tapauksessa laiva sijaitsee merenlahdella ihan Karhusaaren edess\u00e4. Siell\u00e4 mahtavat olla iloisia, kun joku on j\u00e4rjest\u00e4nyt [&hellip;]<\/p>\n","protected":false},"author":2,"featured_media":2365,"comment_status":"open","ping_status":"closed","sticky":false,"template":"","format":"standard","meta":{"footnotes":""},"categories":[16],"tags":[74,150],"yoast_head":"<!-- This site is optimized with the Yoast SEO plugin v24.5 - https:\/\/yoast.com\/wordpress\/plugins\/seo\/ -->\n<title>Aavelaiva - gREat MOments NEver forgotteN<\/title>\n<meta name=\"robots\" content=\"index, follow, max-snippet:-1, max-image-preview:large, max-video-preview:-1\" \/>\n<link rel=\"canonical\" href=\"https:\/\/www.remonen.fi\/WP\/blogi\/aavelaiva-sipoossa\/\" \/>\n<meta property=\"og:locale\" content=\"fi_FI\" \/>\n<meta property=\"og:type\" content=\"article\" \/>\n<meta property=\"og:title\" content=\"Aavelaiva - gREat MOments NEver forgotteN\" \/>\n<meta property=\"og:description\" content=\"Metron uutisen innoittamana piti minunkin l\u00e4hte\u00e4 etsim\u00e4\u00e4n karilla olevaa &#8221;aavelaivaa&#8221;. Alkuper\u00e4isen\u00e4 suunnitelmana oli ottaa kuvia illalla, jos saisi kuun ja t\u00e4hdet mukaan. Paikanp\u00e4\u00e4ll\u00e4 selvisi, ett\u00e4 laiva on niin l\u00e4hell\u00e4 Vuosaaren satamaa, ettei siell\u00e4 kuu kumota eik\u00e4 t\u00e4hdet leisku. No, joka tapauksessa laiva sijaitsee merenlahdella ihan Karhusaaren edess\u00e4. Siell\u00e4 mahtavat olla iloisia, kun joku on j\u00e4rjest\u00e4nyt [&hellip;]\" \/>\n<meta property=\"og:url\" content=\"https:\/\/www.remonen.fi\/WP\/blogi\/aavelaiva-sipoossa\/\" \/>\n<meta property=\"og:site_name\" content=\"remonen.fi\" \/>\n<meta property=\"article:published_time\" content=\"2013-03-26T18:41:09+00:00\" \/>\n<meta property=\"article:modified_time\" content=\"2014-02-14T06:29:40+00:00\" \/>\n<meta property=\"og:image\" content=\"https:\/\/www.remonen.fi\/WP\/wp-content\/uploads\/2013\/03\/aavelaiva-2.jpg\" \/>\n\t<meta property=\"og:image:width\" content=\"800\" \/>\n\t<meta property=\"og:image:height\" content=\"534\" \/>\n\t<meta property=\"og:image:type\" content=\"image\/jpeg\" \/>\n<meta name=\"author\" content=\"Matti Remonen\" \/>\n<meta name=\"twitter:label1\" content=\"Kirjoittanut\" \/>\n\t<meta name=\"twitter:data1\" content=\"Matti Remonen\" \/>\n\t<meta name=\"twitter:label2\" content=\"Arvioitu lukuaika\" \/>\n\t<meta name=\"twitter:data2\" content=\"1 minuutti\" \/>\n<script type=\"application\/ld+json\" class=\"yoast-schema-graph\">{\"@context\":\"https:\/\/schema.org\",\"@graph\":[{\"@type\":\"Article\",\"@id\":\"https:\/\/www.remonen.fi\/WP\/blogi\/aavelaiva-sipoossa\/#article\",\"isPartOf\":{\"@id\":\"https:\/\/www.remonen.fi\/WP\/blogi\/aavelaiva-sipoossa\/\"},\"author\":{\"name\":\"Matti Remonen\",\"@id\":\"https:\/\/www.remonen.fi\/WP\/#\/schema\/person\/1803c23d1d4f6722054eb2ac7f7a97cd\"},\"headline\":\"Aavelaiva Sipoossa&#8230;\",\"datePublished\":\"2013-03-26T18:41:09+00:00\",\"dateModified\":\"2014-02-14T06:29:40+00:00\",\"mainEntityOfPage\":{\"@id\":\"https:\/\/www.remonen.fi\/WP\/blogi\/aavelaiva-sipoossa\/\"},\"wordCount\":289,\"commentCount\":0,\"publisher\":{\"@id\":\"https:\/\/www.remonen.fi\/WP\/#\/schema\/person\/1803c23d1d4f6722054eb2ac7f7a97cd\"},\"image\":{\"@id\":\"https:\/\/www.remonen.fi\/WP\/blogi\/aavelaiva-sipoossa\/#primaryimage\"},\"thumbnailUrl\":\"https:\/\/www.remonen.fi\/WP\/wp-content\/uploads\/2013\/03\/aavelaiva-2.jpg\",\"keywords\":[\"Hylky\",\"Sipoo\"],\"articleSection\":[\"Blog\"],\"inLanguage\":\"fi\",\"potentialAction\":[{\"@type\":\"CommentAction\",\"name\":\"Comment\",\"target\":[\"https:\/\/www.remonen.fi\/WP\/blogi\/aavelaiva-sipoossa\/#respond\"]}]},{\"@type\":\"WebPage\",\"@id\":\"https:\/\/www.remonen.fi\/WP\/blogi\/aavelaiva-sipoossa\/\",\"url\":\"https:\/\/www.remonen.fi\/WP\/blogi\/aavelaiva-sipoossa\/\",\"name\":\"Aavelaiva - gREat MOments NEver forgotteN\",\"isPartOf\":{\"@id\":\"https:\/\/www.remonen.fi\/WP\/#website\"},\"primaryImageOfPage\":{\"@id\":\"https:\/\/www.remonen.fi\/WP\/blogi\/aavelaiva-sipoossa\/#primaryimage\"},\"image\":{\"@id\":\"https:\/\/www.remonen.fi\/WP\/blogi\/aavelaiva-sipoossa\/#primaryimage\"},\"thumbnailUrl\":\"https:\/\/www.remonen.fi\/WP\/wp-content\/uploads\/2013\/03\/aavelaiva-2.jpg\",\"datePublished\":\"2013-03-26T18:41:09+00:00\",\"dateModified\":\"2014-02-14T06:29:40+00:00\",\"breadcrumb\":{\"@id\":\"https:\/\/www.remonen.fi\/WP\/blogi\/aavelaiva-sipoossa\/#breadcrumb\"},\"inLanguage\":\"fi\",\"potentialAction\":[{\"@type\":\"ReadAction\",\"target\":[\"https:\/\/www.remonen.fi\/WP\/blogi\/aavelaiva-sipoossa\/\"]}]},{\"@type\":\"ImageObject\",\"inLanguage\":\"fi\",\"@id\":\"https:\/\/www.remonen.fi\/WP\/blogi\/aavelaiva-sipoossa\/#primaryimage\",\"url\":\"https:\/\/www.remonen.fi\/WP\/wp-content\/uploads\/2013\/03\/aavelaiva-2.jpg\",\"contentUrl\":\"https:\/\/www.remonen.fi\/WP\/wp-content\/uploads\/2013\/03\/aavelaiva-2.jpg\",\"width\":800,\"height\":534},{\"@type\":\"BreadcrumbList\",\"@id\":\"https:\/\/www.remonen.fi\/WP\/blogi\/aavelaiva-sipoossa\/#breadcrumb\",\"itemListElement\":[{\"@type\":\"ListItem\",\"position\":1,\"name\":\"Etusivu\",\"item\":\"https:\/\/www.remonen.fi\/WP\/\"},{\"@type\":\"ListItem\",\"position\":2,\"name\":\"Aavelaiva Sipoossa&#8230;\"}]},{\"@type\":\"WebSite\",\"@id\":\"https:\/\/www.remonen.fi\/WP\/#website\",\"url\":\"https:\/\/www.remonen.fi\/WP\/\",\"name\":\"remonen.fi\",\"description\":\"Valokuvia ja tarinaa laidasta laitaan\",\"publisher\":{\"@id\":\"https:\/\/www.remonen.fi\/WP\/#\/schema\/person\/1803c23d1d4f6722054eb2ac7f7a97cd\"},\"potentialAction\":[{\"@type\":\"SearchAction\",\"target\":{\"@type\":\"EntryPoint\",\"urlTemplate\":\"https:\/\/www.remonen.fi\/WP\/?s={search_term_string}\"},\"query-input\":{\"@type\":\"PropertyValueSpecification\",\"valueRequired\":true,\"valueName\":\"search_term_string\"}}],\"inLanguage\":\"fi\"},{\"@type\":[\"Person\",\"Organization\"],\"@id\":\"https:\/\/www.remonen.fi\/WP\/#\/schema\/person\/1803c23d1d4f6722054eb2ac7f7a97cd\",\"name\":\"Matti Remonen\",\"logo\":{\"@id\":\"https:\/\/www.remonen.fi\/WP\/#\/schema\/person\/image\/\"},\"url\":\"https:\/\/www.remonen.fi\/WP\/blogi\/author\/mre\/\"}]}<\/script>\n<!-- \/ Yoast SEO plugin. -->","yoast_head_json":{"title":"Aavelaiva - gREat MOments NEver forgotteN","robots":{"index":"index","follow":"follow","max-snippet":"max-snippet:-1","max-image-preview":"max-image-preview:large","max-video-preview":"max-video-preview:-1"},"canonical":"https:\/\/www.remonen.fi\/WP\/blogi\/aavelaiva-sipoossa\/","og_locale":"fi_FI","og_type":"article","og_title":"Aavelaiva - gREat MOments NEver forgotteN","og_description":"Metron uutisen innoittamana piti minunkin l\u00e4hte\u00e4 etsim\u00e4\u00e4n karilla olevaa &#8221;aavelaivaa&#8221;. Alkuper\u00e4isen\u00e4 suunnitelmana oli ottaa kuvia illalla, jos saisi kuun ja t\u00e4hdet mukaan. Paikanp\u00e4\u00e4ll\u00e4 selvisi, ett\u00e4 laiva on niin l\u00e4hell\u00e4 Vuosaaren satamaa, ettei siell\u00e4 kuu kumota eik\u00e4 t\u00e4hdet leisku. No, joka tapauksessa laiva sijaitsee merenlahdella ihan Karhusaaren edess\u00e4. Siell\u00e4 mahtavat olla iloisia, kun joku on j\u00e4rjest\u00e4nyt [&hellip;]","og_url":"https:\/\/www.remonen.fi\/WP\/blogi\/aavelaiva-sipoossa\/","og_site_name":"remonen.fi","article_published_time":"2013-03-26T18:41:09+00:00","article_modified_time":"2014-02-14T06:29:40+00:00","og_image":[{"width":800,"height":534,"url":"https:\/\/www.remonen.fi\/WP\/wp-content\/uploads\/2013\/03\/aavelaiva-2.jpg","type":"image\/jpeg"}],"author":"Matti Remonen","twitter_misc":{"Kirjoittanut":"Matti Remonen","Arvioitu lukuaika":"1 minuutti"},"schema":{"@context":"https:\/\/schema.org","@graph":[{"@type":"Article","@id":"https:\/\/www.remonen.fi\/WP\/blogi\/aavelaiva-sipoossa\/#article","isPartOf":{"@id":"https:\/\/www.remonen.fi\/WP\/blogi\/aavelaiva-sipoossa\/"},"author":{"name":"Matti Remonen","@id":"https:\/\/www.remonen.fi\/WP\/#\/schema\/person\/1803c23d1d4f6722054eb2ac7f7a97cd"},"headline":"Aavelaiva Sipoossa&#8230;","datePublished":"2013-03-26T18:41:09+00:00","dateModified":"2014-02-14T06:29:40+00:00","mainEntityOfPage":{"@id":"https:\/\/www.remonen.fi\/WP\/blogi\/aavelaiva-sipoossa\/"},"wordCount":289,"commentCount":0,"publisher":{"@id":"https:\/\/www.remonen.fi\/WP\/#\/schema\/person\/1803c23d1d4f6722054eb2ac7f7a97cd"},"image":{"@id":"https:\/\/www.remonen.fi\/WP\/blogi\/aavelaiva-sipoossa\/#primaryimage"},"thumbnailUrl":"https:\/\/www.remonen.fi\/WP\/wp-content\/uploads\/2013\/03\/aavelaiva-2.jpg","keywords":["Hylky","Sipoo"],"articleSection":["Blog"],"inLanguage":"fi","potentialAction":[{"@type":"CommentAction","name":"Comment","target":["https:\/\/www.remonen.fi\/WP\/blogi\/aavelaiva-sipoossa\/#respond"]}]},{"@type":"WebPage","@id":"https:\/\/www.remonen.fi\/WP\/blogi\/aavelaiva-sipoossa\/","url":"https:\/\/www.remonen.fi\/WP\/blogi\/aavelaiva-sipoossa\/","name":"Aavelaiva - gREat MOments NEver forgotteN","isPartOf":{"@id":"https:\/\/www.remonen.fi\/WP\/#website"},"primaryImageOfPage":{"@id":"https:\/\/www.remonen.fi\/WP\/blogi\/aavelaiva-sipoossa\/#primaryimage"},"image":{"@id":"https:\/\/www.remonen.fi\/WP\/blogi\/aavelaiva-sipoossa\/#primaryimage"},"thumbnailUrl":"https:\/\/www.remonen.fi\/WP\/wp-content\/uploads\/2013\/03\/aavelaiva-2.jpg","datePublished":"2013-03-26T18:41:09+00:00","dateModified":"2014-02-14T06:29:40+00:00","breadcrumb":{"@id":"https:\/\/www.remonen.fi\/WP\/blogi\/aavelaiva-sipoossa\/#breadcrumb"},"inLanguage":"fi","potentialAction":[{"@type":"ReadAction","target":["https:\/\/www.remonen.fi\/WP\/blogi\/aavelaiva-sipoossa\/"]}]},{"@type":"ImageObject","inLanguage":"fi","@id":"https:\/\/www.remonen.fi\/WP\/blogi\/aavelaiva-sipoossa\/#primaryimage","url":"https:\/\/www.remonen.fi\/WP\/wp-content\/uploads\/2013\/03\/aavelaiva-2.jpg","contentUrl":"https:\/\/www.remonen.fi\/WP\/wp-content\/uploads\/2013\/03\/aavelaiva-2.jpg","width":800,"height":534},{"@type":"BreadcrumbList","@id":"https:\/\/www.remonen.fi\/WP\/blogi\/aavelaiva-sipoossa\/#breadcrumb","itemListElement":[{"@type":"ListItem","position":1,"name":"Etusivu","item":"https:\/\/www.remonen.fi\/WP\/"},{"@type":"ListItem","position":2,"name":"Aavelaiva Sipoossa&#8230;"}]},{"@type":"WebSite","@id":"https:\/\/www.remonen.fi\/WP\/#website","url":"https:\/\/www.remonen.fi\/WP\/","name":"remonen.fi","description":"Valokuvia ja tarinaa laidasta laitaan","publisher":{"@id":"https:\/\/www.remonen.fi\/WP\/#\/schema\/person\/1803c23d1d4f6722054eb2ac7f7a97cd"},"potentialAction":[{"@type":"SearchAction","target":{"@type":"EntryPoint","urlTemplate":"https:\/\/www.remonen.fi\/WP\/?s={search_term_string}"},"query-input":{"@type":"PropertyValueSpecification","valueRequired":true,"valueName":"search_term_string"}}],"inLanguage":"fi"},{"@type":["Person","Organization"],"@id":"https:\/\/www.remonen.fi\/WP\/#\/schema\/person\/1803c23d1d4f6722054eb2ac7f7a97cd","name":"Matti Remonen","logo":{"@id":"https:\/\/www.remonen.fi\/WP\/#\/schema\/person\/image\/"},"url":"https:\/\/www.remonen.fi\/WP\/blogi\/author\/mre\/"}]}},"_links":{"self":[{"href":"https:\/\/www.remonen.fi\/WP\/wp-json\/wp\/v2\/posts\/2362"}],"collection":[{"href":"https:\/\/www.remonen.fi\/WP\/wp-json\/wp\/v2\/posts"}],"about":[{"href":"https:\/\/www.remonen.fi\/WP\/wp-json\/wp\/v2\/types\/post"}],"author":[{"embeddable":true,"href":"https:\/\/www.remonen.fi\/WP\/wp-json\/wp\/v2\/users\/2"}],"replies":[{"embeddable":true,"href":"https:\/\/www.remonen.fi\/WP\/wp-json\/wp\/v2\/comments?post=2362"}],"version-history":[{"count":0,"href":"https:\/\/www.remonen.fi\/WP\/wp-json\/wp\/v2\/posts\/2362\/revisions"}],"wp:featuredmedia":[{"embeddable":true,"href":"https:\/\/www.remonen.fi\/WP\/wp-json\/wp\/v2\/media\/2365"}],"wp:attachment":[{"href":"https:\/\/www.remonen.fi\/WP\/wp-json\/wp\/v2\/media?parent=2362"}],"wp:term":[{"taxonomy":"category","embeddable":true,"href":"https:\/\/www.remonen.fi\/WP\/wp-json\/wp\/v2\/categories?post=2362"},{"taxonomy":"post_tag","embeddable":true,"href":"https:\/\/www.remonen.fi\/WP\/wp-json\/wp\/v2\/tags?post=2362"}],"curies":[{"name":"wp","href":"https:\/\/api.w.org\/{rel}","templated":true}]}}