{"id":2417,"date":"2013-05-16T19:43:41","date_gmt":"2013-05-16T16:43:41","guid":{"rendered":"http:\/\/www.remonen.fi\/?p=2417"},"modified":"2014-01-11T14:13:17","modified_gmt":"2014-01-11T12:13:17","slug":"hanaa-mi-tai-hanami","status":"publish","type":"post","link":"https:\/\/www.remonen.fi\/WP\/blogi\/hanaa-mi-tai-hanami\/","title":{"rendered":"Hanaa Mi&#8230; tai Hanami"},"content":{"rendered":"<p><a href=\"http:\/\/www.remonen.fi\/WP\/wp-content\/uploads\/2013\/05\/kirsikka_13-3.jpg\"><img loading=\"lazy\" decoding=\"async\" class=\"alignleft size-medium wp-image-2421\" alt=\"kirsikka_13-3\" src=\"http:\/\/www.remonen.fi\/WP\/wp-content\/uploads\/2013\/05\/kirsikka_13-3-200x300.jpg\" width=\"200\" height=\"300\" srcset=\"https:\/\/www.remonen.fi\/WP\/wp-content\/uploads\/2013\/05\/kirsikka_13-3-200x300.jpg 200w, https:\/\/www.remonen.fi\/WP\/wp-content\/uploads\/2013\/05\/kirsikka_13-3-454x680.jpg 454w, https:\/\/www.remonen.fi\/WP\/wp-content\/uploads\/2013\/05\/kirsikka_13-3-440x659.jpg 440w, https:\/\/www.remonen.fi\/WP\/wp-content\/uploads\/2013\/05\/kirsikka_13-3.jpg 534w\" sizes=\"(max-width: 200px) 100vw, 200px\" \/><\/a>Jahas, se alkaa olla <a title=\"Hanami\" href=\"http:\/\/www.roihuvuori.fi\/hanami\/mika-on-hanami\/\" target=\"_blank\">Hanamin <\/a>aika taas t\u00e4\u00e4ll\u00e4 p\u00e4\u00e4kaupunkiseudulla t\u00e4h\u00e4n aikaan vuodesta. Alkukev\u00e4t oli tosi kylm\u00e4, eik\u00e4 ujo kirsikka uskaltanut tehd\u00e4 mit\u00e4\u00e4n, mutta heti kun s\u00e4\u00e4t l\u00e4mpenev\u00e4t, kirsikka iskee kuin judoka tatamilla. Useampana vuotena minulla on kirsikankukat menneet ohi suun, kun sade on jo ehtinyt ne vied\u00e4. Nyt olin sitten p\u00e4iv\u00e4\u00e4-kahta liian aikaisessa: kukat olivat viel\u00e4 nupullaan <a title=\"Roihuvuoren japanilainen puutarha\" href=\"http:\/\/www.roihuvuori.fi\/hanami\/kirsikkapuistojen-historia\/\" target=\"_blank\">Roihuvuoren japanilaisessa puutarhassa<\/a>. Sen sijaan mm. It\u00e4keskuksen metroaseman kirsikkapuut olivat jo t\u00e4ydess\u00e4 kukassa.<\/p>\n<p>No, eip\u00e4 anneta ajoituksen h\u00e4irit\u00e4. Onhan noita kuvia kukista tullut otettua jo aiemmin, joten t\u00e4m\u00e4 oli nyt enemm\u00e4n vain t\u00e4llaista sentimentaalista herkistely\u00e4.<\/p>\n<p>Laitteistona oli D800E + Micro-Nikkor 200\/4<\/p>\n<p><a href=\"http:\/\/www.remonen.fi\/WP\/wp-content\/uploads\/2013\/05\/kirsikka_13.jpg\"><img loading=\"lazy\" decoding=\"async\" class=\"alignnone size-medium wp-image-2419\" alt=\"kirsikka_13\" src=\"http:\/\/www.remonen.fi\/WP\/wp-content\/uploads\/2013\/05\/kirsikka_13-300x200.jpg\" width=\"300\" height=\"200\" srcset=\"https:\/\/www.remonen.fi\/WP\/wp-content\/uploads\/2013\/05\/kirsikka_13-300x200.jpg 300w, https:\/\/www.remonen.fi\/WP\/wp-content\/uploads\/2013\/05\/kirsikka_13-680x454.jpg 680w, https:\/\/www.remonen.fi\/WP\/wp-content\/uploads\/2013\/05\/kirsikka_13-768x513.jpg 768w, https:\/\/www.remonen.fi\/WP\/wp-content\/uploads\/2013\/05\/kirsikka_13-440x294.jpg 440w, https:\/\/www.remonen.fi\/WP\/wp-content\/uploads\/2013\/05\/kirsikka_13-640x427.jpg 640w, https:\/\/www.remonen.fi\/WP\/wp-content\/uploads\/2013\/05\/kirsikka_13.jpg 800w\" sizes=\"(max-width: 300px) 100vw, 300px\" \/><\/a>\u00a0<a href=\"http:\/\/www.remonen.fi\/WP\/wp-content\/uploads\/2013\/05\/kirsikka_13-2.jpg\"><img loading=\"lazy\" decoding=\"async\" class=\"alignnone size-medium wp-image-2420\" alt=\"kirsikka_13-2\" src=\"http:\/\/www.remonen.fi\/WP\/wp-content\/uploads\/2013\/05\/kirsikka_13-2-300x200.jpg\" width=\"300\" height=\"200\" srcset=\"https:\/\/www.remonen.fi\/WP\/wp-content\/uploads\/2013\/05\/kirsikka_13-2-300x200.jpg 300w, https:\/\/www.remonen.fi\/WP\/wp-content\/uploads\/2013\/05\/kirsikka_13-2-680x454.jpg 680w, https:\/\/www.remonen.fi\/WP\/wp-content\/uploads\/2013\/05\/kirsikka_13-2-768x513.jpg 768w, https:\/\/www.remonen.fi\/WP\/wp-content\/uploads\/2013\/05\/kirsikka_13-2-440x294.jpg 440w, https:\/\/www.remonen.fi\/WP\/wp-content\/uploads\/2013\/05\/kirsikka_13-2-640x427.jpg 640w, https:\/\/www.remonen.fi\/WP\/wp-content\/uploads\/2013\/05\/kirsikka_13-2.jpg 800w\" sizes=\"(max-width: 300px) 100vw, 300px\" \/><\/a><\/p>\n<p>Flash update 2013-05-19: piti sitten menn\u00e4 uudestaan viel\u00e4 sunnuntaina, kun oli &#8221;virallisen&#8221; Hanami-juhlan aika. Emme olleet kyll\u00e4 juhlan aikana paikalla, mutta kukat olivat nyt komeimmillaan.<\/p>\n<p><a href=\"http:\/\/www.remonen.fi\/WP\/wp-content\/uploads\/2013\/05\/kirsikka_13-2-2.jpg\"><img loading=\"lazy\" decoding=\"async\" class=\"aligncenter size-medium wp-image-2433\" alt=\"kirsikka_13-2-2\" src=\"http:\/\/www.remonen.fi\/WP\/wp-content\/uploads\/2013\/05\/kirsikka_13-2-2-200x300.jpg\" width=\"200\" height=\"300\" srcset=\"https:\/\/www.remonen.fi\/WP\/wp-content\/uploads\/2013\/05\/kirsikka_13-2-2-200x300.jpg 200w, https:\/\/www.remonen.fi\/WP\/wp-content\/uploads\/2013\/05\/kirsikka_13-2-2-454x680.jpg 454w, https:\/\/www.remonen.fi\/WP\/wp-content\/uploads\/2013\/05\/kirsikka_13-2-2-440x659.jpg 440w, https:\/\/www.remonen.fi\/WP\/wp-content\/uploads\/2013\/05\/kirsikka_13-2-2.jpg 534w\" sizes=\"(max-width: 200px) 100vw, 200px\" \/><\/a><\/p>\n<p>Laitteistona D800E ja 50\/1.8 + 85\/1.8<\/p>\n<p><a href=\"http:\/\/www.remonen.fi\/WP\/wp-content\/uploads\/2013\/05\/kirsikka_13-3-2.jpg\"><img loading=\"lazy\" decoding=\"async\" class=\"alignnone size-medium wp-image-2434\" alt=\"kirsikka_13-3-2\" src=\"http:\/\/www.remonen.fi\/WP\/wp-content\/uploads\/2013\/05\/kirsikka_13-3-2-300x200.jpg\" width=\"300\" height=\"200\" srcset=\"https:\/\/www.remonen.fi\/WP\/wp-content\/uploads\/2013\/05\/kirsikka_13-3-2-300x200.jpg 300w, https:\/\/www.remonen.fi\/WP\/wp-content\/uploads\/2013\/05\/kirsikka_13-3-2-680x454.jpg 680w, https:\/\/www.remonen.fi\/WP\/wp-content\/uploads\/2013\/05\/kirsikka_13-3-2-768x513.jpg 768w, https:\/\/www.remonen.fi\/WP\/wp-content\/uploads\/2013\/05\/kirsikka_13-3-2-440x294.jpg 440w, https:\/\/www.remonen.fi\/WP\/wp-content\/uploads\/2013\/05\/kirsikka_13-3-2-640x427.jpg 640w, https:\/\/www.remonen.fi\/WP\/wp-content\/uploads\/2013\/05\/kirsikka_13-3-2.jpg 800w\" sizes=\"(max-width: 300px) 100vw, 300px\" \/><\/a>\u00a0<a href=\"http:\/\/www.remonen.fi\/WP\/wp-content\/uploads\/2013\/05\/kirsikka_13-5.jpg\"><img loading=\"lazy\" decoding=\"async\" class=\"alignnone size-medium wp-image-2432\" alt=\"kirsikka_13-5\" src=\"http:\/\/www.remonen.fi\/WP\/wp-content\/uploads\/2013\/05\/kirsikka_13-5-300x200.jpg\" width=\"300\" height=\"200\" srcset=\"https:\/\/www.remonen.fi\/WP\/wp-content\/uploads\/2013\/05\/kirsikka_13-5-300x200.jpg 300w, https:\/\/www.remonen.fi\/WP\/wp-content\/uploads\/2013\/05\/kirsikka_13-5-680x454.jpg 680w, https:\/\/www.remonen.fi\/WP\/wp-content\/uploads\/2013\/05\/kirsikka_13-5-768x513.jpg 768w, https:\/\/www.remonen.fi\/WP\/wp-content\/uploads\/2013\/05\/kirsikka_13-5-440x294.jpg 440w, https:\/\/www.remonen.fi\/WP\/wp-content\/uploads\/2013\/05\/kirsikka_13-5-640x427.jpg 640w, https:\/\/www.remonen.fi\/WP\/wp-content\/uploads\/2013\/05\/kirsikka_13-5.jpg 800w\" sizes=\"(max-width: 300px) 100vw, 300px\" \/><\/a><\/p>\n","protected":false},"excerpt":{"rendered":"<p>Jahas, se alkaa olla Hanamin aika taas t\u00e4\u00e4ll\u00e4 p\u00e4\u00e4kaupunkiseudulla t\u00e4h\u00e4n aikaan vuodesta. Alkukev\u00e4t oli tosi kylm\u00e4, eik\u00e4 ujo kirsikka uskaltanut tehd\u00e4 mit\u00e4\u00e4n, mutta heti kun s\u00e4\u00e4t l\u00e4mpenev\u00e4t, kirsikka iskee kuin judoka tatamilla. Useampana vuotena minulla on kirsikankukat menneet ohi suun, kun sade on jo ehtinyt ne vied\u00e4. Nyt olin sitten p\u00e4iv\u00e4\u00e4-kahta liian aikaisessa: kukat olivat [&hellip;]<\/p>\n","protected":false},"author":2,"featured_media":2420,"comment_status":"open","ping_status":"closed","sticky":false,"template":"","format":"standard","meta":{"footnotes":""},"categories":[16],"tags":[69,149],"yoast_head":"<!-- This site is optimized with the Yoast SEO plugin v24.5 - https:\/\/yoast.com\/wordpress\/plugins\/seo\/ -->\n<title>Hanaa Mi... tai Hanami - gREat MOments NEver forgotteN<\/title>\n<meta name=\"robots\" content=\"index, follow, max-snippet:-1, max-image-preview:large, max-video-preview:-1\" \/>\n<link rel=\"canonical\" href=\"https:\/\/www.remonen.fi\/WP\/blogi\/hanaa-mi-tai-hanami\/\" \/>\n<meta property=\"og:locale\" content=\"fi_FI\" \/>\n<meta property=\"og:type\" content=\"article\" \/>\n<meta property=\"og:title\" content=\"Hanaa Mi... tai Hanami - gREat MOments NEver forgotteN\" \/>\n<meta property=\"og:description\" content=\"Jahas, se alkaa olla Hanamin aika taas t\u00e4\u00e4ll\u00e4 p\u00e4\u00e4kaupunkiseudulla t\u00e4h\u00e4n aikaan vuodesta. Alkukev\u00e4t oli tosi kylm\u00e4, eik\u00e4 ujo kirsikka uskaltanut tehd\u00e4 mit\u00e4\u00e4n, mutta heti kun s\u00e4\u00e4t l\u00e4mpenev\u00e4t, kirsikka iskee kuin judoka tatamilla. Useampana vuotena minulla on kirsikankukat menneet ohi suun, kun sade on jo ehtinyt ne vied\u00e4. Nyt olin sitten p\u00e4iv\u00e4\u00e4-kahta liian aikaisessa: kukat olivat [&hellip;]\" \/>\n<meta property=\"og:url\" content=\"https:\/\/www.remonen.fi\/WP\/blogi\/hanaa-mi-tai-hanami\/\" \/>\n<meta property=\"og:site_name\" content=\"remonen.fi\" \/>\n<meta property=\"article:published_time\" content=\"2013-05-16T16:43:41+00:00\" \/>\n<meta property=\"article:modified_time\" content=\"2014-01-11T12:13:17+00:00\" \/>\n<meta property=\"og:image\" content=\"https:\/\/www.remonen.fi\/WP\/wp-content\/uploads\/2013\/05\/kirsikka_13-2.jpg\" \/>\n\t<meta property=\"og:image:width\" content=\"800\" \/>\n\t<meta property=\"og:image:height\" content=\"534\" \/>\n\t<meta property=\"og:image:type\" content=\"image\/jpeg\" \/>\n<meta name=\"author\" content=\"Matti Remonen\" \/>\n<meta name=\"twitter:label1\" content=\"Kirjoittanut\" \/>\n\t<meta name=\"twitter:data1\" content=\"Matti Remonen\" \/>\n\t<meta name=\"twitter:label2\" content=\"Arvioitu lukuaika\" \/>\n\t<meta name=\"twitter:data2\" content=\"1 minuutti\" \/>\n<script type=\"application\/ld+json\" class=\"yoast-schema-graph\">{\"@context\":\"https:\/\/schema.org\",\"@graph\":[{\"@type\":\"Article\",\"@id\":\"https:\/\/www.remonen.fi\/WP\/blogi\/hanaa-mi-tai-hanami\/#article\",\"isPartOf\":{\"@id\":\"https:\/\/www.remonen.fi\/WP\/blogi\/hanaa-mi-tai-hanami\/\"},\"author\":{\"name\":\"Matti Remonen\",\"@id\":\"https:\/\/www.remonen.fi\/WP\/#\/schema\/person\/1803c23d1d4f6722054eb2ac7f7a97cd\"},\"headline\":\"Hanaa Mi&#8230; tai Hanami\",\"datePublished\":\"2013-05-16T16:43:41+00:00\",\"dateModified\":\"2014-01-11T12:13:17+00:00\",\"mainEntityOfPage\":{\"@id\":\"https:\/\/www.remonen.fi\/WP\/blogi\/hanaa-mi-tai-hanami\/\"},\"wordCount\":148,\"commentCount\":0,\"publisher\":{\"@id\":\"https:\/\/www.remonen.fi\/WP\/#\/schema\/person\/1803c23d1d4f6722054eb2ac7f7a97cd\"},\"image\":{\"@id\":\"https:\/\/www.remonen.fi\/WP\/blogi\/hanaa-mi-tai-hanami\/#primaryimage\"},\"thumbnailUrl\":\"https:\/\/www.remonen.fi\/WP\/wp-content\/uploads\/2013\/05\/kirsikka_13-2.jpg\",\"keywords\":[\"Hanami\",\"Kirsikkapuu\"],\"articleSection\":[\"Blog\"],\"inLanguage\":\"fi\",\"potentialAction\":[{\"@type\":\"CommentAction\",\"name\":\"Comment\",\"target\":[\"https:\/\/www.remonen.fi\/WP\/blogi\/hanaa-mi-tai-hanami\/#respond\"]}]},{\"@type\":\"WebPage\",\"@id\":\"https:\/\/www.remonen.fi\/WP\/blogi\/hanaa-mi-tai-hanami\/\",\"url\":\"https:\/\/www.remonen.fi\/WP\/blogi\/hanaa-mi-tai-hanami\/\",\"name\":\"Hanaa Mi... tai Hanami - gREat MOments NEver forgotteN\",\"isPartOf\":{\"@id\":\"https:\/\/www.remonen.fi\/WP\/#website\"},\"primaryImageOfPage\":{\"@id\":\"https:\/\/www.remonen.fi\/WP\/blogi\/hanaa-mi-tai-hanami\/#primaryimage\"},\"image\":{\"@id\":\"https:\/\/www.remonen.fi\/WP\/blogi\/hanaa-mi-tai-hanami\/#primaryimage\"},\"thumbnailUrl\":\"https:\/\/www.remonen.fi\/WP\/wp-content\/uploads\/2013\/05\/kirsikka_13-2.jpg\",\"datePublished\":\"2013-05-16T16:43:41+00:00\",\"dateModified\":\"2014-01-11T12:13:17+00:00\",\"breadcrumb\":{\"@id\":\"https:\/\/www.remonen.fi\/WP\/blogi\/hanaa-mi-tai-hanami\/#breadcrumb\"},\"inLanguage\":\"fi\",\"potentialAction\":[{\"@type\":\"ReadAction\",\"target\":[\"https:\/\/www.remonen.fi\/WP\/blogi\/hanaa-mi-tai-hanami\/\"]}]},{\"@type\":\"ImageObject\",\"inLanguage\":\"fi\",\"@id\":\"https:\/\/www.remonen.fi\/WP\/blogi\/hanaa-mi-tai-hanami\/#primaryimage\",\"url\":\"https:\/\/www.remonen.fi\/WP\/wp-content\/uploads\/2013\/05\/kirsikka_13-2.jpg\",\"contentUrl\":\"https:\/\/www.remonen.fi\/WP\/wp-content\/uploads\/2013\/05\/kirsikka_13-2.jpg\",\"width\":800,\"height\":534},{\"@type\":\"BreadcrumbList\",\"@id\":\"https:\/\/www.remonen.fi\/WP\/blogi\/hanaa-mi-tai-hanami\/#breadcrumb\",\"itemListElement\":[{\"@type\":\"ListItem\",\"position\":1,\"name\":\"Etusivu\",\"item\":\"https:\/\/www.remonen.fi\/WP\/\"},{\"@type\":\"ListItem\",\"position\":2,\"name\":\"Hanaa Mi&#8230; tai Hanami\"}]},{\"@type\":\"WebSite\",\"@id\":\"https:\/\/www.remonen.fi\/WP\/#website\",\"url\":\"https:\/\/www.remonen.fi\/WP\/\",\"name\":\"remonen.fi\",\"description\":\"Valokuvia ja tarinaa laidasta laitaan\",\"publisher\":{\"@id\":\"https:\/\/www.remonen.fi\/WP\/#\/schema\/person\/1803c23d1d4f6722054eb2ac7f7a97cd\"},\"potentialAction\":[{\"@type\":\"SearchAction\",\"target\":{\"@type\":\"EntryPoint\",\"urlTemplate\":\"https:\/\/www.remonen.fi\/WP\/?s={search_term_string}\"},\"query-input\":{\"@type\":\"PropertyValueSpecification\",\"valueRequired\":true,\"valueName\":\"search_term_string\"}}],\"inLanguage\":\"fi\"},{\"@type\":[\"Person\",\"Organization\"],\"@id\":\"https:\/\/www.remonen.fi\/WP\/#\/schema\/person\/1803c23d1d4f6722054eb2ac7f7a97cd\",\"name\":\"Matti Remonen\",\"logo\":{\"@id\":\"https:\/\/www.remonen.fi\/WP\/#\/schema\/person\/image\/\"},\"url\":\"https:\/\/www.remonen.fi\/WP\/blogi\/author\/mre\/\"}]}<\/script>\n<!-- \/ Yoast SEO plugin. -->","yoast_head_json":{"title":"Hanaa Mi... tai Hanami - gREat MOments NEver forgotteN","robots":{"index":"index","follow":"follow","max-snippet":"max-snippet:-1","max-image-preview":"max-image-preview:large","max-video-preview":"max-video-preview:-1"},"canonical":"https:\/\/www.remonen.fi\/WP\/blogi\/hanaa-mi-tai-hanami\/","og_locale":"fi_FI","og_type":"article","og_title":"Hanaa Mi... tai Hanami - gREat MOments NEver forgotteN","og_description":"Jahas, se alkaa olla Hanamin aika taas t\u00e4\u00e4ll\u00e4 p\u00e4\u00e4kaupunkiseudulla t\u00e4h\u00e4n aikaan vuodesta. Alkukev\u00e4t oli tosi kylm\u00e4, eik\u00e4 ujo kirsikka uskaltanut tehd\u00e4 mit\u00e4\u00e4n, mutta heti kun s\u00e4\u00e4t l\u00e4mpenev\u00e4t, kirsikka iskee kuin judoka tatamilla. Useampana vuotena minulla on kirsikankukat menneet ohi suun, kun sade on jo ehtinyt ne vied\u00e4. Nyt olin sitten p\u00e4iv\u00e4\u00e4-kahta liian aikaisessa: kukat olivat [&hellip;]","og_url":"https:\/\/www.remonen.fi\/WP\/blogi\/hanaa-mi-tai-hanami\/","og_site_name":"remonen.fi","article_published_time":"2013-05-16T16:43:41+00:00","article_modified_time":"2014-01-11T12:13:17+00:00","og_image":[{"width":800,"height":534,"url":"https:\/\/www.remonen.fi\/WP\/wp-content\/uploads\/2013\/05\/kirsikka_13-2.jpg","type":"image\/jpeg"}],"author":"Matti Remonen","twitter_misc":{"Kirjoittanut":"Matti Remonen","Arvioitu lukuaika":"1 minuutti"},"schema":{"@context":"https:\/\/schema.org","@graph":[{"@type":"Article","@id":"https:\/\/www.remonen.fi\/WP\/blogi\/hanaa-mi-tai-hanami\/#article","isPartOf":{"@id":"https:\/\/www.remonen.fi\/WP\/blogi\/hanaa-mi-tai-hanami\/"},"author":{"name":"Matti Remonen","@id":"https:\/\/www.remonen.fi\/WP\/#\/schema\/person\/1803c23d1d4f6722054eb2ac7f7a97cd"},"headline":"Hanaa Mi&#8230; tai Hanami","datePublished":"2013-05-16T16:43:41+00:00","dateModified":"2014-01-11T12:13:17+00:00","mainEntityOfPage":{"@id":"https:\/\/www.remonen.fi\/WP\/blogi\/hanaa-mi-tai-hanami\/"},"wordCount":148,"commentCount":0,"publisher":{"@id":"https:\/\/www.remonen.fi\/WP\/#\/schema\/person\/1803c23d1d4f6722054eb2ac7f7a97cd"},"image":{"@id":"https:\/\/www.remonen.fi\/WP\/blogi\/hanaa-mi-tai-hanami\/#primaryimage"},"thumbnailUrl":"https:\/\/www.remonen.fi\/WP\/wp-content\/uploads\/2013\/05\/kirsikka_13-2.jpg","keywords":["Hanami","Kirsikkapuu"],"articleSection":["Blog"],"inLanguage":"fi","potentialAction":[{"@type":"CommentAction","name":"Comment","target":["https:\/\/www.remonen.fi\/WP\/blogi\/hanaa-mi-tai-hanami\/#respond"]}]},{"@type":"WebPage","@id":"https:\/\/www.remonen.fi\/WP\/blogi\/hanaa-mi-tai-hanami\/","url":"https:\/\/www.remonen.fi\/WP\/blogi\/hanaa-mi-tai-hanami\/","name":"Hanaa Mi... tai Hanami - gREat MOments NEver forgotteN","isPartOf":{"@id":"https:\/\/www.remonen.fi\/WP\/#website"},"primaryImageOfPage":{"@id":"https:\/\/www.remonen.fi\/WP\/blogi\/hanaa-mi-tai-hanami\/#primaryimage"},"image":{"@id":"https:\/\/www.remonen.fi\/WP\/blogi\/hanaa-mi-tai-hanami\/#primaryimage"},"thumbnailUrl":"https:\/\/www.remonen.fi\/WP\/wp-content\/uploads\/2013\/05\/kirsikka_13-2.jpg","datePublished":"2013-05-16T16:43:41+00:00","dateModified":"2014-01-11T12:13:17+00:00","breadcrumb":{"@id":"https:\/\/www.remonen.fi\/WP\/blogi\/hanaa-mi-tai-hanami\/#breadcrumb"},"inLanguage":"fi","potentialAction":[{"@type":"ReadAction","target":["https:\/\/www.remonen.fi\/WP\/blogi\/hanaa-mi-tai-hanami\/"]}]},{"@type":"ImageObject","inLanguage":"fi","@id":"https:\/\/www.remonen.fi\/WP\/blogi\/hanaa-mi-tai-hanami\/#primaryimage","url":"https:\/\/www.remonen.fi\/WP\/wp-content\/uploads\/2013\/05\/kirsikka_13-2.jpg","contentUrl":"https:\/\/www.remonen.fi\/WP\/wp-content\/uploads\/2013\/05\/kirsikka_13-2.jpg","width":800,"height":534},{"@type":"BreadcrumbList","@id":"https:\/\/www.remonen.fi\/WP\/blogi\/hanaa-mi-tai-hanami\/#breadcrumb","itemListElement":[{"@type":"ListItem","position":1,"name":"Etusivu","item":"https:\/\/www.remonen.fi\/WP\/"},{"@type":"ListItem","position":2,"name":"Hanaa Mi&#8230; tai Hanami"}]},{"@type":"WebSite","@id":"https:\/\/www.remonen.fi\/WP\/#website","url":"https:\/\/www.remonen.fi\/WP\/","name":"remonen.fi","description":"Valokuvia ja tarinaa laidasta laitaan","publisher":{"@id":"https:\/\/www.remonen.fi\/WP\/#\/schema\/person\/1803c23d1d4f6722054eb2ac7f7a97cd"},"potentialAction":[{"@type":"SearchAction","target":{"@type":"EntryPoint","urlTemplate":"https:\/\/www.remonen.fi\/WP\/?s={search_term_string}"},"query-input":{"@type":"PropertyValueSpecification","valueRequired":true,"valueName":"search_term_string"}}],"inLanguage":"fi"},{"@type":["Person","Organization"],"@id":"https:\/\/www.remonen.fi\/WP\/#\/schema\/person\/1803c23d1d4f6722054eb2ac7f7a97cd","name":"Matti Remonen","logo":{"@id":"https:\/\/www.remonen.fi\/WP\/#\/schema\/person\/image\/"},"url":"https:\/\/www.remonen.fi\/WP\/blogi\/author\/mre\/"}]}},"_links":{"self":[{"href":"https:\/\/www.remonen.fi\/WP\/wp-json\/wp\/v2\/posts\/2417"}],"collection":[{"href":"https:\/\/www.remonen.fi\/WP\/wp-json\/wp\/v2\/posts"}],"about":[{"href":"https:\/\/www.remonen.fi\/WP\/wp-json\/wp\/v2\/types\/post"}],"author":[{"embeddable":true,"href":"https:\/\/www.remonen.fi\/WP\/wp-json\/wp\/v2\/users\/2"}],"replies":[{"embeddable":true,"href":"https:\/\/www.remonen.fi\/WP\/wp-json\/wp\/v2\/comments?post=2417"}],"version-history":[{"count":0,"href":"https:\/\/www.remonen.fi\/WP\/wp-json\/wp\/v2\/posts\/2417\/revisions"}],"wp:featuredmedia":[{"embeddable":true,"href":"https:\/\/www.remonen.fi\/WP\/wp-json\/wp\/v2\/media\/2420"}],"wp:attachment":[{"href":"https:\/\/www.remonen.fi\/WP\/wp-json\/wp\/v2\/media?parent=2417"}],"wp:term":[{"taxonomy":"category","embeddable":true,"href":"https:\/\/www.remonen.fi\/WP\/wp-json\/wp\/v2\/categories?post=2417"},{"taxonomy":"post_tag","embeddable":true,"href":"https:\/\/www.remonen.fi\/WP\/wp-json\/wp\/v2\/tags?post=2417"}],"curies":[{"name":"wp","href":"https:\/\/api.w.org\/{rel}","templated":true}]}}