{"id":266,"date":"2012-11-02T18:09:18","date_gmt":"2012-11-02T16:09:18","guid":{"rendered":"http:\/\/www.remonen.fi\/?p=266"},"modified":"2013-08-28T14:14:59","modified_gmt":"2013-08-28T11:14:59","slug":"digiexpo-2012-ja-skiexpo-ja-sabaexpo-ja","status":"publish","type":"post","link":"https:\/\/www.remonen.fi\/WP\/blogi\/digiexpo-2012-ja-skiexpo-ja-sabaexpo-ja\/","title":{"rendered":"DigiExpo 2012&#8230; ja SkiExpo&#8230; ja S\u00e4b\u00e4Expo&#8230; ja&#8230;"},"content":{"rendered":"<pre> Note: p\u00e4ivitin t\u00e4t\u00e4 viel\u00e4 y\u00f6n yli nukuttuani Docendon ja Nikonin osalta<\/pre>\n<p>Syksyn perinteinen expopl\u00e4j\u00e4ys on nyt taas kierretty ja hieman j\u00e4i pettynyt fiilis. Tosin n\u00e4in oli muistaakseni viime vuonnakin. Ja n\u00e4in taisi olla sit\u00e4 edellisen\u00e4kin vuonna. Hmmmm&#8230; sit\u00e4 ei vaan vanha koira sittenk\u00e4\u00e4n opi uusia temppuja. Viimeiset positiiviset kokemukset SkiExposta taitaa olla jostain viiden vuoden takaa. Silloin oli viel\u00e4 kotimaistenkin hiihtokeskusten st\u00e4ndeill\u00e4 draivia: Messil\u00e4n luukulta myytiin kaakaota ja hissilippuja. Muistaakseni ostin ahneuksissani kahdekan puolip\u00e4iv\u00e4lippua, joista nelj\u00e4 m\u00e4t\u00e4ni k\u00e4siin, kun talvella satoi vett\u00e4. Ehk\u00e4 on vain hyv\u00e4, ett\u00e4 Expot eiv\u00e4t saa minua en\u00e4\u00e4 mihink\u00e4\u00e4n shoppingfrenzyyn.<\/p>\n<p>T\u00e4n\u00e4 vuonna messut levitt\u00e4ytyv\u00e4t koko alakerran alueelle, yl\u00e4kerrassa ei ole mit\u00e4\u00e4n (pl. HifiExpo, josta tuonnempana). Kamap\u00f6rssi on siirretty SkiExpon yhteyteen, joka lienee hyv\u00e4 ratkaisu: nyt se ei ole erillinen &#8221;kirpputori it\u00e4-helsingiss\u00e4&#8221; vaan osana kaupungin sykett\u00e4. Osastoja ja expoja oli ryhmitelty paremmin kohderyhmien mukaan, joka sekin lis\u00e4nnee asiakastyytyv\u00e4isyytt\u00e4. Lis\u00e4\u00e4ntyneen tilan ansiosta kulkuv\u00e4yl\u00e4t ainakin n\u00e4yttiv\u00e4t todella leveilt\u00e4, mutta min\u00e4 ja nelj\u00e4 muuta k\u00e4vij\u00e4\u00e4 perjantain klo 12.00 emme saaneet ruuhkaa aikaiseksi yrityksist\u00e4 huolimatta. Lauantai sitten n\u00e4ytt\u00e4\u00e4 mit\u00e4 tuleman pit\u00e4\u00e4.<\/p>\n<div id=\"attachment_272\" style=\"width: 310px\" class=\"wp-caption alignright\"><a href=\"http:\/\/www.remonen.fi\/WP\/wp-content\/uploads\/2012\/11\/20121102-_DSC2959.jpg\"><img loading=\"lazy\" decoding=\"async\" aria-describedby=\"caption-attachment-272\" class=\"size-medium wp-image-272\" title=\"Stereot\" alt=\"Kaiuttimet\" src=\"http:\/\/www.remonen.fi\/WP\/wp-content\/uploads\/2012\/11\/20121102-_DSC2959-300x199.jpg\" width=\"300\" height=\"199\" srcset=\"https:\/\/www.remonen.fi\/WP\/wp-content\/uploads\/2012\/11\/20121102-_DSC2959-300x199.jpg 300w, https:\/\/www.remonen.fi\/WP\/wp-content\/uploads\/2012\/11\/20121102-_DSC2959-680x452.jpg 680w, https:\/\/www.remonen.fi\/WP\/wp-content\/uploads\/2012\/11\/20121102-_DSC2959-768x510.jpg 768w, https:\/\/www.remonen.fi\/WP\/wp-content\/uploads\/2012\/11\/20121102-_DSC2959-440x292.jpg 440w, https:\/\/www.remonen.fi\/WP\/wp-content\/uploads\/2012\/11\/20121102-_DSC2959-960x638.jpg 960w, https:\/\/www.remonen.fi\/WP\/wp-content\/uploads\/2012\/11\/20121102-_DSC2959-640x425.jpg 640w, https:\/\/www.remonen.fi\/WP\/wp-content\/uploads\/2012\/11\/20121102-_DSC2959.jpg 1024w\" sizes=\"(max-width: 300px) 100vw, 300px\" \/><\/a><p id=\"caption-attachment-272\" class=\"wp-caption-text\">Miksi kaiuttimien pit\u00e4isi olla harmaita? Tai mustia?<\/p><\/div>\n<p>Alunperin oli tarkoituksena menn\u00e4 katsomaan <strong>DigiExpo<\/strong>n puolelta Docendon <a title=\"Sakari M\u00e4kel\u00e4 - Digikuvat kehyksiin! - valokuvaajan tulostusopas\" href=\"http:\/\/www.docendo.fi\/tuote\/951-0-37141-6\" target=\"_blank\">&#8221;Digikuvat kehyksiin&#8221;<\/a>-opasta, mutta sit\u00e4h\u00e4n ei tietenk\u00e4\u00e4n osastolta l\u00f6ytynyt. Sen sijaan mukaan tarttui varsin mainio Tommi Laurinsalon ja Markus Hotakaisen <a title=\"Tommi Laurinsalo, Markus Hotakainen - Kuu taivaalta\" href=\"http:\/\/www.docendo.fi\/tuote\/978-952-5912-47-0\" target=\"_blank\">&#8221;Kuu Taivaalta&#8221;<\/a> ja loppujen lopuksi sain tilattua my\u00f6s\u00a0tuon kaipaamani oppaan alennettuun hintaan ja ilman postikuluja kotiin toimitettuna. Loppu hyvin, kaikki hyvin sill\u00e4 rintamalla.<\/p>\n<p>Docendon osastolla oli muutenkin hyv\u00e4 meininki:mm. Docendon mainosflaijerissa on useita eri alennuskoodeja <a title=\"Kuvatkirjaksi-palvelu\" href=\"http:\/\/www.kuvatkirjaksi.fi\/\" target=\"_blank\">KuvatKirjaksi<\/a>-palveluun. Kannattaa hy\u00f6dynt\u00e4\u00e4, jos on kirjaprojekteja menossa.<\/p>\n<div id=\"attachment_291\" style=\"width: 310px\" class=\"wp-caption alignleft\"><a href=\"http:\/\/www.remonen.fi\/WP\/wp-content\/uploads\/2012\/11\/20121102-_DSC2955.jpg\"><img loading=\"lazy\" decoding=\"async\" aria-describedby=\"caption-attachment-291\" class=\"size-medium wp-image-291\" title=\"Rah... Rajalan kassa\" alt=\"Rajala Pro Shop\" src=\"http:\/\/www.remonen.fi\/WP\/wp-content\/uploads\/2012\/11\/20121102-_DSC2955-300x277.jpg\" width=\"300\" height=\"277\" \/><\/a><p id=\"caption-attachment-291\" class=\"wp-caption-text\">No, Rajala ei peittele mit\u00e4 messuilta haetaan: kauppaa&#8230;<\/p><\/div>\n<p>Kamerapuoli on k\u00e4yt\u00e4nn\u00f6ss\u00e4 <a title=\"Rajala Pro Shop\" href=\"http:\/\/www.rajalacamera.fi\/\" target=\"_blank\">Rajalan <\/a>valtakuntaa, joten tarjonta sill\u00e4 osastolla on sit\u00e4 mit\u00e4 rahala haluaa myyd\u00e4. Olisin mielell\u00e4ni katsastanut Sonyn NEX-kameroihin sopivan uuden 10-18\/4 -laajakulmaobjektiivin, mutta NEXej\u00e4 ei koko messuilla n\u00e4kynyt. Sonyn osasto oli sanalla sanoen aneeminen.<\/p>\n<p>Nikonin osastolla j\u00e4rkk\u00e4ripuolella p\u00e4\u00e4paino oli D600:n esittelyss\u00e4, onhan D800(E) so last season ja toisaalta muut uutuudet, kuten uusi 70-200\/4 -tsuumi ja D5200 eiv\u00e4t ole viel\u00e4 saapuneet. D600:n tai D800:n ostamalla olisi saanut kaupan p\u00e4\u00e4lle Markku Saihan toimittaman<a title=\"Markku Saiha - Luontokuvauksen k\u00e4sikirja\" href=\"http:\/\/www.docendo.fi\/tuote\/978-952-5912-35-7\" target=\"_blank\"> &#8221;Luontokuvauksen k\u00e4sikirjan&#8221;<\/a>, Docendolta sekin. Erikseenkin tuota olisi saanut ostettua, mutta pit\u00e4\u00e4 odottaa ett\u00e4 sit\u00e4 saa alennuslaarista parilla kympill\u00e4. Ensi vuonna sitten. Muuten Nikonilla oli standill\u00e4 painotus Nikon 1-sarjaan ja sen uusiin versioihin. En niit\u00e4k\u00e4\u00e4n jaksanut sen enemp\u00e4\u00e4 h\u00e4mm\u00e4stell\u00e4, kun mikroj\u00e4rkk\u00e4rin pesti\u00e4 itsell\u00e4 hoitaa Sony NEX 5N (jolla t\u00e4m\u00e4n blokin kuvat on otettu).<\/p>\n<p>Canonin osastolla en jaksanut t\u00e4ll\u00e4 kertaa k\u00e4yd\u00e4 kun sille puolelle ei ole intohimoja. On niill\u00e4 kuitenkin hienot putket:<\/p>\n<div id=\"attachment_276\" style=\"width: 727px\" class=\"wp-caption aligncenter\"><a href=\"http:\/\/www.remonen.fi\/WP\/wp-content\/uploads\/2012\/11\/20121102-_DSC2951-Edit-Edit.jpg\"><img loading=\"lazy\" decoding=\"async\" aria-describedby=\"caption-attachment-276\" class=\" wp-image-276\" title=\"K\u00e4nonin joku putki\" alt=\"Rajalan showcase\" src=\"http:\/\/www.remonen.fi\/WP\/wp-content\/uploads\/2012\/11\/20121102-_DSC2951-Edit-Edit.jpg\" width=\"717\" height=\"477\" srcset=\"https:\/\/www.remonen.fi\/WP\/wp-content\/uploads\/2012\/11\/20121102-_DSC2951-Edit-Edit.jpg 1024w, https:\/\/www.remonen.fi\/WP\/wp-content\/uploads\/2012\/11\/20121102-_DSC2951-Edit-Edit-680x452.jpg 680w, https:\/\/www.remonen.fi\/WP\/wp-content\/uploads\/2012\/11\/20121102-_DSC2951-Edit-Edit-300x200.jpg 300w, https:\/\/www.remonen.fi\/WP\/wp-content\/uploads\/2012\/11\/20121102-_DSC2951-Edit-Edit-768x511.jpg 768w, https:\/\/www.remonen.fi\/WP\/wp-content\/uploads\/2012\/11\/20121102-_DSC2951-Edit-Edit-440x293.jpg 440w, https:\/\/www.remonen.fi\/WP\/wp-content\/uploads\/2012\/11\/20121102-_DSC2951-Edit-Edit-960x638.jpg 960w, https:\/\/www.remonen.fi\/WP\/wp-content\/uploads\/2012\/11\/20121102-_DSC2951-Edit-Edit-640x426.jpg 640w\" sizes=\"(max-width: 717px) 100vw, 717px\" \/><\/a><p id=\"caption-attachment-276\" class=\"wp-caption-text\">K\u00e4nonilla on pidemm\u00e4t putket&#8230;<\/p><\/div>\n<p><strong>L\u00e4tk\u00e4- ja S\u00e4b\u00e4Expot<\/strong> olivat kovin v\u00e4syneen ja tyhj\u00e4n n\u00e4k\u00f6iset. Toisaalta pit\u00e4\u00e4k\u00f6 tuonne tunkeakaan perjantaina puolen p\u00e4iv\u00e4n aikaan, kun teinit viel\u00e4 nukkuvat. Tai ovat koulussa &#8211; ja nukkuvat. Nuo expot rakentuvat enemm\u00e4n toiminnallisten standien varaan, eik\u00e4 niink\u00e4\u00e4n intersporttien myym\u00e4l\u00e4n jatkeiksi, joten v\u00e4en puute vet\u00e4\u00e4 alueen hiljaiseksi. Tosin l\u00e4tk\u00e4mailan sain kuitenkin ostettua. Ei niin pient\u00e4 messua, ettei jotain l\u00e4hde mukaan.<\/p>\n<div id=\"attachment_270\" style=\"width: 310px\" class=\"wp-caption alignright\"><a href=\"http:\/\/www.remonen.fi\/WP\/wp-content\/uploads\/2012\/11\/20121102-_DSC2968.jpg\"><img loading=\"lazy\" decoding=\"async\" aria-describedby=\"caption-attachment-270\" class=\"size-medium wp-image-270\" title=\"Pitsaa, mmm...\" alt=\"Pizzaa teineille.\" src=\"http:\/\/www.remonen.fi\/WP\/wp-content\/uploads\/2012\/11\/20121102-_DSC2968-300x223.jpg\" width=\"300\" height=\"223\" srcset=\"https:\/\/www.remonen.fi\/WP\/wp-content\/uploads\/2012\/11\/20121102-_DSC2968-300x223.jpg 300w, https:\/\/www.remonen.fi\/WP\/wp-content\/uploads\/2012\/11\/20121102-_DSC2968-680x506.jpg 680w, https:\/\/www.remonen.fi\/WP\/wp-content\/uploads\/2012\/11\/20121102-_DSC2968-768x572.jpg 768w, https:\/\/www.remonen.fi\/WP\/wp-content\/uploads\/2012\/11\/20121102-_DSC2968-440x327.jpg 440w, https:\/\/www.remonen.fi\/WP\/wp-content\/uploads\/2012\/11\/20121102-_DSC2968-960x714.jpg 960w, https:\/\/www.remonen.fi\/WP\/wp-content\/uploads\/2012\/11\/20121102-_DSC2968-640x476.jpg 640w, https:\/\/www.remonen.fi\/WP\/wp-content\/uploads\/2012\/11\/20121102-_DSC2968.jpg 1024w\" sizes=\"(max-width: 300px) 100vw, 300px\" \/><\/a><p id=\"caption-attachment-270\" class=\"wp-caption-text\">3D pitsaa, hmmm&#8230; peperonille se minusta maistui.<\/p><\/div>\n<p><strong>BoardExpo<\/strong> oli t\u00e4n\u00e4 vuonna rakennettu fiksusti pelimaailman kanssa yhteen: nyt teinit voivat skede\u00e4misen v\u00e4liss\u00e4 k\u00e4yd\u00e4 ampumassa parit Covenantit Halo 4:ss\u00e4. Muutenkin tuntui, ett\u00e4 alueella oli enemm\u00e4n tilaa. Tosin siell\u00e4kin\u00a0tunnelma oli kuin Pohjois-Koreassa Kim Tsing-Tsungin poismenon j\u00e4lkeisen\u00e4 aamuna: leve\u00e4t avenuet huusivat kulkijoita. Veikkaan, ett\u00e4 lauantaina ja sunnuntaina nuo entist\u00e4 leve\u00e4mm\u00e4t kulkuv\u00e4yl\u00e4t p\u00e4\u00e4sev\u00e4t oikeuksiinsa.<\/p>\n<p>&nbsp;<\/p>\n<div id=\"attachment_273\" style=\"width: 310px\" class=\"wp-caption alignleft\"><a href=\"http:\/\/www.remonen.fi\/WP\/wp-content\/uploads\/2012\/11\/20121102-_DSC2966.jpg\"><img loading=\"lazy\" decoding=\"async\" aria-describedby=\"caption-attachment-273\" class=\"size-medium wp-image-273\" title=\"Monot\" alt=\"Monot\" src=\"http:\/\/www.remonen.fi\/WP\/wp-content\/uploads\/2012\/11\/20121102-_DSC2966-300x199.jpg\" width=\"300\" height=\"199\" srcset=\"https:\/\/www.remonen.fi\/WP\/wp-content\/uploads\/2012\/11\/20121102-_DSC2966-300x199.jpg 300w, https:\/\/www.remonen.fi\/WP\/wp-content\/uploads\/2012\/11\/20121102-_DSC2966-680x452.jpg 680w, https:\/\/www.remonen.fi\/WP\/wp-content\/uploads\/2012\/11\/20121102-_DSC2966-768x510.jpg 768w, https:\/\/www.remonen.fi\/WP\/wp-content\/uploads\/2012\/11\/20121102-_DSC2966-440x292.jpg 440w, https:\/\/www.remonen.fi\/WP\/wp-content\/uploads\/2012\/11\/20121102-_DSC2966-960x638.jpg 960w, https:\/\/www.remonen.fi\/WP\/wp-content\/uploads\/2012\/11\/20121102-_DSC2966-640x425.jpg 640w, https:\/\/www.remonen.fi\/WP\/wp-content\/uploads\/2012\/11\/20121102-_DSC2966.jpg 1024w\" sizes=\"(max-width: 300px) 100vw, 300px\" \/><\/a><p id=\"caption-attachment-273\" class=\"wp-caption-text\">Olihan siell\u00e4 laskettelukamojakin.<\/p><\/div>\n<p>Itse <strong>SkiExpo<\/strong>ssa, joka siis on t\u00e4m\u00e4n tapahtuman esi-is\u00e4, meno oli aika ennaallaan. Siis l\u00e4hes. Tosin kohderyhm\u00e4n\u00e4 ei taida olla viiskymppiset hapannaamat. Varsinaista lasketteluun liittyv\u00e4\u00e4 tavaraa, on se sitten vaatteita tai v\u00e4lineit\u00e4, oli mielest\u00e4ni v\u00e4hemmin kuin ennen. Sen sijaan paikalla oli toki kaikenlaista autofirmaa (Audilta ei saanut pys\u00e4k\u00f6intilippuja t\u00e4n\u00e4 vuonna) ja tietysti saumattomasti lasketteluun liittyv\u00e4 Suomen Puolustusvoimat Ry, joka edusti itse\u00e4\u00e4n helikopterilent\u00e4jien, rannikkoj\u00e4\u00e4k\u00e4rien ja taistelusukeltajien voimin. No, mik\u00e4s siin\u00e4. Standin jantterit olivat sen verran heikosti p\u00e4\u00e4sseet sotkuun munkkikahville, etten viitsinyt kysy\u00e4 onko pv:ss\u00e4 tarvetta satakiloiselle taistelutorpedolle&#8230; &#8221;Lean, mean fightinmachine&#8221;. Not.<\/p>\n<p><strong>HifiExpo<\/strong> oli taas jemmattu jonnekin kongressisiipeen ja erillisiin neuvotteluhuoneisiin. T\u00e4m\u00e4 lienee pakon sanelema ratkaisu, kun kaikki haluavat hifistell\u00e4 omia putkivahvistimiaan ilman, ett\u00e4 teinin ghettoblaster p\u00e4\u00e4see pilaamaan feng shuita. Toisaalta se tarkoittaa sit\u00e4, ett\u00e4 n\u00e4yttely on tosi vaikea l\u00f6yt\u00e4\u00e4 ja sitten kun sinne joskus osuu, pois ei l\u00f6yd\u00e4 kuin Mordorin kartan avulla. Lis\u00e4ksi tavarat on siell\u00e4 hujan hajan myyj\u00e4liikkeiden valikoiman mukaan,\u00a0joten t\u00e4llaiselta peruspentilt\u00e4 j\u00e4i Yamahan Soundbar-kaiutin hankkimatta. Riitt\u00e4\u00e4p\u00e4h\u00e4n rahat kaljaan&#8230;<\/p>\n<p>Summa summarum: en ti\u00e4. V\u00e4h\u00e4n kuin Kotkan Merip\u00e4iv\u00e4t: joka vuosi sinne pit\u00e4\u00e4 tunkea ja joka vuosi pettyy. Jotenkin n\u00e4iss\u00e4 molemmissa menn\u00e4\u00e4n ns. vanhoilla kuvilla eik\u00e4 vika liene tapahtumissa vaan k\u00e4vij\u00e4ss\u00e4.<\/p>\n<div id=\"attachment_275\" style=\"width: 829px\" class=\"wp-caption alignnone\"><a href=\"http:\/\/www.remonen.fi\/WP\/wp-content\/uploads\/2012\/11\/20121102-_DSC2942.jpg\"><img loading=\"lazy\" decoding=\"async\" aria-describedby=\"caption-attachment-275\" class=\" wp-image-275\" title=\"Master Chief. Welcome back, Sir.\" alt=\"Tervetuloa, Halo 4\" src=\"http:\/\/www.remonen.fi\/WP\/wp-content\/uploads\/2012\/11\/20121102-_DSC2942.jpg\" width=\"819\" height=\"577\" srcset=\"https:\/\/www.remonen.fi\/WP\/wp-content\/uploads\/2012\/11\/20121102-_DSC2942.jpg 1024w, https:\/\/www.remonen.fi\/WP\/wp-content\/uploads\/2012\/11\/20121102-_DSC2942-680x479.jpg 680w, https:\/\/www.remonen.fi\/WP\/wp-content\/uploads\/2012\/11\/20121102-_DSC2942-300x211.jpg 300w, https:\/\/www.remonen.fi\/WP\/wp-content\/uploads\/2012\/11\/20121102-_DSC2942-768x541.jpg 768w, https:\/\/www.remonen.fi\/WP\/wp-content\/uploads\/2012\/11\/20121102-_DSC2942-440x310.jpg 440w, https:\/\/www.remonen.fi\/WP\/wp-content\/uploads\/2012\/11\/20121102-_DSC2942-960x676.jpg 960w, https:\/\/www.remonen.fi\/WP\/wp-content\/uploads\/2012\/11\/20121102-_DSC2942-640x451.jpg 640w\" sizes=\"(max-width: 819px) 100vw, 819px\" \/><\/a><p id=\"caption-attachment-275\" class=\"wp-caption-text\">Halo4 tulee, oletko valmis?<\/p><\/div>\n","protected":false},"excerpt":{"rendered":"<p>Note: p\u00e4ivitin t\u00e4t\u00e4 viel\u00e4 y\u00f6n yli nukuttuani Docendon ja Nikonin osalta Syksyn perinteinen expopl\u00e4j\u00e4ys on nyt taas kierretty ja hieman j\u00e4i pettynyt fiilis. Tosin n\u00e4in oli muistaakseni viime vuonnakin. Ja n\u00e4in taisi olla sit\u00e4 edellisen\u00e4kin vuonna. Hmmmm&#8230; sit\u00e4 ei vaan vanha koira sittenk\u00e4\u00e4n opi uusia temppuja. Viimeiset positiiviset kokemukset SkiExposta taitaa olla jostain viiden vuoden [&hellip;]<\/p>\n","protected":false},"author":2,"featured_media":271,"comment_status":"open","ping_status":"closed","sticky":false,"template":"","format":"standard","meta":{"footnotes":""},"categories":[16],"tags":[26,29,30,28,27],"yoast_head":"<!-- This site is optimized with the Yoast SEO plugin v24.5 - https:\/\/yoast.com\/wordpress\/plugins\/seo\/ -->\n<title>DigiExpo 2012, SkiExpo, S\u00e4b\u00e4Expo... - gREat MOments NEver forgotteN<\/title>\n<meta name=\"description\" content=\"DigiExpo 2012 tunnelmia, mys\u00f6 S\u00e4b\u00e4- Ski- ja HifiExpossa tuli k\u00e4yty\u00e4\" \/>\n<meta name=\"robots\" content=\"index, follow, max-snippet:-1, max-image-preview:large, max-video-preview:-1\" \/>\n<link rel=\"canonical\" href=\"https:\/\/www.remonen.fi\/WP\/blogi\/digiexpo-2012-ja-skiexpo-ja-sabaexpo-ja\/\" \/>\n<meta property=\"og:locale\" content=\"fi_FI\" \/>\n<meta property=\"og:type\" content=\"article\" \/>\n<meta property=\"og:title\" content=\"DigiExpo 2012, SkiExpo, S\u00e4b\u00e4Expo... - gREat MOments NEver forgotteN\" \/>\n<meta property=\"og:description\" content=\"DigiExpo 2012 tunnelmia, mys\u00f6 S\u00e4b\u00e4- Ski- ja HifiExpossa tuli k\u00e4yty\u00e4\" \/>\n<meta property=\"og:url\" content=\"https:\/\/www.remonen.fi\/WP\/blogi\/digiexpo-2012-ja-skiexpo-ja-sabaexpo-ja\/\" \/>\n<meta property=\"og:site_name\" content=\"remonen.fi\" \/>\n<meta property=\"article:published_time\" content=\"2012-11-02T16:09:18+00:00\" \/>\n<meta property=\"article:modified_time\" content=\"2013-08-28T11:14:59+00:00\" \/>\n<meta property=\"og:image\" content=\"https:\/\/www.remonen.fi\/WP\/wp-content\/uploads\/2012\/11\/20121102-_DSC2973.jpg\" \/>\n\t<meta property=\"og:image:width\" content=\"1024\" \/>\n\t<meta property=\"og:image:height\" content=\"395\" \/>\n\t<meta property=\"og:image:type\" content=\"image\/jpeg\" \/>\n<meta name=\"author\" content=\"Matti Remonen\" \/>\n<meta name=\"twitter:label1\" content=\"Kirjoittanut\" \/>\n\t<meta name=\"twitter:data1\" content=\"Matti Remonen\" \/>\n\t<meta name=\"twitter:label2\" content=\"Arvioitu lukuaika\" \/>\n\t<meta name=\"twitter:data2\" content=\"4 minuuttia\" \/>\n<script type=\"application\/ld+json\" class=\"yoast-schema-graph\">{\"@context\":\"https:\/\/schema.org\",\"@graph\":[{\"@type\":\"Article\",\"@id\":\"https:\/\/www.remonen.fi\/WP\/blogi\/digiexpo-2012-ja-skiexpo-ja-sabaexpo-ja\/#article\",\"isPartOf\":{\"@id\":\"https:\/\/www.remonen.fi\/WP\/blogi\/digiexpo-2012-ja-skiexpo-ja-sabaexpo-ja\/\"},\"author\":{\"name\":\"Matti Remonen\",\"@id\":\"https:\/\/www.remonen.fi\/WP\/#\/schema\/person\/1803c23d1d4f6722054eb2ac7f7a97cd\"},\"headline\":\"DigiExpo 2012&#8230; ja SkiExpo&#8230; ja S\u00e4b\u00e4Expo&#8230; ja&#8230;\",\"datePublished\":\"2012-11-02T16:09:18+00:00\",\"dateModified\":\"2013-08-28T11:14:59+00:00\",\"mainEntityOfPage\":{\"@id\":\"https:\/\/www.remonen.fi\/WP\/blogi\/digiexpo-2012-ja-skiexpo-ja-sabaexpo-ja\/\"},\"wordCount\":893,\"commentCount\":2,\"publisher\":{\"@id\":\"https:\/\/www.remonen.fi\/WP\/#\/schema\/person\/1803c23d1d4f6722054eb2ac7f7a97cd\"},\"image\":{\"@id\":\"https:\/\/www.remonen.fi\/WP\/blogi\/digiexpo-2012-ja-skiexpo-ja-sabaexpo-ja\/#primaryimage\"},\"thumbnailUrl\":\"https:\/\/www.remonen.fi\/WP\/wp-content\/uploads\/2012\/11\/20121102-_DSC2973.jpg\",\"keywords\":[\"digiexpo\",\"l\u00e4tk\u00e4expo\",\"messukeskus\",\"s\u00e4b\u00e4expo\",\"skiexpo\"],\"articleSection\":[\"Blog\"],\"inLanguage\":\"fi\",\"potentialAction\":[{\"@type\":\"CommentAction\",\"name\":\"Comment\",\"target\":[\"https:\/\/www.remonen.fi\/WP\/blogi\/digiexpo-2012-ja-skiexpo-ja-sabaexpo-ja\/#respond\"]}]},{\"@type\":\"WebPage\",\"@id\":\"https:\/\/www.remonen.fi\/WP\/blogi\/digiexpo-2012-ja-skiexpo-ja-sabaexpo-ja\/\",\"url\":\"https:\/\/www.remonen.fi\/WP\/blogi\/digiexpo-2012-ja-skiexpo-ja-sabaexpo-ja\/\",\"name\":\"DigiExpo 2012, SkiExpo, S\u00e4b\u00e4Expo... - gREat MOments NEver forgotteN\",\"isPartOf\":{\"@id\":\"https:\/\/www.remonen.fi\/WP\/#website\"},\"primaryImageOfPage\":{\"@id\":\"https:\/\/www.remonen.fi\/WP\/blogi\/digiexpo-2012-ja-skiexpo-ja-sabaexpo-ja\/#primaryimage\"},\"image\":{\"@id\":\"https:\/\/www.remonen.fi\/WP\/blogi\/digiexpo-2012-ja-skiexpo-ja-sabaexpo-ja\/#primaryimage\"},\"thumbnailUrl\":\"https:\/\/www.remonen.fi\/WP\/wp-content\/uploads\/2012\/11\/20121102-_DSC2973.jpg\",\"datePublished\":\"2012-11-02T16:09:18+00:00\",\"dateModified\":\"2013-08-28T11:14:59+00:00\",\"description\":\"DigiExpo 2012 tunnelmia, mys\u00f6 S\u00e4b\u00e4- Ski- ja HifiExpossa tuli k\u00e4yty\u00e4\",\"breadcrumb\":{\"@id\":\"https:\/\/www.remonen.fi\/WP\/blogi\/digiexpo-2012-ja-skiexpo-ja-sabaexpo-ja\/#breadcrumb\"},\"inLanguage\":\"fi\",\"potentialAction\":[{\"@type\":\"ReadAction\",\"target\":[\"https:\/\/www.remonen.fi\/WP\/blogi\/digiexpo-2012-ja-skiexpo-ja-sabaexpo-ja\/\"]}]},{\"@type\":\"ImageObject\",\"inLanguage\":\"fi\",\"@id\":\"https:\/\/www.remonen.fi\/WP\/blogi\/digiexpo-2012-ja-skiexpo-ja-sabaexpo-ja\/#primaryimage\",\"url\":\"https:\/\/www.remonen.fi\/WP\/wp-content\/uploads\/2012\/11\/20121102-_DSC2973.jpg\",\"contentUrl\":\"https:\/\/www.remonen.fi\/WP\/wp-content\/uploads\/2012\/11\/20121102-_DSC2973.jpg\",\"width\":1024,\"height\":395},{\"@type\":\"BreadcrumbList\",\"@id\":\"https:\/\/www.remonen.fi\/WP\/blogi\/digiexpo-2012-ja-skiexpo-ja-sabaexpo-ja\/#breadcrumb\",\"itemListElement\":[{\"@type\":\"ListItem\",\"position\":1,\"name\":\"Etusivu\",\"item\":\"https:\/\/www.remonen.fi\/WP\/\"},{\"@type\":\"ListItem\",\"position\":2,\"name\":\"DigiExpo 2012&#8230; ja SkiExpo&#8230; ja S\u00e4b\u00e4Expo&#8230; ja&#8230;\"}]},{\"@type\":\"WebSite\",\"@id\":\"https:\/\/www.remonen.fi\/WP\/#website\",\"url\":\"https:\/\/www.remonen.fi\/WP\/\",\"name\":\"remonen.fi\",\"description\":\"Valokuvia ja tarinaa laidasta laitaan\",\"publisher\":{\"@id\":\"https:\/\/www.remonen.fi\/WP\/#\/schema\/person\/1803c23d1d4f6722054eb2ac7f7a97cd\"},\"potentialAction\":[{\"@type\":\"SearchAction\",\"target\":{\"@type\":\"EntryPoint\",\"urlTemplate\":\"https:\/\/www.remonen.fi\/WP\/?s={search_term_string}\"},\"query-input\":{\"@type\":\"PropertyValueSpecification\",\"valueRequired\":true,\"valueName\":\"search_term_string\"}}],\"inLanguage\":\"fi\"},{\"@type\":[\"Person\",\"Organization\"],\"@id\":\"https:\/\/www.remonen.fi\/WP\/#\/schema\/person\/1803c23d1d4f6722054eb2ac7f7a97cd\",\"name\":\"Matti Remonen\",\"logo\":{\"@id\":\"https:\/\/www.remonen.fi\/WP\/#\/schema\/person\/image\/\"},\"url\":\"https:\/\/www.remonen.fi\/WP\/blogi\/author\/mre\/\"}]}<\/script>\n<!-- \/ Yoast SEO plugin. -->","yoast_head_json":{"title":"DigiExpo 2012, SkiExpo, S\u00e4b\u00e4Expo... - gREat MOments NEver forgotteN","description":"DigiExpo 2012 tunnelmia, mys\u00f6 S\u00e4b\u00e4- Ski- ja HifiExpossa tuli k\u00e4yty\u00e4","robots":{"index":"index","follow":"follow","max-snippet":"max-snippet:-1","max-image-preview":"max-image-preview:large","max-video-preview":"max-video-preview:-1"},"canonical":"https:\/\/www.remonen.fi\/WP\/blogi\/digiexpo-2012-ja-skiexpo-ja-sabaexpo-ja\/","og_locale":"fi_FI","og_type":"article","og_title":"DigiExpo 2012, SkiExpo, S\u00e4b\u00e4Expo... - gREat MOments NEver forgotteN","og_description":"DigiExpo 2012 tunnelmia, mys\u00f6 S\u00e4b\u00e4- Ski- ja HifiExpossa tuli k\u00e4yty\u00e4","og_url":"https:\/\/www.remonen.fi\/WP\/blogi\/digiexpo-2012-ja-skiexpo-ja-sabaexpo-ja\/","og_site_name":"remonen.fi","article_published_time":"2012-11-02T16:09:18+00:00","article_modified_time":"2013-08-28T11:14:59+00:00","og_image":[{"width":1024,"height":395,"url":"https:\/\/www.remonen.fi\/WP\/wp-content\/uploads\/2012\/11\/20121102-_DSC2973.jpg","type":"image\/jpeg"}],"author":"Matti Remonen","twitter_misc":{"Kirjoittanut":"Matti Remonen","Arvioitu lukuaika":"4 minuuttia"},"schema":{"@context":"https:\/\/schema.org","@graph":[{"@type":"Article","@id":"https:\/\/www.remonen.fi\/WP\/blogi\/digiexpo-2012-ja-skiexpo-ja-sabaexpo-ja\/#article","isPartOf":{"@id":"https:\/\/www.remonen.fi\/WP\/blogi\/digiexpo-2012-ja-skiexpo-ja-sabaexpo-ja\/"},"author":{"name":"Matti Remonen","@id":"https:\/\/www.remonen.fi\/WP\/#\/schema\/person\/1803c23d1d4f6722054eb2ac7f7a97cd"},"headline":"DigiExpo 2012&#8230; ja SkiExpo&#8230; ja S\u00e4b\u00e4Expo&#8230; ja&#8230;","datePublished":"2012-11-02T16:09:18+00:00","dateModified":"2013-08-28T11:14:59+00:00","mainEntityOfPage":{"@id":"https:\/\/www.remonen.fi\/WP\/blogi\/digiexpo-2012-ja-skiexpo-ja-sabaexpo-ja\/"},"wordCount":893,"commentCount":2,"publisher":{"@id":"https:\/\/www.remonen.fi\/WP\/#\/schema\/person\/1803c23d1d4f6722054eb2ac7f7a97cd"},"image":{"@id":"https:\/\/www.remonen.fi\/WP\/blogi\/digiexpo-2012-ja-skiexpo-ja-sabaexpo-ja\/#primaryimage"},"thumbnailUrl":"https:\/\/www.remonen.fi\/WP\/wp-content\/uploads\/2012\/11\/20121102-_DSC2973.jpg","keywords":["digiexpo","l\u00e4tk\u00e4expo","messukeskus","s\u00e4b\u00e4expo","skiexpo"],"articleSection":["Blog"],"inLanguage":"fi","potentialAction":[{"@type":"CommentAction","name":"Comment","target":["https:\/\/www.remonen.fi\/WP\/blogi\/digiexpo-2012-ja-skiexpo-ja-sabaexpo-ja\/#respond"]}]},{"@type":"WebPage","@id":"https:\/\/www.remonen.fi\/WP\/blogi\/digiexpo-2012-ja-skiexpo-ja-sabaexpo-ja\/","url":"https:\/\/www.remonen.fi\/WP\/blogi\/digiexpo-2012-ja-skiexpo-ja-sabaexpo-ja\/","name":"DigiExpo 2012, SkiExpo, S\u00e4b\u00e4Expo... - gREat MOments NEver forgotteN","isPartOf":{"@id":"https:\/\/www.remonen.fi\/WP\/#website"},"primaryImageOfPage":{"@id":"https:\/\/www.remonen.fi\/WP\/blogi\/digiexpo-2012-ja-skiexpo-ja-sabaexpo-ja\/#primaryimage"},"image":{"@id":"https:\/\/www.remonen.fi\/WP\/blogi\/digiexpo-2012-ja-skiexpo-ja-sabaexpo-ja\/#primaryimage"},"thumbnailUrl":"https:\/\/www.remonen.fi\/WP\/wp-content\/uploads\/2012\/11\/20121102-_DSC2973.jpg","datePublished":"2012-11-02T16:09:18+00:00","dateModified":"2013-08-28T11:14:59+00:00","description":"DigiExpo 2012 tunnelmia, mys\u00f6 S\u00e4b\u00e4- Ski- ja HifiExpossa tuli k\u00e4yty\u00e4","breadcrumb":{"@id":"https:\/\/www.remonen.fi\/WP\/blogi\/digiexpo-2012-ja-skiexpo-ja-sabaexpo-ja\/#breadcrumb"},"inLanguage":"fi","potentialAction":[{"@type":"ReadAction","target":["https:\/\/www.remonen.fi\/WP\/blogi\/digiexpo-2012-ja-skiexpo-ja-sabaexpo-ja\/"]}]},{"@type":"ImageObject","inLanguage":"fi","@id":"https:\/\/www.remonen.fi\/WP\/blogi\/digiexpo-2012-ja-skiexpo-ja-sabaexpo-ja\/#primaryimage","url":"https:\/\/www.remonen.fi\/WP\/wp-content\/uploads\/2012\/11\/20121102-_DSC2973.jpg","contentUrl":"https:\/\/www.remonen.fi\/WP\/wp-content\/uploads\/2012\/11\/20121102-_DSC2973.jpg","width":1024,"height":395},{"@type":"BreadcrumbList","@id":"https:\/\/www.remonen.fi\/WP\/blogi\/digiexpo-2012-ja-skiexpo-ja-sabaexpo-ja\/#breadcrumb","itemListElement":[{"@type":"ListItem","position":1,"name":"Etusivu","item":"https:\/\/www.remonen.fi\/WP\/"},{"@type":"ListItem","position":2,"name":"DigiExpo 2012&#8230; ja SkiExpo&#8230; ja S\u00e4b\u00e4Expo&#8230; ja&#8230;"}]},{"@type":"WebSite","@id":"https:\/\/www.remonen.fi\/WP\/#website","url":"https:\/\/www.remonen.fi\/WP\/","name":"remonen.fi","description":"Valokuvia ja tarinaa laidasta laitaan","publisher":{"@id":"https:\/\/www.remonen.fi\/WP\/#\/schema\/person\/1803c23d1d4f6722054eb2ac7f7a97cd"},"potentialAction":[{"@type":"SearchAction","target":{"@type":"EntryPoint","urlTemplate":"https:\/\/www.remonen.fi\/WP\/?s={search_term_string}"},"query-input":{"@type":"PropertyValueSpecification","valueRequired":true,"valueName":"search_term_string"}}],"inLanguage":"fi"},{"@type":["Person","Organization"],"@id":"https:\/\/www.remonen.fi\/WP\/#\/schema\/person\/1803c23d1d4f6722054eb2ac7f7a97cd","name":"Matti Remonen","logo":{"@id":"https:\/\/www.remonen.fi\/WP\/#\/schema\/person\/image\/"},"url":"https:\/\/www.remonen.fi\/WP\/blogi\/author\/mre\/"}]}},"_links":{"self":[{"href":"https:\/\/www.remonen.fi\/WP\/wp-json\/wp\/v2\/posts\/266"}],"collection":[{"href":"https:\/\/www.remonen.fi\/WP\/wp-json\/wp\/v2\/posts"}],"about":[{"href":"https:\/\/www.remonen.fi\/WP\/wp-json\/wp\/v2\/types\/post"}],"author":[{"embeddable":true,"href":"https:\/\/www.remonen.fi\/WP\/wp-json\/wp\/v2\/users\/2"}],"replies":[{"embeddable":true,"href":"https:\/\/www.remonen.fi\/WP\/wp-json\/wp\/v2\/comments?post=266"}],"version-history":[{"count":0,"href":"https:\/\/www.remonen.fi\/WP\/wp-json\/wp\/v2\/posts\/266\/revisions"}],"wp:featuredmedia":[{"embeddable":true,"href":"https:\/\/www.remonen.fi\/WP\/wp-json\/wp\/v2\/media\/271"}],"wp:attachment":[{"href":"https:\/\/www.remonen.fi\/WP\/wp-json\/wp\/v2\/media?parent=266"}],"wp:term":[{"taxonomy":"category","embeddable":true,"href":"https:\/\/www.remonen.fi\/WP\/wp-json\/wp\/v2\/categories?post=266"},{"taxonomy":"post_tag","embeddable":true,"href":"https:\/\/www.remonen.fi\/WP\/wp-json\/wp\/v2\/tags?post=266"}],"curies":[{"name":"wp","href":"https:\/\/api.w.org\/{rel}","templated":true}]}}