{"id":2698,"date":"2013-08-10T16:44:21","date_gmt":"2013-08-10T13:44:21","guid":{"rendered":"http:\/\/www.remonen.fi\/?p=2698"},"modified":"2013-08-28T14:21:14","modified_gmt":"2013-08-28T11:21:14","slug":"hylkya-metsastamassa","status":"publish","type":"post","link":"https:\/\/www.remonen.fi\/WP\/blogi\/hylkya-metsastamassa\/","title":{"rendered":"Hylky\u00e4 mets\u00e4st\u00e4m\u00e4ss\u00e4"},"content":{"rendered":"<div id=\"attachment_2700\" style=\"width: 140px\" class=\"wp-caption alignleft\"><a href=\"http:\/\/www.remonen.fi\/WP\/wp-content\/uploads\/2013\/08\/hylky-2.jpg\"><img loading=\"lazy\" decoding=\"async\" aria-describedby=\"caption-attachment-2700\" class=\" wp-image-2700   \" alt=\"Hylky on todella rannassa\" src=\"http:\/\/www.remonen.fi\/WP\/wp-content\/uploads\/2013\/08\/hylky-2-200x300.jpg\" width=\"130\" height=\"194\" srcset=\"https:\/\/www.remonen.fi\/WP\/wp-content\/uploads\/2013\/08\/hylky-2-200x300.jpg 200w, https:\/\/www.remonen.fi\/WP\/wp-content\/uploads\/2013\/08\/hylky-2.jpg 534w\" sizes=\"(max-width: 130px) 100vw, 130px\" \/><\/a><p id=\"caption-attachment-2700\" class=\"wp-caption-text\">Hylky on todella rannassa<\/p><\/div>\n<p>Netiss\u00e4 alkoi n\u00e4kym\u00e4\u00e4n kuvia s\u00f6p\u00f6sti kallellaan olevasta kalastusaluksen raadosta. Omakin mielenkiinto her\u00e4si ja piti l\u00e4hte\u00e4 katsomaan, milt\u00e4 tuo luonnossa n\u00e4ytt\u00e4\u00e4 ja millaista kuvaa siit\u00e4 on mahdollisuus ottaa. Toki odotusarvo oli aika alhaalla, koska kaikki netiss\u00e4 n\u00e4hdyt kuvat oli kuvattu k\u00e4yt\u00e4nn\u00f6ss\u00e4 samasta paikasta.<\/p>\n<p>Auto alle ja Em\u00e4saloon p\u00e4in. Siin\u00e4h\u00e4n se sitten hieman ennen Em\u00e4salon siltaa retkotti rannassa. Ja ei siit\u00e4 tosiaan kovin monesta kulmasta p\u00e4\u00e4ssyt kuvaamaan, niin ett\u00e4 kuvasta olisi tullut edes hieman j\u00e4rkev\u00e4n n\u00e4k\u00f6inen.<\/p>\n<p>No, t\u00e4llainen HDR-viritys siit\u00e4 sitten tuli:<\/p>\n<p><a href=\"http:\/\/www.remonen.fi\/WP\/wp-content\/uploads\/2013\/08\/hylky.jpg\"><img loading=\"lazy\" decoding=\"async\" class=\"aligncenter size-medium wp-image-2701\" alt=\"hylky\" src=\"http:\/\/www.remonen.fi\/WP\/wp-content\/uploads\/2013\/08\/hylky-300x200.jpg\" width=\"300\" height=\"200\" srcset=\"https:\/\/www.remonen.fi\/WP\/wp-content\/uploads\/2013\/08\/hylky-300x200.jpg 300w, https:\/\/www.remonen.fi\/WP\/wp-content\/uploads\/2013\/08\/hylky.jpg 800w\" sizes=\"(max-width: 300px) 100vw, 300px\" \/><\/a><\/p>\n<p>V\u00e4h\u00e4n hylyst\u00e4 eteenp\u00e4in, heti sillan j\u00e4lkeen oikealla on pittoreski terassi ja lev\u00e4hdyspaikka, jossa on Gulf:in polttoaineasema. En tiennytk\u00e4\u00e4n, ett\u00e4 Gulf:eja viel\u00e4 on olemassa, muistan niit\u00e4 vain lapsuudesta.<\/p>\n<p><a href=\"http:\/\/www.remonen.fi\/WP\/wp-content\/uploads\/2013\/08\/hylky-3.jpg\"><img loading=\"lazy\" decoding=\"async\" class=\"aligncenter size-medium wp-image-2699\" alt=\"hylky-3\" src=\"http:\/\/www.remonen.fi\/WP\/wp-content\/uploads\/2013\/08\/hylky-3-200x300.jpg\" width=\"200\" height=\"300\" srcset=\"https:\/\/www.remonen.fi\/WP\/wp-content\/uploads\/2013\/08\/hylky-3-200x300.jpg 200w, https:\/\/www.remonen.fi\/WP\/wp-content\/uploads\/2013\/08\/hylky-3.jpg 534w\" sizes=\"(max-width: 200px) 100vw, 200px\" \/><\/a>Reisussa mukana D800E, AF-S 24-70\/2.8G. Oli mulla uusi AF-S 85\/1.8G:kin mukana, mutta sopivaa kuvattavaa sille ei l\u00f6ytynyt.<\/p>\n","protected":false},"excerpt":{"rendered":"<p>Netiss\u00e4 alkoi n\u00e4kym\u00e4\u00e4n kuvia s\u00f6p\u00f6sti kallellaan olevasta kalastusaluksen raadosta. Omakin mielenkiinto her\u00e4si ja piti l\u00e4hte\u00e4 katsomaan, milt\u00e4 tuo luonnossa n\u00e4ytt\u00e4\u00e4 ja millaista kuvaa siit\u00e4 on mahdollisuus ottaa. Toki odotusarvo oli aika alhaalla, koska kaikki netiss\u00e4 n\u00e4hdyt kuvat oli kuvattu k\u00e4yt\u00e4nn\u00f6ss\u00e4 samasta paikasta. Auto alle ja Em\u00e4saloon p\u00e4in. Siin\u00e4h\u00e4n se sitten hieman ennen Em\u00e4salon siltaa retkotti [&hellip;]<\/p>\n","protected":false},"author":2,"featured_media":2701,"comment_status":"open","ping_status":"closed","sticky":false,"template":"","format":"standard","meta":{"footnotes":""},"categories":[16],"tags":[75,74],"yoast_head":"<!-- This site is optimized with the Yoast SEO plugin v24.5 - https:\/\/yoast.com\/wordpress\/plugins\/seo\/ -->\n<title>Hylky\u00e4 mets\u00e4st\u00e4m\u00e4ss\u00e4 - gREat MOments NEver forgotteN<\/title>\n<meta name=\"description\" content=\"Em\u00e4salon sillan pieless\u00e4 olevaa hylky\u00e4 piti tietysti l\u00e4hte\u00e4 etsim\u00e4\u00e4n ja kuvaamaan.\" \/>\n<meta name=\"robots\" content=\"index, follow, max-snippet:-1, max-image-preview:large, max-video-preview:-1\" \/>\n<link rel=\"canonical\" href=\"https:\/\/www.remonen.fi\/WP\/blogi\/hylkya-metsastamassa\/\" \/>\n<meta property=\"og:locale\" content=\"fi_FI\" \/>\n<meta property=\"og:type\" content=\"article\" \/>\n<meta property=\"og:title\" content=\"Hylky\u00e4 mets\u00e4st\u00e4m\u00e4ss\u00e4 - gREat MOments NEver forgotteN\" \/>\n<meta property=\"og:description\" content=\"Em\u00e4salon sillan pieless\u00e4 olevaa hylky\u00e4 piti tietysti l\u00e4hte\u00e4 etsim\u00e4\u00e4n ja kuvaamaan.\" \/>\n<meta property=\"og:url\" content=\"https:\/\/www.remonen.fi\/WP\/blogi\/hylkya-metsastamassa\/\" \/>\n<meta property=\"og:site_name\" content=\"remonen.fi\" \/>\n<meta property=\"article:published_time\" content=\"2013-08-10T13:44:21+00:00\" \/>\n<meta property=\"article:modified_time\" content=\"2013-08-28T11:21:14+00:00\" \/>\n<meta property=\"og:image\" content=\"https:\/\/www.remonen.fi\/WP\/wp-content\/uploads\/2013\/08\/hylky.jpg\" \/>\n\t<meta property=\"og:image:width\" content=\"800\" \/>\n\t<meta property=\"og:image:height\" content=\"534\" \/>\n\t<meta property=\"og:image:type\" content=\"image\/jpeg\" \/>\n<meta name=\"author\" content=\"Matti Remonen\" \/>\n<meta name=\"twitter:label1\" content=\"Kirjoittanut\" \/>\n\t<meta name=\"twitter:data1\" content=\"Matti Remonen\" \/>\n\t<meta name=\"twitter:label2\" content=\"Arvioitu lukuaika\" \/>\n\t<meta name=\"twitter:data2\" content=\"1 minuutti\" \/>\n<script type=\"application\/ld+json\" class=\"yoast-schema-graph\">{\"@context\":\"https:\/\/schema.org\",\"@graph\":[{\"@type\":\"Article\",\"@id\":\"https:\/\/www.remonen.fi\/WP\/blogi\/hylkya-metsastamassa\/#article\",\"isPartOf\":{\"@id\":\"https:\/\/www.remonen.fi\/WP\/blogi\/hylkya-metsastamassa\/\"},\"author\":{\"name\":\"Matti Remonen\",\"@id\":\"https:\/\/www.remonen.fi\/WP\/#\/schema\/person\/1803c23d1d4f6722054eb2ac7f7a97cd\"},\"headline\":\"Hylky\u00e4 mets\u00e4st\u00e4m\u00e4ss\u00e4\",\"datePublished\":\"2013-08-10T13:44:21+00:00\",\"dateModified\":\"2013-08-28T11:21:14+00:00\",\"mainEntityOfPage\":{\"@id\":\"https:\/\/www.remonen.fi\/WP\/blogi\/hylkya-metsastamassa\/\"},\"wordCount\":174,\"commentCount\":0,\"publisher\":{\"@id\":\"https:\/\/www.remonen.fi\/WP\/#\/schema\/person\/1803c23d1d4f6722054eb2ac7f7a97cd\"},\"image\":{\"@id\":\"https:\/\/www.remonen.fi\/WP\/blogi\/hylkya-metsastamassa\/#primaryimage\"},\"thumbnailUrl\":\"https:\/\/www.remonen.fi\/WP\/wp-content\/uploads\/2013\/08\/hylky.jpg\",\"keywords\":[\"Em\u00e4salo\",\"Hylky\"],\"articleSection\":[\"Blog\"],\"inLanguage\":\"fi\",\"potentialAction\":[{\"@type\":\"CommentAction\",\"name\":\"Comment\",\"target\":[\"https:\/\/www.remonen.fi\/WP\/blogi\/hylkya-metsastamassa\/#respond\"]}]},{\"@type\":\"WebPage\",\"@id\":\"https:\/\/www.remonen.fi\/WP\/blogi\/hylkya-metsastamassa\/\",\"url\":\"https:\/\/www.remonen.fi\/WP\/blogi\/hylkya-metsastamassa\/\",\"name\":\"Hylky\u00e4 mets\u00e4st\u00e4m\u00e4ss\u00e4 - gREat MOments NEver forgotteN\",\"isPartOf\":{\"@id\":\"https:\/\/www.remonen.fi\/WP\/#website\"},\"primaryImageOfPage\":{\"@id\":\"https:\/\/www.remonen.fi\/WP\/blogi\/hylkya-metsastamassa\/#primaryimage\"},\"image\":{\"@id\":\"https:\/\/www.remonen.fi\/WP\/blogi\/hylkya-metsastamassa\/#primaryimage\"},\"thumbnailUrl\":\"https:\/\/www.remonen.fi\/WP\/wp-content\/uploads\/2013\/08\/hylky.jpg\",\"datePublished\":\"2013-08-10T13:44:21+00:00\",\"dateModified\":\"2013-08-28T11:21:14+00:00\",\"description\":\"Em\u00e4salon sillan pieless\u00e4 olevaa hylky\u00e4 piti tietysti l\u00e4hte\u00e4 etsim\u00e4\u00e4n ja kuvaamaan.\",\"breadcrumb\":{\"@id\":\"https:\/\/www.remonen.fi\/WP\/blogi\/hylkya-metsastamassa\/#breadcrumb\"},\"inLanguage\":\"fi\",\"potentialAction\":[{\"@type\":\"ReadAction\",\"target\":[\"https:\/\/www.remonen.fi\/WP\/blogi\/hylkya-metsastamassa\/\"]}]},{\"@type\":\"ImageObject\",\"inLanguage\":\"fi\",\"@id\":\"https:\/\/www.remonen.fi\/WP\/blogi\/hylkya-metsastamassa\/#primaryimage\",\"url\":\"https:\/\/www.remonen.fi\/WP\/wp-content\/uploads\/2013\/08\/hylky.jpg\",\"contentUrl\":\"https:\/\/www.remonen.fi\/WP\/wp-content\/uploads\/2013\/08\/hylky.jpg\",\"width\":800,\"height\":534},{\"@type\":\"BreadcrumbList\",\"@id\":\"https:\/\/www.remonen.fi\/WP\/blogi\/hylkya-metsastamassa\/#breadcrumb\",\"itemListElement\":[{\"@type\":\"ListItem\",\"position\":1,\"name\":\"Etusivu\",\"item\":\"https:\/\/www.remonen.fi\/WP\/\"},{\"@type\":\"ListItem\",\"position\":2,\"name\":\"Hylky\u00e4 mets\u00e4st\u00e4m\u00e4ss\u00e4\"}]},{\"@type\":\"WebSite\",\"@id\":\"https:\/\/www.remonen.fi\/WP\/#website\",\"url\":\"https:\/\/www.remonen.fi\/WP\/\",\"name\":\"remonen.fi\",\"description\":\"Valokuvia ja tarinaa laidasta laitaan\",\"publisher\":{\"@id\":\"https:\/\/www.remonen.fi\/WP\/#\/schema\/person\/1803c23d1d4f6722054eb2ac7f7a97cd\"},\"potentialAction\":[{\"@type\":\"SearchAction\",\"target\":{\"@type\":\"EntryPoint\",\"urlTemplate\":\"https:\/\/www.remonen.fi\/WP\/?s={search_term_string}\"},\"query-input\":{\"@type\":\"PropertyValueSpecification\",\"valueRequired\":true,\"valueName\":\"search_term_string\"}}],\"inLanguage\":\"fi\"},{\"@type\":[\"Person\",\"Organization\"],\"@id\":\"https:\/\/www.remonen.fi\/WP\/#\/schema\/person\/1803c23d1d4f6722054eb2ac7f7a97cd\",\"name\":\"Matti Remonen\",\"logo\":{\"@id\":\"https:\/\/www.remonen.fi\/WP\/#\/schema\/person\/image\/\"},\"url\":\"https:\/\/www.remonen.fi\/WP\/blogi\/author\/mre\/\"}]}<\/script>\n<!-- \/ Yoast SEO plugin. -->","yoast_head_json":{"title":"Hylky\u00e4 mets\u00e4st\u00e4m\u00e4ss\u00e4 - gREat MOments NEver forgotteN","description":"Em\u00e4salon sillan pieless\u00e4 olevaa hylky\u00e4 piti tietysti l\u00e4hte\u00e4 etsim\u00e4\u00e4n ja kuvaamaan.","robots":{"index":"index","follow":"follow","max-snippet":"max-snippet:-1","max-image-preview":"max-image-preview:large","max-video-preview":"max-video-preview:-1"},"canonical":"https:\/\/www.remonen.fi\/WP\/blogi\/hylkya-metsastamassa\/","og_locale":"fi_FI","og_type":"article","og_title":"Hylky\u00e4 mets\u00e4st\u00e4m\u00e4ss\u00e4 - gREat MOments NEver forgotteN","og_description":"Em\u00e4salon sillan pieless\u00e4 olevaa hylky\u00e4 piti tietysti l\u00e4hte\u00e4 etsim\u00e4\u00e4n ja kuvaamaan.","og_url":"https:\/\/www.remonen.fi\/WP\/blogi\/hylkya-metsastamassa\/","og_site_name":"remonen.fi","article_published_time":"2013-08-10T13:44:21+00:00","article_modified_time":"2013-08-28T11:21:14+00:00","og_image":[{"width":800,"height":534,"url":"https:\/\/www.remonen.fi\/WP\/wp-content\/uploads\/2013\/08\/hylky.jpg","type":"image\/jpeg"}],"author":"Matti Remonen","twitter_misc":{"Kirjoittanut":"Matti Remonen","Arvioitu lukuaika":"1 minuutti"},"schema":{"@context":"https:\/\/schema.org","@graph":[{"@type":"Article","@id":"https:\/\/www.remonen.fi\/WP\/blogi\/hylkya-metsastamassa\/#article","isPartOf":{"@id":"https:\/\/www.remonen.fi\/WP\/blogi\/hylkya-metsastamassa\/"},"author":{"name":"Matti Remonen","@id":"https:\/\/www.remonen.fi\/WP\/#\/schema\/person\/1803c23d1d4f6722054eb2ac7f7a97cd"},"headline":"Hylky\u00e4 mets\u00e4st\u00e4m\u00e4ss\u00e4","datePublished":"2013-08-10T13:44:21+00:00","dateModified":"2013-08-28T11:21:14+00:00","mainEntityOfPage":{"@id":"https:\/\/www.remonen.fi\/WP\/blogi\/hylkya-metsastamassa\/"},"wordCount":174,"commentCount":0,"publisher":{"@id":"https:\/\/www.remonen.fi\/WP\/#\/schema\/person\/1803c23d1d4f6722054eb2ac7f7a97cd"},"image":{"@id":"https:\/\/www.remonen.fi\/WP\/blogi\/hylkya-metsastamassa\/#primaryimage"},"thumbnailUrl":"https:\/\/www.remonen.fi\/WP\/wp-content\/uploads\/2013\/08\/hylky.jpg","keywords":["Em\u00e4salo","Hylky"],"articleSection":["Blog"],"inLanguage":"fi","potentialAction":[{"@type":"CommentAction","name":"Comment","target":["https:\/\/www.remonen.fi\/WP\/blogi\/hylkya-metsastamassa\/#respond"]}]},{"@type":"WebPage","@id":"https:\/\/www.remonen.fi\/WP\/blogi\/hylkya-metsastamassa\/","url":"https:\/\/www.remonen.fi\/WP\/blogi\/hylkya-metsastamassa\/","name":"Hylky\u00e4 mets\u00e4st\u00e4m\u00e4ss\u00e4 - gREat MOments NEver forgotteN","isPartOf":{"@id":"https:\/\/www.remonen.fi\/WP\/#website"},"primaryImageOfPage":{"@id":"https:\/\/www.remonen.fi\/WP\/blogi\/hylkya-metsastamassa\/#primaryimage"},"image":{"@id":"https:\/\/www.remonen.fi\/WP\/blogi\/hylkya-metsastamassa\/#primaryimage"},"thumbnailUrl":"https:\/\/www.remonen.fi\/WP\/wp-content\/uploads\/2013\/08\/hylky.jpg","datePublished":"2013-08-10T13:44:21+00:00","dateModified":"2013-08-28T11:21:14+00:00","description":"Em\u00e4salon sillan pieless\u00e4 olevaa hylky\u00e4 piti tietysti l\u00e4hte\u00e4 etsim\u00e4\u00e4n ja kuvaamaan.","breadcrumb":{"@id":"https:\/\/www.remonen.fi\/WP\/blogi\/hylkya-metsastamassa\/#breadcrumb"},"inLanguage":"fi","potentialAction":[{"@type":"ReadAction","target":["https:\/\/www.remonen.fi\/WP\/blogi\/hylkya-metsastamassa\/"]}]},{"@type":"ImageObject","inLanguage":"fi","@id":"https:\/\/www.remonen.fi\/WP\/blogi\/hylkya-metsastamassa\/#primaryimage","url":"https:\/\/www.remonen.fi\/WP\/wp-content\/uploads\/2013\/08\/hylky.jpg","contentUrl":"https:\/\/www.remonen.fi\/WP\/wp-content\/uploads\/2013\/08\/hylky.jpg","width":800,"height":534},{"@type":"BreadcrumbList","@id":"https:\/\/www.remonen.fi\/WP\/blogi\/hylkya-metsastamassa\/#breadcrumb","itemListElement":[{"@type":"ListItem","position":1,"name":"Etusivu","item":"https:\/\/www.remonen.fi\/WP\/"},{"@type":"ListItem","position":2,"name":"Hylky\u00e4 mets\u00e4st\u00e4m\u00e4ss\u00e4"}]},{"@type":"WebSite","@id":"https:\/\/www.remonen.fi\/WP\/#website","url":"https:\/\/www.remonen.fi\/WP\/","name":"remonen.fi","description":"Valokuvia ja tarinaa laidasta laitaan","publisher":{"@id":"https:\/\/www.remonen.fi\/WP\/#\/schema\/person\/1803c23d1d4f6722054eb2ac7f7a97cd"},"potentialAction":[{"@type":"SearchAction","target":{"@type":"EntryPoint","urlTemplate":"https:\/\/www.remonen.fi\/WP\/?s={search_term_string}"},"query-input":{"@type":"PropertyValueSpecification","valueRequired":true,"valueName":"search_term_string"}}],"inLanguage":"fi"},{"@type":["Person","Organization"],"@id":"https:\/\/www.remonen.fi\/WP\/#\/schema\/person\/1803c23d1d4f6722054eb2ac7f7a97cd","name":"Matti Remonen","logo":{"@id":"https:\/\/www.remonen.fi\/WP\/#\/schema\/person\/image\/"},"url":"https:\/\/www.remonen.fi\/WP\/blogi\/author\/mre\/"}]}},"_links":{"self":[{"href":"https:\/\/www.remonen.fi\/WP\/wp-json\/wp\/v2\/posts\/2698"}],"collection":[{"href":"https:\/\/www.remonen.fi\/WP\/wp-json\/wp\/v2\/posts"}],"about":[{"href":"https:\/\/www.remonen.fi\/WP\/wp-json\/wp\/v2\/types\/post"}],"author":[{"embeddable":true,"href":"https:\/\/www.remonen.fi\/WP\/wp-json\/wp\/v2\/users\/2"}],"replies":[{"embeddable":true,"href":"https:\/\/www.remonen.fi\/WP\/wp-json\/wp\/v2\/comments?post=2698"}],"version-history":[{"count":0,"href":"https:\/\/www.remonen.fi\/WP\/wp-json\/wp\/v2\/posts\/2698\/revisions"}],"wp:featuredmedia":[{"embeddable":true,"href":"https:\/\/www.remonen.fi\/WP\/wp-json\/wp\/v2\/media\/2701"}],"wp:attachment":[{"href":"https:\/\/www.remonen.fi\/WP\/wp-json\/wp\/v2\/media?parent=2698"}],"wp:term":[{"taxonomy":"category","embeddable":true,"href":"https:\/\/www.remonen.fi\/WP\/wp-json\/wp\/v2\/categories?post=2698"},{"taxonomy":"post_tag","embeddable":true,"href":"https:\/\/www.remonen.fi\/WP\/wp-json\/wp\/v2\/tags?post=2698"}],"curies":[{"name":"wp","href":"https:\/\/api.w.org\/{rel}","templated":true}]}}