{"id":2809,"date":"2013-08-21T19:45:47","date_gmt":"2013-08-21T16:45:47","guid":{"rendered":"http:\/\/www.remonen.fi\/?p=2809"},"modified":"2013-08-28T14:20:16","modified_gmt":"2013-08-28T11:20:16","slug":"mellarissa-jyraa","status":"publish","type":"post","link":"https:\/\/www.remonen.fi\/WP\/blogi\/mellarissa-jyraa\/","title":{"rendered":"Mellarissa jyr\u00e4\u00e4"},"content":{"rendered":"<p>Jostain syyst\u00e4 mulle tuli pakonomainen tarve saada kuva korkeaj\u00e4nnitetolpasta kalansilm\u00e4ll\u00e4 alhaalta p\u00e4in. Pari p\u00e4iv\u00e4\u00e4 meni odotellessa, ett\u00e4 tulisi sininen taivas. Sitten kun poutap\u00e4iv\u00e4 koitti, niin j\u00e4tin salireissun v\u00e4liin ja l\u00e4ksin ottamaan kuvan.<\/p>\n<table border=\"0\" align=\"center\">\n<tbody>\n<tr>\n<td><a href=\"http:\/\/www.remonen.fi\/WP\/wp-content\/uploads\/2013\/08\/mellari-13.jpg\"><img loading=\"lazy\" decoding=\"async\" class=\"alignnone size-medium wp-image-2813\" alt=\"mellari-13\" src=\"http:\/\/www.remonen.fi\/WP\/wp-content\/uploads\/2013\/08\/mellari-13-200x300.jpg\" width=\"200\" height=\"300\" srcset=\"https:\/\/www.remonen.fi\/WP\/wp-content\/uploads\/2013\/08\/mellari-13-200x300.jpg 200w, https:\/\/www.remonen.fi\/WP\/wp-content\/uploads\/2013\/08\/mellari-13.jpg 534w\" sizes=\"(max-width: 200px) 100vw, 200px\" \/><\/a><\/td>\n<td><a href=\"http:\/\/www.remonen.fi\/WP\/wp-content\/uploads\/2013\/08\/mellari-13-2.jpg\"><img loading=\"lazy\" decoding=\"async\" class=\"alignnone size-medium wp-image-2812\" alt=\"mellari-13-2\" src=\"http:\/\/www.remonen.fi\/WP\/wp-content\/uploads\/2013\/08\/mellari-13-2-200x300.jpg\" width=\"200\" height=\"300\" srcset=\"https:\/\/www.remonen.fi\/WP\/wp-content\/uploads\/2013\/08\/mellari-13-2-200x300.jpg 200w, https:\/\/www.remonen.fi\/WP\/wp-content\/uploads\/2013\/08\/mellari-13-2.jpg 534w\" sizes=\"(max-width: 200px) 100vw, 200px\" \/><\/a><\/td>\n<\/tr>\n<\/tbody>\n<\/table>\n<p>Sen j\u00e4lkeen heitin kierroksen viereisell\u00e4 kasvimaalla. Teemaksi muodostui &#8221;kukka ja mehil\u00e4inen&#8221;. Vaikka tuo elikko taitaakin olla kukkak\u00e4rp\u00e4nen&#8230;<\/p>\n<table border=\"0\" align=\"center\">\n<tbody>\n<tr>\n<td><a href=\"http:\/\/www.remonen.fi\/WP\/wp-content\/uploads\/2013\/08\/mellari-13-4.jpg\"><img loading=\"lazy\" decoding=\"async\" class=\"alignnone size-medium wp-image-2810\" alt=\"mellari-13-4\" src=\"http:\/\/www.remonen.fi\/WP\/wp-content\/uploads\/2013\/08\/mellari-13-4-200x300.jpg\" width=\"200\" height=\"300\" srcset=\"https:\/\/www.remonen.fi\/WP\/wp-content\/uploads\/2013\/08\/mellari-13-4-200x300.jpg 200w, https:\/\/www.remonen.fi\/WP\/wp-content\/uploads\/2013\/08\/mellari-13-4.jpg 534w\" sizes=\"(max-width: 200px) 100vw, 200px\" \/><\/a><\/td>\n<td><a href=\"http:\/\/www.remonen.fi\/WP\/wp-content\/uploads\/2013\/08\/mellari-13-3.jpg\"><img loading=\"lazy\" decoding=\"async\" class=\"alignnone size-medium wp-image-2811\" alt=\"mellari-13-3\" src=\"http:\/\/www.remonen.fi\/WP\/wp-content\/uploads\/2013\/08\/mellari-13-3-300x200.jpg\" width=\"300\" height=\"200\" srcset=\"https:\/\/www.remonen.fi\/WP\/wp-content\/uploads\/2013\/08\/mellari-13-3-300x200.jpg 300w, https:\/\/www.remonen.fi\/WP\/wp-content\/uploads\/2013\/08\/mellari-13-3.jpg 800w\" sizes=\"(max-width: 300px) 100vw, 300px\" \/><\/a><\/td>\n<\/tr>\n<\/tbody>\n<\/table>\n<p>Mukana t\u00e4ll\u00e4 kertaa Nikon D800E + Fisheye Nikkor AF 16\/2.8D + Nikkor AF-S 24-70\/2.8G + Micro-Nikkor AF-S 105\/2.8G VR<\/p>\n","protected":false},"excerpt":{"rendered":"<p>Jostain syyst\u00e4 mulle tuli pakonomainen tarve saada kuva korkeaj\u00e4nnitetolpasta kalansilm\u00e4ll\u00e4 alhaalta p\u00e4in. Pari p\u00e4iv\u00e4\u00e4 meni odotellessa, ett\u00e4 tulisi sininen taivas. Sitten kun poutap\u00e4iv\u00e4 koitti, niin j\u00e4tin salireissun v\u00e4liin ja l\u00e4ksin ottamaan kuvan. Sen j\u00e4lkeen heitin kierroksen viereisell\u00e4 kasvimaalla. Teemaksi muodostui &#8221;kukka ja mehil\u00e4inen&#8221;. Vaikka tuo elikko taitaakin olla kukkak\u00e4rp\u00e4nen&#8230; Mukana t\u00e4ll\u00e4 kertaa Nikon D800E + [&hellip;]<\/p>\n","protected":false},"author":2,"featured_media":2811,"comment_status":"open","ping_status":"closed","sticky":false,"template":"","format":"standard","meta":{"footnotes":""},"categories":[16],"tags":[],"yoast_head":"<!-- This site is optimized with the Yoast SEO plugin v24.5 - https:\/\/yoast.com\/wordpress\/plugins\/seo\/ -->\n<title>Mellarissa Jyr\u00e4\u00e4 - gREat MOments NEver forgotteN<\/title>\n<meta name=\"robots\" content=\"index, follow, max-snippet:-1, max-image-preview:large, max-video-preview:-1\" \/>\n<link rel=\"canonical\" href=\"https:\/\/www.remonen.fi\/WP\/blogi\/mellarissa-jyraa\/\" \/>\n<meta property=\"og:locale\" content=\"fi_FI\" \/>\n<meta property=\"og:type\" content=\"article\" \/>\n<meta property=\"og:title\" content=\"Mellarissa Jyr\u00e4\u00e4 - gREat MOments NEver forgotteN\" \/>\n<meta property=\"og:description\" content=\"Jostain syyst\u00e4 mulle tuli pakonomainen tarve saada kuva korkeaj\u00e4nnitetolpasta kalansilm\u00e4ll\u00e4 alhaalta p\u00e4in. Pari p\u00e4iv\u00e4\u00e4 meni odotellessa, ett\u00e4 tulisi sininen taivas. Sitten kun poutap\u00e4iv\u00e4 koitti, niin j\u00e4tin salireissun v\u00e4liin ja l\u00e4ksin ottamaan kuvan. Sen j\u00e4lkeen heitin kierroksen viereisell\u00e4 kasvimaalla. Teemaksi muodostui &#8221;kukka ja mehil\u00e4inen&#8221;. Vaikka tuo elikko taitaakin olla kukkak\u00e4rp\u00e4nen&#8230; Mukana t\u00e4ll\u00e4 kertaa Nikon D800E + [&hellip;]\" \/>\n<meta property=\"og:url\" content=\"https:\/\/www.remonen.fi\/WP\/blogi\/mellarissa-jyraa\/\" \/>\n<meta property=\"og:site_name\" content=\"remonen.fi\" \/>\n<meta property=\"article:published_time\" content=\"2013-08-21T16:45:47+00:00\" \/>\n<meta property=\"article:modified_time\" content=\"2013-08-28T11:20:16+00:00\" \/>\n<meta property=\"og:image\" content=\"https:\/\/www.remonen.fi\/WP\/wp-content\/uploads\/2013\/08\/mellari-13-3.jpg\" \/>\n\t<meta property=\"og:image:width\" content=\"800\" \/>\n\t<meta property=\"og:image:height\" content=\"534\" \/>\n\t<meta property=\"og:image:type\" content=\"image\/jpeg\" \/>\n<meta name=\"author\" content=\"Matti Remonen\" \/>\n<meta name=\"twitter:label1\" content=\"Kirjoittanut\" \/>\n\t<meta name=\"twitter:data1\" content=\"Matti Remonen\" \/>\n<script type=\"application\/ld+json\" class=\"yoast-schema-graph\">{\"@context\":\"https:\/\/schema.org\",\"@graph\":[{\"@type\":\"Article\",\"@id\":\"https:\/\/www.remonen.fi\/WP\/blogi\/mellarissa-jyraa\/#article\",\"isPartOf\":{\"@id\":\"https:\/\/www.remonen.fi\/WP\/blogi\/mellarissa-jyraa\/\"},\"author\":{\"name\":\"Matti Remonen\",\"@id\":\"https:\/\/www.remonen.fi\/WP\/#\/schema\/person\/1803c23d1d4f6722054eb2ac7f7a97cd\"},\"headline\":\"Mellarissa jyr\u00e4\u00e4\",\"datePublished\":\"2013-08-21T16:45:47+00:00\",\"dateModified\":\"2013-08-28T11:20:16+00:00\",\"mainEntityOfPage\":{\"@id\":\"https:\/\/www.remonen.fi\/WP\/blogi\/mellarissa-jyraa\/\"},\"wordCount\":82,\"commentCount\":0,\"publisher\":{\"@id\":\"https:\/\/www.remonen.fi\/WP\/#\/schema\/person\/1803c23d1d4f6722054eb2ac7f7a97cd\"},\"image\":{\"@id\":\"https:\/\/www.remonen.fi\/WP\/blogi\/mellarissa-jyraa\/#primaryimage\"},\"thumbnailUrl\":\"https:\/\/www.remonen.fi\/WP\/wp-content\/uploads\/2013\/08\/mellari-13-3.jpg\",\"articleSection\":[\"Blog\"],\"inLanguage\":\"fi\",\"potentialAction\":[{\"@type\":\"CommentAction\",\"name\":\"Comment\",\"target\":[\"https:\/\/www.remonen.fi\/WP\/blogi\/mellarissa-jyraa\/#respond\"]}]},{\"@type\":\"WebPage\",\"@id\":\"https:\/\/www.remonen.fi\/WP\/blogi\/mellarissa-jyraa\/\",\"url\":\"https:\/\/www.remonen.fi\/WP\/blogi\/mellarissa-jyraa\/\",\"name\":\"Mellarissa Jyr\u00e4\u00e4 - gREat MOments NEver forgotteN\",\"isPartOf\":{\"@id\":\"https:\/\/www.remonen.fi\/WP\/#website\"},\"primaryImageOfPage\":{\"@id\":\"https:\/\/www.remonen.fi\/WP\/blogi\/mellarissa-jyraa\/#primaryimage\"},\"image\":{\"@id\":\"https:\/\/www.remonen.fi\/WP\/blogi\/mellarissa-jyraa\/#primaryimage\"},\"thumbnailUrl\":\"https:\/\/www.remonen.fi\/WP\/wp-content\/uploads\/2013\/08\/mellari-13-3.jpg\",\"datePublished\":\"2013-08-21T16:45:47+00:00\",\"dateModified\":\"2013-08-28T11:20:16+00:00\",\"breadcrumb\":{\"@id\":\"https:\/\/www.remonen.fi\/WP\/blogi\/mellarissa-jyraa\/#breadcrumb\"},\"inLanguage\":\"fi\",\"potentialAction\":[{\"@type\":\"ReadAction\",\"target\":[\"https:\/\/www.remonen.fi\/WP\/blogi\/mellarissa-jyraa\/\"]}]},{\"@type\":\"ImageObject\",\"inLanguage\":\"fi\",\"@id\":\"https:\/\/www.remonen.fi\/WP\/blogi\/mellarissa-jyraa\/#primaryimage\",\"url\":\"https:\/\/www.remonen.fi\/WP\/wp-content\/uploads\/2013\/08\/mellari-13-3.jpg\",\"contentUrl\":\"https:\/\/www.remonen.fi\/WP\/wp-content\/uploads\/2013\/08\/mellari-13-3.jpg\",\"width\":800,\"height\":534},{\"@type\":\"BreadcrumbList\",\"@id\":\"https:\/\/www.remonen.fi\/WP\/blogi\/mellarissa-jyraa\/#breadcrumb\",\"itemListElement\":[{\"@type\":\"ListItem\",\"position\":1,\"name\":\"Etusivu\",\"item\":\"https:\/\/www.remonen.fi\/WP\/\"},{\"@type\":\"ListItem\",\"position\":2,\"name\":\"Mellarissa jyr\u00e4\u00e4\"}]},{\"@type\":\"WebSite\",\"@id\":\"https:\/\/www.remonen.fi\/WP\/#website\",\"url\":\"https:\/\/www.remonen.fi\/WP\/\",\"name\":\"remonen.fi\",\"description\":\"Valokuvia ja tarinaa laidasta laitaan\",\"publisher\":{\"@id\":\"https:\/\/www.remonen.fi\/WP\/#\/schema\/person\/1803c23d1d4f6722054eb2ac7f7a97cd\"},\"potentialAction\":[{\"@type\":\"SearchAction\",\"target\":{\"@type\":\"EntryPoint\",\"urlTemplate\":\"https:\/\/www.remonen.fi\/WP\/?s={search_term_string}\"},\"query-input\":{\"@type\":\"PropertyValueSpecification\",\"valueRequired\":true,\"valueName\":\"search_term_string\"}}],\"inLanguage\":\"fi\"},{\"@type\":[\"Person\",\"Organization\"],\"@id\":\"https:\/\/www.remonen.fi\/WP\/#\/schema\/person\/1803c23d1d4f6722054eb2ac7f7a97cd\",\"name\":\"Matti Remonen\",\"logo\":{\"@id\":\"https:\/\/www.remonen.fi\/WP\/#\/schema\/person\/image\/\"},\"url\":\"https:\/\/www.remonen.fi\/WP\/blogi\/author\/mre\/\"}]}<\/script>\n<!-- \/ Yoast SEO plugin. -->","yoast_head_json":{"title":"Mellarissa Jyr\u00e4\u00e4 - gREat MOments NEver forgotteN","robots":{"index":"index","follow":"follow","max-snippet":"max-snippet:-1","max-image-preview":"max-image-preview:large","max-video-preview":"max-video-preview:-1"},"canonical":"https:\/\/www.remonen.fi\/WP\/blogi\/mellarissa-jyraa\/","og_locale":"fi_FI","og_type":"article","og_title":"Mellarissa Jyr\u00e4\u00e4 - gREat MOments NEver forgotteN","og_description":"Jostain syyst\u00e4 mulle tuli pakonomainen tarve saada kuva korkeaj\u00e4nnitetolpasta kalansilm\u00e4ll\u00e4 alhaalta p\u00e4in. Pari p\u00e4iv\u00e4\u00e4 meni odotellessa, ett\u00e4 tulisi sininen taivas. Sitten kun poutap\u00e4iv\u00e4 koitti, niin j\u00e4tin salireissun v\u00e4liin ja l\u00e4ksin ottamaan kuvan. Sen j\u00e4lkeen heitin kierroksen viereisell\u00e4 kasvimaalla. Teemaksi muodostui &#8221;kukka ja mehil\u00e4inen&#8221;. Vaikka tuo elikko taitaakin olla kukkak\u00e4rp\u00e4nen&#8230; Mukana t\u00e4ll\u00e4 kertaa Nikon D800E + [&hellip;]","og_url":"https:\/\/www.remonen.fi\/WP\/blogi\/mellarissa-jyraa\/","og_site_name":"remonen.fi","article_published_time":"2013-08-21T16:45:47+00:00","article_modified_time":"2013-08-28T11:20:16+00:00","og_image":[{"width":800,"height":534,"url":"https:\/\/www.remonen.fi\/WP\/wp-content\/uploads\/2013\/08\/mellari-13-3.jpg","type":"image\/jpeg"}],"author":"Matti Remonen","twitter_misc":{"Kirjoittanut":"Matti Remonen"},"schema":{"@context":"https:\/\/schema.org","@graph":[{"@type":"Article","@id":"https:\/\/www.remonen.fi\/WP\/blogi\/mellarissa-jyraa\/#article","isPartOf":{"@id":"https:\/\/www.remonen.fi\/WP\/blogi\/mellarissa-jyraa\/"},"author":{"name":"Matti Remonen","@id":"https:\/\/www.remonen.fi\/WP\/#\/schema\/person\/1803c23d1d4f6722054eb2ac7f7a97cd"},"headline":"Mellarissa jyr\u00e4\u00e4","datePublished":"2013-08-21T16:45:47+00:00","dateModified":"2013-08-28T11:20:16+00:00","mainEntityOfPage":{"@id":"https:\/\/www.remonen.fi\/WP\/blogi\/mellarissa-jyraa\/"},"wordCount":82,"commentCount":0,"publisher":{"@id":"https:\/\/www.remonen.fi\/WP\/#\/schema\/person\/1803c23d1d4f6722054eb2ac7f7a97cd"},"image":{"@id":"https:\/\/www.remonen.fi\/WP\/blogi\/mellarissa-jyraa\/#primaryimage"},"thumbnailUrl":"https:\/\/www.remonen.fi\/WP\/wp-content\/uploads\/2013\/08\/mellari-13-3.jpg","articleSection":["Blog"],"inLanguage":"fi","potentialAction":[{"@type":"CommentAction","name":"Comment","target":["https:\/\/www.remonen.fi\/WP\/blogi\/mellarissa-jyraa\/#respond"]}]},{"@type":"WebPage","@id":"https:\/\/www.remonen.fi\/WP\/blogi\/mellarissa-jyraa\/","url":"https:\/\/www.remonen.fi\/WP\/blogi\/mellarissa-jyraa\/","name":"Mellarissa Jyr\u00e4\u00e4 - gREat MOments NEver forgotteN","isPartOf":{"@id":"https:\/\/www.remonen.fi\/WP\/#website"},"primaryImageOfPage":{"@id":"https:\/\/www.remonen.fi\/WP\/blogi\/mellarissa-jyraa\/#primaryimage"},"image":{"@id":"https:\/\/www.remonen.fi\/WP\/blogi\/mellarissa-jyraa\/#primaryimage"},"thumbnailUrl":"https:\/\/www.remonen.fi\/WP\/wp-content\/uploads\/2013\/08\/mellari-13-3.jpg","datePublished":"2013-08-21T16:45:47+00:00","dateModified":"2013-08-28T11:20:16+00:00","breadcrumb":{"@id":"https:\/\/www.remonen.fi\/WP\/blogi\/mellarissa-jyraa\/#breadcrumb"},"inLanguage":"fi","potentialAction":[{"@type":"ReadAction","target":["https:\/\/www.remonen.fi\/WP\/blogi\/mellarissa-jyraa\/"]}]},{"@type":"ImageObject","inLanguage":"fi","@id":"https:\/\/www.remonen.fi\/WP\/blogi\/mellarissa-jyraa\/#primaryimage","url":"https:\/\/www.remonen.fi\/WP\/wp-content\/uploads\/2013\/08\/mellari-13-3.jpg","contentUrl":"https:\/\/www.remonen.fi\/WP\/wp-content\/uploads\/2013\/08\/mellari-13-3.jpg","width":800,"height":534},{"@type":"BreadcrumbList","@id":"https:\/\/www.remonen.fi\/WP\/blogi\/mellarissa-jyraa\/#breadcrumb","itemListElement":[{"@type":"ListItem","position":1,"name":"Etusivu","item":"https:\/\/www.remonen.fi\/WP\/"},{"@type":"ListItem","position":2,"name":"Mellarissa jyr\u00e4\u00e4"}]},{"@type":"WebSite","@id":"https:\/\/www.remonen.fi\/WP\/#website","url":"https:\/\/www.remonen.fi\/WP\/","name":"remonen.fi","description":"Valokuvia ja tarinaa laidasta laitaan","publisher":{"@id":"https:\/\/www.remonen.fi\/WP\/#\/schema\/person\/1803c23d1d4f6722054eb2ac7f7a97cd"},"potentialAction":[{"@type":"SearchAction","target":{"@type":"EntryPoint","urlTemplate":"https:\/\/www.remonen.fi\/WP\/?s={search_term_string}"},"query-input":{"@type":"PropertyValueSpecification","valueRequired":true,"valueName":"search_term_string"}}],"inLanguage":"fi"},{"@type":["Person","Organization"],"@id":"https:\/\/www.remonen.fi\/WP\/#\/schema\/person\/1803c23d1d4f6722054eb2ac7f7a97cd","name":"Matti Remonen","logo":{"@id":"https:\/\/www.remonen.fi\/WP\/#\/schema\/person\/image\/"},"url":"https:\/\/www.remonen.fi\/WP\/blogi\/author\/mre\/"}]}},"_links":{"self":[{"href":"https:\/\/www.remonen.fi\/WP\/wp-json\/wp\/v2\/posts\/2809"}],"collection":[{"href":"https:\/\/www.remonen.fi\/WP\/wp-json\/wp\/v2\/posts"}],"about":[{"href":"https:\/\/www.remonen.fi\/WP\/wp-json\/wp\/v2\/types\/post"}],"author":[{"embeddable":true,"href":"https:\/\/www.remonen.fi\/WP\/wp-json\/wp\/v2\/users\/2"}],"replies":[{"embeddable":true,"href":"https:\/\/www.remonen.fi\/WP\/wp-json\/wp\/v2\/comments?post=2809"}],"version-history":[{"count":0,"href":"https:\/\/www.remonen.fi\/WP\/wp-json\/wp\/v2\/posts\/2809\/revisions"}],"wp:featuredmedia":[{"embeddable":true,"href":"https:\/\/www.remonen.fi\/WP\/wp-json\/wp\/v2\/media\/2811"}],"wp:attachment":[{"href":"https:\/\/www.remonen.fi\/WP\/wp-json\/wp\/v2\/media?parent=2809"}],"wp:term":[{"taxonomy":"category","embeddable":true,"href":"https:\/\/www.remonen.fi\/WP\/wp-json\/wp\/v2\/categories?post=2809"},{"taxonomy":"post_tag","embeddable":true,"href":"https:\/\/www.remonen.fi\/WP\/wp-json\/wp\/v2\/tags?post=2809"}],"curies":[{"name":"wp","href":"https:\/\/api.w.org\/{rel}","templated":true}]}}