{"id":2816,"date":"2013-08-23T17:16:15","date_gmt":"2013-08-23T14:16:15","guid":{"rendered":"http:\/\/www.remonen.fi\/?p=2816"},"modified":"2013-08-23T17:20:42","modified_gmt":"2013-08-23T14:20:42","slug":"vuoksi-taiteen","status":"publish","type":"post","link":"https:\/\/www.remonen.fi\/WP\/blogi\/vuoksi-taiteen\/","title":{"rendered":"Vuoksi taiteen"},"content":{"rendered":"<p><a href=\"http:\/\/www.remonen.fi\/WP\/wp-content\/uploads\/2013\/08\/Taiteiden-y\u00f6-13.jpg\"><img loading=\"lazy\" decoding=\"async\" class=\"alignleft  wp-image-2822\" alt=\"Taiteiden-y\u00f6-13\" src=\"http:\/\/www.remonen.fi\/WP\/wp-content\/uploads\/2013\/08\/Taiteiden-y\u00f6-13-200x300.jpg\" width=\"162\" height=\"243\" srcset=\"https:\/\/www.remonen.fi\/WP\/wp-content\/uploads\/2013\/08\/Taiteiden-y\u00f6-13-200x300.jpg 200w, https:\/\/www.remonen.fi\/WP\/wp-content\/uploads\/2013\/08\/Taiteiden-y\u00f6-13.jpg 534w\" sizes=\"(max-width: 162px) 100vw, 162px\" \/><\/a>Jahas. Se oli taas aika <a title=\"Helsingin Juhlaviikot\" href=\"http:\/\/www.helsinginjuhlaviikot.fi\/\" target=\"_blank\">Helsingin Juhlaviikkojen<\/a> ja etenkin <a title=\"Taiteiden y\u00f6\" href=\"http:\/\/www.helsinginjuhlaviikot.fi\/tapahtuma\/taiteiden-yo-2\/\" target=\"_blank\">Taiteiden Y\u00f6n<\/a>. En ole koskaan ollut mik\u00e4\u00e4n Taiteiden y\u00f6n tai Helsingin Juhlaviikkojen suurkuluttaja. Silloin joskus lapset olivat pieni\u00e4, eik\u00e4 laiskuuttaan saanut itse\u00e4\u00e4n liikkeelle. Ja my\u00f6hemmin tuli keksitty\u00e4 muita hyvi\u00e4 tekosyit\u00e4. No, sitten kun valokuvaaminen taas palasi harrastusrepertuaariin, olen k\u00e4ynyt tuolla ihmettelem\u00e4ss\u00e4 l\u00e4hes vuosittain. Varsinkin ne bileet j\u00e4iv\u00e4t hyvin mieleen, miss\u00e4 oli niit\u00e4 megalomaanisia kuumailmaelikoita Senaatintorilla. Se oli vaikuttava spektaakkeli. My\u00f6hemminkin on sitten tottumuksesta tullut l\u00e4hdetty\u00e4 keskustaan ihmettelem\u00e4\u00e4n muita ihmisi\u00e4. Sen sijaan fotomaratonille en ole koskaan osallistunut. Jostain syyst\u00e4 en koe aikataulutettua ja etuk\u00e4teen teemoitettua valokuvausta omaksi genrekseni.<\/p>\n<table border=\"0\" align=\"center\">\n<tbody>\n<tr>\n<td>\n<p><div id=\"attachment_2823\" style=\"width: 310px\" class=\"wp-caption alignright\"><a href=\"http:\/\/www.remonen.fi\/WP\/wp-content\/uploads\/2013\/08\/taiteiden-yo.jpg\"><img loading=\"lazy\" decoding=\"async\" aria-describedby=\"caption-attachment-2823\" class=\"size-medium wp-image-2823\" alt=\"taiteiden-yo\" src=\"http:\/\/www.remonen.fi\/WP\/wp-content\/uploads\/2013\/08\/taiteiden-yo-300x199.jpg\" width=\"300\" height=\"199\" srcset=\"https:\/\/www.remonen.fi\/WP\/wp-content\/uploads\/2013\/08\/taiteiden-yo-300x199.jpg 300w, https:\/\/www.remonen.fi\/WP\/wp-content\/uploads\/2013\/08\/taiteiden-yo.jpg 800w\" sizes=\"(max-width: 300px) 100vw, 300px\" \/><\/a><p id=\"caption-attachment-2823\" class=\"wp-caption-text\">Sinivalas Senaatintorilla. S\u00f6p\u00f6\u00e4!<\/p><\/div><\/td>\n<td>\n<p><div id=\"attachment_2821\" style=\"width: 310px\" class=\"wp-caption alignright\"><a href=\"http:\/\/www.remonen.fi\/WP\/wp-content\/uploads\/2013\/08\/Taiteiden-y\u00f6-13-4.jpg\"><img loading=\"lazy\" decoding=\"async\" aria-describedby=\"caption-attachment-2821\" class=\"size-medium wp-image-2821\" alt=\"Taiteiden-y\u00f6-13-4\" src=\"http:\/\/www.remonen.fi\/WP\/wp-content\/uploads\/2013\/08\/Taiteiden-y\u00f6-13-4-300x200.jpg\" width=\"300\" height=\"200\" srcset=\"https:\/\/www.remonen.fi\/WP\/wp-content\/uploads\/2013\/08\/Taiteiden-y\u00f6-13-4-300x200.jpg 300w, https:\/\/www.remonen.fi\/WP\/wp-content\/uploads\/2013\/08\/Taiteiden-y\u00f6-13-4.jpg 800w\" sizes=\"(max-width: 300px) 100vw, 300px\" \/><\/a><p id=\"caption-attachment-2821\" class=\"wp-caption-text\">Tarinateatteri esitt\u00e4\u00e4.<\/p><\/div><\/td>\n<\/tr>\n<\/tbody>\n<\/table>\n<p>Viime vuonna suuntasimme vaimon kanssa Taiteiden y\u00f6n tiimoilta Vuosaareen, jossa rantabulevardilla oli kaikenlaista toimintaa. T\u00e4n\u00e4kin vuonna p\u00e4\u00e4tin l\u00e4hte\u00e4 sinne ihmettelem\u00e4\u00e4n, josko insin\u00f6\u00f6riin tarttuisi taide. Alku oli aika vaatimatonta, mutta ohjelma Peppi Pitk\u00e4tossuineen oli suunnattu ehk\u00e4 alta viiskymppisille. Kunhan siit\u00e4 oli p\u00e4\u00e4sty, niin alkoi minuakin kiinnostavia kohteita l\u00f6ytym\u00e4\u00e4n. Yksi hauskimmista jutuista oli Tarinateatterin ryhm\u00e4t, joista yksi kutsui minut keskustelemaan. No, minua tuntevat kyll\u00e4 tiet\u00e4v\u00e4t ett\u00e4 keskusteleminen on minulle heti juurihoidon j\u00e4lkeen se seuraavaksi houkuttelevin asia. Enivei, tilanne oli hauska: kerroin heille mit\u00e4 olin tekem\u00e4ss\u00e4 (valokuvaamassa) ja miksi (no siksi). Sen j\u00e4lkeen he esittiv\u00e4t siit\u00e4 pienoisn\u00e4ytelm\u00e4n. Loistavaa improvisaatiota!<\/p>\n<p>T\u00e4m\u00e4 private shown j\u00e4lkeen kiertelin Aurinkolahden bulevardilla kuvailemassa muita tapahtumia. Rannalla oli esimerkiksi lippusiimalla erotettu alue, johon sai menn\u00e4 k\u00e4velem\u00e4\u00e4n paljain jaloin ja silm\u00e4t kiinni tunnustellen samalla hiekkaa. Ei mun juttu paitsi toiselta puolen objektiivia. Taiteilijatalolla oli j\u00e4rjestetty &#8221;Yll\u00e4tysten ranta&#8221;-esitys, jossa valoilla ja \u00e4\u00e4nill\u00e4 her\u00e4tettiin parvekkeet eloon ja kysyttiin mihin taidetta tarvitaan. Siin\u00e4 sitten minulle riittikin loppuillaksi pohdittavaa&#8230;<\/p>\n<p>Kyynisest\u00e4 raportista huolimatta eritt\u00e4in positiivinen ja suositeltava kokemus.<\/p>\n<table border=\"0\" align=\"center\">\n<tbody>\n<tr>\n<td>\n<p><div id=\"attachment_2819\" style=\"width: 210px\" class=\"wp-caption alignnone\"><a href=\"http:\/\/www.remonen.fi\/WP\/wp-content\/uploads\/2013\/08\/Taiteiden-y\u00f6-13-6.jpg\"><img loading=\"lazy\" decoding=\"async\" aria-describedby=\"caption-attachment-2819\" class=\"size-medium wp-image-2819 \" alt=\"Taiteiden-y\u00f6-13-6\" src=\"http:\/\/www.remonen.fi\/WP\/wp-content\/uploads\/2013\/08\/Taiteiden-y\u00f6-13-6-200x300.jpg\" width=\"200\" height=\"300\" srcset=\"https:\/\/www.remonen.fi\/WP\/wp-content\/uploads\/2013\/08\/Taiteiden-y\u00f6-13-6-200x300.jpg 200w, https:\/\/www.remonen.fi\/WP\/wp-content\/uploads\/2013\/08\/Taiteiden-y\u00f6-13-6.jpg 534w\" sizes=\"(max-width: 200px) 100vw, 200px\" \/><\/a><p id=\"caption-attachment-2819\" class=\"wp-caption-text\">Tytt\u00f6 ja pallot<\/p><\/div><\/td>\n<td>\n<p><div id=\"attachment_2820\" style=\"width: 210px\" class=\"wp-caption alignnone\"><a href=\"http:\/\/www.remonen.fi\/WP\/wp-content\/uploads\/2013\/08\/Taiteiden-y\u00f6-13-5.jpg\"><img loading=\"lazy\" decoding=\"async\" aria-describedby=\"caption-attachment-2820\" class=\"size-medium wp-image-2820 \" alt=\"Taiteiden-y\u00f6-13-5\" src=\"http:\/\/www.remonen.fi\/WP\/wp-content\/uploads\/2013\/08\/Taiteiden-y\u00f6-13-5-200x300.jpg\" width=\"200\" height=\"300\" srcset=\"https:\/\/www.remonen.fi\/WP\/wp-content\/uploads\/2013\/08\/Taiteiden-y\u00f6-13-5-200x300.jpg 200w, https:\/\/www.remonen.fi\/WP\/wp-content\/uploads\/2013\/08\/Taiteiden-y\u00f6-13-5.jpg 534w\" sizes=\"(max-width: 200px) 100vw, 200px\" \/><\/a><p id=\"caption-attachment-2820\" class=\"wp-caption-text\">Tytt\u00f6 ja hiekka<\/p><\/div><\/td>\n<td>\n<p><div id=\"attachment_2831\" style=\"width: 210px\" class=\"wp-caption alignnone\"><a href=\"http:\/\/www.remonen.fi\/WP\/wp-content\/uploads\/2013\/08\/Taiteiden-y\u00f6-13-10.jpg\"><img loading=\"lazy\" decoding=\"async\" aria-describedby=\"caption-attachment-2831\" class=\"size-medium wp-image-2831\" alt=\"Taiteiden-y\u00f6-13-10\" src=\"http:\/\/www.remonen.fi\/WP\/wp-content\/uploads\/2013\/08\/Taiteiden-y\u00f6-13-10-200x300.jpg\" width=\"200\" height=\"300\" srcset=\"https:\/\/www.remonen.fi\/WP\/wp-content\/uploads\/2013\/08\/Taiteiden-y\u00f6-13-10-200x300.jpg 200w, https:\/\/www.remonen.fi\/WP\/wp-content\/uploads\/2013\/08\/Taiteiden-y\u00f6-13-10.jpg 534w\" sizes=\"(max-width: 200px) 100vw, 200px\" \/><\/a><p id=\"caption-attachment-2831\" class=\"wp-caption-text\">Tytt\u00f6 ja \u00e4iti<\/p><\/div><\/td>\n<\/tr>\n<\/tbody>\n<\/table>\n<p>Mukana reisussa Nikon D800E ja p\u00e4\u00e4asiassa Nikkor AF-S 85\/1.8G.<\/p>\n<p>N\u00e4m\u00e4 ja muut kuvat l\u00f6ytyy <a title=\"Loput kuvat\" href=\"http:\/\/www.remonen.fi\/kuvat\/2013\/22.8.%20-%20Taiteiden%20yo\/gallery.html\">t\u00e4\u00e4lt\u00e4<\/a>.<\/p>\n","protected":false},"excerpt":{"rendered":"<p>Jahas. Se oli taas aika Helsingin Juhlaviikkojen ja etenkin Taiteiden Y\u00f6n. En ole koskaan ollut mik\u00e4\u00e4n Taiteiden y\u00f6n tai Helsingin Juhlaviikkojen suurkuluttaja. Silloin joskus lapset olivat pieni\u00e4, eik\u00e4 laiskuuttaan saanut itse\u00e4\u00e4n liikkeelle. Ja my\u00f6hemmin tuli keksitty\u00e4 muita hyvi\u00e4 tekosyit\u00e4. No, sitten kun valokuvaaminen taas palasi harrastusrepertuaariin, olen k\u00e4ynyt tuolla ihmettelem\u00e4ss\u00e4 l\u00e4hes vuosittain. Varsinkin ne bileet [&hellip;]<\/p>\n","protected":false},"author":2,"featured_media":2834,"comment_status":"open","ping_status":"closed","sticky":false,"template":"","format":"standard","meta":{"footnotes":""},"categories":[16],"tags":[],"yoast_head":"<!-- This site is optimized with the Yoast SEO plugin v24.5 - https:\/\/yoast.com\/wordpress\/plugins\/seo\/ -->\n<title>Vuoksi Taiteen - gREat MOments NEver forgotteN<\/title>\n<meta name=\"robots\" content=\"index, follow, max-snippet:-1, max-image-preview:large, max-video-preview:-1\" \/>\n<link rel=\"canonical\" href=\"https:\/\/www.remonen.fi\/WP\/blogi\/vuoksi-taiteen\/\" \/>\n<meta property=\"og:locale\" content=\"fi_FI\" \/>\n<meta property=\"og:type\" content=\"article\" \/>\n<meta property=\"og:title\" content=\"Vuoksi Taiteen - gREat MOments NEver forgotteN\" \/>\n<meta property=\"og:description\" content=\"Jahas. Se oli taas aika Helsingin Juhlaviikkojen ja etenkin Taiteiden Y\u00f6n. En ole koskaan ollut mik\u00e4\u00e4n Taiteiden y\u00f6n tai Helsingin Juhlaviikkojen suurkuluttaja. Silloin joskus lapset olivat pieni\u00e4, eik\u00e4 laiskuuttaan saanut itse\u00e4\u00e4n liikkeelle. Ja my\u00f6hemmin tuli keksitty\u00e4 muita hyvi\u00e4 tekosyit\u00e4. No, sitten kun valokuvaaminen taas palasi harrastusrepertuaariin, olen k\u00e4ynyt tuolla ihmettelem\u00e4ss\u00e4 l\u00e4hes vuosittain. Varsinkin ne bileet [&hellip;]\" \/>\n<meta property=\"og:url\" content=\"https:\/\/www.remonen.fi\/WP\/blogi\/vuoksi-taiteen\/\" \/>\n<meta property=\"og:site_name\" content=\"remonen.fi\" \/>\n<meta property=\"article:published_time\" content=\"2013-08-23T14:16:15+00:00\" \/>\n<meta property=\"article:modified_time\" content=\"2013-08-23T14:20:42+00:00\" \/>\n<meta property=\"og:image\" content=\"https:\/\/www.remonen.fi\/WP\/wp-content\/uploads\/2013\/08\/Taiteiden-y\u00f6.jpg\" \/>\n\t<meta property=\"og:image:width\" content=\"800\" \/>\n\t<meta property=\"og:image:height\" content=\"412\" \/>\n\t<meta property=\"og:image:type\" content=\"image\/jpeg\" \/>\n<meta name=\"author\" content=\"Matti Remonen\" \/>\n<meta name=\"twitter:label1\" content=\"Kirjoittanut\" \/>\n\t<meta name=\"twitter:data1\" content=\"Matti Remonen\" \/>\n\t<meta name=\"twitter:label2\" content=\"Arvioitu lukuaika\" \/>\n\t<meta name=\"twitter:data2\" content=\"2 minuuttia\" \/>\n<script type=\"application\/ld+json\" class=\"yoast-schema-graph\">{\"@context\":\"https:\/\/schema.org\",\"@graph\":[{\"@type\":\"Article\",\"@id\":\"https:\/\/www.remonen.fi\/WP\/blogi\/vuoksi-taiteen\/#article\",\"isPartOf\":{\"@id\":\"https:\/\/www.remonen.fi\/WP\/blogi\/vuoksi-taiteen\/\"},\"author\":{\"name\":\"Matti Remonen\",\"@id\":\"https:\/\/www.remonen.fi\/WP\/#\/schema\/person\/1803c23d1d4f6722054eb2ac7f7a97cd\"},\"headline\":\"Vuoksi taiteen\",\"datePublished\":\"2013-08-23T14:16:15+00:00\",\"dateModified\":\"2013-08-23T14:20:42+00:00\",\"mainEntityOfPage\":{\"@id\":\"https:\/\/www.remonen.fi\/WP\/blogi\/vuoksi-taiteen\/\"},\"wordCount\":374,\"commentCount\":0,\"publisher\":{\"@id\":\"https:\/\/www.remonen.fi\/WP\/#\/schema\/person\/1803c23d1d4f6722054eb2ac7f7a97cd\"},\"image\":{\"@id\":\"https:\/\/www.remonen.fi\/WP\/blogi\/vuoksi-taiteen\/#primaryimage\"},\"thumbnailUrl\":\"https:\/\/www.remonen.fi\/WP\/wp-content\/uploads\/2013\/08\/Taiteiden-y\u00f6.jpg\",\"articleSection\":[\"Blog\"],\"inLanguage\":\"fi\",\"potentialAction\":[{\"@type\":\"CommentAction\",\"name\":\"Comment\",\"target\":[\"https:\/\/www.remonen.fi\/WP\/blogi\/vuoksi-taiteen\/#respond\"]}]},{\"@type\":\"WebPage\",\"@id\":\"https:\/\/www.remonen.fi\/WP\/blogi\/vuoksi-taiteen\/\",\"url\":\"https:\/\/www.remonen.fi\/WP\/blogi\/vuoksi-taiteen\/\",\"name\":\"Vuoksi Taiteen - gREat MOments NEver forgotteN\",\"isPartOf\":{\"@id\":\"https:\/\/www.remonen.fi\/WP\/#website\"},\"primaryImageOfPage\":{\"@id\":\"https:\/\/www.remonen.fi\/WP\/blogi\/vuoksi-taiteen\/#primaryimage\"},\"image\":{\"@id\":\"https:\/\/www.remonen.fi\/WP\/blogi\/vuoksi-taiteen\/#primaryimage\"},\"thumbnailUrl\":\"https:\/\/www.remonen.fi\/WP\/wp-content\/uploads\/2013\/08\/Taiteiden-y\u00f6.jpg\",\"datePublished\":\"2013-08-23T14:16:15+00:00\",\"dateModified\":\"2013-08-23T14:20:42+00:00\",\"breadcrumb\":{\"@id\":\"https:\/\/www.remonen.fi\/WP\/blogi\/vuoksi-taiteen\/#breadcrumb\"},\"inLanguage\":\"fi\",\"potentialAction\":[{\"@type\":\"ReadAction\",\"target\":[\"https:\/\/www.remonen.fi\/WP\/blogi\/vuoksi-taiteen\/\"]}]},{\"@type\":\"ImageObject\",\"inLanguage\":\"fi\",\"@id\":\"https:\/\/www.remonen.fi\/WP\/blogi\/vuoksi-taiteen\/#primaryimage\",\"url\":\"https:\/\/www.remonen.fi\/WP\/wp-content\/uploads\/2013\/08\/Taiteiden-y\u00f6.jpg\",\"contentUrl\":\"https:\/\/www.remonen.fi\/WP\/wp-content\/uploads\/2013\/08\/Taiteiden-y\u00f6.jpg\",\"width\":800,\"height\":412},{\"@type\":\"BreadcrumbList\",\"@id\":\"https:\/\/www.remonen.fi\/WP\/blogi\/vuoksi-taiteen\/#breadcrumb\",\"itemListElement\":[{\"@type\":\"ListItem\",\"position\":1,\"name\":\"Etusivu\",\"item\":\"https:\/\/www.remonen.fi\/WP\/\"},{\"@type\":\"ListItem\",\"position\":2,\"name\":\"Vuoksi taiteen\"}]},{\"@type\":\"WebSite\",\"@id\":\"https:\/\/www.remonen.fi\/WP\/#website\",\"url\":\"https:\/\/www.remonen.fi\/WP\/\",\"name\":\"remonen.fi\",\"description\":\"Valokuvia ja tarinaa laidasta laitaan\",\"publisher\":{\"@id\":\"https:\/\/www.remonen.fi\/WP\/#\/schema\/person\/1803c23d1d4f6722054eb2ac7f7a97cd\"},\"potentialAction\":[{\"@type\":\"SearchAction\",\"target\":{\"@type\":\"EntryPoint\",\"urlTemplate\":\"https:\/\/www.remonen.fi\/WP\/?s={search_term_string}\"},\"query-input\":{\"@type\":\"PropertyValueSpecification\",\"valueRequired\":true,\"valueName\":\"search_term_string\"}}],\"inLanguage\":\"fi\"},{\"@type\":[\"Person\",\"Organization\"],\"@id\":\"https:\/\/www.remonen.fi\/WP\/#\/schema\/person\/1803c23d1d4f6722054eb2ac7f7a97cd\",\"name\":\"Matti Remonen\",\"logo\":{\"@id\":\"https:\/\/www.remonen.fi\/WP\/#\/schema\/person\/image\/\"},\"url\":\"https:\/\/www.remonen.fi\/WP\/blogi\/author\/mre\/\"}]}<\/script>\n<!-- \/ Yoast SEO plugin. -->","yoast_head_json":{"title":"Vuoksi Taiteen - gREat MOments NEver forgotteN","robots":{"index":"index","follow":"follow","max-snippet":"max-snippet:-1","max-image-preview":"max-image-preview:large","max-video-preview":"max-video-preview:-1"},"canonical":"https:\/\/www.remonen.fi\/WP\/blogi\/vuoksi-taiteen\/","og_locale":"fi_FI","og_type":"article","og_title":"Vuoksi Taiteen - gREat MOments NEver forgotteN","og_description":"Jahas. Se oli taas aika Helsingin Juhlaviikkojen ja etenkin Taiteiden Y\u00f6n. En ole koskaan ollut mik\u00e4\u00e4n Taiteiden y\u00f6n tai Helsingin Juhlaviikkojen suurkuluttaja. Silloin joskus lapset olivat pieni\u00e4, eik\u00e4 laiskuuttaan saanut itse\u00e4\u00e4n liikkeelle. Ja my\u00f6hemmin tuli keksitty\u00e4 muita hyvi\u00e4 tekosyit\u00e4. No, sitten kun valokuvaaminen taas palasi harrastusrepertuaariin, olen k\u00e4ynyt tuolla ihmettelem\u00e4ss\u00e4 l\u00e4hes vuosittain. Varsinkin ne bileet [&hellip;]","og_url":"https:\/\/www.remonen.fi\/WP\/blogi\/vuoksi-taiteen\/","og_site_name":"remonen.fi","article_published_time":"2013-08-23T14:16:15+00:00","article_modified_time":"2013-08-23T14:20:42+00:00","og_image":[{"width":800,"height":412,"url":"https:\/\/www.remonen.fi\/WP\/wp-content\/uploads\/2013\/08\/Taiteiden-y\u00f6.jpg","type":"image\/jpeg"}],"author":"Matti Remonen","twitter_misc":{"Kirjoittanut":"Matti Remonen","Arvioitu lukuaika":"2 minuuttia"},"schema":{"@context":"https:\/\/schema.org","@graph":[{"@type":"Article","@id":"https:\/\/www.remonen.fi\/WP\/blogi\/vuoksi-taiteen\/#article","isPartOf":{"@id":"https:\/\/www.remonen.fi\/WP\/blogi\/vuoksi-taiteen\/"},"author":{"name":"Matti Remonen","@id":"https:\/\/www.remonen.fi\/WP\/#\/schema\/person\/1803c23d1d4f6722054eb2ac7f7a97cd"},"headline":"Vuoksi taiteen","datePublished":"2013-08-23T14:16:15+00:00","dateModified":"2013-08-23T14:20:42+00:00","mainEntityOfPage":{"@id":"https:\/\/www.remonen.fi\/WP\/blogi\/vuoksi-taiteen\/"},"wordCount":374,"commentCount":0,"publisher":{"@id":"https:\/\/www.remonen.fi\/WP\/#\/schema\/person\/1803c23d1d4f6722054eb2ac7f7a97cd"},"image":{"@id":"https:\/\/www.remonen.fi\/WP\/blogi\/vuoksi-taiteen\/#primaryimage"},"thumbnailUrl":"https:\/\/www.remonen.fi\/WP\/wp-content\/uploads\/2013\/08\/Taiteiden-y\u00f6.jpg","articleSection":["Blog"],"inLanguage":"fi","potentialAction":[{"@type":"CommentAction","name":"Comment","target":["https:\/\/www.remonen.fi\/WP\/blogi\/vuoksi-taiteen\/#respond"]}]},{"@type":"WebPage","@id":"https:\/\/www.remonen.fi\/WP\/blogi\/vuoksi-taiteen\/","url":"https:\/\/www.remonen.fi\/WP\/blogi\/vuoksi-taiteen\/","name":"Vuoksi Taiteen - gREat MOments NEver forgotteN","isPartOf":{"@id":"https:\/\/www.remonen.fi\/WP\/#website"},"primaryImageOfPage":{"@id":"https:\/\/www.remonen.fi\/WP\/blogi\/vuoksi-taiteen\/#primaryimage"},"image":{"@id":"https:\/\/www.remonen.fi\/WP\/blogi\/vuoksi-taiteen\/#primaryimage"},"thumbnailUrl":"https:\/\/www.remonen.fi\/WP\/wp-content\/uploads\/2013\/08\/Taiteiden-y\u00f6.jpg","datePublished":"2013-08-23T14:16:15+00:00","dateModified":"2013-08-23T14:20:42+00:00","breadcrumb":{"@id":"https:\/\/www.remonen.fi\/WP\/blogi\/vuoksi-taiteen\/#breadcrumb"},"inLanguage":"fi","potentialAction":[{"@type":"ReadAction","target":["https:\/\/www.remonen.fi\/WP\/blogi\/vuoksi-taiteen\/"]}]},{"@type":"ImageObject","inLanguage":"fi","@id":"https:\/\/www.remonen.fi\/WP\/blogi\/vuoksi-taiteen\/#primaryimage","url":"https:\/\/www.remonen.fi\/WP\/wp-content\/uploads\/2013\/08\/Taiteiden-y\u00f6.jpg","contentUrl":"https:\/\/www.remonen.fi\/WP\/wp-content\/uploads\/2013\/08\/Taiteiden-y\u00f6.jpg","width":800,"height":412},{"@type":"BreadcrumbList","@id":"https:\/\/www.remonen.fi\/WP\/blogi\/vuoksi-taiteen\/#breadcrumb","itemListElement":[{"@type":"ListItem","position":1,"name":"Etusivu","item":"https:\/\/www.remonen.fi\/WP\/"},{"@type":"ListItem","position":2,"name":"Vuoksi taiteen"}]},{"@type":"WebSite","@id":"https:\/\/www.remonen.fi\/WP\/#website","url":"https:\/\/www.remonen.fi\/WP\/","name":"remonen.fi","description":"Valokuvia ja tarinaa laidasta laitaan","publisher":{"@id":"https:\/\/www.remonen.fi\/WP\/#\/schema\/person\/1803c23d1d4f6722054eb2ac7f7a97cd"},"potentialAction":[{"@type":"SearchAction","target":{"@type":"EntryPoint","urlTemplate":"https:\/\/www.remonen.fi\/WP\/?s={search_term_string}"},"query-input":{"@type":"PropertyValueSpecification","valueRequired":true,"valueName":"search_term_string"}}],"inLanguage":"fi"},{"@type":["Person","Organization"],"@id":"https:\/\/www.remonen.fi\/WP\/#\/schema\/person\/1803c23d1d4f6722054eb2ac7f7a97cd","name":"Matti Remonen","logo":{"@id":"https:\/\/www.remonen.fi\/WP\/#\/schema\/person\/image\/"},"url":"https:\/\/www.remonen.fi\/WP\/blogi\/author\/mre\/"}]}},"_links":{"self":[{"href":"https:\/\/www.remonen.fi\/WP\/wp-json\/wp\/v2\/posts\/2816"}],"collection":[{"href":"https:\/\/www.remonen.fi\/WP\/wp-json\/wp\/v2\/posts"}],"about":[{"href":"https:\/\/www.remonen.fi\/WP\/wp-json\/wp\/v2\/types\/post"}],"author":[{"embeddable":true,"href":"https:\/\/www.remonen.fi\/WP\/wp-json\/wp\/v2\/users\/2"}],"replies":[{"embeddable":true,"href":"https:\/\/www.remonen.fi\/WP\/wp-json\/wp\/v2\/comments?post=2816"}],"version-history":[{"count":0,"href":"https:\/\/www.remonen.fi\/WP\/wp-json\/wp\/v2\/posts\/2816\/revisions"}],"wp:featuredmedia":[{"embeddable":true,"href":"https:\/\/www.remonen.fi\/WP\/wp-json\/wp\/v2\/media\/2834"}],"wp:attachment":[{"href":"https:\/\/www.remonen.fi\/WP\/wp-json\/wp\/v2\/media?parent=2816"}],"wp:term":[{"taxonomy":"category","embeddable":true,"href":"https:\/\/www.remonen.fi\/WP\/wp-json\/wp\/v2\/categories?post=2816"},{"taxonomy":"post_tag","embeddable":true,"href":"https:\/\/www.remonen.fi\/WP\/wp-json\/wp\/v2\/tags?post=2816"}],"curies":[{"name":"wp","href":"https:\/\/api.w.org\/{rel}","templated":true}]}}