{"id":2839,"date":"2013-08-25T17:15:44","date_gmt":"2013-08-25T14:15:44","guid":{"rendered":"http:\/\/www.remonen.fi\/?p=2839"},"modified":"2014-01-11T14:09:00","modified_gmt":"2014-01-11T12:09:00","slug":"mita-iistimpaa-sita-siistimpaa","status":"publish","type":"post","link":"https:\/\/www.remonen.fi\/WP\/blogi\/mita-iistimpaa-sita-siistimpaa\/","title":{"rendered":"Mit\u00e4 iistimp\u00e4\u00e4, sit\u00e4 siistimp\u00e4\u00e4"},"content":{"rendered":"<p><a href=\"http:\/\/www.remonen.fi\/WP\/wp-content\/uploads\/2013\/08\/kontufestarit-13-2.jpg\"><img loading=\"lazy\" decoding=\"async\" class=\"alignleft size-medium wp-image-2847\" alt=\"kontufestarit-13-2\" src=\"http:\/\/www.remonen.fi\/WP\/wp-content\/uploads\/2013\/08\/kontufestarit-13-2-300x200.jpg\" width=\"300\" height=\"200\" srcset=\"https:\/\/www.remonen.fi\/WP\/wp-content\/uploads\/2013\/08\/kontufestarit-13-2-300x200.jpg 300w, https:\/\/www.remonen.fi\/WP\/wp-content\/uploads\/2013\/08\/kontufestarit-13-2.jpg 800w\" sizes=\"(max-width: 300px) 100vw, 300px\" \/><\/a>Lauantaina 24.8. j\u00e4rjestettiin yhdennettoista <a title=\"KontuFestari\" href=\"http:\/\/www.mellunkyla.fi\/ajankohtaista\/kontufestari_24_8_2013_tietopaketti.html\" target=\"_blank\">KontuFestarit<\/a>. Festarithan ovat KontuKeskus ry:n yhteisty\u00f6ss\u00e4 Helsingin kaupungin kulttuurikeskuksen, Eunic verkoston Suomen j\u00e4senten ja kaupungin L\u00e4hi\u00f6projektin j\u00e4rjest\u00e4m\u00e4 maksuton ja p\u00e4ihteet\u00f6n kaupunginosafestari. T\u00e4n\u00e4 vuonna siell\u00e4 oli esiintyjin\u00e4 mm. It\u00e4helsingin oma r\u00e4pp\u00e4ri <a title=\"Notkea Rotta\" href=\"http:\/\/fi.wikipedia.org\/wiki\/Notkea_Rotta\" target=\"_blank\">Notkea Rotta.<\/a> Muut kotimaiset p\u00e4\u00e4esiintyj\u00e4t olivat <a title=\"Pelle Miljoona\" href=\"http:\/\/fi.wikipedia.org\/wiki\/Pelle_Miljoona\" target=\"_blank\">Pelle Miljoona<\/a> sek\u00e4 <a title=\"Tuomari Nurmio\" href=\"http:\/\/fi.wikipedia.org\/wiki\/Tuomari_Nurmio\" target=\"_blank\">Tuomari Nurmio<\/a> ja Spuget. Itse k\u00e4vin ensin puolen p\u00e4iv\u00e4n maissa katsastamassa paikkoja ja sitten menin uudestaan paikalle noin nelj\u00e4n maissa kun Notkea Rotta aloitti r\u00e4pp\u00e4\u00e4misen. Hande j\u00e4i n\u00e4kem\u00e4tt\u00e4, kun piti l\u00e4hte\u00e4 seitsem\u00e4n maissa takaisin himaan. Toisaalta esiintymislavakin oli Handen aloittaessa todenn\u00e4k\u00f6isesti jo varjossa, joten valokuvaaminen olisi ollut hankalaa tai ainakin j\u00e4lki heikkoa.<\/p>\n<table border=\"0\" align=\"center\">\n<tbody>\n<tr>\n<td><a href=\"http:\/\/www.remonen.fi\/WP\/wp-content\/uploads\/2013\/08\/kontufestarit-13-3.jpg\"><img loading=\"lazy\" decoding=\"async\" class=\"size-medium wp-image-2846 alignnone\" alt=\"kontufestarit-13-3\" src=\"http:\/\/www.remonen.fi\/WP\/wp-content\/uploads\/2013\/08\/kontufestarit-13-3-200x300.jpg\" width=\"200\" height=\"300\" srcset=\"https:\/\/www.remonen.fi\/WP\/wp-content\/uploads\/2013\/08\/kontufestarit-13-3-200x300.jpg 200w, https:\/\/www.remonen.fi\/WP\/wp-content\/uploads\/2013\/08\/kontufestarit-13-3.jpg 534w\" sizes=\"(max-width: 200px) 100vw, 200px\" \/><\/a><\/td>\n<td><a href=\"http:\/\/www.remonen.fi\/WP\/wp-content\/uploads\/2013\/08\/kontufestarit-13-4.jpg\"><img loading=\"lazy\" decoding=\"async\" class=\"size-medium wp-image-2845 alignnone\" alt=\"kontufestarit-13-4\" src=\"http:\/\/www.remonen.fi\/WP\/wp-content\/uploads\/2013\/08\/kontufestarit-13-4-200x300.jpg\" width=\"200\" height=\"300\" srcset=\"https:\/\/www.remonen.fi\/WP\/wp-content\/uploads\/2013\/08\/kontufestarit-13-4-200x300.jpg 200w, https:\/\/www.remonen.fi\/WP\/wp-content\/uploads\/2013\/08\/kontufestarit-13-4.jpg 534w\" sizes=\"(max-width: 200px) 100vw, 200px\" \/><\/a><\/td>\n<td>\n<p><div id=\"attachment_2840\" style=\"width: 310px\" class=\"wp-caption alignnone\"><a href=\"http:\/\/www.remonen.fi\/WP\/wp-content\/uploads\/2013\/08\/kontufestarit-13-9.jpg\"><img loading=\"lazy\" decoding=\"async\" aria-describedby=\"caption-attachment-2840\" class=\"size-medium wp-image-2840 \" alt=\"kontufestarit-13-9\" src=\"http:\/\/www.remonen.fi\/WP\/wp-content\/uploads\/2013\/08\/kontufestarit-13-9-300x200.jpg\" width=\"300\" height=\"200\" srcset=\"https:\/\/www.remonen.fi\/WP\/wp-content\/uploads\/2013\/08\/kontufestarit-13-9-300x200.jpg 300w, https:\/\/www.remonen.fi\/WP\/wp-content\/uploads\/2013\/08\/kontufestarit-13-9.jpg 800w\" sizes=\"(max-width: 300px) 100vw, 300px\" \/><\/a><p id=\"caption-attachment-2840\" class=\"wp-caption-text\">Petri ja Bob&#8230;<\/p><\/div><\/td>\n<\/tr>\n<\/tbody>\n<\/table>\n<p>Porukkaa paikalla oli ihan mukavasti. P\u00e4ihteett\u00f6myydest\u00e4 huolimatta jotkut olivat aika hyv\u00e4ss\u00e4 kierteess\u00e4, mutta mit\u00e4\u00e4n megalomaanista \u00f6rvellyst\u00e4 ei ainakaan seitsem\u00e4\u00e4n menness\u00e4 ollut havaittavissa. Ja hyv\u00e4 niin, kun paikalla oli paljon my\u00f6s lapsia. P\u00e4ihteett\u00f6myys t\u00e4llaisessa kaikille avoimessa, maksuttomassa kaupunginosafestarissa toimii eritt\u00e4in hyvin ja sen voisi ottaa n\u00e4ihin kaupungin tukemiin tilaisuuksiin jopa ihan vakiok\u00e4yt\u00e4nn\u00f6ksi.<\/p>\n<p>Notkean Rotan it\u00e4helsinkil\u00e4is-l\u00e4ht\u00f6inen rap upposi minuun aika kyb\u00e4ll\u00e4, vaikken mik\u00e4\u00e4n rapin yst\u00e4v\u00e4 olekaan. Kuitenkin lavalla ja tuossa ymp\u00e4rist\u00f6ss\u00e4 tuon yleis\u00f6n edess\u00e4 homma toimi kuin alkuper\u00e4inen metrolinja.<\/p>\n<table border=\"0\" align=\"center\">\n<tbody>\n<tr>\n<td><a href=\"http:\/\/www.remonen.fi\/WP\/wp-content\/uploads\/2013\/08\/kontufestarit-13-6.jpg\"><img loading=\"lazy\" decoding=\"async\" class=\"size-medium wp-image-2843 alignnone\" alt=\"kontufestarit-13-6\" src=\"http:\/\/www.remonen.fi\/WP\/wp-content\/uploads\/2013\/08\/kontufestarit-13-6-200x300.jpg\" width=\"200\" height=\"300\" srcset=\"https:\/\/www.remonen.fi\/WP\/wp-content\/uploads\/2013\/08\/kontufestarit-13-6-200x300.jpg 200w, https:\/\/www.remonen.fi\/WP\/wp-content\/uploads\/2013\/08\/kontufestarit-13-6.jpg 534w\" sizes=\"(max-width: 200px) 100vw, 200px\" \/><\/a><\/td>\n<td><a href=\"http:\/\/www.remonen.fi\/WP\/wp-content\/uploads\/2013\/08\/kontufestarit-13.jpg\"><img loading=\"lazy\" decoding=\"async\" class=\"size-medium wp-image-2848 alignnone\" alt=\"kontufestarit-13\" src=\"http:\/\/www.remonen.fi\/WP\/wp-content\/uploads\/2013\/08\/kontufestarit-13-200x300.jpg\" width=\"200\" height=\"300\" srcset=\"https:\/\/www.remonen.fi\/WP\/wp-content\/uploads\/2013\/08\/kontufestarit-13-200x300.jpg 200w, https:\/\/www.remonen.fi\/WP\/wp-content\/uploads\/2013\/08\/kontufestarit-13.jpg 534w\" sizes=\"(max-width: 200px) 100vw, 200px\" \/><\/a><\/td>\n<td><a href=\"http:\/\/www.remonen.fi\/WP\/wp-content\/uploads\/2013\/08\/kontufestarit-13-5.jpg\"><img loading=\"lazy\" decoding=\"async\" class=\"size-medium wp-image-2844 alignnone\" alt=\"kontufestarit-13-5\" src=\"http:\/\/www.remonen.fi\/WP\/wp-content\/uploads\/2013\/08\/kontufestarit-13-5-200x300.jpg\" width=\"200\" height=\"300\" srcset=\"https:\/\/www.remonen.fi\/WP\/wp-content\/uploads\/2013\/08\/kontufestarit-13-5-200x300.jpg 200w, https:\/\/www.remonen.fi\/WP\/wp-content\/uploads\/2013\/08\/kontufestarit-13-5.jpg 534w\" sizes=\"(max-width: 200px) 100vw, 200px\" \/><\/a><\/td>\n<\/tr>\n<\/tbody>\n<\/table>\n<p>Musiikkiesiintyjien lis\u00e4ksi paikalla oli kulttuuriministeri Paavo Arhinm\u00e4ki, joka fanittaa eritoten Notkeaa Rottaa. Paavo kehuskeli my\u00f6s paikan fiilist\u00e4 ja kuittaili parin vuoden takaisesta festarista, jossa joku oli ilmeisesti tuikannut l\u00e4heisen mets\u00e4n tuleen aiheuttaen pient\u00e4 h\u00e4mminki\u00e4.<\/p>\n<p><a href=\"http:\/\/www.remonen.fi\/WP\/wp-content\/uploads\/2013\/08\/kontufestarit-13-8.jpg\"><img loading=\"lazy\" decoding=\"async\" class=\"aligncenter size-medium wp-image-2841\" alt=\"kontufestarit-13-8\" src=\"http:\/\/www.remonen.fi\/WP\/wp-content\/uploads\/2013\/08\/kontufestarit-13-8-300x200.jpg\" width=\"300\" height=\"200\" srcset=\"https:\/\/www.remonen.fi\/WP\/wp-content\/uploads\/2013\/08\/kontufestarit-13-8-300x200.jpg 300w, https:\/\/www.remonen.fi\/WP\/wp-content\/uploads\/2013\/08\/kontufestarit-13-8.jpg 800w\" sizes=\"(max-width: 300px) 100vw, 300px\" \/><\/a><\/p>\n<p>Tuolla p\u00e4\u00e4si pitk\u00e4st\u00e4 aikaa kokeilemaan hieman pidemp\u00e4\u00e4 optiikkaa. Mukana kulkivat Nikon D800E, Nikkor AF-S 85\/1.8G, Nikkor AF-S 24-70\/2.8G ja Nikkor AF-S 70-200\/2.8G VRII, jolla on otettu nuo esiintyj\u00e4kuvat.<\/p>\n","protected":false},"excerpt":{"rendered":"<p>Lauantaina 24.8. j\u00e4rjestettiin yhdennettoista KontuFestarit. Festarithan ovat KontuKeskus ry:n yhteisty\u00f6ss\u00e4 Helsingin kaupungin kulttuurikeskuksen, Eunic verkoston Suomen j\u00e4senten ja kaupungin L\u00e4hi\u00f6projektin j\u00e4rjest\u00e4m\u00e4 maksuton ja p\u00e4ihteet\u00f6n kaupunginosafestari. T\u00e4n\u00e4 vuonna siell\u00e4 oli esiintyjin\u00e4 mm. It\u00e4helsingin oma r\u00e4pp\u00e4ri Notkea Rotta. Muut kotimaiset p\u00e4\u00e4esiintyj\u00e4t olivat Pelle Miljoona sek\u00e4 Tuomari Nurmio ja Spuget. Itse k\u00e4vin ensin puolen p\u00e4iv\u00e4n maissa katsastamassa paikkoja [&hellip;]<\/p>\n","protected":false},"author":2,"featured_media":2842,"comment_status":"open","ping_status":"closed","sticky":false,"template":"","format":"standard","meta":{"footnotes":""},"categories":[16],"tags":[140,141,142],"yoast_head":"<!-- This site is optimized with the Yoast SEO plugin v24.5 - https:\/\/yoast.com\/wordpress\/plugins\/seo\/ -->\n<title>Mit\u00e4 iistimp\u00e4\u00e4, sit\u00e4 siistimp\u00e4\u00e4 - gREat MOments NEver forgotteN<\/title>\n<meta name=\"robots\" content=\"index, follow, max-snippet:-1, max-image-preview:large, max-video-preview:-1\" \/>\n<link rel=\"canonical\" href=\"https:\/\/www.remonen.fi\/WP\/blogi\/mita-iistimpaa-sita-siistimpaa\/\" \/>\n<meta property=\"og:locale\" content=\"fi_FI\" \/>\n<meta property=\"og:type\" content=\"article\" \/>\n<meta property=\"og:title\" content=\"Mit\u00e4 iistimp\u00e4\u00e4, sit\u00e4 siistimp\u00e4\u00e4 - gREat MOments NEver forgotteN\" \/>\n<meta property=\"og:description\" content=\"Lauantaina 24.8. j\u00e4rjestettiin yhdennettoista KontuFestarit. Festarithan ovat KontuKeskus ry:n yhteisty\u00f6ss\u00e4 Helsingin kaupungin kulttuurikeskuksen, Eunic verkoston Suomen j\u00e4senten ja kaupungin L\u00e4hi\u00f6projektin j\u00e4rjest\u00e4m\u00e4 maksuton ja p\u00e4ihteet\u00f6n kaupunginosafestari. T\u00e4n\u00e4 vuonna siell\u00e4 oli esiintyjin\u00e4 mm. It\u00e4helsingin oma r\u00e4pp\u00e4ri Notkea Rotta. Muut kotimaiset p\u00e4\u00e4esiintyj\u00e4t olivat Pelle Miljoona sek\u00e4 Tuomari Nurmio ja Spuget. Itse k\u00e4vin ensin puolen p\u00e4iv\u00e4n maissa katsastamassa paikkoja [&hellip;]\" \/>\n<meta property=\"og:url\" content=\"https:\/\/www.remonen.fi\/WP\/blogi\/mita-iistimpaa-sita-siistimpaa\/\" \/>\n<meta property=\"og:site_name\" content=\"remonen.fi\" \/>\n<meta property=\"article:published_time\" content=\"2013-08-25T14:15:44+00:00\" \/>\n<meta property=\"article:modified_time\" content=\"2014-01-11T12:09:00+00:00\" \/>\n<meta property=\"og:image\" content=\"https:\/\/www.remonen.fi\/WP\/wp-content\/uploads\/2013\/08\/kontufestarit-13-7.jpg\" \/>\n\t<meta property=\"og:image:width\" content=\"800\" \/>\n\t<meta property=\"og:image:height\" content=\"534\" \/>\n\t<meta property=\"og:image:type\" content=\"image\/jpeg\" \/>\n<meta name=\"author\" content=\"Matti Remonen\" \/>\n<meta name=\"twitter:label1\" content=\"Kirjoittanut\" \/>\n\t<meta name=\"twitter:data1\" content=\"Matti Remonen\" \/>\n\t<meta name=\"twitter:label2\" content=\"Arvioitu lukuaika\" \/>\n\t<meta name=\"twitter:data2\" content=\"2 minuuttia\" \/>\n<script type=\"application\/ld+json\" class=\"yoast-schema-graph\">{\"@context\":\"https:\/\/schema.org\",\"@graph\":[{\"@type\":\"Article\",\"@id\":\"https:\/\/www.remonen.fi\/WP\/blogi\/mita-iistimpaa-sita-siistimpaa\/#article\",\"isPartOf\":{\"@id\":\"https:\/\/www.remonen.fi\/WP\/blogi\/mita-iistimpaa-sita-siistimpaa\/\"},\"author\":{\"name\":\"Matti Remonen\",\"@id\":\"https:\/\/www.remonen.fi\/WP\/#\/schema\/person\/1803c23d1d4f6722054eb2ac7f7a97cd\"},\"headline\":\"Mit\u00e4 iistimp\u00e4\u00e4, sit\u00e4 siistimp\u00e4\u00e4\",\"datePublished\":\"2013-08-25T14:15:44+00:00\",\"dateModified\":\"2014-01-11T12:09:00+00:00\",\"mainEntityOfPage\":{\"@id\":\"https:\/\/www.remonen.fi\/WP\/blogi\/mita-iistimpaa-sita-siistimpaa\/\"},\"wordCount\":314,\"commentCount\":0,\"publisher\":{\"@id\":\"https:\/\/www.remonen.fi\/WP\/#\/schema\/person\/1803c23d1d4f6722054eb2ac7f7a97cd\"},\"image\":{\"@id\":\"https:\/\/www.remonen.fi\/WP\/blogi\/mita-iistimpaa-sita-siistimpaa\/#primaryimage\"},\"thumbnailUrl\":\"https:\/\/www.remonen.fi\/WP\/wp-content\/uploads\/2013\/08\/kontufestarit-13-7.jpg\",\"keywords\":[\"Kontufestarit\",\"Notkea Rotta\",\"Pelle Miljoona\"],\"articleSection\":[\"Blog\"],\"inLanguage\":\"fi\",\"potentialAction\":[{\"@type\":\"CommentAction\",\"name\":\"Comment\",\"target\":[\"https:\/\/www.remonen.fi\/WP\/blogi\/mita-iistimpaa-sita-siistimpaa\/#respond\"]}]},{\"@type\":\"WebPage\",\"@id\":\"https:\/\/www.remonen.fi\/WP\/blogi\/mita-iistimpaa-sita-siistimpaa\/\",\"url\":\"https:\/\/www.remonen.fi\/WP\/blogi\/mita-iistimpaa-sita-siistimpaa\/\",\"name\":\"Mit\u00e4 iistimp\u00e4\u00e4, sit\u00e4 siistimp\u00e4\u00e4 - gREat MOments NEver forgotteN\",\"isPartOf\":{\"@id\":\"https:\/\/www.remonen.fi\/WP\/#website\"},\"primaryImageOfPage\":{\"@id\":\"https:\/\/www.remonen.fi\/WP\/blogi\/mita-iistimpaa-sita-siistimpaa\/#primaryimage\"},\"image\":{\"@id\":\"https:\/\/www.remonen.fi\/WP\/blogi\/mita-iistimpaa-sita-siistimpaa\/#primaryimage\"},\"thumbnailUrl\":\"https:\/\/www.remonen.fi\/WP\/wp-content\/uploads\/2013\/08\/kontufestarit-13-7.jpg\",\"datePublished\":\"2013-08-25T14:15:44+00:00\",\"dateModified\":\"2014-01-11T12:09:00+00:00\",\"breadcrumb\":{\"@id\":\"https:\/\/www.remonen.fi\/WP\/blogi\/mita-iistimpaa-sita-siistimpaa\/#breadcrumb\"},\"inLanguage\":\"fi\",\"potentialAction\":[{\"@type\":\"ReadAction\",\"target\":[\"https:\/\/www.remonen.fi\/WP\/blogi\/mita-iistimpaa-sita-siistimpaa\/\"]}]},{\"@type\":\"ImageObject\",\"inLanguage\":\"fi\",\"@id\":\"https:\/\/www.remonen.fi\/WP\/blogi\/mita-iistimpaa-sita-siistimpaa\/#primaryimage\",\"url\":\"https:\/\/www.remonen.fi\/WP\/wp-content\/uploads\/2013\/08\/kontufestarit-13-7.jpg\",\"contentUrl\":\"https:\/\/www.remonen.fi\/WP\/wp-content\/uploads\/2013\/08\/kontufestarit-13-7.jpg\",\"width\":800,\"height\":534},{\"@type\":\"BreadcrumbList\",\"@id\":\"https:\/\/www.remonen.fi\/WP\/blogi\/mita-iistimpaa-sita-siistimpaa\/#breadcrumb\",\"itemListElement\":[{\"@type\":\"ListItem\",\"position\":1,\"name\":\"Etusivu\",\"item\":\"https:\/\/www.remonen.fi\/WP\/\"},{\"@type\":\"ListItem\",\"position\":2,\"name\":\"Mit\u00e4 iistimp\u00e4\u00e4, sit\u00e4 siistimp\u00e4\u00e4\"}]},{\"@type\":\"WebSite\",\"@id\":\"https:\/\/www.remonen.fi\/WP\/#website\",\"url\":\"https:\/\/www.remonen.fi\/WP\/\",\"name\":\"remonen.fi\",\"description\":\"Valokuvia ja tarinaa laidasta laitaan\",\"publisher\":{\"@id\":\"https:\/\/www.remonen.fi\/WP\/#\/schema\/person\/1803c23d1d4f6722054eb2ac7f7a97cd\"},\"potentialAction\":[{\"@type\":\"SearchAction\",\"target\":{\"@type\":\"EntryPoint\",\"urlTemplate\":\"https:\/\/www.remonen.fi\/WP\/?s={search_term_string}\"},\"query-input\":{\"@type\":\"PropertyValueSpecification\",\"valueRequired\":true,\"valueName\":\"search_term_string\"}}],\"inLanguage\":\"fi\"},{\"@type\":[\"Person\",\"Organization\"],\"@id\":\"https:\/\/www.remonen.fi\/WP\/#\/schema\/person\/1803c23d1d4f6722054eb2ac7f7a97cd\",\"name\":\"Matti Remonen\",\"logo\":{\"@id\":\"https:\/\/www.remonen.fi\/WP\/#\/schema\/person\/image\/\"},\"url\":\"https:\/\/www.remonen.fi\/WP\/blogi\/author\/mre\/\"}]}<\/script>\n<!-- \/ Yoast SEO plugin. -->","yoast_head_json":{"title":"Mit\u00e4 iistimp\u00e4\u00e4, sit\u00e4 siistimp\u00e4\u00e4 - gREat MOments NEver forgotteN","robots":{"index":"index","follow":"follow","max-snippet":"max-snippet:-1","max-image-preview":"max-image-preview:large","max-video-preview":"max-video-preview:-1"},"canonical":"https:\/\/www.remonen.fi\/WP\/blogi\/mita-iistimpaa-sita-siistimpaa\/","og_locale":"fi_FI","og_type":"article","og_title":"Mit\u00e4 iistimp\u00e4\u00e4, sit\u00e4 siistimp\u00e4\u00e4 - gREat MOments NEver forgotteN","og_description":"Lauantaina 24.8. j\u00e4rjestettiin yhdennettoista KontuFestarit. Festarithan ovat KontuKeskus ry:n yhteisty\u00f6ss\u00e4 Helsingin kaupungin kulttuurikeskuksen, Eunic verkoston Suomen j\u00e4senten ja kaupungin L\u00e4hi\u00f6projektin j\u00e4rjest\u00e4m\u00e4 maksuton ja p\u00e4ihteet\u00f6n kaupunginosafestari. T\u00e4n\u00e4 vuonna siell\u00e4 oli esiintyjin\u00e4 mm. It\u00e4helsingin oma r\u00e4pp\u00e4ri Notkea Rotta. Muut kotimaiset p\u00e4\u00e4esiintyj\u00e4t olivat Pelle Miljoona sek\u00e4 Tuomari Nurmio ja Spuget. Itse k\u00e4vin ensin puolen p\u00e4iv\u00e4n maissa katsastamassa paikkoja [&hellip;]","og_url":"https:\/\/www.remonen.fi\/WP\/blogi\/mita-iistimpaa-sita-siistimpaa\/","og_site_name":"remonen.fi","article_published_time":"2013-08-25T14:15:44+00:00","article_modified_time":"2014-01-11T12:09:00+00:00","og_image":[{"width":800,"height":534,"url":"https:\/\/www.remonen.fi\/WP\/wp-content\/uploads\/2013\/08\/kontufestarit-13-7.jpg","type":"image\/jpeg"}],"author":"Matti Remonen","twitter_misc":{"Kirjoittanut":"Matti Remonen","Arvioitu lukuaika":"2 minuuttia"},"schema":{"@context":"https:\/\/schema.org","@graph":[{"@type":"Article","@id":"https:\/\/www.remonen.fi\/WP\/blogi\/mita-iistimpaa-sita-siistimpaa\/#article","isPartOf":{"@id":"https:\/\/www.remonen.fi\/WP\/blogi\/mita-iistimpaa-sita-siistimpaa\/"},"author":{"name":"Matti Remonen","@id":"https:\/\/www.remonen.fi\/WP\/#\/schema\/person\/1803c23d1d4f6722054eb2ac7f7a97cd"},"headline":"Mit\u00e4 iistimp\u00e4\u00e4, sit\u00e4 siistimp\u00e4\u00e4","datePublished":"2013-08-25T14:15:44+00:00","dateModified":"2014-01-11T12:09:00+00:00","mainEntityOfPage":{"@id":"https:\/\/www.remonen.fi\/WP\/blogi\/mita-iistimpaa-sita-siistimpaa\/"},"wordCount":314,"commentCount":0,"publisher":{"@id":"https:\/\/www.remonen.fi\/WP\/#\/schema\/person\/1803c23d1d4f6722054eb2ac7f7a97cd"},"image":{"@id":"https:\/\/www.remonen.fi\/WP\/blogi\/mita-iistimpaa-sita-siistimpaa\/#primaryimage"},"thumbnailUrl":"https:\/\/www.remonen.fi\/WP\/wp-content\/uploads\/2013\/08\/kontufestarit-13-7.jpg","keywords":["Kontufestarit","Notkea Rotta","Pelle Miljoona"],"articleSection":["Blog"],"inLanguage":"fi","potentialAction":[{"@type":"CommentAction","name":"Comment","target":["https:\/\/www.remonen.fi\/WP\/blogi\/mita-iistimpaa-sita-siistimpaa\/#respond"]}]},{"@type":"WebPage","@id":"https:\/\/www.remonen.fi\/WP\/blogi\/mita-iistimpaa-sita-siistimpaa\/","url":"https:\/\/www.remonen.fi\/WP\/blogi\/mita-iistimpaa-sita-siistimpaa\/","name":"Mit\u00e4 iistimp\u00e4\u00e4, sit\u00e4 siistimp\u00e4\u00e4 - gREat MOments NEver forgotteN","isPartOf":{"@id":"https:\/\/www.remonen.fi\/WP\/#website"},"primaryImageOfPage":{"@id":"https:\/\/www.remonen.fi\/WP\/blogi\/mita-iistimpaa-sita-siistimpaa\/#primaryimage"},"image":{"@id":"https:\/\/www.remonen.fi\/WP\/blogi\/mita-iistimpaa-sita-siistimpaa\/#primaryimage"},"thumbnailUrl":"https:\/\/www.remonen.fi\/WP\/wp-content\/uploads\/2013\/08\/kontufestarit-13-7.jpg","datePublished":"2013-08-25T14:15:44+00:00","dateModified":"2014-01-11T12:09:00+00:00","breadcrumb":{"@id":"https:\/\/www.remonen.fi\/WP\/blogi\/mita-iistimpaa-sita-siistimpaa\/#breadcrumb"},"inLanguage":"fi","potentialAction":[{"@type":"ReadAction","target":["https:\/\/www.remonen.fi\/WP\/blogi\/mita-iistimpaa-sita-siistimpaa\/"]}]},{"@type":"ImageObject","inLanguage":"fi","@id":"https:\/\/www.remonen.fi\/WP\/blogi\/mita-iistimpaa-sita-siistimpaa\/#primaryimage","url":"https:\/\/www.remonen.fi\/WP\/wp-content\/uploads\/2013\/08\/kontufestarit-13-7.jpg","contentUrl":"https:\/\/www.remonen.fi\/WP\/wp-content\/uploads\/2013\/08\/kontufestarit-13-7.jpg","width":800,"height":534},{"@type":"BreadcrumbList","@id":"https:\/\/www.remonen.fi\/WP\/blogi\/mita-iistimpaa-sita-siistimpaa\/#breadcrumb","itemListElement":[{"@type":"ListItem","position":1,"name":"Etusivu","item":"https:\/\/www.remonen.fi\/WP\/"},{"@type":"ListItem","position":2,"name":"Mit\u00e4 iistimp\u00e4\u00e4, sit\u00e4 siistimp\u00e4\u00e4"}]},{"@type":"WebSite","@id":"https:\/\/www.remonen.fi\/WP\/#website","url":"https:\/\/www.remonen.fi\/WP\/","name":"remonen.fi","description":"Valokuvia ja tarinaa laidasta laitaan","publisher":{"@id":"https:\/\/www.remonen.fi\/WP\/#\/schema\/person\/1803c23d1d4f6722054eb2ac7f7a97cd"},"potentialAction":[{"@type":"SearchAction","target":{"@type":"EntryPoint","urlTemplate":"https:\/\/www.remonen.fi\/WP\/?s={search_term_string}"},"query-input":{"@type":"PropertyValueSpecification","valueRequired":true,"valueName":"search_term_string"}}],"inLanguage":"fi"},{"@type":["Person","Organization"],"@id":"https:\/\/www.remonen.fi\/WP\/#\/schema\/person\/1803c23d1d4f6722054eb2ac7f7a97cd","name":"Matti Remonen","logo":{"@id":"https:\/\/www.remonen.fi\/WP\/#\/schema\/person\/image\/"},"url":"https:\/\/www.remonen.fi\/WP\/blogi\/author\/mre\/"}]}},"_links":{"self":[{"href":"https:\/\/www.remonen.fi\/WP\/wp-json\/wp\/v2\/posts\/2839"}],"collection":[{"href":"https:\/\/www.remonen.fi\/WP\/wp-json\/wp\/v2\/posts"}],"about":[{"href":"https:\/\/www.remonen.fi\/WP\/wp-json\/wp\/v2\/types\/post"}],"author":[{"embeddable":true,"href":"https:\/\/www.remonen.fi\/WP\/wp-json\/wp\/v2\/users\/2"}],"replies":[{"embeddable":true,"href":"https:\/\/www.remonen.fi\/WP\/wp-json\/wp\/v2\/comments?post=2839"}],"version-history":[{"count":0,"href":"https:\/\/www.remonen.fi\/WP\/wp-json\/wp\/v2\/posts\/2839\/revisions"}],"wp:featuredmedia":[{"embeddable":true,"href":"https:\/\/www.remonen.fi\/WP\/wp-json\/wp\/v2\/media\/2842"}],"wp:attachment":[{"href":"https:\/\/www.remonen.fi\/WP\/wp-json\/wp\/v2\/media?parent=2839"}],"wp:term":[{"taxonomy":"category","embeddable":true,"href":"https:\/\/www.remonen.fi\/WP\/wp-json\/wp\/v2\/categories?post=2839"},{"taxonomy":"post_tag","embeddable":true,"href":"https:\/\/www.remonen.fi\/WP\/wp-json\/wp\/v2\/tags?post=2839"}],"curies":[{"name":"wp","href":"https:\/\/api.w.org\/{rel}","templated":true}]}}