{"id":2897,"date":"2013-09-07T20:01:58","date_gmt":"2013-09-07T17:01:58","guid":{"rendered":"http:\/\/www.remonen.fi\/?p=2897"},"modified":"2014-01-11T14:08:22","modified_gmt":"2014-01-11T12:08:22","slug":"laajasti-vuorella","status":"publish","type":"post","link":"https:\/\/www.remonen.fi\/WP\/blogi\/laajasti-vuorella\/","title":{"rendered":"Laajasti vuorella"},"content":{"rendered":"<div id=\"attachment_2902\" style=\"width: 310px\" class=\"wp-caption alignleft\"><a href=\"http:\/\/www.remonen.fi\/WP\/wp-content\/uploads\/2013\/09\/laajavuori-13.jpg\"><img loading=\"lazy\" decoding=\"async\" aria-describedby=\"caption-attachment-2902\" class=\"size-medium wp-image-2902 \" alt=\"laajavuori-13\" src=\"http:\/\/www.remonen.fi\/WP\/wp-content\/uploads\/2013\/09\/laajavuori-13-300x199.jpg\" width=\"300\" height=\"199\" srcset=\"https:\/\/www.remonen.fi\/WP\/wp-content\/uploads\/2013\/09\/laajavuori-13-300x199.jpg 300w, https:\/\/www.remonen.fi\/WP\/wp-content\/uploads\/2013\/09\/laajavuori-13.jpg 800w\" sizes=\"(max-width: 300px) 100vw, 300px\" \/><\/a><p id=\"caption-attachment-2902\" class=\"wp-caption-text\">Laajavuori-sarjaa: 8 shades of gray<\/p><\/div>\n<p>Firman strategiap\u00e4iv\u00e4t pidettiin Jyv\u00e4skyl\u00e4ss\u00e4<a href=\"http:\/\/www.rantasipi.fi\/hotellit\/laajavuori\/fi_FI\/etusivu\/\" target=\"_blank\"> Laajavuoren Rantasipiss\u00e4<\/a>. Otin varmuuden vuoksi kameran mukaan, jos siell\u00e4 vaikka olisi kuvattavaa. Periaatteessa olisi ollutkin, mutta aikataulu ei valitettavasti antanut periksi alueen laajemmalle tutkimiselle, joten piti tyyty\u00e4 kuvailemaan tauokojen aikana hotellin sis\u00e4tiloissa. En tiij\u00e4 sitten oliko siin\u00e4 mit\u00e4\u00e4n j\u00e4rke\u00e4, mutta oheista tulosta sielt\u00e4 sitten tuli.<\/p>\n<table border=\"0\" align=\"center\">\n<tbody>\n<tr>\n<td>\n<p><div id=\"attachment_2898\" style=\"width: 310px\" class=\"wp-caption alignnone\"><a href=\"http:\/\/www.remonen.fi\/WP\/wp-content\/uploads\/2013\/09\/laajavuori-13-5.jpg\"><img loading=\"lazy\" decoding=\"async\" aria-describedby=\"caption-attachment-2898\" class=\"size-medium wp-image-2898\" alt=\"laajavuori-13-5\" src=\"http:\/\/www.remonen.fi\/WP\/wp-content\/uploads\/2013\/09\/laajavuori-13-5-300x199.jpg\" width=\"300\" height=\"199\" srcset=\"https:\/\/www.remonen.fi\/WP\/wp-content\/uploads\/2013\/09\/laajavuori-13-5-300x199.jpg 300w, https:\/\/www.remonen.fi\/WP\/wp-content\/uploads\/2013\/09\/laajavuori-13-5.jpg 800w\" sizes=\"(max-width: 300px) 100vw, 300px\" \/><\/a><p id=\"caption-attachment-2898\" class=\"wp-caption-text\">Laajavuori-sarjaa: Vortex<\/p><\/div><\/td>\n<td>\n<p><div id=\"attachment_2900\" style=\"width: 310px\" class=\"wp-caption alignnone\"><a href=\"http:\/\/www.remonen.fi\/WP\/wp-content\/uploads\/2013\/09\/laajavuori-13-3.jpg\"><img loading=\"lazy\" decoding=\"async\" aria-describedby=\"caption-attachment-2900\" class=\"size-medium wp-image-2900\" alt=\"laajavuori-13-3\" src=\"http:\/\/www.remonen.fi\/WP\/wp-content\/uploads\/2013\/09\/laajavuori-13-3-300x199.jpg\" width=\"300\" height=\"199\" srcset=\"https:\/\/www.remonen.fi\/WP\/wp-content\/uploads\/2013\/09\/laajavuori-13-3-300x199.jpg 300w, https:\/\/www.remonen.fi\/WP\/wp-content\/uploads\/2013\/09\/laajavuori-13-3.jpg 800w\" sizes=\"(max-width: 300px) 100vw, 300px\" \/><\/a><p id=\"caption-attachment-2900\" class=\"wp-caption-text\">Laajavuori-sarjaa: Poppy-go-Round<\/p><\/div><\/td>\n<\/tr>\n<\/tbody>\n<\/table>\n<div id=\"attachment_2901\" style=\"width: 209px\" class=\"wp-caption aligncenter\"><a href=\"http:\/\/www.remonen.fi\/WP\/wp-content\/uploads\/2013\/09\/laajavuori-13-2.jpg\"><img loading=\"lazy\" decoding=\"async\" aria-describedby=\"caption-attachment-2901\" class=\"size-medium wp-image-2901 \" alt=\"laajavuori-13-2\" src=\"http:\/\/www.remonen.fi\/WP\/wp-content\/uploads\/2013\/09\/laajavuori-13-2-199x300.jpg\" width=\"199\" height=\"300\" srcset=\"https:\/\/www.remonen.fi\/WP\/wp-content\/uploads\/2013\/09\/laajavuori-13-2-199x300.jpg 199w, https:\/\/www.remonen.fi\/WP\/wp-content\/uploads\/2013\/09\/laajavuori-13-2.jpg 532w\" sizes=\"(max-width: 199px) 100vw, 199px\" \/><\/a><p id=\"caption-attachment-2901\" class=\"wp-caption-text\">Laajavuori-sarjaa: Magic Lantern<\/p><\/div>\n<p style=\"text-align: left;\">Mukana reisussa Sony NEX5N ja SEL1855<\/p>\n","protected":false},"excerpt":{"rendered":"<p>Firman strategiap\u00e4iv\u00e4t pidettiin Jyv\u00e4skyl\u00e4ss\u00e4 Laajavuoren Rantasipiss\u00e4. Otin varmuuden vuoksi kameran mukaan, jos siell\u00e4 vaikka olisi kuvattavaa. Periaatteessa olisi ollutkin, mutta aikataulu ei valitettavasti antanut periksi alueen laajemmalle tutkimiselle, joten piti tyyty\u00e4 kuvailemaan tauokojen aikana hotellin sis\u00e4tiloissa. En tiij\u00e4 sitten oliko siin\u00e4 mit\u00e4\u00e4n j\u00e4rke\u00e4, mutta oheista tulosta sielt\u00e4 sitten tuli. Mukana reisussa Sony NEX5N ja SEL1855<\/p>\n","protected":false},"author":2,"featured_media":2899,"comment_status":"open","ping_status":"closed","sticky":false,"template":"","format":"standard","meta":{"footnotes":""},"categories":[16],"tags":[139],"yoast_head":"<!-- This site is optimized with the Yoast SEO plugin v24.5 - https:\/\/yoast.com\/wordpress\/plugins\/seo\/ -->\n<title>Laajasti vuorella - gREat MOments NEver forgotteN<\/title>\n<meta name=\"description\" content=\"Kuvia seminaarireissulta Hotelli Rantasipi Laajavuoreen\" \/>\n<meta name=\"robots\" content=\"index, follow, max-snippet:-1, max-image-preview:large, max-video-preview:-1\" \/>\n<link rel=\"canonical\" href=\"https:\/\/www.remonen.fi\/WP\/blogi\/laajasti-vuorella\/\" \/>\n<meta property=\"og:locale\" content=\"fi_FI\" \/>\n<meta property=\"og:type\" content=\"article\" \/>\n<meta property=\"og:title\" content=\"Laajasti vuorella - gREat MOments NEver forgotteN\" \/>\n<meta property=\"og:description\" content=\"Kuvia seminaarireissulta Hotelli Rantasipi Laajavuoreen\" \/>\n<meta property=\"og:url\" content=\"https:\/\/www.remonen.fi\/WP\/blogi\/laajasti-vuorella\/\" \/>\n<meta property=\"og:site_name\" content=\"remonen.fi\" \/>\n<meta property=\"article:published_time\" content=\"2013-09-07T17:01:58+00:00\" \/>\n<meta property=\"article:modified_time\" content=\"2014-01-11T12:08:22+00:00\" \/>\n<meta property=\"og:image\" content=\"https:\/\/www.remonen.fi\/WP\/wp-content\/uploads\/2013\/09\/laajavuori-13-4.jpg\" \/>\n\t<meta property=\"og:image:width\" content=\"800\" \/>\n\t<meta property=\"og:image:height\" content=\"532\" \/>\n\t<meta property=\"og:image:type\" content=\"image\/jpeg\" \/>\n<meta name=\"author\" content=\"Matti Remonen\" \/>\n<meta name=\"twitter:label1\" content=\"Kirjoittanut\" \/>\n\t<meta name=\"twitter:data1\" content=\"Matti Remonen\" \/>\n\t<meta name=\"twitter:label2\" content=\"Arvioitu lukuaika\" \/>\n\t<meta name=\"twitter:data2\" content=\"1 minuutti\" \/>\n<script type=\"application\/ld+json\" class=\"yoast-schema-graph\">{\"@context\":\"https:\/\/schema.org\",\"@graph\":[{\"@type\":\"Article\",\"@id\":\"https:\/\/www.remonen.fi\/WP\/blogi\/laajasti-vuorella\/#article\",\"isPartOf\":{\"@id\":\"https:\/\/www.remonen.fi\/WP\/blogi\/laajasti-vuorella\/\"},\"author\":{\"name\":\"Matti Remonen\",\"@id\":\"https:\/\/www.remonen.fi\/WP\/#\/schema\/person\/1803c23d1d4f6722054eb2ac7f7a97cd\"},\"headline\":\"Laajasti vuorella\",\"datePublished\":\"2013-09-07T17:01:58+00:00\",\"dateModified\":\"2014-01-11T12:08:22+00:00\",\"mainEntityOfPage\":{\"@id\":\"https:\/\/www.remonen.fi\/WP\/blogi\/laajasti-vuorella\/\"},\"wordCount\":104,\"commentCount\":0,\"publisher\":{\"@id\":\"https:\/\/www.remonen.fi\/WP\/#\/schema\/person\/1803c23d1d4f6722054eb2ac7f7a97cd\"},\"image\":{\"@id\":\"https:\/\/www.remonen.fi\/WP\/blogi\/laajasti-vuorella\/#primaryimage\"},\"thumbnailUrl\":\"https:\/\/www.remonen.fi\/WP\/wp-content\/uploads\/2013\/09\/laajavuori-13-4.jpg\",\"keywords\":[\"Laajavuori\"],\"articleSection\":[\"Blog\"],\"inLanguage\":\"fi\",\"potentialAction\":[{\"@type\":\"CommentAction\",\"name\":\"Comment\",\"target\":[\"https:\/\/www.remonen.fi\/WP\/blogi\/laajasti-vuorella\/#respond\"]}]},{\"@type\":\"WebPage\",\"@id\":\"https:\/\/www.remonen.fi\/WP\/blogi\/laajasti-vuorella\/\",\"url\":\"https:\/\/www.remonen.fi\/WP\/blogi\/laajasti-vuorella\/\",\"name\":\"Laajasti vuorella - gREat MOments NEver forgotteN\",\"isPartOf\":{\"@id\":\"https:\/\/www.remonen.fi\/WP\/#website\"},\"primaryImageOfPage\":{\"@id\":\"https:\/\/www.remonen.fi\/WP\/blogi\/laajasti-vuorella\/#primaryimage\"},\"image\":{\"@id\":\"https:\/\/www.remonen.fi\/WP\/blogi\/laajasti-vuorella\/#primaryimage\"},\"thumbnailUrl\":\"https:\/\/www.remonen.fi\/WP\/wp-content\/uploads\/2013\/09\/laajavuori-13-4.jpg\",\"datePublished\":\"2013-09-07T17:01:58+00:00\",\"dateModified\":\"2014-01-11T12:08:22+00:00\",\"description\":\"Kuvia seminaarireissulta Hotelli Rantasipi Laajavuoreen\",\"breadcrumb\":{\"@id\":\"https:\/\/www.remonen.fi\/WP\/blogi\/laajasti-vuorella\/#breadcrumb\"},\"inLanguage\":\"fi\",\"potentialAction\":[{\"@type\":\"ReadAction\",\"target\":[\"https:\/\/www.remonen.fi\/WP\/blogi\/laajasti-vuorella\/\"]}]},{\"@type\":\"ImageObject\",\"inLanguage\":\"fi\",\"@id\":\"https:\/\/www.remonen.fi\/WP\/blogi\/laajasti-vuorella\/#primaryimage\",\"url\":\"https:\/\/www.remonen.fi\/WP\/wp-content\/uploads\/2013\/09\/laajavuori-13-4.jpg\",\"contentUrl\":\"https:\/\/www.remonen.fi\/WP\/wp-content\/uploads\/2013\/09\/laajavuori-13-4.jpg\",\"width\":800,\"height\":532},{\"@type\":\"BreadcrumbList\",\"@id\":\"https:\/\/www.remonen.fi\/WP\/blogi\/laajasti-vuorella\/#breadcrumb\",\"itemListElement\":[{\"@type\":\"ListItem\",\"position\":1,\"name\":\"Etusivu\",\"item\":\"https:\/\/www.remonen.fi\/WP\/\"},{\"@type\":\"ListItem\",\"position\":2,\"name\":\"Laajasti vuorella\"}]},{\"@type\":\"WebSite\",\"@id\":\"https:\/\/www.remonen.fi\/WP\/#website\",\"url\":\"https:\/\/www.remonen.fi\/WP\/\",\"name\":\"remonen.fi\",\"description\":\"Valokuvia ja tarinaa laidasta laitaan\",\"publisher\":{\"@id\":\"https:\/\/www.remonen.fi\/WP\/#\/schema\/person\/1803c23d1d4f6722054eb2ac7f7a97cd\"},\"potentialAction\":[{\"@type\":\"SearchAction\",\"target\":{\"@type\":\"EntryPoint\",\"urlTemplate\":\"https:\/\/www.remonen.fi\/WP\/?s={search_term_string}\"},\"query-input\":{\"@type\":\"PropertyValueSpecification\",\"valueRequired\":true,\"valueName\":\"search_term_string\"}}],\"inLanguage\":\"fi\"},{\"@type\":[\"Person\",\"Organization\"],\"@id\":\"https:\/\/www.remonen.fi\/WP\/#\/schema\/person\/1803c23d1d4f6722054eb2ac7f7a97cd\",\"name\":\"Matti Remonen\",\"logo\":{\"@id\":\"https:\/\/www.remonen.fi\/WP\/#\/schema\/person\/image\/\"},\"url\":\"https:\/\/www.remonen.fi\/WP\/blogi\/author\/mre\/\"}]}<\/script>\n<!-- \/ Yoast SEO plugin. -->","yoast_head_json":{"title":"Laajasti vuorella - gREat MOments NEver forgotteN","description":"Kuvia seminaarireissulta Hotelli Rantasipi Laajavuoreen","robots":{"index":"index","follow":"follow","max-snippet":"max-snippet:-1","max-image-preview":"max-image-preview:large","max-video-preview":"max-video-preview:-1"},"canonical":"https:\/\/www.remonen.fi\/WP\/blogi\/laajasti-vuorella\/","og_locale":"fi_FI","og_type":"article","og_title":"Laajasti vuorella - gREat MOments NEver forgotteN","og_description":"Kuvia seminaarireissulta Hotelli Rantasipi Laajavuoreen","og_url":"https:\/\/www.remonen.fi\/WP\/blogi\/laajasti-vuorella\/","og_site_name":"remonen.fi","article_published_time":"2013-09-07T17:01:58+00:00","article_modified_time":"2014-01-11T12:08:22+00:00","og_image":[{"width":800,"height":532,"url":"https:\/\/www.remonen.fi\/WP\/wp-content\/uploads\/2013\/09\/laajavuori-13-4.jpg","type":"image\/jpeg"}],"author":"Matti Remonen","twitter_misc":{"Kirjoittanut":"Matti Remonen","Arvioitu lukuaika":"1 minuutti"},"schema":{"@context":"https:\/\/schema.org","@graph":[{"@type":"Article","@id":"https:\/\/www.remonen.fi\/WP\/blogi\/laajasti-vuorella\/#article","isPartOf":{"@id":"https:\/\/www.remonen.fi\/WP\/blogi\/laajasti-vuorella\/"},"author":{"name":"Matti Remonen","@id":"https:\/\/www.remonen.fi\/WP\/#\/schema\/person\/1803c23d1d4f6722054eb2ac7f7a97cd"},"headline":"Laajasti vuorella","datePublished":"2013-09-07T17:01:58+00:00","dateModified":"2014-01-11T12:08:22+00:00","mainEntityOfPage":{"@id":"https:\/\/www.remonen.fi\/WP\/blogi\/laajasti-vuorella\/"},"wordCount":104,"commentCount":0,"publisher":{"@id":"https:\/\/www.remonen.fi\/WP\/#\/schema\/person\/1803c23d1d4f6722054eb2ac7f7a97cd"},"image":{"@id":"https:\/\/www.remonen.fi\/WP\/blogi\/laajasti-vuorella\/#primaryimage"},"thumbnailUrl":"https:\/\/www.remonen.fi\/WP\/wp-content\/uploads\/2013\/09\/laajavuori-13-4.jpg","keywords":["Laajavuori"],"articleSection":["Blog"],"inLanguage":"fi","potentialAction":[{"@type":"CommentAction","name":"Comment","target":["https:\/\/www.remonen.fi\/WP\/blogi\/laajasti-vuorella\/#respond"]}]},{"@type":"WebPage","@id":"https:\/\/www.remonen.fi\/WP\/blogi\/laajasti-vuorella\/","url":"https:\/\/www.remonen.fi\/WP\/blogi\/laajasti-vuorella\/","name":"Laajasti vuorella - gREat MOments NEver forgotteN","isPartOf":{"@id":"https:\/\/www.remonen.fi\/WP\/#website"},"primaryImageOfPage":{"@id":"https:\/\/www.remonen.fi\/WP\/blogi\/laajasti-vuorella\/#primaryimage"},"image":{"@id":"https:\/\/www.remonen.fi\/WP\/blogi\/laajasti-vuorella\/#primaryimage"},"thumbnailUrl":"https:\/\/www.remonen.fi\/WP\/wp-content\/uploads\/2013\/09\/laajavuori-13-4.jpg","datePublished":"2013-09-07T17:01:58+00:00","dateModified":"2014-01-11T12:08:22+00:00","description":"Kuvia seminaarireissulta Hotelli Rantasipi Laajavuoreen","breadcrumb":{"@id":"https:\/\/www.remonen.fi\/WP\/blogi\/laajasti-vuorella\/#breadcrumb"},"inLanguage":"fi","potentialAction":[{"@type":"ReadAction","target":["https:\/\/www.remonen.fi\/WP\/blogi\/laajasti-vuorella\/"]}]},{"@type":"ImageObject","inLanguage":"fi","@id":"https:\/\/www.remonen.fi\/WP\/blogi\/laajasti-vuorella\/#primaryimage","url":"https:\/\/www.remonen.fi\/WP\/wp-content\/uploads\/2013\/09\/laajavuori-13-4.jpg","contentUrl":"https:\/\/www.remonen.fi\/WP\/wp-content\/uploads\/2013\/09\/laajavuori-13-4.jpg","width":800,"height":532},{"@type":"BreadcrumbList","@id":"https:\/\/www.remonen.fi\/WP\/blogi\/laajasti-vuorella\/#breadcrumb","itemListElement":[{"@type":"ListItem","position":1,"name":"Etusivu","item":"https:\/\/www.remonen.fi\/WP\/"},{"@type":"ListItem","position":2,"name":"Laajasti vuorella"}]},{"@type":"WebSite","@id":"https:\/\/www.remonen.fi\/WP\/#website","url":"https:\/\/www.remonen.fi\/WP\/","name":"remonen.fi","description":"Valokuvia ja tarinaa laidasta laitaan","publisher":{"@id":"https:\/\/www.remonen.fi\/WP\/#\/schema\/person\/1803c23d1d4f6722054eb2ac7f7a97cd"},"potentialAction":[{"@type":"SearchAction","target":{"@type":"EntryPoint","urlTemplate":"https:\/\/www.remonen.fi\/WP\/?s={search_term_string}"},"query-input":{"@type":"PropertyValueSpecification","valueRequired":true,"valueName":"search_term_string"}}],"inLanguage":"fi"},{"@type":["Person","Organization"],"@id":"https:\/\/www.remonen.fi\/WP\/#\/schema\/person\/1803c23d1d4f6722054eb2ac7f7a97cd","name":"Matti Remonen","logo":{"@id":"https:\/\/www.remonen.fi\/WP\/#\/schema\/person\/image\/"},"url":"https:\/\/www.remonen.fi\/WP\/blogi\/author\/mre\/"}]}},"_links":{"self":[{"href":"https:\/\/www.remonen.fi\/WP\/wp-json\/wp\/v2\/posts\/2897"}],"collection":[{"href":"https:\/\/www.remonen.fi\/WP\/wp-json\/wp\/v2\/posts"}],"about":[{"href":"https:\/\/www.remonen.fi\/WP\/wp-json\/wp\/v2\/types\/post"}],"author":[{"embeddable":true,"href":"https:\/\/www.remonen.fi\/WP\/wp-json\/wp\/v2\/users\/2"}],"replies":[{"embeddable":true,"href":"https:\/\/www.remonen.fi\/WP\/wp-json\/wp\/v2\/comments?post=2897"}],"version-history":[{"count":0,"href":"https:\/\/www.remonen.fi\/WP\/wp-json\/wp\/v2\/posts\/2897\/revisions"}],"wp:featuredmedia":[{"embeddable":true,"href":"https:\/\/www.remonen.fi\/WP\/wp-json\/wp\/v2\/media\/2899"}],"wp:attachment":[{"href":"https:\/\/www.remonen.fi\/WP\/wp-json\/wp\/v2\/media?parent=2897"}],"wp:term":[{"taxonomy":"category","embeddable":true,"href":"https:\/\/www.remonen.fi\/WP\/wp-json\/wp\/v2\/categories?post=2897"},{"taxonomy":"post_tag","embeddable":true,"href":"https:\/\/www.remonen.fi\/WP\/wp-json\/wp\/v2\/tags?post=2897"}],"curies":[{"name":"wp","href":"https:\/\/api.w.org\/{rel}","templated":true}]}}