{"id":2906,"date":"2013-09-08T16:34:02","date_gmt":"2013-09-08T13:34:02","guid":{"rendered":"http:\/\/www.remonen.fi\/?p=2906"},"modified":"2013-09-08T16:39:42","modified_gmt":"2013-09-08T13:39:42","slug":"seinasta-revittya","status":"publish","type":"post","link":"https:\/\/www.remonen.fi\/WP\/blogi\/seinasta-revittya\/","title":{"rendered":"Sein\u00e4st\u00e4 revitty\u00e4"},"content":{"rendered":"<p><a href=\"http:\/\/www.remonen.fi\/WP\/wp-content\/uploads\/2013\/09\/pain-seinia.jpg\"><img loading=\"lazy\" decoding=\"async\" class=\"alignleft size-thumbnail wp-image-2912\" alt=\"pain-seinia\" src=\"http:\/\/www.remonen.fi\/WP\/wp-content\/uploads\/2013\/09\/pain-seinia-150x150.jpg\" width=\"150\" height=\"150\" \/><\/a>Laajavuori-teeman j\u00e4lkeen ajattelin jatkaa abstraktilla linjalla ja toteuttaa &#8221;Sein\u00e4st\u00e4 revitty&#8221;-teeman. Jyv\u00e4skyl\u00e4\u00e4n ajaessamme bongasin bussin ikkunasta Lahden motarin varrelta punaruskeaksi v\u00e4rj\u00e4tyn kerrostalon. Talo sijaitsee uudella Tattarisuon(?) asuntoalueella. Tosin asuntoalueen virallinen nimi lienee joku hienompi. Kuten vaikka Malmi Airport Apartments, tms. Enivei, siin\u00e4 se talo n\u00f6k\u00f6tt\u00e4\u00e4 motarin ja Tattarisuon v\u00e4liss\u00e4. Minulle kyll\u00e4 sopii, ett\u00e4 nyky\u00e4\u00e4n suositaan muitakin v\u00e4rej\u00e4 kuin harmaata betonia. Vaikka sitten se olisi v\u00e4rj\u00e4tty\u00e4 betonia.<\/p>\n<table border=\"0\" align=\"center\">\n<tbody>\n<tr>\n<td><a href=\"http:\/\/www.remonen.fi\/WP\/wp-content\/uploads\/2013\/09\/pain-seinia-3.jpg\"><img loading=\"lazy\" decoding=\"async\" class=\"alignnone size-medium wp-image-2910\" alt=\"pain-seinia-3\" src=\"http:\/\/www.remonen.fi\/WP\/wp-content\/uploads\/2013\/09\/pain-seinia-3-200x300.jpg\" width=\"200\" height=\"300\" srcset=\"https:\/\/www.remonen.fi\/WP\/wp-content\/uploads\/2013\/09\/pain-seinia-3-200x300.jpg 200w, https:\/\/www.remonen.fi\/WP\/wp-content\/uploads\/2013\/09\/pain-seinia-3.jpg 534w\" sizes=\"(max-width: 200px) 100vw, 200px\" \/><\/a><\/td>\n<td><a href=\"http:\/\/www.remonen.fi\/WP\/wp-content\/uploads\/2013\/09\/pain-seinia-4.jpg\"><img loading=\"lazy\" decoding=\"async\" class=\"alignnone size-medium wp-image-2909\" alt=\"pain-seinia-4\" src=\"http:\/\/www.remonen.fi\/WP\/wp-content\/uploads\/2013\/09\/pain-seinia-4-200x300.jpg\" width=\"200\" height=\"300\" srcset=\"https:\/\/www.remonen.fi\/WP\/wp-content\/uploads\/2013\/09\/pain-seinia-4-200x300.jpg 200w, https:\/\/www.remonen.fi\/WP\/wp-content\/uploads\/2013\/09\/pain-seinia-4.jpg 534w\" sizes=\"(max-width: 200px) 100vw, 200px\" \/><\/a><\/td>\n<\/tr>\n<\/tbody>\n<\/table>\n<p><a href=\"http:\/\/www.remonen.fi\/WP\/wp-content\/uploads\/2013\/09\/pain-seinia-2.jpg\"><img loading=\"lazy\" decoding=\"async\" class=\"aligncenter size-medium wp-image-2911\" alt=\"pain-seinia-2\" src=\"http:\/\/www.remonen.fi\/WP\/wp-content\/uploads\/2013\/09\/pain-seinia-2-300x200.jpg\" width=\"300\" height=\"200\" srcset=\"https:\/\/www.remonen.fi\/WP\/wp-content\/uploads\/2013\/09\/pain-seinia-2-300x200.jpg 300w, https:\/\/www.remonen.fi\/WP\/wp-content\/uploads\/2013\/09\/pain-seinia-2.jpg 800w\" sizes=\"(max-width: 300px) 100vw, 300px\" \/><\/a><\/p>\n<p>Ja t\u00e4m\u00e4n talon vierest\u00e4 l\u00f6ytyi toinen rakennus, jossa oli viel\u00e4 villimpi v\u00e4riskaala&#8230;<\/p>\n<table border=\"0\" align=\"center\">\n<tbody>\n<tr>\n<td><a href=\"http:\/\/www.remonen.fi\/WP\/wp-content\/uploads\/2013\/09\/pain-seinia-5.jpg\"><img loading=\"lazy\" decoding=\"async\" class=\"size-medium wp-image-2908 alignnone\" alt=\"pain-seinia-5\" src=\"http:\/\/www.remonen.fi\/WP\/wp-content\/uploads\/2013\/09\/pain-seinia-5-300x200.jpg\" width=\"300\" height=\"200\" srcset=\"https:\/\/www.remonen.fi\/WP\/wp-content\/uploads\/2013\/09\/pain-seinia-5-300x200.jpg 300w, https:\/\/www.remonen.fi\/WP\/wp-content\/uploads\/2013\/09\/pain-seinia-5.jpg 800w\" sizes=\"(max-width: 300px) 100vw, 300px\" \/><\/a><\/td>\n<td><a href=\"http:\/\/www.remonen.fi\/WP\/wp-content\/uploads\/2013\/09\/pain-seinia-61.jpg\"><img loading=\"lazy\" decoding=\"async\" class=\"alignnone size-medium wp-image-2918\" alt=\"pain-seinia-6\" src=\"http:\/\/www.remonen.fi\/WP\/wp-content\/uploads\/2013\/09\/pain-seinia-61-300x200.jpg\" width=\"300\" height=\"200\" srcset=\"https:\/\/www.remonen.fi\/WP\/wp-content\/uploads\/2013\/09\/pain-seinia-61-300x200.jpg 300w, https:\/\/www.remonen.fi\/WP\/wp-content\/uploads\/2013\/09\/pain-seinia-61.jpg 800w\" sizes=\"(max-width: 300px) 100vw, 300px\" \/><\/a><\/td>\n<\/tr>\n<\/tbody>\n<\/table>\n<p>N\u00e4m\u00e4 n\u00e4kym\u00e4t ikuistivat Nikon D800E ja AF-S Nikkor 24-70\/2.8G<\/p>\n","protected":false},"excerpt":{"rendered":"<p>Laajavuori-teeman j\u00e4lkeen ajattelin jatkaa abstraktilla linjalla ja toteuttaa &#8221;Sein\u00e4st\u00e4 revitty&#8221;-teeman. Jyv\u00e4skyl\u00e4\u00e4n ajaessamme bongasin bussin ikkunasta Lahden motarin varrelta punaruskeaksi v\u00e4rj\u00e4tyn kerrostalon. Talo sijaitsee uudella Tattarisuon(?) asuntoalueella. Tosin asuntoalueen virallinen nimi lienee joku hienompi. Kuten vaikka Malmi Airport Apartments, tms. Enivei, siin\u00e4 se talo n\u00f6k\u00f6tt\u00e4\u00e4 motarin ja Tattarisuon v\u00e4liss\u00e4. Minulle kyll\u00e4 sopii, ett\u00e4 nyky\u00e4\u00e4n suositaan muitakin [&hellip;]<\/p>\n","protected":false},"author":2,"featured_media":2918,"comment_status":"open","ping_status":"closed","sticky":false,"template":"","format":"standard","meta":{"footnotes":""},"categories":[16],"tags":[89],"yoast_head":"<!-- This site is optimized with the Yoast SEO plugin v24.5 - https:\/\/yoast.com\/wordpress\/plugins\/seo\/ -->\n<title>Sein\u00e4st\u00e4 revitty\u00e4 - gREat MOments NEver forgotteN<\/title>\n<meta name=\"robots\" content=\"index, follow, max-snippet:-1, max-image-preview:large, max-video-preview:-1\" \/>\n<link rel=\"canonical\" href=\"https:\/\/www.remonen.fi\/WP\/blogi\/seinasta-revittya\/\" \/>\n<meta property=\"og:locale\" content=\"fi_FI\" \/>\n<meta property=\"og:type\" content=\"article\" \/>\n<meta property=\"og:title\" content=\"Sein\u00e4st\u00e4 revitty\u00e4 - gREat MOments NEver forgotteN\" \/>\n<meta property=\"og:description\" content=\"Laajavuori-teeman j\u00e4lkeen ajattelin jatkaa abstraktilla linjalla ja toteuttaa &#8221;Sein\u00e4st\u00e4 revitty&#8221;-teeman. Jyv\u00e4skyl\u00e4\u00e4n ajaessamme bongasin bussin ikkunasta Lahden motarin varrelta punaruskeaksi v\u00e4rj\u00e4tyn kerrostalon. Talo sijaitsee uudella Tattarisuon(?) asuntoalueella. Tosin asuntoalueen virallinen nimi lienee joku hienompi. Kuten vaikka Malmi Airport Apartments, tms. Enivei, siin\u00e4 se talo n\u00f6k\u00f6tt\u00e4\u00e4 motarin ja Tattarisuon v\u00e4liss\u00e4. Minulle kyll\u00e4 sopii, ett\u00e4 nyky\u00e4\u00e4n suositaan muitakin [&hellip;]\" \/>\n<meta property=\"og:url\" content=\"https:\/\/www.remonen.fi\/WP\/blogi\/seinasta-revittya\/\" \/>\n<meta property=\"og:site_name\" content=\"remonen.fi\" \/>\n<meta property=\"article:published_time\" content=\"2013-09-08T13:34:02+00:00\" \/>\n<meta property=\"article:modified_time\" content=\"2013-09-08T13:39:42+00:00\" \/>\n<meta property=\"og:image\" content=\"https:\/\/www.remonen.fi\/WP\/wp-content\/uploads\/2013\/09\/pain-seinia-61.jpg\" \/>\n\t<meta property=\"og:image:width\" content=\"800\" \/>\n\t<meta property=\"og:image:height\" content=\"534\" \/>\n\t<meta property=\"og:image:type\" content=\"image\/jpeg\" \/>\n<meta name=\"author\" content=\"Matti Remonen\" \/>\n<meta name=\"twitter:label1\" content=\"Kirjoittanut\" \/>\n\t<meta name=\"twitter:data1\" content=\"Matti Remonen\" \/>\n\t<meta name=\"twitter:label2\" content=\"Arvioitu lukuaika\" \/>\n\t<meta name=\"twitter:data2\" content=\"1 minuutti\" \/>\n<script type=\"application\/ld+json\" class=\"yoast-schema-graph\">{\"@context\":\"https:\/\/schema.org\",\"@graph\":[{\"@type\":\"Article\",\"@id\":\"https:\/\/www.remonen.fi\/WP\/blogi\/seinasta-revittya\/#article\",\"isPartOf\":{\"@id\":\"https:\/\/www.remonen.fi\/WP\/blogi\/seinasta-revittya\/\"},\"author\":{\"name\":\"Matti Remonen\",\"@id\":\"https:\/\/www.remonen.fi\/WP\/#\/schema\/person\/1803c23d1d4f6722054eb2ac7f7a97cd\"},\"headline\":\"Sein\u00e4st\u00e4 revitty\u00e4\",\"datePublished\":\"2013-09-08T13:34:02+00:00\",\"dateModified\":\"2013-09-08T13:39:42+00:00\",\"mainEntityOfPage\":{\"@id\":\"https:\/\/www.remonen.fi\/WP\/blogi\/seinasta-revittya\/\"},\"wordCount\":112,\"commentCount\":0,\"publisher\":{\"@id\":\"https:\/\/www.remonen.fi\/WP\/#\/schema\/person\/1803c23d1d4f6722054eb2ac7f7a97cd\"},\"image\":{\"@id\":\"https:\/\/www.remonen.fi\/WP\/blogi\/seinasta-revittya\/#primaryimage\"},\"thumbnailUrl\":\"https:\/\/www.remonen.fi\/WP\/wp-content\/uploads\/2013\/09\/pain-seinia-61.jpg\",\"keywords\":[\"Tattarisuo\"],\"articleSection\":[\"Blog\"],\"inLanguage\":\"fi\",\"potentialAction\":[{\"@type\":\"CommentAction\",\"name\":\"Comment\",\"target\":[\"https:\/\/www.remonen.fi\/WP\/blogi\/seinasta-revittya\/#respond\"]}]},{\"@type\":\"WebPage\",\"@id\":\"https:\/\/www.remonen.fi\/WP\/blogi\/seinasta-revittya\/\",\"url\":\"https:\/\/www.remonen.fi\/WP\/blogi\/seinasta-revittya\/\",\"name\":\"Sein\u00e4st\u00e4 revitty\u00e4 - gREat MOments NEver forgotteN\",\"isPartOf\":{\"@id\":\"https:\/\/www.remonen.fi\/WP\/#website\"},\"primaryImageOfPage\":{\"@id\":\"https:\/\/www.remonen.fi\/WP\/blogi\/seinasta-revittya\/#primaryimage\"},\"image\":{\"@id\":\"https:\/\/www.remonen.fi\/WP\/blogi\/seinasta-revittya\/#primaryimage\"},\"thumbnailUrl\":\"https:\/\/www.remonen.fi\/WP\/wp-content\/uploads\/2013\/09\/pain-seinia-61.jpg\",\"datePublished\":\"2013-09-08T13:34:02+00:00\",\"dateModified\":\"2013-09-08T13:39:42+00:00\",\"breadcrumb\":{\"@id\":\"https:\/\/www.remonen.fi\/WP\/blogi\/seinasta-revittya\/#breadcrumb\"},\"inLanguage\":\"fi\",\"potentialAction\":[{\"@type\":\"ReadAction\",\"target\":[\"https:\/\/www.remonen.fi\/WP\/blogi\/seinasta-revittya\/\"]}]},{\"@type\":\"ImageObject\",\"inLanguage\":\"fi\",\"@id\":\"https:\/\/www.remonen.fi\/WP\/blogi\/seinasta-revittya\/#primaryimage\",\"url\":\"https:\/\/www.remonen.fi\/WP\/wp-content\/uploads\/2013\/09\/pain-seinia-61.jpg\",\"contentUrl\":\"https:\/\/www.remonen.fi\/WP\/wp-content\/uploads\/2013\/09\/pain-seinia-61.jpg\",\"width\":800,\"height\":534},{\"@type\":\"BreadcrumbList\",\"@id\":\"https:\/\/www.remonen.fi\/WP\/blogi\/seinasta-revittya\/#breadcrumb\",\"itemListElement\":[{\"@type\":\"ListItem\",\"position\":1,\"name\":\"Etusivu\",\"item\":\"https:\/\/www.remonen.fi\/WP\/\"},{\"@type\":\"ListItem\",\"position\":2,\"name\":\"Sein\u00e4st\u00e4 revitty\u00e4\"}]},{\"@type\":\"WebSite\",\"@id\":\"https:\/\/www.remonen.fi\/WP\/#website\",\"url\":\"https:\/\/www.remonen.fi\/WP\/\",\"name\":\"remonen.fi\",\"description\":\"Valokuvia ja tarinaa laidasta laitaan\",\"publisher\":{\"@id\":\"https:\/\/www.remonen.fi\/WP\/#\/schema\/person\/1803c23d1d4f6722054eb2ac7f7a97cd\"},\"potentialAction\":[{\"@type\":\"SearchAction\",\"target\":{\"@type\":\"EntryPoint\",\"urlTemplate\":\"https:\/\/www.remonen.fi\/WP\/?s={search_term_string}\"},\"query-input\":{\"@type\":\"PropertyValueSpecification\",\"valueRequired\":true,\"valueName\":\"search_term_string\"}}],\"inLanguage\":\"fi\"},{\"@type\":[\"Person\",\"Organization\"],\"@id\":\"https:\/\/www.remonen.fi\/WP\/#\/schema\/person\/1803c23d1d4f6722054eb2ac7f7a97cd\",\"name\":\"Matti Remonen\",\"logo\":{\"@id\":\"https:\/\/www.remonen.fi\/WP\/#\/schema\/person\/image\/\"},\"url\":\"https:\/\/www.remonen.fi\/WP\/blogi\/author\/mre\/\"}]}<\/script>\n<!-- \/ Yoast SEO plugin. -->","yoast_head_json":{"title":"Sein\u00e4st\u00e4 revitty\u00e4 - gREat MOments NEver forgotteN","robots":{"index":"index","follow":"follow","max-snippet":"max-snippet:-1","max-image-preview":"max-image-preview:large","max-video-preview":"max-video-preview:-1"},"canonical":"https:\/\/www.remonen.fi\/WP\/blogi\/seinasta-revittya\/","og_locale":"fi_FI","og_type":"article","og_title":"Sein\u00e4st\u00e4 revitty\u00e4 - gREat MOments NEver forgotteN","og_description":"Laajavuori-teeman j\u00e4lkeen ajattelin jatkaa abstraktilla linjalla ja toteuttaa &#8221;Sein\u00e4st\u00e4 revitty&#8221;-teeman. Jyv\u00e4skyl\u00e4\u00e4n ajaessamme bongasin bussin ikkunasta Lahden motarin varrelta punaruskeaksi v\u00e4rj\u00e4tyn kerrostalon. Talo sijaitsee uudella Tattarisuon(?) asuntoalueella. Tosin asuntoalueen virallinen nimi lienee joku hienompi. Kuten vaikka Malmi Airport Apartments, tms. Enivei, siin\u00e4 se talo n\u00f6k\u00f6tt\u00e4\u00e4 motarin ja Tattarisuon v\u00e4liss\u00e4. Minulle kyll\u00e4 sopii, ett\u00e4 nyky\u00e4\u00e4n suositaan muitakin [&hellip;]","og_url":"https:\/\/www.remonen.fi\/WP\/blogi\/seinasta-revittya\/","og_site_name":"remonen.fi","article_published_time":"2013-09-08T13:34:02+00:00","article_modified_time":"2013-09-08T13:39:42+00:00","og_image":[{"width":800,"height":534,"url":"https:\/\/www.remonen.fi\/WP\/wp-content\/uploads\/2013\/09\/pain-seinia-61.jpg","type":"image\/jpeg"}],"author":"Matti Remonen","twitter_misc":{"Kirjoittanut":"Matti Remonen","Arvioitu lukuaika":"1 minuutti"},"schema":{"@context":"https:\/\/schema.org","@graph":[{"@type":"Article","@id":"https:\/\/www.remonen.fi\/WP\/blogi\/seinasta-revittya\/#article","isPartOf":{"@id":"https:\/\/www.remonen.fi\/WP\/blogi\/seinasta-revittya\/"},"author":{"name":"Matti Remonen","@id":"https:\/\/www.remonen.fi\/WP\/#\/schema\/person\/1803c23d1d4f6722054eb2ac7f7a97cd"},"headline":"Sein\u00e4st\u00e4 revitty\u00e4","datePublished":"2013-09-08T13:34:02+00:00","dateModified":"2013-09-08T13:39:42+00:00","mainEntityOfPage":{"@id":"https:\/\/www.remonen.fi\/WP\/blogi\/seinasta-revittya\/"},"wordCount":112,"commentCount":0,"publisher":{"@id":"https:\/\/www.remonen.fi\/WP\/#\/schema\/person\/1803c23d1d4f6722054eb2ac7f7a97cd"},"image":{"@id":"https:\/\/www.remonen.fi\/WP\/blogi\/seinasta-revittya\/#primaryimage"},"thumbnailUrl":"https:\/\/www.remonen.fi\/WP\/wp-content\/uploads\/2013\/09\/pain-seinia-61.jpg","keywords":["Tattarisuo"],"articleSection":["Blog"],"inLanguage":"fi","potentialAction":[{"@type":"CommentAction","name":"Comment","target":["https:\/\/www.remonen.fi\/WP\/blogi\/seinasta-revittya\/#respond"]}]},{"@type":"WebPage","@id":"https:\/\/www.remonen.fi\/WP\/blogi\/seinasta-revittya\/","url":"https:\/\/www.remonen.fi\/WP\/blogi\/seinasta-revittya\/","name":"Sein\u00e4st\u00e4 revitty\u00e4 - gREat MOments NEver forgotteN","isPartOf":{"@id":"https:\/\/www.remonen.fi\/WP\/#website"},"primaryImageOfPage":{"@id":"https:\/\/www.remonen.fi\/WP\/blogi\/seinasta-revittya\/#primaryimage"},"image":{"@id":"https:\/\/www.remonen.fi\/WP\/blogi\/seinasta-revittya\/#primaryimage"},"thumbnailUrl":"https:\/\/www.remonen.fi\/WP\/wp-content\/uploads\/2013\/09\/pain-seinia-61.jpg","datePublished":"2013-09-08T13:34:02+00:00","dateModified":"2013-09-08T13:39:42+00:00","breadcrumb":{"@id":"https:\/\/www.remonen.fi\/WP\/blogi\/seinasta-revittya\/#breadcrumb"},"inLanguage":"fi","potentialAction":[{"@type":"ReadAction","target":["https:\/\/www.remonen.fi\/WP\/blogi\/seinasta-revittya\/"]}]},{"@type":"ImageObject","inLanguage":"fi","@id":"https:\/\/www.remonen.fi\/WP\/blogi\/seinasta-revittya\/#primaryimage","url":"https:\/\/www.remonen.fi\/WP\/wp-content\/uploads\/2013\/09\/pain-seinia-61.jpg","contentUrl":"https:\/\/www.remonen.fi\/WP\/wp-content\/uploads\/2013\/09\/pain-seinia-61.jpg","width":800,"height":534},{"@type":"BreadcrumbList","@id":"https:\/\/www.remonen.fi\/WP\/blogi\/seinasta-revittya\/#breadcrumb","itemListElement":[{"@type":"ListItem","position":1,"name":"Etusivu","item":"https:\/\/www.remonen.fi\/WP\/"},{"@type":"ListItem","position":2,"name":"Sein\u00e4st\u00e4 revitty\u00e4"}]},{"@type":"WebSite","@id":"https:\/\/www.remonen.fi\/WP\/#website","url":"https:\/\/www.remonen.fi\/WP\/","name":"remonen.fi","description":"Valokuvia ja tarinaa laidasta laitaan","publisher":{"@id":"https:\/\/www.remonen.fi\/WP\/#\/schema\/person\/1803c23d1d4f6722054eb2ac7f7a97cd"},"potentialAction":[{"@type":"SearchAction","target":{"@type":"EntryPoint","urlTemplate":"https:\/\/www.remonen.fi\/WP\/?s={search_term_string}"},"query-input":{"@type":"PropertyValueSpecification","valueRequired":true,"valueName":"search_term_string"}}],"inLanguage":"fi"},{"@type":["Person","Organization"],"@id":"https:\/\/www.remonen.fi\/WP\/#\/schema\/person\/1803c23d1d4f6722054eb2ac7f7a97cd","name":"Matti Remonen","logo":{"@id":"https:\/\/www.remonen.fi\/WP\/#\/schema\/person\/image\/"},"url":"https:\/\/www.remonen.fi\/WP\/blogi\/author\/mre\/"}]}},"_links":{"self":[{"href":"https:\/\/www.remonen.fi\/WP\/wp-json\/wp\/v2\/posts\/2906"}],"collection":[{"href":"https:\/\/www.remonen.fi\/WP\/wp-json\/wp\/v2\/posts"}],"about":[{"href":"https:\/\/www.remonen.fi\/WP\/wp-json\/wp\/v2\/types\/post"}],"author":[{"embeddable":true,"href":"https:\/\/www.remonen.fi\/WP\/wp-json\/wp\/v2\/users\/2"}],"replies":[{"embeddable":true,"href":"https:\/\/www.remonen.fi\/WP\/wp-json\/wp\/v2\/comments?post=2906"}],"version-history":[{"count":0,"href":"https:\/\/www.remonen.fi\/WP\/wp-json\/wp\/v2\/posts\/2906\/revisions"}],"wp:featuredmedia":[{"embeddable":true,"href":"https:\/\/www.remonen.fi\/WP\/wp-json\/wp\/v2\/media\/2918"}],"wp:attachment":[{"href":"https:\/\/www.remonen.fi\/WP\/wp-json\/wp\/v2\/media?parent=2906"}],"wp:term":[{"taxonomy":"category","embeddable":true,"href":"https:\/\/www.remonen.fi\/WP\/wp-json\/wp\/v2\/categories?post=2906"},{"taxonomy":"post_tag","embeddable":true,"href":"https:\/\/www.remonen.fi\/WP\/wp-json\/wp\/v2\/tags?post=2906"}],"curies":[{"name":"wp","href":"https:\/\/api.w.org\/{rel}","templated":true}]}}