{"id":2921,"date":"2013-09-12T17:27:20","date_gmt":"2013-09-12T14:27:20","guid":{"rendered":"http:\/\/www.remonen.fi\/?p=2921"},"modified":"2014-01-11T14:06:56","modified_gmt":"2014-01-11T12:06:56","slug":"syksy-saa-mina-en","status":"publish","type":"post","link":"https:\/\/www.remonen.fi\/WP\/blogi\/syksy-saa-mina-en\/","title":{"rendered":"Syksy saa, min\u00e4 en"},"content":{"rendered":"<p><a href=\"http:\/\/www.remonen.fi\/WP\/wp-content\/uploads\/2013\/09\/Syys-13-3.jpg\"><img loading=\"lazy\" decoding=\"async\" class=\"aligncenter size-medium wp-image-2924\" alt=\"Syys-13-3\" src=\"http:\/\/www.remonen.fi\/WP\/wp-content\/uploads\/2013\/09\/Syys-13-3-300x200.jpg\" width=\"300\" height=\"200\" srcset=\"https:\/\/www.remonen.fi\/WP\/wp-content\/uploads\/2013\/09\/Syys-13-3-300x200.jpg 300w, https:\/\/www.remonen.fi\/WP\/wp-content\/uploads\/2013\/09\/Syys-13-3.jpg 800w\" sizes=\"(max-width: 300px) 100vw, 300px\" \/><\/a>Syksy alkaa pikkuhiljaa painamaan p\u00e4\u00e4lle niin duunissa kuin luonnossakin. Duunissa se n\u00e4kyy lis\u00e4\u00e4ntyv\u00e4n\u00e4 kiireen\u00e4 ja luonnossa lis\u00e4\u00e4ntyv\u00e4n\u00e4 v\u00e4rin\u00e4. Alkoikin tuo vihre\u00e4 jo kyll\u00e4stytt\u00e4\u00e4. Vaikka syksy onkin luopumisen ja &#8221;kuoleman&#8221; vuodenaika, niin t\u00e4ytyy my\u00f6nt\u00e4\u00e4, ett\u00e4 luonto osaa l\u00e4hte\u00e4 aika n\u00e4ytt\u00e4v\u00e4sti.<\/p>\n<p>Syksy. Me likes!<\/p>\n<table style=\"width: 416px; height: 310px;\" border=\"0\" align=\"center\">\n<tbody>\n<tr>\n<td><a href=\"http:\/\/www.remonen.fi\/WP\/wp-content\/uploads\/2013\/09\/Syys-13.jpg\"><img loading=\"lazy\" decoding=\"async\" class=\"alignnone size-medium wp-image-2926\" alt=\"Syys-13\" src=\"http:\/\/www.remonen.fi\/WP\/wp-content\/uploads\/2013\/09\/Syys-13-200x300.jpg\" width=\"200\" height=\"300\" srcset=\"https:\/\/www.remonen.fi\/WP\/wp-content\/uploads\/2013\/09\/Syys-13-200x300.jpg 200w, https:\/\/www.remonen.fi\/WP\/wp-content\/uploads\/2013\/09\/Syys-13.jpg 534w\" sizes=\"(max-width: 200px) 100vw, 200px\" \/><\/a><\/td>\n<td><a href=\"http:\/\/www.remonen.fi\/WP\/wp-content\/uploads\/2013\/09\/Syys-13-4.jpg\"><img loading=\"lazy\" decoding=\"async\" class=\"alignnone size-medium wp-image-2923\" alt=\"Syys-13-4\" src=\"http:\/\/www.remonen.fi\/WP\/wp-content\/uploads\/2013\/09\/Syys-13-4-200x300.jpg\" width=\"200\" height=\"300\" srcset=\"https:\/\/www.remonen.fi\/WP\/wp-content\/uploads\/2013\/09\/Syys-13-4-200x300.jpg 200w, https:\/\/www.remonen.fi\/WP\/wp-content\/uploads\/2013\/09\/Syys-13-4.jpg 534w\" sizes=\"(max-width: 200px) 100vw, 200px\" \/><\/a><\/td>\n<\/tr>\n<tr>\n<td>\u00a0<a href=\"http:\/\/www.remonen.fi\/WP\/wp-content\/uploads\/2013\/09\/Syys-13-5.jpg\"><img loading=\"lazy\" decoding=\"async\" class=\"alignnone size-medium wp-image-2922\" alt=\"Syys-13-5\" src=\"http:\/\/www.remonen.fi\/WP\/wp-content\/uploads\/2013\/09\/Syys-13-5-200x300.jpg\" width=\"200\" height=\"300\" srcset=\"https:\/\/www.remonen.fi\/WP\/wp-content\/uploads\/2013\/09\/Syys-13-5-200x300.jpg 200w, https:\/\/www.remonen.fi\/WP\/wp-content\/uploads\/2013\/09\/Syys-13-5.jpg 534w\" sizes=\"(max-width: 200px) 100vw, 200px\" \/><\/a><\/td>\n<td>\u00a0<a href=\"http:\/\/www.remonen.fi\/WP\/wp-content\/uploads\/2013\/09\/Syys-13-2.jpg\"><img loading=\"lazy\" decoding=\"async\" class=\"alignnone size-medium wp-image-2925\" alt=\"Syys-13-2\" src=\"http:\/\/www.remonen.fi\/WP\/wp-content\/uploads\/2013\/09\/Syys-13-2-200x300.jpg\" width=\"200\" height=\"300\" srcset=\"https:\/\/www.remonen.fi\/WP\/wp-content\/uploads\/2013\/09\/Syys-13-2-200x300.jpg 200w, https:\/\/www.remonen.fi\/WP\/wp-content\/uploads\/2013\/09\/Syys-13-2.jpg 534w\" sizes=\"(max-width: 200px) 100vw, 200px\" \/><\/a><\/td>\n<\/tr>\n<\/tbody>\n<\/table>\n<p>Ulos p\u00e4\u00e4siv\u00e4t Nikon D800E ja AF Micro-Nikkor 200\/4D<\/p>\n","protected":false},"excerpt":{"rendered":"<p>Syksy alkaa pikkuhiljaa painamaan p\u00e4\u00e4lle niin duunissa kuin luonnossakin. Duunissa se n\u00e4kyy lis\u00e4\u00e4ntyv\u00e4n\u00e4 kiireen\u00e4 ja luonnossa lis\u00e4\u00e4ntyv\u00e4n\u00e4 v\u00e4rin\u00e4. Alkoikin tuo vihre\u00e4 jo kyll\u00e4stytt\u00e4\u00e4. Vaikka syksy onkin luopumisen ja &#8221;kuoleman&#8221; vuodenaika, niin t\u00e4ytyy my\u00f6nt\u00e4\u00e4, ett\u00e4 luonto osaa l\u00e4hte\u00e4 aika n\u00e4ytt\u00e4v\u00e4sti. Syksy. Me likes! \u00a0 \u00a0 Ulos p\u00e4\u00e4siv\u00e4t Nikon D800E ja AF Micro-Nikkor 200\/4D<\/p>\n","protected":false},"author":2,"featured_media":2924,"comment_status":"open","ping_status":"closed","sticky":false,"template":"","format":"standard","meta":{"footnotes":""},"categories":[16],"tags":[94,138],"yoast_head":"<!-- This site is optimized with the Yoast SEO plugin v24.5 - https:\/\/yoast.com\/wordpress\/plugins\/seo\/ -->\n<title>Syksy saa, min\u00e4 en - gREat MOments NEver forgotteN<\/title>\n<meta name=\"robots\" content=\"index, follow, max-snippet:-1, max-image-preview:large, max-video-preview:-1\" \/>\n<link rel=\"canonical\" href=\"https:\/\/www.remonen.fi\/WP\/blogi\/syksy-saa-mina-en\/\" \/>\n<meta property=\"og:locale\" content=\"fi_FI\" \/>\n<meta property=\"og:type\" content=\"article\" \/>\n<meta property=\"og:title\" content=\"Syksy saa, min\u00e4 en - gREat MOments NEver forgotteN\" \/>\n<meta property=\"og:description\" content=\"Syksy alkaa pikkuhiljaa painamaan p\u00e4\u00e4lle niin duunissa kuin luonnossakin. Duunissa se n\u00e4kyy lis\u00e4\u00e4ntyv\u00e4n\u00e4 kiireen\u00e4 ja luonnossa lis\u00e4\u00e4ntyv\u00e4n\u00e4 v\u00e4rin\u00e4. Alkoikin tuo vihre\u00e4 jo kyll\u00e4stytt\u00e4\u00e4. Vaikka syksy onkin luopumisen ja &#8221;kuoleman&#8221; vuodenaika, niin t\u00e4ytyy my\u00f6nt\u00e4\u00e4, ett\u00e4 luonto osaa l\u00e4hte\u00e4 aika n\u00e4ytt\u00e4v\u00e4sti. Syksy. Me likes! \u00a0 \u00a0 Ulos p\u00e4\u00e4siv\u00e4t Nikon D800E ja AF Micro-Nikkor 200\/4D\" \/>\n<meta property=\"og:url\" content=\"https:\/\/www.remonen.fi\/WP\/blogi\/syksy-saa-mina-en\/\" \/>\n<meta property=\"og:site_name\" content=\"remonen.fi\" \/>\n<meta property=\"article:published_time\" content=\"2013-09-12T14:27:20+00:00\" \/>\n<meta property=\"article:modified_time\" content=\"2014-01-11T12:06:56+00:00\" \/>\n<meta property=\"og:image\" content=\"https:\/\/www.remonen.fi\/WP\/wp-content\/uploads\/2013\/09\/Syys-13-3.jpg\" \/>\n\t<meta property=\"og:image:width\" content=\"800\" \/>\n\t<meta property=\"og:image:height\" content=\"534\" \/>\n\t<meta property=\"og:image:type\" content=\"image\/jpeg\" \/>\n<meta name=\"author\" content=\"Matti Remonen\" \/>\n<meta name=\"twitter:label1\" content=\"Kirjoittanut\" \/>\n\t<meta name=\"twitter:data1\" content=\"Matti Remonen\" \/>\n<script type=\"application\/ld+json\" class=\"yoast-schema-graph\">{\"@context\":\"https:\/\/schema.org\",\"@graph\":[{\"@type\":\"Article\",\"@id\":\"https:\/\/www.remonen.fi\/WP\/blogi\/syksy-saa-mina-en\/#article\",\"isPartOf\":{\"@id\":\"https:\/\/www.remonen.fi\/WP\/blogi\/syksy-saa-mina-en\/\"},\"author\":{\"name\":\"Matti Remonen\",\"@id\":\"https:\/\/www.remonen.fi\/WP\/#\/schema\/person\/1803c23d1d4f6722054eb2ac7f7a97cd\"},\"headline\":\"Syksy saa, min\u00e4 en\",\"datePublished\":\"2013-09-12T14:27:20+00:00\",\"dateModified\":\"2014-01-11T12:06:56+00:00\",\"mainEntityOfPage\":{\"@id\":\"https:\/\/www.remonen.fi\/WP\/blogi\/syksy-saa-mina-en\/\"},\"wordCount\":71,\"commentCount\":0,\"publisher\":{\"@id\":\"https:\/\/www.remonen.fi\/WP\/#\/schema\/person\/1803c23d1d4f6722054eb2ac7f7a97cd\"},\"image\":{\"@id\":\"https:\/\/www.remonen.fi\/WP\/blogi\/syksy-saa-mina-en\/#primaryimage\"},\"thumbnailUrl\":\"https:\/\/www.remonen.fi\/WP\/wp-content\/uploads\/2013\/09\/Syys-13-3.jpg\",\"keywords\":[\"Ruska\",\"Syksy\"],\"articleSection\":[\"Blog\"],\"inLanguage\":\"fi\",\"potentialAction\":[{\"@type\":\"CommentAction\",\"name\":\"Comment\",\"target\":[\"https:\/\/www.remonen.fi\/WP\/blogi\/syksy-saa-mina-en\/#respond\"]}]},{\"@type\":\"WebPage\",\"@id\":\"https:\/\/www.remonen.fi\/WP\/blogi\/syksy-saa-mina-en\/\",\"url\":\"https:\/\/www.remonen.fi\/WP\/blogi\/syksy-saa-mina-en\/\",\"name\":\"Syksy saa, min\u00e4 en - gREat MOments NEver forgotteN\",\"isPartOf\":{\"@id\":\"https:\/\/www.remonen.fi\/WP\/#website\"},\"primaryImageOfPage\":{\"@id\":\"https:\/\/www.remonen.fi\/WP\/blogi\/syksy-saa-mina-en\/#primaryimage\"},\"image\":{\"@id\":\"https:\/\/www.remonen.fi\/WP\/blogi\/syksy-saa-mina-en\/#primaryimage\"},\"thumbnailUrl\":\"https:\/\/www.remonen.fi\/WP\/wp-content\/uploads\/2013\/09\/Syys-13-3.jpg\",\"datePublished\":\"2013-09-12T14:27:20+00:00\",\"dateModified\":\"2014-01-11T12:06:56+00:00\",\"breadcrumb\":{\"@id\":\"https:\/\/www.remonen.fi\/WP\/blogi\/syksy-saa-mina-en\/#breadcrumb\"},\"inLanguage\":\"fi\",\"potentialAction\":[{\"@type\":\"ReadAction\",\"target\":[\"https:\/\/www.remonen.fi\/WP\/blogi\/syksy-saa-mina-en\/\"]}]},{\"@type\":\"ImageObject\",\"inLanguage\":\"fi\",\"@id\":\"https:\/\/www.remonen.fi\/WP\/blogi\/syksy-saa-mina-en\/#primaryimage\",\"url\":\"https:\/\/www.remonen.fi\/WP\/wp-content\/uploads\/2013\/09\/Syys-13-3.jpg\",\"contentUrl\":\"https:\/\/www.remonen.fi\/WP\/wp-content\/uploads\/2013\/09\/Syys-13-3.jpg\",\"width\":800,\"height\":534},{\"@type\":\"BreadcrumbList\",\"@id\":\"https:\/\/www.remonen.fi\/WP\/blogi\/syksy-saa-mina-en\/#breadcrumb\",\"itemListElement\":[{\"@type\":\"ListItem\",\"position\":1,\"name\":\"Etusivu\",\"item\":\"https:\/\/www.remonen.fi\/WP\/\"},{\"@type\":\"ListItem\",\"position\":2,\"name\":\"Syksy saa, min\u00e4 en\"}]},{\"@type\":\"WebSite\",\"@id\":\"https:\/\/www.remonen.fi\/WP\/#website\",\"url\":\"https:\/\/www.remonen.fi\/WP\/\",\"name\":\"remonen.fi\",\"description\":\"Valokuvia ja tarinaa laidasta laitaan\",\"publisher\":{\"@id\":\"https:\/\/www.remonen.fi\/WP\/#\/schema\/person\/1803c23d1d4f6722054eb2ac7f7a97cd\"},\"potentialAction\":[{\"@type\":\"SearchAction\",\"target\":{\"@type\":\"EntryPoint\",\"urlTemplate\":\"https:\/\/www.remonen.fi\/WP\/?s={search_term_string}\"},\"query-input\":{\"@type\":\"PropertyValueSpecification\",\"valueRequired\":true,\"valueName\":\"search_term_string\"}}],\"inLanguage\":\"fi\"},{\"@type\":[\"Person\",\"Organization\"],\"@id\":\"https:\/\/www.remonen.fi\/WP\/#\/schema\/person\/1803c23d1d4f6722054eb2ac7f7a97cd\",\"name\":\"Matti Remonen\",\"logo\":{\"@id\":\"https:\/\/www.remonen.fi\/WP\/#\/schema\/person\/image\/\"},\"url\":\"https:\/\/www.remonen.fi\/WP\/blogi\/author\/mre\/\"}]}<\/script>\n<!-- \/ Yoast SEO plugin. -->","yoast_head_json":{"title":"Syksy saa, min\u00e4 en - gREat MOments NEver forgotteN","robots":{"index":"index","follow":"follow","max-snippet":"max-snippet:-1","max-image-preview":"max-image-preview:large","max-video-preview":"max-video-preview:-1"},"canonical":"https:\/\/www.remonen.fi\/WP\/blogi\/syksy-saa-mina-en\/","og_locale":"fi_FI","og_type":"article","og_title":"Syksy saa, min\u00e4 en - gREat MOments NEver forgotteN","og_description":"Syksy alkaa pikkuhiljaa painamaan p\u00e4\u00e4lle niin duunissa kuin luonnossakin. Duunissa se n\u00e4kyy lis\u00e4\u00e4ntyv\u00e4n\u00e4 kiireen\u00e4 ja luonnossa lis\u00e4\u00e4ntyv\u00e4n\u00e4 v\u00e4rin\u00e4. Alkoikin tuo vihre\u00e4 jo kyll\u00e4stytt\u00e4\u00e4. Vaikka syksy onkin luopumisen ja &#8221;kuoleman&#8221; vuodenaika, niin t\u00e4ytyy my\u00f6nt\u00e4\u00e4, ett\u00e4 luonto osaa l\u00e4hte\u00e4 aika n\u00e4ytt\u00e4v\u00e4sti. Syksy. Me likes! \u00a0 \u00a0 Ulos p\u00e4\u00e4siv\u00e4t Nikon D800E ja AF Micro-Nikkor 200\/4D","og_url":"https:\/\/www.remonen.fi\/WP\/blogi\/syksy-saa-mina-en\/","og_site_name":"remonen.fi","article_published_time":"2013-09-12T14:27:20+00:00","article_modified_time":"2014-01-11T12:06:56+00:00","og_image":[{"width":800,"height":534,"url":"https:\/\/www.remonen.fi\/WP\/wp-content\/uploads\/2013\/09\/Syys-13-3.jpg","type":"image\/jpeg"}],"author":"Matti Remonen","twitter_misc":{"Kirjoittanut":"Matti Remonen"},"schema":{"@context":"https:\/\/schema.org","@graph":[{"@type":"Article","@id":"https:\/\/www.remonen.fi\/WP\/blogi\/syksy-saa-mina-en\/#article","isPartOf":{"@id":"https:\/\/www.remonen.fi\/WP\/blogi\/syksy-saa-mina-en\/"},"author":{"name":"Matti Remonen","@id":"https:\/\/www.remonen.fi\/WP\/#\/schema\/person\/1803c23d1d4f6722054eb2ac7f7a97cd"},"headline":"Syksy saa, min\u00e4 en","datePublished":"2013-09-12T14:27:20+00:00","dateModified":"2014-01-11T12:06:56+00:00","mainEntityOfPage":{"@id":"https:\/\/www.remonen.fi\/WP\/blogi\/syksy-saa-mina-en\/"},"wordCount":71,"commentCount":0,"publisher":{"@id":"https:\/\/www.remonen.fi\/WP\/#\/schema\/person\/1803c23d1d4f6722054eb2ac7f7a97cd"},"image":{"@id":"https:\/\/www.remonen.fi\/WP\/blogi\/syksy-saa-mina-en\/#primaryimage"},"thumbnailUrl":"https:\/\/www.remonen.fi\/WP\/wp-content\/uploads\/2013\/09\/Syys-13-3.jpg","keywords":["Ruska","Syksy"],"articleSection":["Blog"],"inLanguage":"fi","potentialAction":[{"@type":"CommentAction","name":"Comment","target":["https:\/\/www.remonen.fi\/WP\/blogi\/syksy-saa-mina-en\/#respond"]}]},{"@type":"WebPage","@id":"https:\/\/www.remonen.fi\/WP\/blogi\/syksy-saa-mina-en\/","url":"https:\/\/www.remonen.fi\/WP\/blogi\/syksy-saa-mina-en\/","name":"Syksy saa, min\u00e4 en - gREat MOments NEver forgotteN","isPartOf":{"@id":"https:\/\/www.remonen.fi\/WP\/#website"},"primaryImageOfPage":{"@id":"https:\/\/www.remonen.fi\/WP\/blogi\/syksy-saa-mina-en\/#primaryimage"},"image":{"@id":"https:\/\/www.remonen.fi\/WP\/blogi\/syksy-saa-mina-en\/#primaryimage"},"thumbnailUrl":"https:\/\/www.remonen.fi\/WP\/wp-content\/uploads\/2013\/09\/Syys-13-3.jpg","datePublished":"2013-09-12T14:27:20+00:00","dateModified":"2014-01-11T12:06:56+00:00","breadcrumb":{"@id":"https:\/\/www.remonen.fi\/WP\/blogi\/syksy-saa-mina-en\/#breadcrumb"},"inLanguage":"fi","potentialAction":[{"@type":"ReadAction","target":["https:\/\/www.remonen.fi\/WP\/blogi\/syksy-saa-mina-en\/"]}]},{"@type":"ImageObject","inLanguage":"fi","@id":"https:\/\/www.remonen.fi\/WP\/blogi\/syksy-saa-mina-en\/#primaryimage","url":"https:\/\/www.remonen.fi\/WP\/wp-content\/uploads\/2013\/09\/Syys-13-3.jpg","contentUrl":"https:\/\/www.remonen.fi\/WP\/wp-content\/uploads\/2013\/09\/Syys-13-3.jpg","width":800,"height":534},{"@type":"BreadcrumbList","@id":"https:\/\/www.remonen.fi\/WP\/blogi\/syksy-saa-mina-en\/#breadcrumb","itemListElement":[{"@type":"ListItem","position":1,"name":"Etusivu","item":"https:\/\/www.remonen.fi\/WP\/"},{"@type":"ListItem","position":2,"name":"Syksy saa, min\u00e4 en"}]},{"@type":"WebSite","@id":"https:\/\/www.remonen.fi\/WP\/#website","url":"https:\/\/www.remonen.fi\/WP\/","name":"remonen.fi","description":"Valokuvia ja tarinaa laidasta laitaan","publisher":{"@id":"https:\/\/www.remonen.fi\/WP\/#\/schema\/person\/1803c23d1d4f6722054eb2ac7f7a97cd"},"potentialAction":[{"@type":"SearchAction","target":{"@type":"EntryPoint","urlTemplate":"https:\/\/www.remonen.fi\/WP\/?s={search_term_string}"},"query-input":{"@type":"PropertyValueSpecification","valueRequired":true,"valueName":"search_term_string"}}],"inLanguage":"fi"},{"@type":["Person","Organization"],"@id":"https:\/\/www.remonen.fi\/WP\/#\/schema\/person\/1803c23d1d4f6722054eb2ac7f7a97cd","name":"Matti Remonen","logo":{"@id":"https:\/\/www.remonen.fi\/WP\/#\/schema\/person\/image\/"},"url":"https:\/\/www.remonen.fi\/WP\/blogi\/author\/mre\/"}]}},"_links":{"self":[{"href":"https:\/\/www.remonen.fi\/WP\/wp-json\/wp\/v2\/posts\/2921"}],"collection":[{"href":"https:\/\/www.remonen.fi\/WP\/wp-json\/wp\/v2\/posts"}],"about":[{"href":"https:\/\/www.remonen.fi\/WP\/wp-json\/wp\/v2\/types\/post"}],"author":[{"embeddable":true,"href":"https:\/\/www.remonen.fi\/WP\/wp-json\/wp\/v2\/users\/2"}],"replies":[{"embeddable":true,"href":"https:\/\/www.remonen.fi\/WP\/wp-json\/wp\/v2\/comments?post=2921"}],"version-history":[{"count":0,"href":"https:\/\/www.remonen.fi\/WP\/wp-json\/wp\/v2\/posts\/2921\/revisions"}],"wp:featuredmedia":[{"embeddable":true,"href":"https:\/\/www.remonen.fi\/WP\/wp-json\/wp\/v2\/media\/2924"}],"wp:attachment":[{"href":"https:\/\/www.remonen.fi\/WP\/wp-json\/wp\/v2\/media?parent=2921"}],"wp:term":[{"taxonomy":"category","embeddable":true,"href":"https:\/\/www.remonen.fi\/WP\/wp-json\/wp\/v2\/categories?post=2921"},{"taxonomy":"post_tag","embeddable":true,"href":"https:\/\/www.remonen.fi\/WP\/wp-json\/wp\/v2\/tags?post=2921"}],"curies":[{"name":"wp","href":"https:\/\/api.w.org\/{rel}","templated":true}]}}