{"id":2931,"date":"2013-09-15T20:09:25","date_gmt":"2013-09-15T17:09:25","guid":{"rendered":"http:\/\/www.remonen.fi\/?p=2931"},"modified":"2014-01-11T14:06:29","modified_gmt":"2014-01-11T12:06:29","slug":"oljysailio-468","status":"publish","type":"post","link":"https:\/\/www.remonen.fi\/WP\/blogi\/oljysailio-468\/","title":{"rendered":"\u00d6ljys\u00e4ili\u00f6 468"},"content":{"rendered":"<p><a href=\"http:\/\/www.remonen.fi\/WP\/wp-content\/uploads\/2013\/09\/oljysailio468-10.jpg\"><img loading=\"lazy\" decoding=\"async\" class=\"alignleft size-medium wp-image-2932\" alt=\"oljysailio468-10\" src=\"http:\/\/www.remonen.fi\/WP\/wp-content\/uploads\/2013\/09\/oljysailio468-10-200x300.jpg\" width=\"200\" height=\"300\" srcset=\"https:\/\/www.remonen.fi\/WP\/wp-content\/uploads\/2013\/09\/oljysailio468-10-200x300.jpg 200w, https:\/\/www.remonen.fi\/WP\/wp-content\/uploads\/2013\/09\/oljysailio468-10.jpg 534w\" sizes=\"(max-width: 200px) 100vw, 200px\" \/><\/a>\u00d6ljys\u00e4ili\u00f6 468&#8230; nimest\u00e4 tulee mieleen joku sukellusvene-elokuva, mutta kysess\u00e4 on vanhan <a title=\"Kruunuvuoren \u00f6ljys\u00e4ili\u00f6\" href=\"http:\/\/ksv.hel.fi\/fi\/projektisivu\/kruunuvuorenranta\/silo468\" target=\"_blank\">Laajasalon \u00f6ljysataman<\/a> yksi s\u00e4ili\u00f6, josta on tehty valotaideteos. S\u00e4ili\u00f6 on tyhjennetty (no shit, Sherlock), puhdistettu, maalattu ja porattu t\u00e4yteen reiki\u00e4. \u00d6ljy\u00e4 sinne ei oikein en\u00e4\u00e4 voi laittaa, mutta sen sijaan se toimii loistavasti erilaisten tapahtumien n\u00e4ytt\u00e4m\u00f6n\u00e4. Valoa s\u00e4ili\u00f6 loistaa joka y\u00f6, mutta sis\u00e4\u00e4n p\u00e4\u00e4see vain tapahtumien yhteydess\u00e4. Nyt tapahtumana oli s\u00e4ili\u00f6n aukiolo. Jonka vuoksi se oli auki. Hmmmm&#8230; keh\u00e4p\u00e4\u00e4telm\u00e4?<\/p>\n<p>No, joka tapauksessa paikalla oli varsin maltillisesti porukkaa ja heist\u00e4kin valokuvaajia v\u00e4hint\u00e4\u00e4n puolet. Mik\u00e4s siin\u00e4, s\u00e4ili\u00f6 on varsin mainio valokuvauskohde. Ilma oli viel\u00e4 kes\u00e4isen kaunis\u00a0 ja n\u00e4kym\u00e4t lahden toisella puolella olevaan pittoreskiin pikkukaupunkiin (Helsinki) kruunaavat t\u00e4m\u00e4n Kruunuvuoren kruunun.<\/p>\n<p>S\u00e4ili\u00f6 on maalattu sis\u00e4lt\u00e4 punaiseksi ja reikiin on asennettu led-valot ja peilit. Peilit heijastavat valoa p\u00e4iv\u00e4ll\u00e4 ja ledit syttyv\u00e4t illan tullessa. Ledej\u00e4 ohjataan tietokoneella, joten valot muodostavat ulkovaippaan porattujen 2012 rei\u00e4n avulla erilaisia kuvioita. S\u00e4ili\u00f6ss\u00e4 kaikuu melko mehukkaasti ja ainakin t\u00e4ll\u00e4 kerralla siell\u00e4 py\u00f6ri \u00e4\u00e4ninauha, jossa oli kaikenlaisia satunnaisia \u00e4\u00e4ni\u00e4, jotka kaikujen avulla loivat melkoisen \u00e4\u00e4nimaailman sis\u00e4lle.<\/p>\n<table border=\"0\" align=\"center\">\n<tbody>\n<tr>\n<td>\n<p><div id=\"attachment_2940\" style=\"width: 310px\" class=\"wp-caption alignnone\"><a href=\"http:\/\/www.remonen.fi\/WP\/wp-content\/uploads\/2013\/09\/oljysailio468-2.jpg\"><img loading=\"lazy\" decoding=\"async\" aria-describedby=\"caption-attachment-2940\" class=\"size-medium wp-image-2940 \" alt=\"oljysailio468-2\" src=\"http:\/\/www.remonen.fi\/WP\/wp-content\/uploads\/2013\/09\/oljysailio468-2-300x200.jpg\" width=\"300\" height=\"200\" srcset=\"https:\/\/www.remonen.fi\/WP\/wp-content\/uploads\/2013\/09\/oljysailio468-2-300x200.jpg 300w, https:\/\/www.remonen.fi\/WP\/wp-content\/uploads\/2013\/09\/oljysailio468-2.jpg 800w\" sizes=\"(max-width: 300px) 100vw, 300px\" \/><\/a><p id=\"caption-attachment-2940\" class=\"wp-caption-text\">P\u00e4iv\u00e4ll\u00e4<\/p><\/div><\/td>\n<td>\n<p><div id=\"attachment_2936\" style=\"width: 310px\" class=\"wp-caption alignnone\"><a href=\"http:\/\/www.remonen.fi\/WP\/wp-content\/uploads\/2013\/09\/oljysailio468-6.jpg\"><img loading=\"lazy\" decoding=\"async\" aria-describedby=\"caption-attachment-2936\" class=\"size-medium wp-image-2936 \" alt=\"oljysailio468-6\" src=\"http:\/\/www.remonen.fi\/WP\/wp-content\/uploads\/2013\/09\/oljysailio468-6-300x200.jpg\" width=\"300\" height=\"200\" srcset=\"https:\/\/www.remonen.fi\/WP\/wp-content\/uploads\/2013\/09\/oljysailio468-6-300x200.jpg 300w, https:\/\/www.remonen.fi\/WP\/wp-content\/uploads\/2013\/09\/oljysailio468-6.jpg 800w\" sizes=\"(max-width: 300px) 100vw, 300px\" \/><\/a><p id=\"caption-attachment-2936\" class=\"wp-caption-text\">Illalla<\/p><\/div><\/td>\n<\/tr>\n<\/tbody>\n<\/table>\n<p>&nbsp;<\/p>\n<div id=\"attachment_2937\" style=\"width: 210px\" class=\"wp-caption alignright\"><a href=\"http:\/\/www.remonen.fi\/WP\/wp-content\/uploads\/2013\/09\/oljysailio468-5.jpg\"><img loading=\"lazy\" decoding=\"async\" aria-describedby=\"caption-attachment-2937\" class=\"size-medium wp-image-2937 \" alt=\"oljysailio468-5\" src=\"http:\/\/www.remonen.fi\/WP\/wp-content\/uploads\/2013\/09\/oljysailio468-5-200x300.jpg\" width=\"200\" height=\"300\" srcset=\"https:\/\/www.remonen.fi\/WP\/wp-content\/uploads\/2013\/09\/oljysailio468-5-200x300.jpg 200w, https:\/\/www.remonen.fi\/WP\/wp-content\/uploads\/2013\/09\/oljysailio468-5.jpg 534w\" sizes=\"(max-width: 200px) 100vw, 200px\" \/><\/a><p id=\"caption-attachment-2937\" class=\"wp-caption-text\">Tykkivene turvaa Kruunuvuorenlahden rauhaa&#8230;<\/p><\/div>\n<p>T\u00e4ytyy kyll\u00e4 todeta, ett\u00e4 jos joskus mulla on riitt\u00e4v\u00e4sti p\u00e4t\u00e4kk\u00e4\u00e4, ostan asunnon tuolta. Merihaka, Ullanlinna, J\u00e4tk\u00e4saari, Kalasatama, Aurinkolahti, mit\u00e4n\u00e4it\u00e4on, ovat kaikki pelkk\u00e4\u00e4 paperia tuon paikan maisemiin. N\u00e4kym\u00e4 yli Kruunuvuorensel\u00e4n Helsingin keskustaan ja vasemmalla n\u00e4kyy Suomenlinna kirkon huipulla olevine majakkavaloineen &#8211; t\u00e4st\u00e4 n\u00e4kym\u00e4st\u00e4 kannattaa maksaa. Ja varmaan saakin, kunhan talot ensin sinne valmistuvat.<\/p>\n<p>&nbsp;<\/p>\n<table border=\"0\" align=\"center\">\n<tbody>\n<tr>\n<td><a href=\"http:\/\/www.remonen.fi\/WP\/wp-content\/uploads\/2013\/09\/oljysailio468.jpg\"><img loading=\"lazy\" decoding=\"async\" class=\"alignnone size-medium wp-image-2941\" alt=\"oljysailio468\" src=\"http:\/\/www.remonen.fi\/WP\/wp-content\/uploads\/2013\/09\/oljysailio468-200x300.jpg\" width=\"200\" height=\"300\" srcset=\"https:\/\/www.remonen.fi\/WP\/wp-content\/uploads\/2013\/09\/oljysailio468-200x300.jpg 200w, https:\/\/www.remonen.fi\/WP\/wp-content\/uploads\/2013\/09\/oljysailio468.jpg 534w\" sizes=\"(max-width: 200px) 100vw, 200px\" \/><\/a><\/td>\n<td><a href=\"http:\/\/www.remonen.fi\/WP\/wp-content\/uploads\/2013\/09\/oljysailio468-3.jpg\"><img loading=\"lazy\" decoding=\"async\" class=\"alignnone size-medium wp-image-2939\" alt=\"oljysailio468-3\" src=\"http:\/\/www.remonen.fi\/WP\/wp-content\/uploads\/2013\/09\/oljysailio468-3-200x300.jpg\" width=\"200\" height=\"300\" srcset=\"https:\/\/www.remonen.fi\/WP\/wp-content\/uploads\/2013\/09\/oljysailio468-3-200x300.jpg 200w, https:\/\/www.remonen.fi\/WP\/wp-content\/uploads\/2013\/09\/oljysailio468-3.jpg 534w\" sizes=\"(max-width: 200px) 100vw, 200px\" \/><\/a><\/td>\n<td><a href=\"http:\/\/www.remonen.fi\/WP\/wp-content\/uploads\/2013\/09\/oljysailio468-7.jpg\"><img loading=\"lazy\" decoding=\"async\" class=\"alignnone size-medium wp-image-2935\" alt=\"oljysailio468-7\" src=\"http:\/\/www.remonen.fi\/WP\/wp-content\/uploads\/2013\/09\/oljysailio468-7-200x300.jpg\" width=\"200\" height=\"300\" srcset=\"https:\/\/www.remonen.fi\/WP\/wp-content\/uploads\/2013\/09\/oljysailio468-7-200x300.jpg 200w, https:\/\/www.remonen.fi\/WP\/wp-content\/uploads\/2013\/09\/oljysailio468-7.jpg 534w\" sizes=\"(max-width: 200px) 100vw, 200px\" \/><\/a><\/td>\n<\/tr>\n<\/tbody>\n<\/table>\n<p>Reisussa oli t\u00e4ll\u00e4 kertaa Nikon D800E + Nikkor AF-S 24-70\/2.8G; Fisheye-Nikkor AF 16\/2.8D ja Nikkor AF-S 14-24\/2.8G<\/p>\n","protected":false},"excerpt":{"rendered":"<p>\u00d6ljys\u00e4ili\u00f6 468&#8230; nimest\u00e4 tulee mieleen joku sukellusvene-elokuva, mutta kysess\u00e4 on vanhan Laajasalon \u00f6ljysataman yksi s\u00e4ili\u00f6, josta on tehty valotaideteos. S\u00e4ili\u00f6 on tyhjennetty (no shit, Sherlock), puhdistettu, maalattu ja porattu t\u00e4yteen reiki\u00e4. \u00d6ljy\u00e4 sinne ei oikein en\u00e4\u00e4 voi laittaa, mutta sen sijaan se toimii loistavasti erilaisten tapahtumien n\u00e4ytt\u00e4m\u00f6n\u00e4. Valoa s\u00e4ili\u00f6 loistaa joka y\u00f6, mutta sis\u00e4\u00e4n p\u00e4\u00e4see [&hellip;]<\/p>\n","protected":false},"author":2,"featured_media":2933,"comment_status":"open","ping_status":"closed","sticky":false,"template":"","format":"standard","meta":{"footnotes":""},"categories":[16],"tags":[100],"yoast_head":"<!-- This site is optimized with the Yoast SEO plugin v24.5 - https:\/\/yoast.com\/wordpress\/plugins\/seo\/ -->\n<title>\u00d6ljys\u00e4ili\u00f6 468 - gREat MOments NEver forgotteN<\/title>\n<meta name=\"robots\" content=\"index, follow, max-snippet:-1, max-image-preview:large, max-video-preview:-1\" \/>\n<link rel=\"canonical\" href=\"https:\/\/www.remonen.fi\/WP\/blogi\/oljysailio-468\/\" \/>\n<meta property=\"og:locale\" content=\"fi_FI\" \/>\n<meta property=\"og:type\" content=\"article\" \/>\n<meta property=\"og:title\" content=\"\u00d6ljys\u00e4ili\u00f6 468 - gREat MOments NEver forgotteN\" \/>\n<meta property=\"og:description\" content=\"\u00d6ljys\u00e4ili\u00f6 468&#8230; nimest\u00e4 tulee mieleen joku sukellusvene-elokuva, mutta kysess\u00e4 on vanhan Laajasalon \u00f6ljysataman yksi s\u00e4ili\u00f6, josta on tehty valotaideteos. S\u00e4ili\u00f6 on tyhjennetty (no shit, Sherlock), puhdistettu, maalattu ja porattu t\u00e4yteen reiki\u00e4. \u00d6ljy\u00e4 sinne ei oikein en\u00e4\u00e4 voi laittaa, mutta sen sijaan se toimii loistavasti erilaisten tapahtumien n\u00e4ytt\u00e4m\u00f6n\u00e4. Valoa s\u00e4ili\u00f6 loistaa joka y\u00f6, mutta sis\u00e4\u00e4n p\u00e4\u00e4see [&hellip;]\" \/>\n<meta property=\"og:url\" content=\"https:\/\/www.remonen.fi\/WP\/blogi\/oljysailio-468\/\" \/>\n<meta property=\"og:site_name\" content=\"remonen.fi\" \/>\n<meta property=\"article:published_time\" content=\"2013-09-15T17:09:25+00:00\" \/>\n<meta property=\"article:modified_time\" content=\"2014-01-11T12:06:29+00:00\" \/>\n<meta property=\"og:image\" content=\"https:\/\/www.remonen.fi\/WP\/wp-content\/uploads\/2013\/09\/oljysailio468-9.jpg\" \/>\n\t<meta property=\"og:image:width\" content=\"800\" \/>\n\t<meta property=\"og:image:height\" content=\"383\" \/>\n\t<meta property=\"og:image:type\" content=\"image\/jpeg\" \/>\n<meta name=\"author\" content=\"Matti Remonen\" \/>\n<meta name=\"twitter:label1\" content=\"Kirjoittanut\" \/>\n\t<meta name=\"twitter:data1\" content=\"Matti Remonen\" \/>\n\t<meta name=\"twitter:label2\" content=\"Arvioitu lukuaika\" \/>\n\t<meta name=\"twitter:data2\" content=\"2 minuuttia\" \/>\n<script type=\"application\/ld+json\" class=\"yoast-schema-graph\">{\"@context\":\"https:\/\/schema.org\",\"@graph\":[{\"@type\":\"Article\",\"@id\":\"https:\/\/www.remonen.fi\/WP\/blogi\/oljysailio-468\/#article\",\"isPartOf\":{\"@id\":\"https:\/\/www.remonen.fi\/WP\/blogi\/oljysailio-468\/\"},\"author\":{\"name\":\"Matti Remonen\",\"@id\":\"https:\/\/www.remonen.fi\/WP\/#\/schema\/person\/1803c23d1d4f6722054eb2ac7f7a97cd\"},\"headline\":\"\u00d6ljys\u00e4ili\u00f6 468\",\"datePublished\":\"2013-09-15T17:09:25+00:00\",\"dateModified\":\"2014-01-11T12:06:29+00:00\",\"mainEntityOfPage\":{\"@id\":\"https:\/\/www.remonen.fi\/WP\/blogi\/oljysailio-468\/\"},\"wordCount\":319,\"commentCount\":0,\"publisher\":{\"@id\":\"https:\/\/www.remonen.fi\/WP\/#\/schema\/person\/1803c23d1d4f6722054eb2ac7f7a97cd\"},\"image\":{\"@id\":\"https:\/\/www.remonen.fi\/WP\/blogi\/oljysailio-468\/#primaryimage\"},\"thumbnailUrl\":\"https:\/\/www.remonen.fi\/WP\/wp-content\/uploads\/2013\/09\/oljysailio468-9.jpg\",\"keywords\":[\"\u00d6ljys\u00e4ili\u00f6 468\"],\"articleSection\":[\"Blog\"],\"inLanguage\":\"fi\",\"potentialAction\":[{\"@type\":\"CommentAction\",\"name\":\"Comment\",\"target\":[\"https:\/\/www.remonen.fi\/WP\/blogi\/oljysailio-468\/#respond\"]}]},{\"@type\":\"WebPage\",\"@id\":\"https:\/\/www.remonen.fi\/WP\/blogi\/oljysailio-468\/\",\"url\":\"https:\/\/www.remonen.fi\/WP\/blogi\/oljysailio-468\/\",\"name\":\"\u00d6ljys\u00e4ili\u00f6 468 - gREat MOments NEver forgotteN\",\"isPartOf\":{\"@id\":\"https:\/\/www.remonen.fi\/WP\/#website\"},\"primaryImageOfPage\":{\"@id\":\"https:\/\/www.remonen.fi\/WP\/blogi\/oljysailio-468\/#primaryimage\"},\"image\":{\"@id\":\"https:\/\/www.remonen.fi\/WP\/blogi\/oljysailio-468\/#primaryimage\"},\"thumbnailUrl\":\"https:\/\/www.remonen.fi\/WP\/wp-content\/uploads\/2013\/09\/oljysailio468-9.jpg\",\"datePublished\":\"2013-09-15T17:09:25+00:00\",\"dateModified\":\"2014-01-11T12:06:29+00:00\",\"breadcrumb\":{\"@id\":\"https:\/\/www.remonen.fi\/WP\/blogi\/oljysailio-468\/#breadcrumb\"},\"inLanguage\":\"fi\",\"potentialAction\":[{\"@type\":\"ReadAction\",\"target\":[\"https:\/\/www.remonen.fi\/WP\/blogi\/oljysailio-468\/\"]}]},{\"@type\":\"ImageObject\",\"inLanguage\":\"fi\",\"@id\":\"https:\/\/www.remonen.fi\/WP\/blogi\/oljysailio-468\/#primaryimage\",\"url\":\"https:\/\/www.remonen.fi\/WP\/wp-content\/uploads\/2013\/09\/oljysailio468-9.jpg\",\"contentUrl\":\"https:\/\/www.remonen.fi\/WP\/wp-content\/uploads\/2013\/09\/oljysailio468-9.jpg\",\"width\":800,\"height\":383},{\"@type\":\"BreadcrumbList\",\"@id\":\"https:\/\/www.remonen.fi\/WP\/blogi\/oljysailio-468\/#breadcrumb\",\"itemListElement\":[{\"@type\":\"ListItem\",\"position\":1,\"name\":\"Etusivu\",\"item\":\"https:\/\/www.remonen.fi\/WP\/\"},{\"@type\":\"ListItem\",\"position\":2,\"name\":\"\u00d6ljys\u00e4ili\u00f6 468\"}]},{\"@type\":\"WebSite\",\"@id\":\"https:\/\/www.remonen.fi\/WP\/#website\",\"url\":\"https:\/\/www.remonen.fi\/WP\/\",\"name\":\"remonen.fi\",\"description\":\"Valokuvia ja tarinaa laidasta laitaan\",\"publisher\":{\"@id\":\"https:\/\/www.remonen.fi\/WP\/#\/schema\/person\/1803c23d1d4f6722054eb2ac7f7a97cd\"},\"potentialAction\":[{\"@type\":\"SearchAction\",\"target\":{\"@type\":\"EntryPoint\",\"urlTemplate\":\"https:\/\/www.remonen.fi\/WP\/?s={search_term_string}\"},\"query-input\":{\"@type\":\"PropertyValueSpecification\",\"valueRequired\":true,\"valueName\":\"search_term_string\"}}],\"inLanguage\":\"fi\"},{\"@type\":[\"Person\",\"Organization\"],\"@id\":\"https:\/\/www.remonen.fi\/WP\/#\/schema\/person\/1803c23d1d4f6722054eb2ac7f7a97cd\",\"name\":\"Matti Remonen\",\"logo\":{\"@id\":\"https:\/\/www.remonen.fi\/WP\/#\/schema\/person\/image\/\"},\"url\":\"https:\/\/www.remonen.fi\/WP\/blogi\/author\/mre\/\"}]}<\/script>\n<!-- \/ Yoast SEO plugin. -->","yoast_head_json":{"title":"\u00d6ljys\u00e4ili\u00f6 468 - gREat MOments NEver forgotteN","robots":{"index":"index","follow":"follow","max-snippet":"max-snippet:-1","max-image-preview":"max-image-preview:large","max-video-preview":"max-video-preview:-1"},"canonical":"https:\/\/www.remonen.fi\/WP\/blogi\/oljysailio-468\/","og_locale":"fi_FI","og_type":"article","og_title":"\u00d6ljys\u00e4ili\u00f6 468 - gREat MOments NEver forgotteN","og_description":"\u00d6ljys\u00e4ili\u00f6 468&#8230; nimest\u00e4 tulee mieleen joku sukellusvene-elokuva, mutta kysess\u00e4 on vanhan Laajasalon \u00f6ljysataman yksi s\u00e4ili\u00f6, josta on tehty valotaideteos. S\u00e4ili\u00f6 on tyhjennetty (no shit, Sherlock), puhdistettu, maalattu ja porattu t\u00e4yteen reiki\u00e4. \u00d6ljy\u00e4 sinne ei oikein en\u00e4\u00e4 voi laittaa, mutta sen sijaan se toimii loistavasti erilaisten tapahtumien n\u00e4ytt\u00e4m\u00f6n\u00e4. Valoa s\u00e4ili\u00f6 loistaa joka y\u00f6, mutta sis\u00e4\u00e4n p\u00e4\u00e4see [&hellip;]","og_url":"https:\/\/www.remonen.fi\/WP\/blogi\/oljysailio-468\/","og_site_name":"remonen.fi","article_published_time":"2013-09-15T17:09:25+00:00","article_modified_time":"2014-01-11T12:06:29+00:00","og_image":[{"width":800,"height":383,"url":"https:\/\/www.remonen.fi\/WP\/wp-content\/uploads\/2013\/09\/oljysailio468-9.jpg","type":"image\/jpeg"}],"author":"Matti Remonen","twitter_misc":{"Kirjoittanut":"Matti Remonen","Arvioitu lukuaika":"2 minuuttia"},"schema":{"@context":"https:\/\/schema.org","@graph":[{"@type":"Article","@id":"https:\/\/www.remonen.fi\/WP\/blogi\/oljysailio-468\/#article","isPartOf":{"@id":"https:\/\/www.remonen.fi\/WP\/blogi\/oljysailio-468\/"},"author":{"name":"Matti Remonen","@id":"https:\/\/www.remonen.fi\/WP\/#\/schema\/person\/1803c23d1d4f6722054eb2ac7f7a97cd"},"headline":"\u00d6ljys\u00e4ili\u00f6 468","datePublished":"2013-09-15T17:09:25+00:00","dateModified":"2014-01-11T12:06:29+00:00","mainEntityOfPage":{"@id":"https:\/\/www.remonen.fi\/WP\/blogi\/oljysailio-468\/"},"wordCount":319,"commentCount":0,"publisher":{"@id":"https:\/\/www.remonen.fi\/WP\/#\/schema\/person\/1803c23d1d4f6722054eb2ac7f7a97cd"},"image":{"@id":"https:\/\/www.remonen.fi\/WP\/blogi\/oljysailio-468\/#primaryimage"},"thumbnailUrl":"https:\/\/www.remonen.fi\/WP\/wp-content\/uploads\/2013\/09\/oljysailio468-9.jpg","keywords":["\u00d6ljys\u00e4ili\u00f6 468"],"articleSection":["Blog"],"inLanguage":"fi","potentialAction":[{"@type":"CommentAction","name":"Comment","target":["https:\/\/www.remonen.fi\/WP\/blogi\/oljysailio-468\/#respond"]}]},{"@type":"WebPage","@id":"https:\/\/www.remonen.fi\/WP\/blogi\/oljysailio-468\/","url":"https:\/\/www.remonen.fi\/WP\/blogi\/oljysailio-468\/","name":"\u00d6ljys\u00e4ili\u00f6 468 - gREat MOments NEver forgotteN","isPartOf":{"@id":"https:\/\/www.remonen.fi\/WP\/#website"},"primaryImageOfPage":{"@id":"https:\/\/www.remonen.fi\/WP\/blogi\/oljysailio-468\/#primaryimage"},"image":{"@id":"https:\/\/www.remonen.fi\/WP\/blogi\/oljysailio-468\/#primaryimage"},"thumbnailUrl":"https:\/\/www.remonen.fi\/WP\/wp-content\/uploads\/2013\/09\/oljysailio468-9.jpg","datePublished":"2013-09-15T17:09:25+00:00","dateModified":"2014-01-11T12:06:29+00:00","breadcrumb":{"@id":"https:\/\/www.remonen.fi\/WP\/blogi\/oljysailio-468\/#breadcrumb"},"inLanguage":"fi","potentialAction":[{"@type":"ReadAction","target":["https:\/\/www.remonen.fi\/WP\/blogi\/oljysailio-468\/"]}]},{"@type":"ImageObject","inLanguage":"fi","@id":"https:\/\/www.remonen.fi\/WP\/blogi\/oljysailio-468\/#primaryimage","url":"https:\/\/www.remonen.fi\/WP\/wp-content\/uploads\/2013\/09\/oljysailio468-9.jpg","contentUrl":"https:\/\/www.remonen.fi\/WP\/wp-content\/uploads\/2013\/09\/oljysailio468-9.jpg","width":800,"height":383},{"@type":"BreadcrumbList","@id":"https:\/\/www.remonen.fi\/WP\/blogi\/oljysailio-468\/#breadcrumb","itemListElement":[{"@type":"ListItem","position":1,"name":"Etusivu","item":"https:\/\/www.remonen.fi\/WP\/"},{"@type":"ListItem","position":2,"name":"\u00d6ljys\u00e4ili\u00f6 468"}]},{"@type":"WebSite","@id":"https:\/\/www.remonen.fi\/WP\/#website","url":"https:\/\/www.remonen.fi\/WP\/","name":"remonen.fi","description":"Valokuvia ja tarinaa laidasta laitaan","publisher":{"@id":"https:\/\/www.remonen.fi\/WP\/#\/schema\/person\/1803c23d1d4f6722054eb2ac7f7a97cd"},"potentialAction":[{"@type":"SearchAction","target":{"@type":"EntryPoint","urlTemplate":"https:\/\/www.remonen.fi\/WP\/?s={search_term_string}"},"query-input":{"@type":"PropertyValueSpecification","valueRequired":true,"valueName":"search_term_string"}}],"inLanguage":"fi"},{"@type":["Person","Organization"],"@id":"https:\/\/www.remonen.fi\/WP\/#\/schema\/person\/1803c23d1d4f6722054eb2ac7f7a97cd","name":"Matti Remonen","logo":{"@id":"https:\/\/www.remonen.fi\/WP\/#\/schema\/person\/image\/"},"url":"https:\/\/www.remonen.fi\/WP\/blogi\/author\/mre\/"}]}},"_links":{"self":[{"href":"https:\/\/www.remonen.fi\/WP\/wp-json\/wp\/v2\/posts\/2931"}],"collection":[{"href":"https:\/\/www.remonen.fi\/WP\/wp-json\/wp\/v2\/posts"}],"about":[{"href":"https:\/\/www.remonen.fi\/WP\/wp-json\/wp\/v2\/types\/post"}],"author":[{"embeddable":true,"href":"https:\/\/www.remonen.fi\/WP\/wp-json\/wp\/v2\/users\/2"}],"replies":[{"embeddable":true,"href":"https:\/\/www.remonen.fi\/WP\/wp-json\/wp\/v2\/comments?post=2931"}],"version-history":[{"count":0,"href":"https:\/\/www.remonen.fi\/WP\/wp-json\/wp\/v2\/posts\/2931\/revisions"}],"wp:featuredmedia":[{"embeddable":true,"href":"https:\/\/www.remonen.fi\/WP\/wp-json\/wp\/v2\/media\/2933"}],"wp:attachment":[{"href":"https:\/\/www.remonen.fi\/WP\/wp-json\/wp\/v2\/media?parent=2931"}],"wp:term":[{"taxonomy":"category","embeddable":true,"href":"https:\/\/www.remonen.fi\/WP\/wp-json\/wp\/v2\/categories?post=2931"},{"taxonomy":"post_tag","embeddable":true,"href":"https:\/\/www.remonen.fi\/WP\/wp-json\/wp\/v2\/tags?post=2931"}],"curies":[{"name":"wp","href":"https:\/\/api.w.org\/{rel}","templated":true}]}}