{"id":2959,"date":"2013-09-22T15:21:00","date_gmt":"2013-09-22T12:21:00","guid":{"rendered":"http:\/\/www.remonen.fi\/?p=2959"},"modified":"2013-09-23T20:00:10","modified_gmt":"2013-09-23T17:00:10","slug":"vanhaa-kaupunkia","status":"publish","type":"post","link":"https:\/\/www.remonen.fi\/WP\/blogi\/vanhaa-kaupunkia\/","title":{"rendered":"Vanhaa kaupunkia"},"content":{"rendered":"<div id=\"attachment_2969\" style=\"width: 210px\" class=\"wp-caption alignleft\"><a href=\"http:\/\/www.remonen.fi\/WP\/wp-content\/uploads\/2013\/09\/vanhankaupunginlahti-13.jpg\"><img loading=\"lazy\" decoding=\"async\" aria-describedby=\"caption-attachment-2969\" class=\"size-medium wp-image-2969\" alt=\"vanhankaupunginlahti-13\" src=\"http:\/\/www.remonen.fi\/WP\/wp-content\/uploads\/2013\/09\/vanhankaupunginlahti-13-200x300.jpg\" width=\"200\" height=\"300\" srcset=\"https:\/\/www.remonen.fi\/WP\/wp-content\/uploads\/2013\/09\/vanhankaupunginlahti-13-200x300.jpg 200w, https:\/\/www.remonen.fi\/WP\/wp-content\/uploads\/2013\/09\/vanhankaupunginlahti-13.jpg 534w\" sizes=\"(max-width: 200px) 100vw, 200px\" \/><\/a><p id=\"caption-attachment-2969\" class=\"wp-caption-text\">El\u00e4m\u00e4\u00e4 sillalla &#8211; vaan ei sillan alla<\/p><\/div>\n<p>Tuli sopiva tilaisuus l\u00e4hte\u00e4 k\u00e4ym\u00e4\u00e4n vaihteeksi <a title=\"Vanhankaupunginlahti\" href=\"http:\/\/en.wikipedia.org\/wiki\/Vanhankaupunginselk%C3%A4\" target=\"_blank\">Vanhankaupunginlahdella<\/a>, kun heitin vaimon Arabiaan joihinkin juhliin. Ei sill\u00e4, ett\u00e4 tuonne olisi mik\u00e4\u00e4n ylitsep\u00e4\u00e4sem\u00e4t\u00f6n matka, mutta ei vain saa itsest\u00e4\u00e4n irti. Ja toisaalta paikka tuntuu niin kalutulta.<\/p>\n<p>Olin viikolla\u00a0saanut postissa parit harmaasuotimet (<a title=\"ND_suodin\" href=\"http:\/\/en.wikipedia.org\/wiki\/Neutral_density_filter\" target=\"_blank\">Neutral Density<\/a>, ND), joita piti tietysti p\u00e4\u00e4st\u00e4 testailemaan. Lopputulos tosin oli, ettei niist\u00e4 ND-kuvista oikein tullut mit\u00e4\u00e4n. Sen sijaan kokeilin pitk\u00e4st\u00e4 aikaa <a title=\"HDR\" href=\"http:\/\/fi.wikipedia.org\/wiki\/HDR\" target=\"_blank\">HDR-kuvausta<\/a> Vantaanjoen suusta ja vanhasta myllyst\u00e4. En ole mik\u00e4\u00e4n HDR-kuvien ylin yst\u00e4v\u00e4 &#8211; yleisestikin HDR:t jakavat mielipiteit\u00e4 &#8211; mutta kaikkeahan voi ja tulee kokeilla. Pysyy mielenkiinto yll\u00e4 ja ainahan noista voi oppia jotakin. Tosin D800E:n natiivi 14.4 EV:n dynamiikka-alue tarkoittaa sit\u00e4, ett\u00e4 ilman HDR-kikkailujakin saa aika vaikeista paikoista kuvaa aikaiseksi.<\/p>\n<div id=\"attachment_2967\" style=\"width: 310px\" class=\"wp-caption alignright\"><a href=\"http:\/\/www.remonen.fi\/WP\/wp-content\/uploads\/2013\/09\/vanhankaupunginlahti-13-3.jpg\"><img loading=\"lazy\" decoding=\"async\" aria-describedby=\"caption-attachment-2967\" class=\"size-medium wp-image-2967 \" alt=\"vanhankaupunginlahti-13-3\" src=\"http:\/\/www.remonen.fi\/WP\/wp-content\/uploads\/2013\/09\/vanhankaupunginlahti-13-3-300x200.jpg\" width=\"300\" height=\"200\" srcset=\"https:\/\/www.remonen.fi\/WP\/wp-content\/uploads\/2013\/09\/vanhankaupunginlahti-13-3-300x200.jpg 300w, https:\/\/www.remonen.fi\/WP\/wp-content\/uploads\/2013\/09\/vanhankaupunginlahti-13-3.jpg 800w\" sizes=\"(max-width: 300px) 100vw, 300px\" \/><\/a><p id=\"caption-attachment-2967\" class=\"wp-caption-text\">Vanha mylly, HDR<\/p><\/div>\n<p style=\"text-align: left;\">Ohessa tarkoituksell\u00e4 \u00f6veriksi vedetty HDR-kuva.<\/p>\n<p style=\"text-align: left;\">Tosin ei HDR-tekniikka sin\u00e4ns\u00e4 tarkoita sit\u00e4, ett\u00e4 kuva pit\u00e4\u00e4 v\u00e4\u00e4nnell\u00e4 ei-todellisen n\u00e4k\u00f6iseksi, mutta jostain syyst\u00e4 t\u00e4m\u00e4 genre on vain l\u00e4htenyt kehittym\u00e4\u00e4n siihen suuntaan.<\/p>\n<p style=\"text-align: left;\"><a href=\"http:\/\/www.remonen.fi\/WP\/wp-content\/uploads\/2013\/09\/Vanhankaupunginlahti-13-12.jpg\"><img loading=\"lazy\" decoding=\"async\" class=\"alignleft size-medium wp-image-2984\" alt=\"Vanhankaupunginlahti-13-12\" src=\"http:\/\/www.remonen.fi\/WP\/wp-content\/uploads\/2013\/09\/Vanhankaupunginlahti-13-12-199x300.jpg\" width=\"199\" height=\"300\" srcset=\"https:\/\/www.remonen.fi\/WP\/wp-content\/uploads\/2013\/09\/Vanhankaupunginlahti-13-12-199x300.jpg 199w, https:\/\/www.remonen.fi\/WP\/wp-content\/uploads\/2013\/09\/Vanhankaupunginlahti-13-12.jpg 532w\" sizes=\"(max-width: 199px) 100vw, 199px\" \/><\/a>Valokuvaajia tuolla tuntui olevan melko paljon, vaikkei mik\u00e4\u00e4n erityinen valokuvausp\u00e4iv\u00e4 ollutkaan. Parit h\u00e4\u00e4kuvaussessiotkin oli meneill\u00e4\u00e4n, h\u00e4\u00e4kuvauksiin tuo lienee melko suosittu paikka Helsingiss\u00e4 ja mik\u00e4s siin\u00e4, varsin mukavann\u00e4k\u00f6ist\u00e4 milj\u00f6\u00f6t\u00e4 sielt\u00e4 saakin kuviin. Kiertelin tuolla parisen tuntia, mutta mit\u00e4\u00e4n k\u00e4\u00e4nteentekev\u00e4\u00e4 kuvaa en oikein saanut aikaiseksi. Tuo Vantaanjoen ylitt\u00e4v\u00e4 vanha silta ja putous lienee yksi Helsingin kuvatuimmista paikoista, jollei ihan kuvatuin. T\u00e4h\u00e4n aikaan vuodesta vesi on onneksi jo melko kirkasta, joten kuvista tulee &#8221;puhtaamman&#8221; n\u00e4k\u00f6isi\u00e4, kuin kev\u00e4\u00e4ll\u00e4, jolloin vesi on aivan ruskeaa. Tuossa kuvassa on HDR-s\u00e4\u00e4t\u00f6jen kanssa pyritty olemaan hieman maltillisempi. Itse pid\u00e4n kuvasta.<\/p>\n<p style=\"text-align: left;\">Yksi kuvauspaikka olisi toki ollut tekniikan museo, mutta olin j\u00e4tt\u00e4nyt lompakon autoon, enk\u00e4 jaksanut sit\u00e4 l\u00e4hte\u00e4 noutamaan. Olisihan museoon p\u00e4\u00e4ssyt maksamattakin, mutta pit\u00e4\u00e4h\u00e4n sit\u00e4 jotain periaatteita ihmisell\u00e4 olla&#8230;<\/p>\n<table border=\"0\" align=\"center\">\n<tbody>\n<tr>\n<td><a href=\"http:\/\/www.remonen.fi\/WP\/wp-content\/uploads\/2013\/09\/vanhankaupunginlahti-13-7.jpg\"><img loading=\"lazy\" decoding=\"async\" class=\"size-medium wp-image-2964 alignnone\" alt=\"vanhankaupunginlahti-13-7\" src=\"http:\/\/www.remonen.fi\/WP\/wp-content\/uploads\/2013\/09\/vanhankaupunginlahti-13-7-200x300.jpg\" width=\"200\" height=\"300\" srcset=\"https:\/\/www.remonen.fi\/WP\/wp-content\/uploads\/2013\/09\/vanhankaupunginlahti-13-7-200x300.jpg 200w, https:\/\/www.remonen.fi\/WP\/wp-content\/uploads\/2013\/09\/vanhankaupunginlahti-13-7.jpg 534w\" sizes=\"(max-width: 200px) 100vw, 200px\" \/><\/a><\/td>\n<td><a href=\"http:\/\/www.remonen.fi\/WP\/wp-content\/uploads\/2013\/09\/vanhankaupunginlahti-13-4.jpg\"><img loading=\"lazy\" decoding=\"async\" class=\"alignnone size-medium wp-image-2966\" alt=\"vanhankaupunginlahti-13-4\" src=\"http:\/\/www.remonen.fi\/WP\/wp-content\/uploads\/2013\/09\/vanhankaupunginlahti-13-4-200x300.jpg\" width=\"200\" height=\"300\" srcset=\"https:\/\/www.remonen.fi\/WP\/wp-content\/uploads\/2013\/09\/vanhankaupunginlahti-13-4-200x300.jpg 200w, https:\/\/www.remonen.fi\/WP\/wp-content\/uploads\/2013\/09\/vanhankaupunginlahti-13-4.jpg 534w\" sizes=\"(max-width: 200px) 100vw, 200px\" \/><\/a><\/td>\n<\/tr>\n<\/tbody>\n<\/table>\n<p style=\"text-align: left;\">Seuraavana p\u00e4iv\u00e4n\u00e4, kun s\u00e4\u00e4 oli hyv\u00e4, k\u00e4vimme <a title=\"Elokuussa kerran\u2026\" href=\"http:\/\/www.remonen.fi\/photoblog\/elokuussa-kerran\/\">Aino Act\u00e9n huvilan puistossa<\/a> (Tullisaaren puisto) katsomassa, joko ruska alkaisi olemaan kuvauskunnossa. Ihan ei viel\u00e4 ole paras H-hetki, vaahterat alkavat jo vaihtaa v\u00e4ri\u00e4\u00e4n, mutta muut puut ovat viel\u00e4 t\u00e4ysin kes\u00e4kunnossa. Ensi viikoksi on luvattu kylmenev\u00e4\u00e4 s\u00e4\u00e4t\u00e4, josko sitten viikon p\u00e4\u00e4st\u00e4 onnistaisi paremmin.<\/p>\n<table border=\"0\" align=\"center\">\n<tbody>\n<tr>\n<td><a href=\"http:\/\/www.remonen.fi\/WP\/wp-content\/uploads\/2013\/09\/vanhankaupunginlahti-13-9.jpg\"><img loading=\"lazy\" decoding=\"async\" class=\"alignnone size-medium wp-image-2962\" alt=\"vanhankaupunginlahti-13-9\" src=\"http:\/\/www.remonen.fi\/WP\/wp-content\/uploads\/2013\/09\/vanhankaupunginlahti-13-9-200x300.jpg\" width=\"200\" height=\"300\" srcset=\"https:\/\/www.remonen.fi\/WP\/wp-content\/uploads\/2013\/09\/vanhankaupunginlahti-13-9-200x300.jpg 200w, https:\/\/www.remonen.fi\/WP\/wp-content\/uploads\/2013\/09\/vanhankaupunginlahti-13-9.jpg 534w\" sizes=\"(max-width: 200px) 100vw, 200px\" \/><\/a><\/td>\n<td><a href=\"http:\/\/www.remonen.fi\/WP\/wp-content\/uploads\/2013\/09\/vanhankaupunginlahti-13-11.jpg\"><img loading=\"lazy\" decoding=\"async\" class=\"alignnone size-medium wp-image-2960\" alt=\"vanhankaupunginlahti-13-11\" src=\"http:\/\/www.remonen.fi\/WP\/wp-content\/uploads\/2013\/09\/vanhankaupunginlahti-13-11-200x300.jpg\" width=\"200\" height=\"300\" srcset=\"https:\/\/www.remonen.fi\/WP\/wp-content\/uploads\/2013\/09\/vanhankaupunginlahti-13-11-200x300.jpg 200w, https:\/\/www.remonen.fi\/WP\/wp-content\/uploads\/2013\/09\/vanhankaupunginlahti-13-11.jpg 534w\" sizes=\"(max-width: 200px) 100vw, 200px\" \/><\/a><\/td>\n<td><a href=\"http:\/\/www.remonen.fi\/WP\/wp-content\/uploads\/2013\/09\/vanhankaupunginlahti-13-10.jpg\"><img loading=\"lazy\" decoding=\"async\" class=\"alignnone size-medium wp-image-2961\" alt=\"vanhankaupunginlahti-13-10\" src=\"http:\/\/www.remonen.fi\/WP\/wp-content\/uploads\/2013\/09\/vanhankaupunginlahti-13-10-200x300.jpg\" width=\"200\" height=\"300\" srcset=\"https:\/\/www.remonen.fi\/WP\/wp-content\/uploads\/2013\/09\/vanhankaupunginlahti-13-10-200x300.jpg 200w, https:\/\/www.remonen.fi\/WP\/wp-content\/uploads\/2013\/09\/vanhankaupunginlahti-13-10.jpg 534w\" sizes=\"(max-width: 200px) 100vw, 200px\" \/><\/a><\/td>\n<\/tr>\n<\/tbody>\n<\/table>\n<p style=\"text-align: left;\">Mukana reisussa oli Vanhankaupunginlahdella Nikon D800E + AF-S Nikkor 24-70\/2.8G ja AF-S Nikkor 70-200\/2.8G. Tullisaaren puistossa sama runko ja tuo lyhyempi tsuumi.<\/p>\n<p style=\"text-align: left;\">&#8212;<\/p>\n<p style=\"text-align: left;\">Editti\u00e4: piti p\u00e4ivitt\u00e4\u00e4 tuota koskikuvaa viel\u00e4 hieman v\u00e4hemm\u00e4n HDR:lt\u00e4 n\u00e4ytt\u00e4v\u00e4ksi. Nyt se alkaa olemaan kohdallaan&#8230;<\/p>\n","protected":false},"excerpt":{"rendered":"<p>Tuli sopiva tilaisuus l\u00e4hte\u00e4 k\u00e4ym\u00e4\u00e4n vaihteeksi Vanhankaupunginlahdella, kun heitin vaimon Arabiaan joihinkin juhliin. Ei sill\u00e4, ett\u00e4 tuonne olisi mik\u00e4\u00e4n ylitsep\u00e4\u00e4sem\u00e4t\u00f6n matka, mutta ei vain saa itsest\u00e4\u00e4n irti. Ja toisaalta paikka tuntuu niin kalutulta. Olin viikolla\u00a0saanut postissa parit harmaasuotimet (Neutral Density, ND), joita piti tietysti p\u00e4\u00e4st\u00e4 testailemaan. Lopputulos tosin oli, ettei niist\u00e4 ND-kuvista oikein tullut mit\u00e4\u00e4n. [&hellip;]<\/p>\n","protected":false},"author":2,"featured_media":2968,"comment_status":"open","ping_status":"closed","sticky":false,"template":"","format":"standard","meta":{"footnotes":""},"categories":[16],"tags":[72,91,90],"yoast_head":"<!-- This site is optimized with the Yoast SEO plugin v24.5 - https:\/\/yoast.com\/wordpress\/plugins\/seo\/ -->\n<title>Vanhaa kaupunkia - gREat MOments NEver forgotteN<\/title>\n<meta name=\"robots\" content=\"index, follow, max-snippet:-1, max-image-preview:large, max-video-preview:-1\" \/>\n<link rel=\"canonical\" href=\"https:\/\/www.remonen.fi\/WP\/blogi\/vanhaa-kaupunkia\/\" \/>\n<meta property=\"og:locale\" content=\"fi_FI\" \/>\n<meta property=\"og:type\" content=\"article\" \/>\n<meta property=\"og:title\" content=\"Vanhaa kaupunkia - gREat MOments NEver forgotteN\" \/>\n<meta property=\"og:description\" content=\"Tuli sopiva tilaisuus l\u00e4hte\u00e4 k\u00e4ym\u00e4\u00e4n vaihteeksi Vanhankaupunginlahdella, kun heitin vaimon Arabiaan joihinkin juhliin. Ei sill\u00e4, ett\u00e4 tuonne olisi mik\u00e4\u00e4n ylitsep\u00e4\u00e4sem\u00e4t\u00f6n matka, mutta ei vain saa itsest\u00e4\u00e4n irti. Ja toisaalta paikka tuntuu niin kalutulta. Olin viikolla\u00a0saanut postissa parit harmaasuotimet (Neutral Density, ND), joita piti tietysti p\u00e4\u00e4st\u00e4 testailemaan. Lopputulos tosin oli, ettei niist\u00e4 ND-kuvista oikein tullut mit\u00e4\u00e4n. [&hellip;]\" \/>\n<meta property=\"og:url\" content=\"https:\/\/www.remonen.fi\/WP\/blogi\/vanhaa-kaupunkia\/\" \/>\n<meta property=\"og:site_name\" content=\"remonen.fi\" \/>\n<meta property=\"article:published_time\" content=\"2013-09-22T12:21:00+00:00\" \/>\n<meta property=\"article:modified_time\" content=\"2013-09-23T17:00:10+00:00\" \/>\n<meta property=\"og:image\" content=\"https:\/\/www.remonen.fi\/WP\/wp-content\/uploads\/2013\/09\/vanhankaupunginlahti-13-2.jpg\" \/>\n\t<meta property=\"og:image:width\" content=\"800\" \/>\n\t<meta property=\"og:image:height\" content=\"534\" \/>\n\t<meta property=\"og:image:type\" content=\"image\/jpeg\" \/>\n<meta name=\"author\" content=\"Matti Remonen\" \/>\n<meta name=\"twitter:label1\" content=\"Kirjoittanut\" \/>\n\t<meta name=\"twitter:data1\" content=\"Matti Remonen\" \/>\n\t<meta name=\"twitter:label2\" content=\"Arvioitu lukuaika\" \/>\n\t<meta name=\"twitter:data2\" content=\"2 minuuttia\" \/>\n<script type=\"application\/ld+json\" class=\"yoast-schema-graph\">{\"@context\":\"https:\/\/schema.org\",\"@graph\":[{\"@type\":\"Article\",\"@id\":\"https:\/\/www.remonen.fi\/WP\/blogi\/vanhaa-kaupunkia\/#article\",\"isPartOf\":{\"@id\":\"https:\/\/www.remonen.fi\/WP\/blogi\/vanhaa-kaupunkia\/\"},\"author\":{\"name\":\"Matti Remonen\",\"@id\":\"https:\/\/www.remonen.fi\/WP\/#\/schema\/person\/1803c23d1d4f6722054eb2ac7f7a97cd\"},\"headline\":\"Vanhaa kaupunkia\",\"datePublished\":\"2013-09-22T12:21:00+00:00\",\"dateModified\":\"2013-09-23T17:00:10+00:00\",\"mainEntityOfPage\":{\"@id\":\"https:\/\/www.remonen.fi\/WP\/blogi\/vanhaa-kaupunkia\/\"},\"wordCount\":440,\"commentCount\":0,\"publisher\":{\"@id\":\"https:\/\/www.remonen.fi\/WP\/#\/schema\/person\/1803c23d1d4f6722054eb2ac7f7a97cd\"},\"image\":{\"@id\":\"https:\/\/www.remonen.fi\/WP\/blogi\/vanhaa-kaupunkia\/#primaryimage\"},\"thumbnailUrl\":\"https:\/\/www.remonen.fi\/WP\/wp-content\/uploads\/2013\/09\/vanhankaupunginlahti-13-2.jpg\",\"keywords\":[\"Aino Act\u00e9\",\"Tullisaaren puisto\",\"Vanhankaupunginlahti\"],\"articleSection\":[\"Blog\"],\"inLanguage\":\"fi\",\"potentialAction\":[{\"@type\":\"CommentAction\",\"name\":\"Comment\",\"target\":[\"https:\/\/www.remonen.fi\/WP\/blogi\/vanhaa-kaupunkia\/#respond\"]}]},{\"@type\":\"WebPage\",\"@id\":\"https:\/\/www.remonen.fi\/WP\/blogi\/vanhaa-kaupunkia\/\",\"url\":\"https:\/\/www.remonen.fi\/WP\/blogi\/vanhaa-kaupunkia\/\",\"name\":\"Vanhaa kaupunkia - gREat MOments NEver forgotteN\",\"isPartOf\":{\"@id\":\"https:\/\/www.remonen.fi\/WP\/#website\"},\"primaryImageOfPage\":{\"@id\":\"https:\/\/www.remonen.fi\/WP\/blogi\/vanhaa-kaupunkia\/#primaryimage\"},\"image\":{\"@id\":\"https:\/\/www.remonen.fi\/WP\/blogi\/vanhaa-kaupunkia\/#primaryimage\"},\"thumbnailUrl\":\"https:\/\/www.remonen.fi\/WP\/wp-content\/uploads\/2013\/09\/vanhankaupunginlahti-13-2.jpg\",\"datePublished\":\"2013-09-22T12:21:00+00:00\",\"dateModified\":\"2013-09-23T17:00:10+00:00\",\"breadcrumb\":{\"@id\":\"https:\/\/www.remonen.fi\/WP\/blogi\/vanhaa-kaupunkia\/#breadcrumb\"},\"inLanguage\":\"fi\",\"potentialAction\":[{\"@type\":\"ReadAction\",\"target\":[\"https:\/\/www.remonen.fi\/WP\/blogi\/vanhaa-kaupunkia\/\"]}]},{\"@type\":\"ImageObject\",\"inLanguage\":\"fi\",\"@id\":\"https:\/\/www.remonen.fi\/WP\/blogi\/vanhaa-kaupunkia\/#primaryimage\",\"url\":\"https:\/\/www.remonen.fi\/WP\/wp-content\/uploads\/2013\/09\/vanhankaupunginlahti-13-2.jpg\",\"contentUrl\":\"https:\/\/www.remonen.fi\/WP\/wp-content\/uploads\/2013\/09\/vanhankaupunginlahti-13-2.jpg\",\"width\":800,\"height\":534},{\"@type\":\"BreadcrumbList\",\"@id\":\"https:\/\/www.remonen.fi\/WP\/blogi\/vanhaa-kaupunkia\/#breadcrumb\",\"itemListElement\":[{\"@type\":\"ListItem\",\"position\":1,\"name\":\"Etusivu\",\"item\":\"https:\/\/www.remonen.fi\/WP\/\"},{\"@type\":\"ListItem\",\"position\":2,\"name\":\"Vanhaa kaupunkia\"}]},{\"@type\":\"WebSite\",\"@id\":\"https:\/\/www.remonen.fi\/WP\/#website\",\"url\":\"https:\/\/www.remonen.fi\/WP\/\",\"name\":\"remonen.fi\",\"description\":\"Valokuvia ja tarinaa laidasta laitaan\",\"publisher\":{\"@id\":\"https:\/\/www.remonen.fi\/WP\/#\/schema\/person\/1803c23d1d4f6722054eb2ac7f7a97cd\"},\"potentialAction\":[{\"@type\":\"SearchAction\",\"target\":{\"@type\":\"EntryPoint\",\"urlTemplate\":\"https:\/\/www.remonen.fi\/WP\/?s={search_term_string}\"},\"query-input\":{\"@type\":\"PropertyValueSpecification\",\"valueRequired\":true,\"valueName\":\"search_term_string\"}}],\"inLanguage\":\"fi\"},{\"@type\":[\"Person\",\"Organization\"],\"@id\":\"https:\/\/www.remonen.fi\/WP\/#\/schema\/person\/1803c23d1d4f6722054eb2ac7f7a97cd\",\"name\":\"Matti Remonen\",\"logo\":{\"@id\":\"https:\/\/www.remonen.fi\/WP\/#\/schema\/person\/image\/\"},\"url\":\"https:\/\/www.remonen.fi\/WP\/blogi\/author\/mre\/\"}]}<\/script>\n<!-- \/ Yoast SEO plugin. -->","yoast_head_json":{"title":"Vanhaa kaupunkia - gREat MOments NEver forgotteN","robots":{"index":"index","follow":"follow","max-snippet":"max-snippet:-1","max-image-preview":"max-image-preview:large","max-video-preview":"max-video-preview:-1"},"canonical":"https:\/\/www.remonen.fi\/WP\/blogi\/vanhaa-kaupunkia\/","og_locale":"fi_FI","og_type":"article","og_title":"Vanhaa kaupunkia - gREat MOments NEver forgotteN","og_description":"Tuli sopiva tilaisuus l\u00e4hte\u00e4 k\u00e4ym\u00e4\u00e4n vaihteeksi Vanhankaupunginlahdella, kun heitin vaimon Arabiaan joihinkin juhliin. Ei sill\u00e4, ett\u00e4 tuonne olisi mik\u00e4\u00e4n ylitsep\u00e4\u00e4sem\u00e4t\u00f6n matka, mutta ei vain saa itsest\u00e4\u00e4n irti. Ja toisaalta paikka tuntuu niin kalutulta. Olin viikolla\u00a0saanut postissa parit harmaasuotimet (Neutral Density, ND), joita piti tietysti p\u00e4\u00e4st\u00e4 testailemaan. Lopputulos tosin oli, ettei niist\u00e4 ND-kuvista oikein tullut mit\u00e4\u00e4n. [&hellip;]","og_url":"https:\/\/www.remonen.fi\/WP\/blogi\/vanhaa-kaupunkia\/","og_site_name":"remonen.fi","article_published_time":"2013-09-22T12:21:00+00:00","article_modified_time":"2013-09-23T17:00:10+00:00","og_image":[{"width":800,"height":534,"url":"https:\/\/www.remonen.fi\/WP\/wp-content\/uploads\/2013\/09\/vanhankaupunginlahti-13-2.jpg","type":"image\/jpeg"}],"author":"Matti Remonen","twitter_misc":{"Kirjoittanut":"Matti Remonen","Arvioitu lukuaika":"2 minuuttia"},"schema":{"@context":"https:\/\/schema.org","@graph":[{"@type":"Article","@id":"https:\/\/www.remonen.fi\/WP\/blogi\/vanhaa-kaupunkia\/#article","isPartOf":{"@id":"https:\/\/www.remonen.fi\/WP\/blogi\/vanhaa-kaupunkia\/"},"author":{"name":"Matti Remonen","@id":"https:\/\/www.remonen.fi\/WP\/#\/schema\/person\/1803c23d1d4f6722054eb2ac7f7a97cd"},"headline":"Vanhaa kaupunkia","datePublished":"2013-09-22T12:21:00+00:00","dateModified":"2013-09-23T17:00:10+00:00","mainEntityOfPage":{"@id":"https:\/\/www.remonen.fi\/WP\/blogi\/vanhaa-kaupunkia\/"},"wordCount":440,"commentCount":0,"publisher":{"@id":"https:\/\/www.remonen.fi\/WP\/#\/schema\/person\/1803c23d1d4f6722054eb2ac7f7a97cd"},"image":{"@id":"https:\/\/www.remonen.fi\/WP\/blogi\/vanhaa-kaupunkia\/#primaryimage"},"thumbnailUrl":"https:\/\/www.remonen.fi\/WP\/wp-content\/uploads\/2013\/09\/vanhankaupunginlahti-13-2.jpg","keywords":["Aino Act\u00e9","Tullisaaren puisto","Vanhankaupunginlahti"],"articleSection":["Blog"],"inLanguage":"fi","potentialAction":[{"@type":"CommentAction","name":"Comment","target":["https:\/\/www.remonen.fi\/WP\/blogi\/vanhaa-kaupunkia\/#respond"]}]},{"@type":"WebPage","@id":"https:\/\/www.remonen.fi\/WP\/blogi\/vanhaa-kaupunkia\/","url":"https:\/\/www.remonen.fi\/WP\/blogi\/vanhaa-kaupunkia\/","name":"Vanhaa kaupunkia - gREat MOments NEver forgotteN","isPartOf":{"@id":"https:\/\/www.remonen.fi\/WP\/#website"},"primaryImageOfPage":{"@id":"https:\/\/www.remonen.fi\/WP\/blogi\/vanhaa-kaupunkia\/#primaryimage"},"image":{"@id":"https:\/\/www.remonen.fi\/WP\/blogi\/vanhaa-kaupunkia\/#primaryimage"},"thumbnailUrl":"https:\/\/www.remonen.fi\/WP\/wp-content\/uploads\/2013\/09\/vanhankaupunginlahti-13-2.jpg","datePublished":"2013-09-22T12:21:00+00:00","dateModified":"2013-09-23T17:00:10+00:00","breadcrumb":{"@id":"https:\/\/www.remonen.fi\/WP\/blogi\/vanhaa-kaupunkia\/#breadcrumb"},"inLanguage":"fi","potentialAction":[{"@type":"ReadAction","target":["https:\/\/www.remonen.fi\/WP\/blogi\/vanhaa-kaupunkia\/"]}]},{"@type":"ImageObject","inLanguage":"fi","@id":"https:\/\/www.remonen.fi\/WP\/blogi\/vanhaa-kaupunkia\/#primaryimage","url":"https:\/\/www.remonen.fi\/WP\/wp-content\/uploads\/2013\/09\/vanhankaupunginlahti-13-2.jpg","contentUrl":"https:\/\/www.remonen.fi\/WP\/wp-content\/uploads\/2013\/09\/vanhankaupunginlahti-13-2.jpg","width":800,"height":534},{"@type":"BreadcrumbList","@id":"https:\/\/www.remonen.fi\/WP\/blogi\/vanhaa-kaupunkia\/#breadcrumb","itemListElement":[{"@type":"ListItem","position":1,"name":"Etusivu","item":"https:\/\/www.remonen.fi\/WP\/"},{"@type":"ListItem","position":2,"name":"Vanhaa kaupunkia"}]},{"@type":"WebSite","@id":"https:\/\/www.remonen.fi\/WP\/#website","url":"https:\/\/www.remonen.fi\/WP\/","name":"remonen.fi","description":"Valokuvia ja tarinaa laidasta laitaan","publisher":{"@id":"https:\/\/www.remonen.fi\/WP\/#\/schema\/person\/1803c23d1d4f6722054eb2ac7f7a97cd"},"potentialAction":[{"@type":"SearchAction","target":{"@type":"EntryPoint","urlTemplate":"https:\/\/www.remonen.fi\/WP\/?s={search_term_string}"},"query-input":{"@type":"PropertyValueSpecification","valueRequired":true,"valueName":"search_term_string"}}],"inLanguage":"fi"},{"@type":["Person","Organization"],"@id":"https:\/\/www.remonen.fi\/WP\/#\/schema\/person\/1803c23d1d4f6722054eb2ac7f7a97cd","name":"Matti Remonen","logo":{"@id":"https:\/\/www.remonen.fi\/WP\/#\/schema\/person\/image\/"},"url":"https:\/\/www.remonen.fi\/WP\/blogi\/author\/mre\/"}]}},"_links":{"self":[{"href":"https:\/\/www.remonen.fi\/WP\/wp-json\/wp\/v2\/posts\/2959"}],"collection":[{"href":"https:\/\/www.remonen.fi\/WP\/wp-json\/wp\/v2\/posts"}],"about":[{"href":"https:\/\/www.remonen.fi\/WP\/wp-json\/wp\/v2\/types\/post"}],"author":[{"embeddable":true,"href":"https:\/\/www.remonen.fi\/WP\/wp-json\/wp\/v2\/users\/2"}],"replies":[{"embeddable":true,"href":"https:\/\/www.remonen.fi\/WP\/wp-json\/wp\/v2\/comments?post=2959"}],"version-history":[{"count":0,"href":"https:\/\/www.remonen.fi\/WP\/wp-json\/wp\/v2\/posts\/2959\/revisions"}],"wp:featuredmedia":[{"embeddable":true,"href":"https:\/\/www.remonen.fi\/WP\/wp-json\/wp\/v2\/media\/2968"}],"wp:attachment":[{"href":"https:\/\/www.remonen.fi\/WP\/wp-json\/wp\/v2\/media?parent=2959"}],"wp:term":[{"taxonomy":"category","embeddable":true,"href":"https:\/\/www.remonen.fi\/WP\/wp-json\/wp\/v2\/categories?post=2959"},{"taxonomy":"post_tag","embeddable":true,"href":"https:\/\/www.remonen.fi\/WP\/wp-json\/wp\/v2\/tags?post=2959"}],"curies":[{"name":"wp","href":"https:\/\/api.w.org\/{rel}","templated":true}]}}