{"id":2986,"date":"2013-09-28T15:43:05","date_gmt":"2013-09-28T12:43:05","guid":{"rendered":"http:\/\/www.remonen.fi\/?p=2986"},"modified":"2013-09-28T16:45:54","modified_gmt":"2013-09-28T13:45:54","slug":"tullisaari-revisited","status":"publish","type":"post","link":"https:\/\/www.remonen.fi\/WP\/blogi\/tullisaari-revisited\/","title":{"rendered":"Tullisaari Revisited"},"content":{"rendered":"<p><a href=\"http:\/\/www.remonen.fi\/WP\/wp-content\/uploads\/2013\/09\/Tullisaari-13-2.jpg\"><img loading=\"lazy\" decoding=\"async\" class=\"alignleft size-medium wp-image-2999\" alt=\"Tullisaari-13-2\" src=\"http:\/\/www.remonen.fi\/WP\/wp-content\/uploads\/2013\/09\/Tullisaari-13-2-200x300.jpg\" width=\"200\" height=\"300\" srcset=\"https:\/\/www.remonen.fi\/WP\/wp-content\/uploads\/2013\/09\/Tullisaari-13-2-200x300.jpg 200w, https:\/\/www.remonen.fi\/WP\/wp-content\/uploads\/2013\/09\/Tullisaari-13-2.jpg 534w\" sizes=\"(max-width: 200px) 100vw, 200px\" \/><\/a><a href=\"http:\/\/www.remonen.fi\/WP\/wp-content\/uploads\/2013\/09\/Tullisaari-13-4.jpg\"><img loading=\"lazy\" decoding=\"async\" class=\"alignright size-medium wp-image-2996\" alt=\"Tullisaari-13-4\" src=\"http:\/\/www.remonen.fi\/WP\/wp-content\/uploads\/2013\/09\/Tullisaari-13-4-198x300.jpg\" width=\"198\" height=\"300\" \/><\/a>Tulipa taas menty\u00e4 tuonne Tullisaareen, jossa siis on t\u00e4m\u00e4 Aino Act\u00e9n huvilakin. Odotan koko ajan, ett\u00e4 ruska pamahtaisi t\u00e4yteen kukoistukseensa my\u00f6s t\u00e4\u00e4ll\u00e4 etel\u00e4ss\u00e4, mutta n\u00e4ytt\u00e4\u00e4 silt\u00e4, ett\u00e4 sit\u00e4 saa odotella viel\u00e4 tovin. Merikin on niin l\u00e4mmin, ettei sielt\u00e4 paljoa apuja piisaa. Vaahterat ja pihlajat ovat jo alkaneet talvivalmistelut, mutta muut lehtipuut ovat viel\u00e4 ihan kes\u00e4fiiliksiss\u00e4. Koivuissa nyt n\u00e4kyy yksitt\u00e4isi\u00e4 keltaisia lehti\u00e4, mutta mist\u00e4\u00e4n v\u00e4ri-iloittelusta ei ole tietoakaan.<\/p>\n<p>&nbsp;<\/p>\n<p>Testailin taas noita HDR-kuvia, joita t\u00e4ss\u00e4 postauksessa on kaksi kappaletta. J\u00e4tet\u00e4\u00e4n lukijan (jos sellaisia on) teht\u00e4v\u00e4ksi l\u00f6yt\u00e4\u00e4 ne kaksi&#8230;<\/p>\n<table border=\"0\" align=\"center\">\n<tbody>\n<tr>\n<td><a href=\"http:\/\/www.remonen.fi\/WP\/wp-content\/uploads\/2013\/09\/Tullisaari-13-3.jpg\"><img loading=\"lazy\" decoding=\"async\" class=\"alignright size-medium wp-image-2997\" alt=\"Tullisaari-13-3\" src=\"http:\/\/www.remonen.fi\/WP\/wp-content\/uploads\/2013\/09\/Tullisaari-13-3-300x198.jpg\" width=\"300\" height=\"198\" srcset=\"https:\/\/www.remonen.fi\/WP\/wp-content\/uploads\/2013\/09\/Tullisaari-13-3-300x198.jpg 300w, https:\/\/www.remonen.fi\/WP\/wp-content\/uploads\/2013\/09\/Tullisaari-13-3.jpg 800w\" sizes=\"(max-width: 300px) 100vw, 300px\" \/><\/a><\/td>\n<td><a href=\"http:\/\/www.remonen.fi\/WP\/wp-content\/uploads\/2013\/09\/Tullisaari-13.jpg\"><img loading=\"lazy\" decoding=\"async\" class=\"alignright size-medium wp-image-3000\" alt=\"Tullisaari-13\" src=\"http:\/\/www.remonen.fi\/WP\/wp-content\/uploads\/2013\/09\/Tullisaari-13-300x200.jpg\" width=\"300\" height=\"200\" srcset=\"https:\/\/www.remonen.fi\/WP\/wp-content\/uploads\/2013\/09\/Tullisaari-13-300x200.jpg 300w, https:\/\/www.remonen.fi\/WP\/wp-content\/uploads\/2013\/09\/Tullisaari-13.jpg 800w\" sizes=\"(max-width: 300px) 100vw, 300px\" \/><\/a><\/td>\n<\/tr>\n<\/tbody>\n<\/table>\n<p>Mukana kulki D800E ja AF-S 24-70\/2.8G.<\/p>\n<p>Muuten, tuota reissua varten kaivoin netin sy\u00f6vereist\u00e4 ohjelman, jolla on helppo tarkistaa mist\u00e4 aurinko paistaa min\u00e4kin ajanhetken\u00e4. Tietysti tyhmempikin ehk\u00e4 tiet\u00e4\u00e4, ett\u00e4 aurinko vaeltaa p\u00e4iv\u00e4n aikana id\u00e4st\u00e4 etel\u00e4n kautta l\u00e4nteen, mutta jos tarkempaa suuntaa haluaa eik\u00e4 ihan tarkasti muista mihin suuntaan kohde sattuu olemaan, niin <a title=\"Sun Calc\" href=\"http:\/\/suncalc.net\/#\/60.1799,25.0351,13\/2013.09.28\/15:40\">t\u00e4st\u00e4 t\u00e4m\u00e4n l\u00f6yt\u00e4\u00e4<\/a>.<\/p>\n<p>&nbsp;<\/p>\n","protected":false},"excerpt":{"rendered":"<p>Tulipa taas menty\u00e4 tuonne Tullisaareen, jossa siis on t\u00e4m\u00e4 Aino Act\u00e9n huvilakin. Odotan koko ajan, ett\u00e4 ruska pamahtaisi t\u00e4yteen kukoistukseensa my\u00f6s t\u00e4\u00e4ll\u00e4 etel\u00e4ss\u00e4, mutta n\u00e4ytt\u00e4\u00e4 silt\u00e4, ett\u00e4 sit\u00e4 saa odotella viel\u00e4 tovin. Merikin on niin l\u00e4mmin, ettei sielt\u00e4 paljoa apuja piisaa. Vaahterat ja pihlajat ovat jo alkaneet talvivalmistelut, mutta muut lehtipuut ovat viel\u00e4 ihan kes\u00e4fiiliksiss\u00e4. [&hellip;]<\/p>\n","protected":false},"author":2,"featured_media":3000,"comment_status":"open","ping_status":"closed","sticky":false,"template":"","format":"standard","meta":{"footnotes":""},"categories":[16],"tags":[72,92,93,91],"yoast_head":"<!-- This site is optimized with the Yoast SEO plugin v24.5 - https:\/\/yoast.com\/wordpress\/plugins\/seo\/ -->\n<title>Tullisaari Revisited - gREat MOments NEver forgotteN<\/title>\n<meta name=\"robots\" content=\"index, follow, max-snippet:-1, max-image-preview:large, max-video-preview:-1\" \/>\n<link rel=\"canonical\" href=\"https:\/\/www.remonen.fi\/WP\/blogi\/tullisaari-revisited\/\" \/>\n<meta property=\"og:locale\" content=\"fi_FI\" \/>\n<meta property=\"og:type\" content=\"article\" \/>\n<meta property=\"og:title\" content=\"Tullisaari Revisited - gREat MOments NEver forgotteN\" \/>\n<meta property=\"og:description\" content=\"Tulipa taas menty\u00e4 tuonne Tullisaareen, jossa siis on t\u00e4m\u00e4 Aino Act\u00e9n huvilakin. Odotan koko ajan, ett\u00e4 ruska pamahtaisi t\u00e4yteen kukoistukseensa my\u00f6s t\u00e4\u00e4ll\u00e4 etel\u00e4ss\u00e4, mutta n\u00e4ytt\u00e4\u00e4 silt\u00e4, ett\u00e4 sit\u00e4 saa odotella viel\u00e4 tovin. Merikin on niin l\u00e4mmin, ettei sielt\u00e4 paljoa apuja piisaa. Vaahterat ja pihlajat ovat jo alkaneet talvivalmistelut, mutta muut lehtipuut ovat viel\u00e4 ihan kes\u00e4fiiliksiss\u00e4. [&hellip;]\" \/>\n<meta property=\"og:url\" content=\"https:\/\/www.remonen.fi\/WP\/blogi\/tullisaari-revisited\/\" \/>\n<meta property=\"og:site_name\" content=\"remonen.fi\" \/>\n<meta property=\"article:published_time\" content=\"2013-09-28T12:43:05+00:00\" \/>\n<meta property=\"article:modified_time\" content=\"2013-09-28T13:45:54+00:00\" \/>\n<meta property=\"og:image\" content=\"https:\/\/www.remonen.fi\/WP\/wp-content\/uploads\/2013\/09\/Tullisaari-13.jpg\" \/>\n\t<meta property=\"og:image:width\" content=\"800\" \/>\n\t<meta property=\"og:image:height\" content=\"534\" \/>\n\t<meta property=\"og:image:type\" content=\"image\/jpeg\" \/>\n<meta name=\"author\" content=\"Matti Remonen\" \/>\n<meta name=\"twitter:label1\" content=\"Kirjoittanut\" \/>\n\t<meta name=\"twitter:data1\" content=\"Matti Remonen\" \/>\n\t<meta name=\"twitter:label2\" content=\"Arvioitu lukuaika\" \/>\n\t<meta name=\"twitter:data2\" content=\"1 minuutti\" \/>\n<script type=\"application\/ld+json\" class=\"yoast-schema-graph\">{\"@context\":\"https:\/\/schema.org\",\"@graph\":[{\"@type\":\"Article\",\"@id\":\"https:\/\/www.remonen.fi\/WP\/blogi\/tullisaari-revisited\/#article\",\"isPartOf\":{\"@id\":\"https:\/\/www.remonen.fi\/WP\/blogi\/tullisaari-revisited\/\"},\"author\":{\"name\":\"Matti Remonen\",\"@id\":\"https:\/\/www.remonen.fi\/WP\/#\/schema\/person\/1803c23d1d4f6722054eb2ac7f7a97cd\"},\"headline\":\"Tullisaari Revisited\",\"datePublished\":\"2013-09-28T12:43:05+00:00\",\"dateModified\":\"2013-09-28T13:45:54+00:00\",\"mainEntityOfPage\":{\"@id\":\"https:\/\/www.remonen.fi\/WP\/blogi\/tullisaari-revisited\/\"},\"wordCount\":176,\"commentCount\":0,\"publisher\":{\"@id\":\"https:\/\/www.remonen.fi\/WP\/#\/schema\/person\/1803c23d1d4f6722054eb2ac7f7a97cd\"},\"image\":{\"@id\":\"https:\/\/www.remonen.fi\/WP\/blogi\/tullisaari-revisited\/#primaryimage\"},\"thumbnailUrl\":\"https:\/\/www.remonen.fi\/WP\/wp-content\/uploads\/2013\/09\/Tullisaari-13.jpg\",\"keywords\":[\"Aino Act\u00e9\",\"HDR\",\"Sun Calc\",\"Tullisaaren puisto\"],\"articleSection\":[\"Blog\"],\"inLanguage\":\"fi\",\"potentialAction\":[{\"@type\":\"CommentAction\",\"name\":\"Comment\",\"target\":[\"https:\/\/www.remonen.fi\/WP\/blogi\/tullisaari-revisited\/#respond\"]}]},{\"@type\":\"WebPage\",\"@id\":\"https:\/\/www.remonen.fi\/WP\/blogi\/tullisaari-revisited\/\",\"url\":\"https:\/\/www.remonen.fi\/WP\/blogi\/tullisaari-revisited\/\",\"name\":\"Tullisaari Revisited - gREat MOments NEver forgotteN\",\"isPartOf\":{\"@id\":\"https:\/\/www.remonen.fi\/WP\/#website\"},\"primaryImageOfPage\":{\"@id\":\"https:\/\/www.remonen.fi\/WP\/blogi\/tullisaari-revisited\/#primaryimage\"},\"image\":{\"@id\":\"https:\/\/www.remonen.fi\/WP\/blogi\/tullisaari-revisited\/#primaryimage\"},\"thumbnailUrl\":\"https:\/\/www.remonen.fi\/WP\/wp-content\/uploads\/2013\/09\/Tullisaari-13.jpg\",\"datePublished\":\"2013-09-28T12:43:05+00:00\",\"dateModified\":\"2013-09-28T13:45:54+00:00\",\"breadcrumb\":{\"@id\":\"https:\/\/www.remonen.fi\/WP\/blogi\/tullisaari-revisited\/#breadcrumb\"},\"inLanguage\":\"fi\",\"potentialAction\":[{\"@type\":\"ReadAction\",\"target\":[\"https:\/\/www.remonen.fi\/WP\/blogi\/tullisaari-revisited\/\"]}]},{\"@type\":\"ImageObject\",\"inLanguage\":\"fi\",\"@id\":\"https:\/\/www.remonen.fi\/WP\/blogi\/tullisaari-revisited\/#primaryimage\",\"url\":\"https:\/\/www.remonen.fi\/WP\/wp-content\/uploads\/2013\/09\/Tullisaari-13.jpg\",\"contentUrl\":\"https:\/\/www.remonen.fi\/WP\/wp-content\/uploads\/2013\/09\/Tullisaari-13.jpg\",\"width\":800,\"height\":534},{\"@type\":\"BreadcrumbList\",\"@id\":\"https:\/\/www.remonen.fi\/WP\/blogi\/tullisaari-revisited\/#breadcrumb\",\"itemListElement\":[{\"@type\":\"ListItem\",\"position\":1,\"name\":\"Etusivu\",\"item\":\"https:\/\/www.remonen.fi\/WP\/\"},{\"@type\":\"ListItem\",\"position\":2,\"name\":\"Tullisaari Revisited\"}]},{\"@type\":\"WebSite\",\"@id\":\"https:\/\/www.remonen.fi\/WP\/#website\",\"url\":\"https:\/\/www.remonen.fi\/WP\/\",\"name\":\"remonen.fi\",\"description\":\"Valokuvia ja tarinaa laidasta laitaan\",\"publisher\":{\"@id\":\"https:\/\/www.remonen.fi\/WP\/#\/schema\/person\/1803c23d1d4f6722054eb2ac7f7a97cd\"},\"potentialAction\":[{\"@type\":\"SearchAction\",\"target\":{\"@type\":\"EntryPoint\",\"urlTemplate\":\"https:\/\/www.remonen.fi\/WP\/?s={search_term_string}\"},\"query-input\":{\"@type\":\"PropertyValueSpecification\",\"valueRequired\":true,\"valueName\":\"search_term_string\"}}],\"inLanguage\":\"fi\"},{\"@type\":[\"Person\",\"Organization\"],\"@id\":\"https:\/\/www.remonen.fi\/WP\/#\/schema\/person\/1803c23d1d4f6722054eb2ac7f7a97cd\",\"name\":\"Matti Remonen\",\"logo\":{\"@id\":\"https:\/\/www.remonen.fi\/WP\/#\/schema\/person\/image\/\"},\"url\":\"https:\/\/www.remonen.fi\/WP\/blogi\/author\/mre\/\"}]}<\/script>\n<!-- \/ Yoast SEO plugin. -->","yoast_head_json":{"title":"Tullisaari Revisited - gREat MOments NEver forgotteN","robots":{"index":"index","follow":"follow","max-snippet":"max-snippet:-1","max-image-preview":"max-image-preview:large","max-video-preview":"max-video-preview:-1"},"canonical":"https:\/\/www.remonen.fi\/WP\/blogi\/tullisaari-revisited\/","og_locale":"fi_FI","og_type":"article","og_title":"Tullisaari Revisited - gREat MOments NEver forgotteN","og_description":"Tulipa taas menty\u00e4 tuonne Tullisaareen, jossa siis on t\u00e4m\u00e4 Aino Act\u00e9n huvilakin. Odotan koko ajan, ett\u00e4 ruska pamahtaisi t\u00e4yteen kukoistukseensa my\u00f6s t\u00e4\u00e4ll\u00e4 etel\u00e4ss\u00e4, mutta n\u00e4ytt\u00e4\u00e4 silt\u00e4, ett\u00e4 sit\u00e4 saa odotella viel\u00e4 tovin. Merikin on niin l\u00e4mmin, ettei sielt\u00e4 paljoa apuja piisaa. Vaahterat ja pihlajat ovat jo alkaneet talvivalmistelut, mutta muut lehtipuut ovat viel\u00e4 ihan kes\u00e4fiiliksiss\u00e4. [&hellip;]","og_url":"https:\/\/www.remonen.fi\/WP\/blogi\/tullisaari-revisited\/","og_site_name":"remonen.fi","article_published_time":"2013-09-28T12:43:05+00:00","article_modified_time":"2013-09-28T13:45:54+00:00","og_image":[{"width":800,"height":534,"url":"https:\/\/www.remonen.fi\/WP\/wp-content\/uploads\/2013\/09\/Tullisaari-13.jpg","type":"image\/jpeg"}],"author":"Matti Remonen","twitter_misc":{"Kirjoittanut":"Matti Remonen","Arvioitu lukuaika":"1 minuutti"},"schema":{"@context":"https:\/\/schema.org","@graph":[{"@type":"Article","@id":"https:\/\/www.remonen.fi\/WP\/blogi\/tullisaari-revisited\/#article","isPartOf":{"@id":"https:\/\/www.remonen.fi\/WP\/blogi\/tullisaari-revisited\/"},"author":{"name":"Matti Remonen","@id":"https:\/\/www.remonen.fi\/WP\/#\/schema\/person\/1803c23d1d4f6722054eb2ac7f7a97cd"},"headline":"Tullisaari Revisited","datePublished":"2013-09-28T12:43:05+00:00","dateModified":"2013-09-28T13:45:54+00:00","mainEntityOfPage":{"@id":"https:\/\/www.remonen.fi\/WP\/blogi\/tullisaari-revisited\/"},"wordCount":176,"commentCount":0,"publisher":{"@id":"https:\/\/www.remonen.fi\/WP\/#\/schema\/person\/1803c23d1d4f6722054eb2ac7f7a97cd"},"image":{"@id":"https:\/\/www.remonen.fi\/WP\/blogi\/tullisaari-revisited\/#primaryimage"},"thumbnailUrl":"https:\/\/www.remonen.fi\/WP\/wp-content\/uploads\/2013\/09\/Tullisaari-13.jpg","keywords":["Aino Act\u00e9","HDR","Sun Calc","Tullisaaren puisto"],"articleSection":["Blog"],"inLanguage":"fi","potentialAction":[{"@type":"CommentAction","name":"Comment","target":["https:\/\/www.remonen.fi\/WP\/blogi\/tullisaari-revisited\/#respond"]}]},{"@type":"WebPage","@id":"https:\/\/www.remonen.fi\/WP\/blogi\/tullisaari-revisited\/","url":"https:\/\/www.remonen.fi\/WP\/blogi\/tullisaari-revisited\/","name":"Tullisaari Revisited - gREat MOments NEver forgotteN","isPartOf":{"@id":"https:\/\/www.remonen.fi\/WP\/#website"},"primaryImageOfPage":{"@id":"https:\/\/www.remonen.fi\/WP\/blogi\/tullisaari-revisited\/#primaryimage"},"image":{"@id":"https:\/\/www.remonen.fi\/WP\/blogi\/tullisaari-revisited\/#primaryimage"},"thumbnailUrl":"https:\/\/www.remonen.fi\/WP\/wp-content\/uploads\/2013\/09\/Tullisaari-13.jpg","datePublished":"2013-09-28T12:43:05+00:00","dateModified":"2013-09-28T13:45:54+00:00","breadcrumb":{"@id":"https:\/\/www.remonen.fi\/WP\/blogi\/tullisaari-revisited\/#breadcrumb"},"inLanguage":"fi","potentialAction":[{"@type":"ReadAction","target":["https:\/\/www.remonen.fi\/WP\/blogi\/tullisaari-revisited\/"]}]},{"@type":"ImageObject","inLanguage":"fi","@id":"https:\/\/www.remonen.fi\/WP\/blogi\/tullisaari-revisited\/#primaryimage","url":"https:\/\/www.remonen.fi\/WP\/wp-content\/uploads\/2013\/09\/Tullisaari-13.jpg","contentUrl":"https:\/\/www.remonen.fi\/WP\/wp-content\/uploads\/2013\/09\/Tullisaari-13.jpg","width":800,"height":534},{"@type":"BreadcrumbList","@id":"https:\/\/www.remonen.fi\/WP\/blogi\/tullisaari-revisited\/#breadcrumb","itemListElement":[{"@type":"ListItem","position":1,"name":"Etusivu","item":"https:\/\/www.remonen.fi\/WP\/"},{"@type":"ListItem","position":2,"name":"Tullisaari Revisited"}]},{"@type":"WebSite","@id":"https:\/\/www.remonen.fi\/WP\/#website","url":"https:\/\/www.remonen.fi\/WP\/","name":"remonen.fi","description":"Valokuvia ja tarinaa laidasta laitaan","publisher":{"@id":"https:\/\/www.remonen.fi\/WP\/#\/schema\/person\/1803c23d1d4f6722054eb2ac7f7a97cd"},"potentialAction":[{"@type":"SearchAction","target":{"@type":"EntryPoint","urlTemplate":"https:\/\/www.remonen.fi\/WP\/?s={search_term_string}"},"query-input":{"@type":"PropertyValueSpecification","valueRequired":true,"valueName":"search_term_string"}}],"inLanguage":"fi"},{"@type":["Person","Organization"],"@id":"https:\/\/www.remonen.fi\/WP\/#\/schema\/person\/1803c23d1d4f6722054eb2ac7f7a97cd","name":"Matti Remonen","logo":{"@id":"https:\/\/www.remonen.fi\/WP\/#\/schema\/person\/image\/"},"url":"https:\/\/www.remonen.fi\/WP\/blogi\/author\/mre\/"}]}},"_links":{"self":[{"href":"https:\/\/www.remonen.fi\/WP\/wp-json\/wp\/v2\/posts\/2986"}],"collection":[{"href":"https:\/\/www.remonen.fi\/WP\/wp-json\/wp\/v2\/posts"}],"about":[{"href":"https:\/\/www.remonen.fi\/WP\/wp-json\/wp\/v2\/types\/post"}],"author":[{"embeddable":true,"href":"https:\/\/www.remonen.fi\/WP\/wp-json\/wp\/v2\/users\/2"}],"replies":[{"embeddable":true,"href":"https:\/\/www.remonen.fi\/WP\/wp-json\/wp\/v2\/comments?post=2986"}],"version-history":[{"count":0,"href":"https:\/\/www.remonen.fi\/WP\/wp-json\/wp\/v2\/posts\/2986\/revisions"}],"wp:featuredmedia":[{"embeddable":true,"href":"https:\/\/www.remonen.fi\/WP\/wp-json\/wp\/v2\/media\/3000"}],"wp:attachment":[{"href":"https:\/\/www.remonen.fi\/WP\/wp-json\/wp\/v2\/media?parent=2986"}],"wp:term":[{"taxonomy":"category","embeddable":true,"href":"https:\/\/www.remonen.fi\/WP\/wp-json\/wp\/v2\/categories?post=2986"},{"taxonomy":"post_tag","embeddable":true,"href":"https:\/\/www.remonen.fi\/WP\/wp-json\/wp\/v2\/tags?post=2986"}],"curies":[{"name":"wp","href":"https:\/\/api.w.org\/{rel}","templated":true}]}}