{"id":3025,"date":"2013-10-11T18:07:16","date_gmt":"2013-10-11T15:07:16","guid":{"rendered":"http:\/\/www.remonen.fi\/?p=3025"},"modified":"2013-10-11T18:25:21","modified_gmt":"2013-10-11T15:25:21","slug":"tullisaari-re-revisited","status":"publish","type":"post","link":"https:\/\/www.remonen.fi\/WP\/blogi\/tullisaari-re-revisited\/","title":{"rendered":"Tullisaari re-Revisited"},"content":{"rendered":"<p>Ei, en ole ruvennut \u00e4nkytt\u00e4m\u00e4\u00e4n. Viel\u00e4. Sen sijaan muuta hermostollista h\u00e4iri\u00f6t\u00e4 ilmeisesti on, kun en n\u00e4yt\u00e4 p\u00e4\u00e4sev\u00e4n n\u00e4ist\u00e4 samoista paikoista ja aiheista eroon. Menin t\u00e4n\u00e4\u00e4n taas kerran k\u00e4ym\u00e4\u00e4n Tullisaaressa, kun kerran ruska n\u00e4ytti nyt vihdoinkin saavuttaneen sen kauan odotetun huippunsa ja itse asiassa olevan jo hieman v\u00e4sym\u00e4\u00e4n p\u00e4in. Edellisviikon pakkaset ja t\u00e4m\u00e4n viikon sateet olivat tehneet teht\u00e4v\u00e4ns\u00e4 ja lehtivihre\u00e4 vihdoinkin alkoi tajuta, ett\u00e4 kes\u00e4 on ohi. F\u00f6rbi. Gone. T\u00e4lle p\u00e4iv\u00e4lle oli luvattu aurinkoista ja vaikka aamu valkenikin id\u00e4ss\u00e4 pilvisen\u00e4, niin siin\u00e4 ysin aikaan alkoi valo voittaa. Tiesin edellisten kertojen perusteella, ett\u00e4 valo on kohdallaan noin kymmenen maissa noihin maisemiin, joten ei muuta kuin &#8221;kahvitunnilla&#8221; kamera kainaloon ja Tullisaareen.<\/p>\n<table border=\"0\" align=\"center\">\n<tbody>\n<tr>\n<td><a href=\"http:\/\/www.remonen.fi\/WP\/wp-content\/uploads\/2013\/10\/Tullisaari-re-revisited-13-7.jpg\"><img loading=\"lazy\" decoding=\"async\" class=\"alignnone size-medium wp-image-3027\" alt=\"Tullisaari re-revisited-13-7\" src=\"http:\/\/www.remonen.fi\/WP\/wp-content\/uploads\/2013\/10\/Tullisaari-re-revisited-13-7-200x300.jpg\" width=\"200\" height=\"300\" srcset=\"https:\/\/www.remonen.fi\/WP\/wp-content\/uploads\/2013\/10\/Tullisaari-re-revisited-13-7-200x300.jpg 200w, https:\/\/www.remonen.fi\/WP\/wp-content\/uploads\/2013\/10\/Tullisaari-re-revisited-13-7.jpg 534w\" sizes=\"(max-width: 200px) 100vw, 200px\" \/><\/a><\/td>\n<td><a href=\"http:\/\/www.remonen.fi\/WP\/wp-content\/uploads\/2013\/10\/Tullisaari-re-revisited-13-6.jpg\"><img loading=\"lazy\" decoding=\"async\" class=\"alignnone size-medium wp-image-3028\" alt=\"Tullisaari re-revisited-13-6\" src=\"http:\/\/www.remonen.fi\/WP\/wp-content\/uploads\/2013\/10\/Tullisaari-re-revisited-13-6-200x300.jpg\" width=\"200\" height=\"300\" srcset=\"https:\/\/www.remonen.fi\/WP\/wp-content\/uploads\/2013\/10\/Tullisaari-re-revisited-13-6-200x300.jpg 200w, https:\/\/www.remonen.fi\/WP\/wp-content\/uploads\/2013\/10\/Tullisaari-re-revisited-13-6.jpg 534w\" sizes=\"(max-width: 200px) 100vw, 200px\" \/><\/a><\/td>\n<td>\u00a0<a href=\"http:\/\/www.remonen.fi\/WP\/wp-content\/uploads\/2013\/10\/Tullisaari-re-revisited-13-3.jpg\"><img loading=\"lazy\" decoding=\"async\" class=\"alignnone size-medium wp-image-3031\" alt=\"Tullisaari re-revisited-13-3\" src=\"http:\/\/www.remonen.fi\/WP\/wp-content\/uploads\/2013\/10\/Tullisaari-re-revisited-13-3-200x300.jpg\" width=\"200\" height=\"300\" srcset=\"https:\/\/www.remonen.fi\/WP\/wp-content\/uploads\/2013\/10\/Tullisaari-re-revisited-13-3-200x300.jpg 200w, https:\/\/www.remonen.fi\/WP\/wp-content\/uploads\/2013\/10\/Tullisaari-re-revisited-13-3.jpg 534w\" sizes=\"(max-width: 200px) 100vw, 200px\" \/><\/a><\/td>\n<\/tr>\n<\/tbody>\n<\/table>\n<p>T\u00e4ll\u00e4 kertaa maisemat eiv\u00e4t pett\u00e4neet. Tosin eniten v\u00e4ri\u00e4 toivat j\u00e4lleen kerran vaahterat, mutta ei valiteta. Matalalta paistava aurinko ja l\u00e4pikuultavat keltaiset lehdet t\u00e4ysin sinisen taivaan alla eiv\u00e4t j\u00e4tt\u00e4neet ainakaan minua kylm\u00e4ksi.<\/p>\n<table border=\"0\" align=\"center\">\n<tbody>\n<tr>\n<td><a href=\"http:\/\/www.remonen.fi\/WP\/wp-content\/uploads\/2013\/10\/Tullisaari-re-revisited-13-5.jpg\"><img loading=\"lazy\" decoding=\"async\" class=\"alignnone size-medium wp-image-3029\" alt=\"Tullisaari re-revisited-13-5\" src=\"http:\/\/www.remonen.fi\/WP\/wp-content\/uploads\/2013\/10\/Tullisaari-re-revisited-13-5-200x300.jpg\" width=\"200\" height=\"300\" srcset=\"https:\/\/www.remonen.fi\/WP\/wp-content\/uploads\/2013\/10\/Tullisaari-re-revisited-13-5-200x300.jpg 200w, https:\/\/www.remonen.fi\/WP\/wp-content\/uploads\/2013\/10\/Tullisaari-re-revisited-13-5.jpg 534w\" sizes=\"(max-width: 200px) 100vw, 200px\" \/><\/a><\/td>\n<td><a href=\"http:\/\/www.remonen.fi\/WP\/wp-content\/uploads\/2013\/10\/Tullisaari-re-revisited-13.jpg\"><img loading=\"lazy\" decoding=\"async\" class=\"alignnone size-medium wp-image-3026\" alt=\"Tullisaari re-revisited-13\" src=\"http:\/\/www.remonen.fi\/WP\/wp-content\/uploads\/2013\/10\/Tullisaari-re-revisited-13-200x300.jpg\" width=\"200\" height=\"300\" srcset=\"https:\/\/www.remonen.fi\/WP\/wp-content\/uploads\/2013\/10\/Tullisaari-re-revisited-13-200x300.jpg 200w, https:\/\/www.remonen.fi\/WP\/wp-content\/uploads\/2013\/10\/Tullisaari-re-revisited-13.jpg 534w\" sizes=\"(max-width: 200px) 100vw, 200px\" \/><\/a><\/td>\n<td><a href=\"http:\/\/www.remonen.fi\/WP\/wp-content\/uploads\/2013\/10\/Tullisaari-re-revisited-13-4.jpg\"><img loading=\"lazy\" decoding=\"async\" class=\"alignnone size-medium wp-image-3030\" alt=\"Tullisaari re-revisited-13-4\" src=\"http:\/\/www.remonen.fi\/WP\/wp-content\/uploads\/2013\/10\/Tullisaari-re-revisited-13-4-200x300.jpg\" width=\"200\" height=\"300\" srcset=\"https:\/\/www.remonen.fi\/WP\/wp-content\/uploads\/2013\/10\/Tullisaari-re-revisited-13-4-200x300.jpg 200w, https:\/\/www.remonen.fi\/WP\/wp-content\/uploads\/2013\/10\/Tullisaari-re-revisited-13-4.jpg 534w\" sizes=\"(max-width: 200px) 100vw, 200px\" \/><\/a><\/td>\n<\/tr>\n<\/tbody>\n<\/table>\n<p>Jokohan nyt n\u00e4m\u00e4 ruskakuvat 2013 olisivat t\u00e4ss\u00e4? Huomenna Linnanm\u00e4elle valokarnevaaleja kuvaamaan&#8230;<\/p>\n<p>Ulos p\u00e4\u00e4siv\u00e4t Nikon D800E + Nikkor AF-S 24-70\/2.8G<\/p>\n","protected":false},"excerpt":{"rendered":"<p>Ei, en ole ruvennut \u00e4nkytt\u00e4m\u00e4\u00e4n. Viel\u00e4. Sen sijaan muuta hermostollista h\u00e4iri\u00f6t\u00e4 ilmeisesti on, kun en n\u00e4yt\u00e4 p\u00e4\u00e4sev\u00e4n n\u00e4ist\u00e4 samoista paikoista ja aiheista eroon. Menin t\u00e4n\u00e4\u00e4n taas kerran k\u00e4ym\u00e4\u00e4n Tullisaaressa, kun kerran ruska n\u00e4ytti nyt vihdoinkin saavuttaneen sen kauan odotetun huippunsa ja itse asiassa olevan jo hieman v\u00e4sym\u00e4\u00e4n p\u00e4in. Edellisviikon pakkaset ja t\u00e4m\u00e4n viikon sateet olivat [&hellip;]<\/p>\n","protected":false},"author":2,"featured_media":3032,"comment_status":"open","ping_status":"closed","sticky":false,"template":"","format":"standard","meta":{"footnotes":""},"categories":[16],"tags":[94,91],"yoast_head":"<!-- This site is optimized with the Yoast SEO plugin v24.5 - https:\/\/yoast.com\/wordpress\/plugins\/seo\/ -->\n<title>Tullisaari re-Revisited - gREat MOments NEver forgotteN<\/title>\n<meta name=\"robots\" content=\"index, follow, max-snippet:-1, max-image-preview:large, max-video-preview:-1\" \/>\n<link rel=\"canonical\" href=\"https:\/\/www.remonen.fi\/WP\/blogi\/tullisaari-re-revisited\/\" \/>\n<meta property=\"og:locale\" content=\"fi_FI\" \/>\n<meta property=\"og:type\" content=\"article\" \/>\n<meta property=\"og:title\" content=\"Tullisaari re-Revisited - gREat MOments NEver forgotteN\" \/>\n<meta property=\"og:description\" content=\"Ei, en ole ruvennut \u00e4nkytt\u00e4m\u00e4\u00e4n. Viel\u00e4. Sen sijaan muuta hermostollista h\u00e4iri\u00f6t\u00e4 ilmeisesti on, kun en n\u00e4yt\u00e4 p\u00e4\u00e4sev\u00e4n n\u00e4ist\u00e4 samoista paikoista ja aiheista eroon. Menin t\u00e4n\u00e4\u00e4n taas kerran k\u00e4ym\u00e4\u00e4n Tullisaaressa, kun kerran ruska n\u00e4ytti nyt vihdoinkin saavuttaneen sen kauan odotetun huippunsa ja itse asiassa olevan jo hieman v\u00e4sym\u00e4\u00e4n p\u00e4in. Edellisviikon pakkaset ja t\u00e4m\u00e4n viikon sateet olivat [&hellip;]\" \/>\n<meta property=\"og:url\" content=\"https:\/\/www.remonen.fi\/WP\/blogi\/tullisaari-re-revisited\/\" \/>\n<meta property=\"og:site_name\" content=\"remonen.fi\" \/>\n<meta property=\"article:published_time\" content=\"2013-10-11T15:07:16+00:00\" \/>\n<meta property=\"article:modified_time\" content=\"2013-10-11T15:25:21+00:00\" \/>\n<meta property=\"og:image\" content=\"https:\/\/www.remonen.fi\/WP\/wp-content\/uploads\/2013\/10\/Tullisaari-re-revisited-13-2.jpg\" \/>\n\t<meta property=\"og:image:width\" content=\"800\" \/>\n\t<meta property=\"og:image:height\" content=\"426\" \/>\n\t<meta property=\"og:image:type\" content=\"image\/jpeg\" \/>\n<meta name=\"author\" content=\"Matti Remonen\" \/>\n<meta name=\"twitter:label1\" content=\"Kirjoittanut\" \/>\n\t<meta name=\"twitter:data1\" content=\"Matti Remonen\" \/>\n\t<meta name=\"twitter:label2\" content=\"Arvioitu lukuaika\" \/>\n\t<meta name=\"twitter:data2\" content=\"1 minuutti\" \/>\n<script type=\"application\/ld+json\" class=\"yoast-schema-graph\">{\"@context\":\"https:\/\/schema.org\",\"@graph\":[{\"@type\":\"Article\",\"@id\":\"https:\/\/www.remonen.fi\/WP\/blogi\/tullisaari-re-revisited\/#article\",\"isPartOf\":{\"@id\":\"https:\/\/www.remonen.fi\/WP\/blogi\/tullisaari-re-revisited\/\"},\"author\":{\"name\":\"Matti Remonen\",\"@id\":\"https:\/\/www.remonen.fi\/WP\/#\/schema\/person\/1803c23d1d4f6722054eb2ac7f7a97cd\"},\"headline\":\"Tullisaari re-Revisited\",\"datePublished\":\"2013-10-11T15:07:16+00:00\",\"dateModified\":\"2013-10-11T15:25:21+00:00\",\"mainEntityOfPage\":{\"@id\":\"https:\/\/www.remonen.fi\/WP\/blogi\/tullisaari-re-revisited\/\"},\"wordCount\":201,\"commentCount\":0,\"publisher\":{\"@id\":\"https:\/\/www.remonen.fi\/WP\/#\/schema\/person\/1803c23d1d4f6722054eb2ac7f7a97cd\"},\"image\":{\"@id\":\"https:\/\/www.remonen.fi\/WP\/blogi\/tullisaari-re-revisited\/#primaryimage\"},\"thumbnailUrl\":\"https:\/\/www.remonen.fi\/WP\/wp-content\/uploads\/2013\/10\/Tullisaari-re-revisited-13-2.jpg\",\"keywords\":[\"Ruska\",\"Tullisaaren puisto\"],\"articleSection\":[\"Blog\"],\"inLanguage\":\"fi\",\"potentialAction\":[{\"@type\":\"CommentAction\",\"name\":\"Comment\",\"target\":[\"https:\/\/www.remonen.fi\/WP\/blogi\/tullisaari-re-revisited\/#respond\"]}]},{\"@type\":\"WebPage\",\"@id\":\"https:\/\/www.remonen.fi\/WP\/blogi\/tullisaari-re-revisited\/\",\"url\":\"https:\/\/www.remonen.fi\/WP\/blogi\/tullisaari-re-revisited\/\",\"name\":\"Tullisaari re-Revisited - gREat MOments NEver forgotteN\",\"isPartOf\":{\"@id\":\"https:\/\/www.remonen.fi\/WP\/#website\"},\"primaryImageOfPage\":{\"@id\":\"https:\/\/www.remonen.fi\/WP\/blogi\/tullisaari-re-revisited\/#primaryimage\"},\"image\":{\"@id\":\"https:\/\/www.remonen.fi\/WP\/blogi\/tullisaari-re-revisited\/#primaryimage\"},\"thumbnailUrl\":\"https:\/\/www.remonen.fi\/WP\/wp-content\/uploads\/2013\/10\/Tullisaari-re-revisited-13-2.jpg\",\"datePublished\":\"2013-10-11T15:07:16+00:00\",\"dateModified\":\"2013-10-11T15:25:21+00:00\",\"breadcrumb\":{\"@id\":\"https:\/\/www.remonen.fi\/WP\/blogi\/tullisaari-re-revisited\/#breadcrumb\"},\"inLanguage\":\"fi\",\"potentialAction\":[{\"@type\":\"ReadAction\",\"target\":[\"https:\/\/www.remonen.fi\/WP\/blogi\/tullisaari-re-revisited\/\"]}]},{\"@type\":\"ImageObject\",\"inLanguage\":\"fi\",\"@id\":\"https:\/\/www.remonen.fi\/WP\/blogi\/tullisaari-re-revisited\/#primaryimage\",\"url\":\"https:\/\/www.remonen.fi\/WP\/wp-content\/uploads\/2013\/10\/Tullisaari-re-revisited-13-2.jpg\",\"contentUrl\":\"https:\/\/www.remonen.fi\/WP\/wp-content\/uploads\/2013\/10\/Tullisaari-re-revisited-13-2.jpg\",\"width\":800,\"height\":426},{\"@type\":\"BreadcrumbList\",\"@id\":\"https:\/\/www.remonen.fi\/WP\/blogi\/tullisaari-re-revisited\/#breadcrumb\",\"itemListElement\":[{\"@type\":\"ListItem\",\"position\":1,\"name\":\"Etusivu\",\"item\":\"https:\/\/www.remonen.fi\/WP\/\"},{\"@type\":\"ListItem\",\"position\":2,\"name\":\"Tullisaari re-Revisited\"}]},{\"@type\":\"WebSite\",\"@id\":\"https:\/\/www.remonen.fi\/WP\/#website\",\"url\":\"https:\/\/www.remonen.fi\/WP\/\",\"name\":\"remonen.fi\",\"description\":\"Valokuvia ja tarinaa laidasta laitaan\",\"publisher\":{\"@id\":\"https:\/\/www.remonen.fi\/WP\/#\/schema\/person\/1803c23d1d4f6722054eb2ac7f7a97cd\"},\"potentialAction\":[{\"@type\":\"SearchAction\",\"target\":{\"@type\":\"EntryPoint\",\"urlTemplate\":\"https:\/\/www.remonen.fi\/WP\/?s={search_term_string}\"},\"query-input\":{\"@type\":\"PropertyValueSpecification\",\"valueRequired\":true,\"valueName\":\"search_term_string\"}}],\"inLanguage\":\"fi\"},{\"@type\":[\"Person\",\"Organization\"],\"@id\":\"https:\/\/www.remonen.fi\/WP\/#\/schema\/person\/1803c23d1d4f6722054eb2ac7f7a97cd\",\"name\":\"Matti Remonen\",\"logo\":{\"@id\":\"https:\/\/www.remonen.fi\/WP\/#\/schema\/person\/image\/\"},\"url\":\"https:\/\/www.remonen.fi\/WP\/blogi\/author\/mre\/\"}]}<\/script>\n<!-- \/ Yoast SEO plugin. -->","yoast_head_json":{"title":"Tullisaari re-Revisited - gREat MOments NEver forgotteN","robots":{"index":"index","follow":"follow","max-snippet":"max-snippet:-1","max-image-preview":"max-image-preview:large","max-video-preview":"max-video-preview:-1"},"canonical":"https:\/\/www.remonen.fi\/WP\/blogi\/tullisaari-re-revisited\/","og_locale":"fi_FI","og_type":"article","og_title":"Tullisaari re-Revisited - gREat MOments NEver forgotteN","og_description":"Ei, en ole ruvennut \u00e4nkytt\u00e4m\u00e4\u00e4n. Viel\u00e4. Sen sijaan muuta hermostollista h\u00e4iri\u00f6t\u00e4 ilmeisesti on, kun en n\u00e4yt\u00e4 p\u00e4\u00e4sev\u00e4n n\u00e4ist\u00e4 samoista paikoista ja aiheista eroon. Menin t\u00e4n\u00e4\u00e4n taas kerran k\u00e4ym\u00e4\u00e4n Tullisaaressa, kun kerran ruska n\u00e4ytti nyt vihdoinkin saavuttaneen sen kauan odotetun huippunsa ja itse asiassa olevan jo hieman v\u00e4sym\u00e4\u00e4n p\u00e4in. Edellisviikon pakkaset ja t\u00e4m\u00e4n viikon sateet olivat [&hellip;]","og_url":"https:\/\/www.remonen.fi\/WP\/blogi\/tullisaari-re-revisited\/","og_site_name":"remonen.fi","article_published_time":"2013-10-11T15:07:16+00:00","article_modified_time":"2013-10-11T15:25:21+00:00","og_image":[{"width":800,"height":426,"url":"https:\/\/www.remonen.fi\/WP\/wp-content\/uploads\/2013\/10\/Tullisaari-re-revisited-13-2.jpg","type":"image\/jpeg"}],"author":"Matti Remonen","twitter_misc":{"Kirjoittanut":"Matti Remonen","Arvioitu lukuaika":"1 minuutti"},"schema":{"@context":"https:\/\/schema.org","@graph":[{"@type":"Article","@id":"https:\/\/www.remonen.fi\/WP\/blogi\/tullisaari-re-revisited\/#article","isPartOf":{"@id":"https:\/\/www.remonen.fi\/WP\/blogi\/tullisaari-re-revisited\/"},"author":{"name":"Matti Remonen","@id":"https:\/\/www.remonen.fi\/WP\/#\/schema\/person\/1803c23d1d4f6722054eb2ac7f7a97cd"},"headline":"Tullisaari re-Revisited","datePublished":"2013-10-11T15:07:16+00:00","dateModified":"2013-10-11T15:25:21+00:00","mainEntityOfPage":{"@id":"https:\/\/www.remonen.fi\/WP\/blogi\/tullisaari-re-revisited\/"},"wordCount":201,"commentCount":0,"publisher":{"@id":"https:\/\/www.remonen.fi\/WP\/#\/schema\/person\/1803c23d1d4f6722054eb2ac7f7a97cd"},"image":{"@id":"https:\/\/www.remonen.fi\/WP\/blogi\/tullisaari-re-revisited\/#primaryimage"},"thumbnailUrl":"https:\/\/www.remonen.fi\/WP\/wp-content\/uploads\/2013\/10\/Tullisaari-re-revisited-13-2.jpg","keywords":["Ruska","Tullisaaren puisto"],"articleSection":["Blog"],"inLanguage":"fi","potentialAction":[{"@type":"CommentAction","name":"Comment","target":["https:\/\/www.remonen.fi\/WP\/blogi\/tullisaari-re-revisited\/#respond"]}]},{"@type":"WebPage","@id":"https:\/\/www.remonen.fi\/WP\/blogi\/tullisaari-re-revisited\/","url":"https:\/\/www.remonen.fi\/WP\/blogi\/tullisaari-re-revisited\/","name":"Tullisaari re-Revisited - gREat MOments NEver forgotteN","isPartOf":{"@id":"https:\/\/www.remonen.fi\/WP\/#website"},"primaryImageOfPage":{"@id":"https:\/\/www.remonen.fi\/WP\/blogi\/tullisaari-re-revisited\/#primaryimage"},"image":{"@id":"https:\/\/www.remonen.fi\/WP\/blogi\/tullisaari-re-revisited\/#primaryimage"},"thumbnailUrl":"https:\/\/www.remonen.fi\/WP\/wp-content\/uploads\/2013\/10\/Tullisaari-re-revisited-13-2.jpg","datePublished":"2013-10-11T15:07:16+00:00","dateModified":"2013-10-11T15:25:21+00:00","breadcrumb":{"@id":"https:\/\/www.remonen.fi\/WP\/blogi\/tullisaari-re-revisited\/#breadcrumb"},"inLanguage":"fi","potentialAction":[{"@type":"ReadAction","target":["https:\/\/www.remonen.fi\/WP\/blogi\/tullisaari-re-revisited\/"]}]},{"@type":"ImageObject","inLanguage":"fi","@id":"https:\/\/www.remonen.fi\/WP\/blogi\/tullisaari-re-revisited\/#primaryimage","url":"https:\/\/www.remonen.fi\/WP\/wp-content\/uploads\/2013\/10\/Tullisaari-re-revisited-13-2.jpg","contentUrl":"https:\/\/www.remonen.fi\/WP\/wp-content\/uploads\/2013\/10\/Tullisaari-re-revisited-13-2.jpg","width":800,"height":426},{"@type":"BreadcrumbList","@id":"https:\/\/www.remonen.fi\/WP\/blogi\/tullisaari-re-revisited\/#breadcrumb","itemListElement":[{"@type":"ListItem","position":1,"name":"Etusivu","item":"https:\/\/www.remonen.fi\/WP\/"},{"@type":"ListItem","position":2,"name":"Tullisaari re-Revisited"}]},{"@type":"WebSite","@id":"https:\/\/www.remonen.fi\/WP\/#website","url":"https:\/\/www.remonen.fi\/WP\/","name":"remonen.fi","description":"Valokuvia ja tarinaa laidasta laitaan","publisher":{"@id":"https:\/\/www.remonen.fi\/WP\/#\/schema\/person\/1803c23d1d4f6722054eb2ac7f7a97cd"},"potentialAction":[{"@type":"SearchAction","target":{"@type":"EntryPoint","urlTemplate":"https:\/\/www.remonen.fi\/WP\/?s={search_term_string}"},"query-input":{"@type":"PropertyValueSpecification","valueRequired":true,"valueName":"search_term_string"}}],"inLanguage":"fi"},{"@type":["Person","Organization"],"@id":"https:\/\/www.remonen.fi\/WP\/#\/schema\/person\/1803c23d1d4f6722054eb2ac7f7a97cd","name":"Matti Remonen","logo":{"@id":"https:\/\/www.remonen.fi\/WP\/#\/schema\/person\/image\/"},"url":"https:\/\/www.remonen.fi\/WP\/blogi\/author\/mre\/"}]}},"_links":{"self":[{"href":"https:\/\/www.remonen.fi\/WP\/wp-json\/wp\/v2\/posts\/3025"}],"collection":[{"href":"https:\/\/www.remonen.fi\/WP\/wp-json\/wp\/v2\/posts"}],"about":[{"href":"https:\/\/www.remonen.fi\/WP\/wp-json\/wp\/v2\/types\/post"}],"author":[{"embeddable":true,"href":"https:\/\/www.remonen.fi\/WP\/wp-json\/wp\/v2\/users\/2"}],"replies":[{"embeddable":true,"href":"https:\/\/www.remonen.fi\/WP\/wp-json\/wp\/v2\/comments?post=3025"}],"version-history":[{"count":0,"href":"https:\/\/www.remonen.fi\/WP\/wp-json\/wp\/v2\/posts\/3025\/revisions"}],"wp:featuredmedia":[{"embeddable":true,"href":"https:\/\/www.remonen.fi\/WP\/wp-json\/wp\/v2\/media\/3032"}],"wp:attachment":[{"href":"https:\/\/www.remonen.fi\/WP\/wp-json\/wp\/v2\/media?parent=3025"}],"wp:term":[{"taxonomy":"category","embeddable":true,"href":"https:\/\/www.remonen.fi\/WP\/wp-json\/wp\/v2\/categories?post=3025"},{"taxonomy":"post_tag","embeddable":true,"href":"https:\/\/www.remonen.fi\/WP\/wp-json\/wp\/v2\/tags?post=3025"}],"curies":[{"name":"wp","href":"https:\/\/api.w.org\/{rel}","templated":true}]}}