{"id":3044,"date":"2013-10-13T15:11:04","date_gmt":"2013-10-13T12:11:04","guid":{"rendered":"http:\/\/www.remonen.fi\/?p=3044"},"modified":"2013-10-13T15:13:13","modified_gmt":"2013-10-13T12:13:13","slug":"haloo-onks-valoo","status":"publish","type":"post","link":"https:\/\/www.remonen.fi\/WP\/blogi\/haloo-onks-valoo\/","title":{"rendered":"Haloo, onks valoo?"},"content":{"rendered":"<p><a href=\"http:\/\/www.remonen.fi\/WP\/wp-content\/uploads\/2013\/10\/LinnanmakiValokarnevaali-13-3.jpg\"><img loading=\"lazy\" decoding=\"async\" class=\"alignleft size-medium wp-image-3054\" alt=\"LinnanmakiValokarnevaali-13-3\" src=\"http:\/\/www.remonen.fi\/WP\/wp-content\/uploads\/2013\/10\/LinnanmakiValokarnevaali-13-3-200x300.jpg\" width=\"200\" height=\"300\" srcset=\"https:\/\/www.remonen.fi\/WP\/wp-content\/uploads\/2013\/10\/LinnanmakiValokarnevaali-13-3-200x300.jpg 200w, https:\/\/www.remonen.fi\/WP\/wp-content\/uploads\/2013\/10\/LinnanmakiValokarnevaali-13-3.jpg 534w\" sizes=\"(max-width: 200px) 100vw, 200px\" \/><\/a>On. <a title=\"Linnanm\u00e4ki\" href=\"http:\/\/www.linnanmaki.fi\" target=\"_blank\">Linnanm\u00e4en valokarnevaaleilla <\/a>on valoa ja toimintaa. Jokasyksyinen tapahtuma k\u00e4ynnistyi taas eilen ja jatkuu koko viikon. Valokarnevaalithan on ajoitettu (Helsingin) koululaisten syyslomaviikolle sattuneesta syyst\u00e4. Ja mik\u00e4s siin\u00e4, Suomen kes\u00e4 on sen verran lyhyt, ett\u00e4 kyll\u00e4 kautta kannattaa jatkaa ja my\u00f6s pimeydest\u00e4 ottaa ilo irti. Vaikka syr\u00e4n m\u00e4rk\u00e4nis.<\/p>\n<p>Itsell\u00e4 bileet ei alkaneet niin kovin herttaisesti kun toista kuvaa ottaessa takaani kuului kovanpehme\u00e4 mossahdus. Ja kas, mik\u00e4s siin\u00e4 asfaltilla makaa? No mun <a title=\"Nikkor 14-24\/2.8G\" href=\"http:\/\/www.nikonusa.com\/en\/Nikon-Products\/Product\/Camera-Lenses\/2163\/AF-S-Nikkor-14-24mm-f%252F2.8g-ed.html\" target=\"_blank\">Nikkor AF-S 14-24\/2.8G <\/a>-laajakulmatsuumi. Maailman parhaaksi sellaiseksi useassakin l\u00e4hteess\u00e4 noteerattu ja tarkempi kuin useimmat laajakulmaprimet. Paitsi ettei mun perunanuijalla en\u00e4\u00e4 taideta kisoja voittaa. Tarkistuksen ja kiroilun j\u00e4lkeen loppusaldo oli se, ett\u00e4 zoomi on jumissa eik\u00e4 tarkennuskaan en\u00e4\u00e4 ihan sit\u00e4 parasta A-luokkaa. &#8221;Tuhannen miljoonan miljoonaa turskausta!&#8221;, kuten kapteeni Haddock olisi todennut. Gordon Ramsay olisi ehk\u00e4 todennut jotain siihen suuntaan, mit\u00e4 itse ajattelin. No, onneksi ei voi syytt\u00e4\u00e4 kuin itse\u00e4\u00e4n: check and double check. &#8221;Arm your doors and cross-check&#8221;. Niinp\u00e4. Huoh. <a title=\"Interfoto\" href=\"http:\/\/www.interfoto.fi\/\" target=\"_blank\">Interfotoon <\/a>siis&#8230;<\/p>\n<table border=\"0\" align=\"center\">\n<tbody>\n<tr>\n<td><a href=\"http:\/\/www.remonen.fi\/WP\/wp-content\/uploads\/2013\/10\/LinnanmakiValokarnevaali-13-4.jpg\"><img loading=\"lazy\" decoding=\"async\" class=\"alignnone size-medium wp-image-3053\" alt=\"LinnanmakiValokarnevaali-13-4\" src=\"http:\/\/www.remonen.fi\/WP\/wp-content\/uploads\/2013\/10\/LinnanmakiValokarnevaali-13-4-300x200.jpg\" width=\"300\" height=\"200\" srcset=\"https:\/\/www.remonen.fi\/WP\/wp-content\/uploads\/2013\/10\/LinnanmakiValokarnevaali-13-4-300x200.jpg 300w, https:\/\/www.remonen.fi\/WP\/wp-content\/uploads\/2013\/10\/LinnanmakiValokarnevaali-13-4.jpg 800w\" sizes=\"(max-width: 300px) 100vw, 300px\" \/><\/a><\/td>\n<td><a href=\"http:\/\/www.remonen.fi\/WP\/wp-content\/uploads\/2013\/10\/LinnanmakiValokarnevaali-13-2.jpg\"><img loading=\"lazy\" decoding=\"async\" class=\"alignnone size-medium wp-image-3055\" alt=\"LinnanmakiValokarnevaali-13-2\" src=\"http:\/\/www.remonen.fi\/WP\/wp-content\/uploads\/2013\/10\/LinnanmakiValokarnevaali-13-2-300x200.jpg\" width=\"300\" height=\"200\" srcset=\"https:\/\/www.remonen.fi\/WP\/wp-content\/uploads\/2013\/10\/LinnanmakiValokarnevaali-13-2-300x200.jpg 300w, https:\/\/www.remonen.fi\/WP\/wp-content\/uploads\/2013\/10\/LinnanmakiValokarnevaali-13-2.jpg 800w\" sizes=\"(max-width: 300px) 100vw, 300px\" \/><\/a><\/td>\n<\/tr>\n<\/tbody>\n<\/table>\n<div id=\"attachment_3045\" style=\"width: 210px\" class=\"wp-caption alignright\"><a href=\"http:\/\/www.remonen.fi\/WP\/wp-content\/uploads\/2013\/10\/LinnanmakiValokarnevaali-13.jpg\"><img loading=\"lazy\" decoding=\"async\" aria-describedby=\"caption-attachment-3045\" class=\"size-medium wp-image-3045\" alt=\"LinnanmakiValokarnevaali-13\" src=\"http:\/\/www.remonen.fi\/WP\/wp-content\/uploads\/2013\/10\/LinnanmakiValokarnevaali-13-200x300.jpg\" width=\"200\" height=\"300\" srcset=\"https:\/\/www.remonen.fi\/WP\/wp-content\/uploads\/2013\/10\/LinnanmakiValokarnevaali-13-200x300.jpg 200w, https:\/\/www.remonen.fi\/WP\/wp-content\/uploads\/2013\/10\/LinnanmakiValokarnevaali-13.jpg 534w\" sizes=\"(max-width: 200px) 100vw, 200px\" \/><\/a><p id=\"caption-attachment-3045\" class=\"wp-caption-text\">Aivan p\u00e4\u00e4t\u00f6nt\u00e4 menoa<\/p><\/div>\n<p>Mutta takaisin Linnanm\u00e4elle. Meill\u00e4 oli K\u00f6min KuvaKlubin (KKK n\u00e4in yst\u00e4vien kesken, kaavut olimme j\u00e4tt\u00e4neet t\u00e4ll\u00e4 kertaa pois. Ristin polttaminen keskell\u00e4 lintsi\u00e4 ei kuulemma ole kovin suotavaa) kanssa sovittu tapaaminen ja kuvaussessio. Meit\u00e4 sitten l\u00e4hes ajallaan kokoontuikin vajaa kymmenen innokasta kuvaajaa puiston etel\u00e4portille. Etel\u00e4portin kautta saapumista hidasti hieman se, ett\u00e4 henkil\u00f6kunta halusi tarkistaa kaikkien saapuvien kassit ja reput. No, valokuvaajillahan niit\u00e4 riitt\u00e4\u00e4. Viinaa kuulemma etsiv\u00e4t. Ilmeisesti Lintsi maksaa sen verran heikosti, ett\u00e4 viinaa pit\u00e4\u00e4 trokata asiakkailta. En ollut ymm\u00e4rt\u00e4nyt ottaa pulloa tuliaisiksi, mutta ei pohjoisportilla tarkastuksia ollutkaan. Ei ymm\u00e4rr\u00e4. Ja jos joku olisi meist\u00e4 viinaa tuonne halunnut tuoda, niin se nyt ei olisi ollut kovin vaikeaa. Itsell\u00e4kin l\u00f6ytyy Nikkor AF-S 24-70\/2.8G -mallinen <a title=\"Termari\" href=\"http:\/\/www.amazon.com\/Nikon-AF-S-24-70mm-2-8-Thermos\/dp\/B006D9D018\" target=\"_blank\">termospullo<\/a>, jota ei \u00e4kkin\u00e4inen oikeasta erota. Se vain t\u00e4yteen konua, niin bileet olisivat voineet alkaa.<\/p>\n<p><a href=\"http:\/\/www.remonen.fi\/WP\/wp-content\/uploads\/2013\/10\/LinnanmakiValokarnevaali-13-6.jpg\"><img loading=\"lazy\" decoding=\"async\" class=\"alignleft size-medium wp-image-3051\" alt=\"LinnanmakiValokarnevaali-13-6\" src=\"http:\/\/www.remonen.fi\/WP\/wp-content\/uploads\/2013\/10\/LinnanmakiValokarnevaali-13-6-200x300.jpg\" width=\"200\" height=\"300\" srcset=\"https:\/\/www.remonen.fi\/WP\/wp-content\/uploads\/2013\/10\/LinnanmakiValokarnevaali-13-6-200x300.jpg 200w, https:\/\/www.remonen.fi\/WP\/wp-content\/uploads\/2013\/10\/LinnanmakiValokarnevaali-13-6.jpg 534w\" sizes=\"(max-width: 200px) 100vw, 200px\" \/><\/a>Hetken turistuamme l\u00e4ksimme kiertelem\u00e4\u00e4n ryhmiss\u00e4 ja yksin aluetta kuvauskohteiden toivossa. Kello oli homman alkaessa viel\u00e4 sen verran v\u00e4h\u00e4n, ett\u00e4 aurinko p\u00e4\u00e4si paistamaan m\u00e4elle. Hieman illemmalla taivas viel\u00e4 v\u00e4rj\u00e4ytyi kauniin vaaleanpunaiseksi, joten kunnon karkkikuviakin olisi saanut. Jos siis olisi ollut oikeassa paikassa oikeaan aikaan. Min\u00e4 todenn\u00e4k\u00f6isesti haahuilin jossain ihan muualla.<\/p>\n<p>Suunnitelmissa oli ottaa parit tooosi pitk\u00e4n ajan valotukset, mutta niist\u00e4 ei oikein tullut mit\u00e4\u00e4n. Oli minulla mukana parit harmaasuotimet, joista toinen 3 aukkoa ja toinen 10(!). Noitten h\u00e4rveleiden valot eiv\u00e4t sitten kuitenkaan ole niin kirkkaat, ett\u00e4 tuolla j\u00e4re\u00e4mm\u00e4ll\u00e4 suotimella olisi saanut haluttua lopputulosta. Sain nyt kuitenkin yhden pitk\u00e4n valotuksen kuvan onnistumaan tuolla 3:n aukon harmaasuotimella.<\/p>\n<table border=\"0\" align=\"center\">\n<tbody>\n<tr>\n<td><a href=\"http:\/\/www.remonen.fi\/WP\/wp-content\/uploads\/2013\/10\/LinnanmakiValokarnevaali-13-9.jpg\"><img loading=\"lazy\" decoding=\"async\" class=\"alignnone size-medium wp-image-3048\" alt=\"LinnanmakiValokarnevaali-13-9\" src=\"http:\/\/www.remonen.fi\/WP\/wp-content\/uploads\/2013\/10\/LinnanmakiValokarnevaali-13-9-300x200.jpg\" width=\"300\" height=\"200\" srcset=\"https:\/\/www.remonen.fi\/WP\/wp-content\/uploads\/2013\/10\/LinnanmakiValokarnevaali-13-9-300x200.jpg 300w, https:\/\/www.remonen.fi\/WP\/wp-content\/uploads\/2013\/10\/LinnanmakiValokarnevaali-13-9.jpg 800w\" sizes=\"(max-width: 300px) 100vw, 300px\" \/><\/a><\/td>\n<td><a href=\"http:\/\/www.remonen.fi\/WP\/wp-content\/uploads\/2013\/10\/LinnanmakiValokarnevaali-13-10.jpg\"><img loading=\"lazy\" decoding=\"async\" class=\"alignnone size-medium wp-image-3047\" alt=\"LinnanmakiValokarnevaali-13-10\" src=\"http:\/\/www.remonen.fi\/WP\/wp-content\/uploads\/2013\/10\/LinnanmakiValokarnevaali-13-10-300x200.jpg\" width=\"300\" height=\"200\" srcset=\"https:\/\/www.remonen.fi\/WP\/wp-content\/uploads\/2013\/10\/LinnanmakiValokarnevaali-13-10-300x200.jpg 300w, https:\/\/www.remonen.fi\/WP\/wp-content\/uploads\/2013\/10\/LinnanmakiValokarnevaali-13-10.jpg 800w\" sizes=\"(max-width: 300px) 100vw, 300px\" \/><\/a><\/td>\n<\/tr>\n<\/tbody>\n<\/table>\n<p><a href=\"http:\/\/www.remonen.fi\/WP\/wp-content\/uploads\/2013\/10\/LinnanmakiValokarnevaali-13-11.jpg\"><img loading=\"lazy\" decoding=\"async\" class=\"alignright size-medium wp-image-3046\" alt=\"LinnanmakiValokarnevaali-13-11\" src=\"http:\/\/www.remonen.fi\/WP\/wp-content\/uploads\/2013\/10\/LinnanmakiValokarnevaali-13-11-200x300.jpg\" width=\"200\" height=\"300\" srcset=\"https:\/\/www.remonen.fi\/WP\/wp-content\/uploads\/2013\/10\/LinnanmakiValokarnevaali-13-11-200x300.jpg 200w, https:\/\/www.remonen.fi\/WP\/wp-content\/uploads\/2013\/10\/LinnanmakiValokarnevaali-13-11.jpg 534w\" sizes=\"(max-width: 200px) 100vw, 200px\" \/><\/a>Lopuksi ker\u00e4\u00e4nnyimme taas yhteen ja menimme olusille vaihtamaan sotajuttuja. Mukava reissu kaiken kaikkiaan, vaikkei nyt kuvaosastolla p\u00e4\u00e4sek\u00e4\u00e4n elvistelem\u00e4\u00e4n. Aina ei voi voittaa&#8230;<\/p>\n<p>Mukana tuolla oli Nikon D800E + Nikkor AF-S 24-70\/2.8G + Nikkor AF-S 70-200\/2.8G VRII sek\u00e4 Nikkor AF-S 14-24\/2.8G, jolla ei nyt t\u00e4ll\u00e4 kertaa tullut sattuneesta syyst\u00e4 kuvattua. Lis\u00e4ksi Gitzon GT3541LS-jalusta ja Arca-Swiss Z1-kuulap\u00e4\u00e4.<\/p>\n<p>&nbsp;<\/p>\n","protected":false},"excerpt":{"rendered":"<p>On. Linnanm\u00e4en valokarnevaaleilla on valoa ja toimintaa. Jokasyksyinen tapahtuma k\u00e4ynnistyi taas eilen ja jatkuu koko viikon. Valokarnevaalithan on ajoitettu (Helsingin) koululaisten syyslomaviikolle sattuneesta syyst\u00e4. Ja mik\u00e4s siin\u00e4, Suomen kes\u00e4 on sen verran lyhyt, ett\u00e4 kyll\u00e4 kautta kannattaa jatkaa ja my\u00f6s pimeydest\u00e4 ottaa ilo irti. Vaikka syr\u00e4n m\u00e4rk\u00e4nis. Itsell\u00e4 bileet ei alkaneet niin kovin herttaisesti kun [&hellip;]<\/p>\n","protected":false},"author":2,"featured_media":3049,"comment_status":"open","ping_status":"closed","sticky":false,"template":"","format":"standard","meta":{"footnotes":""},"categories":[16],"tags":[95,96],"yoast_head":"<!-- This site is optimized with the Yoast SEO plugin v24.5 - https:\/\/yoast.com\/wordpress\/plugins\/seo\/ -->\n<title>Haloo, onks valoo? - gREat MOments NEver forgotteN<\/title>\n<meta name=\"robots\" content=\"index, follow, max-snippet:-1, max-image-preview:large, max-video-preview:-1\" \/>\n<link rel=\"canonical\" href=\"https:\/\/www.remonen.fi\/WP\/blogi\/haloo-onks-valoo\/\" \/>\n<meta property=\"og:locale\" content=\"fi_FI\" \/>\n<meta property=\"og:type\" content=\"article\" \/>\n<meta property=\"og:title\" content=\"Haloo, onks valoo? - gREat MOments NEver forgotteN\" \/>\n<meta property=\"og:description\" content=\"On. Linnanm\u00e4en valokarnevaaleilla on valoa ja toimintaa. Jokasyksyinen tapahtuma k\u00e4ynnistyi taas eilen ja jatkuu koko viikon. Valokarnevaalithan on ajoitettu (Helsingin) koululaisten syyslomaviikolle sattuneesta syyst\u00e4. Ja mik\u00e4s siin\u00e4, Suomen kes\u00e4 on sen verran lyhyt, ett\u00e4 kyll\u00e4 kautta kannattaa jatkaa ja my\u00f6s pimeydest\u00e4 ottaa ilo irti. Vaikka syr\u00e4n m\u00e4rk\u00e4nis. Itsell\u00e4 bileet ei alkaneet niin kovin herttaisesti kun [&hellip;]\" \/>\n<meta property=\"og:url\" content=\"https:\/\/www.remonen.fi\/WP\/blogi\/haloo-onks-valoo\/\" \/>\n<meta property=\"og:site_name\" content=\"remonen.fi\" \/>\n<meta property=\"article:published_time\" content=\"2013-10-13T12:11:04+00:00\" \/>\n<meta property=\"article:modified_time\" content=\"2013-10-13T12:13:13+00:00\" \/>\n<meta property=\"og:image\" content=\"https:\/\/www.remonen.fi\/WP\/wp-content\/uploads\/2013\/10\/LinnanmakiValokarnevaali-13-8.jpg\" \/>\n\t<meta property=\"og:image:width\" content=\"800\" \/>\n\t<meta property=\"og:image:height\" content=\"534\" \/>\n\t<meta property=\"og:image:type\" content=\"image\/jpeg\" \/>\n<meta name=\"author\" content=\"Matti Remonen\" \/>\n<meta name=\"twitter:label1\" content=\"Kirjoittanut\" \/>\n\t<meta name=\"twitter:data1\" content=\"Matti Remonen\" \/>\n\t<meta name=\"twitter:label2\" content=\"Arvioitu lukuaika\" \/>\n\t<meta name=\"twitter:data2\" content=\"3 minuuttia\" \/>\n<script type=\"application\/ld+json\" class=\"yoast-schema-graph\">{\"@context\":\"https:\/\/schema.org\",\"@graph\":[{\"@type\":\"Article\",\"@id\":\"https:\/\/www.remonen.fi\/WP\/blogi\/haloo-onks-valoo\/#article\",\"isPartOf\":{\"@id\":\"https:\/\/www.remonen.fi\/WP\/blogi\/haloo-onks-valoo\/\"},\"author\":{\"name\":\"Matti Remonen\",\"@id\":\"https:\/\/www.remonen.fi\/WP\/#\/schema\/person\/1803c23d1d4f6722054eb2ac7f7a97cd\"},\"headline\":\"Haloo, onks valoo?\",\"datePublished\":\"2013-10-13T12:11:04+00:00\",\"dateModified\":\"2013-10-13T12:13:13+00:00\",\"mainEntityOfPage\":{\"@id\":\"https:\/\/www.remonen.fi\/WP\/blogi\/haloo-onks-valoo\/\"},\"wordCount\":510,\"commentCount\":0,\"publisher\":{\"@id\":\"https:\/\/www.remonen.fi\/WP\/#\/schema\/person\/1803c23d1d4f6722054eb2ac7f7a97cd\"},\"image\":{\"@id\":\"https:\/\/www.remonen.fi\/WP\/blogi\/haloo-onks-valoo\/#primaryimage\"},\"thumbnailUrl\":\"https:\/\/www.remonen.fi\/WP\/wp-content\/uploads\/2013\/10\/LinnanmakiValokarnevaali-13-8.jpg\",\"keywords\":[\"Linnanm\u00e4ki\",\"Valokarnevaalit\"],\"articleSection\":[\"Blog\"],\"inLanguage\":\"fi\",\"potentialAction\":[{\"@type\":\"CommentAction\",\"name\":\"Comment\",\"target\":[\"https:\/\/www.remonen.fi\/WP\/blogi\/haloo-onks-valoo\/#respond\"]}]},{\"@type\":\"WebPage\",\"@id\":\"https:\/\/www.remonen.fi\/WP\/blogi\/haloo-onks-valoo\/\",\"url\":\"https:\/\/www.remonen.fi\/WP\/blogi\/haloo-onks-valoo\/\",\"name\":\"Haloo, onks valoo? - gREat MOments NEver forgotteN\",\"isPartOf\":{\"@id\":\"https:\/\/www.remonen.fi\/WP\/#website\"},\"primaryImageOfPage\":{\"@id\":\"https:\/\/www.remonen.fi\/WP\/blogi\/haloo-onks-valoo\/#primaryimage\"},\"image\":{\"@id\":\"https:\/\/www.remonen.fi\/WP\/blogi\/haloo-onks-valoo\/#primaryimage\"},\"thumbnailUrl\":\"https:\/\/www.remonen.fi\/WP\/wp-content\/uploads\/2013\/10\/LinnanmakiValokarnevaali-13-8.jpg\",\"datePublished\":\"2013-10-13T12:11:04+00:00\",\"dateModified\":\"2013-10-13T12:13:13+00:00\",\"breadcrumb\":{\"@id\":\"https:\/\/www.remonen.fi\/WP\/blogi\/haloo-onks-valoo\/#breadcrumb\"},\"inLanguage\":\"fi\",\"potentialAction\":[{\"@type\":\"ReadAction\",\"target\":[\"https:\/\/www.remonen.fi\/WP\/blogi\/haloo-onks-valoo\/\"]}]},{\"@type\":\"ImageObject\",\"inLanguage\":\"fi\",\"@id\":\"https:\/\/www.remonen.fi\/WP\/blogi\/haloo-onks-valoo\/#primaryimage\",\"url\":\"https:\/\/www.remonen.fi\/WP\/wp-content\/uploads\/2013\/10\/LinnanmakiValokarnevaali-13-8.jpg\",\"contentUrl\":\"https:\/\/www.remonen.fi\/WP\/wp-content\/uploads\/2013\/10\/LinnanmakiValokarnevaali-13-8.jpg\",\"width\":800,\"height\":534},{\"@type\":\"BreadcrumbList\",\"@id\":\"https:\/\/www.remonen.fi\/WP\/blogi\/haloo-onks-valoo\/#breadcrumb\",\"itemListElement\":[{\"@type\":\"ListItem\",\"position\":1,\"name\":\"Etusivu\",\"item\":\"https:\/\/www.remonen.fi\/WP\/\"},{\"@type\":\"ListItem\",\"position\":2,\"name\":\"Haloo, onks valoo?\"}]},{\"@type\":\"WebSite\",\"@id\":\"https:\/\/www.remonen.fi\/WP\/#website\",\"url\":\"https:\/\/www.remonen.fi\/WP\/\",\"name\":\"remonen.fi\",\"description\":\"Valokuvia ja tarinaa laidasta laitaan\",\"publisher\":{\"@id\":\"https:\/\/www.remonen.fi\/WP\/#\/schema\/person\/1803c23d1d4f6722054eb2ac7f7a97cd\"},\"potentialAction\":[{\"@type\":\"SearchAction\",\"target\":{\"@type\":\"EntryPoint\",\"urlTemplate\":\"https:\/\/www.remonen.fi\/WP\/?s={search_term_string}\"},\"query-input\":{\"@type\":\"PropertyValueSpecification\",\"valueRequired\":true,\"valueName\":\"search_term_string\"}}],\"inLanguage\":\"fi\"},{\"@type\":[\"Person\",\"Organization\"],\"@id\":\"https:\/\/www.remonen.fi\/WP\/#\/schema\/person\/1803c23d1d4f6722054eb2ac7f7a97cd\",\"name\":\"Matti Remonen\",\"logo\":{\"@id\":\"https:\/\/www.remonen.fi\/WP\/#\/schema\/person\/image\/\"},\"url\":\"https:\/\/www.remonen.fi\/WP\/blogi\/author\/mre\/\"}]}<\/script>\n<!-- \/ Yoast SEO plugin. -->","yoast_head_json":{"title":"Haloo, onks valoo? - gREat MOments NEver forgotteN","robots":{"index":"index","follow":"follow","max-snippet":"max-snippet:-1","max-image-preview":"max-image-preview:large","max-video-preview":"max-video-preview:-1"},"canonical":"https:\/\/www.remonen.fi\/WP\/blogi\/haloo-onks-valoo\/","og_locale":"fi_FI","og_type":"article","og_title":"Haloo, onks valoo? - gREat MOments NEver forgotteN","og_description":"On. Linnanm\u00e4en valokarnevaaleilla on valoa ja toimintaa. Jokasyksyinen tapahtuma k\u00e4ynnistyi taas eilen ja jatkuu koko viikon. Valokarnevaalithan on ajoitettu (Helsingin) koululaisten syyslomaviikolle sattuneesta syyst\u00e4. Ja mik\u00e4s siin\u00e4, Suomen kes\u00e4 on sen verran lyhyt, ett\u00e4 kyll\u00e4 kautta kannattaa jatkaa ja my\u00f6s pimeydest\u00e4 ottaa ilo irti. Vaikka syr\u00e4n m\u00e4rk\u00e4nis. Itsell\u00e4 bileet ei alkaneet niin kovin herttaisesti kun [&hellip;]","og_url":"https:\/\/www.remonen.fi\/WP\/blogi\/haloo-onks-valoo\/","og_site_name":"remonen.fi","article_published_time":"2013-10-13T12:11:04+00:00","article_modified_time":"2013-10-13T12:13:13+00:00","og_image":[{"width":800,"height":534,"url":"https:\/\/www.remonen.fi\/WP\/wp-content\/uploads\/2013\/10\/LinnanmakiValokarnevaali-13-8.jpg","type":"image\/jpeg"}],"author":"Matti Remonen","twitter_misc":{"Kirjoittanut":"Matti Remonen","Arvioitu lukuaika":"3 minuuttia"},"schema":{"@context":"https:\/\/schema.org","@graph":[{"@type":"Article","@id":"https:\/\/www.remonen.fi\/WP\/blogi\/haloo-onks-valoo\/#article","isPartOf":{"@id":"https:\/\/www.remonen.fi\/WP\/blogi\/haloo-onks-valoo\/"},"author":{"name":"Matti Remonen","@id":"https:\/\/www.remonen.fi\/WP\/#\/schema\/person\/1803c23d1d4f6722054eb2ac7f7a97cd"},"headline":"Haloo, onks valoo?","datePublished":"2013-10-13T12:11:04+00:00","dateModified":"2013-10-13T12:13:13+00:00","mainEntityOfPage":{"@id":"https:\/\/www.remonen.fi\/WP\/blogi\/haloo-onks-valoo\/"},"wordCount":510,"commentCount":0,"publisher":{"@id":"https:\/\/www.remonen.fi\/WP\/#\/schema\/person\/1803c23d1d4f6722054eb2ac7f7a97cd"},"image":{"@id":"https:\/\/www.remonen.fi\/WP\/blogi\/haloo-onks-valoo\/#primaryimage"},"thumbnailUrl":"https:\/\/www.remonen.fi\/WP\/wp-content\/uploads\/2013\/10\/LinnanmakiValokarnevaali-13-8.jpg","keywords":["Linnanm\u00e4ki","Valokarnevaalit"],"articleSection":["Blog"],"inLanguage":"fi","potentialAction":[{"@type":"CommentAction","name":"Comment","target":["https:\/\/www.remonen.fi\/WP\/blogi\/haloo-onks-valoo\/#respond"]}]},{"@type":"WebPage","@id":"https:\/\/www.remonen.fi\/WP\/blogi\/haloo-onks-valoo\/","url":"https:\/\/www.remonen.fi\/WP\/blogi\/haloo-onks-valoo\/","name":"Haloo, onks valoo? - gREat MOments NEver forgotteN","isPartOf":{"@id":"https:\/\/www.remonen.fi\/WP\/#website"},"primaryImageOfPage":{"@id":"https:\/\/www.remonen.fi\/WP\/blogi\/haloo-onks-valoo\/#primaryimage"},"image":{"@id":"https:\/\/www.remonen.fi\/WP\/blogi\/haloo-onks-valoo\/#primaryimage"},"thumbnailUrl":"https:\/\/www.remonen.fi\/WP\/wp-content\/uploads\/2013\/10\/LinnanmakiValokarnevaali-13-8.jpg","datePublished":"2013-10-13T12:11:04+00:00","dateModified":"2013-10-13T12:13:13+00:00","breadcrumb":{"@id":"https:\/\/www.remonen.fi\/WP\/blogi\/haloo-onks-valoo\/#breadcrumb"},"inLanguage":"fi","potentialAction":[{"@type":"ReadAction","target":["https:\/\/www.remonen.fi\/WP\/blogi\/haloo-onks-valoo\/"]}]},{"@type":"ImageObject","inLanguage":"fi","@id":"https:\/\/www.remonen.fi\/WP\/blogi\/haloo-onks-valoo\/#primaryimage","url":"https:\/\/www.remonen.fi\/WP\/wp-content\/uploads\/2013\/10\/LinnanmakiValokarnevaali-13-8.jpg","contentUrl":"https:\/\/www.remonen.fi\/WP\/wp-content\/uploads\/2013\/10\/LinnanmakiValokarnevaali-13-8.jpg","width":800,"height":534},{"@type":"BreadcrumbList","@id":"https:\/\/www.remonen.fi\/WP\/blogi\/haloo-onks-valoo\/#breadcrumb","itemListElement":[{"@type":"ListItem","position":1,"name":"Etusivu","item":"https:\/\/www.remonen.fi\/WP\/"},{"@type":"ListItem","position":2,"name":"Haloo, onks valoo?"}]},{"@type":"WebSite","@id":"https:\/\/www.remonen.fi\/WP\/#website","url":"https:\/\/www.remonen.fi\/WP\/","name":"remonen.fi","description":"Valokuvia ja tarinaa laidasta laitaan","publisher":{"@id":"https:\/\/www.remonen.fi\/WP\/#\/schema\/person\/1803c23d1d4f6722054eb2ac7f7a97cd"},"potentialAction":[{"@type":"SearchAction","target":{"@type":"EntryPoint","urlTemplate":"https:\/\/www.remonen.fi\/WP\/?s={search_term_string}"},"query-input":{"@type":"PropertyValueSpecification","valueRequired":true,"valueName":"search_term_string"}}],"inLanguage":"fi"},{"@type":["Person","Organization"],"@id":"https:\/\/www.remonen.fi\/WP\/#\/schema\/person\/1803c23d1d4f6722054eb2ac7f7a97cd","name":"Matti Remonen","logo":{"@id":"https:\/\/www.remonen.fi\/WP\/#\/schema\/person\/image\/"},"url":"https:\/\/www.remonen.fi\/WP\/blogi\/author\/mre\/"}]}},"_links":{"self":[{"href":"https:\/\/www.remonen.fi\/WP\/wp-json\/wp\/v2\/posts\/3044"}],"collection":[{"href":"https:\/\/www.remonen.fi\/WP\/wp-json\/wp\/v2\/posts"}],"about":[{"href":"https:\/\/www.remonen.fi\/WP\/wp-json\/wp\/v2\/types\/post"}],"author":[{"embeddable":true,"href":"https:\/\/www.remonen.fi\/WP\/wp-json\/wp\/v2\/users\/2"}],"replies":[{"embeddable":true,"href":"https:\/\/www.remonen.fi\/WP\/wp-json\/wp\/v2\/comments?post=3044"}],"version-history":[{"count":0,"href":"https:\/\/www.remonen.fi\/WP\/wp-json\/wp\/v2\/posts\/3044\/revisions"}],"wp:featuredmedia":[{"embeddable":true,"href":"https:\/\/www.remonen.fi\/WP\/wp-json\/wp\/v2\/media\/3049"}],"wp:attachment":[{"href":"https:\/\/www.remonen.fi\/WP\/wp-json\/wp\/v2\/media?parent=3044"}],"wp:term":[{"taxonomy":"category","embeddable":true,"href":"https:\/\/www.remonen.fi\/WP\/wp-json\/wp\/v2\/categories?post=3044"},{"taxonomy":"post_tag","embeddable":true,"href":"https:\/\/www.remonen.fi\/WP\/wp-json\/wp\/v2\/tags?post=3044"}],"curies":[{"name":"wp","href":"https:\/\/api.w.org\/{rel}","templated":true}]}}