{"id":3072,"date":"2013-10-14T20:03:58","date_gmt":"2013-10-14T17:03:58","guid":{"rendered":"http:\/\/www.remonen.fi\/?p=3072"},"modified":"2013-10-14T20:03:58","modified_gmt":"2013-10-14T17:03:58","slug":"bynite","status":"publish","type":"post","link":"https:\/\/www.remonen.fi\/WP\/blogi\/bynite\/","title":{"rendered":"ByNite"},"content":{"rendered":"<p><a href=\"http:\/\/www.remonen.fi\/WP\/wp-content\/uploads\/2013\/10\/ByNight_Oct13-2.jpg\"><img loading=\"lazy\" decoding=\"async\" class=\"size-medium wp-image-3075 alignright\" alt=\"ByNight_Oct13-2\" src=\"http:\/\/www.remonen.fi\/WP\/wp-content\/uploads\/2013\/10\/ByNight_Oct13-2-200x300.jpg\" width=\"200\" height=\"300\" srcset=\"https:\/\/www.remonen.fi\/WP\/wp-content\/uploads\/2013\/10\/ByNight_Oct13-2-200x300.jpg 200w, https:\/\/www.remonen.fi\/WP\/wp-content\/uploads\/2013\/10\/ByNight_Oct13-2.jpg 534w\" sizes=\"(max-width: 200px) 100vw, 200px\" \/><\/a>Sunnuntaina oli alkuillasta tyls\u00e4\u00e4 eik\u00e4 Tanssii T\u00e4htien kanssakaan oikein iskenyt. Joten tylsyyden minimoimiseksi p\u00e4\u00e4tin l\u00e4hte\u00e4 katsastamaan Juttutuvan, jota vaimo oli kehunut n\u00e4ytt\u00e4v\u00e4ksi n\u00e4yksi pimenev\u00e4ss\u00e4 illassa. Auto alle ja nokka kohti keskustaa. Siin\u00e4 sompaillessani k\u00e4vin my\u00f6s Hakaniemen hallin kohdalla r\u00e4ps\u00e4isem\u00e4ss\u00e4 yhden kuvan ennen kuin ajoin auton parkkiin Kaupunginteatterin eteen.<\/p>\n<p>My\u00f6nt\u00e4\u00e4 t\u00e4ytyy, ett\u00e4 Graniittilinna, jossa siis Juttutupa on, on komea ilmestys valojen heijastuessa tyynest\u00e4 lahdesta. Otin parit pitk\u00e4n valotuksen kuvat ja laksin kohden kotia. Poikkesin kuitenkin viel\u00e4 Kallion kirkon kautta. Sen tornin sein\u00e4\u00e4nh\u00e4n ammutaan Unioninkadun toisesta p\u00e4\u00e4st\u00e4, yliopiston observatoriosta laserilla. Laser-kuvaa en nyt t\u00e4ll\u00e4 kertaa jaksanut ottaa, sen sijaan ikuistin tuon ylv\u00e4\u00e4n tornin. Jonain p\u00e4iv\u00e4n\u00e4 kyll\u00e4 vierailen kirkossa ihan sis\u00e4ll\u00e4kin. Jonain p\u00e4iv\u00e4n\u00e4&#8230;<\/p>\n<p>&nbsp;<\/p>\n<table border=\"0\" align=\"center\">\n<tbody>\n<tr>\n<td colspan=\"2\"><a href=\"http:\/\/www.remonen.fi\/WP\/wp-content\/uploads\/2013\/10\/ByNight_Oct13-3.jpg\"><img loading=\"lazy\" decoding=\"async\" class=\"size-medium wp-image-3074 aligncenter\" alt=\"ByNight_Oct13-3\" src=\"http:\/\/www.remonen.fi\/WP\/wp-content\/uploads\/2013\/10\/ByNight_Oct13-3-300x200.jpg\" width=\"300\" height=\"200\" srcset=\"https:\/\/www.remonen.fi\/WP\/wp-content\/uploads\/2013\/10\/ByNight_Oct13-3-300x200.jpg 300w, https:\/\/www.remonen.fi\/WP\/wp-content\/uploads\/2013\/10\/ByNight_Oct13-3.jpg 800w\" sizes=\"(max-width: 300px) 100vw, 300px\" \/><\/a><\/td>\n<\/tr>\n<tr>\n<td><a href=\"http:\/\/www.remonen.fi\/WP\/wp-content\/uploads\/2013\/10\/ByNight_Oct13.jpg\"><img loading=\"lazy\" decoding=\"async\" class=\"alignnone size-medium wp-image-3076\" alt=\"ByNight_Oct13\" src=\"http:\/\/www.remonen.fi\/WP\/wp-content\/uploads\/2013\/10\/ByNight_Oct13-200x300.jpg\" width=\"200\" height=\"300\" srcset=\"https:\/\/www.remonen.fi\/WP\/wp-content\/uploads\/2013\/10\/ByNight_Oct13-200x300.jpg 200w, https:\/\/www.remonen.fi\/WP\/wp-content\/uploads\/2013\/10\/ByNight_Oct13.jpg 534w\" sizes=\"(max-width: 200px) 100vw, 200px\" \/><\/a><\/td>\n<td><a href=\"http:\/\/www.remonen.fi\/WP\/wp-content\/uploads\/2013\/10\/ByNight_Oct13-4.jpg\"><img loading=\"lazy\" decoding=\"async\" class=\"alignnone size-medium wp-image-3073\" alt=\"ByNight_Oct13-4\" src=\"http:\/\/www.remonen.fi\/WP\/wp-content\/uploads\/2013\/10\/ByNight_Oct13-4-200x300.jpg\" width=\"200\" height=\"300\" srcset=\"https:\/\/www.remonen.fi\/WP\/wp-content\/uploads\/2013\/10\/ByNight_Oct13-4-200x300.jpg 200w, https:\/\/www.remonen.fi\/WP\/wp-content\/uploads\/2013\/10\/ByNight_Oct13-4.jpg 534w\" sizes=\"(max-width: 200px) 100vw, 200px\" \/><\/a><\/td>\n<\/tr>\n<\/tbody>\n<\/table>\n<p>Reisussa r\u00e4hj\u00e4\u00e4ntyiv\u00e4t Nikon D800E + Nikkor AF-S 24-70\/2.8G sek\u00e4 Gitzon jalusta A-S kuulap\u00e4\u00e4ll\u00e4 varustettuna<\/p>\n","protected":false},"excerpt":{"rendered":"<p>Sunnuntaina oli alkuillasta tyls\u00e4\u00e4 eik\u00e4 Tanssii T\u00e4htien kanssakaan oikein iskenyt. Joten tylsyyden minimoimiseksi p\u00e4\u00e4tin l\u00e4hte\u00e4 katsastamaan Juttutuvan, jota vaimo oli kehunut n\u00e4ytt\u00e4v\u00e4ksi n\u00e4yksi pimenev\u00e4ss\u00e4 illassa. Auto alle ja nokka kohti keskustaa. Siin\u00e4 sompaillessani k\u00e4vin my\u00f6s Hakaniemen hallin kohdalla r\u00e4ps\u00e4isem\u00e4ss\u00e4 yhden kuvan ennen kuin ajoin auton parkkiin Kaupunginteatterin eteen. My\u00f6nt\u00e4\u00e4 t\u00e4ytyy, ett\u00e4 Graniittilinna, jossa siis Juttutupa [&hellip;]<\/p>\n","protected":false},"author":2,"featured_media":3074,"comment_status":"open","ping_status":"closed","sticky":false,"template":"","format":"standard","meta":{"footnotes":""},"categories":[16],"tags":[97,98],"yoast_head":"<!-- This site is optimized with the Yoast SEO plugin v24.5 - https:\/\/yoast.com\/wordpress\/plugins\/seo\/ -->\n<title>ByNite - gREat MOments NEver forgotteN<\/title>\n<meta name=\"robots\" content=\"index, follow, max-snippet:-1, max-image-preview:large, max-video-preview:-1\" \/>\n<link rel=\"canonical\" href=\"https:\/\/www.remonen.fi\/WP\/blogi\/bynite\/\" \/>\n<meta property=\"og:locale\" content=\"fi_FI\" \/>\n<meta property=\"og:type\" content=\"article\" \/>\n<meta property=\"og:title\" content=\"ByNite - gREat MOments NEver forgotteN\" \/>\n<meta property=\"og:description\" content=\"Sunnuntaina oli alkuillasta tyls\u00e4\u00e4 eik\u00e4 Tanssii T\u00e4htien kanssakaan oikein iskenyt. Joten tylsyyden minimoimiseksi p\u00e4\u00e4tin l\u00e4hte\u00e4 katsastamaan Juttutuvan, jota vaimo oli kehunut n\u00e4ytt\u00e4v\u00e4ksi n\u00e4yksi pimenev\u00e4ss\u00e4 illassa. Auto alle ja nokka kohti keskustaa. Siin\u00e4 sompaillessani k\u00e4vin my\u00f6s Hakaniemen hallin kohdalla r\u00e4ps\u00e4isem\u00e4ss\u00e4 yhden kuvan ennen kuin ajoin auton parkkiin Kaupunginteatterin eteen. My\u00f6nt\u00e4\u00e4 t\u00e4ytyy, ett\u00e4 Graniittilinna, jossa siis Juttutupa [&hellip;]\" \/>\n<meta property=\"og:url\" content=\"https:\/\/www.remonen.fi\/WP\/blogi\/bynite\/\" \/>\n<meta property=\"og:site_name\" content=\"remonen.fi\" \/>\n<meta property=\"article:published_time\" content=\"2013-10-14T17:03:58+00:00\" \/>\n<meta property=\"og:image\" content=\"https:\/\/www.remonen.fi\/WP\/wp-content\/uploads\/2013\/10\/ByNight_Oct13-3.jpg\" \/>\n\t<meta property=\"og:image:width\" content=\"800\" \/>\n\t<meta property=\"og:image:height\" content=\"534\" \/>\n\t<meta property=\"og:image:type\" content=\"image\/jpeg\" \/>\n<meta name=\"author\" content=\"Matti Remonen\" \/>\n<meta name=\"twitter:label1\" content=\"Kirjoittanut\" \/>\n\t<meta name=\"twitter:data1\" content=\"Matti Remonen\" \/>\n\t<meta name=\"twitter:label2\" content=\"Arvioitu lukuaika\" \/>\n\t<meta name=\"twitter:data2\" content=\"1 minuutti\" \/>\n<script type=\"application\/ld+json\" class=\"yoast-schema-graph\">{\"@context\":\"https:\/\/schema.org\",\"@graph\":[{\"@type\":\"Article\",\"@id\":\"https:\/\/www.remonen.fi\/WP\/blogi\/bynite\/#article\",\"isPartOf\":{\"@id\":\"https:\/\/www.remonen.fi\/WP\/blogi\/bynite\/\"},\"author\":{\"name\":\"Matti Remonen\",\"@id\":\"https:\/\/www.remonen.fi\/WP\/#\/schema\/person\/1803c23d1d4f6722054eb2ac7f7a97cd\"},\"headline\":\"ByNite\",\"datePublished\":\"2013-10-14T17:03:58+00:00\",\"mainEntityOfPage\":{\"@id\":\"https:\/\/www.remonen.fi\/WP\/blogi\/bynite\/\"},\"wordCount\":158,\"commentCount\":0,\"publisher\":{\"@id\":\"https:\/\/www.remonen.fi\/WP\/#\/schema\/person\/1803c23d1d4f6722054eb2ac7f7a97cd\"},\"image\":{\"@id\":\"https:\/\/www.remonen.fi\/WP\/blogi\/bynite\/#primaryimage\"},\"thumbnailUrl\":\"https:\/\/www.remonen.fi\/WP\/wp-content\/uploads\/2013\/10\/ByNight_Oct13-3.jpg\",\"keywords\":[\"Juttutupa\",\"Kallion kirkko\"],\"articleSection\":[\"Blog\"],\"inLanguage\":\"fi\",\"potentialAction\":[{\"@type\":\"CommentAction\",\"name\":\"Comment\",\"target\":[\"https:\/\/www.remonen.fi\/WP\/blogi\/bynite\/#respond\"]}]},{\"@type\":\"WebPage\",\"@id\":\"https:\/\/www.remonen.fi\/WP\/blogi\/bynite\/\",\"url\":\"https:\/\/www.remonen.fi\/WP\/blogi\/bynite\/\",\"name\":\"ByNite - gREat MOments NEver forgotteN\",\"isPartOf\":{\"@id\":\"https:\/\/www.remonen.fi\/WP\/#website\"},\"primaryImageOfPage\":{\"@id\":\"https:\/\/www.remonen.fi\/WP\/blogi\/bynite\/#primaryimage\"},\"image\":{\"@id\":\"https:\/\/www.remonen.fi\/WP\/blogi\/bynite\/#primaryimage\"},\"thumbnailUrl\":\"https:\/\/www.remonen.fi\/WP\/wp-content\/uploads\/2013\/10\/ByNight_Oct13-3.jpg\",\"datePublished\":\"2013-10-14T17:03:58+00:00\",\"breadcrumb\":{\"@id\":\"https:\/\/www.remonen.fi\/WP\/blogi\/bynite\/#breadcrumb\"},\"inLanguage\":\"fi\",\"potentialAction\":[{\"@type\":\"ReadAction\",\"target\":[\"https:\/\/www.remonen.fi\/WP\/blogi\/bynite\/\"]}]},{\"@type\":\"ImageObject\",\"inLanguage\":\"fi\",\"@id\":\"https:\/\/www.remonen.fi\/WP\/blogi\/bynite\/#primaryimage\",\"url\":\"https:\/\/www.remonen.fi\/WP\/wp-content\/uploads\/2013\/10\/ByNight_Oct13-3.jpg\",\"contentUrl\":\"https:\/\/www.remonen.fi\/WP\/wp-content\/uploads\/2013\/10\/ByNight_Oct13-3.jpg\",\"width\":800,\"height\":534},{\"@type\":\"BreadcrumbList\",\"@id\":\"https:\/\/www.remonen.fi\/WP\/blogi\/bynite\/#breadcrumb\",\"itemListElement\":[{\"@type\":\"ListItem\",\"position\":1,\"name\":\"Etusivu\",\"item\":\"https:\/\/www.remonen.fi\/WP\/\"},{\"@type\":\"ListItem\",\"position\":2,\"name\":\"ByNite\"}]},{\"@type\":\"WebSite\",\"@id\":\"https:\/\/www.remonen.fi\/WP\/#website\",\"url\":\"https:\/\/www.remonen.fi\/WP\/\",\"name\":\"remonen.fi\",\"description\":\"Valokuvia ja tarinaa laidasta laitaan\",\"publisher\":{\"@id\":\"https:\/\/www.remonen.fi\/WP\/#\/schema\/person\/1803c23d1d4f6722054eb2ac7f7a97cd\"},\"potentialAction\":[{\"@type\":\"SearchAction\",\"target\":{\"@type\":\"EntryPoint\",\"urlTemplate\":\"https:\/\/www.remonen.fi\/WP\/?s={search_term_string}\"},\"query-input\":{\"@type\":\"PropertyValueSpecification\",\"valueRequired\":true,\"valueName\":\"search_term_string\"}}],\"inLanguage\":\"fi\"},{\"@type\":[\"Person\",\"Organization\"],\"@id\":\"https:\/\/www.remonen.fi\/WP\/#\/schema\/person\/1803c23d1d4f6722054eb2ac7f7a97cd\",\"name\":\"Matti Remonen\",\"logo\":{\"@id\":\"https:\/\/www.remonen.fi\/WP\/#\/schema\/person\/image\/\"},\"url\":\"https:\/\/www.remonen.fi\/WP\/blogi\/author\/mre\/\"}]}<\/script>\n<!-- \/ Yoast SEO plugin. -->","yoast_head_json":{"title":"ByNite - gREat MOments NEver forgotteN","robots":{"index":"index","follow":"follow","max-snippet":"max-snippet:-1","max-image-preview":"max-image-preview:large","max-video-preview":"max-video-preview:-1"},"canonical":"https:\/\/www.remonen.fi\/WP\/blogi\/bynite\/","og_locale":"fi_FI","og_type":"article","og_title":"ByNite - gREat MOments NEver forgotteN","og_description":"Sunnuntaina oli alkuillasta tyls\u00e4\u00e4 eik\u00e4 Tanssii T\u00e4htien kanssakaan oikein iskenyt. Joten tylsyyden minimoimiseksi p\u00e4\u00e4tin l\u00e4hte\u00e4 katsastamaan Juttutuvan, jota vaimo oli kehunut n\u00e4ytt\u00e4v\u00e4ksi n\u00e4yksi pimenev\u00e4ss\u00e4 illassa. Auto alle ja nokka kohti keskustaa. Siin\u00e4 sompaillessani k\u00e4vin my\u00f6s Hakaniemen hallin kohdalla r\u00e4ps\u00e4isem\u00e4ss\u00e4 yhden kuvan ennen kuin ajoin auton parkkiin Kaupunginteatterin eteen. My\u00f6nt\u00e4\u00e4 t\u00e4ytyy, ett\u00e4 Graniittilinna, jossa siis Juttutupa [&hellip;]","og_url":"https:\/\/www.remonen.fi\/WP\/blogi\/bynite\/","og_site_name":"remonen.fi","article_published_time":"2013-10-14T17:03:58+00:00","og_image":[{"width":800,"height":534,"url":"https:\/\/www.remonen.fi\/WP\/wp-content\/uploads\/2013\/10\/ByNight_Oct13-3.jpg","type":"image\/jpeg"}],"author":"Matti Remonen","twitter_misc":{"Kirjoittanut":"Matti Remonen","Arvioitu lukuaika":"1 minuutti"},"schema":{"@context":"https:\/\/schema.org","@graph":[{"@type":"Article","@id":"https:\/\/www.remonen.fi\/WP\/blogi\/bynite\/#article","isPartOf":{"@id":"https:\/\/www.remonen.fi\/WP\/blogi\/bynite\/"},"author":{"name":"Matti Remonen","@id":"https:\/\/www.remonen.fi\/WP\/#\/schema\/person\/1803c23d1d4f6722054eb2ac7f7a97cd"},"headline":"ByNite","datePublished":"2013-10-14T17:03:58+00:00","mainEntityOfPage":{"@id":"https:\/\/www.remonen.fi\/WP\/blogi\/bynite\/"},"wordCount":158,"commentCount":0,"publisher":{"@id":"https:\/\/www.remonen.fi\/WP\/#\/schema\/person\/1803c23d1d4f6722054eb2ac7f7a97cd"},"image":{"@id":"https:\/\/www.remonen.fi\/WP\/blogi\/bynite\/#primaryimage"},"thumbnailUrl":"https:\/\/www.remonen.fi\/WP\/wp-content\/uploads\/2013\/10\/ByNight_Oct13-3.jpg","keywords":["Juttutupa","Kallion kirkko"],"articleSection":["Blog"],"inLanguage":"fi","potentialAction":[{"@type":"CommentAction","name":"Comment","target":["https:\/\/www.remonen.fi\/WP\/blogi\/bynite\/#respond"]}]},{"@type":"WebPage","@id":"https:\/\/www.remonen.fi\/WP\/blogi\/bynite\/","url":"https:\/\/www.remonen.fi\/WP\/blogi\/bynite\/","name":"ByNite - gREat MOments NEver forgotteN","isPartOf":{"@id":"https:\/\/www.remonen.fi\/WP\/#website"},"primaryImageOfPage":{"@id":"https:\/\/www.remonen.fi\/WP\/blogi\/bynite\/#primaryimage"},"image":{"@id":"https:\/\/www.remonen.fi\/WP\/blogi\/bynite\/#primaryimage"},"thumbnailUrl":"https:\/\/www.remonen.fi\/WP\/wp-content\/uploads\/2013\/10\/ByNight_Oct13-3.jpg","datePublished":"2013-10-14T17:03:58+00:00","breadcrumb":{"@id":"https:\/\/www.remonen.fi\/WP\/blogi\/bynite\/#breadcrumb"},"inLanguage":"fi","potentialAction":[{"@type":"ReadAction","target":["https:\/\/www.remonen.fi\/WP\/blogi\/bynite\/"]}]},{"@type":"ImageObject","inLanguage":"fi","@id":"https:\/\/www.remonen.fi\/WP\/blogi\/bynite\/#primaryimage","url":"https:\/\/www.remonen.fi\/WP\/wp-content\/uploads\/2013\/10\/ByNight_Oct13-3.jpg","contentUrl":"https:\/\/www.remonen.fi\/WP\/wp-content\/uploads\/2013\/10\/ByNight_Oct13-3.jpg","width":800,"height":534},{"@type":"BreadcrumbList","@id":"https:\/\/www.remonen.fi\/WP\/blogi\/bynite\/#breadcrumb","itemListElement":[{"@type":"ListItem","position":1,"name":"Etusivu","item":"https:\/\/www.remonen.fi\/WP\/"},{"@type":"ListItem","position":2,"name":"ByNite"}]},{"@type":"WebSite","@id":"https:\/\/www.remonen.fi\/WP\/#website","url":"https:\/\/www.remonen.fi\/WP\/","name":"remonen.fi","description":"Valokuvia ja tarinaa laidasta laitaan","publisher":{"@id":"https:\/\/www.remonen.fi\/WP\/#\/schema\/person\/1803c23d1d4f6722054eb2ac7f7a97cd"},"potentialAction":[{"@type":"SearchAction","target":{"@type":"EntryPoint","urlTemplate":"https:\/\/www.remonen.fi\/WP\/?s={search_term_string}"},"query-input":{"@type":"PropertyValueSpecification","valueRequired":true,"valueName":"search_term_string"}}],"inLanguage":"fi"},{"@type":["Person","Organization"],"@id":"https:\/\/www.remonen.fi\/WP\/#\/schema\/person\/1803c23d1d4f6722054eb2ac7f7a97cd","name":"Matti Remonen","logo":{"@id":"https:\/\/www.remonen.fi\/WP\/#\/schema\/person\/image\/"},"url":"https:\/\/www.remonen.fi\/WP\/blogi\/author\/mre\/"}]}},"_links":{"self":[{"href":"https:\/\/www.remonen.fi\/WP\/wp-json\/wp\/v2\/posts\/3072"}],"collection":[{"href":"https:\/\/www.remonen.fi\/WP\/wp-json\/wp\/v2\/posts"}],"about":[{"href":"https:\/\/www.remonen.fi\/WP\/wp-json\/wp\/v2\/types\/post"}],"author":[{"embeddable":true,"href":"https:\/\/www.remonen.fi\/WP\/wp-json\/wp\/v2\/users\/2"}],"replies":[{"embeddable":true,"href":"https:\/\/www.remonen.fi\/WP\/wp-json\/wp\/v2\/comments?post=3072"}],"version-history":[{"count":0,"href":"https:\/\/www.remonen.fi\/WP\/wp-json\/wp\/v2\/posts\/3072\/revisions"}],"wp:featuredmedia":[{"embeddable":true,"href":"https:\/\/www.remonen.fi\/WP\/wp-json\/wp\/v2\/media\/3074"}],"wp:attachment":[{"href":"https:\/\/www.remonen.fi\/WP\/wp-json\/wp\/v2\/media?parent=3072"}],"wp:term":[{"taxonomy":"category","embeddable":true,"href":"https:\/\/www.remonen.fi\/WP\/wp-json\/wp\/v2\/categories?post=3072"},{"taxonomy":"post_tag","embeddable":true,"href":"https:\/\/www.remonen.fi\/WP\/wp-json\/wp\/v2\/tags?post=3072"}],"curies":[{"name":"wp","href":"https:\/\/api.w.org\/{rel}","templated":true}]}}