{"id":3083,"date":"2013-10-22T18:43:31","date_gmt":"2013-10-22T15:43:31","guid":{"rendered":"http:\/\/www.remonen.fi\/?p=3083"},"modified":"2013-10-22T18:44:04","modified_gmt":"2013-10-22T15:44:04","slug":"onx-valoo-otto-2","status":"publish","type":"post","link":"https:\/\/www.remonen.fi\/WP\/blogi\/onx-valoo-otto-2\/","title":{"rendered":"Onx Valoo, Otto 2"},"content":{"rendered":"<p><a href=\"http:\/\/www.remonen.fi\/WP\/wp-content\/uploads\/2013\/10\/LinnanmakiValokarnevaali-13_2-4.jpg\"><img loading=\"lazy\" decoding=\"async\" class=\"alignright size-medium wp-image-3091\" alt=\"LinnanmakiValokarnevaali-13_2-4\" src=\"http:\/\/www.remonen.fi\/WP\/wp-content\/uploads\/2013\/10\/LinnanmakiValokarnevaali-13_2-4-200x300.jpg\" width=\"200\" height=\"300\" srcset=\"https:\/\/www.remonen.fi\/WP\/wp-content\/uploads\/2013\/10\/LinnanmakiValokarnevaali-13_2-4-200x300.jpg 200w, https:\/\/www.remonen.fi\/WP\/wp-content\/uploads\/2013\/10\/LinnanmakiValokarnevaali-13_2-4.jpg 534w\" sizes=\"(max-width: 200px) 100vw, 200px\" \/><\/a>Joopa joo, ei t\u00e4st\u00e4 samojen paikkojen kiert\u00e4misest\u00e4 n\u00e4k\u00f6j\u00e4\u00e4n p\u00e4\u00e4se mill\u00e4\u00e4n irti. Ensin olin v\u00e4h\u00e4n sit\u00e4 mielt\u00e4, etten jaksa l\u00e4hte\u00e4 Lintsille kuvailemaan uudestaan, mutta sitten sunnuntaina kuitenkin mieli muuttui. Vaihtoehtona tosin olisi ollut aina niin kiinnostavan Tanssii T\u00e4htien Kanssa TV:st\u00e4. Vakavan itsetutkiskelun j\u00e4lkeen p\u00e4\u00e4tin sitten l\u00e4hte\u00e4 katsastamaan Linnanm\u00e4en valot viel\u00e4 kerran. Ja olisihan siell\u00e4 illalla itse Paula Koivuniemi lavalla. Tied\u00e4, vaikka p\u00e4\u00e4isin vet\u00e4m\u00e4\u00e4n Tummat\u00a0 Silm\u00e4t, Ruskea Tukka duettona. Eli siis kamat reppuun, reppu autoon ja auton nokka kohden Alppilaa. Reppu olikin edellisen reissun j\u00e4ljilt\u00e4 oleellisesti kevyempi kun 14-24\/2.8 tsuumi on <a title=\"Jassi\" href=\"http:\/\/www.jastekniikka.fi\/\" target=\"_blank\">JASsilla<\/a> ihmetelt\u00e4v\u00e4n\u00e4. En siis vienytk\u00e4\u00e4n sit\u00e4 Interfotoon, kuten aiemmin uhkasin, vaan heid\u00e4n(!) suosituksestaan JASsille. Katsotaan mit\u00e4 sielt\u00e4 sitten aikanaan tulee takaisin. Vakuutusyhti\u00f6 lupasi maksaa korjauksen. Kiitokset siit\u00e4 Fennialle&#8230;<\/p>\n<table border=\"0\" align=\"center\">\n<tbody>\n<tr>\n<td>\n<p><div id=\"attachment_3092\" style=\"width: 210px\" class=\"wp-caption alignnone\"><a href=\"http:\/\/www.remonen.fi\/WP\/wp-content\/uploads\/2013\/10\/LinnanmakiValokarnevaali-13_2-3.jpg\"><img loading=\"lazy\" decoding=\"async\" aria-describedby=\"caption-attachment-3092\" class=\"size-medium wp-image-3092\" alt=\"LinnanmakiValokarnevaali-13_2-3\" src=\"http:\/\/www.remonen.fi\/WP\/wp-content\/uploads\/2013\/10\/LinnanmakiValokarnevaali-13_2-3-200x300.jpg\" width=\"200\" height=\"300\" srcset=\"https:\/\/www.remonen.fi\/WP\/wp-content\/uploads\/2013\/10\/LinnanmakiValokarnevaali-13_2-3-200x300.jpg 200w, https:\/\/www.remonen.fi\/WP\/wp-content\/uploads\/2013\/10\/LinnanmakiValokarnevaali-13_2-3.jpg 534w\" sizes=\"(max-width: 200px) 100vw, 200px\" \/><\/a><p id=\"caption-attachment-3092\" class=\"wp-caption-text\">Cinderella&#8230;<\/p><\/div><\/td>\n<td>\n<p><div id=\"attachment_3094\" style=\"width: 210px\" class=\"wp-caption alignnone\"><a href=\"http:\/\/www.remonen.fi\/WP\/wp-content\/uploads\/2013\/10\/LinnanmakiValokarnevaali-13_2.jpg\"><img loading=\"lazy\" decoding=\"async\" aria-describedby=\"caption-attachment-3094\" class=\"size-medium wp-image-3094\" alt=\"LinnanmakiValokarnevaali-13_2\" src=\"http:\/\/www.remonen.fi\/WP\/wp-content\/uploads\/2013\/10\/LinnanmakiValokarnevaali-13_2-200x300.jpg\" width=\"200\" height=\"300\" srcset=\"https:\/\/www.remonen.fi\/WP\/wp-content\/uploads\/2013\/10\/LinnanmakiValokarnevaali-13_2-200x300.jpg 200w, https:\/\/www.remonen.fi\/WP\/wp-content\/uploads\/2013\/10\/LinnanmakiValokarnevaali-13_2.jpg 534w\" sizes=\"(max-width: 200px) 100vw, 200px\" \/><\/a><p id=\"caption-attachment-3094\" class=\"wp-caption-text\">&#8230; and Snow White.<\/p><\/div><\/td>\n<td>\n<p><div id=\"attachment_3089\" style=\"width: 210px\" class=\"wp-caption alignnone\"><a href=\"http:\/\/www.remonen.fi\/WP\/wp-content\/uploads\/2013\/10\/LinnanmakiValokarnevaali-13_2-6.jpg\"><img loading=\"lazy\" decoding=\"async\" aria-describedby=\"caption-attachment-3089\" class=\"size-medium wp-image-3089\" alt=\"LinnanmakiValokarnevaali-13_2-6\" src=\"http:\/\/www.remonen.fi\/WP\/wp-content\/uploads\/2013\/10\/LinnanmakiValokarnevaali-13_2-6-200x300.jpg\" width=\"200\" height=\"300\" srcset=\"https:\/\/www.remonen.fi\/WP\/wp-content\/uploads\/2013\/10\/LinnanmakiValokarnevaali-13_2-6-200x300.jpg 200w, https:\/\/www.remonen.fi\/WP\/wp-content\/uploads\/2013\/10\/LinnanmakiValokarnevaali-13_2-6.jpg 534w\" sizes=\"(max-width: 200px) 100vw, 200px\" \/><\/a><p id=\"caption-attachment-3089\" class=\"wp-caption-text\">Kohti \u00e4\u00e4ret\u00f6nt\u00e4 &#8211; ja sen yli. Buzz Lightyear<\/p><\/div><\/td>\n<\/tr>\n<\/tbody>\n<\/table>\n<div id=\"attachment_3093\" style=\"width: 210px\" class=\"wp-caption alignleft\"><a href=\"http:\/\/www.remonen.fi\/WP\/wp-content\/uploads\/2013\/10\/LinnanmakiValokarnevaali-13_2-2.jpg\"><img loading=\"lazy\" decoding=\"async\" aria-describedby=\"caption-attachment-3093\" class=\"size-medium wp-image-3093\" alt=\"LinnanmakiValokarnevaali-13_2-2\" src=\"http:\/\/www.remonen.fi\/WP\/wp-content\/uploads\/2013\/10\/LinnanmakiValokarnevaali-13_2-2-200x300.jpg\" width=\"200\" height=\"300\" srcset=\"https:\/\/www.remonen.fi\/WP\/wp-content\/uploads\/2013\/10\/LinnanmakiValokarnevaali-13_2-2-200x300.jpg 200w, https:\/\/www.remonen.fi\/WP\/wp-content\/uploads\/2013\/10\/LinnanmakiValokarnevaali-13_2-2.jpg 534w\" sizes=\"(max-width: 200px) 100vw, 200px\" \/><\/a><p id=\"caption-attachment-3093\" class=\"wp-caption-text\">T\u00e4ss\u00e4 junassa ei ole vessaa. Toivottavasti.<\/p><\/div>\n<p>Enivei, meit\u00e4 k\u00f6mil\u00e4isi\u00e4 oli saapunut taas paikalle kymmenkunta ja K\u00f6min KuvaKerhon Kirous toimi taas kuin junan vessa: <a title=\"Kiisin bloki\" href=\"http:\/\/allthatphotos.blogspot.fi\" target=\"_blank\">Kiisin <\/a>\u00e4LL\u00e4-lasi lakkasi tarkentamasta kuin ihmeen kaupalla juuri kun piti ottaa kuvia lintsill\u00e4. Kerhon kokoontumiset alkavat olemaan vaarallisempia valokuvauskalustolle kuin Afrikan safarit.<\/p>\n<p>Hajaannuimme j\u00e4lleen oikeastaan jo ennen kuin ehdimme kokoontuakaan. Ilmeisesti joku hajaantumisen maailmanenn\u00e4tys kyseess\u00e4. No, ei sill\u00e4 v\u00e4li\u00e4, kyll\u00e4h\u00e4n tuolla itsekseenkin osaa kuvata. H\u00e4m\u00e4r\u00e4 tuli nopeasti, selv\u00e4sti nopeammin kuin viikkoa aikemmin, joten pime\u00e4kuvausta p\u00e4\u00e4si harjoittelemaan melkein heti alusta. Itse kiertelin hieman siell\u00e4 ja t\u00e4\u00e4ll\u00e4 ja enemmin hain laskevan auringon tunnelmia ja v\u00e4rej\u00e4 kuin sit\u00e4 absoluuttista pimeytt\u00e4. Sitten kun alkoi olla riitt\u00e4v\u00e4n h\u00e4m\u00e4r\u00e4\u00e4 ajattelin kokeilla saako pitk\u00e4n valotuksen ja salaman takaverhon synkkauksella aikaiseksi muuta kuin suttua. Kohteeksi otin perinteisen karusellin ja kai siit\u00e4 jotain tuli. En ti\u00e4.<\/p>\n<p style=\"text-align: center;\"><a href=\"http:\/\/www.remonen.fi\/WP\/wp-content\/uploads\/2013\/10\/LinnanmakiValokarnevaali-13_2-7.jpg\"><img loading=\"lazy\" decoding=\"async\" class=\"size-medium wp-image-3088 aligncenter\" alt=\"LinnanmakiValokarnevaali-13_2-7\" src=\"http:\/\/www.remonen.fi\/WP\/wp-content\/uploads\/2013\/10\/LinnanmakiValokarnevaali-13_2-7-300x200.jpg\" width=\"300\" height=\"200\" srcset=\"https:\/\/www.remonen.fi\/WP\/wp-content\/uploads\/2013\/10\/LinnanmakiValokarnevaali-13_2-7-300x200.jpg 300w, https:\/\/www.remonen.fi\/WP\/wp-content\/uploads\/2013\/10\/LinnanmakiValokarnevaali-13_2-7.jpg 800w\" sizes=\"(max-width: 300px) 100vw, 300px\" \/><\/a><\/p>\n<p>Seiskan maissa meill\u00e4 oli sitten kokoontuminen (paitsi Lealla, joka oli koko illan jotenkin puoli tuntia pieless\u00e4). Siirryimme ottamaan l\u00e4mmikett\u00e4 soittoruokalan puolelle. Siell\u00e4 meit\u00e4 h\u00e4iritsi joku taikurinplanttu, joka yritti kovasti viihdytt\u00e4\u00e4 meit\u00e4 korttitempuilla. Ei siit\u00e4 kuitenkaan oikein mit\u00e4\u00e4n tullut, aina se l\u00f6ysi jostain ristivitosen.<\/p>\n<p>Kaakaon ja korvapuustin j\u00e4lkeen l\u00e4ksimme takaisin ulos odottamaan Paulaa laulamaan Tomppaa, tjsp. Ja illan huipennuksena olisi ilotulitus. No, itse en jaksanut moisia en\u00e4\u00e4 odotella, vaan k\u00e4vin r\u00e4ps\u00e4isem\u00e4ss\u00e4 pakollisen kuvan kiepist\u00e4 ja parit muut.<\/p>\n<table border=\"0\" align=\"center\">\n<tbody>\n<tr>\n<td colspan=\"3\"><a href=\"http:\/\/www.remonen.fi\/WP\/wp-content\/uploads\/2013\/10\/LinnanmakiValokarnevaali-13_2-9.jpg\"><img loading=\"lazy\" decoding=\"async\" class=\"aligncenter size-medium wp-image-3086\" alt=\"LinnanmakiValokarnevaali-13_2-9\" src=\"http:\/\/www.remonen.fi\/WP\/wp-content\/uploads\/2013\/10\/LinnanmakiValokarnevaali-13_2-9-300x200.jpg\" width=\"300\" height=\"200\" srcset=\"https:\/\/www.remonen.fi\/WP\/wp-content\/uploads\/2013\/10\/LinnanmakiValokarnevaali-13_2-9-300x200.jpg 300w, https:\/\/www.remonen.fi\/WP\/wp-content\/uploads\/2013\/10\/LinnanmakiValokarnevaali-13_2-9.jpg 800w\" sizes=\"(max-width: 300px) 100vw, 300px\" \/><\/a><\/td>\n<\/tr>\n<tr>\n<td><a href=\"http:\/\/www.remonen.fi\/WP\/wp-content\/uploads\/2013\/10\/LinnanmakiValokarnevaali-13_2-8.jpg\"><img loading=\"lazy\" decoding=\"async\" class=\"alignnone size-medium wp-image-3087\" alt=\"LinnanmakiValokarnevaali-13_2-8\" src=\"http:\/\/www.remonen.fi\/WP\/wp-content\/uploads\/2013\/10\/LinnanmakiValokarnevaali-13_2-8-200x300.jpg\" width=\"200\" height=\"300\" srcset=\"https:\/\/www.remonen.fi\/WP\/wp-content\/uploads\/2013\/10\/LinnanmakiValokarnevaali-13_2-8-200x300.jpg 200w, https:\/\/www.remonen.fi\/WP\/wp-content\/uploads\/2013\/10\/LinnanmakiValokarnevaali-13_2-8.jpg 534w\" sizes=\"(max-width: 200px) 100vw, 200px\" \/><\/a><\/td>\n<td><a href=\"http:\/\/www.remonen.fi\/WP\/wp-content\/uploads\/2013\/10\/LinnanmakiValokarnevaali-13_2-10.jpg\"><img loading=\"lazy\" decoding=\"async\" class=\"alignnone size-medium wp-image-3085\" alt=\"LinnanmakiValokarnevaali-13_2-10\" src=\"http:\/\/www.remonen.fi\/WP\/wp-content\/uploads\/2013\/10\/LinnanmakiValokarnevaali-13_2-10-200x300.jpg\" width=\"200\" height=\"300\" srcset=\"https:\/\/www.remonen.fi\/WP\/wp-content\/uploads\/2013\/10\/LinnanmakiValokarnevaali-13_2-10-200x300.jpg 200w, https:\/\/www.remonen.fi\/WP\/wp-content\/uploads\/2013\/10\/LinnanmakiValokarnevaali-13_2-10.jpg 534w\" sizes=\"(max-width: 200px) 100vw, 200px\" \/><\/a><\/td>\n<td><a href=\"http:\/\/www.remonen.fi\/WP\/wp-content\/uploads\/2013\/10\/LinnanmakiValokarnevaali-13_2-11.jpg\"><img loading=\"lazy\" decoding=\"async\" class=\"alignnone size-medium wp-image-3084\" alt=\"LinnanmakiValokarnevaali-13_2-11\" src=\"http:\/\/www.remonen.fi\/WP\/wp-content\/uploads\/2013\/10\/LinnanmakiValokarnevaali-13_2-11-200x300.jpg\" width=\"200\" height=\"300\" srcset=\"https:\/\/www.remonen.fi\/WP\/wp-content\/uploads\/2013\/10\/LinnanmakiValokarnevaali-13_2-11-200x300.jpg 200w, https:\/\/www.remonen.fi\/WP\/wp-content\/uploads\/2013\/10\/LinnanmakiValokarnevaali-13_2-11.jpg 534w\" sizes=\"(max-width: 200px) 100vw, 200px\" \/><\/a><\/td>\n<\/tr>\n<\/tbody>\n<\/table>\n<p>Sitten olikin aika l\u00e4hte\u00e4 kotiin&#8230;<\/p>\n<p>Ulkoilmaa t\u00e4ll\u00e4 kertaa sai D800E + Nikkor AF-S 24-70\/2.8G + Gitzon norsupyssyjalusta.<\/p>\n","protected":false},"excerpt":{"rendered":"<p>Joopa joo, ei t\u00e4st\u00e4 samojen paikkojen kiert\u00e4misest\u00e4 n\u00e4k\u00f6j\u00e4\u00e4n p\u00e4\u00e4se mill\u00e4\u00e4n irti. Ensin olin v\u00e4h\u00e4n sit\u00e4 mielt\u00e4, etten jaksa l\u00e4hte\u00e4 Lintsille kuvailemaan uudestaan, mutta sitten sunnuntaina kuitenkin mieli muuttui. Vaihtoehtona tosin olisi ollut aina niin kiinnostavan Tanssii T\u00e4htien Kanssa TV:st\u00e4. Vakavan itsetutkiskelun j\u00e4lkeen p\u00e4\u00e4tin sitten l\u00e4hte\u00e4 katsastamaan Linnanm\u00e4en valot viel\u00e4 kerran. Ja olisihan siell\u00e4 illalla itse [&hellip;]<\/p>\n","protected":false},"author":2,"featured_media":3086,"comment_status":"open","ping_status":"closed","sticky":false,"template":"","format":"standard","meta":{"footnotes":""},"categories":[16],"tags":[95,96],"yoast_head":"<!-- This site is optimized with the Yoast SEO plugin v24.5 - https:\/\/yoast.com\/wordpress\/plugins\/seo\/ -->\n<title>Onx Valoo, Otto 2 - gREat MOments NEver forgotteN<\/title>\n<meta name=\"robots\" content=\"index, follow, max-snippet:-1, max-image-preview:large, max-video-preview:-1\" \/>\n<link rel=\"canonical\" href=\"https:\/\/www.remonen.fi\/WP\/blogi\/onx-valoo-otto-2\/\" \/>\n<meta property=\"og:locale\" content=\"fi_FI\" \/>\n<meta property=\"og:type\" content=\"article\" \/>\n<meta property=\"og:title\" content=\"Onx Valoo, Otto 2 - gREat MOments NEver forgotteN\" \/>\n<meta property=\"og:description\" content=\"Joopa joo, ei t\u00e4st\u00e4 samojen paikkojen kiert\u00e4misest\u00e4 n\u00e4k\u00f6j\u00e4\u00e4n p\u00e4\u00e4se mill\u00e4\u00e4n irti. Ensin olin v\u00e4h\u00e4n sit\u00e4 mielt\u00e4, etten jaksa l\u00e4hte\u00e4 Lintsille kuvailemaan uudestaan, mutta sitten sunnuntaina kuitenkin mieli muuttui. Vaihtoehtona tosin olisi ollut aina niin kiinnostavan Tanssii T\u00e4htien Kanssa TV:st\u00e4. Vakavan itsetutkiskelun j\u00e4lkeen p\u00e4\u00e4tin sitten l\u00e4hte\u00e4 katsastamaan Linnanm\u00e4en valot viel\u00e4 kerran. Ja olisihan siell\u00e4 illalla itse [&hellip;]\" \/>\n<meta property=\"og:url\" content=\"https:\/\/www.remonen.fi\/WP\/blogi\/onx-valoo-otto-2\/\" \/>\n<meta property=\"og:site_name\" content=\"remonen.fi\" \/>\n<meta property=\"article:published_time\" content=\"2013-10-22T15:43:31+00:00\" \/>\n<meta property=\"article:modified_time\" content=\"2013-10-22T15:44:04+00:00\" \/>\n<meta property=\"og:image\" content=\"https:\/\/www.remonen.fi\/WP\/wp-content\/uploads\/2013\/10\/LinnanmakiValokarnevaali-13_2-9.jpg\" \/>\n\t<meta property=\"og:image:width\" content=\"800\" \/>\n\t<meta property=\"og:image:height\" content=\"534\" \/>\n\t<meta property=\"og:image:type\" content=\"image\/jpeg\" \/>\n<meta name=\"author\" content=\"Matti Remonen\" \/>\n<meta name=\"twitter:label1\" content=\"Kirjoittanut\" \/>\n\t<meta name=\"twitter:data1\" content=\"Matti Remonen\" \/>\n\t<meta name=\"twitter:label2\" content=\"Arvioitu lukuaika\" \/>\n\t<meta name=\"twitter:data2\" content=\"2 minuuttia\" \/>\n<script type=\"application\/ld+json\" class=\"yoast-schema-graph\">{\"@context\":\"https:\/\/schema.org\",\"@graph\":[{\"@type\":\"Article\",\"@id\":\"https:\/\/www.remonen.fi\/WP\/blogi\/onx-valoo-otto-2\/#article\",\"isPartOf\":{\"@id\":\"https:\/\/www.remonen.fi\/WP\/blogi\/onx-valoo-otto-2\/\"},\"author\":{\"name\":\"Matti Remonen\",\"@id\":\"https:\/\/www.remonen.fi\/WP\/#\/schema\/person\/1803c23d1d4f6722054eb2ac7f7a97cd\"},\"headline\":\"Onx Valoo, Otto 2\",\"datePublished\":\"2013-10-22T15:43:31+00:00\",\"dateModified\":\"2013-10-22T15:44:04+00:00\",\"mainEntityOfPage\":{\"@id\":\"https:\/\/www.remonen.fi\/WP\/blogi\/onx-valoo-otto-2\/\"},\"wordCount\":443,\"commentCount\":0,\"publisher\":{\"@id\":\"https:\/\/www.remonen.fi\/WP\/#\/schema\/person\/1803c23d1d4f6722054eb2ac7f7a97cd\"},\"image\":{\"@id\":\"https:\/\/www.remonen.fi\/WP\/blogi\/onx-valoo-otto-2\/#primaryimage\"},\"thumbnailUrl\":\"https:\/\/www.remonen.fi\/WP\/wp-content\/uploads\/2013\/10\/LinnanmakiValokarnevaali-13_2-9.jpg\",\"keywords\":[\"Linnanm\u00e4ki\",\"Valokarnevaalit\"],\"articleSection\":[\"Blog\"],\"inLanguage\":\"fi\",\"potentialAction\":[{\"@type\":\"CommentAction\",\"name\":\"Comment\",\"target\":[\"https:\/\/www.remonen.fi\/WP\/blogi\/onx-valoo-otto-2\/#respond\"]}]},{\"@type\":\"WebPage\",\"@id\":\"https:\/\/www.remonen.fi\/WP\/blogi\/onx-valoo-otto-2\/\",\"url\":\"https:\/\/www.remonen.fi\/WP\/blogi\/onx-valoo-otto-2\/\",\"name\":\"Onx Valoo, Otto 2 - gREat MOments NEver forgotteN\",\"isPartOf\":{\"@id\":\"https:\/\/www.remonen.fi\/WP\/#website\"},\"primaryImageOfPage\":{\"@id\":\"https:\/\/www.remonen.fi\/WP\/blogi\/onx-valoo-otto-2\/#primaryimage\"},\"image\":{\"@id\":\"https:\/\/www.remonen.fi\/WP\/blogi\/onx-valoo-otto-2\/#primaryimage\"},\"thumbnailUrl\":\"https:\/\/www.remonen.fi\/WP\/wp-content\/uploads\/2013\/10\/LinnanmakiValokarnevaali-13_2-9.jpg\",\"datePublished\":\"2013-10-22T15:43:31+00:00\",\"dateModified\":\"2013-10-22T15:44:04+00:00\",\"breadcrumb\":{\"@id\":\"https:\/\/www.remonen.fi\/WP\/blogi\/onx-valoo-otto-2\/#breadcrumb\"},\"inLanguage\":\"fi\",\"potentialAction\":[{\"@type\":\"ReadAction\",\"target\":[\"https:\/\/www.remonen.fi\/WP\/blogi\/onx-valoo-otto-2\/\"]}]},{\"@type\":\"ImageObject\",\"inLanguage\":\"fi\",\"@id\":\"https:\/\/www.remonen.fi\/WP\/blogi\/onx-valoo-otto-2\/#primaryimage\",\"url\":\"https:\/\/www.remonen.fi\/WP\/wp-content\/uploads\/2013\/10\/LinnanmakiValokarnevaali-13_2-9.jpg\",\"contentUrl\":\"https:\/\/www.remonen.fi\/WP\/wp-content\/uploads\/2013\/10\/LinnanmakiValokarnevaali-13_2-9.jpg\",\"width\":800,\"height\":534},{\"@type\":\"BreadcrumbList\",\"@id\":\"https:\/\/www.remonen.fi\/WP\/blogi\/onx-valoo-otto-2\/#breadcrumb\",\"itemListElement\":[{\"@type\":\"ListItem\",\"position\":1,\"name\":\"Etusivu\",\"item\":\"https:\/\/www.remonen.fi\/WP\/\"},{\"@type\":\"ListItem\",\"position\":2,\"name\":\"Onx Valoo, Otto 2\"}]},{\"@type\":\"WebSite\",\"@id\":\"https:\/\/www.remonen.fi\/WP\/#website\",\"url\":\"https:\/\/www.remonen.fi\/WP\/\",\"name\":\"remonen.fi\",\"description\":\"Valokuvia ja tarinaa laidasta laitaan\",\"publisher\":{\"@id\":\"https:\/\/www.remonen.fi\/WP\/#\/schema\/person\/1803c23d1d4f6722054eb2ac7f7a97cd\"},\"potentialAction\":[{\"@type\":\"SearchAction\",\"target\":{\"@type\":\"EntryPoint\",\"urlTemplate\":\"https:\/\/www.remonen.fi\/WP\/?s={search_term_string}\"},\"query-input\":{\"@type\":\"PropertyValueSpecification\",\"valueRequired\":true,\"valueName\":\"search_term_string\"}}],\"inLanguage\":\"fi\"},{\"@type\":[\"Person\",\"Organization\"],\"@id\":\"https:\/\/www.remonen.fi\/WP\/#\/schema\/person\/1803c23d1d4f6722054eb2ac7f7a97cd\",\"name\":\"Matti Remonen\",\"logo\":{\"@id\":\"https:\/\/www.remonen.fi\/WP\/#\/schema\/person\/image\/\"},\"url\":\"https:\/\/www.remonen.fi\/WP\/blogi\/author\/mre\/\"}]}<\/script>\n<!-- \/ Yoast SEO plugin. -->","yoast_head_json":{"title":"Onx Valoo, Otto 2 - gREat MOments NEver forgotteN","robots":{"index":"index","follow":"follow","max-snippet":"max-snippet:-1","max-image-preview":"max-image-preview:large","max-video-preview":"max-video-preview:-1"},"canonical":"https:\/\/www.remonen.fi\/WP\/blogi\/onx-valoo-otto-2\/","og_locale":"fi_FI","og_type":"article","og_title":"Onx Valoo, Otto 2 - gREat MOments NEver forgotteN","og_description":"Joopa joo, ei t\u00e4st\u00e4 samojen paikkojen kiert\u00e4misest\u00e4 n\u00e4k\u00f6j\u00e4\u00e4n p\u00e4\u00e4se mill\u00e4\u00e4n irti. Ensin olin v\u00e4h\u00e4n sit\u00e4 mielt\u00e4, etten jaksa l\u00e4hte\u00e4 Lintsille kuvailemaan uudestaan, mutta sitten sunnuntaina kuitenkin mieli muuttui. Vaihtoehtona tosin olisi ollut aina niin kiinnostavan Tanssii T\u00e4htien Kanssa TV:st\u00e4. Vakavan itsetutkiskelun j\u00e4lkeen p\u00e4\u00e4tin sitten l\u00e4hte\u00e4 katsastamaan Linnanm\u00e4en valot viel\u00e4 kerran. Ja olisihan siell\u00e4 illalla itse [&hellip;]","og_url":"https:\/\/www.remonen.fi\/WP\/blogi\/onx-valoo-otto-2\/","og_site_name":"remonen.fi","article_published_time":"2013-10-22T15:43:31+00:00","article_modified_time":"2013-10-22T15:44:04+00:00","og_image":[{"width":800,"height":534,"url":"https:\/\/www.remonen.fi\/WP\/wp-content\/uploads\/2013\/10\/LinnanmakiValokarnevaali-13_2-9.jpg","type":"image\/jpeg"}],"author":"Matti Remonen","twitter_misc":{"Kirjoittanut":"Matti Remonen","Arvioitu lukuaika":"2 minuuttia"},"schema":{"@context":"https:\/\/schema.org","@graph":[{"@type":"Article","@id":"https:\/\/www.remonen.fi\/WP\/blogi\/onx-valoo-otto-2\/#article","isPartOf":{"@id":"https:\/\/www.remonen.fi\/WP\/blogi\/onx-valoo-otto-2\/"},"author":{"name":"Matti Remonen","@id":"https:\/\/www.remonen.fi\/WP\/#\/schema\/person\/1803c23d1d4f6722054eb2ac7f7a97cd"},"headline":"Onx Valoo, Otto 2","datePublished":"2013-10-22T15:43:31+00:00","dateModified":"2013-10-22T15:44:04+00:00","mainEntityOfPage":{"@id":"https:\/\/www.remonen.fi\/WP\/blogi\/onx-valoo-otto-2\/"},"wordCount":443,"commentCount":0,"publisher":{"@id":"https:\/\/www.remonen.fi\/WP\/#\/schema\/person\/1803c23d1d4f6722054eb2ac7f7a97cd"},"image":{"@id":"https:\/\/www.remonen.fi\/WP\/blogi\/onx-valoo-otto-2\/#primaryimage"},"thumbnailUrl":"https:\/\/www.remonen.fi\/WP\/wp-content\/uploads\/2013\/10\/LinnanmakiValokarnevaali-13_2-9.jpg","keywords":["Linnanm\u00e4ki","Valokarnevaalit"],"articleSection":["Blog"],"inLanguage":"fi","potentialAction":[{"@type":"CommentAction","name":"Comment","target":["https:\/\/www.remonen.fi\/WP\/blogi\/onx-valoo-otto-2\/#respond"]}]},{"@type":"WebPage","@id":"https:\/\/www.remonen.fi\/WP\/blogi\/onx-valoo-otto-2\/","url":"https:\/\/www.remonen.fi\/WP\/blogi\/onx-valoo-otto-2\/","name":"Onx Valoo, Otto 2 - gREat MOments NEver forgotteN","isPartOf":{"@id":"https:\/\/www.remonen.fi\/WP\/#website"},"primaryImageOfPage":{"@id":"https:\/\/www.remonen.fi\/WP\/blogi\/onx-valoo-otto-2\/#primaryimage"},"image":{"@id":"https:\/\/www.remonen.fi\/WP\/blogi\/onx-valoo-otto-2\/#primaryimage"},"thumbnailUrl":"https:\/\/www.remonen.fi\/WP\/wp-content\/uploads\/2013\/10\/LinnanmakiValokarnevaali-13_2-9.jpg","datePublished":"2013-10-22T15:43:31+00:00","dateModified":"2013-10-22T15:44:04+00:00","breadcrumb":{"@id":"https:\/\/www.remonen.fi\/WP\/blogi\/onx-valoo-otto-2\/#breadcrumb"},"inLanguage":"fi","potentialAction":[{"@type":"ReadAction","target":["https:\/\/www.remonen.fi\/WP\/blogi\/onx-valoo-otto-2\/"]}]},{"@type":"ImageObject","inLanguage":"fi","@id":"https:\/\/www.remonen.fi\/WP\/blogi\/onx-valoo-otto-2\/#primaryimage","url":"https:\/\/www.remonen.fi\/WP\/wp-content\/uploads\/2013\/10\/LinnanmakiValokarnevaali-13_2-9.jpg","contentUrl":"https:\/\/www.remonen.fi\/WP\/wp-content\/uploads\/2013\/10\/LinnanmakiValokarnevaali-13_2-9.jpg","width":800,"height":534},{"@type":"BreadcrumbList","@id":"https:\/\/www.remonen.fi\/WP\/blogi\/onx-valoo-otto-2\/#breadcrumb","itemListElement":[{"@type":"ListItem","position":1,"name":"Etusivu","item":"https:\/\/www.remonen.fi\/WP\/"},{"@type":"ListItem","position":2,"name":"Onx Valoo, Otto 2"}]},{"@type":"WebSite","@id":"https:\/\/www.remonen.fi\/WP\/#website","url":"https:\/\/www.remonen.fi\/WP\/","name":"remonen.fi","description":"Valokuvia ja tarinaa laidasta laitaan","publisher":{"@id":"https:\/\/www.remonen.fi\/WP\/#\/schema\/person\/1803c23d1d4f6722054eb2ac7f7a97cd"},"potentialAction":[{"@type":"SearchAction","target":{"@type":"EntryPoint","urlTemplate":"https:\/\/www.remonen.fi\/WP\/?s={search_term_string}"},"query-input":{"@type":"PropertyValueSpecification","valueRequired":true,"valueName":"search_term_string"}}],"inLanguage":"fi"},{"@type":["Person","Organization"],"@id":"https:\/\/www.remonen.fi\/WP\/#\/schema\/person\/1803c23d1d4f6722054eb2ac7f7a97cd","name":"Matti Remonen","logo":{"@id":"https:\/\/www.remonen.fi\/WP\/#\/schema\/person\/image\/"},"url":"https:\/\/www.remonen.fi\/WP\/blogi\/author\/mre\/"}]}},"_links":{"self":[{"href":"https:\/\/www.remonen.fi\/WP\/wp-json\/wp\/v2\/posts\/3083"}],"collection":[{"href":"https:\/\/www.remonen.fi\/WP\/wp-json\/wp\/v2\/posts"}],"about":[{"href":"https:\/\/www.remonen.fi\/WP\/wp-json\/wp\/v2\/types\/post"}],"author":[{"embeddable":true,"href":"https:\/\/www.remonen.fi\/WP\/wp-json\/wp\/v2\/users\/2"}],"replies":[{"embeddable":true,"href":"https:\/\/www.remonen.fi\/WP\/wp-json\/wp\/v2\/comments?post=3083"}],"version-history":[{"count":0,"href":"https:\/\/www.remonen.fi\/WP\/wp-json\/wp\/v2\/posts\/3083\/revisions"}],"wp:featuredmedia":[{"embeddable":true,"href":"https:\/\/www.remonen.fi\/WP\/wp-json\/wp\/v2\/media\/3086"}],"wp:attachment":[{"href":"https:\/\/www.remonen.fi\/WP\/wp-json\/wp\/v2\/media?parent=3083"}],"wp:term":[{"taxonomy":"category","embeddable":true,"href":"https:\/\/www.remonen.fi\/WP\/wp-json\/wp\/v2\/categories?post=3083"},{"taxonomy":"post_tag","embeddable":true,"href":"https:\/\/www.remonen.fi\/WP\/wp-json\/wp\/v2\/tags?post=3083"}],"curies":[{"name":"wp","href":"https:\/\/api.w.org\/{rel}","templated":true}]}}