{"id":3130,"date":"2013-11-02T18:17:03","date_gmt":"2013-11-02T16:17:03","guid":{"rendered":"http:\/\/www.remonen.fi\/?p=3130"},"modified":"2013-11-03T19:38:13","modified_gmt":"2013-11-03T17:38:13","slug":"digiskisababoardjne-jaikojokupoisexpo","status":"publish","type":"post","link":"https:\/\/www.remonen.fi\/WP\/blogi\/digiskisababoardjne-jaikojokupoisexpo\/","title":{"rendered":"DigiSkiS\u00e4b\u00e4BoardJne&#8230; j\u00e4ik\u00f6jokupoisExpo"},"content":{"rendered":"<p><a href=\"http:\/\/www.remonen.fi\/WP\/wp-content\/uploads\/2013\/11\/Digiexpo-13.jpg\"><img loading=\"lazy\" decoding=\"async\" class=\"alignleft size-medium wp-image-3148\" alt=\"Digiexpo-13\" src=\"http:\/\/www.remonen.fi\/WP\/wp-content\/uploads\/2013\/11\/Digiexpo-13-300x200.jpg\" width=\"300\" height=\"200\" srcset=\"https:\/\/www.remonen.fi\/WP\/wp-content\/uploads\/2013\/11\/Digiexpo-13-300x200.jpg 300w, https:\/\/www.remonen.fi\/WP\/wp-content\/uploads\/2013\/11\/Digiexpo-13.jpg 800w\" sizes=\"(max-width: 300px) 100vw, 300px\" \/><\/a>Taas oli aika vuotuisen megamessutapahtuman. Sitten iloisen kahdeksankymment\u00e4luvun silloisesta <a title=\"skiexpo\" href=\"http:\/\/www.skiexpo.fi\" target=\"_blank\">SkiExposta <\/a>on kasvanut melkoinen &#8221;kaikkea kaikille&#8221;-tapahtuma, joka pit\u00e4\u00e4 nyky\u00e4\u00e4n varsinaisen SkiExpon lis\u00e4ksi sis\u00e4ll\u00e4\u00e4n my\u00f6s peleihin ja digitaaliseen sis\u00e4lt\u00f6\u00f6n &amp; laitteisiin keskittyv\u00e4t DigiExpon; Hifiin painottuvan HifiExpon; snoukkaavalle l\u00f6k\u00e4p\u00f6ksynuorisolle suunnatun BoardExpon sek\u00e4 &#8221;eik\u00e4 t\u00e4ss\u00e4 viel\u00e4 kaikki&#8221;-tyylisen S\u00e4b\u00e4&amp;L\u00e4tk\u00e4Expon.<\/p>\n<p>&nbsp;<\/p>\n<div id=\"attachment_3139\" style=\"width: 210px\" class=\"wp-caption alignright\"><a href=\"http:\/\/www.remonen.fi\/WP\/wp-content\/uploads\/2013\/11\/Digiexpo-13-10.jpg\"><img loading=\"lazy\" decoding=\"async\" aria-describedby=\"caption-attachment-3139\" class=\"size-medium wp-image-3139\" alt=\"Digiexpo-13-10\" src=\"http:\/\/www.remonen.fi\/WP\/wp-content\/uploads\/2013\/11\/Digiexpo-13-10-200x300.jpg\" width=\"200\" height=\"300\" srcset=\"https:\/\/www.remonen.fi\/WP\/wp-content\/uploads\/2013\/11\/Digiexpo-13-10-200x300.jpg 200w, https:\/\/www.remonen.fi\/WP\/wp-content\/uploads\/2013\/11\/Digiexpo-13-10.jpg 534w\" sizes=\"(max-width: 200px) 100vw, 200px\" \/><\/a><p id=\"caption-attachment-3139\" class=\"wp-caption-text\">Hiihtoliiton hyv\u00e4ksym\u00e4t renkaat<\/p><\/div>\n<p>Woohuu, edellisest\u00e4 virkkeest\u00e4 tuli yht\u00e4 pitk\u00e4 kuin esikuvastaan expoh\u00e4ss\u00e4k\u00e4st\u00e4kin. Mutta palataanpas hektiseksi menneseen ja kahdeksankymment\u00e4luvun tunnelmiin. Miksi t\u00e4m\u00e4 tilaisuus on SkiExpon p\u00f6h\u00f6ttynyt ja keski-ik\u00e4istynyt versio, eik\u00e4 vaikka Hifi-messujen laajennus? No siksi, kun SkiExpo pidettiin jo silloin aina Pyh\u00e4in(miesten)p\u00e4iv\u00e4n\u00e4. Duh. Vanhaan hyv\u00e4\u00e4 aikaan, kun tukkamuotikin oli &#8211; hmmm&#8230; runsasta &#8211; niin SkiExpossakin oli ensisijalla lasketteluv\u00e4lineet ja alppimatkat. Nyt n\u00e4ytti olevan p\u00e4\u00e4asiassa silmien korjaaminen. Hiihtomessun puolella oli enemm\u00e4n silmien laserointia tarjoavia firmoja, kuin vaikka varusteiden maahantuojia. Tai sitten niit\u00e4 matkatoimistoja. Tosin matkatoimistoja ei taida matkamessuillakaan en\u00e4\u00e4 t\u00e4n\u00e4 p\u00e4iv\u00e4n\u00e4 juurikaan olla. Menneen dinosaurusten my\u00f6t\u00e4. Kymmenen miljoonan vuoden p\u00e4\u00e4st\u00e4 arkeologit h\u00e4mm\u00e4stelev\u00e4t Tj\u00e4reborgin hiihtomatkaesitteen fossiloitunutta versiota ja viev\u00e4t sen kunniasaattueessa museoon.<\/p>\n<p><a href=\"http:\/\/www.remonen.fi\/WP\/wp-content\/uploads\/2013\/11\/Digiexpo-13-14.jpg\"><img loading=\"lazy\" decoding=\"async\" class=\"aligncenter size-medium wp-image-3135\" alt=\"Digiexpo-13-14\" src=\"http:\/\/www.remonen.fi\/WP\/wp-content\/uploads\/2013\/11\/Digiexpo-13-14-300x200.jpg\" width=\"300\" height=\"200\" srcset=\"https:\/\/www.remonen.fi\/WP\/wp-content\/uploads\/2013\/11\/Digiexpo-13-14-300x200.jpg 300w, https:\/\/www.remonen.fi\/WP\/wp-content\/uploads\/2013\/11\/Digiexpo-13-14.jpg 800w\" sizes=\"(max-width: 300px) 100vw, 300px\" \/><\/a><\/p>\n<p><a href=\"http:\/\/www.remonen.fi\/WP\/wp-content\/uploads\/2013\/11\/Digiexpo-13-4.jpg\"><img loading=\"lazy\" decoding=\"async\" class=\"alignleft size-medium wp-image-3145\" alt=\"Digiexpo-13-4\" src=\"http:\/\/www.remonen.fi\/WP\/wp-content\/uploads\/2013\/11\/Digiexpo-13-4-200x300.jpg\" width=\"200\" height=\"300\" srcset=\"https:\/\/www.remonen.fi\/WP\/wp-content\/uploads\/2013\/11\/Digiexpo-13-4-200x300.jpg 200w, https:\/\/www.remonen.fi\/WP\/wp-content\/uploads\/2013\/11\/Digiexpo-13-4.jpg 534w\" sizes=\"(max-width: 200px) 100vw, 200px\" \/><\/a>DigiExpon puoli on jaettu &#8211; jos ei fyysisesti, niin henkisesti ja osanottajien i\u00e4n mukaan &#8211; pelimaailmaan ja kameroihin. Pelipuolella esill\u00e4 olivat molemmat uudet konsolit, <a title=\"PS4\" href=\"http:\/\/en.wikipedia.org\/wiki\/PlayStation_4\" target=\"_blank\">PS4 <\/a>ja <a title=\"Xbox One\" href=\"http:\/\/en.wikipedia.org\/wiki\/Xbox_One\" target=\"_blank\">Xbox One<\/a>. Killzonesta on tulossa uusi versio PS4:lle, Killzone Shadow Fall. No, jos tuo tulee vain neloselle, tokkopa tulen peli\u00e4 pelaamaan. Eik\u00f6h\u00e4n mun konsolihankinnat j\u00e4\u00e4 t\u00e4h\u00e4n nykyiseen sukupolveen. Toinen PS4:n &#8221;killer-app&#8221; lienee Gran Tourismo 6, jonka on syyt\u00e4 olla melko tajunnanr\u00e4j\u00e4ytt\u00e4j\u00e4, sen verran kova versio tuo edelliselle konsolille julkaistu GT5 on ollut.<\/p>\n<p>XBox Onen killer-app lienee Forza Motorsport 5, kun Halosta ei ole tarkempaa tietoa. Halo ei taida en\u00e4\u00e4 jaksaa kannatella uutta konsolisukupolvea, mutta johan Master Chief kahden edellisen edest\u00e4 hoitelikin hommia.<\/p>\n<p>Peleist\u00e4 suurimman tilan oli ottanut ehk\u00e4 Battlefield 4, jota p\u00e4\u00e4si pelaamaan parinkymmenen PC:n hallissa. Minun piti ostaa itselleni B\u00e4F\u00e44, mutta jotenkin se sitten j\u00e4i. No, saahan noita viel\u00e4 my\u00f6hemminkin, eik\u00e4 siit\u00e4 mit\u00e4\u00e4n messuhintaa ollutkaan.<\/p>\n<table border=\"0\" align=\"center\">\n<tbody>\n<tr>\n<td>\n<p><div id=\"attachment_3134\" style=\"width: 310px\" class=\"wp-caption alignnone\"><a href=\"http:\/\/www.remonen.fi\/WP\/wp-content\/uploads\/2013\/11\/Digiexpo-13-15.jpg\"><img loading=\"lazy\" decoding=\"async\" aria-describedby=\"caption-attachment-3134\" class=\"size-medium wp-image-3134\" alt=\"Digiexpo-13-15\" src=\"http:\/\/www.remonen.fi\/WP\/wp-content\/uploads\/2013\/11\/Digiexpo-13-15-300x200.jpg\" width=\"300\" height=\"200\" srcset=\"https:\/\/www.remonen.fi\/WP\/wp-content\/uploads\/2013\/11\/Digiexpo-13-15-300x200.jpg 300w, https:\/\/www.remonen.fi\/WP\/wp-content\/uploads\/2013\/11\/Digiexpo-13-15.jpg 800w\" sizes=\"(max-width: 300px) 100vw, 300px\" \/><\/a><p id=\"caption-attachment-3134\" class=\"wp-caption-text\">B\u00e4F\u00e4-hartaus<\/p><\/div><\/td>\n<td>\n<p><div id=\"attachment_3151\" style=\"width: 310px\" class=\"wp-caption alignnone\"><a href=\"http:\/\/www.remonen.fi\/WP\/wp-content\/uploads\/2013\/11\/Digiexpo-13-18.jpg\"><img loading=\"lazy\" decoding=\"async\" aria-describedby=\"caption-attachment-3151\" class=\"size-medium wp-image-3151\" alt=\"Digiexpo-13-18\" src=\"http:\/\/www.remonen.fi\/WP\/wp-content\/uploads\/2013\/11\/Digiexpo-13-18-300x200.jpg\" width=\"300\" height=\"200\" srcset=\"https:\/\/www.remonen.fi\/WP\/wp-content\/uploads\/2013\/11\/Digiexpo-13-18-300x200.jpg 300w, https:\/\/www.remonen.fi\/WP\/wp-content\/uploads\/2013\/11\/Digiexpo-13-18.jpg 800w\" sizes=\"(max-width: 300px) 100vw, 300px\" \/><\/a><p id=\"caption-attachment-3151\" class=\"wp-caption-text\">\u00c4n\u00e4ri-14 -uskovaiset<\/p><\/div><\/td>\n<\/tr>\n<\/tbody>\n<\/table>\n<p>&nbsp;<\/p>\n<div id=\"attachment_3156\" style=\"width: 172px\" class=\"wp-caption alignright\"><a href=\"http:\/\/www.remonen.fi\/WP\/wp-content\/uploads\/2013\/11\/Digiexpo-13-22.jpg\"><img loading=\"lazy\" decoding=\"async\" aria-describedby=\"caption-attachment-3156\" class=\"size-medium wp-image-3156 \" alt=\"Digiexpo-13-22\" src=\"http:\/\/www.remonen.fi\/WP\/wp-content\/uploads\/2013\/11\/Digiexpo-13-22-162x300.jpg\" width=\"162\" height=\"300\" srcset=\"https:\/\/www.remonen.fi\/WP\/wp-content\/uploads\/2013\/11\/Digiexpo-13-22-162x300.jpg 162w, https:\/\/www.remonen.fi\/WP\/wp-content\/uploads\/2013\/11\/Digiexpo-13-22.jpg 433w\" sizes=\"(max-width: 162px) 100vw, 162px\" \/><\/a><p id=\"caption-attachment-3156\" class=\"wp-caption-text\">Kamera poikineen<\/p><\/div>\n<p>Kamerapuolella minua kiinnosti luonnollisesti Nikonin osasto, jossa k\u00e4vin muutamaankin kertaan hypistelem\u00e4ss\u00e4 pokkareita. Vaimolle pit\u00e4isi hankkia uusi kamera vanhan <a title=\"Powershot 620\" href=\"http:\/\/www.dpreview.com\/reviews\/canona620\" target=\"_blank\">Canonin PowerShot 620<\/a>:n tilalle. Paitsi ett\u00e4 se on v\u00e4\u00e4r\u00e4\u00e4 merkki\u00e4, on se my\u00f6s jo aikas i\u00e4k\u00e4s ja digitaalikameroissa ik\u00e4 n\u00e4kyy kennon herkkyyden ja dynamiikan puutteena. Eik\u00e4 tuo 7mpix tarkkuuskaan en\u00e4\u00e4 tajuntaa r\u00e4j\u00e4yt\u00e4. Aikani erilaisia pokkareita kokeiltuani p\u00e4\u00e4dyin <a title=\"Coolpix P330\" href=\"http:\/\/www.dpreview.com\/previews\/nikon-coolpix-p330\/\" target=\"_blank\">Coolpix P330<\/a>:een. Olisin sellaisen ostanut heti suoraan, mutta Rajalalla ei ollut sit\u00e4 messuilla, eik\u00e4 Suomessa valkoisena ollenkaan. No, maailmahan on kamerakauppoja t\u00e4ynn\u00e4ns\u00e4, joten kai t\u00e4ss\u00e4 kamera saadaan hankittua.<\/p>\n<p>Tietysti siin\u00e4 Nikonin osastolla py\u00f6riess\u00e4 piti kokeilla uutta <a title=\"Mikkor 80-400\" href=\"http:\/\/nikon.fi\/fi_FI\/product\/nikkor-lenses\/auto-focus-lenses\/fx\/zoom\/af-s-nikkor-80-400mm-f-4-5-5-6-g-ed-vr\" target=\"_blank\">80-400<\/a> -tsuumia. Se tuntuikin varsin kuumottavalta pelilt\u00e4, mutta en sitten tied\u00e4. Pit\u00e4isi laittaa ensin tuo 200-400\/4VRII -lasi myyntiin, ennen kuin tuota kannattaa harkita. Ehdottomana plussana tuossa 80-400:ssa on sen keveys. Huonona puolena sitten se, ett\u00e4 objektiivin pituus muuttuu tsuumattaessa. Ei tietysti mik\u00e4\u00e4n maailmanlopun asia, mutta minua nuo eiv\u00e4t ole koskaan oikein vieh\u00e4tt\u00e4neet. Sen sijaan t\u00e4ysin uutta AF-S 58\/1.4G -objektiivia en viitsinyt edes katsoa. Ei kuulu kiinnostuksen piiriin.<\/p>\n<p><a href=\"http:\/\/www.remonen.fi\/WP\/wp-content\/uploads\/2013\/11\/Digiexpo-13-21.jpg\"><img loading=\"lazy\" decoding=\"async\" class=\"aligncenter size-medium wp-image-3163\" alt=\"Digiexpo-13-21\" src=\"http:\/\/www.remonen.fi\/WP\/wp-content\/uploads\/2013\/11\/Digiexpo-13-21-300x200.jpg\" width=\"300\" height=\"200\" srcset=\"https:\/\/www.remonen.fi\/WP\/wp-content\/uploads\/2013\/11\/Digiexpo-13-21-300x200.jpg 300w, https:\/\/www.remonen.fi\/WP\/wp-content\/uploads\/2013\/11\/Digiexpo-13-21.jpg 800w\" sizes=\"(max-width: 300px) 100vw, 300px\" \/><\/a><\/p>\n<p>Samalla reissulla k\u00e4vin Sonyn osastolla. En jaksanut sen kummemmin perehty\u00e4 uusiin Sony Alpha 7 ja 7R -runkoihin, koska niit\u00e4 tuskin tulen koskaan hankkimaan. Sen sijaan kokeilin Sonyn NEX-kameroihin tarkoitettua laajakulmatsuumia, SEL1018:aa. Se tuntui varsin mukavalta lasilta ja menee &#8221;ehk\u00e4 joskus&#8221;-kategoriaan. Ainoana huonona puolena on hinta ja musta v\u00e4ri. Ensimm\u00e4inen on hidaste, mutta toinen tarkoittaisi my\u00f6s rungon vaihtamista mustaan. Musta lasi hopeisessa rungossa ei kyll\u00e4 nappaa. Eli silt\u00e4 osin tuo j\u00e4i viel\u00e4 odottamaan suurempaa laitteiston yliheittoa.<\/p>\n<p><a href=\"http:\/\/www.remonen.fi\/WP\/wp-content\/uploads\/2013\/11\/Digiexpo-13-2.jpg\"><img loading=\"lazy\" decoding=\"async\" class=\"aligncenter size-medium wp-image-3147\" alt=\"Digiexpo-13-2\" src=\"http:\/\/www.remonen.fi\/WP\/wp-content\/uploads\/2013\/11\/Digiexpo-13-2-300x200.jpg\" width=\"300\" height=\"200\" srcset=\"https:\/\/www.remonen.fi\/WP\/wp-content\/uploads\/2013\/11\/Digiexpo-13-2-300x200.jpg 300w, https:\/\/www.remonen.fi\/WP\/wp-content\/uploads\/2013\/11\/Digiexpo-13-2.jpg 800w\" sizes=\"(max-width: 300px) 100vw, 300px\" \/><\/a><\/p>\n<p>Nokialla oli my\u00f6s st\u00e4ndi tuolla. &#8221;Tarina jatkuu&#8221;. Hmmmm&#8230;. ok. Seuraamme mielenkiinnolla. Voipi olla, ett\u00e4 on viimeinen Nokian esiintyminen t\u00e4llaisissa tapahtumissa. Mutta kivat jakkarat oli st\u00e4ndill\u00e4.<\/p>\n<table border=\"0\" align=\"center\">\n<tbody>\n<tr>\n<td><a href=\"http:\/\/www.remonen.fi\/WP\/wp-content\/uploads\/2013\/11\/Digiexpo-13-17.jpg\"><img loading=\"lazy\" decoding=\"async\" class=\"alignnone size-medium wp-image-3152\" alt=\"Digiexpo-13-17\" src=\"http:\/\/www.remonen.fi\/WP\/wp-content\/uploads\/2013\/11\/Digiexpo-13-17-300x200.jpg\" width=\"300\" height=\"200\" srcset=\"https:\/\/www.remonen.fi\/WP\/wp-content\/uploads\/2013\/11\/Digiexpo-13-17-300x200.jpg 300w, https:\/\/www.remonen.fi\/WP\/wp-content\/uploads\/2013\/11\/Digiexpo-13-17.jpg 800w\" sizes=\"(max-width: 300px) 100vw, 300px\" \/><\/a><\/td>\n<td><a href=\"http:\/\/www.remonen.fi\/WP\/wp-content\/uploads\/2013\/11\/Digiexpo-13-5.jpg\"><img loading=\"lazy\" decoding=\"async\" class=\"alignnone size-medium wp-image-3144\" alt=\"Digiexpo-13-5\" src=\"http:\/\/www.remonen.fi\/WP\/wp-content\/uploads\/2013\/11\/Digiexpo-13-5-300x200.jpg\" width=\"300\" height=\"200\" srcset=\"https:\/\/www.remonen.fi\/WP\/wp-content\/uploads\/2013\/11\/Digiexpo-13-5-300x200.jpg 300w, https:\/\/www.remonen.fi\/WP\/wp-content\/uploads\/2013\/11\/Digiexpo-13-5.jpg 800w\" sizes=\"(max-width: 300px) 100vw, 300px\" \/><\/a><\/td>\n<\/tr>\n<\/tbody>\n<\/table>\n<p>Mit\u00e4\u00e4n luentoja\/esityksi\u00e4 en t\u00e4ll\u00e4 kertaa k\u00e4ynyt kuuntelemassa. Hetken aikaa seurasin pelinkehitt\u00e4jien paneelia, joka olikin ker\u00e4nnyt tuolit t\u00e4yteen innokasta nuorisoa haaveilemaan helposta rahasta. Viesti paneelista oli kuitenkin se, ett\u00e4 pelintekemisest\u00e4 t\u00e4ytyy todella pit\u00e4\u00e4 ja ty\u00f6t\u00e4 tulee tehd\u00e4 v\u00e4sym\u00e4tt\u00e4 ja pitk\u00e4\u00e4n. Raha ei siell\u00e4(k\u00e4\u00e4n) ole mitenk\u00e4\u00e4n helpossa tai itsest\u00e4\u00e4nselv\u00e4\u00e4.<\/p>\n<table border=\"0\" align=\"center\">\n<tbody>\n<tr>\n<td>\n<p><div id=\"attachment_3143\" style=\"width: 310px\" class=\"wp-caption alignnone\"><a href=\"http:\/\/www.remonen.fi\/WP\/wp-content\/uploads\/2013\/11\/Digiexpo-13-6.jpg\"><img loading=\"lazy\" decoding=\"async\" aria-describedby=\"caption-attachment-3143\" class=\"size-medium wp-image-3143\" alt=\"Digiexpo-13-6\" src=\"http:\/\/www.remonen.fi\/WP\/wp-content\/uploads\/2013\/11\/Digiexpo-13-6-300x200.jpg\" width=\"300\" height=\"200\" srcset=\"https:\/\/www.remonen.fi\/WP\/wp-content\/uploads\/2013\/11\/Digiexpo-13-6-300x200.jpg 300w, https:\/\/www.remonen.fi\/WP\/wp-content\/uploads\/2013\/11\/Digiexpo-13-6.jpg 800w\" sizes=\"(max-width: 300px) 100vw, 300px\" \/><\/a><p id=\"caption-attachment-3143\" class=\"wp-caption-text\">Miljon\u00e4\u00e4rit puhuu, kansa kuuntelee<\/p><\/div><\/td>\n<td>\n<p><div id=\"attachment_3142\" style=\"width: 310px\" class=\"wp-caption alignnone\"><a href=\"http:\/\/www.remonen.fi\/WP\/wp-content\/uploads\/2013\/11\/Digiexpo-13-7.jpg\"><img loading=\"lazy\" decoding=\"async\" aria-describedby=\"caption-attachment-3142\" class=\"size-medium wp-image-3142\" alt=\"Digiexpo-13-7\" src=\"http:\/\/www.remonen.fi\/WP\/wp-content\/uploads\/2013\/11\/Digiexpo-13-7-300x200.jpg\" width=\"300\" height=\"200\" srcset=\"https:\/\/www.remonen.fi\/WP\/wp-content\/uploads\/2013\/11\/Digiexpo-13-7-300x200.jpg 300w, https:\/\/www.remonen.fi\/WP\/wp-content\/uploads\/2013\/11\/Digiexpo-13-7.jpg 800w\" sizes=\"(max-width: 300px) 100vw, 300px\" \/><\/a><p id=\"caption-attachment-3142\" class=\"wp-caption-text\">T\u00e4lle safarille riitt\u00e4\u00e4 pienemm\u00e4tkin rahat<\/p><\/div><\/td>\n<\/tr>\n<\/tbody>\n<\/table>\n<p>L\u00e4tk\u00e4- ja S\u00e4b\u00e4Expon puoli j\u00e4i melko kursorisen l\u00e4pik\u00e4velyn varaan. T\u00e4ll\u00e4 hetkell\u00e4 ei tuonne l\u00e4tk\u00e4puolelle ole hankinnan tarpeita, kun ei \u00e4n\u00e4rist\u00e4k\u00e4\u00e4n ole soiteltu. Tosin lasken Jokereiden KHL-pestin varaan, siell\u00e4h\u00e4n on pelaajabudjetti aika tiukilla. Pit\u00e4nee soitella Kurrille, josko tarvitsisivat vasenta pakkia, joka ei osaa luistella, ei pelata. Ruokapalkalla tulisin.<\/p>\n<p><a href=\"http:\/\/www.remonen.fi\/WP\/wp-content\/uploads\/2013\/11\/Digiexpo-13-8.jpg\"><img loading=\"lazy\" decoding=\"async\" class=\"aligncenter size-medium wp-image-3141\" alt=\"Digiexpo-13-8\" src=\"http:\/\/www.remonen.fi\/WP\/wp-content\/uploads\/2013\/11\/Digiexpo-13-8-200x300.jpg\" width=\"200\" height=\"300\" srcset=\"https:\/\/www.remonen.fi\/WP\/wp-content\/uploads\/2013\/11\/Digiexpo-13-8-200x300.jpg 200w, https:\/\/www.remonen.fi\/WP\/wp-content\/uploads\/2013\/11\/Digiexpo-13-8.jpg 534w\" sizes=\"(max-width: 200px) 100vw, 200px\" \/><\/a><\/p>\n<div id=\"attachment_3140\" style=\"width: 210px\" class=\"wp-caption alignright\"><a href=\"http:\/\/www.remonen.fi\/WP\/wp-content\/uploads\/2013\/11\/Digiexpo-13-9.jpg\"><img loading=\"lazy\" decoding=\"async\" aria-describedby=\"caption-attachment-3140\" class=\"size-medium wp-image-3140\" alt=\"Digiexpo-13-9\" src=\"http:\/\/www.remonen.fi\/WP\/wp-content\/uploads\/2013\/11\/Digiexpo-13-9-200x300.jpg\" width=\"200\" height=\"300\" srcset=\"https:\/\/www.remonen.fi\/WP\/wp-content\/uploads\/2013\/11\/Digiexpo-13-9-200x300.jpg 200w, https:\/\/www.remonen.fi\/WP\/wp-content\/uploads\/2013\/11\/Digiexpo-13-9.jpg 534w\" sizes=\"(max-width: 200px) 100vw, 200px\" \/><\/a><p id=\"caption-attachment-3140\" class=\"wp-caption-text\">Vilkasta kuin Kotkan torilla sunnuntai-iltap\u00e4iv\u00e4ll\u00e4<\/p><\/div>\n<p>Muuten messuista j\u00e4i taas v\u00e4h\u00e4n v\u00e4lj\u00e4htynyt maku. Toisaalta aika kultaa muistot ja aikanaan juotu olut varmistaa sen, ettei niit\u00e4 muistoja alunperink\u00e4\u00e4n kauheasti j\u00e4\u00e4nyt kullitettavaksi. Eli ehk\u00e4 SkiExpo ei silloinkaan ollut sen spektaakkelimaisempi. Aika vain oli toinen.<\/p>\n<p>Messukeskus sen sijaan oli kokenut laajan kasvojenkohotuksen ja on nyt paljon viihtyis\u00e4mpi. Jos sellaista sanaa betonihallista voi k\u00e4ytt\u00e4\u00e4. Ravintoloita on tullut lis\u00e4\u00e4 ja ne on sijoitettu j\u00e4rkev\u00e4sti p\u00e4\u00e4k\u00e4yt\u00e4v\u00e4n ja p\u00e4\u00e4hallien v\u00e4liin, miss\u00e4 ne ovat luonnollisten kuluv\u00e4ylien varrella. Hyv\u00e4 homma.<\/p>\n<p>P\u00e4\u00e4t\u00e4n raporttini t\u00e4h\u00e4n. Messukeskukseen mukaan p\u00e4\u00e4siv\u00e4t Nikon D800E + Nikkor AF-S 24-70\/2.8G + FishEye Nikkor AF 16\/2.8D + Nikkor AF-S 85\/1.8G<\/p>\n<p>&nbsp;<\/p>\n<table border=\"0\" align=\"center\">\n<tbody>\n<tr>\n<td><a href=\"http:\/\/www.remonen.fi\/WP\/wp-content\/uploads\/2013\/11\/Digiexpo-13-12.jpg\"><img loading=\"lazy\" decoding=\"async\" class=\"size-medium wp-image-3137 alignnone\" alt=\"Digiexpo-13-12\" src=\"http:\/\/www.remonen.fi\/WP\/wp-content\/uploads\/2013\/11\/Digiexpo-13-12-200x300.jpg\" width=\"200\" height=\"300\" srcset=\"https:\/\/www.remonen.fi\/WP\/wp-content\/uploads\/2013\/11\/Digiexpo-13-12-200x300.jpg 200w, https:\/\/www.remonen.fi\/WP\/wp-content\/uploads\/2013\/11\/Digiexpo-13-12.jpg 534w\" sizes=\"(max-width: 200px) 100vw, 200px\" \/><\/a><\/td>\n<td><a href=\"http:\/\/www.remonen.fi\/WP\/wp-content\/uploads\/2013\/11\/Digiexpo-13-11.jpg\"><img loading=\"lazy\" decoding=\"async\" class=\"size-medium wp-image-3138 alignnone\" alt=\"Digiexpo-13-11\" src=\"http:\/\/www.remonen.fi\/WP\/wp-content\/uploads\/2013\/11\/Digiexpo-13-11-200x300.jpg\" width=\"200\" height=\"300\" srcset=\"https:\/\/www.remonen.fi\/WP\/wp-content\/uploads\/2013\/11\/Digiexpo-13-11-200x300.jpg 200w, https:\/\/www.remonen.fi\/WP\/wp-content\/uploads\/2013\/11\/Digiexpo-13-11.jpg 534w\" sizes=\"(max-width: 200px) 100vw, 200px\" \/><\/a><\/td>\n<td><a href=\"http:\/\/www.remonen.fi\/WP\/wp-content\/uploads\/2013\/11\/Digiexpo-13-16.jpg\"><img loading=\"lazy\" decoding=\"async\" class=\"size-medium wp-image-3153 alignnone\" alt=\"Digiexpo-13-16\" src=\"http:\/\/www.remonen.fi\/WP\/wp-content\/uploads\/2013\/11\/Digiexpo-13-16-200x300.jpg\" width=\"200\" height=\"300\" srcset=\"https:\/\/www.remonen.fi\/WP\/wp-content\/uploads\/2013\/11\/Digiexpo-13-16-200x300.jpg 200w, https:\/\/www.remonen.fi\/WP\/wp-content\/uploads\/2013\/11\/Digiexpo-13-16.jpg 534w\" sizes=\"(max-width: 200px) 100vw, 200px\" \/><\/a><\/td>\n<\/tr>\n<tr>\n<td colspan=\"3\"><a href=\"http:\/\/www.remonen.fi\/WP\/wp-content\/uploads\/2013\/11\/Digiexpo-13-19.jpg\"><img loading=\"lazy\" decoding=\"async\" class=\"aligncenter size-medium wp-image-3150\" alt=\"Digiexpo-13-19\" src=\"http:\/\/www.remonen.fi\/WP\/wp-content\/uploads\/2013\/11\/Digiexpo-13-19-300x200.jpg\" width=\"300\" height=\"200\" srcset=\"https:\/\/www.remonen.fi\/WP\/wp-content\/uploads\/2013\/11\/Digiexpo-13-19-300x200.jpg 300w, https:\/\/www.remonen.fi\/WP\/wp-content\/uploads\/2013\/11\/Digiexpo-13-19.jpg 800w\" sizes=\"(max-width: 300px) 100vw, 300px\" \/><\/a><\/td>\n<\/tr>\n<\/tbody>\n<\/table>\n","protected":false},"excerpt":{"rendered":"<p>Taas oli aika vuotuisen megamessutapahtuman. Sitten iloisen kahdeksankymment\u00e4luvun silloisesta SkiExposta on kasvanut melkoinen &#8221;kaikkea kaikille&#8221;-tapahtuma, joka pit\u00e4\u00e4 nyky\u00e4\u00e4n varsinaisen SkiExpon lis\u00e4ksi sis\u00e4ll\u00e4\u00e4n my\u00f6s peleihin ja digitaaliseen sis\u00e4lt\u00f6\u00f6n &amp; laitteisiin keskittyv\u00e4t DigiExpon; Hifiin painottuvan HifiExpon; snoukkaavalle l\u00f6k\u00e4p\u00f6ksynuorisolle suunnatun BoardExpon sek\u00e4 &#8221;eik\u00e4 t\u00e4ss\u00e4 viel\u00e4 kaikki&#8221;-tyylisen S\u00e4b\u00e4&amp;L\u00e4tk\u00e4Expon. &nbsp; Woohuu, edellisest\u00e4 virkkeest\u00e4 tuli yht\u00e4 pitk\u00e4 kuin esikuvastaan expoh\u00e4ss\u00e4k\u00e4st\u00e4kin. Mutta [&hellip;]<\/p>\n","protected":false},"author":2,"featured_media":3149,"comment_status":"open","ping_status":"closed","sticky":false,"template":"","format":"standard","meta":{"footnotes":""},"categories":[16],"tags":[26,29,30,28,27],"yoast_head":"<!-- This site is optimized with the Yoast SEO plugin v24.5 - https:\/\/yoast.com\/wordpress\/plugins\/seo\/ -->\n<title>DigiSkiS\u00e4b\u00e4BoardJne, j\u00e4ik\u00f6jokupoisExpo - gREat MOments NEver forgotten<\/title>\n<meta name=\"robots\" content=\"index, follow, max-snippet:-1, max-image-preview:large, max-video-preview:-1\" \/>\n<link rel=\"canonical\" href=\"https:\/\/www.remonen.fi\/WP\/blogi\/digiskisababoardjne-jaikojokupoisexpo\/\" \/>\n<meta property=\"og:locale\" content=\"fi_FI\" \/>\n<meta property=\"og:type\" content=\"article\" \/>\n<meta property=\"og:title\" content=\"DigiSkiS\u00e4b\u00e4BoardJne, j\u00e4ik\u00f6jokupoisExpo - gREat MOments NEver forgotten\" \/>\n<meta property=\"og:description\" content=\"Taas oli aika vuotuisen megamessutapahtuman. Sitten iloisen kahdeksankymment\u00e4luvun silloisesta SkiExposta on kasvanut melkoinen &#8221;kaikkea kaikille&#8221;-tapahtuma, joka pit\u00e4\u00e4 nyky\u00e4\u00e4n varsinaisen SkiExpon lis\u00e4ksi sis\u00e4ll\u00e4\u00e4n my\u00f6s peleihin ja digitaaliseen sis\u00e4lt\u00f6\u00f6n &amp; laitteisiin keskittyv\u00e4t DigiExpon; Hifiin painottuvan HifiExpon; snoukkaavalle l\u00f6k\u00e4p\u00f6ksynuorisolle suunnatun BoardExpon sek\u00e4 &#8221;eik\u00e4 t\u00e4ss\u00e4 viel\u00e4 kaikki&#8221;-tyylisen S\u00e4b\u00e4&amp;L\u00e4tk\u00e4Expon. &nbsp; Woohuu, edellisest\u00e4 virkkeest\u00e4 tuli yht\u00e4 pitk\u00e4 kuin esikuvastaan expoh\u00e4ss\u00e4k\u00e4st\u00e4kin. Mutta [&hellip;]\" \/>\n<meta property=\"og:url\" content=\"https:\/\/www.remonen.fi\/WP\/blogi\/digiskisababoardjne-jaikojokupoisexpo\/\" \/>\n<meta property=\"og:site_name\" content=\"remonen.fi\" \/>\n<meta property=\"article:published_time\" content=\"2013-11-02T16:17:03+00:00\" \/>\n<meta property=\"article:modified_time\" content=\"2013-11-03T17:38:13+00:00\" \/>\n<meta property=\"og:image\" content=\"https:\/\/www.remonen.fi\/WP\/wp-content\/uploads\/2013\/11\/Digiexpo-13-20.jpg\" \/>\n\t<meta property=\"og:image:width\" content=\"800\" \/>\n\t<meta property=\"og:image:height\" content=\"424\" \/>\n\t<meta property=\"og:image:type\" content=\"image\/jpeg\" \/>\n<meta name=\"author\" content=\"Matti Remonen\" \/>\n<meta name=\"twitter:label1\" content=\"Kirjoittanut\" \/>\n\t<meta name=\"twitter:data1\" content=\"Matti Remonen\" \/>\n\t<meta name=\"twitter:label2\" content=\"Arvioitu lukuaika\" \/>\n\t<meta name=\"twitter:data2\" content=\"5 minuuttia\" \/>\n<script type=\"application\/ld+json\" class=\"yoast-schema-graph\">{\"@context\":\"https:\/\/schema.org\",\"@graph\":[{\"@type\":\"Article\",\"@id\":\"https:\/\/www.remonen.fi\/WP\/blogi\/digiskisababoardjne-jaikojokupoisexpo\/#article\",\"isPartOf\":{\"@id\":\"https:\/\/www.remonen.fi\/WP\/blogi\/digiskisababoardjne-jaikojokupoisexpo\/\"},\"author\":{\"name\":\"Matti Remonen\",\"@id\":\"https:\/\/www.remonen.fi\/WP\/#\/schema\/person\/1803c23d1d4f6722054eb2ac7f7a97cd\"},\"headline\":\"DigiSkiS\u00e4b\u00e4BoardJne&#8230; j\u00e4ik\u00f6jokupoisExpo\",\"datePublished\":\"2013-11-02T16:17:03+00:00\",\"dateModified\":\"2013-11-03T17:38:13+00:00\",\"mainEntityOfPage\":{\"@id\":\"https:\/\/www.remonen.fi\/WP\/blogi\/digiskisababoardjne-jaikojokupoisexpo\/\"},\"wordCount\":980,\"commentCount\":0,\"publisher\":{\"@id\":\"https:\/\/www.remonen.fi\/WP\/#\/schema\/person\/1803c23d1d4f6722054eb2ac7f7a97cd\"},\"image\":{\"@id\":\"https:\/\/www.remonen.fi\/WP\/blogi\/digiskisababoardjne-jaikojokupoisexpo\/#primaryimage\"},\"thumbnailUrl\":\"https:\/\/www.remonen.fi\/WP\/wp-content\/uploads\/2013\/11\/Digiexpo-13-20.jpg\",\"keywords\":[\"digiexpo\",\"l\u00e4tk\u00e4expo\",\"messukeskus\",\"s\u00e4b\u00e4expo\",\"skiexpo\"],\"articleSection\":[\"Blog\"],\"inLanguage\":\"fi\",\"potentialAction\":[{\"@type\":\"CommentAction\",\"name\":\"Comment\",\"target\":[\"https:\/\/www.remonen.fi\/WP\/blogi\/digiskisababoardjne-jaikojokupoisexpo\/#respond\"]}]},{\"@type\":\"WebPage\",\"@id\":\"https:\/\/www.remonen.fi\/WP\/blogi\/digiskisababoardjne-jaikojokupoisexpo\/\",\"url\":\"https:\/\/www.remonen.fi\/WP\/blogi\/digiskisababoardjne-jaikojokupoisexpo\/\",\"name\":\"DigiSkiS\u00e4b\u00e4BoardJne, j\u00e4ik\u00f6jokupoisExpo - gREat MOments NEver forgotten\",\"isPartOf\":{\"@id\":\"https:\/\/www.remonen.fi\/WP\/#website\"},\"primaryImageOfPage\":{\"@id\":\"https:\/\/www.remonen.fi\/WP\/blogi\/digiskisababoardjne-jaikojokupoisexpo\/#primaryimage\"},\"image\":{\"@id\":\"https:\/\/www.remonen.fi\/WP\/blogi\/digiskisababoardjne-jaikojokupoisexpo\/#primaryimage\"},\"thumbnailUrl\":\"https:\/\/www.remonen.fi\/WP\/wp-content\/uploads\/2013\/11\/Digiexpo-13-20.jpg\",\"datePublished\":\"2013-11-02T16:17:03+00:00\",\"dateModified\":\"2013-11-03T17:38:13+00:00\",\"breadcrumb\":{\"@id\":\"https:\/\/www.remonen.fi\/WP\/blogi\/digiskisababoardjne-jaikojokupoisexpo\/#breadcrumb\"},\"inLanguage\":\"fi\",\"potentialAction\":[{\"@type\":\"ReadAction\",\"target\":[\"https:\/\/www.remonen.fi\/WP\/blogi\/digiskisababoardjne-jaikojokupoisexpo\/\"]}]},{\"@type\":\"ImageObject\",\"inLanguage\":\"fi\",\"@id\":\"https:\/\/www.remonen.fi\/WP\/blogi\/digiskisababoardjne-jaikojokupoisexpo\/#primaryimage\",\"url\":\"https:\/\/www.remonen.fi\/WP\/wp-content\/uploads\/2013\/11\/Digiexpo-13-20.jpg\",\"contentUrl\":\"https:\/\/www.remonen.fi\/WP\/wp-content\/uploads\/2013\/11\/Digiexpo-13-20.jpg\",\"width\":800,\"height\":424},{\"@type\":\"BreadcrumbList\",\"@id\":\"https:\/\/www.remonen.fi\/WP\/blogi\/digiskisababoardjne-jaikojokupoisexpo\/#breadcrumb\",\"itemListElement\":[{\"@type\":\"ListItem\",\"position\":1,\"name\":\"Etusivu\",\"item\":\"https:\/\/www.remonen.fi\/WP\/\"},{\"@type\":\"ListItem\",\"position\":2,\"name\":\"DigiSkiS\u00e4b\u00e4BoardJne&#8230; j\u00e4ik\u00f6jokupoisExpo\"}]},{\"@type\":\"WebSite\",\"@id\":\"https:\/\/www.remonen.fi\/WP\/#website\",\"url\":\"https:\/\/www.remonen.fi\/WP\/\",\"name\":\"remonen.fi\",\"description\":\"Valokuvia ja tarinaa laidasta laitaan\",\"publisher\":{\"@id\":\"https:\/\/www.remonen.fi\/WP\/#\/schema\/person\/1803c23d1d4f6722054eb2ac7f7a97cd\"},\"potentialAction\":[{\"@type\":\"SearchAction\",\"target\":{\"@type\":\"EntryPoint\",\"urlTemplate\":\"https:\/\/www.remonen.fi\/WP\/?s={search_term_string}\"},\"query-input\":{\"@type\":\"PropertyValueSpecification\",\"valueRequired\":true,\"valueName\":\"search_term_string\"}}],\"inLanguage\":\"fi\"},{\"@type\":[\"Person\",\"Organization\"],\"@id\":\"https:\/\/www.remonen.fi\/WP\/#\/schema\/person\/1803c23d1d4f6722054eb2ac7f7a97cd\",\"name\":\"Matti Remonen\",\"logo\":{\"@id\":\"https:\/\/www.remonen.fi\/WP\/#\/schema\/person\/image\/\"},\"url\":\"https:\/\/www.remonen.fi\/WP\/blogi\/author\/mre\/\"}]}<\/script>\n<!-- \/ Yoast SEO plugin. -->","yoast_head_json":{"title":"DigiSkiS\u00e4b\u00e4BoardJne, j\u00e4ik\u00f6jokupoisExpo - gREat MOments NEver forgotten","robots":{"index":"index","follow":"follow","max-snippet":"max-snippet:-1","max-image-preview":"max-image-preview:large","max-video-preview":"max-video-preview:-1"},"canonical":"https:\/\/www.remonen.fi\/WP\/blogi\/digiskisababoardjne-jaikojokupoisexpo\/","og_locale":"fi_FI","og_type":"article","og_title":"DigiSkiS\u00e4b\u00e4BoardJne, j\u00e4ik\u00f6jokupoisExpo - gREat MOments NEver forgotten","og_description":"Taas oli aika vuotuisen megamessutapahtuman. Sitten iloisen kahdeksankymment\u00e4luvun silloisesta SkiExposta on kasvanut melkoinen &#8221;kaikkea kaikille&#8221;-tapahtuma, joka pit\u00e4\u00e4 nyky\u00e4\u00e4n varsinaisen SkiExpon lis\u00e4ksi sis\u00e4ll\u00e4\u00e4n my\u00f6s peleihin ja digitaaliseen sis\u00e4lt\u00f6\u00f6n &amp; laitteisiin keskittyv\u00e4t DigiExpon; Hifiin painottuvan HifiExpon; snoukkaavalle l\u00f6k\u00e4p\u00f6ksynuorisolle suunnatun BoardExpon sek\u00e4 &#8221;eik\u00e4 t\u00e4ss\u00e4 viel\u00e4 kaikki&#8221;-tyylisen S\u00e4b\u00e4&amp;L\u00e4tk\u00e4Expon. &nbsp; Woohuu, edellisest\u00e4 virkkeest\u00e4 tuli yht\u00e4 pitk\u00e4 kuin esikuvastaan expoh\u00e4ss\u00e4k\u00e4st\u00e4kin. Mutta [&hellip;]","og_url":"https:\/\/www.remonen.fi\/WP\/blogi\/digiskisababoardjne-jaikojokupoisexpo\/","og_site_name":"remonen.fi","article_published_time":"2013-11-02T16:17:03+00:00","article_modified_time":"2013-11-03T17:38:13+00:00","og_image":[{"width":800,"height":424,"url":"https:\/\/www.remonen.fi\/WP\/wp-content\/uploads\/2013\/11\/Digiexpo-13-20.jpg","type":"image\/jpeg"}],"author":"Matti Remonen","twitter_misc":{"Kirjoittanut":"Matti Remonen","Arvioitu lukuaika":"5 minuuttia"},"schema":{"@context":"https:\/\/schema.org","@graph":[{"@type":"Article","@id":"https:\/\/www.remonen.fi\/WP\/blogi\/digiskisababoardjne-jaikojokupoisexpo\/#article","isPartOf":{"@id":"https:\/\/www.remonen.fi\/WP\/blogi\/digiskisababoardjne-jaikojokupoisexpo\/"},"author":{"name":"Matti Remonen","@id":"https:\/\/www.remonen.fi\/WP\/#\/schema\/person\/1803c23d1d4f6722054eb2ac7f7a97cd"},"headline":"DigiSkiS\u00e4b\u00e4BoardJne&#8230; j\u00e4ik\u00f6jokupoisExpo","datePublished":"2013-11-02T16:17:03+00:00","dateModified":"2013-11-03T17:38:13+00:00","mainEntityOfPage":{"@id":"https:\/\/www.remonen.fi\/WP\/blogi\/digiskisababoardjne-jaikojokupoisexpo\/"},"wordCount":980,"commentCount":0,"publisher":{"@id":"https:\/\/www.remonen.fi\/WP\/#\/schema\/person\/1803c23d1d4f6722054eb2ac7f7a97cd"},"image":{"@id":"https:\/\/www.remonen.fi\/WP\/blogi\/digiskisababoardjne-jaikojokupoisexpo\/#primaryimage"},"thumbnailUrl":"https:\/\/www.remonen.fi\/WP\/wp-content\/uploads\/2013\/11\/Digiexpo-13-20.jpg","keywords":["digiexpo","l\u00e4tk\u00e4expo","messukeskus","s\u00e4b\u00e4expo","skiexpo"],"articleSection":["Blog"],"inLanguage":"fi","potentialAction":[{"@type":"CommentAction","name":"Comment","target":["https:\/\/www.remonen.fi\/WP\/blogi\/digiskisababoardjne-jaikojokupoisexpo\/#respond"]}]},{"@type":"WebPage","@id":"https:\/\/www.remonen.fi\/WP\/blogi\/digiskisababoardjne-jaikojokupoisexpo\/","url":"https:\/\/www.remonen.fi\/WP\/blogi\/digiskisababoardjne-jaikojokupoisexpo\/","name":"DigiSkiS\u00e4b\u00e4BoardJne, j\u00e4ik\u00f6jokupoisExpo - gREat MOments NEver forgotten","isPartOf":{"@id":"https:\/\/www.remonen.fi\/WP\/#website"},"primaryImageOfPage":{"@id":"https:\/\/www.remonen.fi\/WP\/blogi\/digiskisababoardjne-jaikojokupoisexpo\/#primaryimage"},"image":{"@id":"https:\/\/www.remonen.fi\/WP\/blogi\/digiskisababoardjne-jaikojokupoisexpo\/#primaryimage"},"thumbnailUrl":"https:\/\/www.remonen.fi\/WP\/wp-content\/uploads\/2013\/11\/Digiexpo-13-20.jpg","datePublished":"2013-11-02T16:17:03+00:00","dateModified":"2013-11-03T17:38:13+00:00","breadcrumb":{"@id":"https:\/\/www.remonen.fi\/WP\/blogi\/digiskisababoardjne-jaikojokupoisexpo\/#breadcrumb"},"inLanguage":"fi","potentialAction":[{"@type":"ReadAction","target":["https:\/\/www.remonen.fi\/WP\/blogi\/digiskisababoardjne-jaikojokupoisexpo\/"]}]},{"@type":"ImageObject","inLanguage":"fi","@id":"https:\/\/www.remonen.fi\/WP\/blogi\/digiskisababoardjne-jaikojokupoisexpo\/#primaryimage","url":"https:\/\/www.remonen.fi\/WP\/wp-content\/uploads\/2013\/11\/Digiexpo-13-20.jpg","contentUrl":"https:\/\/www.remonen.fi\/WP\/wp-content\/uploads\/2013\/11\/Digiexpo-13-20.jpg","width":800,"height":424},{"@type":"BreadcrumbList","@id":"https:\/\/www.remonen.fi\/WP\/blogi\/digiskisababoardjne-jaikojokupoisexpo\/#breadcrumb","itemListElement":[{"@type":"ListItem","position":1,"name":"Etusivu","item":"https:\/\/www.remonen.fi\/WP\/"},{"@type":"ListItem","position":2,"name":"DigiSkiS\u00e4b\u00e4BoardJne&#8230; j\u00e4ik\u00f6jokupoisExpo"}]},{"@type":"WebSite","@id":"https:\/\/www.remonen.fi\/WP\/#website","url":"https:\/\/www.remonen.fi\/WP\/","name":"remonen.fi","description":"Valokuvia ja tarinaa laidasta laitaan","publisher":{"@id":"https:\/\/www.remonen.fi\/WP\/#\/schema\/person\/1803c23d1d4f6722054eb2ac7f7a97cd"},"potentialAction":[{"@type":"SearchAction","target":{"@type":"EntryPoint","urlTemplate":"https:\/\/www.remonen.fi\/WP\/?s={search_term_string}"},"query-input":{"@type":"PropertyValueSpecification","valueRequired":true,"valueName":"search_term_string"}}],"inLanguage":"fi"},{"@type":["Person","Organization"],"@id":"https:\/\/www.remonen.fi\/WP\/#\/schema\/person\/1803c23d1d4f6722054eb2ac7f7a97cd","name":"Matti Remonen","logo":{"@id":"https:\/\/www.remonen.fi\/WP\/#\/schema\/person\/image\/"},"url":"https:\/\/www.remonen.fi\/WP\/blogi\/author\/mre\/"}]}},"_links":{"self":[{"href":"https:\/\/www.remonen.fi\/WP\/wp-json\/wp\/v2\/posts\/3130"}],"collection":[{"href":"https:\/\/www.remonen.fi\/WP\/wp-json\/wp\/v2\/posts"}],"about":[{"href":"https:\/\/www.remonen.fi\/WP\/wp-json\/wp\/v2\/types\/post"}],"author":[{"embeddable":true,"href":"https:\/\/www.remonen.fi\/WP\/wp-json\/wp\/v2\/users\/2"}],"replies":[{"embeddable":true,"href":"https:\/\/www.remonen.fi\/WP\/wp-json\/wp\/v2\/comments?post=3130"}],"version-history":[{"count":0,"href":"https:\/\/www.remonen.fi\/WP\/wp-json\/wp\/v2\/posts\/3130\/revisions"}],"wp:featuredmedia":[{"embeddable":true,"href":"https:\/\/www.remonen.fi\/WP\/wp-json\/wp\/v2\/media\/3149"}],"wp:attachment":[{"href":"https:\/\/www.remonen.fi\/WP\/wp-json\/wp\/v2\/media?parent=3130"}],"wp:term":[{"taxonomy":"category","embeddable":true,"href":"https:\/\/www.remonen.fi\/WP\/wp-json\/wp\/v2\/categories?post=3130"},{"taxonomy":"post_tag","embeddable":true,"href":"https:\/\/www.remonen.fi\/WP\/wp-json\/wp\/v2\/tags?post=3130"}],"curies":[{"name":"wp","href":"https:\/\/api.w.org\/{rel}","templated":true}]}}