{"id":3178,"date":"2013-11-03T20:18:38","date_gmt":"2013-11-03T18:18:38","guid":{"rendered":"http:\/\/www.remonen.fi\/?p=3178"},"modified":"2013-11-03T20:18:38","modified_gmt":"2013-11-03T18:18:38","slug":"sumussa-ja-oljyssa","status":"publish","type":"post","link":"https:\/\/www.remonen.fi\/WP\/blogi\/sumussa-ja-oljyssa\/","title":{"rendered":"Sumussa ja \u00d6ljyss\u00e4"},"content":{"rendered":"<p><a href=\"http:\/\/www.remonen.fi\/WP\/wp-content\/uploads\/2013\/11\/Sumussa-13-3.jpg\"><img loading=\"lazy\" decoding=\"async\" class=\"alignleft size-medium wp-image-3193\" alt=\"Sumussa-13-3\" src=\"http:\/\/www.remonen.fi\/WP\/wp-content\/uploads\/2013\/11\/Sumussa-13-3-200x300.jpg\" width=\"200\" height=\"300\" srcset=\"https:\/\/www.remonen.fi\/WP\/wp-content\/uploads\/2013\/11\/Sumussa-13-3-200x300.jpg 200w, https:\/\/www.remonen.fi\/WP\/wp-content\/uploads\/2013\/11\/Sumussa-13-3.jpg 534w\" sizes=\"(max-width: 200px) 100vw, 200px\" \/><\/a>Aamu valkeni melkoisessa sumussa eik\u00e4 ihan kaikkea voinut laittaa edellisillan olusien piikkiin. Ulkona n\u00e4ytti todella valokuvaukselliselta, mutta jotenkin p\u00e4\u00e4 oli ihan tyhj\u00e4 enk\u00e4 oikein tiennyt mihin olisi l\u00e4htenyt kuvaamaan. Vanhankaupunginlahti ja Aino Act\u00e9n huvilanpuisto on tullut nyt syksyn aikana kaluttua sen verran tyhjent\u00e4v\u00e4sti, etten niihin en\u00e4\u00e4 viitsinyt l\u00e4hte\u00e4, vaikka molemmat olisivat t\u00e4ll\u00e4 kelill\u00e4 olleet edukseen.<\/p>\n<p>Vaimon ehdotuksesta p\u00e4\u00e4tin sitten l\u00e4hte\u00e4 Sipoon Pilvij\u00e4rvelle, jossa sumu olikin viel\u00e4 sankkana. Ehk\u00e4 jopa liiankin sankkana, koska ei oikein inspiraatio tuosta k\u00e4ynnistynyt. Vieress\u00e4 olevan kuvan sielt\u00e4 kuitenkin n\u00e4ps\u00e4isin. Ajoin sitten takaisinp\u00e4in pikkuteit\u00e4 pitkin ja katselin josko kohdalle sattuisi pellolla oleva yksin\u00e4inen puu, joka sumussa seistess\u00e4\u00e4n toimii aina. Eip\u00e4 osunut. Heitin lenkin my\u00f6s <a title=\"Sipoonranta\" href=\"http:\/\/fi.wikipedia.org\/wiki\/Sipoonranta\" target=\"_blank\">Sipoonrannassa<\/a>, mutta ei sek\u00e4\u00e4n seutu aiheuttanut suurta v\u00e4ristyst\u00e4. Muutenkin minusta melko ep\u00e4onnistunut viritys koko asuinalue. Mutta ehk\u00e4 se olen vain min\u00e4.<\/p>\n<p><a href=\"http:\/\/www.remonen.fi\/WP\/wp-content\/uploads\/2013\/11\/Sumussa-13-4.jpg\"><img loading=\"lazy\" decoding=\"async\" class=\"alignright size-medium wp-image-3192\" alt=\"Sumussa-13-4\" src=\"http:\/\/www.remonen.fi\/WP\/wp-content\/uploads\/2013\/11\/Sumussa-13-4-300x200.jpg\" width=\"300\" height=\"200\" srcset=\"https:\/\/www.remonen.fi\/WP\/wp-content\/uploads\/2013\/11\/Sumussa-13-4-300x200.jpg 300w, https:\/\/www.remonen.fi\/WP\/wp-content\/uploads\/2013\/11\/Sumussa-13-4.jpg 800w\" sizes=\"(max-width: 300px) 100vw, 300px\" \/><\/a>Ensin ajattelin ajaa suoraan kotiin, mutta sitten viime hetkell\u00e4 koukkasin Vuosaareen ja ajoin <a title=\"Uutela\" href=\"http:\/\/fi.wikipedia.org\/wiki\/Uutela\" target=\"_blank\">Uutelan <\/a>p\u00e4\u00e4h\u00e4n<a title=\"Skatan tila\" href=\"http:\/\/fi.wikipedia.org\/wiki\/Skatan_tila\" target=\"_blank\"> Skatan tilan<\/a> maisemiin. Siell\u00e4 olisi ollut hevosia sumussa laitumella, mutta laitumien viereen ei p\u00e4\u00e4ssyt, eik\u00e4 kauempaakaan oikein mit\u00e4\u00e4n kuvaa saanut. K\u00e4vin viel\u00e4 Uutelan k\u00e4rjess\u00e4, mutta t\u00e4ll\u00e4 kertaa sumukuvat j\u00e4iv\u00e4t minulla melko v\u00e4hiin.<\/p>\n<p>&nbsp;<\/p>\n<p>Sill\u00e4 aikaa vaimo ja tyt\u00e4r olivat k\u00e4yneet sienimets\u00e4ll\u00e4. Olihan sielt\u00e4 jonkin verran sieni\u00e4 l\u00f6ytynyt, mutta korin perusteella oli panostettu enemm\u00e4n esillepanoon kuin ker\u00e4\u00e4miseen. No, onhan esteettisyys puoli ruokaa tai jopa enemm\u00e4n.<\/p>\n<p><a href=\"http:\/\/www.remonen.fi\/WP\/wp-content\/uploads\/2013\/11\/sienimetsa-13.jpg\"><img loading=\"lazy\" decoding=\"async\" class=\"aligncenter size-medium wp-image-3197\" alt=\"sienimetsa-13\" src=\"http:\/\/www.remonen.fi\/WP\/wp-content\/uploads\/2013\/11\/sienimetsa-13-300x200.jpg\" width=\"300\" height=\"200\" srcset=\"https:\/\/www.remonen.fi\/WP\/wp-content\/uploads\/2013\/11\/sienimetsa-13-300x200.jpg 300w, https:\/\/www.remonen.fi\/WP\/wp-content\/uploads\/2013\/11\/sienimetsa-13.jpg 800w\" sizes=\"(max-width: 300px) 100vw, 300px\" \/><\/a><\/p>\n<div id=\"attachment_3191\" style=\"width: 310px\" class=\"wp-caption alignleft\"><a href=\"http:\/\/www.remonen.fi\/WP\/wp-content\/uploads\/2013\/11\/\u00d6lys\u00e4ili\u00f6_Revisited-13.jpg\"><img loading=\"lazy\" decoding=\"async\" aria-describedby=\"caption-attachment-3191\" class=\"size-medium wp-image-3191\" alt=\"\u00d6lys\u00e4ili\u00f6_Revisited-13\" src=\"http:\/\/www.remonen.fi\/WP\/wp-content\/uploads\/2013\/11\/\u00d6lys\u00e4ili\u00f6_Revisited-13-300x200.jpg\" width=\"300\" height=\"200\" srcset=\"https:\/\/www.remonen.fi\/WP\/wp-content\/uploads\/2013\/11\/\u00d6lys\u00e4ili\u00f6_Revisited-13-300x200.jpg 300w, https:\/\/www.remonen.fi\/WP\/wp-content\/uploads\/2013\/11\/\u00d6lys\u00e4ili\u00f6_Revisited-13.jpg 800w\" sizes=\"(max-width: 300px) 100vw, 300px\" \/><\/a><p id=\"caption-attachment-3191\" class=\"wp-caption-text\">Taidetta ilman p\u00e4\u00e4t\u00e4 ja k\u00e4si\u00e4<\/p><\/div>\n<p>Varsinaisen oikean ruuan j\u00e4lkeen l\u00e4hdin sitten tytt\u00e4ren kanssa Laajasalon \u00f6ljys\u00e4ili\u00f6lle, niin sille \u00d6ljys\u00e4ili\u00f6 468:lle. Eli t\u00e4ss\u00e4kin tarinassa on &#8221;<a title=\"\u00d6ljys\u00e4ili\u00f6 468\" href=\"http:\/\/www.remonen.fi\/photoblog\/oljysailio-468\/\">Revisited<\/a>&#8221;-osio. No, menimme sinne illan h\u00e4m\u00e4rtyess\u00e4, jota ei t\u00e4h\u00e4n vuoden aikaan tarvitse juuri odotella. S:ll\u00e4 on menossa valokuvauskurssin viimeiset rutistukset ja sinne piti saada jotain materiaalia. Kun tuo \u00f6ljys\u00e4ili\u00f6 sattui olemaan sopivasti auki taas t\u00e4ll\u00e4 kertaa, niin ehdotin kuvausreissua sinne. Ja koska en jaksa seisoskella vieress\u00e4 toimettomana, otin itsekin kameran mukaan. Joten t\u00e4ss\u00e4 taas kuvia \u00d6ljys\u00e4ili\u00f6 468:sta. Silvuplee.<\/p>\n<table border=\"0\" align=\"center\">\n<tbody>\n<tr>\n<td><a href=\"http:\/\/www.remonen.fi\/WP\/wp-content\/uploads\/2013\/11\/\u00d6lys\u00e4ili\u00f6_Revisited-13-8.jpg\"><img loading=\"lazy\" decoding=\"async\" class=\"size-medium wp-image-3184 aligncenter\" alt=\"\u00d6lys\u00e4ili\u00f6_Revisited-13-8\" src=\"http:\/\/www.remonen.fi\/WP\/wp-content\/uploads\/2013\/11\/\u00d6lys\u00e4ili\u00f6_Revisited-13-8-200x300.jpg\" width=\"200\" height=\"300\" srcset=\"https:\/\/www.remonen.fi\/WP\/wp-content\/uploads\/2013\/11\/\u00d6lys\u00e4ili\u00f6_Revisited-13-8-200x300.jpg 200w, https:\/\/www.remonen.fi\/WP\/wp-content\/uploads\/2013\/11\/\u00d6lys\u00e4ili\u00f6_Revisited-13-8.jpg 534w\" sizes=\"(max-width: 200px) 100vw, 200px\" \/><\/a><\/td>\n<td><a href=\"http:\/\/www.remonen.fi\/WP\/wp-content\/uploads\/2013\/11\/\u00d6lys\u00e4ili\u00f6_Revisited-13-7.jpg\"><img loading=\"lazy\" decoding=\"async\" class=\"alignnone size-medium wp-image-3185\" alt=\"\u00d6lys\u00e4ili\u00f6_Revisited-13-7\" src=\"http:\/\/www.remonen.fi\/WP\/wp-content\/uploads\/2013\/11\/\u00d6lys\u00e4ili\u00f6_Revisited-13-7-300x200.jpg\" width=\"300\" height=\"200\" srcset=\"https:\/\/www.remonen.fi\/WP\/wp-content\/uploads\/2013\/11\/\u00d6lys\u00e4ili\u00f6_Revisited-13-7-300x200.jpg 300w, https:\/\/www.remonen.fi\/WP\/wp-content\/uploads\/2013\/11\/\u00d6lys\u00e4ili\u00f6_Revisited-13-7.jpg 800w\" sizes=\"(max-width: 300px) 100vw, 300px\" \/><\/a><\/td>\n<\/tr>\n<tr>\n<td><a href=\"http:\/\/www.remonen.fi\/WP\/wp-content\/uploads\/2013\/11\/\u00d6lys\u00e4ili\u00f6_Revisited-13-9.jpg\"><img loading=\"lazy\" decoding=\"async\" class=\"alignnone size-medium wp-image-3183\" alt=\"\u00d6lys\u00e4ili\u00f6_Revisited-13-9\" src=\"http:\/\/www.remonen.fi\/WP\/wp-content\/uploads\/2013\/11\/\u00d6lys\u00e4ili\u00f6_Revisited-13-9-300x200.jpg\" width=\"300\" height=\"200\" srcset=\"https:\/\/www.remonen.fi\/WP\/wp-content\/uploads\/2013\/11\/\u00d6lys\u00e4ili\u00f6_Revisited-13-9-300x200.jpg 300w, https:\/\/www.remonen.fi\/WP\/wp-content\/uploads\/2013\/11\/\u00d6lys\u00e4ili\u00f6_Revisited-13-9.jpg 800w\" sizes=\"(max-width: 300px) 100vw, 300px\" \/><\/a><\/td>\n<td><a href=\"http:\/\/www.remonen.fi\/WP\/wp-content\/uploads\/2013\/11\/\u00d6lys\u00e4ili\u00f6_Revisited-13-3.jpg\"><img loading=\"lazy\" decoding=\"async\" class=\"size-medium wp-image-3189 aligncenter\" alt=\"\u00d6lys\u00e4ili\u00f6_Revisited-13-3\" src=\"http:\/\/www.remonen.fi\/WP\/wp-content\/uploads\/2013\/11\/\u00d6lys\u00e4ili\u00f6_Revisited-13-3-200x300.jpg\" width=\"200\" height=\"300\" srcset=\"https:\/\/www.remonen.fi\/WP\/wp-content\/uploads\/2013\/11\/\u00d6lys\u00e4ili\u00f6_Revisited-13-3-200x300.jpg 200w, https:\/\/www.remonen.fi\/WP\/wp-content\/uploads\/2013\/11\/\u00d6lys\u00e4ili\u00f6_Revisited-13-3.jpg 534w\" sizes=\"(max-width: 200px) 100vw, 200px\" \/><\/a><\/td>\n<\/tr>\n<\/tbody>\n<\/table>\n<p>Kokemusta ker\u00e4siv\u00e4t my\u00f6s Nikon D800 + Nikkor AF-S 24-70\/2.8G (koko p\u00e4iv\u00e4n) + \u00f6ljys\u00e4ili\u00f6ll\u00e4 Fisheye-Nikkor AF 16\/2.8D + Nikkor AF-S 70-200\/2.8GVR + Gitzon reissujalusta GT0540<\/p>\n","protected":false},"excerpt":{"rendered":"<p>Aamu valkeni melkoisessa sumussa eik\u00e4 ihan kaikkea voinut laittaa edellisillan olusien piikkiin. Ulkona n\u00e4ytti todella valokuvaukselliselta, mutta jotenkin p\u00e4\u00e4 oli ihan tyhj\u00e4 enk\u00e4 oikein tiennyt mihin olisi l\u00e4htenyt kuvaamaan. Vanhankaupunginlahti ja Aino Act\u00e9n huvilanpuisto on tullut nyt syksyn aikana kaluttua sen verran tyhjent\u00e4v\u00e4sti, etten niihin en\u00e4\u00e4 viitsinyt l\u00e4hte\u00e4, vaikka molemmat olisivat t\u00e4ll\u00e4 kelill\u00e4 olleet edukseen. [&hellip;]<\/p>\n","protected":false},"author":2,"featured_media":3194,"comment_status":"open","ping_status":"closed","sticky":false,"template":"","format":"standard","meta":{"footnotes":""},"categories":[16],"tags":[100],"yoast_head":"<!-- This site is optimized with the Yoast SEO plugin v24.5 - https:\/\/yoast.com\/wordpress\/plugins\/seo\/ -->\n<title>Sumussa ja \u00d6ljyss\u00e4 - gREat MOments NEver forgotteN<\/title>\n<meta name=\"description\" content=\"Sumuisen aamun sumuiset kuvat. Uusintaretki \u00d6ljys\u00e4ili\u00f6 468:lle.\" \/>\n<meta name=\"robots\" content=\"index, follow, max-snippet:-1, max-image-preview:large, max-video-preview:-1\" \/>\n<link rel=\"canonical\" href=\"https:\/\/www.remonen.fi\/WP\/blogi\/sumussa-ja-oljyssa\/\" \/>\n<meta property=\"og:locale\" content=\"fi_FI\" \/>\n<meta property=\"og:type\" content=\"article\" \/>\n<meta property=\"og:title\" content=\"Sumussa ja \u00d6ljyss\u00e4 - gREat MOments NEver forgotteN\" \/>\n<meta property=\"og:description\" content=\"Sumuisen aamun sumuiset kuvat. Uusintaretki \u00d6ljys\u00e4ili\u00f6 468:lle.\" \/>\n<meta property=\"og:url\" content=\"https:\/\/www.remonen.fi\/WP\/blogi\/sumussa-ja-oljyssa\/\" \/>\n<meta property=\"og:site_name\" content=\"remonen.fi\" \/>\n<meta property=\"article:published_time\" content=\"2013-11-03T18:18:38+00:00\" \/>\n<meta property=\"og:image\" content=\"https:\/\/www.remonen.fi\/WP\/wp-content\/uploads\/2013\/11\/Sumussa-13-2.jpg\" \/>\n\t<meta property=\"og:image:width\" content=\"800\" \/>\n\t<meta property=\"og:image:height\" content=\"534\" \/>\n\t<meta property=\"og:image:type\" content=\"image\/jpeg\" \/>\n<meta name=\"author\" content=\"Matti Remonen\" \/>\n<meta name=\"twitter:label1\" content=\"Kirjoittanut\" \/>\n\t<meta name=\"twitter:data1\" content=\"Matti Remonen\" \/>\n\t<meta name=\"twitter:label2\" content=\"Arvioitu lukuaika\" \/>\n\t<meta name=\"twitter:data2\" content=\"2 minuuttia\" \/>\n<script type=\"application\/ld+json\" class=\"yoast-schema-graph\">{\"@context\":\"https:\/\/schema.org\",\"@graph\":[{\"@type\":\"Article\",\"@id\":\"https:\/\/www.remonen.fi\/WP\/blogi\/sumussa-ja-oljyssa\/#article\",\"isPartOf\":{\"@id\":\"https:\/\/www.remonen.fi\/WP\/blogi\/sumussa-ja-oljyssa\/\"},\"author\":{\"name\":\"Matti Remonen\",\"@id\":\"https:\/\/www.remonen.fi\/WP\/#\/schema\/person\/1803c23d1d4f6722054eb2ac7f7a97cd\"},\"headline\":\"Sumussa ja \u00d6ljyss\u00e4\",\"datePublished\":\"2013-11-03T18:18:38+00:00\",\"mainEntityOfPage\":{\"@id\":\"https:\/\/www.remonen.fi\/WP\/blogi\/sumussa-ja-oljyssa\/\"},\"wordCount\":384,\"commentCount\":0,\"publisher\":{\"@id\":\"https:\/\/www.remonen.fi\/WP\/#\/schema\/person\/1803c23d1d4f6722054eb2ac7f7a97cd\"},\"image\":{\"@id\":\"https:\/\/www.remonen.fi\/WP\/blogi\/sumussa-ja-oljyssa\/#primaryimage\"},\"thumbnailUrl\":\"https:\/\/www.remonen.fi\/WP\/wp-content\/uploads\/2013\/11\/Sumussa-13-2.jpg\",\"keywords\":[\"\u00d6ljys\u00e4ili\u00f6 468\"],\"articleSection\":[\"Blog\"],\"inLanguage\":\"fi\",\"potentialAction\":[{\"@type\":\"CommentAction\",\"name\":\"Comment\",\"target\":[\"https:\/\/www.remonen.fi\/WP\/blogi\/sumussa-ja-oljyssa\/#respond\"]}]},{\"@type\":\"WebPage\",\"@id\":\"https:\/\/www.remonen.fi\/WP\/blogi\/sumussa-ja-oljyssa\/\",\"url\":\"https:\/\/www.remonen.fi\/WP\/blogi\/sumussa-ja-oljyssa\/\",\"name\":\"Sumussa ja \u00d6ljyss\u00e4 - gREat MOments NEver forgotteN\",\"isPartOf\":{\"@id\":\"https:\/\/www.remonen.fi\/WP\/#website\"},\"primaryImageOfPage\":{\"@id\":\"https:\/\/www.remonen.fi\/WP\/blogi\/sumussa-ja-oljyssa\/#primaryimage\"},\"image\":{\"@id\":\"https:\/\/www.remonen.fi\/WP\/blogi\/sumussa-ja-oljyssa\/#primaryimage\"},\"thumbnailUrl\":\"https:\/\/www.remonen.fi\/WP\/wp-content\/uploads\/2013\/11\/Sumussa-13-2.jpg\",\"datePublished\":\"2013-11-03T18:18:38+00:00\",\"description\":\"Sumuisen aamun sumuiset kuvat. Uusintaretki \u00d6ljys\u00e4ili\u00f6 468:lle.\",\"breadcrumb\":{\"@id\":\"https:\/\/www.remonen.fi\/WP\/blogi\/sumussa-ja-oljyssa\/#breadcrumb\"},\"inLanguage\":\"fi\",\"potentialAction\":[{\"@type\":\"ReadAction\",\"target\":[\"https:\/\/www.remonen.fi\/WP\/blogi\/sumussa-ja-oljyssa\/\"]}]},{\"@type\":\"ImageObject\",\"inLanguage\":\"fi\",\"@id\":\"https:\/\/www.remonen.fi\/WP\/blogi\/sumussa-ja-oljyssa\/#primaryimage\",\"url\":\"https:\/\/www.remonen.fi\/WP\/wp-content\/uploads\/2013\/11\/Sumussa-13-2.jpg\",\"contentUrl\":\"https:\/\/www.remonen.fi\/WP\/wp-content\/uploads\/2013\/11\/Sumussa-13-2.jpg\",\"width\":800,\"height\":534},{\"@type\":\"BreadcrumbList\",\"@id\":\"https:\/\/www.remonen.fi\/WP\/blogi\/sumussa-ja-oljyssa\/#breadcrumb\",\"itemListElement\":[{\"@type\":\"ListItem\",\"position\":1,\"name\":\"Etusivu\",\"item\":\"https:\/\/www.remonen.fi\/WP\/\"},{\"@type\":\"ListItem\",\"position\":2,\"name\":\"Sumussa ja \u00d6ljyss\u00e4\"}]},{\"@type\":\"WebSite\",\"@id\":\"https:\/\/www.remonen.fi\/WP\/#website\",\"url\":\"https:\/\/www.remonen.fi\/WP\/\",\"name\":\"remonen.fi\",\"description\":\"Valokuvia ja tarinaa laidasta laitaan\",\"publisher\":{\"@id\":\"https:\/\/www.remonen.fi\/WP\/#\/schema\/person\/1803c23d1d4f6722054eb2ac7f7a97cd\"},\"potentialAction\":[{\"@type\":\"SearchAction\",\"target\":{\"@type\":\"EntryPoint\",\"urlTemplate\":\"https:\/\/www.remonen.fi\/WP\/?s={search_term_string}\"},\"query-input\":{\"@type\":\"PropertyValueSpecification\",\"valueRequired\":true,\"valueName\":\"search_term_string\"}}],\"inLanguage\":\"fi\"},{\"@type\":[\"Person\",\"Organization\"],\"@id\":\"https:\/\/www.remonen.fi\/WP\/#\/schema\/person\/1803c23d1d4f6722054eb2ac7f7a97cd\",\"name\":\"Matti Remonen\",\"logo\":{\"@id\":\"https:\/\/www.remonen.fi\/WP\/#\/schema\/person\/image\/\"},\"url\":\"https:\/\/www.remonen.fi\/WP\/blogi\/author\/mre\/\"}]}<\/script>\n<!-- \/ Yoast SEO plugin. -->","yoast_head_json":{"title":"Sumussa ja \u00d6ljyss\u00e4 - gREat MOments NEver forgotteN","description":"Sumuisen aamun sumuiset kuvat. Uusintaretki \u00d6ljys\u00e4ili\u00f6 468:lle.","robots":{"index":"index","follow":"follow","max-snippet":"max-snippet:-1","max-image-preview":"max-image-preview:large","max-video-preview":"max-video-preview:-1"},"canonical":"https:\/\/www.remonen.fi\/WP\/blogi\/sumussa-ja-oljyssa\/","og_locale":"fi_FI","og_type":"article","og_title":"Sumussa ja \u00d6ljyss\u00e4 - gREat MOments NEver forgotteN","og_description":"Sumuisen aamun sumuiset kuvat. Uusintaretki \u00d6ljys\u00e4ili\u00f6 468:lle.","og_url":"https:\/\/www.remonen.fi\/WP\/blogi\/sumussa-ja-oljyssa\/","og_site_name":"remonen.fi","article_published_time":"2013-11-03T18:18:38+00:00","og_image":[{"width":800,"height":534,"url":"https:\/\/www.remonen.fi\/WP\/wp-content\/uploads\/2013\/11\/Sumussa-13-2.jpg","type":"image\/jpeg"}],"author":"Matti Remonen","twitter_misc":{"Kirjoittanut":"Matti Remonen","Arvioitu lukuaika":"2 minuuttia"},"schema":{"@context":"https:\/\/schema.org","@graph":[{"@type":"Article","@id":"https:\/\/www.remonen.fi\/WP\/blogi\/sumussa-ja-oljyssa\/#article","isPartOf":{"@id":"https:\/\/www.remonen.fi\/WP\/blogi\/sumussa-ja-oljyssa\/"},"author":{"name":"Matti Remonen","@id":"https:\/\/www.remonen.fi\/WP\/#\/schema\/person\/1803c23d1d4f6722054eb2ac7f7a97cd"},"headline":"Sumussa ja \u00d6ljyss\u00e4","datePublished":"2013-11-03T18:18:38+00:00","mainEntityOfPage":{"@id":"https:\/\/www.remonen.fi\/WP\/blogi\/sumussa-ja-oljyssa\/"},"wordCount":384,"commentCount":0,"publisher":{"@id":"https:\/\/www.remonen.fi\/WP\/#\/schema\/person\/1803c23d1d4f6722054eb2ac7f7a97cd"},"image":{"@id":"https:\/\/www.remonen.fi\/WP\/blogi\/sumussa-ja-oljyssa\/#primaryimage"},"thumbnailUrl":"https:\/\/www.remonen.fi\/WP\/wp-content\/uploads\/2013\/11\/Sumussa-13-2.jpg","keywords":["\u00d6ljys\u00e4ili\u00f6 468"],"articleSection":["Blog"],"inLanguage":"fi","potentialAction":[{"@type":"CommentAction","name":"Comment","target":["https:\/\/www.remonen.fi\/WP\/blogi\/sumussa-ja-oljyssa\/#respond"]}]},{"@type":"WebPage","@id":"https:\/\/www.remonen.fi\/WP\/blogi\/sumussa-ja-oljyssa\/","url":"https:\/\/www.remonen.fi\/WP\/blogi\/sumussa-ja-oljyssa\/","name":"Sumussa ja \u00d6ljyss\u00e4 - gREat MOments NEver forgotteN","isPartOf":{"@id":"https:\/\/www.remonen.fi\/WP\/#website"},"primaryImageOfPage":{"@id":"https:\/\/www.remonen.fi\/WP\/blogi\/sumussa-ja-oljyssa\/#primaryimage"},"image":{"@id":"https:\/\/www.remonen.fi\/WP\/blogi\/sumussa-ja-oljyssa\/#primaryimage"},"thumbnailUrl":"https:\/\/www.remonen.fi\/WP\/wp-content\/uploads\/2013\/11\/Sumussa-13-2.jpg","datePublished":"2013-11-03T18:18:38+00:00","description":"Sumuisen aamun sumuiset kuvat. Uusintaretki \u00d6ljys\u00e4ili\u00f6 468:lle.","breadcrumb":{"@id":"https:\/\/www.remonen.fi\/WP\/blogi\/sumussa-ja-oljyssa\/#breadcrumb"},"inLanguage":"fi","potentialAction":[{"@type":"ReadAction","target":["https:\/\/www.remonen.fi\/WP\/blogi\/sumussa-ja-oljyssa\/"]}]},{"@type":"ImageObject","inLanguage":"fi","@id":"https:\/\/www.remonen.fi\/WP\/blogi\/sumussa-ja-oljyssa\/#primaryimage","url":"https:\/\/www.remonen.fi\/WP\/wp-content\/uploads\/2013\/11\/Sumussa-13-2.jpg","contentUrl":"https:\/\/www.remonen.fi\/WP\/wp-content\/uploads\/2013\/11\/Sumussa-13-2.jpg","width":800,"height":534},{"@type":"BreadcrumbList","@id":"https:\/\/www.remonen.fi\/WP\/blogi\/sumussa-ja-oljyssa\/#breadcrumb","itemListElement":[{"@type":"ListItem","position":1,"name":"Etusivu","item":"https:\/\/www.remonen.fi\/WP\/"},{"@type":"ListItem","position":2,"name":"Sumussa ja \u00d6ljyss\u00e4"}]},{"@type":"WebSite","@id":"https:\/\/www.remonen.fi\/WP\/#website","url":"https:\/\/www.remonen.fi\/WP\/","name":"remonen.fi","description":"Valokuvia ja tarinaa laidasta laitaan","publisher":{"@id":"https:\/\/www.remonen.fi\/WP\/#\/schema\/person\/1803c23d1d4f6722054eb2ac7f7a97cd"},"potentialAction":[{"@type":"SearchAction","target":{"@type":"EntryPoint","urlTemplate":"https:\/\/www.remonen.fi\/WP\/?s={search_term_string}"},"query-input":{"@type":"PropertyValueSpecification","valueRequired":true,"valueName":"search_term_string"}}],"inLanguage":"fi"},{"@type":["Person","Organization"],"@id":"https:\/\/www.remonen.fi\/WP\/#\/schema\/person\/1803c23d1d4f6722054eb2ac7f7a97cd","name":"Matti Remonen","logo":{"@id":"https:\/\/www.remonen.fi\/WP\/#\/schema\/person\/image\/"},"url":"https:\/\/www.remonen.fi\/WP\/blogi\/author\/mre\/"}]}},"_links":{"self":[{"href":"https:\/\/www.remonen.fi\/WP\/wp-json\/wp\/v2\/posts\/3178"}],"collection":[{"href":"https:\/\/www.remonen.fi\/WP\/wp-json\/wp\/v2\/posts"}],"about":[{"href":"https:\/\/www.remonen.fi\/WP\/wp-json\/wp\/v2\/types\/post"}],"author":[{"embeddable":true,"href":"https:\/\/www.remonen.fi\/WP\/wp-json\/wp\/v2\/users\/2"}],"replies":[{"embeddable":true,"href":"https:\/\/www.remonen.fi\/WP\/wp-json\/wp\/v2\/comments?post=3178"}],"version-history":[{"count":0,"href":"https:\/\/www.remonen.fi\/WP\/wp-json\/wp\/v2\/posts\/3178\/revisions"}],"wp:featuredmedia":[{"embeddable":true,"href":"https:\/\/www.remonen.fi\/WP\/wp-json\/wp\/v2\/media\/3194"}],"wp:attachment":[{"href":"https:\/\/www.remonen.fi\/WP\/wp-json\/wp\/v2\/media?parent=3178"}],"wp:term":[{"taxonomy":"category","embeddable":true,"href":"https:\/\/www.remonen.fi\/WP\/wp-json\/wp\/v2\/categories?post=3178"},{"taxonomy":"post_tag","embeddable":true,"href":"https:\/\/www.remonen.fi\/WP\/wp-json\/wp\/v2\/tags?post=3178"}],"curies":[{"name":"wp","href":"https:\/\/api.w.org\/{rel}","templated":true}]}}