{"id":3210,"date":"2013-11-08T10:06:09","date_gmt":"2013-11-08T08:06:09","guid":{"rendered":"http:\/\/www.remonen.fi\/?p=3210"},"modified":"2014-01-11T14:05:32","modified_gmt":"2014-01-11T12:05:32","slug":"sanasta-miesta","status":"publish","type":"post","link":"https:\/\/www.remonen.fi\/WP\/blogi\/sanasta-miesta\/","title":{"rendered":"Sanasta miest\u00e4&#8230;"},"content":{"rendered":"<p><a href=\"http:\/\/www.remonen.fi\/WP\/wp-content\/uploads\/2013\/11\/NEX1.jpg\"><img loading=\"lazy\" decoding=\"async\" class=\"aligncenter size-medium wp-image-3214\" alt=\"NEX\" src=\"http:\/\/www.remonen.fi\/WP\/wp-content\/uploads\/2013\/11\/NEX1-300x200.jpg\" width=\"300\" height=\"200\" srcset=\"https:\/\/www.remonen.fi\/WP\/wp-content\/uploads\/2013\/11\/NEX1-300x200.jpg 300w, https:\/\/www.remonen.fi\/WP\/wp-content\/uploads\/2013\/11\/NEX1.jpg 800w\" sizes=\"(max-width: 300px) 100vw, 300px\" \/><\/a><\/p>\n<p>Tuossa pari blokikirjoitusta sitten, DigiExposta <a title=\"DigiSkiS\u00e4b\u00e4BoardJne\u2026 j\u00e4ik\u00f6jokupoisExpo\" href=\"http:\/\/www.remonen.fi\/photoblog\/digiskisababoardjne-jaikojokupoisexpo\/\">tarinoidessani<\/a>, kirjoitin:<\/p>\n<table style=\"width: 660px; height: 70px;\" border=\"0\">\n<tbody>\n<tr>\n<td style=\"padding-left: 30px; border-color: #d8bfd8; border-style: solid; border-width: 1px; background-color: #d8bfd8;\">Sen sijaan kokeilin Sonyn NEX-kameroihin tarkoitettua laajakulmatsuumia, SEL1018:aa. Se tuntui varsin mukavalta lasilta ja menee \u201dehk\u00e4 joskus\u201d-kategoriaan. Ainoana huonona puolena on hinta ja musta v\u00e4ri. Ensimm\u00e4inen on hidaste, mutta toinen tarkoittaisi my\u00f6s rungon vaihtamista mustaan. Musta lasi hopeisessa rungossa ei kyll\u00e4 nappaa. Eli silt\u00e4 osin tuo j\u00e4i viel\u00e4 odottamaan suurempaa laitteiston yliheittoa.<\/td>\n<\/tr>\n<\/tbody>\n<\/table>\n<div id=\"attachment_3215\" style=\"width: 209px\" class=\"wp-caption alignright\"><a href=\"http:\/\/www.remonen.fi\/WP\/wp-content\/uploads\/2013\/11\/NEX-21.jpg\"><img loading=\"lazy\" decoding=\"async\" aria-describedby=\"caption-attachment-3215\" class=\"size-medium wp-image-3215\" alt=\"NEX-2\" src=\"http:\/\/www.remonen.fi\/WP\/wp-content\/uploads\/2013\/11\/NEX-21-199x300.jpg\" width=\"199\" height=\"300\" srcset=\"https:\/\/www.remonen.fi\/WP\/wp-content\/uploads\/2013\/11\/NEX-21-199x300.jpg 199w, https:\/\/www.remonen.fi\/WP\/wp-content\/uploads\/2013\/11\/NEX-21.jpg 532w\" sizes=\"(max-width: 199px) 100vw, 199px\" \/><\/a><p id=\"caption-attachment-3215\" class=\"wp-caption-text\">Guilty, Your Honor&#8230;<\/p><\/div>\n<p>Do diid&#8230; niinh\u00e4n siin\u00e4 sitten k\u00e4vi, ett\u00e4 <a title=\"Digicamera.net\" href=\"http:\/\/www.digicamera.net\/keskus\/index.php\" target=\"_blank\">DC.netin<\/a> myyntipalstalla oli SEL1018 myynniss\u00e4 ja pitih\u00e4n mun sellainen hankkia. &#8221;noo, m\u00e4 hankin t\u00e4n vaan ja ei se musta putki hopeisessa rungossa niin paha ole&#8221;. Niinp\u00e4.<\/p>\n<p>Nyt sitten on tilattu my\u00f6s musta NEX 6. Sent\u00e4\u00e4n sen verran selk\u00e4ranka taipui, ett\u00e4 tilasin Sony Storesta palautustuotteen: <a title=\"NEX6-kit\" href=\"http:\/\/www.sony.fi\/product\/dsb-nex-6\/nex-6y\" target=\"_blank\">NEX 6 + SEL1650 + SEL55210<\/a>. Tuo 16-50 on &#8221;pannukakkutsuumi&#8221;, joka ei kyll\u00e4 ole kovin maireita arvosanoja ker\u00e4nnyt. Katsotaan miten sen kanssa p\u00e4rj\u00e4\u00e4. Tosin kunnollista, hinta\/laatusuhteeltaan hyv\u00e4\u00e4 normaalitsuumia ei NEXiin t\u00e4n\u00e4 p\u00e4iv\u00e4n\u00e4 ole olemassa. Ja Sonyn poukkoilevan tuotepolitiikan vuoksi sellaista ei todenn\u00e4k\u00f6isesti koskaan tulekaan. T\u00e4ytyy koittaa mets\u00e4st\u00e4\u00e4 jostain SEL1855 mustana, jos semmoisen saisi. Sit\u00e4h\u00e4n ei ole myyty kuin NEX 7:n kanssa kittin\u00e4.<\/p>\n<p>Toinen normaalivaihtoehto olisi Sony <a title=\"SEL18105G\" href=\"http:\/\/www.bhphotovideo.com\/c\/product\/1001011-REG\/sony_selp18105g_18_105mm_f_4_g_lens.html\" target=\"_blank\">SEL-P18105G<\/a>, mutta sekin on &#8221;moottoritsuumi&#8221; ja n\u00e4inollen l\u00e4hinn\u00e4 videokuvaukseen tarkoitettu. Kolmas vaihtoehto sitten olisi <a title=\"SEL1670z\" href=\"http:\/\/www.sony.fi\/product\/ddl-zoom-lenses\/sel-1670z\" target=\"_blank\">SEL1670Z<\/a>, joka on Zeissin tekoja, mutta se ei ole paljoa kehuja ker\u00e4nnyt. Eritoten n. tonnin hintaan. Ilmeisesti tuo kittilasi on optisesti l\u00e4hes yht\u00e4 hyv\u00e4. Ja kolmanneksen hintainen&#8230;<\/p>\n<p>No, nyt on vanhan NEX5N myynniss\u00e4 laseineen, etsimineen ja uusi tulossa. T\u00e4mm\u00f6st\u00e4 t\u00e4\u00e4 on. Ei kannattaisi l\u00e4hte\u00e4 messuille tai muuallekaan. Eik\u00f6 se Bilbokin varoitellut ovesta ulos astumisesta&#8230;<\/p>\n<p><a href=\"http:\/\/www.remonen.fi\/WP\/wp-content\/uploads\/2013\/11\/NEX-3.jpg\"><img loading=\"lazy\" decoding=\"async\" class=\"aligncenter size-medium wp-image-3216\" alt=\"NEX-3\" src=\"http:\/\/www.remonen.fi\/WP\/wp-content\/uploads\/2013\/11\/NEX-3-300x200.jpg\" width=\"300\" height=\"200\" srcset=\"https:\/\/www.remonen.fi\/WP\/wp-content\/uploads\/2013\/11\/NEX-3-300x200.jpg 300w, https:\/\/www.remonen.fi\/WP\/wp-content\/uploads\/2013\/11\/NEX-3.jpg 800w\" sizes=\"(max-width: 300px) 100vw, 300px\" \/><\/a><\/p>\n","protected":false},"excerpt":{"rendered":"<p>Tuossa pari blokikirjoitusta sitten, DigiExposta tarinoidessani, kirjoitin: Sen sijaan kokeilin Sonyn NEX-kameroihin tarkoitettua laajakulmatsuumia, SEL1018:aa. Se tuntui varsin mukavalta lasilta ja menee \u201dehk\u00e4 joskus\u201d-kategoriaan. Ainoana huonona puolena on hinta ja musta v\u00e4ri. Ensimm\u00e4inen on hidaste, mutta toinen tarkoittaisi my\u00f6s rungon vaihtamista mustaan. Musta lasi hopeisessa rungossa ei kyll\u00e4 nappaa. Eli silt\u00e4 osin tuo j\u00e4i viel\u00e4 [&hellip;]<\/p>\n","protected":false},"author":2,"featured_media":3216,"comment_status":"open","ping_status":"closed","sticky":false,"template":"","format":"standard","meta":{"footnotes":""},"categories":[16],"tags":[133,136],"yoast_head":"<!-- This site is optimized with the Yoast SEO plugin v24.5 - https:\/\/yoast.com\/wordpress\/plugins\/seo\/ -->\n<title>Sanasta miest\u00e4... - gREat MOments NEver forgotteN<\/title>\n<meta name=\"robots\" content=\"index, follow, max-snippet:-1, max-image-preview:large, max-video-preview:-1\" \/>\n<link rel=\"canonical\" href=\"https:\/\/www.remonen.fi\/WP\/blogi\/sanasta-miesta\/\" \/>\n<meta property=\"og:locale\" content=\"fi_FI\" \/>\n<meta property=\"og:type\" content=\"article\" \/>\n<meta property=\"og:title\" content=\"Sanasta miest\u00e4... - gREat MOments NEver forgotteN\" \/>\n<meta property=\"og:description\" content=\"Tuossa pari blokikirjoitusta sitten, DigiExposta tarinoidessani, kirjoitin: Sen sijaan kokeilin Sonyn NEX-kameroihin tarkoitettua laajakulmatsuumia, SEL1018:aa. Se tuntui varsin mukavalta lasilta ja menee \u201dehk\u00e4 joskus\u201d-kategoriaan. Ainoana huonona puolena on hinta ja musta v\u00e4ri. Ensimm\u00e4inen on hidaste, mutta toinen tarkoittaisi my\u00f6s rungon vaihtamista mustaan. Musta lasi hopeisessa rungossa ei kyll\u00e4 nappaa. Eli silt\u00e4 osin tuo j\u00e4i viel\u00e4 [&hellip;]\" \/>\n<meta property=\"og:url\" content=\"https:\/\/www.remonen.fi\/WP\/blogi\/sanasta-miesta\/\" \/>\n<meta property=\"og:site_name\" content=\"remonen.fi\" \/>\n<meta property=\"article:published_time\" content=\"2013-11-08T08:06:09+00:00\" \/>\n<meta property=\"article:modified_time\" content=\"2014-01-11T12:05:32+00:00\" \/>\n<meta property=\"og:image\" content=\"https:\/\/www.remonen.fi\/WP\/wp-content\/uploads\/2013\/11\/NEX-3.jpg\" \/>\n\t<meta property=\"og:image:width\" content=\"800\" \/>\n\t<meta property=\"og:image:height\" content=\"534\" \/>\n\t<meta property=\"og:image:type\" content=\"image\/jpeg\" \/>\n<meta name=\"author\" content=\"Matti Remonen\" \/>\n<meta name=\"twitter:label1\" content=\"Kirjoittanut\" \/>\n\t<meta name=\"twitter:data1\" content=\"Matti Remonen\" \/>\n\t<meta name=\"twitter:label2\" content=\"Arvioitu lukuaika\" \/>\n\t<meta name=\"twitter:data2\" content=\"1 minuutti\" \/>\n<script type=\"application\/ld+json\" class=\"yoast-schema-graph\">{\"@context\":\"https:\/\/schema.org\",\"@graph\":[{\"@type\":\"Article\",\"@id\":\"https:\/\/www.remonen.fi\/WP\/blogi\/sanasta-miesta\/#article\",\"isPartOf\":{\"@id\":\"https:\/\/www.remonen.fi\/WP\/blogi\/sanasta-miesta\/\"},\"author\":{\"name\":\"Matti Remonen\",\"@id\":\"https:\/\/www.remonen.fi\/WP\/#\/schema\/person\/1803c23d1d4f6722054eb2ac7f7a97cd\"},\"headline\":\"Sanasta miest\u00e4&#8230;\",\"datePublished\":\"2013-11-08T08:06:09+00:00\",\"dateModified\":\"2014-01-11T12:05:32+00:00\",\"mainEntityOfPage\":{\"@id\":\"https:\/\/www.remonen.fi\/WP\/blogi\/sanasta-miesta\/\"},\"wordCount\":288,\"commentCount\":0,\"publisher\":{\"@id\":\"https:\/\/www.remonen.fi\/WP\/#\/schema\/person\/1803c23d1d4f6722054eb2ac7f7a97cd\"},\"image\":{\"@id\":\"https:\/\/www.remonen.fi\/WP\/blogi\/sanasta-miesta\/#primaryimage\"},\"thumbnailUrl\":\"https:\/\/www.remonen.fi\/WP\/wp-content\/uploads\/2013\/11\/NEX-3.jpg\",\"keywords\":[\"NEX-6\",\"SEL1018\"],\"articleSection\":[\"Blog\"],\"inLanguage\":\"fi\",\"potentialAction\":[{\"@type\":\"CommentAction\",\"name\":\"Comment\",\"target\":[\"https:\/\/www.remonen.fi\/WP\/blogi\/sanasta-miesta\/#respond\"]}]},{\"@type\":\"WebPage\",\"@id\":\"https:\/\/www.remonen.fi\/WP\/blogi\/sanasta-miesta\/\",\"url\":\"https:\/\/www.remonen.fi\/WP\/blogi\/sanasta-miesta\/\",\"name\":\"Sanasta miest\u00e4... - gREat MOments NEver forgotteN\",\"isPartOf\":{\"@id\":\"https:\/\/www.remonen.fi\/WP\/#website\"},\"primaryImageOfPage\":{\"@id\":\"https:\/\/www.remonen.fi\/WP\/blogi\/sanasta-miesta\/#primaryimage\"},\"image\":{\"@id\":\"https:\/\/www.remonen.fi\/WP\/blogi\/sanasta-miesta\/#primaryimage\"},\"thumbnailUrl\":\"https:\/\/www.remonen.fi\/WP\/wp-content\/uploads\/2013\/11\/NEX-3.jpg\",\"datePublished\":\"2013-11-08T08:06:09+00:00\",\"dateModified\":\"2014-01-11T12:05:32+00:00\",\"breadcrumb\":{\"@id\":\"https:\/\/www.remonen.fi\/WP\/blogi\/sanasta-miesta\/#breadcrumb\"},\"inLanguage\":\"fi\",\"potentialAction\":[{\"@type\":\"ReadAction\",\"target\":[\"https:\/\/www.remonen.fi\/WP\/blogi\/sanasta-miesta\/\"]}]},{\"@type\":\"ImageObject\",\"inLanguage\":\"fi\",\"@id\":\"https:\/\/www.remonen.fi\/WP\/blogi\/sanasta-miesta\/#primaryimage\",\"url\":\"https:\/\/www.remonen.fi\/WP\/wp-content\/uploads\/2013\/11\/NEX-3.jpg\",\"contentUrl\":\"https:\/\/www.remonen.fi\/WP\/wp-content\/uploads\/2013\/11\/NEX-3.jpg\",\"width\":800,\"height\":534},{\"@type\":\"BreadcrumbList\",\"@id\":\"https:\/\/www.remonen.fi\/WP\/blogi\/sanasta-miesta\/#breadcrumb\",\"itemListElement\":[{\"@type\":\"ListItem\",\"position\":1,\"name\":\"Etusivu\",\"item\":\"https:\/\/www.remonen.fi\/WP\/\"},{\"@type\":\"ListItem\",\"position\":2,\"name\":\"Sanasta miest\u00e4&#8230;\"}]},{\"@type\":\"WebSite\",\"@id\":\"https:\/\/www.remonen.fi\/WP\/#website\",\"url\":\"https:\/\/www.remonen.fi\/WP\/\",\"name\":\"remonen.fi\",\"description\":\"Valokuvia ja tarinaa laidasta laitaan\",\"publisher\":{\"@id\":\"https:\/\/www.remonen.fi\/WP\/#\/schema\/person\/1803c23d1d4f6722054eb2ac7f7a97cd\"},\"potentialAction\":[{\"@type\":\"SearchAction\",\"target\":{\"@type\":\"EntryPoint\",\"urlTemplate\":\"https:\/\/www.remonen.fi\/WP\/?s={search_term_string}\"},\"query-input\":{\"@type\":\"PropertyValueSpecification\",\"valueRequired\":true,\"valueName\":\"search_term_string\"}}],\"inLanguage\":\"fi\"},{\"@type\":[\"Person\",\"Organization\"],\"@id\":\"https:\/\/www.remonen.fi\/WP\/#\/schema\/person\/1803c23d1d4f6722054eb2ac7f7a97cd\",\"name\":\"Matti Remonen\",\"logo\":{\"@id\":\"https:\/\/www.remonen.fi\/WP\/#\/schema\/person\/image\/\"},\"url\":\"https:\/\/www.remonen.fi\/WP\/blogi\/author\/mre\/\"}]}<\/script>\n<!-- \/ Yoast SEO plugin. -->","yoast_head_json":{"title":"Sanasta miest\u00e4... - gREat MOments NEver forgotteN","robots":{"index":"index","follow":"follow","max-snippet":"max-snippet:-1","max-image-preview":"max-image-preview:large","max-video-preview":"max-video-preview:-1"},"canonical":"https:\/\/www.remonen.fi\/WP\/blogi\/sanasta-miesta\/","og_locale":"fi_FI","og_type":"article","og_title":"Sanasta miest\u00e4... - gREat MOments NEver forgotteN","og_description":"Tuossa pari blokikirjoitusta sitten, DigiExposta tarinoidessani, kirjoitin: Sen sijaan kokeilin Sonyn NEX-kameroihin tarkoitettua laajakulmatsuumia, SEL1018:aa. Se tuntui varsin mukavalta lasilta ja menee \u201dehk\u00e4 joskus\u201d-kategoriaan. Ainoana huonona puolena on hinta ja musta v\u00e4ri. Ensimm\u00e4inen on hidaste, mutta toinen tarkoittaisi my\u00f6s rungon vaihtamista mustaan. Musta lasi hopeisessa rungossa ei kyll\u00e4 nappaa. Eli silt\u00e4 osin tuo j\u00e4i viel\u00e4 [&hellip;]","og_url":"https:\/\/www.remonen.fi\/WP\/blogi\/sanasta-miesta\/","og_site_name":"remonen.fi","article_published_time":"2013-11-08T08:06:09+00:00","article_modified_time":"2014-01-11T12:05:32+00:00","og_image":[{"width":800,"height":534,"url":"https:\/\/www.remonen.fi\/WP\/wp-content\/uploads\/2013\/11\/NEX-3.jpg","type":"image\/jpeg"}],"author":"Matti Remonen","twitter_misc":{"Kirjoittanut":"Matti Remonen","Arvioitu lukuaika":"1 minuutti"},"schema":{"@context":"https:\/\/schema.org","@graph":[{"@type":"Article","@id":"https:\/\/www.remonen.fi\/WP\/blogi\/sanasta-miesta\/#article","isPartOf":{"@id":"https:\/\/www.remonen.fi\/WP\/blogi\/sanasta-miesta\/"},"author":{"name":"Matti Remonen","@id":"https:\/\/www.remonen.fi\/WP\/#\/schema\/person\/1803c23d1d4f6722054eb2ac7f7a97cd"},"headline":"Sanasta miest\u00e4&#8230;","datePublished":"2013-11-08T08:06:09+00:00","dateModified":"2014-01-11T12:05:32+00:00","mainEntityOfPage":{"@id":"https:\/\/www.remonen.fi\/WP\/blogi\/sanasta-miesta\/"},"wordCount":288,"commentCount":0,"publisher":{"@id":"https:\/\/www.remonen.fi\/WP\/#\/schema\/person\/1803c23d1d4f6722054eb2ac7f7a97cd"},"image":{"@id":"https:\/\/www.remonen.fi\/WP\/blogi\/sanasta-miesta\/#primaryimage"},"thumbnailUrl":"https:\/\/www.remonen.fi\/WP\/wp-content\/uploads\/2013\/11\/NEX-3.jpg","keywords":["NEX-6","SEL1018"],"articleSection":["Blog"],"inLanguage":"fi","potentialAction":[{"@type":"CommentAction","name":"Comment","target":["https:\/\/www.remonen.fi\/WP\/blogi\/sanasta-miesta\/#respond"]}]},{"@type":"WebPage","@id":"https:\/\/www.remonen.fi\/WP\/blogi\/sanasta-miesta\/","url":"https:\/\/www.remonen.fi\/WP\/blogi\/sanasta-miesta\/","name":"Sanasta miest\u00e4... - gREat MOments NEver forgotteN","isPartOf":{"@id":"https:\/\/www.remonen.fi\/WP\/#website"},"primaryImageOfPage":{"@id":"https:\/\/www.remonen.fi\/WP\/blogi\/sanasta-miesta\/#primaryimage"},"image":{"@id":"https:\/\/www.remonen.fi\/WP\/blogi\/sanasta-miesta\/#primaryimage"},"thumbnailUrl":"https:\/\/www.remonen.fi\/WP\/wp-content\/uploads\/2013\/11\/NEX-3.jpg","datePublished":"2013-11-08T08:06:09+00:00","dateModified":"2014-01-11T12:05:32+00:00","breadcrumb":{"@id":"https:\/\/www.remonen.fi\/WP\/blogi\/sanasta-miesta\/#breadcrumb"},"inLanguage":"fi","potentialAction":[{"@type":"ReadAction","target":["https:\/\/www.remonen.fi\/WP\/blogi\/sanasta-miesta\/"]}]},{"@type":"ImageObject","inLanguage":"fi","@id":"https:\/\/www.remonen.fi\/WP\/blogi\/sanasta-miesta\/#primaryimage","url":"https:\/\/www.remonen.fi\/WP\/wp-content\/uploads\/2013\/11\/NEX-3.jpg","contentUrl":"https:\/\/www.remonen.fi\/WP\/wp-content\/uploads\/2013\/11\/NEX-3.jpg","width":800,"height":534},{"@type":"BreadcrumbList","@id":"https:\/\/www.remonen.fi\/WP\/blogi\/sanasta-miesta\/#breadcrumb","itemListElement":[{"@type":"ListItem","position":1,"name":"Etusivu","item":"https:\/\/www.remonen.fi\/WP\/"},{"@type":"ListItem","position":2,"name":"Sanasta miest\u00e4&#8230;"}]},{"@type":"WebSite","@id":"https:\/\/www.remonen.fi\/WP\/#website","url":"https:\/\/www.remonen.fi\/WP\/","name":"remonen.fi","description":"Valokuvia ja tarinaa laidasta laitaan","publisher":{"@id":"https:\/\/www.remonen.fi\/WP\/#\/schema\/person\/1803c23d1d4f6722054eb2ac7f7a97cd"},"potentialAction":[{"@type":"SearchAction","target":{"@type":"EntryPoint","urlTemplate":"https:\/\/www.remonen.fi\/WP\/?s={search_term_string}"},"query-input":{"@type":"PropertyValueSpecification","valueRequired":true,"valueName":"search_term_string"}}],"inLanguage":"fi"},{"@type":["Person","Organization"],"@id":"https:\/\/www.remonen.fi\/WP\/#\/schema\/person\/1803c23d1d4f6722054eb2ac7f7a97cd","name":"Matti Remonen","logo":{"@id":"https:\/\/www.remonen.fi\/WP\/#\/schema\/person\/image\/"},"url":"https:\/\/www.remonen.fi\/WP\/blogi\/author\/mre\/"}]}},"_links":{"self":[{"href":"https:\/\/www.remonen.fi\/WP\/wp-json\/wp\/v2\/posts\/3210"}],"collection":[{"href":"https:\/\/www.remonen.fi\/WP\/wp-json\/wp\/v2\/posts"}],"about":[{"href":"https:\/\/www.remonen.fi\/WP\/wp-json\/wp\/v2\/types\/post"}],"author":[{"embeddable":true,"href":"https:\/\/www.remonen.fi\/WP\/wp-json\/wp\/v2\/users\/2"}],"replies":[{"embeddable":true,"href":"https:\/\/www.remonen.fi\/WP\/wp-json\/wp\/v2\/comments?post=3210"}],"version-history":[{"count":0,"href":"https:\/\/www.remonen.fi\/WP\/wp-json\/wp\/v2\/posts\/3210\/revisions"}],"wp:featuredmedia":[{"embeddable":true,"href":"https:\/\/www.remonen.fi\/WP\/wp-json\/wp\/v2\/media\/3216"}],"wp:attachment":[{"href":"https:\/\/www.remonen.fi\/WP\/wp-json\/wp\/v2\/media?parent=3210"}],"wp:term":[{"taxonomy":"category","embeddable":true,"href":"https:\/\/www.remonen.fi\/WP\/wp-json\/wp\/v2\/categories?post=3210"},{"taxonomy":"post_tag","embeddable":true,"href":"https:\/\/www.remonen.fi\/WP\/wp-json\/wp\/v2\/tags?post=3210"}],"curies":[{"name":"wp","href":"https:\/\/api.w.org\/{rel}","templated":true}]}}