{"id":3222,"date":"2013-11-13T20:46:19","date_gmt":"2013-11-13T18:46:19","guid":{"rendered":"http:\/\/www.remonen.fi\/?p=3222"},"modified":"2014-01-11T14:04:44","modified_gmt":"2014-01-11T12:04:44","slug":"next-nex","status":"publish","type":"post","link":"https:\/\/www.remonen.fi\/WP\/blogi\/next-nex\/","title":{"rendered":"Next NEX"},"content":{"rendered":"<div id=\"attachment_3228\" style=\"width: 310px\" class=\"wp-caption alignleft\"><a href=\"http:\/\/www.remonen.fi\/WP\/wp-content\/uploads\/2013\/11\/NEX6-4.jpg\"><img loading=\"lazy\" decoding=\"async\" aria-describedby=\"caption-attachment-3228\" class=\"size-medium wp-image-3228\" alt=\"NEX6-4\" src=\"http:\/\/www.remonen.fi\/WP\/wp-content\/uploads\/2013\/11\/NEX6-4-300x200.jpg\" width=\"300\" height=\"200\" srcset=\"https:\/\/www.remonen.fi\/WP\/wp-content\/uploads\/2013\/11\/NEX6-4-300x200.jpg 300w, https:\/\/www.remonen.fi\/WP\/wp-content\/uploads\/2013\/11\/NEX6-4.jpg 800w\" sizes=\"(max-width: 300px) 100vw, 300px\" \/><\/a><p id=\"caption-attachment-3228\" class=\"wp-caption-text\">Si\u00e4lt se sit tuli&#8230;<\/p><\/div>\n<p>Dodii&#8230; nyt t\u00e4m\u00e4 DigiExposta alkanut tapahtumien vy\u00f6ry ja pys\u00e4ytt\u00e4m\u00e4t\u00f6n ketjureaktio on saavuttanut huippukohtansa ja toivottavasti t\u00e4st\u00e4 eteenp\u00e4in menn\u00e4\u00e4n hieman rauhallisemmissa merkeiss\u00e4. Kuten tuossa <a title=\"Sanasta miest\u00e4\u2026\" href=\"http:\/\/www.remonen.fi\/photoblog\/sanasta-miesta\/\">aiemmin kirjoittelin<\/a>, Sony Storesta oli tulossa refurb-<a title=\"NEX6Y\" href=\"http:\/\/www.sony.fi\/product\/dsb-nex-6\/nex-6y\" target=\"_blank\">NEX6-kitti<\/a>, jossa mukana <a title=\"SELP1650\" href=\"http:\/\/www.sony.fi\/product\/dal-point-shoot\/sel-p1650\" target=\"_blank\">SELP1650<\/a> ja <a title=\"SEL55210\" href=\"http:\/\/www.sony.fi\/product\/ddl-telephoto-lenses\/sel-55210\" target=\"_blank\">SEL55210<\/a>. Ja samalla vanha NEX-5N objektiiveineen meni tyrkylle myyntiin. Viikon aikana kynsi\u00e4 pureskellessa aloin jo miettim\u00e4\u00e4n, ett\u00e4 oliko t\u00e4ss\u00e4 mit\u00e4\u00e4n j\u00e4rke\u00e4. No ei ollut, mutta lupasin pyh\u00e4sti itselleni, ett\u00e4 palautan kutosen, jos vitonen releineen ei mene kaupaksi. Ensin n\u00e4ytti silt\u00e4, ett\u00e4 kukaan ei ole kiinnostunut, mutta sitten alkuviikosta alkoi tapahtumaan (kun olin purkanut paketin osiin) ja kaik m\u00e4n.<\/p>\n<p>Ei tuolla tienaamaan p\u00e4\u00e4ssyt, mutta pienill\u00e4 tappioilla selvittiin. Olin alussa hieman skeptinen tuon palautuskameran suhteen, ett\u00e4 millaista runtua se oli saanut edelliselt\u00e4 omistajalta. P\u00e4\u00e4llisin puolin kamera ei uutta h\u00e4vennyt, asetukset oli nollattu ja kuvalaskurikin n\u00e4ytti nollaa. En sitten tied\u00e4, ovatko Sonyn poijjaat tehneet tuohon jonkun hard-resetin, mutta uskotaan ett\u00e4 kyseess\u00e4 on ihan soiva peli. Joka tapauksessa katu-uskottavuus parani tuon <a title=\"SEL1018\" href=\"http:\/\/www.sony.fi\/product\/ddl-wide-angle-lenses\/sel-1018\" target=\"_blank\">SEL1018<\/a>:sta osalta heti sen 100%, jollei enemm\u00e4nkin.<\/p>\n<table border=\"0\" align=\"center\">\n<tbody>\n<tr>\n<td>\n<p><div id=\"attachment_3233\" style=\"width: 310px\" class=\"wp-caption alignnone\"><a href=\"http:\/\/www.remonen.fi\/WP\/wp-content\/uploads\/2013\/11\/NEX6-10.jpg\"><img loading=\"lazy\" decoding=\"async\" aria-describedby=\"caption-attachment-3233\" class=\"size-medium wp-image-3233   \" alt=\"NEX6-10\" src=\"http:\/\/www.remonen.fi\/WP\/wp-content\/uploads\/2013\/11\/NEX6-10-300x200.jpg\" width=\"300\" height=\"200\" srcset=\"https:\/\/www.remonen.fi\/WP\/wp-content\/uploads\/2013\/11\/NEX6-10-300x200.jpg 300w, https:\/\/www.remonen.fi\/WP\/wp-content\/uploads\/2013\/11\/NEX6-10.jpg 800w\" sizes=\"(max-width: 300px) 100vw, 300px\" \/><\/a><p id=\"caption-attachment-3233\" class=\"wp-caption-text\">NEX6+SEL1018<\/p><\/div><\/td>\n<td>\n<p><div id=\"attachment_3234\" style=\"width: 310px\" class=\"wp-caption alignnone\"><a href=\"http:\/\/www.remonen.fi\/WP\/wp-content\/uploads\/2013\/11\/NEX6-9.jpg\"><img loading=\"lazy\" decoding=\"async\" aria-describedby=\"caption-attachment-3234\" class=\"size-medium wp-image-3234 \" alt=\"NEX6-9\" src=\"http:\/\/www.remonen.fi\/WP\/wp-content\/uploads\/2013\/11\/NEX6-9-300x200.jpg\" width=\"300\" height=\"200\" srcset=\"https:\/\/www.remonen.fi\/WP\/wp-content\/uploads\/2013\/11\/NEX6-9-300x200.jpg 300w, https:\/\/www.remonen.fi\/WP\/wp-content\/uploads\/2013\/11\/NEX6-9.jpg 800w\" sizes=\"(max-width: 300px) 100vw, 300px\" \/><\/a><p id=\"caption-attachment-3234\" class=\"wp-caption-text\">NEX6+SELP1650Z &amp; SEL1018 &amp; SEL55210<\/p><\/div><\/td>\n<\/tr>\n<\/tbody>\n<\/table>\n<p>Tosiaan, tuossa mukana tuli varsin kompaktin kokoinen perustsuumi: 16-50mm (kinovastaavuudeltaan 24 &#8211; 75 mm, eli ns. normaalizoom). Valovoimahan obiskassa ei p\u00e4\u00e4t\u00e4 huimaa (f\/3.5-f\/5.6), mutta homman juju onkin tuossa koossa: objektiivi menee kasaan v\u00e4h\u00e4n niin kuin kompaktikameroissa, joten lepoasennossa kameran saa pienemp\u00e4\u00e4nkin taskuun.<\/p>\n<table border=\"0\" align=\"center\">\n<tbody>\n<tr>\n<td>\n<p><div id=\"attachment_3225\" style=\"width: 310px\" class=\"wp-caption alignnone\"><a href=\"http:\/\/www.remonen.fi\/WP\/wp-content\/uploads\/2013\/11\/NEX6-7.jpg\"><img loading=\"lazy\" decoding=\"async\" aria-describedby=\"caption-attachment-3225\" class=\"size-medium wp-image-3225 \" alt=\"NEX6-7\" src=\"http:\/\/www.remonen.fi\/WP\/wp-content\/uploads\/2013\/11\/NEX6-7-300x200.jpg\" width=\"300\" height=\"200\" srcset=\"https:\/\/www.remonen.fi\/WP\/wp-content\/uploads\/2013\/11\/NEX6-7-300x200.jpg 300w, https:\/\/www.remonen.fi\/WP\/wp-content\/uploads\/2013\/11\/NEX6-7.jpg 800w\" sizes=\"(max-width: 300px) 100vw, 300px\" \/><\/a><p id=\"caption-attachment-3225\" class=\"wp-caption-text\">SELP1650 levossa&#8230;<\/p><\/div><\/td>\n<td>\n<p><div id=\"attachment_3224\" style=\"width: 310px\" class=\"wp-caption alignnone\"><a href=\"http:\/\/www.remonen.fi\/WP\/wp-content\/uploads\/2013\/11\/NEX6-8.jpg\"><img loading=\"lazy\" decoding=\"async\" aria-describedby=\"caption-attachment-3224\" class=\"size-medium wp-image-3224\" alt=\"NEX6-8\" src=\"http:\/\/www.remonen.fi\/WP\/wp-content\/uploads\/2013\/11\/NEX6-8-300x200.jpg\" width=\"300\" height=\"200\" srcset=\"https:\/\/www.remonen.fi\/WP\/wp-content\/uploads\/2013\/11\/NEX6-8-300x200.jpg 300w, https:\/\/www.remonen.fi\/WP\/wp-content\/uploads\/2013\/11\/NEX6-8.jpg 800w\" sizes=\"(max-width: 300px) 100vw, 300px\" \/><\/a><p id=\"caption-attachment-3224\" class=\"wp-caption-text\">&#8230; ja valmiina taistoon!<\/p><\/div><\/td>\n<\/tr>\n<\/tbody>\n<\/table>\n<p>Mik\u00e4\u00e4n kuvanlaadun referenssi tuo lasi ei ole, varsinkin lajassa p\u00e4\u00e4ss\u00e4 on enemm\u00e4n tynnyriv\u00e4\u00e4ristym\u00e4\u00e4 kuin mun 8-millin <a title=\"Circular Fisheye\" href=\"http:\/\/www.sigmaphoto.com\/product\/8mm-f35-ex-dg-circular-fisheye\" target=\"_blank\">kalansilm\u00e4-sigmassa<\/a>. Tosin v\u00e4\u00e4ristym\u00e4t saa Lightroomissa oiottua automaattisesti, joten en nyt jaksa tuosta olla kovin huolissani. T\u00e4ytyy sitten my\u00f6hemmin katsella, hankkiiko tuon rinnalle toisen lasin. Joko SEL1855:n tai sen uuden SEL18105:n, joka on tosin sekin moottoritsuumi. Nuo moottoritsuumit eiv\u00e4t k\u00e4ytett\u00e4vyydelt\u00e4\u00e4n ole manuaalin veroisia, zoomaus on sellaista hakemista. No, kaikkeen tottuu. Ehk\u00e4.<\/p>\n<table border=\"0\" align=\"center\">\n<tbody>\n<tr>\n<td>\n<p><div id=\"attachment_3223\" style=\"width: 310px\" class=\"wp-caption alignnone\"><a href=\"http:\/\/www.remonen.fi\/WP\/wp-content\/uploads\/2013\/11\/NEX6-2.jpg\"><img loading=\"lazy\" decoding=\"async\" aria-describedby=\"caption-attachment-3223\" class=\"size-medium wp-image-3223 \" alt=\"NEX6-2\" src=\"http:\/\/www.remonen.fi\/WP\/wp-content\/uploads\/2013\/11\/NEX6-2-300x199.jpg\" width=\"300\" height=\"199\" srcset=\"https:\/\/www.remonen.fi\/WP\/wp-content\/uploads\/2013\/11\/NEX6-2-300x199.jpg 300w, https:\/\/www.remonen.fi\/WP\/wp-content\/uploads\/2013\/11\/NEX6-2.jpg 800w\" sizes=\"(max-width: 300px) 100vw, 300px\" \/><\/a><p id=\"caption-attachment-3223\" class=\"wp-caption-text\">SEL1650:ll\u00e4 otettu kuva (suoraan kamerasta)<\/p><\/div><\/td>\n<td>\n<p><div id=\"attachment_3230\" style=\"width: 310px\" class=\"wp-caption alignnone\"><a href=\"http:\/\/www.remonen.fi\/WP\/wp-content\/uploads\/2013\/11\/NEX6.jpg\"><img loading=\"lazy\" decoding=\"async\" aria-describedby=\"caption-attachment-3230\" class=\"size-medium wp-image-3230\" alt=\"NEX6\" src=\"http:\/\/www.remonen.fi\/WP\/wp-content\/uploads\/2013\/11\/NEX6-300x199.jpg\" width=\"300\" height=\"199\" srcset=\"https:\/\/www.remonen.fi\/WP\/wp-content\/uploads\/2013\/11\/NEX6-300x199.jpg 300w, https:\/\/www.remonen.fi\/WP\/wp-content\/uploads\/2013\/11\/NEX6.jpg 800w\" sizes=\"(max-width: 300px) 100vw, 300px\" \/><\/a><p id=\"caption-attachment-3230\" class=\"wp-caption-text\">ja Lightroomissa korjattuna<\/p><\/div><\/td>\n<\/tr>\n<\/tbody>\n<\/table>\n<p>Muuten kamera on ollut niin v\u00e4h\u00e4n aikaa k\u00e4yt\u00f6ss\u00e4, ettei siit\u00e4 oikein voi kirjoittaa mit\u00e4\u00e4n. Tuostahan l\u00f6ytyy kaikenlaisia omituisuuksia, \u00f6\u00f6\u00f6&#8230; siis ominaisuuksia, kuten wifi ja asennettavat sovellukset. Noille en paljoa arvoa anna. Mieluummin olisin ottanut bluetoothin ja GPS:n. Mutta t\u00e4st\u00e4 my\u00f6hemmin. Kenties.<\/p>\n","protected":false},"excerpt":{"rendered":"<p>Dodii&#8230; nyt t\u00e4m\u00e4 DigiExposta alkanut tapahtumien vy\u00f6ry ja pys\u00e4ytt\u00e4m\u00e4t\u00f6n ketjureaktio on saavuttanut huippukohtansa ja toivottavasti t\u00e4st\u00e4 eteenp\u00e4in menn\u00e4\u00e4n hieman rauhallisemmissa merkeiss\u00e4. Kuten tuossa aiemmin kirjoittelin, Sony Storesta oli tulossa refurb-NEX6-kitti, jossa mukana SELP1650 ja SEL55210. Ja samalla vanha NEX-5N objektiiveineen meni tyrkylle myyntiin. Viikon aikana kynsi\u00e4 pureskellessa aloin jo miettim\u00e4\u00e4n, ett\u00e4 oliko t\u00e4ss\u00e4 mit\u00e4\u00e4n j\u00e4rke\u00e4. [&hellip;]<\/p>\n","protected":false},"author":2,"featured_media":3229,"comment_status":"open","ping_status":"closed","sticky":false,"template":"","format":"standard","meta":{"footnotes":""},"categories":[16],"tags":[133,135,134],"yoast_head":"<!-- This site is optimized with the Yoast SEO plugin v24.5 - https:\/\/yoast.com\/wordpress\/plugins\/seo\/ -->\n<title>Next NEX - gREat MOments NEver forgotteN<\/title>\n<meta name=\"robots\" content=\"index, follow, max-snippet:-1, max-image-preview:large, max-video-preview:-1\" \/>\n<link rel=\"canonical\" href=\"https:\/\/www.remonen.fi\/WP\/blogi\/next-nex\/\" \/>\n<meta property=\"og:locale\" content=\"fi_FI\" \/>\n<meta property=\"og:type\" content=\"article\" \/>\n<meta property=\"og:title\" content=\"Next NEX - gREat MOments NEver forgotteN\" \/>\n<meta property=\"og:description\" content=\"Dodii&#8230; nyt t\u00e4m\u00e4 DigiExposta alkanut tapahtumien vy\u00f6ry ja pys\u00e4ytt\u00e4m\u00e4t\u00f6n ketjureaktio on saavuttanut huippukohtansa ja toivottavasti t\u00e4st\u00e4 eteenp\u00e4in menn\u00e4\u00e4n hieman rauhallisemmissa merkeiss\u00e4. Kuten tuossa aiemmin kirjoittelin, Sony Storesta oli tulossa refurb-NEX6-kitti, jossa mukana SELP1650 ja SEL55210. Ja samalla vanha NEX-5N objektiiveineen meni tyrkylle myyntiin. Viikon aikana kynsi\u00e4 pureskellessa aloin jo miettim\u00e4\u00e4n, ett\u00e4 oliko t\u00e4ss\u00e4 mit\u00e4\u00e4n j\u00e4rke\u00e4. [&hellip;]\" \/>\n<meta property=\"og:url\" content=\"https:\/\/www.remonen.fi\/WP\/blogi\/next-nex\/\" \/>\n<meta property=\"og:site_name\" content=\"remonen.fi\" \/>\n<meta property=\"article:published_time\" content=\"2013-11-13T18:46:19+00:00\" \/>\n<meta property=\"article:modified_time\" content=\"2014-01-11T12:04:44+00:00\" \/>\n<meta property=\"og:image\" content=\"https:\/\/www.remonen.fi\/WP\/wp-content\/uploads\/2013\/11\/NEX6-3.jpg\" \/>\n\t<meta property=\"og:image:width\" content=\"799\" \/>\n\t<meta property=\"og:image:height\" content=\"418\" \/>\n\t<meta property=\"og:image:type\" content=\"image\/jpeg\" \/>\n<meta name=\"author\" content=\"Matti Remonen\" \/>\n<meta name=\"twitter:label1\" content=\"Kirjoittanut\" \/>\n\t<meta name=\"twitter:data1\" content=\"Matti Remonen\" \/>\n\t<meta name=\"twitter:label2\" content=\"Arvioitu lukuaika\" \/>\n\t<meta name=\"twitter:data2\" content=\"2 minuuttia\" \/>\n<script type=\"application\/ld+json\" class=\"yoast-schema-graph\">{\"@context\":\"https:\/\/schema.org\",\"@graph\":[{\"@type\":\"Article\",\"@id\":\"https:\/\/www.remonen.fi\/WP\/blogi\/next-nex\/#article\",\"isPartOf\":{\"@id\":\"https:\/\/www.remonen.fi\/WP\/blogi\/next-nex\/\"},\"author\":{\"name\":\"Matti Remonen\",\"@id\":\"https:\/\/www.remonen.fi\/WP\/#\/schema\/person\/1803c23d1d4f6722054eb2ac7f7a97cd\"},\"headline\":\"Next NEX\",\"datePublished\":\"2013-11-13T18:46:19+00:00\",\"dateModified\":\"2014-01-11T12:04:44+00:00\",\"mainEntityOfPage\":{\"@id\":\"https:\/\/www.remonen.fi\/WP\/blogi\/next-nex\/\"},\"wordCount\":436,\"commentCount\":0,\"publisher\":{\"@id\":\"https:\/\/www.remonen.fi\/WP\/#\/schema\/person\/1803c23d1d4f6722054eb2ac7f7a97cd\"},\"image\":{\"@id\":\"https:\/\/www.remonen.fi\/WP\/blogi\/next-nex\/#primaryimage\"},\"thumbnailUrl\":\"https:\/\/www.remonen.fi\/WP\/wp-content\/uploads\/2013\/11\/NEX6-3.jpg\",\"keywords\":[\"NEX-6\",\"SEL55210\",\"SELP1655\"],\"articleSection\":[\"Blog\"],\"inLanguage\":\"fi\",\"potentialAction\":[{\"@type\":\"CommentAction\",\"name\":\"Comment\",\"target\":[\"https:\/\/www.remonen.fi\/WP\/blogi\/next-nex\/#respond\"]}]},{\"@type\":\"WebPage\",\"@id\":\"https:\/\/www.remonen.fi\/WP\/blogi\/next-nex\/\",\"url\":\"https:\/\/www.remonen.fi\/WP\/blogi\/next-nex\/\",\"name\":\"Next NEX - gREat MOments NEver forgotteN\",\"isPartOf\":{\"@id\":\"https:\/\/www.remonen.fi\/WP\/#website\"},\"primaryImageOfPage\":{\"@id\":\"https:\/\/www.remonen.fi\/WP\/blogi\/next-nex\/#primaryimage\"},\"image\":{\"@id\":\"https:\/\/www.remonen.fi\/WP\/blogi\/next-nex\/#primaryimage\"},\"thumbnailUrl\":\"https:\/\/www.remonen.fi\/WP\/wp-content\/uploads\/2013\/11\/NEX6-3.jpg\",\"datePublished\":\"2013-11-13T18:46:19+00:00\",\"dateModified\":\"2014-01-11T12:04:44+00:00\",\"breadcrumb\":{\"@id\":\"https:\/\/www.remonen.fi\/WP\/blogi\/next-nex\/#breadcrumb\"},\"inLanguage\":\"fi\",\"potentialAction\":[{\"@type\":\"ReadAction\",\"target\":[\"https:\/\/www.remonen.fi\/WP\/blogi\/next-nex\/\"]}]},{\"@type\":\"ImageObject\",\"inLanguage\":\"fi\",\"@id\":\"https:\/\/www.remonen.fi\/WP\/blogi\/next-nex\/#primaryimage\",\"url\":\"https:\/\/www.remonen.fi\/WP\/wp-content\/uploads\/2013\/11\/NEX6-3.jpg\",\"contentUrl\":\"https:\/\/www.remonen.fi\/WP\/wp-content\/uploads\/2013\/11\/NEX6-3.jpg\",\"width\":799,\"height\":418},{\"@type\":\"BreadcrumbList\",\"@id\":\"https:\/\/www.remonen.fi\/WP\/blogi\/next-nex\/#breadcrumb\",\"itemListElement\":[{\"@type\":\"ListItem\",\"position\":1,\"name\":\"Etusivu\",\"item\":\"https:\/\/www.remonen.fi\/WP\/\"},{\"@type\":\"ListItem\",\"position\":2,\"name\":\"Next NEX\"}]},{\"@type\":\"WebSite\",\"@id\":\"https:\/\/www.remonen.fi\/WP\/#website\",\"url\":\"https:\/\/www.remonen.fi\/WP\/\",\"name\":\"remonen.fi\",\"description\":\"Valokuvia ja tarinaa laidasta laitaan\",\"publisher\":{\"@id\":\"https:\/\/www.remonen.fi\/WP\/#\/schema\/person\/1803c23d1d4f6722054eb2ac7f7a97cd\"},\"potentialAction\":[{\"@type\":\"SearchAction\",\"target\":{\"@type\":\"EntryPoint\",\"urlTemplate\":\"https:\/\/www.remonen.fi\/WP\/?s={search_term_string}\"},\"query-input\":{\"@type\":\"PropertyValueSpecification\",\"valueRequired\":true,\"valueName\":\"search_term_string\"}}],\"inLanguage\":\"fi\"},{\"@type\":[\"Person\",\"Organization\"],\"@id\":\"https:\/\/www.remonen.fi\/WP\/#\/schema\/person\/1803c23d1d4f6722054eb2ac7f7a97cd\",\"name\":\"Matti Remonen\",\"logo\":{\"@id\":\"https:\/\/www.remonen.fi\/WP\/#\/schema\/person\/image\/\"},\"url\":\"https:\/\/www.remonen.fi\/WP\/blogi\/author\/mre\/\"}]}<\/script>\n<!-- \/ Yoast SEO plugin. -->","yoast_head_json":{"title":"Next NEX - gREat MOments NEver forgotteN","robots":{"index":"index","follow":"follow","max-snippet":"max-snippet:-1","max-image-preview":"max-image-preview:large","max-video-preview":"max-video-preview:-1"},"canonical":"https:\/\/www.remonen.fi\/WP\/blogi\/next-nex\/","og_locale":"fi_FI","og_type":"article","og_title":"Next NEX - gREat MOments NEver forgotteN","og_description":"Dodii&#8230; nyt t\u00e4m\u00e4 DigiExposta alkanut tapahtumien vy\u00f6ry ja pys\u00e4ytt\u00e4m\u00e4t\u00f6n ketjureaktio on saavuttanut huippukohtansa ja toivottavasti t\u00e4st\u00e4 eteenp\u00e4in menn\u00e4\u00e4n hieman rauhallisemmissa merkeiss\u00e4. Kuten tuossa aiemmin kirjoittelin, Sony Storesta oli tulossa refurb-NEX6-kitti, jossa mukana SELP1650 ja SEL55210. Ja samalla vanha NEX-5N objektiiveineen meni tyrkylle myyntiin. Viikon aikana kynsi\u00e4 pureskellessa aloin jo miettim\u00e4\u00e4n, ett\u00e4 oliko t\u00e4ss\u00e4 mit\u00e4\u00e4n j\u00e4rke\u00e4. [&hellip;]","og_url":"https:\/\/www.remonen.fi\/WP\/blogi\/next-nex\/","og_site_name":"remonen.fi","article_published_time":"2013-11-13T18:46:19+00:00","article_modified_time":"2014-01-11T12:04:44+00:00","og_image":[{"width":799,"height":418,"url":"https:\/\/www.remonen.fi\/WP\/wp-content\/uploads\/2013\/11\/NEX6-3.jpg","type":"image\/jpeg"}],"author":"Matti Remonen","twitter_misc":{"Kirjoittanut":"Matti Remonen","Arvioitu lukuaika":"2 minuuttia"},"schema":{"@context":"https:\/\/schema.org","@graph":[{"@type":"Article","@id":"https:\/\/www.remonen.fi\/WP\/blogi\/next-nex\/#article","isPartOf":{"@id":"https:\/\/www.remonen.fi\/WP\/blogi\/next-nex\/"},"author":{"name":"Matti Remonen","@id":"https:\/\/www.remonen.fi\/WP\/#\/schema\/person\/1803c23d1d4f6722054eb2ac7f7a97cd"},"headline":"Next NEX","datePublished":"2013-11-13T18:46:19+00:00","dateModified":"2014-01-11T12:04:44+00:00","mainEntityOfPage":{"@id":"https:\/\/www.remonen.fi\/WP\/blogi\/next-nex\/"},"wordCount":436,"commentCount":0,"publisher":{"@id":"https:\/\/www.remonen.fi\/WP\/#\/schema\/person\/1803c23d1d4f6722054eb2ac7f7a97cd"},"image":{"@id":"https:\/\/www.remonen.fi\/WP\/blogi\/next-nex\/#primaryimage"},"thumbnailUrl":"https:\/\/www.remonen.fi\/WP\/wp-content\/uploads\/2013\/11\/NEX6-3.jpg","keywords":["NEX-6","SEL55210","SELP1655"],"articleSection":["Blog"],"inLanguage":"fi","potentialAction":[{"@type":"CommentAction","name":"Comment","target":["https:\/\/www.remonen.fi\/WP\/blogi\/next-nex\/#respond"]}]},{"@type":"WebPage","@id":"https:\/\/www.remonen.fi\/WP\/blogi\/next-nex\/","url":"https:\/\/www.remonen.fi\/WP\/blogi\/next-nex\/","name":"Next NEX - gREat MOments NEver forgotteN","isPartOf":{"@id":"https:\/\/www.remonen.fi\/WP\/#website"},"primaryImageOfPage":{"@id":"https:\/\/www.remonen.fi\/WP\/blogi\/next-nex\/#primaryimage"},"image":{"@id":"https:\/\/www.remonen.fi\/WP\/blogi\/next-nex\/#primaryimage"},"thumbnailUrl":"https:\/\/www.remonen.fi\/WP\/wp-content\/uploads\/2013\/11\/NEX6-3.jpg","datePublished":"2013-11-13T18:46:19+00:00","dateModified":"2014-01-11T12:04:44+00:00","breadcrumb":{"@id":"https:\/\/www.remonen.fi\/WP\/blogi\/next-nex\/#breadcrumb"},"inLanguage":"fi","potentialAction":[{"@type":"ReadAction","target":["https:\/\/www.remonen.fi\/WP\/blogi\/next-nex\/"]}]},{"@type":"ImageObject","inLanguage":"fi","@id":"https:\/\/www.remonen.fi\/WP\/blogi\/next-nex\/#primaryimage","url":"https:\/\/www.remonen.fi\/WP\/wp-content\/uploads\/2013\/11\/NEX6-3.jpg","contentUrl":"https:\/\/www.remonen.fi\/WP\/wp-content\/uploads\/2013\/11\/NEX6-3.jpg","width":799,"height":418},{"@type":"BreadcrumbList","@id":"https:\/\/www.remonen.fi\/WP\/blogi\/next-nex\/#breadcrumb","itemListElement":[{"@type":"ListItem","position":1,"name":"Etusivu","item":"https:\/\/www.remonen.fi\/WP\/"},{"@type":"ListItem","position":2,"name":"Next NEX"}]},{"@type":"WebSite","@id":"https:\/\/www.remonen.fi\/WP\/#website","url":"https:\/\/www.remonen.fi\/WP\/","name":"remonen.fi","description":"Valokuvia ja tarinaa laidasta laitaan","publisher":{"@id":"https:\/\/www.remonen.fi\/WP\/#\/schema\/person\/1803c23d1d4f6722054eb2ac7f7a97cd"},"potentialAction":[{"@type":"SearchAction","target":{"@type":"EntryPoint","urlTemplate":"https:\/\/www.remonen.fi\/WP\/?s={search_term_string}"},"query-input":{"@type":"PropertyValueSpecification","valueRequired":true,"valueName":"search_term_string"}}],"inLanguage":"fi"},{"@type":["Person","Organization"],"@id":"https:\/\/www.remonen.fi\/WP\/#\/schema\/person\/1803c23d1d4f6722054eb2ac7f7a97cd","name":"Matti Remonen","logo":{"@id":"https:\/\/www.remonen.fi\/WP\/#\/schema\/person\/image\/"},"url":"https:\/\/www.remonen.fi\/WP\/blogi\/author\/mre\/"}]}},"_links":{"self":[{"href":"https:\/\/www.remonen.fi\/WP\/wp-json\/wp\/v2\/posts\/3222"}],"collection":[{"href":"https:\/\/www.remonen.fi\/WP\/wp-json\/wp\/v2\/posts"}],"about":[{"href":"https:\/\/www.remonen.fi\/WP\/wp-json\/wp\/v2\/types\/post"}],"author":[{"embeddable":true,"href":"https:\/\/www.remonen.fi\/WP\/wp-json\/wp\/v2\/users\/2"}],"replies":[{"embeddable":true,"href":"https:\/\/www.remonen.fi\/WP\/wp-json\/wp\/v2\/comments?post=3222"}],"version-history":[{"count":0,"href":"https:\/\/www.remonen.fi\/WP\/wp-json\/wp\/v2\/posts\/3222\/revisions"}],"wp:featuredmedia":[{"embeddable":true,"href":"https:\/\/www.remonen.fi\/WP\/wp-json\/wp\/v2\/media\/3229"}],"wp:attachment":[{"href":"https:\/\/www.remonen.fi\/WP\/wp-json\/wp\/v2\/media?parent=3222"}],"wp:term":[{"taxonomy":"category","embeddable":true,"href":"https:\/\/www.remonen.fi\/WP\/wp-json\/wp\/v2\/categories?post=3222"},{"taxonomy":"post_tag","embeddable":true,"href":"https:\/\/www.remonen.fi\/WP\/wp-json\/wp\/v2\/tags?post=3222"}],"curies":[{"name":"wp","href":"https:\/\/api.w.org\/{rel}","templated":true}]}}