{"id":3256,"date":"2013-11-17T15:48:10","date_gmt":"2013-11-17T13:48:10","guid":{"rendered":"http:\/\/www.remonen.fi\/?p=3256"},"modified":"2013-11-17T16:14:55","modified_gmt":"2013-11-17T14:14:55","slug":"voihan-eino","status":"publish","type":"post","link":"https:\/\/www.remonen.fi\/WP\/blogi\/voihan-eino\/","title":{"rendered":"Voihan Eino&#8230;"},"content":{"rendered":"<p>Eilen k\u00e4vimme tapaamassa yht\u00e4 Einoa Kotkassa ja nyt sitten Eino tuli myrskyn muodossa tapaamaan koko Suomea. Eik\u00e4 siit\u00e4 ilman vahinkoja n\u00e4yt\u00e4 selvi\u00e4v\u00e4n: s\u00e4hk\u00f6t on poikki sadaltatuhannelta ja parit-kolmet rautatie-osuudetkin ovat poikki radoille ja ajojohtimiin kaatuneiden puiden vuoksi.<\/p>\n<table border=\"0\" align=\"center\">\n<tbody>\n<tr>\n<td><a href=\"http:\/\/www.remonen.fi\/WP\/wp-content\/uploads\/2013\/11\/Porkkala-Eino.jpg\"><img loading=\"lazy\" decoding=\"async\" class=\"size-medium wp-image-3259 alignnone\" alt=\"Porkkala-Eino\" src=\"http:\/\/www.remonen.fi\/WP\/wp-content\/uploads\/2013\/11\/Porkkala-Eino-300x199.jpg\" width=\"300\" height=\"199\" srcset=\"https:\/\/www.remonen.fi\/WP\/wp-content\/uploads\/2013\/11\/Porkkala-Eino-300x199.jpg 300w, https:\/\/www.remonen.fi\/WP\/wp-content\/uploads\/2013\/11\/Porkkala-Eino.jpg 800w\" sizes=\"(max-width: 300px) 100vw, 300px\" \/><\/a><\/td>\n<td><a href=\"http:\/\/www.remonen.fi\/WP\/wp-content\/uploads\/2013\/11\/Porkkala-Eino-6.jpg\"><img loading=\"lazy\" decoding=\"async\" class=\"size-medium wp-image-3261 alignnone\" alt=\"Porkkala-Eino-6\" src=\"http:\/\/www.remonen.fi\/WP\/wp-content\/uploads\/2013\/11\/Porkkala-Eino-6-300x199.jpg\" width=\"300\" height=\"199\" srcset=\"https:\/\/www.remonen.fi\/WP\/wp-content\/uploads\/2013\/11\/Porkkala-Eino-6-300x199.jpg 300w, https:\/\/www.remonen.fi\/WP\/wp-content\/uploads\/2013\/11\/Porkkala-Eino-6.jpg 800w\" sizes=\"(max-width: 300px) 100vw, 300px\" \/><\/a><\/td>\n<\/tr>\n<\/tbody>\n<\/table>\n<p>Meit\u00e4h\u00e4n ei etelin-potelit pelota, joten l\u00e4hdimme aamusella kohti Porkkalannieme\u00e4. Siell\u00e4 ei ollut tullut k\u00e4yty\u00e4 muutamaan vuoteen, joten olin jo pari viikkoa sitten ajatellut, ett\u00e4 olisi kiva menn\u00e4 taas pitk\u00e4st\u00e4 aikaa, jos vain s\u00e4\u00e4 on hyv\u00e4. No, s\u00e4\u00e4h\u00e4n oli siis periaatteessa huono, eli myrkyinen, mutta koska aurinko paistoi, oli se valokuvauksen kannalta varsin otollinen. Nuoriso vain aamuy\u00f6st\u00e4 (ysin pintaan) yl\u00f6s ja pienen neuvottelun j\u00e4lkeen koko konkkaronkka autoon ja matkaan.<\/p>\n<table border=\"0\" align=\"center\">\n<tbody>\n<tr>\n<td><a href=\"http:\/\/www.remonen.fi\/WP\/wp-content\/uploads\/2013\/11\/Porkkala-Eino-4.jpg\"><img loading=\"lazy\" decoding=\"async\" class=\"size-medium wp-image-3263 alignnone\" alt=\"Porkkala-Eino-4\" src=\"http:\/\/www.remonen.fi\/WP\/wp-content\/uploads\/2013\/11\/Porkkala-Eino-4-300x199.jpg\" width=\"300\" height=\"199\" srcset=\"https:\/\/www.remonen.fi\/WP\/wp-content\/uploads\/2013\/11\/Porkkala-Eino-4-300x199.jpg 300w, https:\/\/www.remonen.fi\/WP\/wp-content\/uploads\/2013\/11\/Porkkala-Eino-4.jpg 800w\" sizes=\"(max-width: 300px) 100vw, 300px\" \/><\/a><\/td>\n<td><a href=\"http:\/\/www.remonen.fi\/WP\/wp-content\/uploads\/2013\/11\/Porkkala-Eino-9.jpg\"><img loading=\"lazy\" decoding=\"async\" class=\"alignnone size-medium wp-image-3269\" alt=\"Porkkala-Eino-9\" src=\"http:\/\/www.remonen.fi\/WP\/wp-content\/uploads\/2013\/11\/Porkkala-Eino-9-300x199.jpg\" width=\"300\" height=\"199\" srcset=\"https:\/\/www.remonen.fi\/WP\/wp-content\/uploads\/2013\/11\/Porkkala-Eino-9-300x199.jpg 300w, https:\/\/www.remonen.fi\/WP\/wp-content\/uploads\/2013\/11\/Porkkala-Eino-9.jpg 800w\" sizes=\"(max-width: 300px) 100vw, 300px\" \/><\/a><\/td>\n<\/tr>\n<\/tbody>\n<\/table>\n<p>Kyll\u00e4 kannatti ajaa melkein tunnin matka it\u00e4-helsingist\u00e4 Porkkalaan ja niemen k\u00e4rkeen: vaikka oli luvattu lounaistuulta, niin se silti nosti melkoisen aallokon Porkkalansel\u00e4lle ja rantakivikkoon.<\/p>\n<table border=\"0\" align=\"center\">\n<tbody>\n<tr>\n<td><a href=\"http:\/\/www.remonen.fi\/WP\/wp-content\/uploads\/2013\/11\/Porkkala-Eino-2.jpg\"><img loading=\"lazy\" decoding=\"async\" class=\"alignnone size-medium wp-image-3258\" alt=\"Porkkala-Eino-2\" src=\"http:\/\/www.remonen.fi\/WP\/wp-content\/uploads\/2013\/11\/Porkkala-Eino-2-199x300.jpg\" width=\"199\" height=\"300\" srcset=\"https:\/\/www.remonen.fi\/WP\/wp-content\/uploads\/2013\/11\/Porkkala-Eino-2-199x300.jpg 199w, https:\/\/www.remonen.fi\/WP\/wp-content\/uploads\/2013\/11\/Porkkala-Eino-2.jpg 532w\" sizes=\"(max-width: 199px) 100vw, 199px\" \/><\/a><\/td>\n<td><a href=\"http:\/\/www.remonen.fi\/WP\/wp-content\/uploads\/2013\/11\/Porkkala-Eino-7.jpg\"><img loading=\"lazy\" decoding=\"async\" class=\"alignnone size-medium wp-image-3260\" alt=\"Porkkala-Eino-7\" src=\"http:\/\/www.remonen.fi\/WP\/wp-content\/uploads\/2013\/11\/Porkkala-Eino-7-199x300.jpg\" width=\"199\" height=\"300\" srcset=\"https:\/\/www.remonen.fi\/WP\/wp-content\/uploads\/2013\/11\/Porkkala-Eino-7-199x300.jpg 199w, https:\/\/www.remonen.fi\/WP\/wp-content\/uploads\/2013\/11\/Porkkala-Eino-7.jpg 532w\" sizes=\"(max-width: 199px) 100vw, 199px\" \/><\/a><\/td>\n<\/tr>\n<\/tbody>\n<\/table>\n<p>Myrskyn voiman saivat tuta NEX6+SEL1018+SELP1650+SEL55200<\/p>\n","protected":false},"excerpt":{"rendered":"<p>Eilen k\u00e4vimme tapaamassa yht\u00e4 Einoa Kotkassa ja nyt sitten Eino tuli myrskyn muodossa tapaamaan koko Suomea. Eik\u00e4 siit\u00e4 ilman vahinkoja n\u00e4yt\u00e4 selvi\u00e4v\u00e4n: s\u00e4hk\u00f6t on poikki sadaltatuhannelta ja parit-kolmet rautatie-osuudetkin ovat poikki radoille ja ajojohtimiin kaatuneiden puiden vuoksi. Meit\u00e4h\u00e4n ei etelin-potelit pelota, joten l\u00e4hdimme aamusella kohti Porkkalannieme\u00e4. Siell\u00e4 ei ollut tullut k\u00e4yty\u00e4 muutamaan vuoteen, joten olin [&hellip;]<\/p>\n","protected":false},"author":2,"featured_media":3257,"comment_status":"open","ping_status":"closed","sticky":false,"template":"","format":"standard","meta":{"footnotes":""},"categories":[16],"tags":[106,105],"yoast_head":"<!-- This site is optimized with the Yoast SEO plugin v24.5 - https:\/\/yoast.com\/wordpress\/plugins\/seo\/ -->\n<title>Voihan Eino - gREat MOments NEver forgotteN<\/title>\n<meta name=\"robots\" content=\"index, follow, max-snippet:-1, max-image-preview:large, max-video-preview:-1\" \/>\n<link rel=\"canonical\" href=\"https:\/\/www.remonen.fi\/WP\/blogi\/voihan-eino\/\" \/>\n<meta property=\"og:locale\" content=\"fi_FI\" \/>\n<meta property=\"og:type\" content=\"article\" \/>\n<meta property=\"og:title\" content=\"Voihan Eino - gREat MOments NEver forgotteN\" \/>\n<meta property=\"og:description\" content=\"Eilen k\u00e4vimme tapaamassa yht\u00e4 Einoa Kotkassa ja nyt sitten Eino tuli myrskyn muodossa tapaamaan koko Suomea. Eik\u00e4 siit\u00e4 ilman vahinkoja n\u00e4yt\u00e4 selvi\u00e4v\u00e4n: s\u00e4hk\u00f6t on poikki sadaltatuhannelta ja parit-kolmet rautatie-osuudetkin ovat poikki radoille ja ajojohtimiin kaatuneiden puiden vuoksi. Meit\u00e4h\u00e4n ei etelin-potelit pelota, joten l\u00e4hdimme aamusella kohti Porkkalannieme\u00e4. Siell\u00e4 ei ollut tullut k\u00e4yty\u00e4 muutamaan vuoteen, joten olin [&hellip;]\" \/>\n<meta property=\"og:url\" content=\"https:\/\/www.remonen.fi\/WP\/blogi\/voihan-eino\/\" \/>\n<meta property=\"og:site_name\" content=\"remonen.fi\" \/>\n<meta property=\"article:published_time\" content=\"2013-11-17T13:48:10+00:00\" \/>\n<meta property=\"article:modified_time\" content=\"2013-11-17T14:14:55+00:00\" \/>\n<meta property=\"og:image\" content=\"https:\/\/www.remonen.fi\/WP\/wp-content\/uploads\/2013\/11\/Porkkala-Eino-3.jpg\" \/>\n\t<meta property=\"og:image:width\" content=\"799\" \/>\n\t<meta property=\"og:image:height\" content=\"446\" \/>\n\t<meta property=\"og:image:type\" content=\"image\/jpeg\" \/>\n<meta name=\"author\" content=\"Matti Remonen\" \/>\n<meta name=\"twitter:label1\" content=\"Kirjoittanut\" \/>\n\t<meta name=\"twitter:data1\" content=\"Matti Remonen\" \/>\n\t<meta name=\"twitter:label2\" content=\"Arvioitu lukuaika\" \/>\n\t<meta name=\"twitter:data2\" content=\"1 minuutti\" \/>\n<script type=\"application\/ld+json\" class=\"yoast-schema-graph\">{\"@context\":\"https:\/\/schema.org\",\"@graph\":[{\"@type\":\"Article\",\"@id\":\"https:\/\/www.remonen.fi\/WP\/blogi\/voihan-eino\/#article\",\"isPartOf\":{\"@id\":\"https:\/\/www.remonen.fi\/WP\/blogi\/voihan-eino\/\"},\"author\":{\"name\":\"Matti Remonen\",\"@id\":\"https:\/\/www.remonen.fi\/WP\/#\/schema\/person\/1803c23d1d4f6722054eb2ac7f7a97cd\"},\"headline\":\"Voihan Eino&#8230;\",\"datePublished\":\"2013-11-17T13:48:10+00:00\",\"dateModified\":\"2013-11-17T14:14:55+00:00\",\"mainEntityOfPage\":{\"@id\":\"https:\/\/www.remonen.fi\/WP\/blogi\/voihan-eino\/\"},\"wordCount\":158,\"commentCount\":0,\"publisher\":{\"@id\":\"https:\/\/www.remonen.fi\/WP\/#\/schema\/person\/1803c23d1d4f6722054eb2ac7f7a97cd\"},\"image\":{\"@id\":\"https:\/\/www.remonen.fi\/WP\/blogi\/voihan-eino\/#primaryimage\"},\"thumbnailUrl\":\"https:\/\/www.remonen.fi\/WP\/wp-content\/uploads\/2013\/11\/Porkkala-Eino-3.jpg\",\"keywords\":[\"Porkkala\",\"Porkkalanniemi\"],\"articleSection\":[\"Blog\"],\"inLanguage\":\"fi\",\"potentialAction\":[{\"@type\":\"CommentAction\",\"name\":\"Comment\",\"target\":[\"https:\/\/www.remonen.fi\/WP\/blogi\/voihan-eino\/#respond\"]}]},{\"@type\":\"WebPage\",\"@id\":\"https:\/\/www.remonen.fi\/WP\/blogi\/voihan-eino\/\",\"url\":\"https:\/\/www.remonen.fi\/WP\/blogi\/voihan-eino\/\",\"name\":\"Voihan Eino - gREat MOments NEver forgotteN\",\"isPartOf\":{\"@id\":\"https:\/\/www.remonen.fi\/WP\/#website\"},\"primaryImageOfPage\":{\"@id\":\"https:\/\/www.remonen.fi\/WP\/blogi\/voihan-eino\/#primaryimage\"},\"image\":{\"@id\":\"https:\/\/www.remonen.fi\/WP\/blogi\/voihan-eino\/#primaryimage\"},\"thumbnailUrl\":\"https:\/\/www.remonen.fi\/WP\/wp-content\/uploads\/2013\/11\/Porkkala-Eino-3.jpg\",\"datePublished\":\"2013-11-17T13:48:10+00:00\",\"dateModified\":\"2013-11-17T14:14:55+00:00\",\"breadcrumb\":{\"@id\":\"https:\/\/www.remonen.fi\/WP\/blogi\/voihan-eino\/#breadcrumb\"},\"inLanguage\":\"fi\",\"potentialAction\":[{\"@type\":\"ReadAction\",\"target\":[\"https:\/\/www.remonen.fi\/WP\/blogi\/voihan-eino\/\"]}]},{\"@type\":\"ImageObject\",\"inLanguage\":\"fi\",\"@id\":\"https:\/\/www.remonen.fi\/WP\/blogi\/voihan-eino\/#primaryimage\",\"url\":\"https:\/\/www.remonen.fi\/WP\/wp-content\/uploads\/2013\/11\/Porkkala-Eino-3.jpg\",\"contentUrl\":\"https:\/\/www.remonen.fi\/WP\/wp-content\/uploads\/2013\/11\/Porkkala-Eino-3.jpg\",\"width\":799,\"height\":446},{\"@type\":\"BreadcrumbList\",\"@id\":\"https:\/\/www.remonen.fi\/WP\/blogi\/voihan-eino\/#breadcrumb\",\"itemListElement\":[{\"@type\":\"ListItem\",\"position\":1,\"name\":\"Etusivu\",\"item\":\"https:\/\/www.remonen.fi\/WP\/\"},{\"@type\":\"ListItem\",\"position\":2,\"name\":\"Voihan Eino&#8230;\"}]},{\"@type\":\"WebSite\",\"@id\":\"https:\/\/www.remonen.fi\/WP\/#website\",\"url\":\"https:\/\/www.remonen.fi\/WP\/\",\"name\":\"remonen.fi\",\"description\":\"Valokuvia ja tarinaa laidasta laitaan\",\"publisher\":{\"@id\":\"https:\/\/www.remonen.fi\/WP\/#\/schema\/person\/1803c23d1d4f6722054eb2ac7f7a97cd\"},\"potentialAction\":[{\"@type\":\"SearchAction\",\"target\":{\"@type\":\"EntryPoint\",\"urlTemplate\":\"https:\/\/www.remonen.fi\/WP\/?s={search_term_string}\"},\"query-input\":{\"@type\":\"PropertyValueSpecification\",\"valueRequired\":true,\"valueName\":\"search_term_string\"}}],\"inLanguage\":\"fi\"},{\"@type\":[\"Person\",\"Organization\"],\"@id\":\"https:\/\/www.remonen.fi\/WP\/#\/schema\/person\/1803c23d1d4f6722054eb2ac7f7a97cd\",\"name\":\"Matti Remonen\",\"logo\":{\"@id\":\"https:\/\/www.remonen.fi\/WP\/#\/schema\/person\/image\/\"},\"url\":\"https:\/\/www.remonen.fi\/WP\/blogi\/author\/mre\/\"}]}<\/script>\n<!-- \/ Yoast SEO plugin. -->","yoast_head_json":{"title":"Voihan Eino - gREat MOments NEver forgotteN","robots":{"index":"index","follow":"follow","max-snippet":"max-snippet:-1","max-image-preview":"max-image-preview:large","max-video-preview":"max-video-preview:-1"},"canonical":"https:\/\/www.remonen.fi\/WP\/blogi\/voihan-eino\/","og_locale":"fi_FI","og_type":"article","og_title":"Voihan Eino - gREat MOments NEver forgotteN","og_description":"Eilen k\u00e4vimme tapaamassa yht\u00e4 Einoa Kotkassa ja nyt sitten Eino tuli myrskyn muodossa tapaamaan koko Suomea. Eik\u00e4 siit\u00e4 ilman vahinkoja n\u00e4yt\u00e4 selvi\u00e4v\u00e4n: s\u00e4hk\u00f6t on poikki sadaltatuhannelta ja parit-kolmet rautatie-osuudetkin ovat poikki radoille ja ajojohtimiin kaatuneiden puiden vuoksi. Meit\u00e4h\u00e4n ei etelin-potelit pelota, joten l\u00e4hdimme aamusella kohti Porkkalannieme\u00e4. Siell\u00e4 ei ollut tullut k\u00e4yty\u00e4 muutamaan vuoteen, joten olin [&hellip;]","og_url":"https:\/\/www.remonen.fi\/WP\/blogi\/voihan-eino\/","og_site_name":"remonen.fi","article_published_time":"2013-11-17T13:48:10+00:00","article_modified_time":"2013-11-17T14:14:55+00:00","og_image":[{"width":799,"height":446,"url":"https:\/\/www.remonen.fi\/WP\/wp-content\/uploads\/2013\/11\/Porkkala-Eino-3.jpg","type":"image\/jpeg"}],"author":"Matti Remonen","twitter_misc":{"Kirjoittanut":"Matti Remonen","Arvioitu lukuaika":"1 minuutti"},"schema":{"@context":"https:\/\/schema.org","@graph":[{"@type":"Article","@id":"https:\/\/www.remonen.fi\/WP\/blogi\/voihan-eino\/#article","isPartOf":{"@id":"https:\/\/www.remonen.fi\/WP\/blogi\/voihan-eino\/"},"author":{"name":"Matti Remonen","@id":"https:\/\/www.remonen.fi\/WP\/#\/schema\/person\/1803c23d1d4f6722054eb2ac7f7a97cd"},"headline":"Voihan Eino&#8230;","datePublished":"2013-11-17T13:48:10+00:00","dateModified":"2013-11-17T14:14:55+00:00","mainEntityOfPage":{"@id":"https:\/\/www.remonen.fi\/WP\/blogi\/voihan-eino\/"},"wordCount":158,"commentCount":0,"publisher":{"@id":"https:\/\/www.remonen.fi\/WP\/#\/schema\/person\/1803c23d1d4f6722054eb2ac7f7a97cd"},"image":{"@id":"https:\/\/www.remonen.fi\/WP\/blogi\/voihan-eino\/#primaryimage"},"thumbnailUrl":"https:\/\/www.remonen.fi\/WP\/wp-content\/uploads\/2013\/11\/Porkkala-Eino-3.jpg","keywords":["Porkkala","Porkkalanniemi"],"articleSection":["Blog"],"inLanguage":"fi","potentialAction":[{"@type":"CommentAction","name":"Comment","target":["https:\/\/www.remonen.fi\/WP\/blogi\/voihan-eino\/#respond"]}]},{"@type":"WebPage","@id":"https:\/\/www.remonen.fi\/WP\/blogi\/voihan-eino\/","url":"https:\/\/www.remonen.fi\/WP\/blogi\/voihan-eino\/","name":"Voihan Eino - gREat MOments NEver forgotteN","isPartOf":{"@id":"https:\/\/www.remonen.fi\/WP\/#website"},"primaryImageOfPage":{"@id":"https:\/\/www.remonen.fi\/WP\/blogi\/voihan-eino\/#primaryimage"},"image":{"@id":"https:\/\/www.remonen.fi\/WP\/blogi\/voihan-eino\/#primaryimage"},"thumbnailUrl":"https:\/\/www.remonen.fi\/WP\/wp-content\/uploads\/2013\/11\/Porkkala-Eino-3.jpg","datePublished":"2013-11-17T13:48:10+00:00","dateModified":"2013-11-17T14:14:55+00:00","breadcrumb":{"@id":"https:\/\/www.remonen.fi\/WP\/blogi\/voihan-eino\/#breadcrumb"},"inLanguage":"fi","potentialAction":[{"@type":"ReadAction","target":["https:\/\/www.remonen.fi\/WP\/blogi\/voihan-eino\/"]}]},{"@type":"ImageObject","inLanguage":"fi","@id":"https:\/\/www.remonen.fi\/WP\/blogi\/voihan-eino\/#primaryimage","url":"https:\/\/www.remonen.fi\/WP\/wp-content\/uploads\/2013\/11\/Porkkala-Eino-3.jpg","contentUrl":"https:\/\/www.remonen.fi\/WP\/wp-content\/uploads\/2013\/11\/Porkkala-Eino-3.jpg","width":799,"height":446},{"@type":"BreadcrumbList","@id":"https:\/\/www.remonen.fi\/WP\/blogi\/voihan-eino\/#breadcrumb","itemListElement":[{"@type":"ListItem","position":1,"name":"Etusivu","item":"https:\/\/www.remonen.fi\/WP\/"},{"@type":"ListItem","position":2,"name":"Voihan Eino&#8230;"}]},{"@type":"WebSite","@id":"https:\/\/www.remonen.fi\/WP\/#website","url":"https:\/\/www.remonen.fi\/WP\/","name":"remonen.fi","description":"Valokuvia ja tarinaa laidasta laitaan","publisher":{"@id":"https:\/\/www.remonen.fi\/WP\/#\/schema\/person\/1803c23d1d4f6722054eb2ac7f7a97cd"},"potentialAction":[{"@type":"SearchAction","target":{"@type":"EntryPoint","urlTemplate":"https:\/\/www.remonen.fi\/WP\/?s={search_term_string}"},"query-input":{"@type":"PropertyValueSpecification","valueRequired":true,"valueName":"search_term_string"}}],"inLanguage":"fi"},{"@type":["Person","Organization"],"@id":"https:\/\/www.remonen.fi\/WP\/#\/schema\/person\/1803c23d1d4f6722054eb2ac7f7a97cd","name":"Matti Remonen","logo":{"@id":"https:\/\/www.remonen.fi\/WP\/#\/schema\/person\/image\/"},"url":"https:\/\/www.remonen.fi\/WP\/blogi\/author\/mre\/"}]}},"_links":{"self":[{"href":"https:\/\/www.remonen.fi\/WP\/wp-json\/wp\/v2\/posts\/3256"}],"collection":[{"href":"https:\/\/www.remonen.fi\/WP\/wp-json\/wp\/v2\/posts"}],"about":[{"href":"https:\/\/www.remonen.fi\/WP\/wp-json\/wp\/v2\/types\/post"}],"author":[{"embeddable":true,"href":"https:\/\/www.remonen.fi\/WP\/wp-json\/wp\/v2\/users\/2"}],"replies":[{"embeddable":true,"href":"https:\/\/www.remonen.fi\/WP\/wp-json\/wp\/v2\/comments?post=3256"}],"version-history":[{"count":0,"href":"https:\/\/www.remonen.fi\/WP\/wp-json\/wp\/v2\/posts\/3256\/revisions"}],"wp:featuredmedia":[{"embeddable":true,"href":"https:\/\/www.remonen.fi\/WP\/wp-json\/wp\/v2\/media\/3257"}],"wp:attachment":[{"href":"https:\/\/www.remonen.fi\/WP\/wp-json\/wp\/v2\/media?parent=3256"}],"wp:term":[{"taxonomy":"category","embeddable":true,"href":"https:\/\/www.remonen.fi\/WP\/wp-json\/wp\/v2\/categories?post=3256"},{"taxonomy":"post_tag","embeddable":true,"href":"https:\/\/www.remonen.fi\/WP\/wp-json\/wp\/v2\/tags?post=3256"}],"curies":[{"name":"wp","href":"https:\/\/api.w.org\/{rel}","templated":true}]}}