{"id":3272,"date":"2013-11-22T18:35:25","date_gmt":"2013-11-22T16:35:25","guid":{"rendered":"http:\/\/www.remonen.fi\/?p=3272"},"modified":"2013-11-23T20:07:41","modified_gmt":"2013-11-23T18:07:41","slug":"filmi-poikki","status":"publish","type":"post","link":"https:\/\/www.remonen.fi\/WP\/blogi\/filmi-poikki\/","title":{"rendered":"Filmi poikki&#8230;"},"content":{"rendered":"<p>Joopa joo. Silloin kun aloittelin t\u00e4t\u00e4 valokuvausta uudemman kerran useamman vuoden tauon j\u00e4lkeen, t\u00e4m\u00e4 siis vuoden 2008 lopussa, niin el\u00e4ttelin toiveita my\u00f6s filmikuvauksesta. Aika oli kullitellut muistot sen verran kultaisiksi, ett\u00e4 m\/v-filmikuvaus tuntui silt\u00e4 ainoalta oikealta. Siin\u00e4 p\u00e4\u00e4sisi todella valokuvauksen ytimeen ja digikuvan v\u00e4\u00e4nt\u00e4minen m\/v:ksi oli mielest\u00e4ni fuskausta ja vulg\u00e4\u00e4ri\u00e4. Ostin, kuten tapoihini kuuluu, kaikki vermeet ja liemet. Muutama kamerarunkokin siin\u00e4 innossa tuli hankittua. Ja hivelih\u00e4n se itsetuntoa, kun nyt pystyi hankkimaan kameroita, joista lapsena ja teinin\u00e4 oli vain haaveillut: <a title=\"Nikon F100\" href=\"http:\/\/en.wikipedia.org\/wiki\/Nikon_F100\" target=\"_blank\">Nikon F100<\/a>, <a title=\"Nikon F3\" href=\"http:\/\/en.wikipedia.org\/wiki\/Nikon_F3\" target=\"_blank\">Nikon F3<\/a>, <a title=\"Nikon FE2\" href=\"http:\/\/en.wikipedia.org\/wiki\/Nikon_FE2\" target=\"_blank\">Nikon FE2<\/a>, <a title=\"Nikon FG-20\" href=\"http:\/\/en.wikipedia.org\/wiki\/Nikon_FG-20\" target=\"_blank\">Nikon FG-20<\/a> (mist\u00e4h\u00e4n tuokin mulle tuli?). Ja filkkaa hankittiin. Ja filmin purkituskone, niinh\u00e4n sit\u00e4 oli purkitettu 100-jalkaista silloin ennenkin. Ja sit\u00e4. Ja t\u00e4t\u00e4. Ja viel\u00e4 jotain muuta.<\/p>\n<div id=\"attachment_3275\" style=\"width: 310px\" class=\"wp-caption aligncenter\"><a href=\"http:\/\/www.remonen.fi\/WP\/wp-content\/uploads\/2013\/11\/Filmi_poikki-3.jpg\"><img loading=\"lazy\" decoding=\"async\" aria-describedby=\"caption-attachment-3275\" class=\"size-medium wp-image-3275 \" alt=\"Filmi_poikki-3\" src=\"http:\/\/www.remonen.fi\/WP\/wp-content\/uploads\/2013\/11\/Filmi_poikki-3-300x199.jpg\" width=\"300\" height=\"199\" srcset=\"https:\/\/www.remonen.fi\/WP\/wp-content\/uploads\/2013\/11\/Filmi_poikki-3-300x199.jpg 300w, https:\/\/www.remonen.fi\/WP\/wp-content\/uploads\/2013\/11\/Filmi_poikki-3.jpg 800w\" sizes=\"(max-width: 300px) 100vw, 300px\" \/><\/a><p id=\"caption-attachment-3275\" class=\"wp-caption-text\">Tres Hombres: FG-20, FE2 ja F3HP<\/p><\/div>\n<p>Parin rullan j\u00e4lkeen homma sitten vain j\u00e4i. En saanut lopputuloksesta sit\u00e4, mit\u00e4 hain ja filkan kehitt\u00e4minenkin alkoi tuntumaan melko tymp\u00e4isev\u00e4lt\u00e4. No, kamerat lojuivat sitten mulla repussa useamman vuoden, kunnes eilen otin itse\u00e4ni niskasta kiinni ja laitoin ne myyntiin <a title=\"KL.com\" href=\"www.kameralaukku.com\" target=\"_blank\">kameralaukku.com<\/a>:iin. <a title=\"dc.net\" href=\"http:\/\/www.digicamera.net\" target=\"_blank\">Digicamera.net<\/a>:iss\u00e4 niit\u00e4 ei kannattanut mainostaa, koska kaikki HC-filkkakuvaajat ovat kuitenkin tuolla KL.com:issa.<\/p>\n<div id=\"attachment_3277\" style=\"width: 310px\" class=\"wp-caption aligncenter\"><a href=\"http:\/\/www.remonen.fi\/WP\/wp-content\/uploads\/2013\/11\/Filmi_poikki.jpg\"><img loading=\"lazy\" decoding=\"async\" aria-describedby=\"caption-attachment-3277\" class=\"size-medium wp-image-3277\" alt=\"Filmi_poikki\" src=\"http:\/\/www.remonen.fi\/WP\/wp-content\/uploads\/2013\/11\/Filmi_poikki-300x199.jpg\" width=\"300\" height=\"199\" srcset=\"https:\/\/www.remonen.fi\/WP\/wp-content\/uploads\/2013\/11\/Filmi_poikki-300x199.jpg 300w, https:\/\/www.remonen.fi\/WP\/wp-content\/uploads\/2013\/11\/Filmi_poikki.jpg 800w\" sizes=\"(max-width: 300px) 100vw, 300px\" \/><\/a><p id=\"caption-attachment-3277\" class=\"wp-caption-text\">F100<\/p><\/div>\n<p>Puolessa p\u00e4iv\u00e4ss\u00e4 F100, F3 ja FE2 olivat menneet. Lis\u00e4ksi olin p\u00e4\u00e4ssyt eroon filkkapurkeista, filmist\u00e4, kehityspurkeista, yms. romusta, jota oli kertynyt. Ja F3:n t\u00e4hyslaseista, joita niit\u00e4kin mulla jostain syyst\u00e4 oli 2 kappaletta. Tuntemattomat on herran ja mun tiet&#8230;<\/p>\n<p>Parit Nikonin manuaalitsuumit on viel\u00e4 myyntilistalla ja tuo FG-20, joka ei taida kuulua ihan niiden halutuimpien Nikonin runkojen joukkoon.<\/p>\n<div id=\"attachment_3274\" style=\"width: 310px\" class=\"wp-caption aligncenter\"><a href=\"http:\/\/www.remonen.fi\/WP\/wp-content\/uploads\/2013\/11\/Filmi_poikki-4.jpg\"><img loading=\"lazy\" decoding=\"async\" aria-describedby=\"caption-attachment-3274\" class=\"size-medium wp-image-3274\" alt=\"Filmi_poikki-4\" src=\"http:\/\/www.remonen.fi\/WP\/wp-content\/uploads\/2013\/11\/Filmi_poikki-4-300x199.jpg\" width=\"300\" height=\"199\" srcset=\"https:\/\/www.remonen.fi\/WP\/wp-content\/uploads\/2013\/11\/Filmi_poikki-4-300x199.jpg 300w, https:\/\/www.remonen.fi\/WP\/wp-content\/uploads\/2013\/11\/Filmi_poikki-4.jpg 800w\" sizes=\"(max-width: 300px) 100vw, 300px\" \/><\/a><p id=\"caption-attachment-3274\" class=\"wp-caption-text\">Uuuh&#8230; ei saa tirkistell\u00e4&#8230;<\/p><\/div>\n<p>No, joka tapauksessa t\u00e4ll\u00e4 myyntirynnistyksell\u00e4 oli vissi tarkoitus: olen ajatellut hankkia (lue: tulen hankkimaan) IR-konvertoidun NEX:in. Todenn\u00e4k\u00f6isesti NEX-5N:n. Siis juuri sellaisen, jonka juuri t\u00e4ss\u00e4 viikko sitten myin. Et silviisii. Nyt pit\u00e4\u00e4 hankkia uusi k\u00e4ytetty NEX-5N -runko ja sitten kun sellainen on hyppysiss\u00e4, toimittaa se jenkkeihin <a title=\"LifePixel\" href=\"http:\/\/www.lifepixel.com\/\" target=\"_blank\">LifePixelille<\/a> konversiota varten. Olen ajatellut hankkia siihen Super Blue IR-filtterin, joka paitsi p\u00e4\u00e4st\u00e4\u00e4 infrapunan l\u00e4vitseen, niin my\u00f6s UV-valon, joten sill\u00e4 saisi spektrin molemmista p\u00e4ist\u00e4 haettua jotain kummallista efekti\u00e4 kuviin. Aika n\u00e4ytt\u00e4\u00e4 miten t\u00e4ss\u00e4 k\u00e4y.<\/p>\n<p style=\"text-align: left;\">Jaa, nii. Asiasta kukkaruukkuun. Kun hehkutin NEX6:sta ja SEL1018-tsuumia, verraten sit\u00e4 D800E+Nikor AF-S 14-24\/2.8G -komboon, niin ohessa kaverikuva:<\/p>\n<div id=\"attachment_3279\" style=\"width: 310px\" class=\"wp-caption aligncenter\"><a href=\"http:\/\/www.remonen.fi\/WP\/wp-content\/uploads\/2013\/11\/Filmi_poikki-5.jpg\"><img loading=\"lazy\" decoding=\"async\" aria-describedby=\"caption-attachment-3279\" class=\"size-medium wp-image-3279\" alt=\"Filmi_poikki-5\" src=\"http:\/\/www.remonen.fi\/WP\/wp-content\/uploads\/2013\/11\/Filmi_poikki-5-300x225.jpg\" width=\"300\" height=\"225\" srcset=\"https:\/\/www.remonen.fi\/WP\/wp-content\/uploads\/2013\/11\/Filmi_poikki-5-300x225.jpg 300w, https:\/\/www.remonen.fi\/WP\/wp-content\/uploads\/2013\/11\/Filmi_poikki-5.jpg 800w\" sizes=\"(max-width: 300px) 100vw, 300px\" \/><\/a><p id=\"caption-attachment-3279\" class=\"wp-caption-text\">Kuin kaksi Marjaa, toinen on kyll\u00e4 ehk\u00e4 Mirja&#8230;<\/p><\/div>\n<p style=\"text-align: center;\">\n","protected":false},"excerpt":{"rendered":"<p>Joopa joo. Silloin kun aloittelin t\u00e4t\u00e4 valokuvausta uudemman kerran useamman vuoden tauon j\u00e4lkeen, t\u00e4m\u00e4 siis vuoden 2008 lopussa, niin el\u00e4ttelin toiveita my\u00f6s filmikuvauksesta. Aika oli kullitellut muistot sen verran kultaisiksi, ett\u00e4 m\/v-filmikuvaus tuntui silt\u00e4 ainoalta oikealta. Siin\u00e4 p\u00e4\u00e4sisi todella valokuvauksen ytimeen ja digikuvan v\u00e4\u00e4nt\u00e4minen m\/v:ksi oli mielest\u00e4ni fuskausta ja vulg\u00e4\u00e4ri\u00e4. Ostin, kuten tapoihini kuuluu, kaikki [&hellip;]<\/p>\n","protected":false},"author":2,"featured_media":3275,"comment_status":"open","ping_status":"closed","sticky":false,"template":"","format":"standard","meta":{"footnotes":""},"categories":[16],"tags":[107,108],"yoast_head":"<!-- This site is optimized with the Yoast SEO plugin v24.5 - https:\/\/yoast.com\/wordpress\/plugins\/seo\/ -->\n<title>Filmi poikki... - gREat MOments NEver forgotteN<\/title>\n<meta name=\"robots\" content=\"index, follow, max-snippet:-1, max-image-preview:large, max-video-preview:-1\" \/>\n<link rel=\"canonical\" href=\"https:\/\/www.remonen.fi\/WP\/blogi\/filmi-poikki\/\" \/>\n<meta property=\"og:locale\" content=\"fi_FI\" \/>\n<meta property=\"og:type\" content=\"article\" \/>\n<meta property=\"og:title\" content=\"Filmi poikki... - gREat MOments NEver forgotteN\" \/>\n<meta property=\"og:description\" content=\"Joopa joo. Silloin kun aloittelin t\u00e4t\u00e4 valokuvausta uudemman kerran useamman vuoden tauon j\u00e4lkeen, t\u00e4m\u00e4 siis vuoden 2008 lopussa, niin el\u00e4ttelin toiveita my\u00f6s filmikuvauksesta. Aika oli kullitellut muistot sen verran kultaisiksi, ett\u00e4 m\/v-filmikuvaus tuntui silt\u00e4 ainoalta oikealta. Siin\u00e4 p\u00e4\u00e4sisi todella valokuvauksen ytimeen ja digikuvan v\u00e4\u00e4nt\u00e4minen m\/v:ksi oli mielest\u00e4ni fuskausta ja vulg\u00e4\u00e4ri\u00e4. Ostin, kuten tapoihini kuuluu, kaikki [&hellip;]\" \/>\n<meta property=\"og:url\" content=\"https:\/\/www.remonen.fi\/WP\/blogi\/filmi-poikki\/\" \/>\n<meta property=\"og:site_name\" content=\"remonen.fi\" \/>\n<meta property=\"article:published_time\" content=\"2013-11-22T16:35:25+00:00\" \/>\n<meta property=\"article:modified_time\" content=\"2013-11-23T18:07:41+00:00\" \/>\n<meta property=\"og:image\" content=\"https:\/\/www.remonen.fi\/WP\/wp-content\/uploads\/2013\/11\/Filmi_poikki-3.jpg\" \/>\n\t<meta property=\"og:image:width\" content=\"800\" \/>\n\t<meta property=\"og:image:height\" content=\"532\" \/>\n\t<meta property=\"og:image:type\" content=\"image\/jpeg\" \/>\n<meta name=\"author\" content=\"Matti Remonen\" \/>\n<meta name=\"twitter:label1\" content=\"Kirjoittanut\" \/>\n\t<meta name=\"twitter:data1\" content=\"Matti Remonen\" \/>\n\t<meta name=\"twitter:label2\" content=\"Arvioitu lukuaika\" \/>\n\t<meta name=\"twitter:data2\" content=\"2 minuuttia\" \/>\n<script type=\"application\/ld+json\" class=\"yoast-schema-graph\">{\"@context\":\"https:\/\/schema.org\",\"@graph\":[{\"@type\":\"Article\",\"@id\":\"https:\/\/www.remonen.fi\/WP\/blogi\/filmi-poikki\/#article\",\"isPartOf\":{\"@id\":\"https:\/\/www.remonen.fi\/WP\/blogi\/filmi-poikki\/\"},\"author\":{\"name\":\"Matti Remonen\",\"@id\":\"https:\/\/www.remonen.fi\/WP\/#\/schema\/person\/1803c23d1d4f6722054eb2ac7f7a97cd\"},\"headline\":\"Filmi poikki&#8230;\",\"datePublished\":\"2013-11-22T16:35:25+00:00\",\"dateModified\":\"2013-11-23T18:07:41+00:00\",\"mainEntityOfPage\":{\"@id\":\"https:\/\/www.remonen.fi\/WP\/blogi\/filmi-poikki\/\"},\"wordCount\":423,\"commentCount\":0,\"publisher\":{\"@id\":\"https:\/\/www.remonen.fi\/WP\/#\/schema\/person\/1803c23d1d4f6722054eb2ac7f7a97cd\"},\"image\":{\"@id\":\"https:\/\/www.remonen.fi\/WP\/blogi\/filmi-poikki\/#primaryimage\"},\"thumbnailUrl\":\"https:\/\/www.remonen.fi\/WP\/wp-content\/uploads\/2013\/11\/Filmi_poikki-3.jpg\",\"keywords\":[\"filmikuvaus\",\"infrapunakuvaus\"],\"articleSection\":[\"Blog\"],\"inLanguage\":\"fi\",\"potentialAction\":[{\"@type\":\"CommentAction\",\"name\":\"Comment\",\"target\":[\"https:\/\/www.remonen.fi\/WP\/blogi\/filmi-poikki\/#respond\"]}]},{\"@type\":\"WebPage\",\"@id\":\"https:\/\/www.remonen.fi\/WP\/blogi\/filmi-poikki\/\",\"url\":\"https:\/\/www.remonen.fi\/WP\/blogi\/filmi-poikki\/\",\"name\":\"Filmi poikki... - gREat MOments NEver forgotteN\",\"isPartOf\":{\"@id\":\"https:\/\/www.remonen.fi\/WP\/#website\"},\"primaryImageOfPage\":{\"@id\":\"https:\/\/www.remonen.fi\/WP\/blogi\/filmi-poikki\/#primaryimage\"},\"image\":{\"@id\":\"https:\/\/www.remonen.fi\/WP\/blogi\/filmi-poikki\/#primaryimage\"},\"thumbnailUrl\":\"https:\/\/www.remonen.fi\/WP\/wp-content\/uploads\/2013\/11\/Filmi_poikki-3.jpg\",\"datePublished\":\"2013-11-22T16:35:25+00:00\",\"dateModified\":\"2013-11-23T18:07:41+00:00\",\"breadcrumb\":{\"@id\":\"https:\/\/www.remonen.fi\/WP\/blogi\/filmi-poikki\/#breadcrumb\"},\"inLanguage\":\"fi\",\"potentialAction\":[{\"@type\":\"ReadAction\",\"target\":[\"https:\/\/www.remonen.fi\/WP\/blogi\/filmi-poikki\/\"]}]},{\"@type\":\"ImageObject\",\"inLanguage\":\"fi\",\"@id\":\"https:\/\/www.remonen.fi\/WP\/blogi\/filmi-poikki\/#primaryimage\",\"url\":\"https:\/\/www.remonen.fi\/WP\/wp-content\/uploads\/2013\/11\/Filmi_poikki-3.jpg\",\"contentUrl\":\"https:\/\/www.remonen.fi\/WP\/wp-content\/uploads\/2013\/11\/Filmi_poikki-3.jpg\",\"width\":800,\"height\":532},{\"@type\":\"BreadcrumbList\",\"@id\":\"https:\/\/www.remonen.fi\/WP\/blogi\/filmi-poikki\/#breadcrumb\",\"itemListElement\":[{\"@type\":\"ListItem\",\"position\":1,\"name\":\"Etusivu\",\"item\":\"https:\/\/www.remonen.fi\/WP\/\"},{\"@type\":\"ListItem\",\"position\":2,\"name\":\"Filmi poikki&#8230;\"}]},{\"@type\":\"WebSite\",\"@id\":\"https:\/\/www.remonen.fi\/WP\/#website\",\"url\":\"https:\/\/www.remonen.fi\/WP\/\",\"name\":\"remonen.fi\",\"description\":\"Valokuvia ja tarinaa laidasta laitaan\",\"publisher\":{\"@id\":\"https:\/\/www.remonen.fi\/WP\/#\/schema\/person\/1803c23d1d4f6722054eb2ac7f7a97cd\"},\"potentialAction\":[{\"@type\":\"SearchAction\",\"target\":{\"@type\":\"EntryPoint\",\"urlTemplate\":\"https:\/\/www.remonen.fi\/WP\/?s={search_term_string}\"},\"query-input\":{\"@type\":\"PropertyValueSpecification\",\"valueRequired\":true,\"valueName\":\"search_term_string\"}}],\"inLanguage\":\"fi\"},{\"@type\":[\"Person\",\"Organization\"],\"@id\":\"https:\/\/www.remonen.fi\/WP\/#\/schema\/person\/1803c23d1d4f6722054eb2ac7f7a97cd\",\"name\":\"Matti Remonen\",\"logo\":{\"@id\":\"https:\/\/www.remonen.fi\/WP\/#\/schema\/person\/image\/\"},\"url\":\"https:\/\/www.remonen.fi\/WP\/blogi\/author\/mre\/\"}]}<\/script>\n<!-- \/ Yoast SEO plugin. -->","yoast_head_json":{"title":"Filmi poikki... - gREat MOments NEver forgotteN","robots":{"index":"index","follow":"follow","max-snippet":"max-snippet:-1","max-image-preview":"max-image-preview:large","max-video-preview":"max-video-preview:-1"},"canonical":"https:\/\/www.remonen.fi\/WP\/blogi\/filmi-poikki\/","og_locale":"fi_FI","og_type":"article","og_title":"Filmi poikki... - gREat MOments NEver forgotteN","og_description":"Joopa joo. Silloin kun aloittelin t\u00e4t\u00e4 valokuvausta uudemman kerran useamman vuoden tauon j\u00e4lkeen, t\u00e4m\u00e4 siis vuoden 2008 lopussa, niin el\u00e4ttelin toiveita my\u00f6s filmikuvauksesta. Aika oli kullitellut muistot sen verran kultaisiksi, ett\u00e4 m\/v-filmikuvaus tuntui silt\u00e4 ainoalta oikealta. Siin\u00e4 p\u00e4\u00e4sisi todella valokuvauksen ytimeen ja digikuvan v\u00e4\u00e4nt\u00e4minen m\/v:ksi oli mielest\u00e4ni fuskausta ja vulg\u00e4\u00e4ri\u00e4. Ostin, kuten tapoihini kuuluu, kaikki [&hellip;]","og_url":"https:\/\/www.remonen.fi\/WP\/blogi\/filmi-poikki\/","og_site_name":"remonen.fi","article_published_time":"2013-11-22T16:35:25+00:00","article_modified_time":"2013-11-23T18:07:41+00:00","og_image":[{"width":800,"height":532,"url":"https:\/\/www.remonen.fi\/WP\/wp-content\/uploads\/2013\/11\/Filmi_poikki-3.jpg","type":"image\/jpeg"}],"author":"Matti Remonen","twitter_misc":{"Kirjoittanut":"Matti Remonen","Arvioitu lukuaika":"2 minuuttia"},"schema":{"@context":"https:\/\/schema.org","@graph":[{"@type":"Article","@id":"https:\/\/www.remonen.fi\/WP\/blogi\/filmi-poikki\/#article","isPartOf":{"@id":"https:\/\/www.remonen.fi\/WP\/blogi\/filmi-poikki\/"},"author":{"name":"Matti Remonen","@id":"https:\/\/www.remonen.fi\/WP\/#\/schema\/person\/1803c23d1d4f6722054eb2ac7f7a97cd"},"headline":"Filmi poikki&#8230;","datePublished":"2013-11-22T16:35:25+00:00","dateModified":"2013-11-23T18:07:41+00:00","mainEntityOfPage":{"@id":"https:\/\/www.remonen.fi\/WP\/blogi\/filmi-poikki\/"},"wordCount":423,"commentCount":0,"publisher":{"@id":"https:\/\/www.remonen.fi\/WP\/#\/schema\/person\/1803c23d1d4f6722054eb2ac7f7a97cd"},"image":{"@id":"https:\/\/www.remonen.fi\/WP\/blogi\/filmi-poikki\/#primaryimage"},"thumbnailUrl":"https:\/\/www.remonen.fi\/WP\/wp-content\/uploads\/2013\/11\/Filmi_poikki-3.jpg","keywords":["filmikuvaus","infrapunakuvaus"],"articleSection":["Blog"],"inLanguage":"fi","potentialAction":[{"@type":"CommentAction","name":"Comment","target":["https:\/\/www.remonen.fi\/WP\/blogi\/filmi-poikki\/#respond"]}]},{"@type":"WebPage","@id":"https:\/\/www.remonen.fi\/WP\/blogi\/filmi-poikki\/","url":"https:\/\/www.remonen.fi\/WP\/blogi\/filmi-poikki\/","name":"Filmi poikki... - gREat MOments NEver forgotteN","isPartOf":{"@id":"https:\/\/www.remonen.fi\/WP\/#website"},"primaryImageOfPage":{"@id":"https:\/\/www.remonen.fi\/WP\/blogi\/filmi-poikki\/#primaryimage"},"image":{"@id":"https:\/\/www.remonen.fi\/WP\/blogi\/filmi-poikki\/#primaryimage"},"thumbnailUrl":"https:\/\/www.remonen.fi\/WP\/wp-content\/uploads\/2013\/11\/Filmi_poikki-3.jpg","datePublished":"2013-11-22T16:35:25+00:00","dateModified":"2013-11-23T18:07:41+00:00","breadcrumb":{"@id":"https:\/\/www.remonen.fi\/WP\/blogi\/filmi-poikki\/#breadcrumb"},"inLanguage":"fi","potentialAction":[{"@type":"ReadAction","target":["https:\/\/www.remonen.fi\/WP\/blogi\/filmi-poikki\/"]}]},{"@type":"ImageObject","inLanguage":"fi","@id":"https:\/\/www.remonen.fi\/WP\/blogi\/filmi-poikki\/#primaryimage","url":"https:\/\/www.remonen.fi\/WP\/wp-content\/uploads\/2013\/11\/Filmi_poikki-3.jpg","contentUrl":"https:\/\/www.remonen.fi\/WP\/wp-content\/uploads\/2013\/11\/Filmi_poikki-3.jpg","width":800,"height":532},{"@type":"BreadcrumbList","@id":"https:\/\/www.remonen.fi\/WP\/blogi\/filmi-poikki\/#breadcrumb","itemListElement":[{"@type":"ListItem","position":1,"name":"Etusivu","item":"https:\/\/www.remonen.fi\/WP\/"},{"@type":"ListItem","position":2,"name":"Filmi poikki&#8230;"}]},{"@type":"WebSite","@id":"https:\/\/www.remonen.fi\/WP\/#website","url":"https:\/\/www.remonen.fi\/WP\/","name":"remonen.fi","description":"Valokuvia ja tarinaa laidasta laitaan","publisher":{"@id":"https:\/\/www.remonen.fi\/WP\/#\/schema\/person\/1803c23d1d4f6722054eb2ac7f7a97cd"},"potentialAction":[{"@type":"SearchAction","target":{"@type":"EntryPoint","urlTemplate":"https:\/\/www.remonen.fi\/WP\/?s={search_term_string}"},"query-input":{"@type":"PropertyValueSpecification","valueRequired":true,"valueName":"search_term_string"}}],"inLanguage":"fi"},{"@type":["Person","Organization"],"@id":"https:\/\/www.remonen.fi\/WP\/#\/schema\/person\/1803c23d1d4f6722054eb2ac7f7a97cd","name":"Matti Remonen","logo":{"@id":"https:\/\/www.remonen.fi\/WP\/#\/schema\/person\/image\/"},"url":"https:\/\/www.remonen.fi\/WP\/blogi\/author\/mre\/"}]}},"_links":{"self":[{"href":"https:\/\/www.remonen.fi\/WP\/wp-json\/wp\/v2\/posts\/3272"}],"collection":[{"href":"https:\/\/www.remonen.fi\/WP\/wp-json\/wp\/v2\/posts"}],"about":[{"href":"https:\/\/www.remonen.fi\/WP\/wp-json\/wp\/v2\/types\/post"}],"author":[{"embeddable":true,"href":"https:\/\/www.remonen.fi\/WP\/wp-json\/wp\/v2\/users\/2"}],"replies":[{"embeddable":true,"href":"https:\/\/www.remonen.fi\/WP\/wp-json\/wp\/v2\/comments?post=3272"}],"version-history":[{"count":0,"href":"https:\/\/www.remonen.fi\/WP\/wp-json\/wp\/v2\/posts\/3272\/revisions"}],"wp:featuredmedia":[{"embeddable":true,"href":"https:\/\/www.remonen.fi\/WP\/wp-json\/wp\/v2\/media\/3275"}],"wp:attachment":[{"href":"https:\/\/www.remonen.fi\/WP\/wp-json\/wp\/v2\/media?parent=3272"}],"wp:term":[{"taxonomy":"category","embeddable":true,"href":"https:\/\/www.remonen.fi\/WP\/wp-json\/wp\/v2\/categories?post=3272"},{"taxonomy":"post_tag","embeddable":true,"href":"https:\/\/www.remonen.fi\/WP\/wp-json\/wp\/v2\/tags?post=3272"}],"curies":[{"name":"wp","href":"https:\/\/api.w.org\/{rel}","templated":true}]}}