{"id":3283,"date":"2013-11-23T20:52:13","date_gmt":"2013-11-23T18:52:13","guid":{"rendered":"http:\/\/www.remonen.fi\/?p=3283"},"modified":"2013-11-24T08:49:09","modified_gmt":"2013-11-24T06:49:09","slug":"kyldyyria","status":"publish","type":"post","link":"https:\/\/www.remonen.fi\/WP\/blogi\/kyldyyria\/","title":{"rendered":"Kyldyyri\u00e4"},"content":{"rendered":"<p>Lauantai menikin sitten kulttuurin merkeiss\u00e4. Vaimo ja poika l\u00e4htiv\u00e4t keskustaan ostamaan vaatteita ja min\u00e4 sitten samalla reissulla p\u00e4\u00e4dyin kiertelem\u00e4\u00e4n parit valokuvan\u00e4yttelyt. Hakasalmen huvilassa on meneill\u00e4\u00e4n Kaupunginmuseon &#8221;<a title=\"Rasvaletti\" href=\"http:\/\/www.visithelsinki.fi\/juuri-nyt\/tapahtumia\/rasvaletti\" target=\"_blank\">Rasvaletti<\/a>&#8221;-valokuvan\u00e4yttely -50 -luvun Helsingist\u00e4 ja kadun (tien) toisella puolen on Kansallismuseossa <a title=\"Autot&amp;Helsinki\" href=\"http:\/\/www.nba.fi\/fi\/kansallismuseo\/nayttelyt\/vaihtuvat#aho-ja-soldan\" target=\"_blank\">Autot&amp;Helsinki<\/a>-n\u00e4yttely.<\/p>\n<p>Ensin piti kuitenkin menn\u00e4 Rajalan uuteen Postitalon liikeeseen. Onhan se hieno: vanhassa postisalissa myyd\u00e4\u00e4n postimerkkien sijasta nyt kameroita. Fiksu idea on ollut sijoittaa tiloihin Postitalon pienoismalli. Siihen voi sitten k\u00e4yd\u00e4 sihtailemassa uusilla kameroilla.<\/p>\n<p><a href=\"http:\/\/www.remonen.fi\/WP\/wp-content\/uploads\/2013\/11\/rasvaletti.jpg\"><img loading=\"lazy\" decoding=\"async\" class=\"aligncenter size-medium wp-image-3284\" alt=\"rasvaletti\" src=\"http:\/\/www.remonen.fi\/WP\/wp-content\/uploads\/2013\/11\/rasvaletti-300x199.jpg\" width=\"300\" height=\"199\" srcset=\"https:\/\/www.remonen.fi\/WP\/wp-content\/uploads\/2013\/11\/rasvaletti-300x199.jpg 300w, https:\/\/www.remonen.fi\/WP\/wp-content\/uploads\/2013\/11\/rasvaletti.jpg 800w\" sizes=\"(max-width: 300px) 100vw, 300px\" \/><\/a><\/p>\n<div id=\"attachment_3298\" style=\"width: 310px\" class=\"wp-caption alignleft\"><a href=\"http:\/\/www.remonen.fi\/WP\/wp-content\/uploads\/2013\/11\/rasvaletti-3.jpg\"><img loading=\"lazy\" decoding=\"async\" aria-describedby=\"caption-attachment-3298\" class=\"size-medium wp-image-3298\" alt=\"rasvaletti-3\" src=\"http:\/\/www.remonen.fi\/WP\/wp-content\/uploads\/2013\/11\/rasvaletti-3-300x199.jpg\" width=\"300\" height=\"199\" srcset=\"https:\/\/www.remonen.fi\/WP\/wp-content\/uploads\/2013\/11\/rasvaletti-3-300x199.jpg 300w, https:\/\/www.remonen.fi\/WP\/wp-content\/uploads\/2013\/11\/rasvaletti-3.jpg 800w\" sizes=\"(max-width: 300px) 100vw, 300px\" \/><\/a><p id=\"caption-attachment-3298\" class=\"wp-caption-text\">Kuin silloin ennen.<\/p><\/div>\n<p>Hakasalmen huvilan n\u00e4yttely on ilmainen, ja mik\u00e4 parasta, siell\u00e4 saa valokuvata. Seinille ripustetut -50 -luvun Helsinki\u00e4 ja nuorisoa kuvaavat valokuvat olivat hienoja ja mielenkiintoisia. Toki sit\u00e4 kiintoisuutta hieman v\u00e4hent\u00e4\u00e4 se tosiseikka, etten ole syntyper\u00e4inen helsinkil\u00e4inen ja n\u00e4inollen esimerkiksi kuvat l\u00e4hi\u00f6ist\u00e4 silt\u00e4 ajalta eiv\u00e4t oikein minua jaksaneet sytytt\u00e4\u00e4. Varsinkin kun Roihuvuoresta ei ollut kuin pari kuvaa. Mellunm\u00e4est\u00e4 ei yht\u00e4\u00e4n. Melliksen kyll\u00e4 ymm\u00e4rt\u00e4\u00e4, koska se on rakennettu p\u00e4\u00e4osin -70 -luvulla, mutta Roihis kyll\u00e4 perustettiin ja rakennettiin Hakan toimesta nimenomaan -50 -luvulla. No, mutta n\u00e4yttely oli hintansa v\u00e4\u00e4rti.<\/p>\n<div id=\"attachment_3296\" style=\"width: 310px\" class=\"wp-caption alignright\"><a href=\"http:\/\/www.remonen.fi\/WP\/wp-content\/uploads\/2013\/11\/rasvaletti-5.jpg\"><img loading=\"lazy\" decoding=\"async\" aria-describedby=\"caption-attachment-3296\" class=\"size-medium wp-image-3296\" alt=\"rasvaletti-5\" src=\"http:\/\/www.remonen.fi\/WP\/wp-content\/uploads\/2013\/11\/rasvaletti-5-300x199.jpg\" width=\"300\" height=\"199\" srcset=\"https:\/\/www.remonen.fi\/WP\/wp-content\/uploads\/2013\/11\/rasvaletti-5-300x199.jpg 300w, https:\/\/www.remonen.fi\/WP\/wp-content\/uploads\/2013\/11\/rasvaletti-5.jpg 800w\" sizes=\"(max-width: 300px) 100vw, 300px\" \/><\/a><p id=\"caption-attachment-3296\" class=\"wp-caption-text\">Me vaan t\u00e4s Leilan kans biitsil&#8230;<\/p><\/div>\n<p>Joka tapauksessa n\u00e4yttely kuvasi mielest\u00e4ni hyvin sit\u00e4 valtaisaa murrosta, mik\u00e4 Suomessa tapahtui tuona aikana: v\u00e4ki alkoi siirtym\u00e4\u00e4n maalta kaupunkeihin, nuoriso alkoi tiedostamaan itse\u00e4\u00e4n ja muut huomasivat nuorison. Vapaa-aika lis\u00e4\u00e4ntyi, vaikka t\u00f6it\u00e4 puskettiin hullun lailla kaupungistumisen vuoksi ja varsinkin vuosikymmenen alkuvaiheessa viel\u00e4 meneill\u00e4\u00e4n olleiden sotakorvausten hoitamiseksia.<\/p>\n<p>&nbsp;<\/p>\n<p><a href=\"http:\/\/www.remonen.fi\/WP\/wp-content\/uploads\/2013\/11\/rasvaletti-4.jpg\"><img loading=\"lazy\" decoding=\"async\" class=\"alignleft size-medium wp-image-3297\" alt=\"rasvaletti-4\" src=\"http:\/\/www.remonen.fi\/WP\/wp-content\/uploads\/2013\/11\/rasvaletti-4-199x300.jpg\" width=\"199\" height=\"300\" srcset=\"https:\/\/www.remonen.fi\/WP\/wp-content\/uploads\/2013\/11\/rasvaletti-4-199x300.jpg 199w, https:\/\/www.remonen.fi\/WP\/wp-content\/uploads\/2013\/11\/rasvaletti-4.jpg 532w\" sizes=\"(max-width: 199px) 100vw, 199px\" \/><\/a>Nuoriso tosiaan alkoi erottautumaan omaksi ryhm\u00e4kseen: tuli rokit, jamekset, cokis, jengit, mopot ja kaikki. T\u00e4m\u00e4 tietysti toi mukanaan my\u00f6s lieveilmi\u00f6it\u00e4 ja vanhempi v\u00e4ki kauheisteli &#8221;l\u00e4tt\u00e4hattujen&#8221; menoa. No, koskas sit\u00e4 nuorisoa olisi kehuttu?<\/p>\n<p>N\u00e4yttelyss\u00e4 oli my\u00f6s oma soppi sen ajan valokuvaukselle. Sodanj\u00e4lkeinen aika ja s\u00e4\u00e4nn\u00f6stelyn p\u00e4\u00e4ttyminen tarkoitti sit\u00e4, ett\u00e4 muutkin kuin ammattikuvaajat saivat ja pystyiv\u00e4t hankkimaan filmi\u00e4 ja kameroita. Kuvia kun katseli, niin ei kyll\u00e4 tullut kauhean ik\u00e4v\u00e4 niit\u00e4 aikoja. Leica nyt on Leica, lataa siihen mit\u00e4 vain, mutta 6&#215;9 palkkikamerat eiv\u00e4t kyll\u00e4 aiheuta mit\u00e4\u00e4n omistamisen halua. Kuvissa oli my\u00f6s aikalaisen valokuvaajan (nimi ei tarttunut mieleen) studiokalustoa. Nyky\u00e4\u00e4n satamissa on kevyemm\u00e4t nosturit, kuin mit\u00e4 kuvaaja oli v\u00e4rk\u00e4nnyt kamerajalustoiksi. Ei ollut hiilikuitua silloin, ei.<\/p>\n<p><a href=\"http:\/\/www.remonen.fi\/WP\/wp-content\/uploads\/2013\/11\/rasvaletti-2.jpg\"><img loading=\"lazy\" decoding=\"async\" class=\"aligncenter size-medium wp-image-3299\" alt=\"rasvaletti-2\" src=\"http:\/\/www.remonen.fi\/WP\/wp-content\/uploads\/2013\/11\/rasvaletti-2-300x199.jpg\" width=\"300\" height=\"199\" srcset=\"https:\/\/www.remonen.fi\/WP\/wp-content\/uploads\/2013\/11\/rasvaletti-2-300x199.jpg 300w, https:\/\/www.remonen.fi\/WP\/wp-content\/uploads\/2013\/11\/rasvaletti-2.jpg 800w\" sizes=\"(max-width: 300px) 100vw, 300px\" \/><\/a><\/p>\n<div id=\"attachment_3293\" style=\"width: 233px\" class=\"wp-caption alignright\"><a href=\"http:\/\/www.remonen.fi\/WP\/wp-content\/uploads\/2013\/11\/rasvaletti-8.jpg\"><img loading=\"lazy\" decoding=\"async\" aria-describedby=\"caption-attachment-3293\" class=\"size-medium wp-image-3293\" alt=\"rasvaletti-8\" src=\"http:\/\/www.remonen.fi\/WP\/wp-content\/uploads\/2013\/11\/rasvaletti-8-223x300.jpg\" width=\"223\" height=\"300\" srcset=\"https:\/\/www.remonen.fi\/WP\/wp-content\/uploads\/2013\/11\/rasvaletti-8-223x300.jpg 223w, https:\/\/www.remonen.fi\/WP\/wp-content\/uploads\/2013\/11\/rasvaletti-8.jpg 596w\" sizes=\"(max-width: 223px) 100vw, 223px\" \/><\/a><p id=\"caption-attachment-3293\" class=\"wp-caption-text\">Et perkele vie miun kirjaa!<\/p><\/div>\n<p>Sitten kadun (tien &#8211; miksi Mannerheimintie on tie? Eik\u00f6 tiet kaupungeissa ole katuja?) toiselle puolen ja Kansallismuseoon. Oli muuten mun eka kerta. Vaikka olen asunut Helsingiss\u00e4 nyt jo 25 vuotta, niin Kansallismuseoon en ole osunut. Syntyper\u00e4iset hesalaiset hoitavat tuon pakollisen vaiheen pois p\u00e4iv\u00e4j\u00e4rjestyksest\u00e4 yleens\u00e4 kansakoulun, siis peruskoulun, ensimm\u00e4isill\u00e4 luokilla. Me menimme silloin Sapokkaan luokkaretkelle. Vuonna -60 ja jotain, Elsa Sorvalin johdolla.\u00a0 Valitettavasti tuo Autot&amp;Helsinki-n\u00e4yttely ei minua niin koskettanut, vaikka sein\u00e4ll\u00e4 olikin vanha Autokoulu Ikosen valokilpi. Enska ja Hanski joo, Team Ahman henkinen is\u00e4. Kiersin my\u00f6s koko museon l\u00e4pi, mutta jotenkin siit\u00e4 j\u00e4i valju vaikutelma. Eih\u00e4n tuota liene kovin reilua mihink\u00e4\u00e4n Louvreen tai Eremitaasiin verrata, jotka ovatkin taidemuseoita, mutta en oikein koe ruotsalaisia kuninkaita omikseni. Vaikka silloin osa Ruotsia olimmekin. Suomi k\u00f6yh\u00e4 on ja k\u00f6yh\u00e4ks&#8217; j\u00e4\u00e4. Niinp\u00e4.<\/p>\n<table border=\"0\" align=\"center\">\n<tbody>\n<tr>\n<td><a href=\"http:\/\/www.remonen.fi\/WP\/wp-content\/uploads\/2013\/11\/rasvaletti-6.jpg\"><img loading=\"lazy\" decoding=\"async\" class=\"size-medium wp-image-3295 aligncenter\" alt=\"rasvaletti-6\" src=\"http:\/\/www.remonen.fi\/WP\/wp-content\/uploads\/2013\/11\/rasvaletti-6-199x300.jpg\" width=\"199\" height=\"300\" srcset=\"https:\/\/www.remonen.fi\/WP\/wp-content\/uploads\/2013\/11\/rasvaletti-6-199x300.jpg 199w, https:\/\/www.remonen.fi\/WP\/wp-content\/uploads\/2013\/11\/rasvaletti-6.jpg 532w\" sizes=\"(max-width: 199px) 100vw, 199px\" \/><\/a><\/td>\n<td><a href=\"http:\/\/www.remonen.fi\/WP\/wp-content\/uploads\/2013\/11\/rasvaletti-9.jpg\"><img loading=\"lazy\" decoding=\"async\" class=\"alignnone size-medium wp-image-3292\" alt=\"rasvaletti-9\" src=\"http:\/\/www.remonen.fi\/WP\/wp-content\/uploads\/2013\/11\/rasvaletti-9-300x199.jpg\" width=\"300\" height=\"199\" srcset=\"https:\/\/www.remonen.fi\/WP\/wp-content\/uploads\/2013\/11\/rasvaletti-9-300x199.jpg 300w, https:\/\/www.remonen.fi\/WP\/wp-content\/uploads\/2013\/11\/rasvaletti-9.jpg 800w\" sizes=\"(max-width: 300px) 100vw, 300px\" \/><\/a><\/td>\n<\/tr>\n<tr>\n<td><a href=\"http:\/\/www.remonen.fi\/WP\/wp-content\/uploads\/2013\/11\/rasvaletti-10.jpg\"><img loading=\"lazy\" decoding=\"async\" class=\"alignnone size-medium wp-image-3291\" alt=\"rasvaletti-10\" src=\"http:\/\/www.remonen.fi\/WP\/wp-content\/uploads\/2013\/11\/rasvaletti-10-300x199.jpg\" width=\"300\" height=\"199\" srcset=\"https:\/\/www.remonen.fi\/WP\/wp-content\/uploads\/2013\/11\/rasvaletti-10-300x199.jpg 300w, https:\/\/www.remonen.fi\/WP\/wp-content\/uploads\/2013\/11\/rasvaletti-10.jpg 800w\" sizes=\"(max-width: 300px) 100vw, 300px\" \/><\/a><\/td>\n<td><a href=\"http:\/\/www.remonen.fi\/WP\/wp-content\/uploads\/2013\/11\/rasvaletti-7.jpg\"><img loading=\"lazy\" decoding=\"async\" class=\"size-medium wp-image-3294 aligncenter\" alt=\"rasvaletti-7\" src=\"http:\/\/www.remonen.fi\/WP\/wp-content\/uploads\/2013\/11\/rasvaletti-7-199x300.jpg\" width=\"199\" height=\"300\" srcset=\"https:\/\/www.remonen.fi\/WP\/wp-content\/uploads\/2013\/11\/rasvaletti-7-199x300.jpg 199w, https:\/\/www.remonen.fi\/WP\/wp-content\/uploads\/2013\/11\/rasvaletti-7.jpg 532w\" sizes=\"(max-width: 199px) 100vw, 199px\" \/><\/a><\/td>\n<\/tr>\n<\/tbody>\n<\/table>\n<p>&nbsp;<\/p>\n<p>K\u00e4vin viel\u00e4 Foorumissa h\u00e4il\u00e4\u00e4m\u00e4ss\u00e4 ja sitten suuntasin kohden kotia. Kotimatkalla piristin sitten mielt\u00e4 k\u00e4ym\u00e4ll\u00e4 It\u00e4keskuksessa ottamassa tuntumaa tulevaan Jouluun&#8230;<\/p>\n<table border=\"0\" align=\"center\">\n<tbody>\n<tr>\n<td><a href=\"http:\/\/www.remonen.fi\/WP\/wp-content\/uploads\/2013\/11\/rasvaletti-12.jpg\"><img loading=\"lazy\" decoding=\"async\" class=\"alignnone size-medium wp-image-3289\" alt=\"rasvaletti-12\" src=\"http:\/\/www.remonen.fi\/WP\/wp-content\/uploads\/2013\/11\/rasvaletti-12-300x199.jpg\" width=\"300\" height=\"199\" srcset=\"https:\/\/www.remonen.fi\/WP\/wp-content\/uploads\/2013\/11\/rasvaletti-12-300x199.jpg 300w, https:\/\/www.remonen.fi\/WP\/wp-content\/uploads\/2013\/11\/rasvaletti-12.jpg 800w\" sizes=\"(max-width: 300px) 100vw, 300px\" \/><\/a><\/td>\n<td><a href=\"http:\/\/www.remonen.fi\/WP\/wp-content\/uploads\/2013\/11\/rasvaletti-11.jpg\"><img loading=\"lazy\" decoding=\"async\" class=\"size-medium wp-image-3290 aligncenter\" alt=\"rasvaletti-11\" src=\"http:\/\/www.remonen.fi\/WP\/wp-content\/uploads\/2013\/11\/rasvaletti-11-199x300.jpg\" width=\"199\" height=\"300\" srcset=\"https:\/\/www.remonen.fi\/WP\/wp-content\/uploads\/2013\/11\/rasvaletti-11-199x300.jpg 199w, https:\/\/www.remonen.fi\/WP\/wp-content\/uploads\/2013\/11\/rasvaletti-11.jpg 532w\" sizes=\"(max-width: 199px) 100vw, 199px\" \/><\/a><\/td>\n<\/tr>\n<tr>\n<td><a href=\"http:\/\/www.remonen.fi\/WP\/wp-content\/uploads\/2013\/11\/rasvaletti-13.jpg\"><img loading=\"lazy\" decoding=\"async\" class=\"aligncenter size-medium wp-image-3288\" alt=\"rasvaletti-13\" src=\"http:\/\/www.remonen.fi\/WP\/wp-content\/uploads\/2013\/11\/rasvaletti-13-199x300.jpg\" width=\"199\" height=\"300\" srcset=\"https:\/\/www.remonen.fi\/WP\/wp-content\/uploads\/2013\/11\/rasvaletti-13-199x300.jpg 199w, https:\/\/www.remonen.fi\/WP\/wp-content\/uploads\/2013\/11\/rasvaletti-13.jpg 532w\" sizes=\"(max-width: 199px) 100vw, 199px\" \/><\/a><\/td>\n<td><a href=\"http:\/\/www.remonen.fi\/WP\/wp-content\/uploads\/2013\/11\/rasvaletti-15.jpg\"><img loading=\"lazy\" decoding=\"async\" class=\"alignnone size-medium wp-image-3286\" alt=\"rasvaletti-15\" src=\"http:\/\/www.remonen.fi\/WP\/wp-content\/uploads\/2013\/11\/rasvaletti-15-300x199.jpg\" width=\"300\" height=\"199\" srcset=\"https:\/\/www.remonen.fi\/WP\/wp-content\/uploads\/2013\/11\/rasvaletti-15-300x199.jpg 300w, https:\/\/www.remonen.fi\/WP\/wp-content\/uploads\/2013\/11\/rasvaletti-15.jpg 800w\" sizes=\"(max-width: 300px) 100vw, 300px\" \/><\/a><\/td>\n<\/tr>\n<\/tbody>\n<\/table>\n<p>Kulttuurin saivat tuta NEX6 + SEL1018 + SELP1650 + SEL24f18Z<\/p>\n","protected":false},"excerpt":{"rendered":"<p>Lauantai menikin sitten kulttuurin merkeiss\u00e4. Vaimo ja poika l\u00e4htiv\u00e4t keskustaan ostamaan vaatteita ja min\u00e4 sitten samalla reissulla p\u00e4\u00e4dyin kiertelem\u00e4\u00e4n parit valokuvan\u00e4yttelyt. Hakasalmen huvilassa on meneill\u00e4\u00e4n Kaupunginmuseon &#8221;Rasvaletti&#8221;-valokuvan\u00e4yttely -50 -luvun Helsingist\u00e4 ja kadun (tien) toisella puolen on Kansallismuseossa Autot&amp;Helsinki-n\u00e4yttely. Ensin piti kuitenkin menn\u00e4 Rajalan uuteen Postitalon liikeeseen. Onhan se hieno: vanhassa postisalissa myyd\u00e4\u00e4n postimerkkien sijasta nyt [&hellip;]<\/p>\n","protected":false},"author":2,"featured_media":3284,"comment_status":"open","ping_status":"closed","sticky":false,"template":"","format":"standard","meta":{"footnotes":""},"categories":[16],"tags":[110,111,112],"yoast_head":"<!-- This site is optimized with the Yoast SEO plugin v24.5 - https:\/\/yoast.com\/wordpress\/plugins\/seo\/ -->\n<title>Kyldyyri\u00e4 - gREat MOments NEver forgotteN<\/title>\n<meta name=\"robots\" content=\"index, follow, max-snippet:-1, max-image-preview:large, max-video-preview:-1\" \/>\n<link rel=\"canonical\" href=\"https:\/\/www.remonen.fi\/WP\/blogi\/kyldyyria\/\" \/>\n<meta property=\"og:locale\" content=\"fi_FI\" \/>\n<meta property=\"og:type\" content=\"article\" \/>\n<meta property=\"og:title\" content=\"Kyldyyri\u00e4 - gREat MOments NEver forgotteN\" \/>\n<meta property=\"og:description\" content=\"Lauantai menikin sitten kulttuurin merkeiss\u00e4. Vaimo ja poika l\u00e4htiv\u00e4t keskustaan ostamaan vaatteita ja min\u00e4 sitten samalla reissulla p\u00e4\u00e4dyin kiertelem\u00e4\u00e4n parit valokuvan\u00e4yttelyt. Hakasalmen huvilassa on meneill\u00e4\u00e4n Kaupunginmuseon &#8221;Rasvaletti&#8221;-valokuvan\u00e4yttely -50 -luvun Helsingist\u00e4 ja kadun (tien) toisella puolen on Kansallismuseossa Autot&amp;Helsinki-n\u00e4yttely. Ensin piti kuitenkin menn\u00e4 Rajalan uuteen Postitalon liikeeseen. Onhan se hieno: vanhassa postisalissa myyd\u00e4\u00e4n postimerkkien sijasta nyt [&hellip;]\" \/>\n<meta property=\"og:url\" content=\"https:\/\/www.remonen.fi\/WP\/blogi\/kyldyyria\/\" \/>\n<meta property=\"og:site_name\" content=\"remonen.fi\" \/>\n<meta property=\"article:published_time\" content=\"2013-11-23T18:52:13+00:00\" \/>\n<meta property=\"article:modified_time\" content=\"2013-11-24T06:49:09+00:00\" \/>\n<meta property=\"og:image\" content=\"https:\/\/www.remonen.fi\/WP\/wp-content\/uploads\/2013\/11\/rasvaletti.jpg\" \/>\n\t<meta property=\"og:image:width\" content=\"800\" \/>\n\t<meta property=\"og:image:height\" content=\"532\" \/>\n\t<meta property=\"og:image:type\" content=\"image\/jpeg\" \/>\n<meta name=\"author\" content=\"Matti Remonen\" \/>\n<meta name=\"twitter:label1\" content=\"Kirjoittanut\" \/>\n\t<meta name=\"twitter:data1\" content=\"Matti Remonen\" \/>\n\t<meta name=\"twitter:label2\" content=\"Arvioitu lukuaika\" \/>\n\t<meta name=\"twitter:data2\" content=\"3 minuuttia\" \/>\n<script type=\"application\/ld+json\" class=\"yoast-schema-graph\">{\"@context\":\"https:\/\/schema.org\",\"@graph\":[{\"@type\":\"Article\",\"@id\":\"https:\/\/www.remonen.fi\/WP\/blogi\/kyldyyria\/#article\",\"isPartOf\":{\"@id\":\"https:\/\/www.remonen.fi\/WP\/blogi\/kyldyyria\/\"},\"author\":{\"name\":\"Matti Remonen\",\"@id\":\"https:\/\/www.remonen.fi\/WP\/#\/schema\/person\/1803c23d1d4f6722054eb2ac7f7a97cd\"},\"headline\":\"Kyldyyri\u00e4\",\"datePublished\":\"2013-11-23T18:52:13+00:00\",\"dateModified\":\"2013-11-24T06:49:09+00:00\",\"mainEntityOfPage\":{\"@id\":\"https:\/\/www.remonen.fi\/WP\/blogi\/kyldyyria\/\"},\"wordCount\":586,\"commentCount\":0,\"publisher\":{\"@id\":\"https:\/\/www.remonen.fi\/WP\/#\/schema\/person\/1803c23d1d4f6722054eb2ac7f7a97cd\"},\"image\":{\"@id\":\"https:\/\/www.remonen.fi\/WP\/blogi\/kyldyyria\/#primaryimage\"},\"thumbnailUrl\":\"https:\/\/www.remonen.fi\/WP\/wp-content\/uploads\/2013\/11\/rasvaletti.jpg\",\"keywords\":[\"Hakasalmen huvila\",\"Kansallismuseo\",\"Valokuvan\u00e4yttely\"],\"articleSection\":[\"Blog\"],\"inLanguage\":\"fi\",\"potentialAction\":[{\"@type\":\"CommentAction\",\"name\":\"Comment\",\"target\":[\"https:\/\/www.remonen.fi\/WP\/blogi\/kyldyyria\/#respond\"]}]},{\"@type\":\"WebPage\",\"@id\":\"https:\/\/www.remonen.fi\/WP\/blogi\/kyldyyria\/\",\"url\":\"https:\/\/www.remonen.fi\/WP\/blogi\/kyldyyria\/\",\"name\":\"Kyldyyri\u00e4 - gREat MOments NEver forgotteN\",\"isPartOf\":{\"@id\":\"https:\/\/www.remonen.fi\/WP\/#website\"},\"primaryImageOfPage\":{\"@id\":\"https:\/\/www.remonen.fi\/WP\/blogi\/kyldyyria\/#primaryimage\"},\"image\":{\"@id\":\"https:\/\/www.remonen.fi\/WP\/blogi\/kyldyyria\/#primaryimage\"},\"thumbnailUrl\":\"https:\/\/www.remonen.fi\/WP\/wp-content\/uploads\/2013\/11\/rasvaletti.jpg\",\"datePublished\":\"2013-11-23T18:52:13+00:00\",\"dateModified\":\"2013-11-24T06:49:09+00:00\",\"breadcrumb\":{\"@id\":\"https:\/\/www.remonen.fi\/WP\/blogi\/kyldyyria\/#breadcrumb\"},\"inLanguage\":\"fi\",\"potentialAction\":[{\"@type\":\"ReadAction\",\"target\":[\"https:\/\/www.remonen.fi\/WP\/blogi\/kyldyyria\/\"]}]},{\"@type\":\"ImageObject\",\"inLanguage\":\"fi\",\"@id\":\"https:\/\/www.remonen.fi\/WP\/blogi\/kyldyyria\/#primaryimage\",\"url\":\"https:\/\/www.remonen.fi\/WP\/wp-content\/uploads\/2013\/11\/rasvaletti.jpg\",\"contentUrl\":\"https:\/\/www.remonen.fi\/WP\/wp-content\/uploads\/2013\/11\/rasvaletti.jpg\",\"width\":800,\"height\":532},{\"@type\":\"BreadcrumbList\",\"@id\":\"https:\/\/www.remonen.fi\/WP\/blogi\/kyldyyria\/#breadcrumb\",\"itemListElement\":[{\"@type\":\"ListItem\",\"position\":1,\"name\":\"Etusivu\",\"item\":\"https:\/\/www.remonen.fi\/WP\/\"},{\"@type\":\"ListItem\",\"position\":2,\"name\":\"Kyldyyri\u00e4\"}]},{\"@type\":\"WebSite\",\"@id\":\"https:\/\/www.remonen.fi\/WP\/#website\",\"url\":\"https:\/\/www.remonen.fi\/WP\/\",\"name\":\"remonen.fi\",\"description\":\"Valokuvia ja tarinaa laidasta laitaan\",\"publisher\":{\"@id\":\"https:\/\/www.remonen.fi\/WP\/#\/schema\/person\/1803c23d1d4f6722054eb2ac7f7a97cd\"},\"potentialAction\":[{\"@type\":\"SearchAction\",\"target\":{\"@type\":\"EntryPoint\",\"urlTemplate\":\"https:\/\/www.remonen.fi\/WP\/?s={search_term_string}\"},\"query-input\":{\"@type\":\"PropertyValueSpecification\",\"valueRequired\":true,\"valueName\":\"search_term_string\"}}],\"inLanguage\":\"fi\"},{\"@type\":[\"Person\",\"Organization\"],\"@id\":\"https:\/\/www.remonen.fi\/WP\/#\/schema\/person\/1803c23d1d4f6722054eb2ac7f7a97cd\",\"name\":\"Matti Remonen\",\"logo\":{\"@id\":\"https:\/\/www.remonen.fi\/WP\/#\/schema\/person\/image\/\"},\"url\":\"https:\/\/www.remonen.fi\/WP\/blogi\/author\/mre\/\"}]}<\/script>\n<!-- \/ Yoast SEO plugin. -->","yoast_head_json":{"title":"Kyldyyri\u00e4 - gREat MOments NEver forgotteN","robots":{"index":"index","follow":"follow","max-snippet":"max-snippet:-1","max-image-preview":"max-image-preview:large","max-video-preview":"max-video-preview:-1"},"canonical":"https:\/\/www.remonen.fi\/WP\/blogi\/kyldyyria\/","og_locale":"fi_FI","og_type":"article","og_title":"Kyldyyri\u00e4 - gREat MOments NEver forgotteN","og_description":"Lauantai menikin sitten kulttuurin merkeiss\u00e4. Vaimo ja poika l\u00e4htiv\u00e4t keskustaan ostamaan vaatteita ja min\u00e4 sitten samalla reissulla p\u00e4\u00e4dyin kiertelem\u00e4\u00e4n parit valokuvan\u00e4yttelyt. Hakasalmen huvilassa on meneill\u00e4\u00e4n Kaupunginmuseon &#8221;Rasvaletti&#8221;-valokuvan\u00e4yttely -50 -luvun Helsingist\u00e4 ja kadun (tien) toisella puolen on Kansallismuseossa Autot&amp;Helsinki-n\u00e4yttely. Ensin piti kuitenkin menn\u00e4 Rajalan uuteen Postitalon liikeeseen. Onhan se hieno: vanhassa postisalissa myyd\u00e4\u00e4n postimerkkien sijasta nyt [&hellip;]","og_url":"https:\/\/www.remonen.fi\/WP\/blogi\/kyldyyria\/","og_site_name":"remonen.fi","article_published_time":"2013-11-23T18:52:13+00:00","article_modified_time":"2013-11-24T06:49:09+00:00","og_image":[{"width":800,"height":532,"url":"https:\/\/www.remonen.fi\/WP\/wp-content\/uploads\/2013\/11\/rasvaletti.jpg","type":"image\/jpeg"}],"author":"Matti Remonen","twitter_misc":{"Kirjoittanut":"Matti Remonen","Arvioitu lukuaika":"3 minuuttia"},"schema":{"@context":"https:\/\/schema.org","@graph":[{"@type":"Article","@id":"https:\/\/www.remonen.fi\/WP\/blogi\/kyldyyria\/#article","isPartOf":{"@id":"https:\/\/www.remonen.fi\/WP\/blogi\/kyldyyria\/"},"author":{"name":"Matti Remonen","@id":"https:\/\/www.remonen.fi\/WP\/#\/schema\/person\/1803c23d1d4f6722054eb2ac7f7a97cd"},"headline":"Kyldyyri\u00e4","datePublished":"2013-11-23T18:52:13+00:00","dateModified":"2013-11-24T06:49:09+00:00","mainEntityOfPage":{"@id":"https:\/\/www.remonen.fi\/WP\/blogi\/kyldyyria\/"},"wordCount":586,"commentCount":0,"publisher":{"@id":"https:\/\/www.remonen.fi\/WP\/#\/schema\/person\/1803c23d1d4f6722054eb2ac7f7a97cd"},"image":{"@id":"https:\/\/www.remonen.fi\/WP\/blogi\/kyldyyria\/#primaryimage"},"thumbnailUrl":"https:\/\/www.remonen.fi\/WP\/wp-content\/uploads\/2013\/11\/rasvaletti.jpg","keywords":["Hakasalmen huvila","Kansallismuseo","Valokuvan\u00e4yttely"],"articleSection":["Blog"],"inLanguage":"fi","potentialAction":[{"@type":"CommentAction","name":"Comment","target":["https:\/\/www.remonen.fi\/WP\/blogi\/kyldyyria\/#respond"]}]},{"@type":"WebPage","@id":"https:\/\/www.remonen.fi\/WP\/blogi\/kyldyyria\/","url":"https:\/\/www.remonen.fi\/WP\/blogi\/kyldyyria\/","name":"Kyldyyri\u00e4 - gREat MOments NEver forgotteN","isPartOf":{"@id":"https:\/\/www.remonen.fi\/WP\/#website"},"primaryImageOfPage":{"@id":"https:\/\/www.remonen.fi\/WP\/blogi\/kyldyyria\/#primaryimage"},"image":{"@id":"https:\/\/www.remonen.fi\/WP\/blogi\/kyldyyria\/#primaryimage"},"thumbnailUrl":"https:\/\/www.remonen.fi\/WP\/wp-content\/uploads\/2013\/11\/rasvaletti.jpg","datePublished":"2013-11-23T18:52:13+00:00","dateModified":"2013-11-24T06:49:09+00:00","breadcrumb":{"@id":"https:\/\/www.remonen.fi\/WP\/blogi\/kyldyyria\/#breadcrumb"},"inLanguage":"fi","potentialAction":[{"@type":"ReadAction","target":["https:\/\/www.remonen.fi\/WP\/blogi\/kyldyyria\/"]}]},{"@type":"ImageObject","inLanguage":"fi","@id":"https:\/\/www.remonen.fi\/WP\/blogi\/kyldyyria\/#primaryimage","url":"https:\/\/www.remonen.fi\/WP\/wp-content\/uploads\/2013\/11\/rasvaletti.jpg","contentUrl":"https:\/\/www.remonen.fi\/WP\/wp-content\/uploads\/2013\/11\/rasvaletti.jpg","width":800,"height":532},{"@type":"BreadcrumbList","@id":"https:\/\/www.remonen.fi\/WP\/blogi\/kyldyyria\/#breadcrumb","itemListElement":[{"@type":"ListItem","position":1,"name":"Etusivu","item":"https:\/\/www.remonen.fi\/WP\/"},{"@type":"ListItem","position":2,"name":"Kyldyyri\u00e4"}]},{"@type":"WebSite","@id":"https:\/\/www.remonen.fi\/WP\/#website","url":"https:\/\/www.remonen.fi\/WP\/","name":"remonen.fi","description":"Valokuvia ja tarinaa laidasta laitaan","publisher":{"@id":"https:\/\/www.remonen.fi\/WP\/#\/schema\/person\/1803c23d1d4f6722054eb2ac7f7a97cd"},"potentialAction":[{"@type":"SearchAction","target":{"@type":"EntryPoint","urlTemplate":"https:\/\/www.remonen.fi\/WP\/?s={search_term_string}"},"query-input":{"@type":"PropertyValueSpecification","valueRequired":true,"valueName":"search_term_string"}}],"inLanguage":"fi"},{"@type":["Person","Organization"],"@id":"https:\/\/www.remonen.fi\/WP\/#\/schema\/person\/1803c23d1d4f6722054eb2ac7f7a97cd","name":"Matti Remonen","logo":{"@id":"https:\/\/www.remonen.fi\/WP\/#\/schema\/person\/image\/"},"url":"https:\/\/www.remonen.fi\/WP\/blogi\/author\/mre\/"}]}},"_links":{"self":[{"href":"https:\/\/www.remonen.fi\/WP\/wp-json\/wp\/v2\/posts\/3283"}],"collection":[{"href":"https:\/\/www.remonen.fi\/WP\/wp-json\/wp\/v2\/posts"}],"about":[{"href":"https:\/\/www.remonen.fi\/WP\/wp-json\/wp\/v2\/types\/post"}],"author":[{"embeddable":true,"href":"https:\/\/www.remonen.fi\/WP\/wp-json\/wp\/v2\/users\/2"}],"replies":[{"embeddable":true,"href":"https:\/\/www.remonen.fi\/WP\/wp-json\/wp\/v2\/comments?post=3283"}],"version-history":[{"count":0,"href":"https:\/\/www.remonen.fi\/WP\/wp-json\/wp\/v2\/posts\/3283\/revisions"}],"wp:featuredmedia":[{"embeddable":true,"href":"https:\/\/www.remonen.fi\/WP\/wp-json\/wp\/v2\/media\/3284"}],"wp:attachment":[{"href":"https:\/\/www.remonen.fi\/WP\/wp-json\/wp\/v2\/media?parent=3283"}],"wp:term":[{"taxonomy":"category","embeddable":true,"href":"https:\/\/www.remonen.fi\/WP\/wp-json\/wp\/v2\/categories?post=3283"},{"taxonomy":"post_tag","embeddable":true,"href":"https:\/\/www.remonen.fi\/WP\/wp-json\/wp\/v2\/tags?post=3283"}],"curies":[{"name":"wp","href":"https:\/\/api.w.org\/{rel}","templated":true}]}}