{"id":3315,"date":"2013-11-30T14:02:54","date_gmt":"2013-11-30T12:02:54","guid":{"rendered":"http:\/\/www.remonen.fi\/?p=3315"},"modified":"2013-11-30T14:02:54","modified_gmt":"2013-11-30T12:02:54","slug":"karkkipaiva","status":"publish","type":"post","link":"https:\/\/www.remonen.fi\/WP\/blogi\/karkkipaiva\/","title":{"rendered":"Karkkip\u00e4iv\u00e4"},"content":{"rendered":"<p><a href=\"http:\/\/www.remonen.fi\/WP\/wp-content\/uploads\/2013\/11\/kallvik-13-2.jpg\"><img loading=\"lazy\" decoding=\"async\" class=\"size-medium wp-image-3317 alignright\" alt=\"kallvik-13-2\" src=\"http:\/\/www.remonen.fi\/WP\/wp-content\/uploads\/2013\/11\/kallvik-13-2-200x300.jpg\" width=\"200\" height=\"300\" srcset=\"https:\/\/www.remonen.fi\/WP\/wp-content\/uploads\/2013\/11\/kallvik-13-2-200x300.jpg 200w, https:\/\/www.remonen.fi\/WP\/wp-content\/uploads\/2013\/11\/kallvik-13-2.jpg 534w\" sizes=\"(max-width: 200px) 100vw, 200px\" \/><\/a>Jahs. Pikkujouluviikonlopun aamu. Eik\u00e4 krapulasta tietoakaan. Kumma juttu, vaikken pikkujouluihin osallistunutkaan. Ei silti, ei oltu pyydettyk\u00e4\u00e4n. En ole kyll\u00e4 ollutkaan pikkujouluissa sitten sotavuosien. Ei ole mun juttu.<\/p>\n<p>No, mutta p\u00e4\u00e4 ei ollut kipe\u00e4, ulkona 7-astetta pakkasta ja taivas auki. Hetken p\u00e4hk\u00e4ilty\u00e4ni p\u00e4\u00e4tin pakata kameran autoon ja hurauttaa Kallvikiin katsomaan, josko meri olisi j\u00e4\u00e4ss\u00e4. Ei ollut. Mutta aurinko oli juuri nousemassa. Itse asiassa olin ehk\u00e4. n 15 minuuttia my\u00f6h\u00e4ss\u00e4 Grand Openingista, mutta aurinko ei kuitenkaan viel\u00e4 ollut horisontin yl\u00e4puolella.<\/p>\n<p>Ronttusin sinne Kallvikin ihan p\u00e4\u00e4h\u00e4n, ohi uimarannan ja sinne miss\u00e4 on m\u00f6kkej\u00e4. En tied\u00e4 ovatko m\u00f6kit yksityisten vai yhdistysten, ep\u00e4ilisin j\u00e4lkimm\u00e4ist\u00e4. Joka tapauksessa t\u00e4ll\u00e4 hetkell\u00e4 niiss\u00e4 ei ollut asukkaita paikalla, joten rannoilla p\u00e4\u00e4si liikkumaan vapaasti.<\/p>\n<table border=\"0\" align=\"center\">\n<tbody>\n<tr>\n<td><a href=\"http:\/\/www.remonen.fi\/WP\/wp-content\/uploads\/2013\/11\/kallvik-13.jpg\"><img loading=\"lazy\" decoding=\"async\" class=\"alignnone size-medium wp-image-3318\" alt=\"kallvik-13\" src=\"http:\/\/www.remonen.fi\/WP\/wp-content\/uploads\/2013\/11\/kallvik-13-300x200.jpg\" width=\"300\" height=\"200\" srcset=\"https:\/\/www.remonen.fi\/WP\/wp-content\/uploads\/2013\/11\/kallvik-13-300x200.jpg 300w, https:\/\/www.remonen.fi\/WP\/wp-content\/uploads\/2013\/11\/kallvik-13.jpg 800w\" sizes=\"(max-width: 300px) 100vw, 300px\" \/><\/a><\/td>\n<td><a href=\"http:\/\/www.remonen.fi\/WP\/wp-content\/uploads\/2013\/11\/kallvik-13-5.jpg\"><img loading=\"lazy\" decoding=\"async\" class=\"alignnone size-medium wp-image-3321\" alt=\"kallvik-13-5\" src=\"http:\/\/www.remonen.fi\/WP\/wp-content\/uploads\/2013\/11\/kallvik-13-5-300x200.jpg\" width=\"300\" height=\"200\" srcset=\"https:\/\/www.remonen.fi\/WP\/wp-content\/uploads\/2013\/11\/kallvik-13-5-300x200.jpg 300w, https:\/\/www.remonen.fi\/WP\/wp-content\/uploads\/2013\/11\/kallvik-13-5.jpg 800w\" sizes=\"(max-width: 300px) 100vw, 300px\" \/><\/a><\/td>\n<\/tr>\n<\/tbody>\n<\/table>\n<p>S\u00e4\u00e4 oli aivan tyyni ja meri tosiaan viel\u00e4 auki. En nyt ollut uskonutkaan, ett\u00e4 meri olisi viel\u00e4 ehtinyt j\u00e4\u00e4ty\u00e4, mutta odotin l\u00f6yt\u00e4v\u00e4ni edes v\u00e4h\u00e4n riitett\u00e4 rantakaislikosta. Paikka paikoin sit\u00e4 olikin, mutta ei viel\u00e4 mitenk\u00e4\u00e4n liiaksi asti.<\/p>\n<table border=\"0\" align=\"center\">\n<tbody>\n<tr>\n<td><a href=\"http:\/\/www.remonen.fi\/WP\/wp-content\/uploads\/2013\/11\/kallvik-13-6.jpg\"><img loading=\"lazy\" decoding=\"async\" class=\"alignnone size-medium wp-image-3320\" alt=\"kallvik-13-6\" src=\"http:\/\/www.remonen.fi\/WP\/wp-content\/uploads\/2013\/11\/kallvik-13-6-300x200.jpg\" width=\"300\" height=\"200\" srcset=\"https:\/\/www.remonen.fi\/WP\/wp-content\/uploads\/2013\/11\/kallvik-13-6-300x200.jpg 300w, https:\/\/www.remonen.fi\/WP\/wp-content\/uploads\/2013\/11\/kallvik-13-6.jpg 800w\" sizes=\"(max-width: 300px) 100vw, 300px\" \/><\/a><\/td>\n<td><a href=\"http:\/\/www.remonen.fi\/WP\/wp-content\/uploads\/2013\/11\/kallvik-13-7.jpg\"><img loading=\"lazy\" decoding=\"async\" class=\"alignnone size-medium wp-image-3319\" alt=\"kallvik-13-7\" src=\"http:\/\/www.remonen.fi\/WP\/wp-content\/uploads\/2013\/11\/kallvik-13-7-300x200.jpg\" width=\"300\" height=\"200\" srcset=\"https:\/\/www.remonen.fi\/WP\/wp-content\/uploads\/2013\/11\/kallvik-13-7-300x200.jpg 300w, https:\/\/www.remonen.fi\/WP\/wp-content\/uploads\/2013\/11\/kallvik-13-7.jpg 800w\" sizes=\"(max-width: 300px) 100vw, 300px\" \/><\/a><\/td>\n<\/tr>\n<\/tbody>\n<\/table>\n<p>Lopuksi viel\u00e4 HDR-pl\u00e4j\u00e4ys, jos ei viel\u00e4 hampaita vihlo:<\/p>\n<p><a href=\"http:\/\/www.remonen.fi\/WP\/wp-content\/uploads\/2013\/11\/kallvik-13-4.jpg\"><img loading=\"lazy\" decoding=\"async\" class=\"aligncenter size-medium wp-image-3322\" alt=\"kallvik-13-4\" src=\"http:\/\/www.remonen.fi\/WP\/wp-content\/uploads\/2013\/11\/kallvik-13-4-300x199.jpg\" width=\"300\" height=\"199\" srcset=\"https:\/\/www.remonen.fi\/WP\/wp-content\/uploads\/2013\/11\/kallvik-13-4-300x199.jpg 300w, https:\/\/www.remonen.fi\/WP\/wp-content\/uploads\/2013\/11\/kallvik-13-4.jpg 800w\" sizes=\"(max-width: 300px) 100vw, 300px\" \/><\/a>Merellisiin tunnelmiin viritt\u00e4ytyiv\u00e4t Nikon D800E + Nikkor AF-S 24-70\/2.8G<\/p>\n","protected":false},"excerpt":{"rendered":"<p>Jahs. Pikkujouluviikonlopun aamu. Eik\u00e4 krapulasta tietoakaan. Kumma juttu, vaikken pikkujouluihin osallistunutkaan. Ei silti, ei oltu pyydettyk\u00e4\u00e4n. En ole kyll\u00e4 ollutkaan pikkujouluissa sitten sotavuosien. Ei ole mun juttu. No, mutta p\u00e4\u00e4 ei ollut kipe\u00e4, ulkona 7-astetta pakkasta ja taivas auki. Hetken p\u00e4hk\u00e4ilty\u00e4ni p\u00e4\u00e4tin pakata kameran autoon ja hurauttaa Kallvikiin katsomaan, josko meri olisi j\u00e4\u00e4ss\u00e4. Ei ollut. [&hellip;]<\/p>\n","protected":false},"author":2,"featured_media":3316,"comment_status":"open","ping_status":"closed","sticky":false,"template":"","format":"standard","meta":{"footnotes":""},"categories":[16],"tags":[113],"yoast_head":"<!-- This site is optimized with the Yoast SEO plugin v24.5 - https:\/\/yoast.com\/wordpress\/plugins\/seo\/ -->\n<title>Karkkip\u00e4iv\u00e4 - gREat MOments NEver forgotteN<\/title>\n<meta name=\"robots\" content=\"index, follow, max-snippet:-1, max-image-preview:large, max-video-preview:-1\" \/>\n<link rel=\"canonical\" href=\"https:\/\/www.remonen.fi\/WP\/blogi\/karkkipaiva\/\" \/>\n<meta property=\"og:locale\" content=\"fi_FI\" \/>\n<meta property=\"og:type\" content=\"article\" \/>\n<meta property=\"og:title\" content=\"Karkkip\u00e4iv\u00e4 - gREat MOments NEver forgotteN\" \/>\n<meta property=\"og:description\" content=\"Jahs. Pikkujouluviikonlopun aamu. Eik\u00e4 krapulasta tietoakaan. Kumma juttu, vaikken pikkujouluihin osallistunutkaan. Ei silti, ei oltu pyydettyk\u00e4\u00e4n. En ole kyll\u00e4 ollutkaan pikkujouluissa sitten sotavuosien. Ei ole mun juttu. No, mutta p\u00e4\u00e4 ei ollut kipe\u00e4, ulkona 7-astetta pakkasta ja taivas auki. Hetken p\u00e4hk\u00e4ilty\u00e4ni p\u00e4\u00e4tin pakata kameran autoon ja hurauttaa Kallvikiin katsomaan, josko meri olisi j\u00e4\u00e4ss\u00e4. Ei ollut. [&hellip;]\" \/>\n<meta property=\"og:url\" content=\"https:\/\/www.remonen.fi\/WP\/blogi\/karkkipaiva\/\" \/>\n<meta property=\"og:site_name\" content=\"remonen.fi\" \/>\n<meta property=\"article:published_time\" content=\"2013-11-30T12:02:54+00:00\" \/>\n<meta property=\"og:image\" content=\"https:\/\/www.remonen.fi\/WP\/wp-content\/uploads\/2013\/11\/kallvik-13-3.jpg\" \/>\n\t<meta property=\"og:image:width\" content=\"800\" \/>\n\t<meta property=\"og:image:height\" content=\"534\" \/>\n\t<meta property=\"og:image:type\" content=\"image\/jpeg\" \/>\n<meta name=\"author\" content=\"Matti Remonen\" \/>\n<meta name=\"twitter:label1\" content=\"Kirjoittanut\" \/>\n\t<meta name=\"twitter:data1\" content=\"Matti Remonen\" \/>\n\t<meta name=\"twitter:label2\" content=\"Arvioitu lukuaika\" \/>\n\t<meta name=\"twitter:data2\" content=\"1 minuutti\" \/>\n<script type=\"application\/ld+json\" class=\"yoast-schema-graph\">{\"@context\":\"https:\/\/schema.org\",\"@graph\":[{\"@type\":\"Article\",\"@id\":\"https:\/\/www.remonen.fi\/WP\/blogi\/karkkipaiva\/#article\",\"isPartOf\":{\"@id\":\"https:\/\/www.remonen.fi\/WP\/blogi\/karkkipaiva\/\"},\"author\":{\"name\":\"Matti Remonen\",\"@id\":\"https:\/\/www.remonen.fi\/WP\/#\/schema\/person\/1803c23d1d4f6722054eb2ac7f7a97cd\"},\"headline\":\"Karkkip\u00e4iv\u00e4\",\"datePublished\":\"2013-11-30T12:02:54+00:00\",\"mainEntityOfPage\":{\"@id\":\"https:\/\/www.remonen.fi\/WP\/blogi\/karkkipaiva\/\"},\"wordCount\":197,\"commentCount\":0,\"publisher\":{\"@id\":\"https:\/\/www.remonen.fi\/WP\/#\/schema\/person\/1803c23d1d4f6722054eb2ac7f7a97cd\"},\"image\":{\"@id\":\"https:\/\/www.remonen.fi\/WP\/blogi\/karkkipaiva\/#primaryimage\"},\"thumbnailUrl\":\"https:\/\/www.remonen.fi\/WP\/wp-content\/uploads\/2013\/11\/kallvik-13-3.jpg\",\"keywords\":[\"Kallvik\"],\"articleSection\":[\"Blog\"],\"inLanguage\":\"fi\",\"potentialAction\":[{\"@type\":\"CommentAction\",\"name\":\"Comment\",\"target\":[\"https:\/\/www.remonen.fi\/WP\/blogi\/karkkipaiva\/#respond\"]}]},{\"@type\":\"WebPage\",\"@id\":\"https:\/\/www.remonen.fi\/WP\/blogi\/karkkipaiva\/\",\"url\":\"https:\/\/www.remonen.fi\/WP\/blogi\/karkkipaiva\/\",\"name\":\"Karkkip\u00e4iv\u00e4 - gREat MOments NEver forgotteN\",\"isPartOf\":{\"@id\":\"https:\/\/www.remonen.fi\/WP\/#website\"},\"primaryImageOfPage\":{\"@id\":\"https:\/\/www.remonen.fi\/WP\/blogi\/karkkipaiva\/#primaryimage\"},\"image\":{\"@id\":\"https:\/\/www.remonen.fi\/WP\/blogi\/karkkipaiva\/#primaryimage\"},\"thumbnailUrl\":\"https:\/\/www.remonen.fi\/WP\/wp-content\/uploads\/2013\/11\/kallvik-13-3.jpg\",\"datePublished\":\"2013-11-30T12:02:54+00:00\",\"breadcrumb\":{\"@id\":\"https:\/\/www.remonen.fi\/WP\/blogi\/karkkipaiva\/#breadcrumb\"},\"inLanguage\":\"fi\",\"potentialAction\":[{\"@type\":\"ReadAction\",\"target\":[\"https:\/\/www.remonen.fi\/WP\/blogi\/karkkipaiva\/\"]}]},{\"@type\":\"ImageObject\",\"inLanguage\":\"fi\",\"@id\":\"https:\/\/www.remonen.fi\/WP\/blogi\/karkkipaiva\/#primaryimage\",\"url\":\"https:\/\/www.remonen.fi\/WP\/wp-content\/uploads\/2013\/11\/kallvik-13-3.jpg\",\"contentUrl\":\"https:\/\/www.remonen.fi\/WP\/wp-content\/uploads\/2013\/11\/kallvik-13-3.jpg\",\"width\":800,\"height\":534},{\"@type\":\"BreadcrumbList\",\"@id\":\"https:\/\/www.remonen.fi\/WP\/blogi\/karkkipaiva\/#breadcrumb\",\"itemListElement\":[{\"@type\":\"ListItem\",\"position\":1,\"name\":\"Etusivu\",\"item\":\"https:\/\/www.remonen.fi\/WP\/\"},{\"@type\":\"ListItem\",\"position\":2,\"name\":\"Karkkip\u00e4iv\u00e4\"}]},{\"@type\":\"WebSite\",\"@id\":\"https:\/\/www.remonen.fi\/WP\/#website\",\"url\":\"https:\/\/www.remonen.fi\/WP\/\",\"name\":\"remonen.fi\",\"description\":\"Valokuvia ja tarinaa laidasta laitaan\",\"publisher\":{\"@id\":\"https:\/\/www.remonen.fi\/WP\/#\/schema\/person\/1803c23d1d4f6722054eb2ac7f7a97cd\"},\"potentialAction\":[{\"@type\":\"SearchAction\",\"target\":{\"@type\":\"EntryPoint\",\"urlTemplate\":\"https:\/\/www.remonen.fi\/WP\/?s={search_term_string}\"},\"query-input\":{\"@type\":\"PropertyValueSpecification\",\"valueRequired\":true,\"valueName\":\"search_term_string\"}}],\"inLanguage\":\"fi\"},{\"@type\":[\"Person\",\"Organization\"],\"@id\":\"https:\/\/www.remonen.fi\/WP\/#\/schema\/person\/1803c23d1d4f6722054eb2ac7f7a97cd\",\"name\":\"Matti Remonen\",\"logo\":{\"@id\":\"https:\/\/www.remonen.fi\/WP\/#\/schema\/person\/image\/\"},\"url\":\"https:\/\/www.remonen.fi\/WP\/blogi\/author\/mre\/\"}]}<\/script>\n<!-- \/ Yoast SEO plugin. -->","yoast_head_json":{"title":"Karkkip\u00e4iv\u00e4 - gREat MOments NEver forgotteN","robots":{"index":"index","follow":"follow","max-snippet":"max-snippet:-1","max-image-preview":"max-image-preview:large","max-video-preview":"max-video-preview:-1"},"canonical":"https:\/\/www.remonen.fi\/WP\/blogi\/karkkipaiva\/","og_locale":"fi_FI","og_type":"article","og_title":"Karkkip\u00e4iv\u00e4 - gREat MOments NEver forgotteN","og_description":"Jahs. Pikkujouluviikonlopun aamu. Eik\u00e4 krapulasta tietoakaan. Kumma juttu, vaikken pikkujouluihin osallistunutkaan. Ei silti, ei oltu pyydettyk\u00e4\u00e4n. En ole kyll\u00e4 ollutkaan pikkujouluissa sitten sotavuosien. Ei ole mun juttu. No, mutta p\u00e4\u00e4 ei ollut kipe\u00e4, ulkona 7-astetta pakkasta ja taivas auki. Hetken p\u00e4hk\u00e4ilty\u00e4ni p\u00e4\u00e4tin pakata kameran autoon ja hurauttaa Kallvikiin katsomaan, josko meri olisi j\u00e4\u00e4ss\u00e4. Ei ollut. [&hellip;]","og_url":"https:\/\/www.remonen.fi\/WP\/blogi\/karkkipaiva\/","og_site_name":"remonen.fi","article_published_time":"2013-11-30T12:02:54+00:00","og_image":[{"width":800,"height":534,"url":"https:\/\/www.remonen.fi\/WP\/wp-content\/uploads\/2013\/11\/kallvik-13-3.jpg","type":"image\/jpeg"}],"author":"Matti Remonen","twitter_misc":{"Kirjoittanut":"Matti Remonen","Arvioitu lukuaika":"1 minuutti"},"schema":{"@context":"https:\/\/schema.org","@graph":[{"@type":"Article","@id":"https:\/\/www.remonen.fi\/WP\/blogi\/karkkipaiva\/#article","isPartOf":{"@id":"https:\/\/www.remonen.fi\/WP\/blogi\/karkkipaiva\/"},"author":{"name":"Matti Remonen","@id":"https:\/\/www.remonen.fi\/WP\/#\/schema\/person\/1803c23d1d4f6722054eb2ac7f7a97cd"},"headline":"Karkkip\u00e4iv\u00e4","datePublished":"2013-11-30T12:02:54+00:00","mainEntityOfPage":{"@id":"https:\/\/www.remonen.fi\/WP\/blogi\/karkkipaiva\/"},"wordCount":197,"commentCount":0,"publisher":{"@id":"https:\/\/www.remonen.fi\/WP\/#\/schema\/person\/1803c23d1d4f6722054eb2ac7f7a97cd"},"image":{"@id":"https:\/\/www.remonen.fi\/WP\/blogi\/karkkipaiva\/#primaryimage"},"thumbnailUrl":"https:\/\/www.remonen.fi\/WP\/wp-content\/uploads\/2013\/11\/kallvik-13-3.jpg","keywords":["Kallvik"],"articleSection":["Blog"],"inLanguage":"fi","potentialAction":[{"@type":"CommentAction","name":"Comment","target":["https:\/\/www.remonen.fi\/WP\/blogi\/karkkipaiva\/#respond"]}]},{"@type":"WebPage","@id":"https:\/\/www.remonen.fi\/WP\/blogi\/karkkipaiva\/","url":"https:\/\/www.remonen.fi\/WP\/blogi\/karkkipaiva\/","name":"Karkkip\u00e4iv\u00e4 - gREat MOments NEver forgotteN","isPartOf":{"@id":"https:\/\/www.remonen.fi\/WP\/#website"},"primaryImageOfPage":{"@id":"https:\/\/www.remonen.fi\/WP\/blogi\/karkkipaiva\/#primaryimage"},"image":{"@id":"https:\/\/www.remonen.fi\/WP\/blogi\/karkkipaiva\/#primaryimage"},"thumbnailUrl":"https:\/\/www.remonen.fi\/WP\/wp-content\/uploads\/2013\/11\/kallvik-13-3.jpg","datePublished":"2013-11-30T12:02:54+00:00","breadcrumb":{"@id":"https:\/\/www.remonen.fi\/WP\/blogi\/karkkipaiva\/#breadcrumb"},"inLanguage":"fi","potentialAction":[{"@type":"ReadAction","target":["https:\/\/www.remonen.fi\/WP\/blogi\/karkkipaiva\/"]}]},{"@type":"ImageObject","inLanguage":"fi","@id":"https:\/\/www.remonen.fi\/WP\/blogi\/karkkipaiva\/#primaryimage","url":"https:\/\/www.remonen.fi\/WP\/wp-content\/uploads\/2013\/11\/kallvik-13-3.jpg","contentUrl":"https:\/\/www.remonen.fi\/WP\/wp-content\/uploads\/2013\/11\/kallvik-13-3.jpg","width":800,"height":534},{"@type":"BreadcrumbList","@id":"https:\/\/www.remonen.fi\/WP\/blogi\/karkkipaiva\/#breadcrumb","itemListElement":[{"@type":"ListItem","position":1,"name":"Etusivu","item":"https:\/\/www.remonen.fi\/WP\/"},{"@type":"ListItem","position":2,"name":"Karkkip\u00e4iv\u00e4"}]},{"@type":"WebSite","@id":"https:\/\/www.remonen.fi\/WP\/#website","url":"https:\/\/www.remonen.fi\/WP\/","name":"remonen.fi","description":"Valokuvia ja tarinaa laidasta laitaan","publisher":{"@id":"https:\/\/www.remonen.fi\/WP\/#\/schema\/person\/1803c23d1d4f6722054eb2ac7f7a97cd"},"potentialAction":[{"@type":"SearchAction","target":{"@type":"EntryPoint","urlTemplate":"https:\/\/www.remonen.fi\/WP\/?s={search_term_string}"},"query-input":{"@type":"PropertyValueSpecification","valueRequired":true,"valueName":"search_term_string"}}],"inLanguage":"fi"},{"@type":["Person","Organization"],"@id":"https:\/\/www.remonen.fi\/WP\/#\/schema\/person\/1803c23d1d4f6722054eb2ac7f7a97cd","name":"Matti Remonen","logo":{"@id":"https:\/\/www.remonen.fi\/WP\/#\/schema\/person\/image\/"},"url":"https:\/\/www.remonen.fi\/WP\/blogi\/author\/mre\/"}]}},"_links":{"self":[{"href":"https:\/\/www.remonen.fi\/WP\/wp-json\/wp\/v2\/posts\/3315"}],"collection":[{"href":"https:\/\/www.remonen.fi\/WP\/wp-json\/wp\/v2\/posts"}],"about":[{"href":"https:\/\/www.remonen.fi\/WP\/wp-json\/wp\/v2\/types\/post"}],"author":[{"embeddable":true,"href":"https:\/\/www.remonen.fi\/WP\/wp-json\/wp\/v2\/users\/2"}],"replies":[{"embeddable":true,"href":"https:\/\/www.remonen.fi\/WP\/wp-json\/wp\/v2\/comments?post=3315"}],"version-history":[{"count":0,"href":"https:\/\/www.remonen.fi\/WP\/wp-json\/wp\/v2\/posts\/3315\/revisions"}],"wp:featuredmedia":[{"embeddable":true,"href":"https:\/\/www.remonen.fi\/WP\/wp-json\/wp\/v2\/media\/3316"}],"wp:attachment":[{"href":"https:\/\/www.remonen.fi\/WP\/wp-json\/wp\/v2\/media?parent=3315"}],"wp:term":[{"taxonomy":"category","embeddable":true,"href":"https:\/\/www.remonen.fi\/WP\/wp-json\/wp\/v2\/categories?post=3315"},{"taxonomy":"post_tag","embeddable":true,"href":"https:\/\/www.remonen.fi\/WP\/wp-json\/wp\/v2\/tags?post=3315"}],"curies":[{"name":"wp","href":"https:\/\/api.w.org\/{rel}","templated":true}]}}