{"id":3329,"date":"2013-12-10T20:57:18","date_gmt":"2013-12-10T18:57:18","guid":{"rendered":"http:\/\/www.remonen.fi\/?p=3329"},"modified":"2013-12-10T20:57:18","modified_gmt":"2013-12-10T18:57:18","slug":"seikkailut-lablandiassa-osa-1","status":"publish","type":"post","link":"https:\/\/www.remonen.fi\/WP\/blogi\/seikkailut-lablandiassa-osa-1\/","title":{"rendered":"Seikkailut LABlandiassa, osa 1"},"content":{"rendered":"<p>Huomasin juuri, etten ole kirjoittanut t\u00e4nne v\u00e4h\u00e4\u00e4n aikaan. En joulukuussa ollenkaan, ja kolmasosa kuuta takana. No, \u00e4kki\u00e4k\u00f6s t\u00e4m\u00e4 on korjattu. Juttuahan pukkaa, kuin kanilla korvia. Vanhaa it\u00e4ugrilaista sanontaa lainatakseni.<\/p>\n<div id=\"attachment_3334\" style=\"width: 310px\" class=\"wp-caption alignright\"><a href=\"http:\/\/www.remonen.fi\/WP\/wp-content\/uploads\/2013\/12\/LAB2.jpg\"><img loading=\"lazy\" decoding=\"async\" aria-describedby=\"caption-attachment-3334\" class=\"size-medium wp-image-3334 \" alt=\"LAB2\" src=\"http:\/\/www.remonen.fi\/WP\/wp-content\/uploads\/2013\/12\/LAB2-300x300.jpg\" width=\"300\" height=\"300\" srcset=\"https:\/\/www.remonen.fi\/WP\/wp-content\/uploads\/2013\/12\/LAB2-300x300.jpg 300w, https:\/\/www.remonen.fi\/WP\/wp-content\/uploads\/2013\/12\/LAB2-150x150.jpg 150w, https:\/\/www.remonen.fi\/WP\/wp-content\/uploads\/2013\/12\/LAB2.jpg 600w\" sizes=\"(max-width: 300px) 100vw, 300px\" \/><\/a><p id=\"caption-attachment-3334\" class=\"wp-caption-text\">LAB Colorspace<\/p><\/div>\n<p>Infrapunakameraa suunnitellessani ja hankkiessani (siit\u00e4 my\u00f6hemmin lis\u00e4\u00e4, kunhan saan kameran takaisin ameriikasta) t\u00f6rm\u00e4sin tietoon\/v\u00e4itteeseen\/huhuun, ett\u00e4 IR-kuvien editointi onnistuu parhaiten k\u00e4ytt\u00e4m\u00e4ll\u00e4 Photoshopista l\u00f6ytyv\u00e4\u00e4 LAB-v\u00e4riavaruutta. Neva h\u00f6\u00f6rd, kuten joku syv\u00e4ajattelija (<a title=\"Nico...\" href=\"http:\/\/fi.wikipedia.org\/wiki\/Niko_Saarinen\" target=\"_blank\">BB-Niko<\/a>) on todennut. Joten siit\u00e4h\u00e4n piti ottaa sitten selv\u00e4\u00e4. Aika pian interwebin ihmeellisess\u00e4 maailmassa t\u00f6rm\u00e4sin esitykseen &#8221;<a title=\"Using LAB colorspace\" href=\"http:\/\/www.google.com\/url?sa=t&amp;rct=j&amp;q=&amp;esrc=s&amp;frm=1&amp;source=web&amp;cd=2&amp;cad=rja&amp;ved=0CDEQFjAB&amp;url=http%3A%2F%2Fwww.livegraphicservices.com%2Fctapp%2Fctapp20060717.pdf&amp;ei=-GGnUrK-GM6MyQPZgIHIBg&amp;usg=AFQjCNFuj4vlo-Mxng-mqz4R2_m-A1nsSA&amp;bvm=bv.57799294,d.bGQ\" target=\"_blank\"><em>Using Lab colorspace<\/em><\/a>&#8221; (<span style=\"font-family: courier new,courier;\">Mike Weis, a presentation for CTAPP, July 17, 2006<\/span>), jossa paitsi kerrottiin v\u00e4riavaruudesta ja sen hy\u00f6dynt\u00e4misest\u00e4 kuvank\u00e4sittelyss\u00e4, niin my\u00f6s viitattiin alan raamattuun: Dan Marguliksen kirjaan &#8221;<a title=\"Using, etc. Amazon.com\" href=\"http:\/\/www.amazon.com\/Photoshop-LAB-Color-Adventures-Colorspace\/dp\/0321356780\" target=\"_blank\"><em>Photoshop LAB Color: The Canyon Conundrum and Other Adventures in the Most Powerful Colorspace<\/em><\/a>&#8221;. No ainakin on opuksella vaikea nimi. Tosin vaikea tuo LABkin on: siin\u00e4 menee insin\u00f6\u00f6rin(kin) aivot punaiselle ja melko syrj\u00e4lleen.<\/p>\n<p>En ala t\u00e4ss\u00e4 kirjoitelmassa k\u00e4ym\u00e4\u00e4n l\u00e4pi LAB-v\u00e4riavaruutta enk\u00e4 sen k\u00e4ytt\u00f6\u00e4 kuvien editoinnissa sen enemp\u00e4\u00e4 l\u00e4pi, koska a) en itsek\u00e4\u00e4n sit\u00e4 viel\u00e4, jos koskaan, ymm\u00e4rr\u00e4 kunnolla ja b) aiheesta on kirjoitettu parempien ja osaavampien henkil\u00f6iden, kuten Dan Margulis, toimesta jo melko kattavasti. Sen sijaan t\u00e4ss\u00e4 on tarkoitus kertoilla sit\u00e4 miten olen itse sit\u00e4 hy\u00f6dynt\u00e4nyt ja onko siit\u00e4 ollut n\u00e4kyv\u00e4\u00e4 etua.<\/p>\n<div id=\"attachment_3332\" style=\"width: 310px\" class=\"wp-caption alignleft\"><a href=\"http:\/\/www.remonen.fi\/WP\/wp-content\/uploads\/2013\/12\/RGB2.jpg\"><img loading=\"lazy\" decoding=\"async\" aria-describedby=\"caption-attachment-3332\" class=\"size-medium wp-image-3332\" alt=\"RGB2\" src=\"http:\/\/www.remonen.fi\/WP\/wp-content\/uploads\/2013\/12\/RGB2-300x300.jpg\" width=\"300\" height=\"300\" srcset=\"https:\/\/www.remonen.fi\/WP\/wp-content\/uploads\/2013\/12\/RGB2-300x300.jpg 300w, https:\/\/www.remonen.fi\/WP\/wp-content\/uploads\/2013\/12\/RGB2-150x150.jpg 150w, https:\/\/www.remonen.fi\/WP\/wp-content\/uploads\/2013\/12\/RGB2.jpg 600w\" sizes=\"(max-width: 300px) 100vw, 300px\" \/><\/a><p id=\"caption-attachment-3332\" class=\"wp-caption-text\">RGB Colorspace<\/p><\/div>\n<p>Sen verran t\u00e4ss\u00e4 kuitenkin pit\u00e4\u00e4 LABin teoriaa sivuta, ett\u00e4 LAB-v\u00e4riavaruus jakautuu kolmeen &#8221;kanavaan&#8221;, kuten esim. kaikille tuttu RGB:kin. Sen sijaan, ett\u00e4 LABissa kanavat vastaisivat suoraan v\u00e4rej\u00e4, kuten RGB:ss\u00e4 (Red, Green, Blue), niin ne ovat valoisuus (L), a ja b. Jee&#8230; No, t\u00e4ll\u00e4 nime\u00e4misell\u00e4 on tarkoituksensa. Valoisuus s\u00e4\u00e4t\u00e4\u00e4, kuten nimi sanoo, kuvan valoisuusastetta (Luminance, Lightness), mutta a-kanava s\u00e4\u00e4t\u00e4\u00e4 v\u00e4rin m\u00e4\u00e4r\u00e4\u00e4 vihre\u00e4st\u00e4 magentaan ja b-kanava sinisest\u00e4 keltaiseen. Joten ei noille mit\u00e4\u00e4n kovin j\u00e4rkev\u00e4\u00e4 nime\u00e4 olisi voinut antaakaan.<\/p>\n<p>Ideana, ja LABin vahvuutena on se, ett\u00e4 v\u00e4rien &#8221;jyrkkyytt\u00e4&#8221; ja valoisuutta voidaan s\u00e4\u00e4t\u00e4\u00e4 erikseen. No, tietysti jonkinlainen vahvuus lienee sekin, ett\u00e4 LAB on v\u00e4riavaruutena n. 4 kertaa niin suuri kuin sRGB. Se pesee my\u00f6s muut RGB-viritykset ns. mennen tullen, kuten my\u00f6s CMYKin. Tosin LABin m\u00e4\u00e4rittelemist\u00e4 v\u00e4reist\u00e4 suuri osa on sellaisia, joita ei mik\u00e4\u00e4n maailmassa voi toistaa. Melko k\u00e4yt\u00e4nn\u00f6llist\u00e4, eik\u00f6?<\/p>\n<p>V\u00e4rej\u00e4 ja valoisuutta s\u00e4\u00e4det\u00e4\u00e4n Photoshopin Curves-ty\u00f6kalulla. L-kanava, valoisuus, toimiin kuten mik\u00e4 tahansa profiilik\u00e4yr\u00e4, vaikkapa Lightroomin Curves: s\u00e4\u00e4t\u00e4\u00e4 kuvan toiston jyrkkyytt\u00e4. Alavasemmalla musta, yl\u00e4oikealla valkoinen. Sen sijaan a- ja b-kanavat toimivat aivan eri tavalla: a-kanavassa vasen yl\u00e4kolmio s\u00e4\u00e4t\u00e4\u00e4 punaista (Cyan) ja oikea alakolmio vihre\u00e4\u00e4. b-kanavassa ovat keltainen ja sininen vastaavasti. Ei varmaan tullut selv\u00e4ksi, mutta lukekaa minimiss\u00e4\u00e4n tuo Mike Weis&#8217;in muutaman sivun esitys aiheesta, niin teillekin tulee selke\u00e4mpi kuva siit\u00e4 miss\u00e4 menn\u00e4\u00e4n.<\/p>\n<table border=\"0\" align=\"center\">\n<tbody>\n<tr>\n<td><a href=\"http:\/\/www.remonen.fi\/WP\/wp-content\/uploads\/2013\/12\/LAB_Channels.jpg\"><img loading=\"lazy\" decoding=\"async\" class=\"size-full wp-image-3333 alignnone\" alt=\"LAB_Channels\" src=\"http:\/\/www.remonen.fi\/WP\/wp-content\/uploads\/2013\/12\/LAB_Channels.jpg\" width=\"279\" height=\"178\" \/><\/a><\/td>\n<td><a href=\"http:\/\/www.remonen.fi\/WP\/wp-content\/uploads\/2013\/12\/RGB_Channels2.jpg\"><img loading=\"lazy\" decoding=\"async\" class=\"alignnone size-full wp-image-3335\" alt=\"RGB_Channels2\" src=\"http:\/\/www.remonen.fi\/WP\/wp-content\/uploads\/2013\/12\/RGB_Channels2.jpg\" width=\"278\" height=\"182\" \/><\/a><\/td>\n<\/tr>\n<\/tbody>\n<\/table>\n<p style=\"padding-left: 60px;\"><span style=\"font-family: courier new,courier;\">LAB- ja RGB-v\u00e4riavaruuksien channel-asetukset, joilla tekstin joukossa olleet kuvat tuotettiin.<\/span><\/p>\n<p>V\u00e4rien s\u00e4\u00e4d\u00f6n lis\u00e4ksi LABin etuna on tuo erillinen valoisuuskanava, joka on tietysti mustavalkoinen. Sen avulla on helppo tehd\u00e4 kuvan ter\u00e4v\u00f6itys, ilman ett\u00e4 sill\u00e4 on vaikutusta v\u00e4reihin. Ter\u00e4v\u00f6itet\u00e4\u00e4n vain valoisuusinformaatiota. K\u00e4tev\u00e4\u00e4. Sama juttu kohinan poiston kanssa: poistetaan kohinaa vain Luminance-kanavasta.<\/p>\n<p>Kuvank\u00e4sittelyss\u00e4 LABin edut, ter\u00e4v\u00f6innin ja kohinanpoiston lis\u00e4ksi, tulevat esiin kuvissa, joissa on paljon keskis\u00e4vyj\u00e4 ja jos kuva on yleisilmeelt\u00e4\u00e4n &#8221;harmaa&#8221;. Jyrkent\u00e4m\u00e4ll\u00e4 v\u00e4rikanavia saadaan tasaisenv\u00e4risest\u00e4 pinnasta s\u00e4vyj\u00e4 esille ja kuvaan lis\u00e4\u00e4 iskevyytt\u00e4. Itse olen nyt testaillut t\u00e4t\u00e4 menetelm\u00e4\u00e4 parin vuoden takaisiin Afrikan kuviin. Vaikka Afrikassa pit\u00e4isi olla kaiken aikaa kes\u00e4 ja k\u00e4rp\u00e4si\u00e4, niin vain toinen tuntui olevan totta: l\u00e4hes joka kuvassa on sellainen h\u00e4m\u00e4r\u00e4 &#8221;harso&#8221;, joka tappaa kontrastin ja sy\u00f6 yksityiskohdat. N\u00e4it\u00e4 aikanaan v\u00e4\u00e4nsin Lr:ss\u00e4 v\u00e4lill\u00e4 paremmin ja v\u00e4lill\u00e4 heikommin. Nyt otin muutaman koekappaleen LAB-harjoituksiin ja ainakin omasta mielest\u00e4ni olen saanut kuviin lis\u00e4\u00e4 ilmett\u00e4 ja yksityiskohtia LABilla.<\/p>\n<p>Ohessa Leijonaemot laventelipellossa:<\/p>\n<table border=\"0\" align=\"center\">\n<tbody>\n<tr>\n<td colspan=\"2\">\n<p><div id=\"attachment_3344\" style=\"width: 310px\" class=\"wp-caption aligncenter\"><a href=\"http:\/\/www.remonen.fi\/WP\/wp-content\/uploads\/2013\/12\/LAB-2.jpg\"><img loading=\"lazy\" decoding=\"async\" aria-describedby=\"caption-attachment-3344\" class=\"size-medium wp-image-3344 \" alt=\"LAB-2\" src=\"http:\/\/www.remonen.fi\/WP\/wp-content\/uploads\/2013\/12\/LAB-2-300x200.jpg\" width=\"300\" height=\"200\" srcset=\"https:\/\/www.remonen.fi\/WP\/wp-content\/uploads\/2013\/12\/LAB-2-300x200.jpg 300w, https:\/\/www.remonen.fi\/WP\/wp-content\/uploads\/2013\/12\/LAB-2.jpg 800w\" sizes=\"(max-width: 300px) 100vw, 300px\" \/><\/a><p id=\"caption-attachment-3344\" class=\"wp-caption-text\">Alkuper\u00e4inen, k\u00e4sittelem\u00e4t\u00f6n kuva<\/p><\/div><\/td>\n<\/tr>\n<tr>\n<td>\n<p><div id=\"attachment_3343\" style=\"width: 310px\" class=\"wp-caption alignnone\"><a href=\"http:\/\/www.remonen.fi\/WP\/wp-content\/uploads\/2013\/12\/LAB.jpg\"><img loading=\"lazy\" decoding=\"async\" aria-describedby=\"caption-attachment-3343\" class=\"size-medium wp-image-3343\" alt=\"LAB\" src=\"http:\/\/www.remonen.fi\/WP\/wp-content\/uploads\/2013\/12\/LAB-300x200.jpg\" width=\"300\" height=\"200\" srcset=\"https:\/\/www.remonen.fi\/WP\/wp-content\/uploads\/2013\/12\/LAB-300x200.jpg 300w, https:\/\/www.remonen.fi\/WP\/wp-content\/uploads\/2013\/12\/LAB.jpg 800w\" sizes=\"(max-width: 300px) 100vw, 300px\" \/><\/a><p id=\"caption-attachment-3343\" class=\"wp-caption-text\">Lightroomin j\u00e4lkeen<\/p><\/div><\/td>\n<td>\n<p><div id=\"attachment_3339\" style=\"width: 310px\" class=\"wp-caption alignnone\"><a href=\"http:\/\/www.remonen.fi\/WP\/wp-content\/uploads\/2013\/12\/LAB-3.jpg\"><img loading=\"lazy\" decoding=\"async\" aria-describedby=\"caption-attachment-3339\" class=\"size-medium wp-image-3339\" alt=\"LAB-3\" src=\"http:\/\/www.remonen.fi\/WP\/wp-content\/uploads\/2013\/12\/LAB-3-300x200.jpg\" width=\"300\" height=\"200\" srcset=\"https:\/\/www.remonen.fi\/WP\/wp-content\/uploads\/2013\/12\/LAB-3-300x200.jpg 300w, https:\/\/www.remonen.fi\/WP\/wp-content\/uploads\/2013\/12\/LAB-3.jpg 800w\" sizes=\"(max-width: 300px) 100vw, 300px\" \/><\/a><p id=\"caption-attachment-3339\" class=\"wp-caption-text\">Photoshopissa LAB-k\u00e4sitelty kuva<\/p><\/div><\/td>\n<\/tr>\n<\/tbody>\n<\/table>\n<p>Ja seeprat savannilla:<\/p>\n<table border=\"0\" align=\"center\">\n<tbody>\n<tr>\n<td colspan=\"2\">\n<p><div id=\"attachment_3342\" style=\"width: 310px\" class=\"wp-caption aligncenter\"><a href=\"http:\/\/www.remonen.fi\/WP\/wp-content\/uploads\/2013\/12\/LAB-6.jpg\"><img loading=\"lazy\" decoding=\"async\" aria-describedby=\"caption-attachment-3342\" class=\"size-medium wp-image-3342\" alt=\"LAB-6\" src=\"http:\/\/www.remonen.fi\/WP\/wp-content\/uploads\/2013\/12\/LAB-6-300x200.jpg\" width=\"300\" height=\"200\" srcset=\"https:\/\/www.remonen.fi\/WP\/wp-content\/uploads\/2013\/12\/LAB-6-300x200.jpg 300w, https:\/\/www.remonen.fi\/WP\/wp-content\/uploads\/2013\/12\/LAB-6.jpg 800w\" sizes=\"(max-width: 300px) 100vw, 300px\" \/><\/a><p id=\"caption-attachment-3342\" class=\"wp-caption-text\">Alkuper\u00e4inen<\/p><\/div><\/td>\n<\/tr>\n<tr>\n<td>\n<p><div id=\"attachment_3340\" style=\"width: 310px\" class=\"wp-caption alignnone\"><a href=\"http:\/\/www.remonen.fi\/WP\/wp-content\/uploads\/2013\/12\/LAB-4.jpg\"><img loading=\"lazy\" decoding=\"async\" aria-describedby=\"caption-attachment-3340\" class=\"size-medium wp-image-3340 \" alt=\"LAB-4\" src=\"http:\/\/www.remonen.fi\/WP\/wp-content\/uploads\/2013\/12\/LAB-4-300x200.jpg\" width=\"300\" height=\"200\" srcset=\"https:\/\/www.remonen.fi\/WP\/wp-content\/uploads\/2013\/12\/LAB-4-300x200.jpg 300w, https:\/\/www.remonen.fi\/WP\/wp-content\/uploads\/2013\/12\/LAB-4.jpg 800w\" sizes=\"(max-width: 300px) 100vw, 300px\" \/><\/a><p id=\"caption-attachment-3340\" class=\"wp-caption-text\">Lightroom<\/p><\/div><\/td>\n<td>\n<p><div id=\"attachment_3341\" style=\"width: 310px\" class=\"wp-caption alignnone\"><a href=\"http:\/\/www.remonen.fi\/WP\/wp-content\/uploads\/2013\/12\/LAB-5.jpg\"><img loading=\"lazy\" decoding=\"async\" aria-describedby=\"caption-attachment-3341\" class=\"size-medium wp-image-3341 \" alt=\"LAB-5\" src=\"http:\/\/www.remonen.fi\/WP\/wp-content\/uploads\/2013\/12\/LAB-5-300x200.jpg\" width=\"300\" height=\"200\" srcset=\"https:\/\/www.remonen.fi\/WP\/wp-content\/uploads\/2013\/12\/LAB-5-300x200.jpg 300w, https:\/\/www.remonen.fi\/WP\/wp-content\/uploads\/2013\/12\/LAB-5.jpg 800w\" sizes=\"(max-width: 300px) 100vw, 300px\" \/><\/a><p id=\"caption-attachment-3341\" class=\"wp-caption-text\">LAB<\/p><\/div><\/td>\n<\/tr>\n<\/tbody>\n<\/table>\n<p>Erot ovat pieni\u00e4, mutta t\u00e4ss\u00e4 vaiheessa viel\u00e4 uskon, ett\u00e4 LABissa on lupausta. Jatkoa seuraa, kunhan saan kirjaa luettua eteenp\u00e4in&#8230;<\/p>\n","protected":false},"excerpt":{"rendered":"<p>Huomasin juuri, etten ole kirjoittanut t\u00e4nne v\u00e4h\u00e4\u00e4n aikaan. En joulukuussa ollenkaan, ja kolmasosa kuuta takana. No, \u00e4kki\u00e4k\u00f6s t\u00e4m\u00e4 on korjattu. Juttuahan pukkaa, kuin kanilla korvia. Vanhaa it\u00e4ugrilaista sanontaa lainatakseni. Infrapunakameraa suunnitellessani ja hankkiessani (siit\u00e4 my\u00f6hemmin lis\u00e4\u00e4, kunhan saan kameran takaisin ameriikasta) t\u00f6rm\u00e4sin tietoon\/v\u00e4itteeseen\/huhuun, ett\u00e4 IR-kuvien editointi onnistuu parhaiten k\u00e4ytt\u00e4m\u00e4ll\u00e4 Photoshopista l\u00f6ytyv\u00e4\u00e4 LAB-v\u00e4riavaruutta. Neva h\u00f6\u00f6rd, kuten [&hellip;]<\/p>\n","protected":false},"author":2,"featured_media":3340,"comment_status":"open","ping_status":"closed","sticky":false,"template":"","format":"standard","meta":{"footnotes":""},"categories":[16],"tags":[117,114,116,115],"yoast_head":"<!-- This site is optimized with the Yoast SEO plugin v24.5 - https:\/\/yoast.com\/wordpress\/plugins\/seo\/ -->\n<title>Seikkailut LABlandiassa, osa 1 - gREat MOments NEver forgotteN<\/title>\n<meta name=\"robots\" content=\"index, follow, max-snippet:-1, max-image-preview:large, max-video-preview:-1\" \/>\n<link rel=\"canonical\" href=\"https:\/\/www.remonen.fi\/WP\/blogi\/seikkailut-lablandiassa-osa-1\/\" \/>\n<meta property=\"og:locale\" content=\"fi_FI\" \/>\n<meta property=\"og:type\" content=\"article\" \/>\n<meta property=\"og:title\" content=\"Seikkailut LABlandiassa, osa 1 - gREat MOments NEver forgotteN\" \/>\n<meta property=\"og:description\" content=\"Huomasin juuri, etten ole kirjoittanut t\u00e4nne v\u00e4h\u00e4\u00e4n aikaan. En joulukuussa ollenkaan, ja kolmasosa kuuta takana. No, \u00e4kki\u00e4k\u00f6s t\u00e4m\u00e4 on korjattu. Juttuahan pukkaa, kuin kanilla korvia. Vanhaa it\u00e4ugrilaista sanontaa lainatakseni. Infrapunakameraa suunnitellessani ja hankkiessani (siit\u00e4 my\u00f6hemmin lis\u00e4\u00e4, kunhan saan kameran takaisin ameriikasta) t\u00f6rm\u00e4sin tietoon\/v\u00e4itteeseen\/huhuun, ett\u00e4 IR-kuvien editointi onnistuu parhaiten k\u00e4ytt\u00e4m\u00e4ll\u00e4 Photoshopista l\u00f6ytyv\u00e4\u00e4 LAB-v\u00e4riavaruutta. Neva h\u00f6\u00f6rd, kuten [&hellip;]\" \/>\n<meta property=\"og:url\" content=\"https:\/\/www.remonen.fi\/WP\/blogi\/seikkailut-lablandiassa-osa-1\/\" \/>\n<meta property=\"og:site_name\" content=\"remonen.fi\" \/>\n<meta property=\"article:published_time\" content=\"2013-12-10T18:57:18+00:00\" \/>\n<meta property=\"og:image\" content=\"https:\/\/www.remonen.fi\/WP\/wp-content\/uploads\/2013\/12\/LAB-4.jpg\" \/>\n\t<meta property=\"og:image:width\" content=\"800\" \/>\n\t<meta property=\"og:image:height\" content=\"534\" \/>\n\t<meta property=\"og:image:type\" content=\"image\/jpeg\" \/>\n<meta name=\"author\" content=\"Matti Remonen\" \/>\n<meta name=\"twitter:label1\" content=\"Kirjoittanut\" \/>\n\t<meta name=\"twitter:data1\" content=\"Matti Remonen\" \/>\n\t<meta name=\"twitter:label2\" content=\"Arvioitu lukuaika\" \/>\n\t<meta name=\"twitter:data2\" content=\"4 minuuttia\" \/>\n<script type=\"application\/ld+json\" class=\"yoast-schema-graph\">{\"@context\":\"https:\/\/schema.org\",\"@graph\":[{\"@type\":\"Article\",\"@id\":\"https:\/\/www.remonen.fi\/WP\/blogi\/seikkailut-lablandiassa-osa-1\/#article\",\"isPartOf\":{\"@id\":\"https:\/\/www.remonen.fi\/WP\/blogi\/seikkailut-lablandiassa-osa-1\/\"},\"author\":{\"name\":\"Matti Remonen\",\"@id\":\"https:\/\/www.remonen.fi\/WP\/#\/schema\/person\/1803c23d1d4f6722054eb2ac7f7a97cd\"},\"headline\":\"Seikkailut LABlandiassa, osa 1\",\"datePublished\":\"2013-12-10T18:57:18+00:00\",\"mainEntityOfPage\":{\"@id\":\"https:\/\/www.remonen.fi\/WP\/blogi\/seikkailut-lablandiassa-osa-1\/\"},\"wordCount\":769,\"commentCount\":0,\"publisher\":{\"@id\":\"https:\/\/www.remonen.fi\/WP\/#\/schema\/person\/1803c23d1d4f6722054eb2ac7f7a97cd\"},\"image\":{\"@id\":\"https:\/\/www.remonen.fi\/WP\/blogi\/seikkailut-lablandiassa-osa-1\/#primaryimage\"},\"thumbnailUrl\":\"https:\/\/www.remonen.fi\/WP\/wp-content\/uploads\/2013\/12\/LAB-4.jpg\",\"keywords\":[\"Kuvank\u00e4sittely\",\"LAB-v\u00e4riavaruus\",\"Photoshop\",\"RGB\"],\"articleSection\":[\"Blog\"],\"inLanguage\":\"fi\",\"potentialAction\":[{\"@type\":\"CommentAction\",\"name\":\"Comment\",\"target\":[\"https:\/\/www.remonen.fi\/WP\/blogi\/seikkailut-lablandiassa-osa-1\/#respond\"]}]},{\"@type\":\"WebPage\",\"@id\":\"https:\/\/www.remonen.fi\/WP\/blogi\/seikkailut-lablandiassa-osa-1\/\",\"url\":\"https:\/\/www.remonen.fi\/WP\/blogi\/seikkailut-lablandiassa-osa-1\/\",\"name\":\"Seikkailut LABlandiassa, osa 1 - gREat MOments NEver forgotteN\",\"isPartOf\":{\"@id\":\"https:\/\/www.remonen.fi\/WP\/#website\"},\"primaryImageOfPage\":{\"@id\":\"https:\/\/www.remonen.fi\/WP\/blogi\/seikkailut-lablandiassa-osa-1\/#primaryimage\"},\"image\":{\"@id\":\"https:\/\/www.remonen.fi\/WP\/blogi\/seikkailut-lablandiassa-osa-1\/#primaryimage\"},\"thumbnailUrl\":\"https:\/\/www.remonen.fi\/WP\/wp-content\/uploads\/2013\/12\/LAB-4.jpg\",\"datePublished\":\"2013-12-10T18:57:18+00:00\",\"breadcrumb\":{\"@id\":\"https:\/\/www.remonen.fi\/WP\/blogi\/seikkailut-lablandiassa-osa-1\/#breadcrumb\"},\"inLanguage\":\"fi\",\"potentialAction\":[{\"@type\":\"ReadAction\",\"target\":[\"https:\/\/www.remonen.fi\/WP\/blogi\/seikkailut-lablandiassa-osa-1\/\"]}]},{\"@type\":\"ImageObject\",\"inLanguage\":\"fi\",\"@id\":\"https:\/\/www.remonen.fi\/WP\/blogi\/seikkailut-lablandiassa-osa-1\/#primaryimage\",\"url\":\"https:\/\/www.remonen.fi\/WP\/wp-content\/uploads\/2013\/12\/LAB-4.jpg\",\"contentUrl\":\"https:\/\/www.remonen.fi\/WP\/wp-content\/uploads\/2013\/12\/LAB-4.jpg\",\"width\":800,\"height\":534},{\"@type\":\"BreadcrumbList\",\"@id\":\"https:\/\/www.remonen.fi\/WP\/blogi\/seikkailut-lablandiassa-osa-1\/#breadcrumb\",\"itemListElement\":[{\"@type\":\"ListItem\",\"position\":1,\"name\":\"Etusivu\",\"item\":\"https:\/\/www.remonen.fi\/WP\/\"},{\"@type\":\"ListItem\",\"position\":2,\"name\":\"Seikkailut LABlandiassa, osa 1\"}]},{\"@type\":\"WebSite\",\"@id\":\"https:\/\/www.remonen.fi\/WP\/#website\",\"url\":\"https:\/\/www.remonen.fi\/WP\/\",\"name\":\"remonen.fi\",\"description\":\"Valokuvia ja tarinaa laidasta laitaan\",\"publisher\":{\"@id\":\"https:\/\/www.remonen.fi\/WP\/#\/schema\/person\/1803c23d1d4f6722054eb2ac7f7a97cd\"},\"potentialAction\":[{\"@type\":\"SearchAction\",\"target\":{\"@type\":\"EntryPoint\",\"urlTemplate\":\"https:\/\/www.remonen.fi\/WP\/?s={search_term_string}\"},\"query-input\":{\"@type\":\"PropertyValueSpecification\",\"valueRequired\":true,\"valueName\":\"search_term_string\"}}],\"inLanguage\":\"fi\"},{\"@type\":[\"Person\",\"Organization\"],\"@id\":\"https:\/\/www.remonen.fi\/WP\/#\/schema\/person\/1803c23d1d4f6722054eb2ac7f7a97cd\",\"name\":\"Matti Remonen\",\"logo\":{\"@id\":\"https:\/\/www.remonen.fi\/WP\/#\/schema\/person\/image\/\"},\"url\":\"https:\/\/www.remonen.fi\/WP\/blogi\/author\/mre\/\"}]}<\/script>\n<!-- \/ Yoast SEO plugin. -->","yoast_head_json":{"title":"Seikkailut LABlandiassa, osa 1 - gREat MOments NEver forgotteN","robots":{"index":"index","follow":"follow","max-snippet":"max-snippet:-1","max-image-preview":"max-image-preview:large","max-video-preview":"max-video-preview:-1"},"canonical":"https:\/\/www.remonen.fi\/WP\/blogi\/seikkailut-lablandiassa-osa-1\/","og_locale":"fi_FI","og_type":"article","og_title":"Seikkailut LABlandiassa, osa 1 - gREat MOments NEver forgotteN","og_description":"Huomasin juuri, etten ole kirjoittanut t\u00e4nne v\u00e4h\u00e4\u00e4n aikaan. En joulukuussa ollenkaan, ja kolmasosa kuuta takana. No, \u00e4kki\u00e4k\u00f6s t\u00e4m\u00e4 on korjattu. Juttuahan pukkaa, kuin kanilla korvia. Vanhaa it\u00e4ugrilaista sanontaa lainatakseni. Infrapunakameraa suunnitellessani ja hankkiessani (siit\u00e4 my\u00f6hemmin lis\u00e4\u00e4, kunhan saan kameran takaisin ameriikasta) t\u00f6rm\u00e4sin tietoon\/v\u00e4itteeseen\/huhuun, ett\u00e4 IR-kuvien editointi onnistuu parhaiten k\u00e4ytt\u00e4m\u00e4ll\u00e4 Photoshopista l\u00f6ytyv\u00e4\u00e4 LAB-v\u00e4riavaruutta. Neva h\u00f6\u00f6rd, kuten [&hellip;]","og_url":"https:\/\/www.remonen.fi\/WP\/blogi\/seikkailut-lablandiassa-osa-1\/","og_site_name":"remonen.fi","article_published_time":"2013-12-10T18:57:18+00:00","og_image":[{"width":800,"height":534,"url":"https:\/\/www.remonen.fi\/WP\/wp-content\/uploads\/2013\/12\/LAB-4.jpg","type":"image\/jpeg"}],"author":"Matti Remonen","twitter_misc":{"Kirjoittanut":"Matti Remonen","Arvioitu lukuaika":"4 minuuttia"},"schema":{"@context":"https:\/\/schema.org","@graph":[{"@type":"Article","@id":"https:\/\/www.remonen.fi\/WP\/blogi\/seikkailut-lablandiassa-osa-1\/#article","isPartOf":{"@id":"https:\/\/www.remonen.fi\/WP\/blogi\/seikkailut-lablandiassa-osa-1\/"},"author":{"name":"Matti Remonen","@id":"https:\/\/www.remonen.fi\/WP\/#\/schema\/person\/1803c23d1d4f6722054eb2ac7f7a97cd"},"headline":"Seikkailut LABlandiassa, osa 1","datePublished":"2013-12-10T18:57:18+00:00","mainEntityOfPage":{"@id":"https:\/\/www.remonen.fi\/WP\/blogi\/seikkailut-lablandiassa-osa-1\/"},"wordCount":769,"commentCount":0,"publisher":{"@id":"https:\/\/www.remonen.fi\/WP\/#\/schema\/person\/1803c23d1d4f6722054eb2ac7f7a97cd"},"image":{"@id":"https:\/\/www.remonen.fi\/WP\/blogi\/seikkailut-lablandiassa-osa-1\/#primaryimage"},"thumbnailUrl":"https:\/\/www.remonen.fi\/WP\/wp-content\/uploads\/2013\/12\/LAB-4.jpg","keywords":["Kuvank\u00e4sittely","LAB-v\u00e4riavaruus","Photoshop","RGB"],"articleSection":["Blog"],"inLanguage":"fi","potentialAction":[{"@type":"CommentAction","name":"Comment","target":["https:\/\/www.remonen.fi\/WP\/blogi\/seikkailut-lablandiassa-osa-1\/#respond"]}]},{"@type":"WebPage","@id":"https:\/\/www.remonen.fi\/WP\/blogi\/seikkailut-lablandiassa-osa-1\/","url":"https:\/\/www.remonen.fi\/WP\/blogi\/seikkailut-lablandiassa-osa-1\/","name":"Seikkailut LABlandiassa, osa 1 - gREat MOments NEver forgotteN","isPartOf":{"@id":"https:\/\/www.remonen.fi\/WP\/#website"},"primaryImageOfPage":{"@id":"https:\/\/www.remonen.fi\/WP\/blogi\/seikkailut-lablandiassa-osa-1\/#primaryimage"},"image":{"@id":"https:\/\/www.remonen.fi\/WP\/blogi\/seikkailut-lablandiassa-osa-1\/#primaryimage"},"thumbnailUrl":"https:\/\/www.remonen.fi\/WP\/wp-content\/uploads\/2013\/12\/LAB-4.jpg","datePublished":"2013-12-10T18:57:18+00:00","breadcrumb":{"@id":"https:\/\/www.remonen.fi\/WP\/blogi\/seikkailut-lablandiassa-osa-1\/#breadcrumb"},"inLanguage":"fi","potentialAction":[{"@type":"ReadAction","target":["https:\/\/www.remonen.fi\/WP\/blogi\/seikkailut-lablandiassa-osa-1\/"]}]},{"@type":"ImageObject","inLanguage":"fi","@id":"https:\/\/www.remonen.fi\/WP\/blogi\/seikkailut-lablandiassa-osa-1\/#primaryimage","url":"https:\/\/www.remonen.fi\/WP\/wp-content\/uploads\/2013\/12\/LAB-4.jpg","contentUrl":"https:\/\/www.remonen.fi\/WP\/wp-content\/uploads\/2013\/12\/LAB-4.jpg","width":800,"height":534},{"@type":"BreadcrumbList","@id":"https:\/\/www.remonen.fi\/WP\/blogi\/seikkailut-lablandiassa-osa-1\/#breadcrumb","itemListElement":[{"@type":"ListItem","position":1,"name":"Etusivu","item":"https:\/\/www.remonen.fi\/WP\/"},{"@type":"ListItem","position":2,"name":"Seikkailut LABlandiassa, osa 1"}]},{"@type":"WebSite","@id":"https:\/\/www.remonen.fi\/WP\/#website","url":"https:\/\/www.remonen.fi\/WP\/","name":"remonen.fi","description":"Valokuvia ja tarinaa laidasta laitaan","publisher":{"@id":"https:\/\/www.remonen.fi\/WP\/#\/schema\/person\/1803c23d1d4f6722054eb2ac7f7a97cd"},"potentialAction":[{"@type":"SearchAction","target":{"@type":"EntryPoint","urlTemplate":"https:\/\/www.remonen.fi\/WP\/?s={search_term_string}"},"query-input":{"@type":"PropertyValueSpecification","valueRequired":true,"valueName":"search_term_string"}}],"inLanguage":"fi"},{"@type":["Person","Organization"],"@id":"https:\/\/www.remonen.fi\/WP\/#\/schema\/person\/1803c23d1d4f6722054eb2ac7f7a97cd","name":"Matti Remonen","logo":{"@id":"https:\/\/www.remonen.fi\/WP\/#\/schema\/person\/image\/"},"url":"https:\/\/www.remonen.fi\/WP\/blogi\/author\/mre\/"}]}},"_links":{"self":[{"href":"https:\/\/www.remonen.fi\/WP\/wp-json\/wp\/v2\/posts\/3329"}],"collection":[{"href":"https:\/\/www.remonen.fi\/WP\/wp-json\/wp\/v2\/posts"}],"about":[{"href":"https:\/\/www.remonen.fi\/WP\/wp-json\/wp\/v2\/types\/post"}],"author":[{"embeddable":true,"href":"https:\/\/www.remonen.fi\/WP\/wp-json\/wp\/v2\/users\/2"}],"replies":[{"embeddable":true,"href":"https:\/\/www.remonen.fi\/WP\/wp-json\/wp\/v2\/comments?post=3329"}],"version-history":[{"count":0,"href":"https:\/\/www.remonen.fi\/WP\/wp-json\/wp\/v2\/posts\/3329\/revisions"}],"wp:featuredmedia":[{"embeddable":true,"href":"https:\/\/www.remonen.fi\/WP\/wp-json\/wp\/v2\/media\/3340"}],"wp:attachment":[{"href":"https:\/\/www.remonen.fi\/WP\/wp-json\/wp\/v2\/media?parent=3329"}],"wp:term":[{"taxonomy":"category","embeddable":true,"href":"https:\/\/www.remonen.fi\/WP\/wp-json\/wp\/v2\/categories?post=3329"},{"taxonomy":"post_tag","embeddable":true,"href":"https:\/\/www.remonen.fi\/WP\/wp-json\/wp\/v2\/tags?post=3329"}],"curies":[{"name":"wp","href":"https:\/\/api.w.org\/{rel}","templated":true}]}}