{"id":3423,"date":"2014-01-04T20:02:42","date_gmt":"2014-01-04T18:02:42","guid":{"rendered":"http:\/\/www.remonen.fi\/?p=3423"},"modified":"2014-01-11T13:52:58","modified_gmt":"2014-01-11T11:52:58","slug":"lux-helsinki-2014-otto-1-sademiehen-paluu","status":"publish","type":"post","link":"https:\/\/www.remonen.fi\/WP\/blogi\/lux-helsinki-2014-otto-1-sademiehen-paluu\/","title":{"rendered":"LUX Helsinki 2014, otto 1: sademiehen paluu"},"content":{"rendered":"<div id=\"attachment_3425\" style=\"width: 210px\" class=\"wp-caption alignleft\"><a href=\"http:\/\/www.remonen.fi\/WP\/wp-content\/uploads\/2014\/01\/LUX_Helsinki_2014.jpg\"><img loading=\"lazy\" decoding=\"async\" aria-describedby=\"caption-attachment-3425\" class=\"wp-image-3425 \" alt=\"LUX_Helsinki_2014\" src=\"http:\/\/www.remonen.fi\/WP\/wp-content\/uploads\/2014\/01\/LUX_Helsinki_2014-200x300.jpg\" width=\"200\" height=\"300\" srcset=\"https:\/\/www.remonen.fi\/WP\/wp-content\/uploads\/2014\/01\/LUX_Helsinki_2014-200x300.jpg 200w, https:\/\/www.remonen.fi\/WP\/wp-content\/uploads\/2014\/01\/LUX_Helsinki_2014.jpg 534w\" sizes=\"(max-width: 200px) 100vw, 200px\" \/><\/a><p id=\"caption-attachment-3425\" class=\"wp-caption-text\">Vanhan postitalon p\u00e4\u00e4salin kattoa<\/p><\/div>\n<p>On taas aika <a title=\"Lux Helsinki\" href=\"http:\/\/www.luxhelsinki.fi\/\" target=\"_blank\">LUX Helsingin<\/a>, tuon Helsingin Energian ja Helsigin kaupungin yhteisponnistuksen kaupunkilaisten, ja miksei muidenkin, mielen piristykseksi. No, t\u00e4n\u00e4 &#8221;talvena&#8221; ei kyll\u00e4 valoa ole ollutkaan liikaa, kun ainoa kaupungista l\u00f6ytyv\u00e4 lumi lienee Aarnion Kimmon salak\u00e4tk\u00f6ss\u00e4. Jos t\u00e4llainen leikillinen heitto sallitaan.<\/p>\n<p>Ei se mit\u00e4\u00e4n, pime\u00e4ss\u00e4 valo n\u00e4kyy paremmin (vanha Klingonilainen sananlasku), joten nyth\u00e4n on oivat olosuhteet valon varaan rakentuvalle spektaakkelille. Ja sopivasti kaupunki on t\u00e4ynn\u00e4 ven\u00e4l\u00e4isi\u00e4 turisteja, joille n\u00e4yt\u00e4mme, ett\u00e4 t\u00e4\u00e4lt\u00e4 pesee. Ruki ver!<\/p>\n<p>Mekin vaimon kanssa t\u00e4ll\u00e4ydyimme untuvatakkeihin ja muihin talvisiin tamineisiin ja suunnistimme kohden keskustaa. Vasta Hakaniemen torin kohdilla alkoi sataa. Vett\u00e4. Et simmottis taas. Olis pit\u00e4ny uskoa kissaa: se nukkui koko p\u00e4iv\u00e4n: ensin pahvilaatikossa ja sitten v\u00e4\u00e4nt\u00e4ytyi alakertaan s\u00e4ngylle makaamaan. Siin\u00e4 on sellainen ilmapuntari, ett\u00e4 Muumipappakin olisi kateellinen.<\/p>\n<div id=\"attachment_3424\" style=\"width: 210px\" class=\"wp-caption alignright\"><a href=\"http:\/\/www.remonen.fi\/WP\/wp-content\/uploads\/2014\/01\/LUX_Helsinki_2014-2.jpg\"><img loading=\"lazy\" decoding=\"async\" aria-describedby=\"caption-attachment-3424\" class=\"size-medium wp-image-3424\" alt=\"LUX_Helsinki_2014-2\" src=\"http:\/\/www.remonen.fi\/WP\/wp-content\/uploads\/2014\/01\/LUX_Helsinki_2014-2-200x300.jpg\" width=\"200\" height=\"300\" srcset=\"https:\/\/www.remonen.fi\/WP\/wp-content\/uploads\/2014\/01\/LUX_Helsinki_2014-2-200x300.jpg 200w, https:\/\/www.remonen.fi\/WP\/wp-content\/uploads\/2014\/01\/LUX_Helsinki_2014-2.jpg 534w\" sizes=\"(max-width: 200px) 100vw, 200px\" \/><\/a><p id=\"caption-attachment-3424\" class=\"wp-caption-text\">LUXus sp\u00e4ra<\/p><\/div>\n<p>Auto j\u00e4tettiin Elielin parkkiin ja sielt\u00e4 ronttasimme Espan kautta Senaatintorille. Matkalla tapasimme LUX Helsinki -sp\u00e5ran, joka on valaistu ja verhoiltu teemaan sopivaksi.<\/p>\n<p>Senaatintorilla on tapahtuman p\u00e4\u00e4kohde: espanjalaisen taiteilijan, Agatha Luis de la Pradan, teos Corazon (syd\u00e4n). Min\u00e4 kyll\u00e4 henkil\u00f6kohtaisesti pid\u00e4n siit\u00e4, kun tuomiokirkko otetaan osaksi n\u00e4it\u00e4 valoteoksia. Se luo mukavaa j\u00e4nnitett\u00e4 ja jos k\u00e4sitin oikein, my\u00f6s taiteilija oli sijoittelusta kovin vaikuttunut.<\/p>\n<p><a href=\"http:\/\/www.remonen.fi\/WP\/wp-content\/uploads\/2014\/01\/LUX_Helsinki_2014-6.jpg\"><img loading=\"lazy\" decoding=\"async\" class=\"aligncenter size-medium wp-image-3431\" alt=\"LUX_Helsinki_2014-6\" src=\"http:\/\/www.remonen.fi\/WP\/wp-content\/uploads\/2014\/01\/LUX_Helsinki_2014-6-300x200.jpg\" width=\"300\" height=\"200\" srcset=\"https:\/\/www.remonen.fi\/WP\/wp-content\/uploads\/2014\/01\/LUX_Helsinki_2014-6-300x200.jpg 300w, https:\/\/www.remonen.fi\/WP\/wp-content\/uploads\/2014\/01\/LUX_Helsinki_2014-6.jpg 800w\" sizes=\"(max-width: 300px) 100vw, 300px\" \/><\/a><\/p>\n<div id=\"attachment_3426\" style=\"width: 210px\" class=\"wp-caption alignleft\"><a href=\"http:\/\/www.remonen.fi\/WP\/wp-content\/uploads\/2014\/01\/LUX_Helsinki_2014-5.jpg\"><img loading=\"lazy\" decoding=\"async\" aria-describedby=\"caption-attachment-3426\" class=\"size-medium wp-image-3426  \" alt=\"LUX_Helsinki_2014-5\" src=\"http:\/\/www.remonen.fi\/WP\/wp-content\/uploads\/2014\/01\/LUX_Helsinki_2014-5-200x300.jpg\" width=\"200\" height=\"300\" srcset=\"https:\/\/www.remonen.fi\/WP\/wp-content\/uploads\/2014\/01\/LUX_Helsinki_2014-5-200x300.jpg 200w, https:\/\/www.remonen.fi\/WP\/wp-content\/uploads\/2014\/01\/LUX_Helsinki_2014-5.jpg 534w\" sizes=\"(max-width: 200px) 100vw, 200px\" \/><\/a><p id=\"caption-attachment-3426\" class=\"wp-caption-text\">S\u00e4\u00e4nmukainen pukeutuminen<br \/>on kaiken A ja O<\/p><\/div>\n<p>Siin\u00e4 sitten sateessa kuvasin muutamat kuvat, mutta kun vedentulo ei osoittanut laantumisen merkkej\u00e4, p\u00e4\u00e4timme l\u00e4hte\u00e4 kotiin. Jatkuuhan t\u00e4m\u00e4 h\u00e4ppening viel\u00e4 muutaman p\u00e4iv\u00e4n, joten yrit\u00e4mme huomenissa uudelleen.<\/p>\n<p>Sadetta kesti Nikon D800E, Nikkor AF-S 24-70\/2.8G ja ihka-uusi Benro C1580T-jalusta<\/p>\n","protected":false},"excerpt":{"rendered":"<p>On taas aika LUX Helsingin, tuon Helsingin Energian ja Helsigin kaupungin yhteisponnistuksen kaupunkilaisten, ja miksei muidenkin, mielen piristykseksi. No, t\u00e4n\u00e4 &#8221;talvena&#8221; ei kyll\u00e4 valoa ole ollutkaan liikaa, kun ainoa kaupungista l\u00f6ytyv\u00e4 lumi lienee Aarnion Kimmon salak\u00e4tk\u00f6ss\u00e4. Jos t\u00e4llainen leikillinen heitto sallitaan. Ei se mit\u00e4\u00e4n, pime\u00e4ss\u00e4 valo n\u00e4kyy paremmin (vanha Klingonilainen sananlasku), joten nyth\u00e4n on oivat [&hellip;]<\/p>\n","protected":false},"author":2,"featured_media":3427,"comment_status":"open","ping_status":"closed","sticky":false,"template":"","format":"standard","meta":{"footnotes":""},"categories":[16],"tags":[121],"yoast_head":"<!-- This site is optimized with the Yoast SEO plugin v24.5 - https:\/\/yoast.com\/wordpress\/plugins\/seo\/ -->\n<title>LUX Helsinki, otto 1: sademiehen paluu - gREat MOments NEver forgotteN<\/title>\n<meta name=\"description\" content=\"On taas aika LUX Helsingin, tuon Helsingin Energian ja Helsigin kaupungin yhteisponnistuksen kaupunkilaisten, ja miksei muidenkin, mielen piristykseksi.\" \/>\n<meta name=\"robots\" content=\"index, follow, max-snippet:-1, max-image-preview:large, max-video-preview:-1\" \/>\n<link rel=\"canonical\" href=\"https:\/\/www.remonen.fi\/WP\/blogi\/lux-helsinki-2014-otto-1-sademiehen-paluu\/\" \/>\n<meta property=\"og:locale\" content=\"fi_FI\" \/>\n<meta property=\"og:type\" content=\"article\" \/>\n<meta property=\"og:title\" content=\"LUX Helsinki, otto 1: sademiehen paluu - gREat MOments NEver forgotteN\" \/>\n<meta property=\"og:description\" content=\"On taas aika LUX Helsingin, tuon Helsingin Energian ja Helsigin kaupungin yhteisponnistuksen kaupunkilaisten, ja miksei muidenkin, mielen piristykseksi.\" \/>\n<meta property=\"og:url\" content=\"https:\/\/www.remonen.fi\/WP\/blogi\/lux-helsinki-2014-otto-1-sademiehen-paluu\/\" \/>\n<meta property=\"og:site_name\" content=\"remonen.fi\" \/>\n<meta property=\"article:published_time\" content=\"2014-01-04T18:02:42+00:00\" \/>\n<meta property=\"article:modified_time\" content=\"2014-01-11T11:52:58+00:00\" \/>\n<meta property=\"og:image\" content=\"https:\/\/www.remonen.fi\/WP\/wp-content\/uploads\/2014\/01\/LUX_Helsinki_2014-4.jpg\" \/>\n\t<meta property=\"og:image:width\" content=\"800\" \/>\n\t<meta property=\"og:image:height\" content=\"284\" \/>\n\t<meta property=\"og:image:type\" content=\"image\/jpeg\" \/>\n<meta name=\"author\" content=\"Matti Remonen\" \/>\n<meta name=\"twitter:label1\" content=\"Kirjoittanut\" \/>\n\t<meta name=\"twitter:data1\" content=\"Matti Remonen\" \/>\n\t<meta name=\"twitter:label2\" content=\"Arvioitu lukuaika\" \/>\n\t<meta name=\"twitter:data2\" content=\"1 minuutti\" \/>\n<script type=\"application\/ld+json\" class=\"yoast-schema-graph\">{\"@context\":\"https:\/\/schema.org\",\"@graph\":[{\"@type\":\"Article\",\"@id\":\"https:\/\/www.remonen.fi\/WP\/blogi\/lux-helsinki-2014-otto-1-sademiehen-paluu\/#article\",\"isPartOf\":{\"@id\":\"https:\/\/www.remonen.fi\/WP\/blogi\/lux-helsinki-2014-otto-1-sademiehen-paluu\/\"},\"author\":{\"name\":\"Matti Remonen\",\"@id\":\"https:\/\/www.remonen.fi\/WP\/#\/schema\/person\/1803c23d1d4f6722054eb2ac7f7a97cd\"},\"headline\":\"LUX Helsinki 2014, otto 1: sademiehen paluu\",\"datePublished\":\"2014-01-04T18:02:42+00:00\",\"dateModified\":\"2014-01-11T11:52:58+00:00\",\"mainEntityOfPage\":{\"@id\":\"https:\/\/www.remonen.fi\/WP\/blogi\/lux-helsinki-2014-otto-1-sademiehen-paluu\/\"},\"wordCount\":303,\"commentCount\":0,\"publisher\":{\"@id\":\"https:\/\/www.remonen.fi\/WP\/#\/schema\/person\/1803c23d1d4f6722054eb2ac7f7a97cd\"},\"image\":{\"@id\":\"https:\/\/www.remonen.fi\/WP\/blogi\/lux-helsinki-2014-otto-1-sademiehen-paluu\/#primaryimage\"},\"thumbnailUrl\":\"https:\/\/www.remonen.fi\/WP\/wp-content\/uploads\/2014\/01\/LUX_Helsinki_2014-4.jpg\",\"keywords\":[\"LUX Helsinki\"],\"articleSection\":[\"Blog\"],\"inLanguage\":\"fi\",\"potentialAction\":[{\"@type\":\"CommentAction\",\"name\":\"Comment\",\"target\":[\"https:\/\/www.remonen.fi\/WP\/blogi\/lux-helsinki-2014-otto-1-sademiehen-paluu\/#respond\"]}]},{\"@type\":\"WebPage\",\"@id\":\"https:\/\/www.remonen.fi\/WP\/blogi\/lux-helsinki-2014-otto-1-sademiehen-paluu\/\",\"url\":\"https:\/\/www.remonen.fi\/WP\/blogi\/lux-helsinki-2014-otto-1-sademiehen-paluu\/\",\"name\":\"LUX Helsinki, otto 1: sademiehen paluu - gREat MOments NEver forgotteN\",\"isPartOf\":{\"@id\":\"https:\/\/www.remonen.fi\/WP\/#website\"},\"primaryImageOfPage\":{\"@id\":\"https:\/\/www.remonen.fi\/WP\/blogi\/lux-helsinki-2014-otto-1-sademiehen-paluu\/#primaryimage\"},\"image\":{\"@id\":\"https:\/\/www.remonen.fi\/WP\/blogi\/lux-helsinki-2014-otto-1-sademiehen-paluu\/#primaryimage\"},\"thumbnailUrl\":\"https:\/\/www.remonen.fi\/WP\/wp-content\/uploads\/2014\/01\/LUX_Helsinki_2014-4.jpg\",\"datePublished\":\"2014-01-04T18:02:42+00:00\",\"dateModified\":\"2014-01-11T11:52:58+00:00\",\"description\":\"On taas aika LUX Helsingin, tuon Helsingin Energian ja Helsigin kaupungin yhteisponnistuksen kaupunkilaisten, ja miksei muidenkin, mielen piristykseksi.\",\"breadcrumb\":{\"@id\":\"https:\/\/www.remonen.fi\/WP\/blogi\/lux-helsinki-2014-otto-1-sademiehen-paluu\/#breadcrumb\"},\"inLanguage\":\"fi\",\"potentialAction\":[{\"@type\":\"ReadAction\",\"target\":[\"https:\/\/www.remonen.fi\/WP\/blogi\/lux-helsinki-2014-otto-1-sademiehen-paluu\/\"]}]},{\"@type\":\"ImageObject\",\"inLanguage\":\"fi\",\"@id\":\"https:\/\/www.remonen.fi\/WP\/blogi\/lux-helsinki-2014-otto-1-sademiehen-paluu\/#primaryimage\",\"url\":\"https:\/\/www.remonen.fi\/WP\/wp-content\/uploads\/2014\/01\/LUX_Helsinki_2014-4.jpg\",\"contentUrl\":\"https:\/\/www.remonen.fi\/WP\/wp-content\/uploads\/2014\/01\/LUX_Helsinki_2014-4.jpg\",\"width\":800,\"height\":284},{\"@type\":\"BreadcrumbList\",\"@id\":\"https:\/\/www.remonen.fi\/WP\/blogi\/lux-helsinki-2014-otto-1-sademiehen-paluu\/#breadcrumb\",\"itemListElement\":[{\"@type\":\"ListItem\",\"position\":1,\"name\":\"Etusivu\",\"item\":\"https:\/\/www.remonen.fi\/WP\/\"},{\"@type\":\"ListItem\",\"position\":2,\"name\":\"LUX Helsinki 2014, otto 1: sademiehen paluu\"}]},{\"@type\":\"WebSite\",\"@id\":\"https:\/\/www.remonen.fi\/WP\/#website\",\"url\":\"https:\/\/www.remonen.fi\/WP\/\",\"name\":\"remonen.fi\",\"description\":\"Valokuvia ja tarinaa laidasta laitaan\",\"publisher\":{\"@id\":\"https:\/\/www.remonen.fi\/WP\/#\/schema\/person\/1803c23d1d4f6722054eb2ac7f7a97cd\"},\"potentialAction\":[{\"@type\":\"SearchAction\",\"target\":{\"@type\":\"EntryPoint\",\"urlTemplate\":\"https:\/\/www.remonen.fi\/WP\/?s={search_term_string}\"},\"query-input\":{\"@type\":\"PropertyValueSpecification\",\"valueRequired\":true,\"valueName\":\"search_term_string\"}}],\"inLanguage\":\"fi\"},{\"@type\":[\"Person\",\"Organization\"],\"@id\":\"https:\/\/www.remonen.fi\/WP\/#\/schema\/person\/1803c23d1d4f6722054eb2ac7f7a97cd\",\"name\":\"Matti Remonen\",\"logo\":{\"@id\":\"https:\/\/www.remonen.fi\/WP\/#\/schema\/person\/image\/\"},\"url\":\"https:\/\/www.remonen.fi\/WP\/blogi\/author\/mre\/\"}]}<\/script>\n<!-- \/ Yoast SEO plugin. -->","yoast_head_json":{"title":"LUX Helsinki, otto 1: sademiehen paluu - gREat MOments NEver forgotteN","description":"On taas aika LUX Helsingin, tuon Helsingin Energian ja Helsigin kaupungin yhteisponnistuksen kaupunkilaisten, ja miksei muidenkin, mielen piristykseksi.","robots":{"index":"index","follow":"follow","max-snippet":"max-snippet:-1","max-image-preview":"max-image-preview:large","max-video-preview":"max-video-preview:-1"},"canonical":"https:\/\/www.remonen.fi\/WP\/blogi\/lux-helsinki-2014-otto-1-sademiehen-paluu\/","og_locale":"fi_FI","og_type":"article","og_title":"LUX Helsinki, otto 1: sademiehen paluu - gREat MOments NEver forgotteN","og_description":"On taas aika LUX Helsingin, tuon Helsingin Energian ja Helsigin kaupungin yhteisponnistuksen kaupunkilaisten, ja miksei muidenkin, mielen piristykseksi.","og_url":"https:\/\/www.remonen.fi\/WP\/blogi\/lux-helsinki-2014-otto-1-sademiehen-paluu\/","og_site_name":"remonen.fi","article_published_time":"2014-01-04T18:02:42+00:00","article_modified_time":"2014-01-11T11:52:58+00:00","og_image":[{"width":800,"height":284,"url":"https:\/\/www.remonen.fi\/WP\/wp-content\/uploads\/2014\/01\/LUX_Helsinki_2014-4.jpg","type":"image\/jpeg"}],"author":"Matti Remonen","twitter_misc":{"Kirjoittanut":"Matti Remonen","Arvioitu lukuaika":"1 minuutti"},"schema":{"@context":"https:\/\/schema.org","@graph":[{"@type":"Article","@id":"https:\/\/www.remonen.fi\/WP\/blogi\/lux-helsinki-2014-otto-1-sademiehen-paluu\/#article","isPartOf":{"@id":"https:\/\/www.remonen.fi\/WP\/blogi\/lux-helsinki-2014-otto-1-sademiehen-paluu\/"},"author":{"name":"Matti Remonen","@id":"https:\/\/www.remonen.fi\/WP\/#\/schema\/person\/1803c23d1d4f6722054eb2ac7f7a97cd"},"headline":"LUX Helsinki 2014, otto 1: sademiehen paluu","datePublished":"2014-01-04T18:02:42+00:00","dateModified":"2014-01-11T11:52:58+00:00","mainEntityOfPage":{"@id":"https:\/\/www.remonen.fi\/WP\/blogi\/lux-helsinki-2014-otto-1-sademiehen-paluu\/"},"wordCount":303,"commentCount":0,"publisher":{"@id":"https:\/\/www.remonen.fi\/WP\/#\/schema\/person\/1803c23d1d4f6722054eb2ac7f7a97cd"},"image":{"@id":"https:\/\/www.remonen.fi\/WP\/blogi\/lux-helsinki-2014-otto-1-sademiehen-paluu\/#primaryimage"},"thumbnailUrl":"https:\/\/www.remonen.fi\/WP\/wp-content\/uploads\/2014\/01\/LUX_Helsinki_2014-4.jpg","keywords":["LUX Helsinki"],"articleSection":["Blog"],"inLanguage":"fi","potentialAction":[{"@type":"CommentAction","name":"Comment","target":["https:\/\/www.remonen.fi\/WP\/blogi\/lux-helsinki-2014-otto-1-sademiehen-paluu\/#respond"]}]},{"@type":"WebPage","@id":"https:\/\/www.remonen.fi\/WP\/blogi\/lux-helsinki-2014-otto-1-sademiehen-paluu\/","url":"https:\/\/www.remonen.fi\/WP\/blogi\/lux-helsinki-2014-otto-1-sademiehen-paluu\/","name":"LUX Helsinki, otto 1: sademiehen paluu - gREat MOments NEver forgotteN","isPartOf":{"@id":"https:\/\/www.remonen.fi\/WP\/#website"},"primaryImageOfPage":{"@id":"https:\/\/www.remonen.fi\/WP\/blogi\/lux-helsinki-2014-otto-1-sademiehen-paluu\/#primaryimage"},"image":{"@id":"https:\/\/www.remonen.fi\/WP\/blogi\/lux-helsinki-2014-otto-1-sademiehen-paluu\/#primaryimage"},"thumbnailUrl":"https:\/\/www.remonen.fi\/WP\/wp-content\/uploads\/2014\/01\/LUX_Helsinki_2014-4.jpg","datePublished":"2014-01-04T18:02:42+00:00","dateModified":"2014-01-11T11:52:58+00:00","description":"On taas aika LUX Helsingin, tuon Helsingin Energian ja Helsigin kaupungin yhteisponnistuksen kaupunkilaisten, ja miksei muidenkin, mielen piristykseksi.","breadcrumb":{"@id":"https:\/\/www.remonen.fi\/WP\/blogi\/lux-helsinki-2014-otto-1-sademiehen-paluu\/#breadcrumb"},"inLanguage":"fi","potentialAction":[{"@type":"ReadAction","target":["https:\/\/www.remonen.fi\/WP\/blogi\/lux-helsinki-2014-otto-1-sademiehen-paluu\/"]}]},{"@type":"ImageObject","inLanguage":"fi","@id":"https:\/\/www.remonen.fi\/WP\/blogi\/lux-helsinki-2014-otto-1-sademiehen-paluu\/#primaryimage","url":"https:\/\/www.remonen.fi\/WP\/wp-content\/uploads\/2014\/01\/LUX_Helsinki_2014-4.jpg","contentUrl":"https:\/\/www.remonen.fi\/WP\/wp-content\/uploads\/2014\/01\/LUX_Helsinki_2014-4.jpg","width":800,"height":284},{"@type":"BreadcrumbList","@id":"https:\/\/www.remonen.fi\/WP\/blogi\/lux-helsinki-2014-otto-1-sademiehen-paluu\/#breadcrumb","itemListElement":[{"@type":"ListItem","position":1,"name":"Etusivu","item":"https:\/\/www.remonen.fi\/WP\/"},{"@type":"ListItem","position":2,"name":"LUX Helsinki 2014, otto 1: sademiehen paluu"}]},{"@type":"WebSite","@id":"https:\/\/www.remonen.fi\/WP\/#website","url":"https:\/\/www.remonen.fi\/WP\/","name":"remonen.fi","description":"Valokuvia ja tarinaa laidasta laitaan","publisher":{"@id":"https:\/\/www.remonen.fi\/WP\/#\/schema\/person\/1803c23d1d4f6722054eb2ac7f7a97cd"},"potentialAction":[{"@type":"SearchAction","target":{"@type":"EntryPoint","urlTemplate":"https:\/\/www.remonen.fi\/WP\/?s={search_term_string}"},"query-input":{"@type":"PropertyValueSpecification","valueRequired":true,"valueName":"search_term_string"}}],"inLanguage":"fi"},{"@type":["Person","Organization"],"@id":"https:\/\/www.remonen.fi\/WP\/#\/schema\/person\/1803c23d1d4f6722054eb2ac7f7a97cd","name":"Matti Remonen","logo":{"@id":"https:\/\/www.remonen.fi\/WP\/#\/schema\/person\/image\/"},"url":"https:\/\/www.remonen.fi\/WP\/blogi\/author\/mre\/"}]}},"_links":{"self":[{"href":"https:\/\/www.remonen.fi\/WP\/wp-json\/wp\/v2\/posts\/3423"}],"collection":[{"href":"https:\/\/www.remonen.fi\/WP\/wp-json\/wp\/v2\/posts"}],"about":[{"href":"https:\/\/www.remonen.fi\/WP\/wp-json\/wp\/v2\/types\/post"}],"author":[{"embeddable":true,"href":"https:\/\/www.remonen.fi\/WP\/wp-json\/wp\/v2\/users\/2"}],"replies":[{"embeddable":true,"href":"https:\/\/www.remonen.fi\/WP\/wp-json\/wp\/v2\/comments?post=3423"}],"version-history":[{"count":0,"href":"https:\/\/www.remonen.fi\/WP\/wp-json\/wp\/v2\/posts\/3423\/revisions"}],"wp:featuredmedia":[{"embeddable":true,"href":"https:\/\/www.remonen.fi\/WP\/wp-json\/wp\/v2\/media\/3427"}],"wp:attachment":[{"href":"https:\/\/www.remonen.fi\/WP\/wp-json\/wp\/v2\/media?parent=3423"}],"wp:term":[{"taxonomy":"category","embeddable":true,"href":"https:\/\/www.remonen.fi\/WP\/wp-json\/wp\/v2\/categories?post=3423"},{"taxonomy":"post_tag","embeddable":true,"href":"https:\/\/www.remonen.fi\/WP\/wp-json\/wp\/v2\/tags?post=3423"}],"curies":[{"name":"wp","href":"https:\/\/api.w.org\/{rel}","templated":true}]}}