{"id":3464,"date":"2014-01-06T16:17:16","date_gmt":"2014-01-06T14:17:16","guid":{"rendered":"http:\/\/www.remonen.fi\/?p=3464"},"modified":"2014-01-11T13:52:27","modified_gmt":"2014-01-11T11:52:27","slug":"lux-helsinki-2014-otto-2-tulimyrsky","status":"publish","type":"post","link":"https:\/\/www.remonen.fi\/WP\/blogi\/lux-helsinki-2014-otto-2-tulimyrsky\/","title":{"rendered":"LUX Helsinki 2014, otto 2: tulimyrsky"},"content":{"rendered":"<p><a href=\"http:\/\/www.remonen.fi\/WP\/wp-content\/uploads\/2014\/01\/LUX_Helsinki_14-3.jpg\"><img loading=\"lazy\" decoding=\"async\" class=\"alignright size-medium wp-image-3477\" alt=\"LUX_Helsinki_14-3\" src=\"http:\/\/www.remonen.fi\/WP\/wp-content\/uploads\/2014\/01\/LUX_Helsinki_14-3-200x300.jpg\" width=\"200\" height=\"300\" srcset=\"https:\/\/www.remonen.fi\/WP\/wp-content\/uploads\/2014\/01\/LUX_Helsinki_14-3-200x300.jpg 200w, https:\/\/www.remonen.fi\/WP\/wp-content\/uploads\/2014\/01\/LUX_Helsinki_14-3.jpg 534w\" sizes=\"(max-width: 200px) 100vw, 200px\" \/><\/a>Koitti sitten se &#8221;seuraava p\u00e4iv\u00e4&#8221;, mutta ei dagen efter. Eli kuten <a title=\"LUX Helsinki 2014, otto 1: sademiehen paluu\" href=\"http:\/\/www.remonen.fi\/photoblog\/lux-helsinki-2014-otto-1-sademiehen-paluu\/\" target=\"_blank\">olin edellisen\u00e4 iltana uhonnut<\/a>, l\u00e4ksin uudestaan tutustumaan<a title=\"LUX Helsinki\" href=\"http:\/\/www.luxhelsinki.fi\/\" target=\"_blank\"> LUX Helsinki<\/a>-tapahtumaan, kun edellinen reissu j\u00e4i sateen vuoksi hieman torsoksi. Nyt p\u00e4\u00e4tin j\u00e4tt\u00e4\u00e4 Senaatintorin v\u00e4liin ja menin suoraan Kansalaistorille, jossa oli luvassa <a title=\"Tulishow\" href=\"http:\/\/www.luxhelsinki.fi\/teokset-ja-tekijat#360\" target=\"_blank\">tulin\u00e4yt\u00f6s<\/a>. Olin paikalla kuitenkin jo viiden maissa ja show oli luvattu alkavan kello 18:00. Minulla oli siis sen verran aikaa, ett\u00e4 p\u00e4\u00e4tin k\u00e4yd\u00e4 katsastamassa mit\u00e4 Hakasalmen huvilan maisemissa tapahtuu. Seh\u00e4n on perinteisesti ollut my\u00f6s yksi LUX Helsinki-kohteista.<\/p>\n<p>T\u00e4ll\u00e4 kertaa siell\u00e4 oli erilaisia seinille heijastettavia teoksia: puun rungoista aina psykedeeliseen valomaalaukseen. J\u00e4lkimm\u00e4isest\u00e4 tuli mieleen -70 -luku ja LSD-kokeilut. Ei tosin mun, mutta muitten. Kuten vaikka Beatlesien. Odotin, ett\u00e4 hetken\u00e4 min\u00e4 hyv\u00e4ns\u00e4 John Lennon putkahtaa paikalle keltaisella sukellusveneell\u00e4 pinkit housut jalassaan. Ei tullut edes Yoko Onoa.<\/p>\n<p style=\"text-align: center;\"><a href=\"http:\/\/www.remonen.fi\/WP\/wp-content\/uploads\/2014\/01\/LUX_Helsinki_141.jpg\"><img loading=\"lazy\" decoding=\"async\" class=\"aligncenter  wp-image-3479\" alt=\"LUX_Helsinki_14\" src=\"http:\/\/www.remonen.fi\/WP\/wp-content\/uploads\/2014\/01\/LUX_Helsinki_141.jpg\" width=\"640\" height=\"427\" srcset=\"https:\/\/www.remonen.fi\/WP\/wp-content\/uploads\/2014\/01\/LUX_Helsinki_141.jpg 800w, https:\/\/www.remonen.fi\/WP\/wp-content\/uploads\/2014\/01\/LUX_Helsinki_141-300x200.jpg 300w\" sizes=\"(max-width: 640px) 100vw, 640px\" \/><\/a><\/p>\n<p>Palasin takaisin Kansalaistorille odottelemaan tulishown alkamista ja p\u00e4\u00e4tin j\u00e4tt\u00e4yty\u00e4 kameroineni hieman kauemmas olevalle korokkeelle. Ajattelin, ett\u00e4 sielt\u00e4 saa hyvin kuvia ihmisten p\u00e4iden yli hieman pidemm\u00e4ll\u00e4 putkella. Ei saanut. Ei edes 70-200:lla. No, k\u00e4ytin sitten kuvaamiselta s\u00e4\u00e4styneen ajan paneutumalla itse esitykseen. Yleens\u00e4 n\u00e4it\u00e4 esityksi\u00e4 valokuvatessa varsinaisesta tilanteesta ei j\u00e4\u00e4 p\u00e4\u00e4h\u00e4n mit\u00e4\u00e4n. Vasta sitten himassa katsoo tietokoneelta, ett\u00e4 mit\u00e4s oikein tulikaan n\u00e4hty\u00e4.<\/p>\n<p style=\"text-align: center;\"><a href=\"http:\/\/www.remonen.fi\/WP\/wp-content\/uploads\/2014\/01\/LUX_Helsinki_14-6.jpg\"><img loading=\"lazy\" decoding=\"async\" class=\"aligncenter  wp-image-3474\" alt=\"LUX_Helsinki_14-6\" src=\"http:\/\/www.remonen.fi\/WP\/wp-content\/uploads\/2014\/01\/LUX_Helsinki_14-6.jpg\" width=\"640\" height=\"427\" srcset=\"https:\/\/www.remonen.fi\/WP\/wp-content\/uploads\/2014\/01\/LUX_Helsinki_14-6.jpg 800w, https:\/\/www.remonen.fi\/WP\/wp-content\/uploads\/2014\/01\/LUX_Helsinki_14-6-300x200.jpg 300w\" sizes=\"(max-width: 640px) 100vw, 640px\" \/><\/a><\/p>\n<div id=\"attachment_3475\" style=\"width: 210px\" class=\"wp-caption alignright\"><a href=\"http:\/\/www.remonen.fi\/WP\/wp-content\/uploads\/2014\/01\/LUX_Helsinki_14-5.jpg\"><img loading=\"lazy\" decoding=\"async\" aria-describedby=\"caption-attachment-3475\" class=\"size-medium wp-image-3475\" alt=\"LUX_Helsinki_14-5\" src=\"http:\/\/www.remonen.fi\/WP\/wp-content\/uploads\/2014\/01\/LUX_Helsinki_14-5-200x300.jpg\" width=\"200\" height=\"300\" srcset=\"https:\/\/www.remonen.fi\/WP\/wp-content\/uploads\/2014\/01\/LUX_Helsinki_14-5-200x300.jpg 200w, https:\/\/www.remonen.fi\/WP\/wp-content\/uploads\/2014\/01\/LUX_Helsinki_14-5.jpg 534w\" sizes=\"(max-width: 200px) 100vw, 200px\" \/><\/a><p id=\"caption-attachment-3475\" class=\"wp-caption-text\">Makasiinit palaa<br \/>Return of the Warehouses<\/p><\/div>\n<p>No, esitys p\u00e4\u00e4ttyi aikanaan n\u00e4ytt\u00e4v\u00e4\u00e4n loppuspektaakkeliin. Siin\u00e4 vaiheessa sitten p\u00e4\u00e4tin j\u00e4\u00e4d\u00e4 katsomaan my\u00f6s seuraavan esityksen, joka olisi alkamassa n. tunnin p\u00e4\u00e4st\u00e4. Tunnissa ei ollut juurikaan mahdollista l\u00e4hte\u00e4 mihink\u00e4\u00e4n pidemm\u00e4lle, koska esityslavan parhaat katselupaikat menisiv\u00e4t jo hyviss\u00e4 ajoin. K\u00e4ytinkin t\u00e4m\u00e4n v\u00e4liajan makasiinien kuvaamiseen ja ruumiinkulttuurin vaalimiseen. Ensin ostin makkarakojusta parit grillimakkarat, joista toinen oli ns. ok ja toinen ihan kuraa. Pelkk\u00e4\u00e4 l\u00f6ys\u00e4\u00e4 jauhovelli\u00e4 (keino)kuoren sis\u00e4ll\u00e4. No, makkara on aina makkaraan. Seuraavaksi sitten p\u00e4\u00e4tin panostaa korkeakulttuuriin ja k\u00e4vin Musiikkitalon WC:ss\u00e4 hieman helpottamassa oloani. T\u00e4m\u00e4n kulttuuripl\u00e4j\u00e4yksen j\u00e4lkeen olikin aika varmistaa kuvauspaikka esityslavan vierelt\u00e4. Sen verran katselin maisemia, ett\u00e4 ymm\u00e4rsin valita taustaksi makasiinit enk\u00e4 Sanomataloa tai Eduskuntataloa.<\/p>\n<p>&nbsp;<\/p>\n<p><a href=\"http:\/\/www.remonen.fi\/WP\/wp-content\/uploads\/2014\/01\/LUX_Helsinki_14-7.jpg\"><img loading=\"lazy\" decoding=\"async\" class=\"size-medium wp-image-3473 alignleft\" alt=\"LUX_Helsinki_14-7\" src=\"http:\/\/www.remonen.fi\/WP\/wp-content\/uploads\/2014\/01\/LUX_Helsinki_14-7-200x300.jpg\" width=\"200\" height=\"300\" srcset=\"https:\/\/www.remonen.fi\/WP\/wp-content\/uploads\/2014\/01\/LUX_Helsinki_14-7-200x300.jpg 200w, https:\/\/www.remonen.fi\/WP\/wp-content\/uploads\/2014\/01\/LUX_Helsinki_14-7.jpg 534w\" sizes=\"(max-width: 200px) 100vw, 200px\" \/><\/a>Esitys alkoikin sitten aikanaan ja paikka aidan vieress\u00e4 osoittautui hyv\u00e4ksi. Hyv\u00e4ksi osoittautui my\u00f6s se, ett\u00e4 olin katsonut shown jo kertaalleen ja tiesin loppuspektaakkelin olevan sen verran visuaalinen, ettei kameraa ehk\u00e4 kannata sen aikana pit\u00e4\u00e4 jalustalla. Varsinkin kun esityksen siin\u00e4 vaiheessa valoakin piisaa k\u00e4sivaralta kuvaamisen verran. Joten n. puoleen v\u00e4liin asti kuvasin jalustalta hieman pidemmill\u00e4 suljinajoilla ja sitten otin kameran k\u00e4sivaralle ja r\u00e4psin menem\u00e4\u00e4n korkealla ISOlla ja nopeammilla suljinajoilla. Lopputulos kelpaa ainakin minulle. Mutta mulla onkin omien kuvien suhteen kriteerit aika alhaalla.<\/p>\n<table border=\"0\" align=\"center\">\n<tbody>\n<tr>\n<td><a href=\"http:\/\/www.remonen.fi\/WP\/wp-content\/uploads\/2014\/01\/LUX_Helsinki_14-8.jpg\"><img loading=\"lazy\" decoding=\"async\" class=\"size-medium wp-image-3472 alignnone\" alt=\"LUX_Helsinki_14-8\" src=\"http:\/\/www.remonen.fi\/WP\/wp-content\/uploads\/2014\/01\/LUX_Helsinki_14-8-300x300.jpg\" width=\"300\" height=\"300\" srcset=\"https:\/\/www.remonen.fi\/WP\/wp-content\/uploads\/2014\/01\/LUX_Helsinki_14-8-300x300.jpg 300w, https:\/\/www.remonen.fi\/WP\/wp-content\/uploads\/2014\/01\/LUX_Helsinki_14-8-150x150.jpg 150w, https:\/\/www.remonen.fi\/WP\/wp-content\/uploads\/2014\/01\/LUX_Helsinki_14-8.jpg 800w\" sizes=\"(max-width: 300px) 100vw, 300px\" \/><\/a><\/td>\n<td><a href=\"http:\/\/www.remonen.fi\/WP\/wp-content\/uploads\/2014\/01\/LUX_Helsinki_14-9.jpg\"><img loading=\"lazy\" decoding=\"async\" class=\"size-medium wp-image-3471 alignnone\" alt=\"LUX_Helsinki_14-9\" src=\"http:\/\/www.remonen.fi\/WP\/wp-content\/uploads\/2014\/01\/LUX_Helsinki_14-9-300x300.jpg\" width=\"300\" height=\"300\" srcset=\"https:\/\/www.remonen.fi\/WP\/wp-content\/uploads\/2014\/01\/LUX_Helsinki_14-9-300x300.jpg 300w, https:\/\/www.remonen.fi\/WP\/wp-content\/uploads\/2014\/01\/LUX_Helsinki_14-9-150x150.jpg 150w, https:\/\/www.remonen.fi\/WP\/wp-content\/uploads\/2014\/01\/LUX_Helsinki_14-9.jpg 800w\" sizes=\"(max-width: 300px) 100vw, 300px\" \/><\/a><\/td>\n<\/tr>\n<tr>\n<td colspan=\"2\"><a href=\"http:\/\/www.remonen.fi\/WP\/wp-content\/uploads\/2014\/01\/LUX_Helsinki_14-10.jpg\"><img loading=\"lazy\" decoding=\"async\" class=\"aligncenter  wp-image-3470\" alt=\"LUX_Helsinki_14-10\" src=\"http:\/\/www.remonen.fi\/WP\/wp-content\/uploads\/2014\/01\/LUX_Helsinki_14-10.jpg\" width=\"648\" height=\"433\" srcset=\"https:\/\/www.remonen.fi\/WP\/wp-content\/uploads\/2014\/01\/LUX_Helsinki_14-10.jpg 800w, https:\/\/www.remonen.fi\/WP\/wp-content\/uploads\/2014\/01\/LUX_Helsinki_14-10-300x200.jpg 300w\" sizes=\"(max-width: 648px) 100vw, 648px\" \/><\/a><\/td>\n<\/tr>\n<\/tbody>\n<\/table>\n<p><a href=\"http:\/\/www.remonen.fi\/WP\/wp-content\/uploads\/2014\/01\/LUX_Helsinki_14-11.jpg\"><img loading=\"lazy\" decoding=\"async\" class=\"alignright size-medium wp-image-3469\" alt=\"LUX_Helsinki_14-11\" src=\"http:\/\/www.remonen.fi\/WP\/wp-content\/uploads\/2014\/01\/LUX_Helsinki_14-11-200x300.jpg\" width=\"200\" height=\"300\" srcset=\"https:\/\/www.remonen.fi\/WP\/wp-content\/uploads\/2014\/01\/LUX_Helsinki_14-11-200x300.jpg 200w, https:\/\/www.remonen.fi\/WP\/wp-content\/uploads\/2014\/01\/LUX_Helsinki_14-11.jpg 534w\" sizes=\"(max-width: 200px) 100vw, 200px\" \/><\/a>Toisen shown j\u00e4lkeen olin viett\u00e4nyt Kansalaistorilla l\u00e4hes kolme tuntia. Takki alkoi olemaan aika tyhj\u00e4. Jaksoin kuitenkin viel\u00e4 k\u00e4vell\u00e4 Oopperatalon vieress\u00e4 olevalle Amfiteatterille tarkistamaan siell\u00e4 olleen valoinstallaation. Matkalla tuonne T\u00f6\u00f6l\u00f6nlahden rantapusikot ja -puistikko oli koristeltu mit\u00e4 mielikuvituksellisimmilla valoinstallaatioilla. Kuten joka vuosi t\u00e4t\u00e4 ennenkin. Tosin tuo oikealla oleva taitaa olla vakiovalaistusta&#8230;<\/p>\n<p><a href=\"http:\/\/www.remonen.fi\/WP\/wp-content\/uploads\/2014\/01\/LUX_Helsinki_14-12.jpg\"><img loading=\"lazy\" decoding=\"async\" class=\"aligncenter size-medium wp-image-3468\" alt=\"LUX_Helsinki_14-12\" src=\"http:\/\/www.remonen.fi\/WP\/wp-content\/uploads\/2014\/01\/LUX_Helsinki_14-12-300x200.jpg\" width=\"300\" height=\"200\" srcset=\"https:\/\/www.remonen.fi\/WP\/wp-content\/uploads\/2014\/01\/LUX_Helsinki_14-12-300x200.jpg 300w, https:\/\/www.remonen.fi\/WP\/wp-content\/uploads\/2014\/01\/LUX_Helsinki_14-12.jpg 800w\" sizes=\"(max-width: 300px) 100vw, 300px\" \/><\/a><\/p>\n<p>No, loppu hyvin kaikki hyvin: ei satanut, sain kuvia tulishowsta ja v\u00e4h\u00e4n muustakin. P\u00e4iv\u00e4 oli pulkassa, ei kun kotia. Viel\u00e4 kun Suomen alle 20-vuotiaiden j\u00e4\u00e4kiekkomaajoukkue hoiti illalla &#8221;pojan&#8221; kotiin, niin ei voi kuin olla tyytyv\u00e4inen.<\/p>\n<p>Kulttuurissa mukana Nikon D800E, Nikkor AF-S 24-70\/2.8G, Nikkor AF-S 70-200\/2.8G VRII ja Benro C1570T-jalusta<\/p>\n","protected":false},"excerpt":{"rendered":"<p>Koitti sitten se &#8221;seuraava p\u00e4iv\u00e4&#8221;, mutta ei dagen efter. Eli kuten olin edellisen\u00e4 iltana uhonnut, l\u00e4ksin uudestaan tutustumaan LUX Helsinki-tapahtumaan, kun edellinen reissu j\u00e4i sateen vuoksi hieman torsoksi. Nyt p\u00e4\u00e4tin j\u00e4tt\u00e4\u00e4 Senaatintorin v\u00e4liin ja menin suoraan Kansalaistorille, jossa oli luvassa tulin\u00e4yt\u00f6s. Olin paikalla kuitenkin jo viiden maissa ja show oli luvattu alkavan kello 18:00. Minulla [&hellip;]<\/p>\n","protected":false},"author":2,"featured_media":3474,"comment_status":"open","ping_status":"closed","sticky":false,"template":"","format":"standard","meta":{"footnotes":""},"categories":[16],"tags":[121],"yoast_head":"<!-- This site is optimized with the Yoast SEO plugin v24.5 - https:\/\/yoast.com\/wordpress\/plugins\/seo\/ -->\n<title>LUX Helsinki 2014, otto 2: tulimyrsky - gREat MOments NEver forgotteN<\/title>\n<meta name=\"description\" content=\"Koitti sitten se &quot;seuraava p\u00e4iv\u00e4&quot;, mutta ei dagen efter. Eli kuten olin edellisen\u00e4 iltana uhonnut, l\u00e4ksin uudestaan tutustumaan LUX Helsinki-tapahtumaan,\" \/>\n<meta name=\"robots\" content=\"index, follow, max-snippet:-1, max-image-preview:large, max-video-preview:-1\" \/>\n<link rel=\"canonical\" href=\"https:\/\/www.remonen.fi\/WP\/blogi\/lux-helsinki-2014-otto-2-tulimyrsky\/\" \/>\n<meta property=\"og:locale\" content=\"fi_FI\" \/>\n<meta property=\"og:type\" content=\"article\" \/>\n<meta property=\"og:title\" content=\"LUX Helsinki 2014, otto 2: tulimyrsky - gREat MOments NEver forgotteN\" \/>\n<meta property=\"og:description\" content=\"Koitti sitten se &quot;seuraava p\u00e4iv\u00e4&quot;, mutta ei dagen efter. Eli kuten olin edellisen\u00e4 iltana uhonnut, l\u00e4ksin uudestaan tutustumaan LUX Helsinki-tapahtumaan,\" \/>\n<meta property=\"og:url\" content=\"https:\/\/www.remonen.fi\/WP\/blogi\/lux-helsinki-2014-otto-2-tulimyrsky\/\" \/>\n<meta property=\"og:site_name\" content=\"remonen.fi\" \/>\n<meta property=\"article:published_time\" content=\"2014-01-06T14:17:16+00:00\" \/>\n<meta property=\"article:modified_time\" content=\"2014-01-11T11:52:27+00:00\" \/>\n<meta property=\"og:image\" content=\"https:\/\/www.remonen.fi\/WP\/wp-content\/uploads\/2014\/01\/LUX_Helsinki_14-6.jpg\" \/>\n\t<meta property=\"og:image:width\" content=\"800\" \/>\n\t<meta property=\"og:image:height\" content=\"534\" \/>\n\t<meta property=\"og:image:type\" content=\"image\/jpeg\" \/>\n<meta name=\"author\" content=\"Matti Remonen\" \/>\n<meta name=\"twitter:label1\" content=\"Kirjoittanut\" \/>\n\t<meta name=\"twitter:data1\" content=\"Matti Remonen\" \/>\n\t<meta name=\"twitter:label2\" content=\"Arvioitu lukuaika\" \/>\n\t<meta name=\"twitter:data2\" content=\"3 minuuttia\" \/>\n<script type=\"application\/ld+json\" class=\"yoast-schema-graph\">{\"@context\":\"https:\/\/schema.org\",\"@graph\":[{\"@type\":\"Article\",\"@id\":\"https:\/\/www.remonen.fi\/WP\/blogi\/lux-helsinki-2014-otto-2-tulimyrsky\/#article\",\"isPartOf\":{\"@id\":\"https:\/\/www.remonen.fi\/WP\/blogi\/lux-helsinki-2014-otto-2-tulimyrsky\/\"},\"author\":{\"name\":\"Matti Remonen\",\"@id\":\"https:\/\/www.remonen.fi\/WP\/#\/schema\/person\/1803c23d1d4f6722054eb2ac7f7a97cd\"},\"headline\":\"LUX Helsinki 2014, otto 2: tulimyrsky\",\"datePublished\":\"2014-01-06T14:17:16+00:00\",\"dateModified\":\"2014-01-11T11:52:27+00:00\",\"mainEntityOfPage\":{\"@id\":\"https:\/\/www.remonen.fi\/WP\/blogi\/lux-helsinki-2014-otto-2-tulimyrsky\/\"},\"wordCount\":564,\"commentCount\":0,\"publisher\":{\"@id\":\"https:\/\/www.remonen.fi\/WP\/#\/schema\/person\/1803c23d1d4f6722054eb2ac7f7a97cd\"},\"image\":{\"@id\":\"https:\/\/www.remonen.fi\/WP\/blogi\/lux-helsinki-2014-otto-2-tulimyrsky\/#primaryimage\"},\"thumbnailUrl\":\"https:\/\/www.remonen.fi\/WP\/wp-content\/uploads\/2014\/01\/LUX_Helsinki_14-6.jpg\",\"keywords\":[\"LUX Helsinki\"],\"articleSection\":[\"Blog\"],\"inLanguage\":\"fi\",\"potentialAction\":[{\"@type\":\"CommentAction\",\"name\":\"Comment\",\"target\":[\"https:\/\/www.remonen.fi\/WP\/blogi\/lux-helsinki-2014-otto-2-tulimyrsky\/#respond\"]}]},{\"@type\":\"WebPage\",\"@id\":\"https:\/\/www.remonen.fi\/WP\/blogi\/lux-helsinki-2014-otto-2-tulimyrsky\/\",\"url\":\"https:\/\/www.remonen.fi\/WP\/blogi\/lux-helsinki-2014-otto-2-tulimyrsky\/\",\"name\":\"LUX Helsinki 2014, otto 2: tulimyrsky - gREat MOments NEver forgotteN\",\"isPartOf\":{\"@id\":\"https:\/\/www.remonen.fi\/WP\/#website\"},\"primaryImageOfPage\":{\"@id\":\"https:\/\/www.remonen.fi\/WP\/blogi\/lux-helsinki-2014-otto-2-tulimyrsky\/#primaryimage\"},\"image\":{\"@id\":\"https:\/\/www.remonen.fi\/WP\/blogi\/lux-helsinki-2014-otto-2-tulimyrsky\/#primaryimage\"},\"thumbnailUrl\":\"https:\/\/www.remonen.fi\/WP\/wp-content\/uploads\/2014\/01\/LUX_Helsinki_14-6.jpg\",\"datePublished\":\"2014-01-06T14:17:16+00:00\",\"dateModified\":\"2014-01-11T11:52:27+00:00\",\"description\":\"Koitti sitten se \\\"seuraava p\u00e4iv\u00e4\\\", mutta ei dagen efter. Eli kuten olin edellisen\u00e4 iltana uhonnut, l\u00e4ksin uudestaan tutustumaan LUX Helsinki-tapahtumaan,\",\"breadcrumb\":{\"@id\":\"https:\/\/www.remonen.fi\/WP\/blogi\/lux-helsinki-2014-otto-2-tulimyrsky\/#breadcrumb\"},\"inLanguage\":\"fi\",\"potentialAction\":[{\"@type\":\"ReadAction\",\"target\":[\"https:\/\/www.remonen.fi\/WP\/blogi\/lux-helsinki-2014-otto-2-tulimyrsky\/\"]}]},{\"@type\":\"ImageObject\",\"inLanguage\":\"fi\",\"@id\":\"https:\/\/www.remonen.fi\/WP\/blogi\/lux-helsinki-2014-otto-2-tulimyrsky\/#primaryimage\",\"url\":\"https:\/\/www.remonen.fi\/WP\/wp-content\/uploads\/2014\/01\/LUX_Helsinki_14-6.jpg\",\"contentUrl\":\"https:\/\/www.remonen.fi\/WP\/wp-content\/uploads\/2014\/01\/LUX_Helsinki_14-6.jpg\",\"width\":800,\"height\":534},{\"@type\":\"BreadcrumbList\",\"@id\":\"https:\/\/www.remonen.fi\/WP\/blogi\/lux-helsinki-2014-otto-2-tulimyrsky\/#breadcrumb\",\"itemListElement\":[{\"@type\":\"ListItem\",\"position\":1,\"name\":\"Etusivu\",\"item\":\"https:\/\/www.remonen.fi\/WP\/\"},{\"@type\":\"ListItem\",\"position\":2,\"name\":\"LUX Helsinki 2014, otto 2: tulimyrsky\"}]},{\"@type\":\"WebSite\",\"@id\":\"https:\/\/www.remonen.fi\/WP\/#website\",\"url\":\"https:\/\/www.remonen.fi\/WP\/\",\"name\":\"remonen.fi\",\"description\":\"Valokuvia ja tarinaa laidasta laitaan\",\"publisher\":{\"@id\":\"https:\/\/www.remonen.fi\/WP\/#\/schema\/person\/1803c23d1d4f6722054eb2ac7f7a97cd\"},\"potentialAction\":[{\"@type\":\"SearchAction\",\"target\":{\"@type\":\"EntryPoint\",\"urlTemplate\":\"https:\/\/www.remonen.fi\/WP\/?s={search_term_string}\"},\"query-input\":{\"@type\":\"PropertyValueSpecification\",\"valueRequired\":true,\"valueName\":\"search_term_string\"}}],\"inLanguage\":\"fi\"},{\"@type\":[\"Person\",\"Organization\"],\"@id\":\"https:\/\/www.remonen.fi\/WP\/#\/schema\/person\/1803c23d1d4f6722054eb2ac7f7a97cd\",\"name\":\"Matti Remonen\",\"logo\":{\"@id\":\"https:\/\/www.remonen.fi\/WP\/#\/schema\/person\/image\/\"},\"url\":\"https:\/\/www.remonen.fi\/WP\/blogi\/author\/mre\/\"}]}<\/script>\n<!-- \/ Yoast SEO plugin. -->","yoast_head_json":{"title":"LUX Helsinki 2014, otto 2: tulimyrsky - gREat MOments NEver forgotteN","description":"Koitti sitten se \"seuraava p\u00e4iv\u00e4\", mutta ei dagen efter. Eli kuten olin edellisen\u00e4 iltana uhonnut, l\u00e4ksin uudestaan tutustumaan LUX Helsinki-tapahtumaan,","robots":{"index":"index","follow":"follow","max-snippet":"max-snippet:-1","max-image-preview":"max-image-preview:large","max-video-preview":"max-video-preview:-1"},"canonical":"https:\/\/www.remonen.fi\/WP\/blogi\/lux-helsinki-2014-otto-2-tulimyrsky\/","og_locale":"fi_FI","og_type":"article","og_title":"LUX Helsinki 2014, otto 2: tulimyrsky - gREat MOments NEver forgotteN","og_description":"Koitti sitten se \"seuraava p\u00e4iv\u00e4\", mutta ei dagen efter. Eli kuten olin edellisen\u00e4 iltana uhonnut, l\u00e4ksin uudestaan tutustumaan LUX Helsinki-tapahtumaan,","og_url":"https:\/\/www.remonen.fi\/WP\/blogi\/lux-helsinki-2014-otto-2-tulimyrsky\/","og_site_name":"remonen.fi","article_published_time":"2014-01-06T14:17:16+00:00","article_modified_time":"2014-01-11T11:52:27+00:00","og_image":[{"width":800,"height":534,"url":"https:\/\/www.remonen.fi\/WP\/wp-content\/uploads\/2014\/01\/LUX_Helsinki_14-6.jpg","type":"image\/jpeg"}],"author":"Matti Remonen","twitter_misc":{"Kirjoittanut":"Matti Remonen","Arvioitu lukuaika":"3 minuuttia"},"schema":{"@context":"https:\/\/schema.org","@graph":[{"@type":"Article","@id":"https:\/\/www.remonen.fi\/WP\/blogi\/lux-helsinki-2014-otto-2-tulimyrsky\/#article","isPartOf":{"@id":"https:\/\/www.remonen.fi\/WP\/blogi\/lux-helsinki-2014-otto-2-tulimyrsky\/"},"author":{"name":"Matti Remonen","@id":"https:\/\/www.remonen.fi\/WP\/#\/schema\/person\/1803c23d1d4f6722054eb2ac7f7a97cd"},"headline":"LUX Helsinki 2014, otto 2: tulimyrsky","datePublished":"2014-01-06T14:17:16+00:00","dateModified":"2014-01-11T11:52:27+00:00","mainEntityOfPage":{"@id":"https:\/\/www.remonen.fi\/WP\/blogi\/lux-helsinki-2014-otto-2-tulimyrsky\/"},"wordCount":564,"commentCount":0,"publisher":{"@id":"https:\/\/www.remonen.fi\/WP\/#\/schema\/person\/1803c23d1d4f6722054eb2ac7f7a97cd"},"image":{"@id":"https:\/\/www.remonen.fi\/WP\/blogi\/lux-helsinki-2014-otto-2-tulimyrsky\/#primaryimage"},"thumbnailUrl":"https:\/\/www.remonen.fi\/WP\/wp-content\/uploads\/2014\/01\/LUX_Helsinki_14-6.jpg","keywords":["LUX Helsinki"],"articleSection":["Blog"],"inLanguage":"fi","potentialAction":[{"@type":"CommentAction","name":"Comment","target":["https:\/\/www.remonen.fi\/WP\/blogi\/lux-helsinki-2014-otto-2-tulimyrsky\/#respond"]}]},{"@type":"WebPage","@id":"https:\/\/www.remonen.fi\/WP\/blogi\/lux-helsinki-2014-otto-2-tulimyrsky\/","url":"https:\/\/www.remonen.fi\/WP\/blogi\/lux-helsinki-2014-otto-2-tulimyrsky\/","name":"LUX Helsinki 2014, otto 2: tulimyrsky - gREat MOments NEver forgotteN","isPartOf":{"@id":"https:\/\/www.remonen.fi\/WP\/#website"},"primaryImageOfPage":{"@id":"https:\/\/www.remonen.fi\/WP\/blogi\/lux-helsinki-2014-otto-2-tulimyrsky\/#primaryimage"},"image":{"@id":"https:\/\/www.remonen.fi\/WP\/blogi\/lux-helsinki-2014-otto-2-tulimyrsky\/#primaryimage"},"thumbnailUrl":"https:\/\/www.remonen.fi\/WP\/wp-content\/uploads\/2014\/01\/LUX_Helsinki_14-6.jpg","datePublished":"2014-01-06T14:17:16+00:00","dateModified":"2014-01-11T11:52:27+00:00","description":"Koitti sitten se \"seuraava p\u00e4iv\u00e4\", mutta ei dagen efter. Eli kuten olin edellisen\u00e4 iltana uhonnut, l\u00e4ksin uudestaan tutustumaan LUX Helsinki-tapahtumaan,","breadcrumb":{"@id":"https:\/\/www.remonen.fi\/WP\/blogi\/lux-helsinki-2014-otto-2-tulimyrsky\/#breadcrumb"},"inLanguage":"fi","potentialAction":[{"@type":"ReadAction","target":["https:\/\/www.remonen.fi\/WP\/blogi\/lux-helsinki-2014-otto-2-tulimyrsky\/"]}]},{"@type":"ImageObject","inLanguage":"fi","@id":"https:\/\/www.remonen.fi\/WP\/blogi\/lux-helsinki-2014-otto-2-tulimyrsky\/#primaryimage","url":"https:\/\/www.remonen.fi\/WP\/wp-content\/uploads\/2014\/01\/LUX_Helsinki_14-6.jpg","contentUrl":"https:\/\/www.remonen.fi\/WP\/wp-content\/uploads\/2014\/01\/LUX_Helsinki_14-6.jpg","width":800,"height":534},{"@type":"BreadcrumbList","@id":"https:\/\/www.remonen.fi\/WP\/blogi\/lux-helsinki-2014-otto-2-tulimyrsky\/#breadcrumb","itemListElement":[{"@type":"ListItem","position":1,"name":"Etusivu","item":"https:\/\/www.remonen.fi\/WP\/"},{"@type":"ListItem","position":2,"name":"LUX Helsinki 2014, otto 2: tulimyrsky"}]},{"@type":"WebSite","@id":"https:\/\/www.remonen.fi\/WP\/#website","url":"https:\/\/www.remonen.fi\/WP\/","name":"remonen.fi","description":"Valokuvia ja tarinaa laidasta laitaan","publisher":{"@id":"https:\/\/www.remonen.fi\/WP\/#\/schema\/person\/1803c23d1d4f6722054eb2ac7f7a97cd"},"potentialAction":[{"@type":"SearchAction","target":{"@type":"EntryPoint","urlTemplate":"https:\/\/www.remonen.fi\/WP\/?s={search_term_string}"},"query-input":{"@type":"PropertyValueSpecification","valueRequired":true,"valueName":"search_term_string"}}],"inLanguage":"fi"},{"@type":["Person","Organization"],"@id":"https:\/\/www.remonen.fi\/WP\/#\/schema\/person\/1803c23d1d4f6722054eb2ac7f7a97cd","name":"Matti Remonen","logo":{"@id":"https:\/\/www.remonen.fi\/WP\/#\/schema\/person\/image\/"},"url":"https:\/\/www.remonen.fi\/WP\/blogi\/author\/mre\/"}]}},"_links":{"self":[{"href":"https:\/\/www.remonen.fi\/WP\/wp-json\/wp\/v2\/posts\/3464"}],"collection":[{"href":"https:\/\/www.remonen.fi\/WP\/wp-json\/wp\/v2\/posts"}],"about":[{"href":"https:\/\/www.remonen.fi\/WP\/wp-json\/wp\/v2\/types\/post"}],"author":[{"embeddable":true,"href":"https:\/\/www.remonen.fi\/WP\/wp-json\/wp\/v2\/users\/2"}],"replies":[{"embeddable":true,"href":"https:\/\/www.remonen.fi\/WP\/wp-json\/wp\/v2\/comments?post=3464"}],"version-history":[{"count":0,"href":"https:\/\/www.remonen.fi\/WP\/wp-json\/wp\/v2\/posts\/3464\/revisions"}],"wp:featuredmedia":[{"embeddable":true,"href":"https:\/\/www.remonen.fi\/WP\/wp-json\/wp\/v2\/media\/3474"}],"wp:attachment":[{"href":"https:\/\/www.remonen.fi\/WP\/wp-json\/wp\/v2\/media?parent=3464"}],"wp:term":[{"taxonomy":"category","embeddable":true,"href":"https:\/\/www.remonen.fi\/WP\/wp-json\/wp\/v2\/categories?post=3464"},{"taxonomy":"post_tag","embeddable":true,"href":"https:\/\/www.remonen.fi\/WP\/wp-json\/wp\/v2\/tags?post=3464"}],"curies":[{"name":"wp","href":"https:\/\/api.w.org\/{rel}","templated":true}]}}