{"id":3542,"date":"2014-01-14T19:09:46","date_gmt":"2014-01-14T17:09:46","guid":{"rendered":"http:\/\/www.remonen.fi\/?p=3542"},"modified":"2014-01-14T19:09:46","modified_gmt":"2014-01-14T17:09:46","slug":"nice-jaata-nakyvissa","status":"publish","type":"post","link":"https:\/\/www.remonen.fi\/WP\/blogi\/nice-jaata-nakyvissa\/","title":{"rendered":"(n)Ice &#8211; J\u00e4\u00e4t\u00e4 n\u00e4kyviss\u00e4"},"content":{"rendered":"<p><a href=\"http:\/\/www.remonen.fi\/WP\/wp-content\/uploads\/2014\/01\/Kallvik_tammi14-2.jpg\"><img loading=\"lazy\" decoding=\"async\" class=\"alignright size-medium wp-image-3543\" alt=\"Kallvik_tammi14-2\" src=\"http:\/\/www.remonen.fi\/WP\/wp-content\/uploads\/2014\/01\/Kallvik_tammi14-2-200x300.jpg\" width=\"200\" height=\"300\" srcset=\"https:\/\/www.remonen.fi\/WP\/wp-content\/uploads\/2014\/01\/Kallvik_tammi14-2-200x300.jpg 200w, https:\/\/www.remonen.fi\/WP\/wp-content\/uploads\/2014\/01\/Kallvik_tammi14-2.jpg 534w\" sizes=\"(max-width: 200px) 100vw, 200px\" \/><\/a>Talvi sitten saapui t\u00e4nne etel\u00e4\u00e4nkin. Ja heti aika voimalla: kun joulukuun vesisateista ja Uudesta Vuodesta oli p\u00e4\u00e4sty, t\u00e4nne r\u00e4m\u00e4hti oikein kunnon pakkaset: mittari painui parissa vuorokaudessa jostain +7-asteesta tuonne -15 -asteeseen. No, seh\u00e4n on mit\u00e4 parhain aika kuvata. Varsinkin, jos haluaa ilment\u00e4\u00e4 pakkasta ja sen purevuutta.<\/p>\n<p>Sanoista tekoihin, kamera olalle ja Kallvikiin katsomaan mit\u00e4 sielt\u00e4 l\u00f6ytyy. Viimeeksi k\u00e4vin Kallvikissa <a title=\"Karkkip\u00e4iv\u00e4\" href=\"http:\/\/www.remonen.fi\/photoblog\/karkkipaiva\/\" target=\"_blank\">kuvaamassa aamuaurinkoa marraskuussa<\/a>. Silloin meri oli t\u00e4ysin auki ja j\u00e4\u00e4t\u00f6n. Nyt rannat olivat jo alkaneet j\u00e4\u00e4ty\u00e4, mutta ulappa oli viel\u00e4 j\u00e4\u00e4t\u00f6n. Joka siis -15 -asteen pakkasessa tarkoitti melkoisen rankkaa merisavua. Se yhdistettyn\u00e4 aurongonnousuun loi ihan mukavat puitteet kuvaukselle. Ainoa ongelma oli, ett\u00e4 n\u00e4pit j\u00e4\u00e4tyiv\u00e4t melko nopeasti niin, ett\u00e4 kameran k\u00e4sittely alkoi olemaan hankalaa. Mutta mit\u00e4 sit\u00e4 ei kuvien eteen tekisi&#8230;<\/p>\n<p style=\"text-align: left;\"><a href=\"http:\/\/www.remonen.fi\/WP\/wp-content\/uploads\/2014\/01\/Kallvik_tammi14-3.jpg\"><img loading=\"lazy\" decoding=\"async\" class=\"wp-image-3546 aligncenter\" alt=\"Kallvik_tammi14-3\" src=\"http:\/\/www.remonen.fi\/WP\/wp-content\/uploads\/2014\/01\/Kallvik_tammi14-3.jpg\" width=\"640\" height=\"427\" srcset=\"https:\/\/www.remonen.fi\/WP\/wp-content\/uploads\/2014\/01\/Kallvik_tammi14-3.jpg 800w, https:\/\/www.remonen.fi\/WP\/wp-content\/uploads\/2014\/01\/Kallvik_tammi14-3-300x200.jpg 300w\" sizes=\"(max-width: 640px) 100vw, 640px\" \/><\/a><\/p>\n<table border=\"0\" align=\"center\">\n<tbody>\n<tr>\n<td><a href=\"http:\/\/www.remonen.fi\/WP\/wp-content\/uploads\/2014\/01\/Kallvik_tammi14-4.jpg\"><img loading=\"lazy\" decoding=\"async\" class=\"size-medium wp-image-3544 alignnone\" alt=\"Kallvik_tammi14-4\" src=\"http:\/\/www.remonen.fi\/WP\/wp-content\/uploads\/2014\/01\/Kallvik_tammi14-4-200x300.jpg\" width=\"200\" height=\"300\" srcset=\"https:\/\/www.remonen.fi\/WP\/wp-content\/uploads\/2014\/01\/Kallvik_tammi14-4-200x300.jpg 200w, https:\/\/www.remonen.fi\/WP\/wp-content\/uploads\/2014\/01\/Kallvik_tammi14-4.jpg 534w\" sizes=\"(max-width: 200px) 100vw, 200px\" \/><\/a><\/td>\n<td><a href=\"http:\/\/www.remonen.fi\/WP\/wp-content\/uploads\/2014\/01\/Kallvik_tammi14.jpg\"><img loading=\"lazy\" decoding=\"async\" class=\"size-medium wp-image-3545 alignnone\" alt=\"Kallvik_tammi14\" src=\"http:\/\/www.remonen.fi\/WP\/wp-content\/uploads\/2014\/01\/Kallvik_tammi14-300x200.jpg\" width=\"300\" height=\"200\" srcset=\"https:\/\/www.remonen.fi\/WP\/wp-content\/uploads\/2014\/01\/Kallvik_tammi14-300x200.jpg 300w, https:\/\/www.remonen.fi\/WP\/wp-content\/uploads\/2014\/01\/Kallvik_tammi14.jpg 800w\" sizes=\"(max-width: 300px) 100vw, 300px\" \/><\/a><\/td>\n<\/tr>\n<\/tbody>\n<\/table>\n<p style=\"text-align: left;\">Siin\u00e4 kuvatessa havaitsin, kun j\u00e4\u00e4t\u00e4 pitkin taapersi joutsen. Ilmeisesti kes\u00e4n poikasia. Sen liikkuminen oli tosi hankalaa, varsinkin kun j\u00e4\u00e4 petti alta aika-ajoin. Aikansa r\u00e4mmitty\u00e4nn se l\u00f6ysi pienen vapaan l\u00e4mp\u00e4reen ja j\u00e4i siihen lep\u00e4\u00e4m\u00e4\u00e4n p\u00e4\u00e4 siiven alla. Vaikka yritin l\u00e4hesty\u00e4 sit\u00e4 varovasti, nosti se kuitenkin p\u00e4\u00e4ns\u00e4 ja s\u00e4hisi minulle. Otin parit kuvat nopeasti ja poistuin paikalta. Kun katsoin taakseni, oli se taas laittanut p\u00e4\u00e4ns\u00e4 lepoon. Toivottavasti se selvi\u00e4\u00e4 t\u00e4st\u00e4 talvesta.<\/p>\n<p style=\"text-align: left;\">Pakkasta koki Nikon D800E, Nikkor AF-S 24-70\/2.8G ja Benron jalusta.<\/p>\n","protected":false},"excerpt":{"rendered":"<p>Talvi sitten saapui t\u00e4nne etel\u00e4\u00e4nkin. Ja heti aika voimalla: kun joulukuun vesisateista ja Uudesta Vuodesta oli p\u00e4\u00e4sty, t\u00e4nne r\u00e4m\u00e4hti oikein kunnon pakkaset: mittari painui parissa vuorokaudessa jostain +7-asteesta tuonne -15 -asteeseen. No, seh\u00e4n on mit\u00e4 parhain aika kuvata. Varsinkin, jos haluaa ilment\u00e4\u00e4 pakkasta ja sen purevuutta. Sanoista tekoihin, kamera olalle ja Kallvikiin katsomaan mit\u00e4 sielt\u00e4 [&hellip;]<\/p>\n","protected":false},"author":2,"featured_media":3545,"comment_status":"open","ping_status":"closed","sticky":false,"template":"","format":"standard","meta":{"footnotes":""},"categories":[16],"tags":[157,113,156],"yoast_head":"<!-- This site is optimized with the Yoast SEO plugin v24.5 - https:\/\/yoast.com\/wordpress\/plugins\/seo\/ -->\n<title>(n)Ice - J\u00e4\u00e4t\u00e4 n\u00e4kyviss\u00e4 - gREat MOments NEver forgotteN<\/title>\n<meta name=\"description\" content=\"Talvi sitten saapui t\u00e4nne etel\u00e4\u00e4nkin. Ja heti aika voimalla: kun joulukuun vesisateista ja Uudesta Vuodesta oli p\u00e4\u00e4sty, t\u00e4nne r\u00e4m\u00e4hti oikein kunnon ...\" \/>\n<meta name=\"robots\" content=\"index, follow, max-snippet:-1, max-image-preview:large, max-video-preview:-1\" \/>\n<link rel=\"canonical\" href=\"https:\/\/www.remonen.fi\/WP\/blogi\/nice-jaata-nakyvissa\/\" \/>\n<meta property=\"og:locale\" content=\"fi_FI\" \/>\n<meta property=\"og:type\" content=\"article\" \/>\n<meta property=\"og:title\" content=\"(n)Ice - J\u00e4\u00e4t\u00e4 n\u00e4kyviss\u00e4 - gREat MOments NEver forgotteN\" \/>\n<meta property=\"og:description\" content=\"Talvi sitten saapui t\u00e4nne etel\u00e4\u00e4nkin. Ja heti aika voimalla: kun joulukuun vesisateista ja Uudesta Vuodesta oli p\u00e4\u00e4sty, t\u00e4nne r\u00e4m\u00e4hti oikein kunnon ...\" \/>\n<meta property=\"og:url\" content=\"https:\/\/www.remonen.fi\/WP\/blogi\/nice-jaata-nakyvissa\/\" \/>\n<meta property=\"og:site_name\" content=\"remonen.fi\" \/>\n<meta property=\"article:published_time\" content=\"2014-01-14T17:09:46+00:00\" \/>\n<meta property=\"og:image\" content=\"https:\/\/www.remonen.fi\/WP\/wp-content\/uploads\/2014\/01\/Kallvik_tammi14.jpg\" \/>\n\t<meta property=\"og:image:width\" content=\"800\" \/>\n\t<meta property=\"og:image:height\" content=\"534\" \/>\n\t<meta property=\"og:image:type\" content=\"image\/jpeg\" \/>\n<meta name=\"author\" content=\"Matti Remonen\" \/>\n<meta name=\"twitter:label1\" content=\"Kirjoittanut\" \/>\n\t<meta name=\"twitter:data1\" content=\"Matti Remonen\" \/>\n\t<meta name=\"twitter:label2\" content=\"Arvioitu lukuaika\" \/>\n\t<meta name=\"twitter:data2\" content=\"1 minuutti\" \/>\n<script type=\"application\/ld+json\" class=\"yoast-schema-graph\">{\"@context\":\"https:\/\/schema.org\",\"@graph\":[{\"@type\":\"Article\",\"@id\":\"https:\/\/www.remonen.fi\/WP\/blogi\/nice-jaata-nakyvissa\/#article\",\"isPartOf\":{\"@id\":\"https:\/\/www.remonen.fi\/WP\/blogi\/nice-jaata-nakyvissa\/\"},\"author\":{\"name\":\"Matti Remonen\",\"@id\":\"https:\/\/www.remonen.fi\/WP\/#\/schema\/person\/1803c23d1d4f6722054eb2ac7f7a97cd\"},\"headline\":\"(n)Ice &#8211; J\u00e4\u00e4t\u00e4 n\u00e4kyviss\u00e4\",\"datePublished\":\"2014-01-14T17:09:46+00:00\",\"mainEntityOfPage\":{\"@id\":\"https:\/\/www.remonen.fi\/WP\/blogi\/nice-jaata-nakyvissa\/\"},\"wordCount\":241,\"commentCount\":0,\"publisher\":{\"@id\":\"https:\/\/www.remonen.fi\/WP\/#\/schema\/person\/1803c23d1d4f6722054eb2ac7f7a97cd\"},\"image\":{\"@id\":\"https:\/\/www.remonen.fi\/WP\/blogi\/nice-jaata-nakyvissa\/#primaryimage\"},\"thumbnailUrl\":\"https:\/\/www.remonen.fi\/WP\/wp-content\/uploads\/2014\/01\/Kallvik_tammi14.jpg\",\"keywords\":[\"Auringonnousu\",\"Kallvik\",\"Talvi\"],\"articleSection\":[\"Blog\"],\"inLanguage\":\"fi\",\"potentialAction\":[{\"@type\":\"CommentAction\",\"name\":\"Comment\",\"target\":[\"https:\/\/www.remonen.fi\/WP\/blogi\/nice-jaata-nakyvissa\/#respond\"]}]},{\"@type\":\"WebPage\",\"@id\":\"https:\/\/www.remonen.fi\/WP\/blogi\/nice-jaata-nakyvissa\/\",\"url\":\"https:\/\/www.remonen.fi\/WP\/blogi\/nice-jaata-nakyvissa\/\",\"name\":\"(n)Ice - J\u00e4\u00e4t\u00e4 n\u00e4kyviss\u00e4 - gREat MOments NEver forgotteN\",\"isPartOf\":{\"@id\":\"https:\/\/www.remonen.fi\/WP\/#website\"},\"primaryImageOfPage\":{\"@id\":\"https:\/\/www.remonen.fi\/WP\/blogi\/nice-jaata-nakyvissa\/#primaryimage\"},\"image\":{\"@id\":\"https:\/\/www.remonen.fi\/WP\/blogi\/nice-jaata-nakyvissa\/#primaryimage\"},\"thumbnailUrl\":\"https:\/\/www.remonen.fi\/WP\/wp-content\/uploads\/2014\/01\/Kallvik_tammi14.jpg\",\"datePublished\":\"2014-01-14T17:09:46+00:00\",\"description\":\"Talvi sitten saapui t\u00e4nne etel\u00e4\u00e4nkin. Ja heti aika voimalla: kun joulukuun vesisateista ja Uudesta Vuodesta oli p\u00e4\u00e4sty, t\u00e4nne r\u00e4m\u00e4hti oikein kunnon ...\",\"breadcrumb\":{\"@id\":\"https:\/\/www.remonen.fi\/WP\/blogi\/nice-jaata-nakyvissa\/#breadcrumb\"},\"inLanguage\":\"fi\",\"potentialAction\":[{\"@type\":\"ReadAction\",\"target\":[\"https:\/\/www.remonen.fi\/WP\/blogi\/nice-jaata-nakyvissa\/\"]}]},{\"@type\":\"ImageObject\",\"inLanguage\":\"fi\",\"@id\":\"https:\/\/www.remonen.fi\/WP\/blogi\/nice-jaata-nakyvissa\/#primaryimage\",\"url\":\"https:\/\/www.remonen.fi\/WP\/wp-content\/uploads\/2014\/01\/Kallvik_tammi14.jpg\",\"contentUrl\":\"https:\/\/www.remonen.fi\/WP\/wp-content\/uploads\/2014\/01\/Kallvik_tammi14.jpg\",\"width\":800,\"height\":534},{\"@type\":\"BreadcrumbList\",\"@id\":\"https:\/\/www.remonen.fi\/WP\/blogi\/nice-jaata-nakyvissa\/#breadcrumb\",\"itemListElement\":[{\"@type\":\"ListItem\",\"position\":1,\"name\":\"Etusivu\",\"item\":\"https:\/\/www.remonen.fi\/WP\/\"},{\"@type\":\"ListItem\",\"position\":2,\"name\":\"(n)Ice &#8211; J\u00e4\u00e4t\u00e4 n\u00e4kyviss\u00e4\"}]},{\"@type\":\"WebSite\",\"@id\":\"https:\/\/www.remonen.fi\/WP\/#website\",\"url\":\"https:\/\/www.remonen.fi\/WP\/\",\"name\":\"remonen.fi\",\"description\":\"Valokuvia ja tarinaa laidasta laitaan\",\"publisher\":{\"@id\":\"https:\/\/www.remonen.fi\/WP\/#\/schema\/person\/1803c23d1d4f6722054eb2ac7f7a97cd\"},\"potentialAction\":[{\"@type\":\"SearchAction\",\"target\":{\"@type\":\"EntryPoint\",\"urlTemplate\":\"https:\/\/www.remonen.fi\/WP\/?s={search_term_string}\"},\"query-input\":{\"@type\":\"PropertyValueSpecification\",\"valueRequired\":true,\"valueName\":\"search_term_string\"}}],\"inLanguage\":\"fi\"},{\"@type\":[\"Person\",\"Organization\"],\"@id\":\"https:\/\/www.remonen.fi\/WP\/#\/schema\/person\/1803c23d1d4f6722054eb2ac7f7a97cd\",\"name\":\"Matti Remonen\",\"logo\":{\"@id\":\"https:\/\/www.remonen.fi\/WP\/#\/schema\/person\/image\/\"},\"url\":\"https:\/\/www.remonen.fi\/WP\/blogi\/author\/mre\/\"}]}<\/script>\n<!-- \/ Yoast SEO plugin. -->","yoast_head_json":{"title":"(n)Ice - J\u00e4\u00e4t\u00e4 n\u00e4kyviss\u00e4 - gREat MOments NEver forgotteN","description":"Talvi sitten saapui t\u00e4nne etel\u00e4\u00e4nkin. Ja heti aika voimalla: kun joulukuun vesisateista ja Uudesta Vuodesta oli p\u00e4\u00e4sty, t\u00e4nne r\u00e4m\u00e4hti oikein kunnon ...","robots":{"index":"index","follow":"follow","max-snippet":"max-snippet:-1","max-image-preview":"max-image-preview:large","max-video-preview":"max-video-preview:-1"},"canonical":"https:\/\/www.remonen.fi\/WP\/blogi\/nice-jaata-nakyvissa\/","og_locale":"fi_FI","og_type":"article","og_title":"(n)Ice - J\u00e4\u00e4t\u00e4 n\u00e4kyviss\u00e4 - gREat MOments NEver forgotteN","og_description":"Talvi sitten saapui t\u00e4nne etel\u00e4\u00e4nkin. Ja heti aika voimalla: kun joulukuun vesisateista ja Uudesta Vuodesta oli p\u00e4\u00e4sty, t\u00e4nne r\u00e4m\u00e4hti oikein kunnon ...","og_url":"https:\/\/www.remonen.fi\/WP\/blogi\/nice-jaata-nakyvissa\/","og_site_name":"remonen.fi","article_published_time":"2014-01-14T17:09:46+00:00","og_image":[{"width":800,"height":534,"url":"https:\/\/www.remonen.fi\/WP\/wp-content\/uploads\/2014\/01\/Kallvik_tammi14.jpg","type":"image\/jpeg"}],"author":"Matti Remonen","twitter_misc":{"Kirjoittanut":"Matti Remonen","Arvioitu lukuaika":"1 minuutti"},"schema":{"@context":"https:\/\/schema.org","@graph":[{"@type":"Article","@id":"https:\/\/www.remonen.fi\/WP\/blogi\/nice-jaata-nakyvissa\/#article","isPartOf":{"@id":"https:\/\/www.remonen.fi\/WP\/blogi\/nice-jaata-nakyvissa\/"},"author":{"name":"Matti Remonen","@id":"https:\/\/www.remonen.fi\/WP\/#\/schema\/person\/1803c23d1d4f6722054eb2ac7f7a97cd"},"headline":"(n)Ice &#8211; J\u00e4\u00e4t\u00e4 n\u00e4kyviss\u00e4","datePublished":"2014-01-14T17:09:46+00:00","mainEntityOfPage":{"@id":"https:\/\/www.remonen.fi\/WP\/blogi\/nice-jaata-nakyvissa\/"},"wordCount":241,"commentCount":0,"publisher":{"@id":"https:\/\/www.remonen.fi\/WP\/#\/schema\/person\/1803c23d1d4f6722054eb2ac7f7a97cd"},"image":{"@id":"https:\/\/www.remonen.fi\/WP\/blogi\/nice-jaata-nakyvissa\/#primaryimage"},"thumbnailUrl":"https:\/\/www.remonen.fi\/WP\/wp-content\/uploads\/2014\/01\/Kallvik_tammi14.jpg","keywords":["Auringonnousu","Kallvik","Talvi"],"articleSection":["Blog"],"inLanguage":"fi","potentialAction":[{"@type":"CommentAction","name":"Comment","target":["https:\/\/www.remonen.fi\/WP\/blogi\/nice-jaata-nakyvissa\/#respond"]}]},{"@type":"WebPage","@id":"https:\/\/www.remonen.fi\/WP\/blogi\/nice-jaata-nakyvissa\/","url":"https:\/\/www.remonen.fi\/WP\/blogi\/nice-jaata-nakyvissa\/","name":"(n)Ice - J\u00e4\u00e4t\u00e4 n\u00e4kyviss\u00e4 - gREat MOments NEver forgotteN","isPartOf":{"@id":"https:\/\/www.remonen.fi\/WP\/#website"},"primaryImageOfPage":{"@id":"https:\/\/www.remonen.fi\/WP\/blogi\/nice-jaata-nakyvissa\/#primaryimage"},"image":{"@id":"https:\/\/www.remonen.fi\/WP\/blogi\/nice-jaata-nakyvissa\/#primaryimage"},"thumbnailUrl":"https:\/\/www.remonen.fi\/WP\/wp-content\/uploads\/2014\/01\/Kallvik_tammi14.jpg","datePublished":"2014-01-14T17:09:46+00:00","description":"Talvi sitten saapui t\u00e4nne etel\u00e4\u00e4nkin. Ja heti aika voimalla: kun joulukuun vesisateista ja Uudesta Vuodesta oli p\u00e4\u00e4sty, t\u00e4nne r\u00e4m\u00e4hti oikein kunnon ...","breadcrumb":{"@id":"https:\/\/www.remonen.fi\/WP\/blogi\/nice-jaata-nakyvissa\/#breadcrumb"},"inLanguage":"fi","potentialAction":[{"@type":"ReadAction","target":["https:\/\/www.remonen.fi\/WP\/blogi\/nice-jaata-nakyvissa\/"]}]},{"@type":"ImageObject","inLanguage":"fi","@id":"https:\/\/www.remonen.fi\/WP\/blogi\/nice-jaata-nakyvissa\/#primaryimage","url":"https:\/\/www.remonen.fi\/WP\/wp-content\/uploads\/2014\/01\/Kallvik_tammi14.jpg","contentUrl":"https:\/\/www.remonen.fi\/WP\/wp-content\/uploads\/2014\/01\/Kallvik_tammi14.jpg","width":800,"height":534},{"@type":"BreadcrumbList","@id":"https:\/\/www.remonen.fi\/WP\/blogi\/nice-jaata-nakyvissa\/#breadcrumb","itemListElement":[{"@type":"ListItem","position":1,"name":"Etusivu","item":"https:\/\/www.remonen.fi\/WP\/"},{"@type":"ListItem","position":2,"name":"(n)Ice &#8211; J\u00e4\u00e4t\u00e4 n\u00e4kyviss\u00e4"}]},{"@type":"WebSite","@id":"https:\/\/www.remonen.fi\/WP\/#website","url":"https:\/\/www.remonen.fi\/WP\/","name":"remonen.fi","description":"Valokuvia ja tarinaa laidasta laitaan","publisher":{"@id":"https:\/\/www.remonen.fi\/WP\/#\/schema\/person\/1803c23d1d4f6722054eb2ac7f7a97cd"},"potentialAction":[{"@type":"SearchAction","target":{"@type":"EntryPoint","urlTemplate":"https:\/\/www.remonen.fi\/WP\/?s={search_term_string}"},"query-input":{"@type":"PropertyValueSpecification","valueRequired":true,"valueName":"search_term_string"}}],"inLanguage":"fi"},{"@type":["Person","Organization"],"@id":"https:\/\/www.remonen.fi\/WP\/#\/schema\/person\/1803c23d1d4f6722054eb2ac7f7a97cd","name":"Matti Remonen","logo":{"@id":"https:\/\/www.remonen.fi\/WP\/#\/schema\/person\/image\/"},"url":"https:\/\/www.remonen.fi\/WP\/blogi\/author\/mre\/"}]}},"_links":{"self":[{"href":"https:\/\/www.remonen.fi\/WP\/wp-json\/wp\/v2\/posts\/3542"}],"collection":[{"href":"https:\/\/www.remonen.fi\/WP\/wp-json\/wp\/v2\/posts"}],"about":[{"href":"https:\/\/www.remonen.fi\/WP\/wp-json\/wp\/v2\/types\/post"}],"author":[{"embeddable":true,"href":"https:\/\/www.remonen.fi\/WP\/wp-json\/wp\/v2\/users\/2"}],"replies":[{"embeddable":true,"href":"https:\/\/www.remonen.fi\/WP\/wp-json\/wp\/v2\/comments?post=3542"}],"version-history":[{"count":0,"href":"https:\/\/www.remonen.fi\/WP\/wp-json\/wp\/v2\/posts\/3542\/revisions"}],"wp:featuredmedia":[{"embeddable":true,"href":"https:\/\/www.remonen.fi\/WP\/wp-json\/wp\/v2\/media\/3545"}],"wp:attachment":[{"href":"https:\/\/www.remonen.fi\/WP\/wp-json\/wp\/v2\/media?parent=3542"}],"wp:term":[{"taxonomy":"category","embeddable":true,"href":"https:\/\/www.remonen.fi\/WP\/wp-json\/wp\/v2\/categories?post=3542"},{"taxonomy":"post_tag","embeddable":true,"href":"https:\/\/www.remonen.fi\/WP\/wp-json\/wp\/v2\/tags?post=3542"}],"curies":[{"name":"wp","href":"https:\/\/api.w.org\/{rel}","templated":true}]}}