{"id":3555,"date":"2014-01-19T20:23:26","date_gmt":"2014-01-19T18:23:26","guid":{"rendered":"http:\/\/www.remonen.fi\/?p=3555"},"modified":"2014-01-19T20:23:26","modified_gmt":"2014-01-19T18:23:26","slug":"porvoo-mielessain","status":"publish","type":"post","link":"https:\/\/www.remonen.fi\/WP\/blogi\/porvoo-mielessain\/","title":{"rendered":"Porvoo mieless\u00e4in&#8230;"},"content":{"rendered":"<p style=\"text-align: center;\"><a href=\"http:\/\/www.remonen.fi\/WP\/wp-content\/uploads\/2014\/01\/Porvoo_14_tammi-2.jpg\"><img loading=\"lazy\" decoding=\"async\" class=\"aligncenter  wp-image-3559\" alt=\"Porvoo_14_tammi-2\" src=\"http:\/\/www.remonen.fi\/WP\/wp-content\/uploads\/2014\/01\/Porvoo_14_tammi-2.jpg\" width=\"640\" height=\"426\" srcset=\"https:\/\/www.remonen.fi\/WP\/wp-content\/uploads\/2014\/01\/Porvoo_14_tammi-2.jpg 800w, https:\/\/www.remonen.fi\/WP\/wp-content\/uploads\/2014\/01\/Porvoo_14_tammi-2-300x199.jpg 300w\" sizes=\"(max-width: 640px) 100vw, 640px\" \/><\/a><\/p>\n<p><a href=\"http:\/\/www.remonen.fi\/WP\/wp-content\/uploads\/2014\/01\/Porvoo_14_tammi-3.jpg\"><img loading=\"lazy\" decoding=\"async\" class=\"alignright size-medium wp-image-3558\" alt=\"Porvoo_14_tammi-3\" src=\"http:\/\/www.remonen.fi\/WP\/wp-content\/uploads\/2014\/01\/Porvoo_14_tammi-3-300x199.jpg\" width=\"300\" height=\"199\" srcset=\"https:\/\/www.remonen.fi\/WP\/wp-content\/uploads\/2014\/01\/Porvoo_14_tammi-3-300x199.jpg 300w, https:\/\/www.remonen.fi\/WP\/wp-content\/uploads\/2014\/01\/Porvoo_14_tammi-3.jpg 800w\" sizes=\"(max-width: 300px) 100vw, 300px\" \/><\/a>Mites se laulu &#8221;M\u00e4nts\u00e4l\u00e4 mieless\u00e4in&#8221; menik\u00e4\u00e4n. Eik\u00f6s se ollut jotenkin n\u00e4in: &#8221;Jos m\u00e4 l\u00e4hden t\u00e4\u00e4lt\u00e4 Lahteen, joudun M\u00e4nts\u00e4l\u00e4\u00e4n&#8230;&#8221;. No mulla k\u00e4vi v\u00e4h\u00e4n samalla tavalla: piti menn\u00e4 Em\u00e4saloon kokeilemaan IR-modattua NEXi\u00e4, mutta jouduinkin Porvooseen&#8230; Ainoa, mit\u00e4 voi syytt\u00e4\u00e4, on kuutamo. T\u00e4ysikuu paistoi niin vastustamattomasti, ett\u00e4 oli pakko ajaa ohi Em\u00e4salon liittym\u00e4n Porvoon vanhankaupungin edustalle ottamaan kuukuvia. No, pikkuhiljaa alan uskomaan, ett\u00e4 en osaa ottaa kuusta kuvaa, joten silt\u00e4kin osin homma meni ns. reisille. Mutta tulipahan taas k\u00e4yty\u00e4. Ja kyll\u00e4h\u00e4n se kuukin yhdest\u00e4 kuvasta pilkist\u00e4\u00e4&#8230;<\/p>\n<p>Pakkasessa paleli minun kanssani NEX6 + SEL1855 + Benro, josta alkaa tulla mun vakikaveri n\u00e4ille reissuille.<\/p>\n<table border=\"0\" align=\"center\">\n<tbody>\n<tr>\n<td><a href=\"http:\/\/www.remonen.fi\/WP\/wp-content\/uploads\/2014\/01\/Porvoo_14_tammi-5.jpg\"><img loading=\"lazy\" decoding=\"async\" class=\"alignnone size-medium wp-image-3560\" alt=\"Porvoo_14_tammi-5\" src=\"http:\/\/www.remonen.fi\/WP\/wp-content\/uploads\/2014\/01\/Porvoo_14_tammi-5-300x199.jpg\" width=\"300\" height=\"199\" srcset=\"https:\/\/www.remonen.fi\/WP\/wp-content\/uploads\/2014\/01\/Porvoo_14_tammi-5-300x199.jpg 300w, https:\/\/www.remonen.fi\/WP\/wp-content\/uploads\/2014\/01\/Porvoo_14_tammi-5.jpg 800w\" sizes=\"(max-width: 300px) 100vw, 300px\" \/><\/a><\/td>\n<td><a href=\"http:\/\/www.remonen.fi\/WP\/wp-content\/uploads\/2014\/01\/Porvoo_14_tammi.jpg\"><img loading=\"lazy\" decoding=\"async\" class=\"alignnone size-medium wp-image-3556\" alt=\"Porvoo_14_tammi\" src=\"http:\/\/www.remonen.fi\/WP\/wp-content\/uploads\/2014\/01\/Porvoo_14_tammi-300x199.jpg\" width=\"300\" height=\"199\" srcset=\"https:\/\/www.remonen.fi\/WP\/wp-content\/uploads\/2014\/01\/Porvoo_14_tammi-300x199.jpg 300w, https:\/\/www.remonen.fi\/WP\/wp-content\/uploads\/2014\/01\/Porvoo_14_tammi.jpg 800w\" sizes=\"(max-width: 300px) 100vw, 300px\" \/><\/a><\/td>\n<\/tr>\n<\/tbody>\n<\/table>\n","protected":false},"excerpt":{"rendered":"<p>Mites se laulu &#8221;M\u00e4nts\u00e4l\u00e4 mieless\u00e4in&#8221; menik\u00e4\u00e4n. Eik\u00f6s se ollut jotenkin n\u00e4in: &#8221;Jos m\u00e4 l\u00e4hden t\u00e4\u00e4lt\u00e4 Lahteen, joudun M\u00e4nts\u00e4l\u00e4\u00e4n&#8230;&#8221;. No mulla k\u00e4vi v\u00e4h\u00e4n samalla tavalla: piti menn\u00e4 Em\u00e4saloon kokeilemaan IR-modattua NEXi\u00e4, mutta jouduinkin Porvooseen&#8230; Ainoa, mit\u00e4 voi syytt\u00e4\u00e4, on kuutamo. T\u00e4ysikuu paistoi niin vastustamattomasti, ett\u00e4 oli pakko ajaa ohi Em\u00e4salon liittym\u00e4n Porvoon vanhankaupungin edustalle ottamaan kuukuvia. [&hellip;]<\/p>\n","protected":false},"author":2,"featured_media":3557,"comment_status":"open","ping_status":"closed","sticky":false,"template":"","format":"standard","meta":{"footnotes":""},"categories":[16],"tags":[62],"yoast_head":"<!-- This site is optimized with the Yoast SEO plugin v24.5 - https:\/\/yoast.com\/wordpress\/plugins\/seo\/ -->\n<title>Porvoo mieless\u00e4in... - gREat MOments NEver forgotteN<\/title>\n<meta name=\"robots\" content=\"index, follow, max-snippet:-1, max-image-preview:large, max-video-preview:-1\" \/>\n<link rel=\"canonical\" href=\"https:\/\/www.remonen.fi\/WP\/blogi\/porvoo-mielessain\/\" \/>\n<meta property=\"og:locale\" content=\"fi_FI\" \/>\n<meta property=\"og:type\" content=\"article\" \/>\n<meta property=\"og:title\" content=\"Porvoo mieless\u00e4in... - gREat MOments NEver forgotteN\" \/>\n<meta property=\"og:description\" content=\"Mites se laulu &#8221;M\u00e4nts\u00e4l\u00e4 mieless\u00e4in&#8221; menik\u00e4\u00e4n. Eik\u00f6s se ollut jotenkin n\u00e4in: &#8221;Jos m\u00e4 l\u00e4hden t\u00e4\u00e4lt\u00e4 Lahteen, joudun M\u00e4nts\u00e4l\u00e4\u00e4n&#8230;&#8221;. No mulla k\u00e4vi v\u00e4h\u00e4n samalla tavalla: piti menn\u00e4 Em\u00e4saloon kokeilemaan IR-modattua NEXi\u00e4, mutta jouduinkin Porvooseen&#8230; Ainoa, mit\u00e4 voi syytt\u00e4\u00e4, on kuutamo. T\u00e4ysikuu paistoi niin vastustamattomasti, ett\u00e4 oli pakko ajaa ohi Em\u00e4salon liittym\u00e4n Porvoon vanhankaupungin edustalle ottamaan kuukuvia. [&hellip;]\" \/>\n<meta property=\"og:url\" content=\"https:\/\/www.remonen.fi\/WP\/blogi\/porvoo-mielessain\/\" \/>\n<meta property=\"og:site_name\" content=\"remonen.fi\" \/>\n<meta property=\"article:published_time\" content=\"2014-01-19T18:23:26+00:00\" \/>\n<meta property=\"og:image\" content=\"https:\/\/www.remonen.fi\/WP\/wp-content\/uploads\/2014\/01\/Porvoo_14_tammi-4.jpg\" \/>\n\t<meta property=\"og:image:width\" content=\"800\" \/>\n\t<meta property=\"og:image:height\" content=\"338\" \/>\n\t<meta property=\"og:image:type\" content=\"image\/jpeg\" \/>\n<meta name=\"author\" content=\"Matti Remonen\" \/>\n<meta name=\"twitter:label1\" content=\"Kirjoittanut\" \/>\n\t<meta name=\"twitter:data1\" content=\"Matti Remonen\" \/>\n\t<meta name=\"twitter:label2\" content=\"Arvioitu lukuaika\" \/>\n\t<meta name=\"twitter:data2\" content=\"1 minuutti\" \/>\n<script type=\"application\/ld+json\" class=\"yoast-schema-graph\">{\"@context\":\"https:\/\/schema.org\",\"@graph\":[{\"@type\":\"Article\",\"@id\":\"https:\/\/www.remonen.fi\/WP\/blogi\/porvoo-mielessain\/#article\",\"isPartOf\":{\"@id\":\"https:\/\/www.remonen.fi\/WP\/blogi\/porvoo-mielessain\/\"},\"author\":{\"name\":\"Matti Remonen\",\"@id\":\"https:\/\/www.remonen.fi\/WP\/#\/schema\/person\/1803c23d1d4f6722054eb2ac7f7a97cd\"},\"headline\":\"Porvoo mieless\u00e4in&#8230;\",\"datePublished\":\"2014-01-19T18:23:26+00:00\",\"mainEntityOfPage\":{\"@id\":\"https:\/\/www.remonen.fi\/WP\/blogi\/porvoo-mielessain\/\"},\"wordCount\":123,\"commentCount\":0,\"publisher\":{\"@id\":\"https:\/\/www.remonen.fi\/WP\/#\/schema\/person\/1803c23d1d4f6722054eb2ac7f7a97cd\"},\"image\":{\"@id\":\"https:\/\/www.remonen.fi\/WP\/blogi\/porvoo-mielessain\/#primaryimage\"},\"thumbnailUrl\":\"https:\/\/www.remonen.fi\/WP\/wp-content\/uploads\/2014\/01\/Porvoo_14_tammi-4.jpg\",\"keywords\":[\"Porvoo\"],\"articleSection\":[\"Blog\"],\"inLanguage\":\"fi\",\"potentialAction\":[{\"@type\":\"CommentAction\",\"name\":\"Comment\",\"target\":[\"https:\/\/www.remonen.fi\/WP\/blogi\/porvoo-mielessain\/#respond\"]}]},{\"@type\":\"WebPage\",\"@id\":\"https:\/\/www.remonen.fi\/WP\/blogi\/porvoo-mielessain\/\",\"url\":\"https:\/\/www.remonen.fi\/WP\/blogi\/porvoo-mielessain\/\",\"name\":\"Porvoo mieless\u00e4in... - gREat MOments NEver forgotteN\",\"isPartOf\":{\"@id\":\"https:\/\/www.remonen.fi\/WP\/#website\"},\"primaryImageOfPage\":{\"@id\":\"https:\/\/www.remonen.fi\/WP\/blogi\/porvoo-mielessain\/#primaryimage\"},\"image\":{\"@id\":\"https:\/\/www.remonen.fi\/WP\/blogi\/porvoo-mielessain\/#primaryimage\"},\"thumbnailUrl\":\"https:\/\/www.remonen.fi\/WP\/wp-content\/uploads\/2014\/01\/Porvoo_14_tammi-4.jpg\",\"datePublished\":\"2014-01-19T18:23:26+00:00\",\"breadcrumb\":{\"@id\":\"https:\/\/www.remonen.fi\/WP\/blogi\/porvoo-mielessain\/#breadcrumb\"},\"inLanguage\":\"fi\",\"potentialAction\":[{\"@type\":\"ReadAction\",\"target\":[\"https:\/\/www.remonen.fi\/WP\/blogi\/porvoo-mielessain\/\"]}]},{\"@type\":\"ImageObject\",\"inLanguage\":\"fi\",\"@id\":\"https:\/\/www.remonen.fi\/WP\/blogi\/porvoo-mielessain\/#primaryimage\",\"url\":\"https:\/\/www.remonen.fi\/WP\/wp-content\/uploads\/2014\/01\/Porvoo_14_tammi-4.jpg\",\"contentUrl\":\"https:\/\/www.remonen.fi\/WP\/wp-content\/uploads\/2014\/01\/Porvoo_14_tammi-4.jpg\",\"width\":800,\"height\":338},{\"@type\":\"BreadcrumbList\",\"@id\":\"https:\/\/www.remonen.fi\/WP\/blogi\/porvoo-mielessain\/#breadcrumb\",\"itemListElement\":[{\"@type\":\"ListItem\",\"position\":1,\"name\":\"Etusivu\",\"item\":\"https:\/\/www.remonen.fi\/WP\/\"},{\"@type\":\"ListItem\",\"position\":2,\"name\":\"Porvoo mieless\u00e4in&#8230;\"}]},{\"@type\":\"WebSite\",\"@id\":\"https:\/\/www.remonen.fi\/WP\/#website\",\"url\":\"https:\/\/www.remonen.fi\/WP\/\",\"name\":\"remonen.fi\",\"description\":\"Valokuvia ja tarinaa laidasta laitaan\",\"publisher\":{\"@id\":\"https:\/\/www.remonen.fi\/WP\/#\/schema\/person\/1803c23d1d4f6722054eb2ac7f7a97cd\"},\"potentialAction\":[{\"@type\":\"SearchAction\",\"target\":{\"@type\":\"EntryPoint\",\"urlTemplate\":\"https:\/\/www.remonen.fi\/WP\/?s={search_term_string}\"},\"query-input\":{\"@type\":\"PropertyValueSpecification\",\"valueRequired\":true,\"valueName\":\"search_term_string\"}}],\"inLanguage\":\"fi\"},{\"@type\":[\"Person\",\"Organization\"],\"@id\":\"https:\/\/www.remonen.fi\/WP\/#\/schema\/person\/1803c23d1d4f6722054eb2ac7f7a97cd\",\"name\":\"Matti Remonen\",\"logo\":{\"@id\":\"https:\/\/www.remonen.fi\/WP\/#\/schema\/person\/image\/\"},\"url\":\"https:\/\/www.remonen.fi\/WP\/blogi\/author\/mre\/\"}]}<\/script>\n<!-- \/ Yoast SEO plugin. -->","yoast_head_json":{"title":"Porvoo mieless\u00e4in... - gREat MOments NEver forgotteN","robots":{"index":"index","follow":"follow","max-snippet":"max-snippet:-1","max-image-preview":"max-image-preview:large","max-video-preview":"max-video-preview:-1"},"canonical":"https:\/\/www.remonen.fi\/WP\/blogi\/porvoo-mielessain\/","og_locale":"fi_FI","og_type":"article","og_title":"Porvoo mieless\u00e4in... - gREat MOments NEver forgotteN","og_description":"Mites se laulu &#8221;M\u00e4nts\u00e4l\u00e4 mieless\u00e4in&#8221; menik\u00e4\u00e4n. Eik\u00f6s se ollut jotenkin n\u00e4in: &#8221;Jos m\u00e4 l\u00e4hden t\u00e4\u00e4lt\u00e4 Lahteen, joudun M\u00e4nts\u00e4l\u00e4\u00e4n&#8230;&#8221;. No mulla k\u00e4vi v\u00e4h\u00e4n samalla tavalla: piti menn\u00e4 Em\u00e4saloon kokeilemaan IR-modattua NEXi\u00e4, mutta jouduinkin Porvooseen&#8230; Ainoa, mit\u00e4 voi syytt\u00e4\u00e4, on kuutamo. T\u00e4ysikuu paistoi niin vastustamattomasti, ett\u00e4 oli pakko ajaa ohi Em\u00e4salon liittym\u00e4n Porvoon vanhankaupungin edustalle ottamaan kuukuvia. [&hellip;]","og_url":"https:\/\/www.remonen.fi\/WP\/blogi\/porvoo-mielessain\/","og_site_name":"remonen.fi","article_published_time":"2014-01-19T18:23:26+00:00","og_image":[{"width":800,"height":338,"url":"https:\/\/www.remonen.fi\/WP\/wp-content\/uploads\/2014\/01\/Porvoo_14_tammi-4.jpg","type":"image\/jpeg"}],"author":"Matti Remonen","twitter_misc":{"Kirjoittanut":"Matti Remonen","Arvioitu lukuaika":"1 minuutti"},"schema":{"@context":"https:\/\/schema.org","@graph":[{"@type":"Article","@id":"https:\/\/www.remonen.fi\/WP\/blogi\/porvoo-mielessain\/#article","isPartOf":{"@id":"https:\/\/www.remonen.fi\/WP\/blogi\/porvoo-mielessain\/"},"author":{"name":"Matti Remonen","@id":"https:\/\/www.remonen.fi\/WP\/#\/schema\/person\/1803c23d1d4f6722054eb2ac7f7a97cd"},"headline":"Porvoo mieless\u00e4in&#8230;","datePublished":"2014-01-19T18:23:26+00:00","mainEntityOfPage":{"@id":"https:\/\/www.remonen.fi\/WP\/blogi\/porvoo-mielessain\/"},"wordCount":123,"commentCount":0,"publisher":{"@id":"https:\/\/www.remonen.fi\/WP\/#\/schema\/person\/1803c23d1d4f6722054eb2ac7f7a97cd"},"image":{"@id":"https:\/\/www.remonen.fi\/WP\/blogi\/porvoo-mielessain\/#primaryimage"},"thumbnailUrl":"https:\/\/www.remonen.fi\/WP\/wp-content\/uploads\/2014\/01\/Porvoo_14_tammi-4.jpg","keywords":["Porvoo"],"articleSection":["Blog"],"inLanguage":"fi","potentialAction":[{"@type":"CommentAction","name":"Comment","target":["https:\/\/www.remonen.fi\/WP\/blogi\/porvoo-mielessain\/#respond"]}]},{"@type":"WebPage","@id":"https:\/\/www.remonen.fi\/WP\/blogi\/porvoo-mielessain\/","url":"https:\/\/www.remonen.fi\/WP\/blogi\/porvoo-mielessain\/","name":"Porvoo mieless\u00e4in... - gREat MOments NEver forgotteN","isPartOf":{"@id":"https:\/\/www.remonen.fi\/WP\/#website"},"primaryImageOfPage":{"@id":"https:\/\/www.remonen.fi\/WP\/blogi\/porvoo-mielessain\/#primaryimage"},"image":{"@id":"https:\/\/www.remonen.fi\/WP\/blogi\/porvoo-mielessain\/#primaryimage"},"thumbnailUrl":"https:\/\/www.remonen.fi\/WP\/wp-content\/uploads\/2014\/01\/Porvoo_14_tammi-4.jpg","datePublished":"2014-01-19T18:23:26+00:00","breadcrumb":{"@id":"https:\/\/www.remonen.fi\/WP\/blogi\/porvoo-mielessain\/#breadcrumb"},"inLanguage":"fi","potentialAction":[{"@type":"ReadAction","target":["https:\/\/www.remonen.fi\/WP\/blogi\/porvoo-mielessain\/"]}]},{"@type":"ImageObject","inLanguage":"fi","@id":"https:\/\/www.remonen.fi\/WP\/blogi\/porvoo-mielessain\/#primaryimage","url":"https:\/\/www.remonen.fi\/WP\/wp-content\/uploads\/2014\/01\/Porvoo_14_tammi-4.jpg","contentUrl":"https:\/\/www.remonen.fi\/WP\/wp-content\/uploads\/2014\/01\/Porvoo_14_tammi-4.jpg","width":800,"height":338},{"@type":"BreadcrumbList","@id":"https:\/\/www.remonen.fi\/WP\/blogi\/porvoo-mielessain\/#breadcrumb","itemListElement":[{"@type":"ListItem","position":1,"name":"Etusivu","item":"https:\/\/www.remonen.fi\/WP\/"},{"@type":"ListItem","position":2,"name":"Porvoo mieless\u00e4in&#8230;"}]},{"@type":"WebSite","@id":"https:\/\/www.remonen.fi\/WP\/#website","url":"https:\/\/www.remonen.fi\/WP\/","name":"remonen.fi","description":"Valokuvia ja tarinaa laidasta laitaan","publisher":{"@id":"https:\/\/www.remonen.fi\/WP\/#\/schema\/person\/1803c23d1d4f6722054eb2ac7f7a97cd"},"potentialAction":[{"@type":"SearchAction","target":{"@type":"EntryPoint","urlTemplate":"https:\/\/www.remonen.fi\/WP\/?s={search_term_string}"},"query-input":{"@type":"PropertyValueSpecification","valueRequired":true,"valueName":"search_term_string"}}],"inLanguage":"fi"},{"@type":["Person","Organization"],"@id":"https:\/\/www.remonen.fi\/WP\/#\/schema\/person\/1803c23d1d4f6722054eb2ac7f7a97cd","name":"Matti Remonen","logo":{"@id":"https:\/\/www.remonen.fi\/WP\/#\/schema\/person\/image\/"},"url":"https:\/\/www.remonen.fi\/WP\/blogi\/author\/mre\/"}]}},"_links":{"self":[{"href":"https:\/\/www.remonen.fi\/WP\/wp-json\/wp\/v2\/posts\/3555"}],"collection":[{"href":"https:\/\/www.remonen.fi\/WP\/wp-json\/wp\/v2\/posts"}],"about":[{"href":"https:\/\/www.remonen.fi\/WP\/wp-json\/wp\/v2\/types\/post"}],"author":[{"embeddable":true,"href":"https:\/\/www.remonen.fi\/WP\/wp-json\/wp\/v2\/users\/2"}],"replies":[{"embeddable":true,"href":"https:\/\/www.remonen.fi\/WP\/wp-json\/wp\/v2\/comments?post=3555"}],"version-history":[{"count":0,"href":"https:\/\/www.remonen.fi\/WP\/wp-json\/wp\/v2\/posts\/3555\/revisions"}],"wp:featuredmedia":[{"embeddable":true,"href":"https:\/\/www.remonen.fi\/WP\/wp-json\/wp\/v2\/media\/3557"}],"wp:attachment":[{"href":"https:\/\/www.remonen.fi\/WP\/wp-json\/wp\/v2\/media?parent=3555"}],"wp:term":[{"taxonomy":"category","embeddable":true,"href":"https:\/\/www.remonen.fi\/WP\/wp-json\/wp\/v2\/categories?post=3555"},{"taxonomy":"post_tag","embeddable":true,"href":"https:\/\/www.remonen.fi\/WP\/wp-json\/wp\/v2\/tags?post=3555"}],"curies":[{"name":"wp","href":"https:\/\/api.w.org\/{rel}","templated":true}]}}