{"id":3567,"date":"2014-01-21T19:18:55","date_gmt":"2014-01-21T17:18:55","guid":{"rendered":"http:\/\/www.remonen.fi\/?p=3567"},"modified":"2014-01-21T19:28:36","modified_gmt":"2014-01-21T17:28:36","slug":"yksi-filmi-mustana-kiitos","status":"publish","type":"post","link":"https:\/\/www.remonen.fi\/WP\/blogi\/yksi-filmi-mustana-kiitos\/","title":{"rendered":"Yksi filmi mustana, kiitos."},"content":{"rendered":"<div id=\"attachment_3587\" style=\"width: 210px\" class=\"wp-caption alignright\"><a href=\"http:\/\/www.remonen.fi\/WP\/wp-content\/uploads\/2014\/01\/FilmNoir-3.jpg\"><img loading=\"lazy\" decoding=\"async\" aria-describedby=\"caption-attachment-3587\" class=\"size-medium wp-image-3587\" alt=\"FilmNoir-3\" src=\"http:\/\/www.remonen.fi\/WP\/wp-content\/uploads\/2014\/01\/FilmNoir-3-200x300.jpg\" width=\"200\" height=\"300\" srcset=\"https:\/\/www.remonen.fi\/WP\/wp-content\/uploads\/2014\/01\/FilmNoir-3-200x300.jpg 200w, https:\/\/www.remonen.fi\/WP\/wp-content\/uploads\/2014\/01\/FilmNoir-3.jpg 534w\" sizes=\"(max-width: 200px) 100vw, 200px\" \/><\/a><p id=\"caption-attachment-3587\" class=\"wp-caption-text\">Dramaattisia varjoja<\/p><\/div>\n<p>Viime viikonloppu meni valokuvauskurssin merkeiss\u00e4. T\u00e4st\u00e4 alkaa tulla oikeastaan jo tapa. Mulla meni nelisenkymment\u00e4 vuotta valokuvauksen saralla periaatteena, ett\u00e4 lahjattomat harjoittelee. Kunnes sitten 2013 marraskuussa osallistuin el\u00e4m\u00e4ni ensimm\u00e4iselle valokuvauskurssille, Sami Keron vet\u00e4m\u00e4lle <a title=\"Antakaa katua!\" href=\"http:\/\/www.remonen.fi\/photoblog\/antakaa-katua\/\">katukuvauskurssille Tallinnassa<\/a>. Heti tuon kurssin j\u00e4lkeen varasin uuden seuraavaksi (viime-) kes\u00e4ksi Saarenmaalle. Kurssinahan oli Lea K\u00f6min vet\u00e4m\u00e4 &#8221;<a title=\"Sulle salaisuuden kertoa m\u00e4 voisin\u2026\" href=\"http:\/\/www.remonen.fi\/photoblog\/kuressaar-2013\/\">Hyv\u00e4n kuvan salaisuus<\/a>&#8221;. N\u00e4iden kahden kurssin j\u00e4lkeen olen havainnut itsess\u00e4ni edes pienoista kehittymist\u00e4. Onko se sitten totuus vai omaa kuvittelua, niin v\u00e4li\u00e4k\u00f6 h\u00e4ll\u00e4. P\u00e4\u00e4asia, ett\u00e4 hauskaa riitt\u00e4\u00e4. No, jatkumona t\u00e4h\u00e4n ilmoittauduin ennen Joulua Lean vet\u00e4m\u00e4lle ty\u00f6v\u00e4enopiston &#8221;Dramaattisia varjoja&#8221;-viikonloppukurssille. Houkuttelin my\u00f6s tytt\u00e4reni mukaan. Houkutteluun liittyi olennaisena osana se, ett\u00e4 maksoin kurssin my\u00f6s h\u00e4nen puolestaan.<\/p>\n<p>No, meni miten meni, lauantai-aamuna suuntasimme Espooseen Ruusutorpan koululle katsomaan mit\u00e4 t\u00e4st\u00e4 kaikesta seuraa. Meit\u00e4 oli kurssille ilmoittautunut 12 henke\u00e4, tilaa olisi ollut viel\u00e4 muutamalle uskalikolle, mutta hyv\u00e4 n\u00e4inkin.<\/p>\n<div id=\"attachment_3585\" style=\"width: 650px\" class=\"wp-caption aligncenter\"><a href=\"http:\/\/www.remonen.fi\/WP\/wp-content\/uploads\/2014\/01\/FilmNoir-5.jpg\"><img loading=\"lazy\" decoding=\"async\" aria-describedby=\"caption-attachment-3585\" class=\" wp-image-3585\" alt=\"FilmNoir-5\" src=\"http:\/\/www.remonen.fi\/WP\/wp-content\/uploads\/2014\/01\/FilmNoir-5.jpg\" width=\"640\" height=\"426\" srcset=\"https:\/\/www.remonen.fi\/WP\/wp-content\/uploads\/2014\/01\/FilmNoir-5.jpg 800w, https:\/\/www.remonen.fi\/WP\/wp-content\/uploads\/2014\/01\/FilmNoir-5-300x199.jpg 300w\" sizes=\"(max-width: 640px) 100vw, 640px\" \/><\/a><p id=\"caption-attachment-3585\" class=\"wp-caption-text\">On rumaa pyllist\u00e4\u00e4, jos toiset tekee taidetta<\/p><\/div>\n<p>Lea otti homman haltuunsa taas heti alusta. Kurssin tarkoituksena oli k\u00e4ytt\u00e4\u00e4 varjoja valokuvan tehokeinona film noir-hengess\u00e4. Jaa siis mik\u00e4 film noir? No, seh\u00e4n on 40- ja 50- luvun elokuvan tyylisuunta, <em>&#8221;jolla kuvaillaan p\u00e4\u00e4asiassa kyynisi\u00e4 asenteita ja seksuaalisia motivaatioita sis\u00e4lt\u00e4vi\u00e4 Hollywoodin rikosdraamoja.&#8221; <\/em>N\u00e4in siis <a title=\"Film noir\" href=\"http:\/\/fi.wikipedia.org\/wiki\/Film_noir\" target=\"_blank\">Wikipedia <\/a>aiheesta. Seksuaalisuudesta tied\u00e4, mutta kyll\u00e4 mulla film noirista tulee mieleen Raymond Chandlerin Syv\u00e4 Uni romaani ja sen filmatisointi.<\/p>\n<div id=\"attachment_3582\" style=\"width: 310px\" class=\"wp-caption alignleft\"><a href=\"http:\/\/www.remonen.fi\/WP\/wp-content\/uploads\/2014\/01\/FilmNoir-8.jpg\"><img loading=\"lazy\" decoding=\"async\" aria-describedby=\"caption-attachment-3582\" class=\"size-medium wp-image-3582\" alt=\"FilmNoir-8\" src=\"http:\/\/www.remonen.fi\/WP\/wp-content\/uploads\/2014\/01\/FilmNoir-8-300x199.jpg\" width=\"300\" height=\"199\" srcset=\"https:\/\/www.remonen.fi\/WP\/wp-content\/uploads\/2014\/01\/FilmNoir-8-300x199.jpg 300w, https:\/\/www.remonen.fi\/WP\/wp-content\/uploads\/2014\/01\/FilmNoir-8.jpg 800w\" sizes=\"(max-width: 300px) 100vw, 300px\" \/><\/a><p id=\"caption-attachment-3582\" class=\"wp-caption-text\">Reima m\u00e4\u00e4r\u00e4\u00e4, Lea s\u00e4\u00e4t\u00e4\u00e4&#8230;<\/p><\/div>\n<p>Jaa, jaa&#8230; hieman taas harhauduttiin itse kurssista. Siis Lea otti homman haltuun ja ohjeisti meit\u00e4 kuvausteht\u00e4vien kanssa. Meid\u00e4n tuli kuvata &#8221;dramaattisia varjoja&#8221; sein\u00e4lle heijastettuna. Apuna meill\u00e4 oli tavalliset ty\u00f6maavalot ja kaikkien valojen \u00e4iti, aurinko, joka t\u00e4h\u00e4n aikaan vuodesta paistaa sopivan alhaalta. Toinen teht\u00e4v\u00e4 liittyi sitten tilan tuntuun ja esitt\u00e4miseen varjojen avulla.<\/p>\n<p>Kuten aiemminkin, mulla oli hieman ongelmia n\u00e4iden annettujen teht\u00e4vien kanssa. Olen parhaimmillani silloin kun vain haahuilen ymp\u00e4riins\u00e4, painelen kameran laukaisinta ja katson kotona mit\u00e4 tuli. No, ei se mit\u00e4\u00e4n. Kuvahan tulee, kun painaa nappia ja n\u00e4in teinkin uskollisesti. Kovin kehuivat. Mutta Lea onkin kiltti ihminen.<\/p>\n<div id=\"attachment_3579\" style=\"width: 650px\" class=\"wp-caption aligncenter\"><a href=\"http:\/\/www.remonen.fi\/WP\/wp-content\/uploads\/2014\/01\/FilmNoir-11.jpg\"><img loading=\"lazy\" decoding=\"async\" aria-describedby=\"caption-attachment-3579\" class=\" wp-image-3579\" alt=\"FilmNoir-11\" src=\"http:\/\/www.remonen.fi\/WP\/wp-content\/uploads\/2014\/01\/FilmNoir-11.jpg\" width=\"640\" height=\"426\" srcset=\"https:\/\/www.remonen.fi\/WP\/wp-content\/uploads\/2014\/01\/FilmNoir-11.jpg 800w, https:\/\/www.remonen.fi\/WP\/wp-content\/uploads\/2014\/01\/FilmNoir-11-300x199.jpg 300w\" sizes=\"(max-width: 640px) 100vw, 640px\" \/><\/a><p id=\"caption-attachment-3579\" class=\"wp-caption-text\">Joillain n\u00e4ytteleminen on vaan veriss\u00e4. Tai veriss\u00e4p\u00e4in.<\/p><\/div>\n<p>P\u00e4iv\u00e4n p\u00e4\u00e4tteeksi meille alustettiin seuraavan p\u00e4iv\u00e4n teht\u00e4v\u00e4, Grande Finale. Meid\u00e4n tulisi n\u00e4ytell\u00e4 ja tehd\u00e4 film noir-henkinen 6-20 kuvan sarja, joka kertoo tarinan. Meill\u00e4 oli viel\u00e4 juhlalliset 15 minuuttia aikaa tehd\u00e4 nopea kuvak\u00e4sikirjoitus jotta voisimme ottaa seuraavaksi p\u00e4iv\u00e4ksi tarvittavan rekvisiitan mukaan. Viidess\u00e4toista minuutissa saa uskomattoman paljon aikaan, kun vain asiaan ryhtyy. Ja suorituksen arvoa nosti se, ettei kukaan meid\u00e4n ryhm\u00e4st\u00e4 ollut mik\u00e4\u00e4n esitt\u00e4v\u00e4n taiteen maisteri. Saatikka ett\u00e4 olisimme tunteneet toisiamme. Tosin vahvasti ep\u00e4ilen, ett\u00e4 olen tavannut tytt\u00e4reni joskus&#8230; No, k\u00e4sis tuli valmiiksi ja ensimm\u00e4inen p\u00e4iv\u00e4 oli ns. pulkassa.<\/p>\n<div id=\"attachment_3581\" style=\"width: 210px\" class=\"wp-caption alignright\"><a href=\"http:\/\/www.remonen.fi\/WP\/wp-content\/uploads\/2014\/01\/FilmNoir-9.jpg\"><img loading=\"lazy\" decoding=\"async\" aria-describedby=\"caption-attachment-3581\" class=\"size-medium wp-image-3581 \" alt=\"FilmNoir-9\" src=\"http:\/\/www.remonen.fi\/WP\/wp-content\/uploads\/2014\/01\/FilmNoir-9-200x300.jpg\" width=\"200\" height=\"300\" srcset=\"https:\/\/www.remonen.fi\/WP\/wp-content\/uploads\/2014\/01\/FilmNoir-9-200x300.jpg 200w, https:\/\/www.remonen.fi\/WP\/wp-content\/uploads\/2014\/01\/FilmNoir-9.jpg 534w\" sizes=\"(max-width: 200px) 100vw, 200px\" \/><\/a><p id=\"caption-attachment-3581\" class=\"wp-caption-text\">Diva valmistautuu esitykseen<\/p><\/div>\n<p>Seuraavana p\u00e4iv\u00e4n\u00e4 palasimme rikospaikalle ja komisariokin tuli hetken odottelun j\u00e4lkeen tutkimaan tilannetta. Ensimm\u00e4inen homma oli ottaa kaikista ns. &#8221;posterikuvat&#8221; ja seuraavaksi p\u00e4\u00e4simme itse lopputy\u00f6n kimppuun. Meill\u00e4 oli ruhtinaalliset kaksi tuntia aikaa lavastaa, puvustaa, kuvata, valita kuvat, leikata, kaulita ja paistaa. No, ei nyt sent\u00e4\u00e4n kaulita ja paistaa, mutta kiirett\u00e4 oli. Onneksi meill\u00e4 oli ammattitaitoinen n\u00e4yttelij\u00e4kaarti ja tekniikka-osasto. Kuvaa syntyi kuin Aki Kaurism\u00e4ell\u00e4. Repliikitkin olivat yht\u00e4 sujuvia ja vitsit hauskoja. Vain Matti Pellonp\u00e4\u00e4 puuttui.<\/p>\n<p>Yleisest\u00e4 h\u00e4ss\u00e4k\u00e4st\u00e4 ja kokemuksen puutteesta &#8211; kenell\u00e4k\u00e4\u00e4n meill\u00e4 ei ollut aiempaa studio- tai valojenk\u00e4ytt\u00f6kokemusta &#8211; huolimatta tai juuri siit\u00e4 johtuen homma eteni juohevasti ja kuvaa saatiin aikaiseksi. Kameroitakin oli kuin Tuksun tupareilla, mutta koska kuvasimme mustavalkokuvaa, niin kameroiden erot eiv\u00e4t t\u00e4ll\u00e4 kertaa aiheuttaneet ongelmia. Itse en juuri kuvaamaan p\u00e4\u00e4ssyt, se on t\u00e4m\u00e4 esitt\u00e4v\u00e4n taiteilijan kirous: mua revit\u00e4\u00e4n ja kauhotaan joka suuntaan, voi mua ihmispoloa&#8230; Joten kiitokset kuvauksesta ja itse asiassa n\u00e4yttelemisest\u00e4kin menev\u00e4t loistavalle ryhm\u00e4lle. Ei t\u00e4st\u00e4 mulle tule kuin sivuosa-oscar.<\/p>\n<table border=\"0\" align=\"center\">\n<tbody>\n<tr>\n<td><a href=\"http:\/\/www.remonen.fi\/WP\/wp-content\/uploads\/2014\/01\/FilmNoir-12.jpg\"><img loading=\"lazy\" decoding=\"async\" class=\"alignnone size-thumbnail wp-image-3578\" alt=\"FilmNoir-12\" src=\"http:\/\/www.remonen.fi\/WP\/wp-content\/uploads\/2014\/01\/FilmNoir-12-150x150.jpg\" width=\"150\" height=\"150\" \/><\/a><\/td>\n<td><a href=\"http:\/\/www.remonen.fi\/WP\/wp-content\/uploads\/2014\/01\/FilmNoir-14.jpg\"><img loading=\"lazy\" decoding=\"async\" class=\"alignnone size-thumbnail wp-image-3576\" alt=\"FilmNoir-14\" src=\"http:\/\/www.remonen.fi\/WP\/wp-content\/uploads\/2014\/01\/FilmNoir-14-150x150.jpg\" width=\"150\" height=\"150\" \/><\/a><\/td>\n<td><a href=\"http:\/\/www.remonen.fi\/WP\/wp-content\/uploads\/2014\/01\/FilmNoir-10.jpg\"><img loading=\"lazy\" decoding=\"async\" class=\"alignnone size-thumbnail wp-image-3580\" alt=\"FilmNoir-10\" src=\"http:\/\/www.remonen.fi\/WP\/wp-content\/uploads\/2014\/01\/FilmNoir-10-150x150.jpg\" width=\"150\" height=\"150\" \/><\/a><\/td>\n<td><a href=\"http:\/\/www.remonen.fi\/WP\/wp-content\/uploads\/2014\/01\/FilmNoir-16.jpg\"><img loading=\"lazy\" decoding=\"async\" class=\"alignnone size-thumbnail wp-image-3574\" alt=\"FilmNoir-16\" src=\"http:\/\/www.remonen.fi\/WP\/wp-content\/uploads\/2014\/01\/FilmNoir-16-150x150.jpg\" width=\"150\" height=\"150\" \/><\/a><\/td>\n<\/tr>\n<tr>\n<td><a href=\"http:\/\/www.remonen.fi\/WP\/wp-content\/uploads\/2014\/01\/FilmNoir-17.jpg\"><img loading=\"lazy\" decoding=\"async\" class=\"alignnone size-thumbnail wp-image-3573\" alt=\"FilmNoir-17\" src=\"http:\/\/www.remonen.fi\/WP\/wp-content\/uploads\/2014\/01\/FilmNoir-17-150x150.jpg\" width=\"150\" height=\"150\" \/><\/a><\/td>\n<td><a href=\"http:\/\/www.remonen.fi\/WP\/wp-content\/uploads\/2014\/01\/FilmNoir-13.jpg\"><img loading=\"lazy\" decoding=\"async\" class=\"alignnone size-thumbnail wp-image-3577\" alt=\"FilmNoir-13\" src=\"http:\/\/www.remonen.fi\/WP\/wp-content\/uploads\/2014\/01\/FilmNoir-13-150x150.jpg\" width=\"150\" height=\"150\" \/><\/a><\/td>\n<td><a href=\"http:\/\/www.remonen.fi\/WP\/wp-content\/uploads\/2014\/01\/FilmNoir-19.jpg\"><img loading=\"lazy\" decoding=\"async\" class=\"alignnone size-thumbnail wp-image-3571\" alt=\"FilmNoir-19\" src=\"http:\/\/www.remonen.fi\/WP\/wp-content\/uploads\/2014\/01\/FilmNoir-19-150x150.jpg\" width=\"150\" height=\"150\" \/><\/a><\/td>\n<td><a href=\"http:\/\/www.remonen.fi\/WP\/wp-content\/uploads\/2014\/01\/FilmNoir-15.jpg\"><img loading=\"lazy\" decoding=\"async\" class=\"alignnone size-thumbnail wp-image-3575\" alt=\"FilmNoir-15\" src=\"http:\/\/www.remonen.fi\/WP\/wp-content\/uploads\/2014\/01\/FilmNoir-15-150x150.jpg\" width=\"150\" height=\"150\" \/><\/a><\/td>\n<\/tr>\n<\/tbody>\n<\/table>\n<p>Lopuksi sitten koostimme lukuisista kuvista juonellisen esityksen. Mielest\u00e4ni siit\u00e4 tuli hyv\u00e4, jollei suorastaan erinomainen. Mit\u00e4 mielt\u00e4 sin\u00e4 olet?<\/p>\n<p><iframe loading=\"lazy\" src=\"http:\/\/www.youtube.com\/embed\/JHlVP3BnHvc\" height=\"350\" width=\"425\" frameborder=\"0\"><\/iframe><\/p>\n<p>Koulun penkill\u00e4 viihtyiv\u00e4t Nikon D800E + Nikkor AF-S 24-70\/2.8G ja Making-of -kamerana Sony NEX6 + SEL24f18z<\/p>\n","protected":false},"excerpt":{"rendered":"<p>Viime viikonloppu meni valokuvauskurssin merkeiss\u00e4. T\u00e4st\u00e4 alkaa tulla oikeastaan jo tapa. Mulla meni nelisenkymment\u00e4 vuotta valokuvauksen saralla periaatteena, ett\u00e4 lahjattomat harjoittelee. Kunnes sitten 2013 marraskuussa osallistuin el\u00e4m\u00e4ni ensimm\u00e4iselle valokuvauskurssille, Sami Keron vet\u00e4m\u00e4lle katukuvauskurssille Tallinnassa. Heti tuon kurssin j\u00e4lkeen varasin uuden seuraavaksi (viime-) kes\u00e4ksi Saarenmaalle. Kurssinahan oli Lea K\u00f6min vet\u00e4m\u00e4 &#8221;Hyv\u00e4n kuvan salaisuus&#8221;. N\u00e4iden kahden kurssin [&hellip;]<\/p>\n","protected":false},"author":2,"featured_media":3579,"comment_status":"open","ping_status":"closed","sticky":false,"template":"","format":"standard","meta":{"footnotes":""},"categories":[16],"tags":[159,158,148],"yoast_head":"<!-- This site is optimized with the Yoast SEO plugin v24.5 - https:\/\/yoast.com\/wordpress\/plugins\/seo\/ -->\n<title>Yksi filmi mustana, kiitos - gREat MOments NEver forgotteN<\/title>\n<meta name=\"description\" content=\"Viime viikonloppu meni valokuvauskurssin merkeiss\u00e4. T\u00e4st\u00e4 alkaa tulla oikeastaan jo tapa. Mulla meni nelisenkymment\u00e4 vuotta valokuvauksen saralla\" \/>\n<meta name=\"robots\" content=\"index, follow, max-snippet:-1, max-image-preview:large, max-video-preview:-1\" \/>\n<link rel=\"canonical\" href=\"https:\/\/www.remonen.fi\/WP\/blogi\/yksi-filmi-mustana-kiitos\/\" \/>\n<meta property=\"og:locale\" content=\"fi_FI\" \/>\n<meta property=\"og:type\" content=\"article\" \/>\n<meta property=\"og:title\" content=\"Yksi filmi mustana, kiitos - gREat MOments NEver forgotteN\" \/>\n<meta property=\"og:description\" content=\"Viime viikonloppu meni valokuvauskurssin merkeiss\u00e4. T\u00e4st\u00e4 alkaa tulla oikeastaan jo tapa. Mulla meni nelisenkymment\u00e4 vuotta valokuvauksen saralla\" \/>\n<meta property=\"og:url\" content=\"https:\/\/www.remonen.fi\/WP\/blogi\/yksi-filmi-mustana-kiitos\/\" \/>\n<meta property=\"og:site_name\" content=\"remonen.fi\" \/>\n<meta property=\"article:published_time\" content=\"2014-01-21T17:18:55+00:00\" \/>\n<meta property=\"article:modified_time\" content=\"2014-01-21T17:28:36+00:00\" \/>\n<meta property=\"og:image\" content=\"https:\/\/www.remonen.fi\/WP\/wp-content\/uploads\/2014\/01\/FilmNoir-11.jpg\" \/>\n\t<meta property=\"og:image:width\" content=\"800\" \/>\n\t<meta property=\"og:image:height\" content=\"533\" \/>\n\t<meta property=\"og:image:type\" content=\"image\/jpeg\" \/>\n<meta name=\"author\" content=\"Matti Remonen\" \/>\n<meta name=\"twitter:label1\" content=\"Kirjoittanut\" \/>\n\t<meta name=\"twitter:data1\" content=\"Matti Remonen\" \/>\n\t<meta name=\"twitter:label2\" content=\"Arvioitu lukuaika\" \/>\n\t<meta name=\"twitter:data2\" content=\"4 minuuttia\" \/>\n<script type=\"application\/ld+json\" class=\"yoast-schema-graph\">{\"@context\":\"https:\/\/schema.org\",\"@graph\":[{\"@type\":\"Article\",\"@id\":\"https:\/\/www.remonen.fi\/WP\/blogi\/yksi-filmi-mustana-kiitos\/#article\",\"isPartOf\":{\"@id\":\"https:\/\/www.remonen.fi\/WP\/blogi\/yksi-filmi-mustana-kiitos\/\"},\"author\":{\"name\":\"Matti Remonen\",\"@id\":\"https:\/\/www.remonen.fi\/WP\/#\/schema\/person\/1803c23d1d4f6722054eb2ac7f7a97cd\"},\"headline\":\"Yksi filmi mustana, kiitos.\",\"datePublished\":\"2014-01-21T17:18:55+00:00\",\"dateModified\":\"2014-01-21T17:28:36+00:00\",\"mainEntityOfPage\":{\"@id\":\"https:\/\/www.remonen.fi\/WP\/blogi\/yksi-filmi-mustana-kiitos\/\"},\"wordCount\":732,\"commentCount\":0,\"publisher\":{\"@id\":\"https:\/\/www.remonen.fi\/WP\/#\/schema\/person\/1803c23d1d4f6722054eb2ac7f7a97cd\"},\"image\":{\"@id\":\"https:\/\/www.remonen.fi\/WP\/blogi\/yksi-filmi-mustana-kiitos\/#primaryimage\"},\"thumbnailUrl\":\"https:\/\/www.remonen.fi\/WP\/wp-content\/uploads\/2014\/01\/FilmNoir-11.jpg\",\"keywords\":[\"Film Noir\",\"Lea K\u00f6mi\",\"Valokuvauskurssi\"],\"articleSection\":[\"Blog\"],\"inLanguage\":\"fi\",\"potentialAction\":[{\"@type\":\"CommentAction\",\"name\":\"Comment\",\"target\":[\"https:\/\/www.remonen.fi\/WP\/blogi\/yksi-filmi-mustana-kiitos\/#respond\"]}]},{\"@type\":\"WebPage\",\"@id\":\"https:\/\/www.remonen.fi\/WP\/blogi\/yksi-filmi-mustana-kiitos\/\",\"url\":\"https:\/\/www.remonen.fi\/WP\/blogi\/yksi-filmi-mustana-kiitos\/\",\"name\":\"Yksi filmi mustana, kiitos - gREat MOments NEver forgotteN\",\"isPartOf\":{\"@id\":\"https:\/\/www.remonen.fi\/WP\/#website\"},\"primaryImageOfPage\":{\"@id\":\"https:\/\/www.remonen.fi\/WP\/blogi\/yksi-filmi-mustana-kiitos\/#primaryimage\"},\"image\":{\"@id\":\"https:\/\/www.remonen.fi\/WP\/blogi\/yksi-filmi-mustana-kiitos\/#primaryimage\"},\"thumbnailUrl\":\"https:\/\/www.remonen.fi\/WP\/wp-content\/uploads\/2014\/01\/FilmNoir-11.jpg\",\"datePublished\":\"2014-01-21T17:18:55+00:00\",\"dateModified\":\"2014-01-21T17:28:36+00:00\",\"description\":\"Viime viikonloppu meni valokuvauskurssin merkeiss\u00e4. T\u00e4st\u00e4 alkaa tulla oikeastaan jo tapa. Mulla meni nelisenkymment\u00e4 vuotta valokuvauksen saralla\",\"breadcrumb\":{\"@id\":\"https:\/\/www.remonen.fi\/WP\/blogi\/yksi-filmi-mustana-kiitos\/#breadcrumb\"},\"inLanguage\":\"fi\",\"potentialAction\":[{\"@type\":\"ReadAction\",\"target\":[\"https:\/\/www.remonen.fi\/WP\/blogi\/yksi-filmi-mustana-kiitos\/\"]}]},{\"@type\":\"ImageObject\",\"inLanguage\":\"fi\",\"@id\":\"https:\/\/www.remonen.fi\/WP\/blogi\/yksi-filmi-mustana-kiitos\/#primaryimage\",\"url\":\"https:\/\/www.remonen.fi\/WP\/wp-content\/uploads\/2014\/01\/FilmNoir-11.jpg\",\"contentUrl\":\"https:\/\/www.remonen.fi\/WP\/wp-content\/uploads\/2014\/01\/FilmNoir-11.jpg\",\"width\":800,\"height\":533},{\"@type\":\"BreadcrumbList\",\"@id\":\"https:\/\/www.remonen.fi\/WP\/blogi\/yksi-filmi-mustana-kiitos\/#breadcrumb\",\"itemListElement\":[{\"@type\":\"ListItem\",\"position\":1,\"name\":\"Etusivu\",\"item\":\"https:\/\/www.remonen.fi\/WP\/\"},{\"@type\":\"ListItem\",\"position\":2,\"name\":\"Yksi filmi mustana, kiitos.\"}]},{\"@type\":\"WebSite\",\"@id\":\"https:\/\/www.remonen.fi\/WP\/#website\",\"url\":\"https:\/\/www.remonen.fi\/WP\/\",\"name\":\"remonen.fi\",\"description\":\"Valokuvia ja tarinaa laidasta laitaan\",\"publisher\":{\"@id\":\"https:\/\/www.remonen.fi\/WP\/#\/schema\/person\/1803c23d1d4f6722054eb2ac7f7a97cd\"},\"potentialAction\":[{\"@type\":\"SearchAction\",\"target\":{\"@type\":\"EntryPoint\",\"urlTemplate\":\"https:\/\/www.remonen.fi\/WP\/?s={search_term_string}\"},\"query-input\":{\"@type\":\"PropertyValueSpecification\",\"valueRequired\":true,\"valueName\":\"search_term_string\"}}],\"inLanguage\":\"fi\"},{\"@type\":[\"Person\",\"Organization\"],\"@id\":\"https:\/\/www.remonen.fi\/WP\/#\/schema\/person\/1803c23d1d4f6722054eb2ac7f7a97cd\",\"name\":\"Matti Remonen\",\"logo\":{\"@id\":\"https:\/\/www.remonen.fi\/WP\/#\/schema\/person\/image\/\"},\"url\":\"https:\/\/www.remonen.fi\/WP\/blogi\/author\/mre\/\"}]}<\/script>\n<!-- \/ Yoast SEO plugin. -->","yoast_head_json":{"title":"Yksi filmi mustana, kiitos - gREat MOments NEver forgotteN","description":"Viime viikonloppu meni valokuvauskurssin merkeiss\u00e4. T\u00e4st\u00e4 alkaa tulla oikeastaan jo tapa. Mulla meni nelisenkymment\u00e4 vuotta valokuvauksen saralla","robots":{"index":"index","follow":"follow","max-snippet":"max-snippet:-1","max-image-preview":"max-image-preview:large","max-video-preview":"max-video-preview:-1"},"canonical":"https:\/\/www.remonen.fi\/WP\/blogi\/yksi-filmi-mustana-kiitos\/","og_locale":"fi_FI","og_type":"article","og_title":"Yksi filmi mustana, kiitos - gREat MOments NEver forgotteN","og_description":"Viime viikonloppu meni valokuvauskurssin merkeiss\u00e4. T\u00e4st\u00e4 alkaa tulla oikeastaan jo tapa. Mulla meni nelisenkymment\u00e4 vuotta valokuvauksen saralla","og_url":"https:\/\/www.remonen.fi\/WP\/blogi\/yksi-filmi-mustana-kiitos\/","og_site_name":"remonen.fi","article_published_time":"2014-01-21T17:18:55+00:00","article_modified_time":"2014-01-21T17:28:36+00:00","og_image":[{"width":800,"height":533,"url":"https:\/\/www.remonen.fi\/WP\/wp-content\/uploads\/2014\/01\/FilmNoir-11.jpg","type":"image\/jpeg"}],"author":"Matti Remonen","twitter_misc":{"Kirjoittanut":"Matti Remonen","Arvioitu lukuaika":"4 minuuttia"},"schema":{"@context":"https:\/\/schema.org","@graph":[{"@type":"Article","@id":"https:\/\/www.remonen.fi\/WP\/blogi\/yksi-filmi-mustana-kiitos\/#article","isPartOf":{"@id":"https:\/\/www.remonen.fi\/WP\/blogi\/yksi-filmi-mustana-kiitos\/"},"author":{"name":"Matti Remonen","@id":"https:\/\/www.remonen.fi\/WP\/#\/schema\/person\/1803c23d1d4f6722054eb2ac7f7a97cd"},"headline":"Yksi filmi mustana, kiitos.","datePublished":"2014-01-21T17:18:55+00:00","dateModified":"2014-01-21T17:28:36+00:00","mainEntityOfPage":{"@id":"https:\/\/www.remonen.fi\/WP\/blogi\/yksi-filmi-mustana-kiitos\/"},"wordCount":732,"commentCount":0,"publisher":{"@id":"https:\/\/www.remonen.fi\/WP\/#\/schema\/person\/1803c23d1d4f6722054eb2ac7f7a97cd"},"image":{"@id":"https:\/\/www.remonen.fi\/WP\/blogi\/yksi-filmi-mustana-kiitos\/#primaryimage"},"thumbnailUrl":"https:\/\/www.remonen.fi\/WP\/wp-content\/uploads\/2014\/01\/FilmNoir-11.jpg","keywords":["Film Noir","Lea K\u00f6mi","Valokuvauskurssi"],"articleSection":["Blog"],"inLanguage":"fi","potentialAction":[{"@type":"CommentAction","name":"Comment","target":["https:\/\/www.remonen.fi\/WP\/blogi\/yksi-filmi-mustana-kiitos\/#respond"]}]},{"@type":"WebPage","@id":"https:\/\/www.remonen.fi\/WP\/blogi\/yksi-filmi-mustana-kiitos\/","url":"https:\/\/www.remonen.fi\/WP\/blogi\/yksi-filmi-mustana-kiitos\/","name":"Yksi filmi mustana, kiitos - gREat MOments NEver forgotteN","isPartOf":{"@id":"https:\/\/www.remonen.fi\/WP\/#website"},"primaryImageOfPage":{"@id":"https:\/\/www.remonen.fi\/WP\/blogi\/yksi-filmi-mustana-kiitos\/#primaryimage"},"image":{"@id":"https:\/\/www.remonen.fi\/WP\/blogi\/yksi-filmi-mustana-kiitos\/#primaryimage"},"thumbnailUrl":"https:\/\/www.remonen.fi\/WP\/wp-content\/uploads\/2014\/01\/FilmNoir-11.jpg","datePublished":"2014-01-21T17:18:55+00:00","dateModified":"2014-01-21T17:28:36+00:00","description":"Viime viikonloppu meni valokuvauskurssin merkeiss\u00e4. T\u00e4st\u00e4 alkaa tulla oikeastaan jo tapa. Mulla meni nelisenkymment\u00e4 vuotta valokuvauksen saralla","breadcrumb":{"@id":"https:\/\/www.remonen.fi\/WP\/blogi\/yksi-filmi-mustana-kiitos\/#breadcrumb"},"inLanguage":"fi","potentialAction":[{"@type":"ReadAction","target":["https:\/\/www.remonen.fi\/WP\/blogi\/yksi-filmi-mustana-kiitos\/"]}]},{"@type":"ImageObject","inLanguage":"fi","@id":"https:\/\/www.remonen.fi\/WP\/blogi\/yksi-filmi-mustana-kiitos\/#primaryimage","url":"https:\/\/www.remonen.fi\/WP\/wp-content\/uploads\/2014\/01\/FilmNoir-11.jpg","contentUrl":"https:\/\/www.remonen.fi\/WP\/wp-content\/uploads\/2014\/01\/FilmNoir-11.jpg","width":800,"height":533},{"@type":"BreadcrumbList","@id":"https:\/\/www.remonen.fi\/WP\/blogi\/yksi-filmi-mustana-kiitos\/#breadcrumb","itemListElement":[{"@type":"ListItem","position":1,"name":"Etusivu","item":"https:\/\/www.remonen.fi\/WP\/"},{"@type":"ListItem","position":2,"name":"Yksi filmi mustana, kiitos."}]},{"@type":"WebSite","@id":"https:\/\/www.remonen.fi\/WP\/#website","url":"https:\/\/www.remonen.fi\/WP\/","name":"remonen.fi","description":"Valokuvia ja tarinaa laidasta laitaan","publisher":{"@id":"https:\/\/www.remonen.fi\/WP\/#\/schema\/person\/1803c23d1d4f6722054eb2ac7f7a97cd"},"potentialAction":[{"@type":"SearchAction","target":{"@type":"EntryPoint","urlTemplate":"https:\/\/www.remonen.fi\/WP\/?s={search_term_string}"},"query-input":{"@type":"PropertyValueSpecification","valueRequired":true,"valueName":"search_term_string"}}],"inLanguage":"fi"},{"@type":["Person","Organization"],"@id":"https:\/\/www.remonen.fi\/WP\/#\/schema\/person\/1803c23d1d4f6722054eb2ac7f7a97cd","name":"Matti Remonen","logo":{"@id":"https:\/\/www.remonen.fi\/WP\/#\/schema\/person\/image\/"},"url":"https:\/\/www.remonen.fi\/WP\/blogi\/author\/mre\/"}]}},"_links":{"self":[{"href":"https:\/\/www.remonen.fi\/WP\/wp-json\/wp\/v2\/posts\/3567"}],"collection":[{"href":"https:\/\/www.remonen.fi\/WP\/wp-json\/wp\/v2\/posts"}],"about":[{"href":"https:\/\/www.remonen.fi\/WP\/wp-json\/wp\/v2\/types\/post"}],"author":[{"embeddable":true,"href":"https:\/\/www.remonen.fi\/WP\/wp-json\/wp\/v2\/users\/2"}],"replies":[{"embeddable":true,"href":"https:\/\/www.remonen.fi\/WP\/wp-json\/wp\/v2\/comments?post=3567"}],"version-history":[{"count":0,"href":"https:\/\/www.remonen.fi\/WP\/wp-json\/wp\/v2\/posts\/3567\/revisions"}],"wp:featuredmedia":[{"embeddable":true,"href":"https:\/\/www.remonen.fi\/WP\/wp-json\/wp\/v2\/media\/3579"}],"wp:attachment":[{"href":"https:\/\/www.remonen.fi\/WP\/wp-json\/wp\/v2\/media?parent=3567"}],"wp:term":[{"taxonomy":"category","embeddable":true,"href":"https:\/\/www.remonen.fi\/WP\/wp-json\/wp\/v2\/categories?post=3567"},{"taxonomy":"post_tag","embeddable":true,"href":"https:\/\/www.remonen.fi\/WP\/wp-json\/wp\/v2\/tags?post=3567"}],"curies":[{"name":"wp","href":"https:\/\/api.w.org\/{rel}","templated":true}]}}