{"id":3631,"date":"2014-02-08T18:47:00","date_gmt":"2014-02-08T16:47:00","guid":{"rendered":"http:\/\/www.remonen.fi\/?p=3631"},"modified":"2015-09-23T10:17:30","modified_gmt":"2015-09-23T07:17:30","slug":"teknopornoa","status":"publish","type":"post","link":"https:\/\/www.remonen.fi\/WP\/blogi\/teknopornoa\/","title":{"rendered":"Teknopornoa&#8230;"},"content":{"rendered":"<p>Joo, t\u00e4m\u00e4 artikkeli ei k\u00e4sittele t\u00e4ll\u00e4 kertaa valokuvausta. Ei edes porno-sellaista, vaan t\u00e4ss\u00e4 k\u00e4yd\u00e4\u00e4n l\u00e4pi uuden valokuvien editointitietokoneen hankintaa ja kasausta.<\/p>\n<div id=\"attachment_3656\" style=\"width: 209px\" class=\"wp-caption alignright\"><a href=\"http:\/\/www.remonen.fi\/WP\/wp-content\/uploads\/2014\/02\/PC2014-3.jpg\"><img loading=\"lazy\" decoding=\"async\" aria-describedby=\"caption-attachment-3656\" class=\"size-medium wp-image-3656\" src=\"http:\/\/www.remonen.fi\/WP\/wp-content\/uploads\/2014\/02\/PC2014-3-199x300.jpg\" alt=\"PC2014-3\" width=\"199\" height=\"300\" srcset=\"https:\/\/www.remonen.fi\/WP\/wp-content\/uploads\/2014\/02\/PC2014-3-199x300.jpg 199w, https:\/\/www.remonen.fi\/WP\/wp-content\/uploads\/2014\/02\/PC2014-3.jpg 532w\" sizes=\"(max-width: 199px) 100vw, 199px\" \/><\/a><p id=\"caption-attachment-3656\" class=\"wp-caption-text\">Shhh&#8230;<\/p><\/div>\n<p>Juttuhan l\u00e4hti siit\u00e4, ett\u00e4 myin pois mulla olleen &#8221;safarilasin&#8221;, Nikkor AF-S 200-400\/4 G:n. Sen kanssa k\u00e4vi sill\u00e4 tavalla hauskasti, ett\u00e4 ei mun pit\u00e4nyt sit\u00e4 myyd\u00e4, mutta kun ostaja halusi. Toisaalta tuossa se oli hyllyss\u00e4 n\u00f6k\u00f6tt\u00e4nyt jo reilun vuoden k\u00e4yt\u00e4nn\u00f6ss\u00e4 k\u00e4ytt\u00e4m\u00e4tt\u00f6m\u00e4n\u00e4, joten mit\u00e4p\u00e4 sit\u00e4 siin\u00e4 en\u00e4\u00e4 s\u00e4ilytt\u00e4m\u00e4\u00e4n. Varsinkaan, kun ei nuo s\u00e4ilytt\u00e4misest\u00e4 parane. No, joka tapauksessa putki tuli myyty\u00e4 ja rahoille piti keksi\u00e4 joku j\u00e4rkev\u00e4 sijoituskohde. Mik\u00e4s sen j\u00e4rkev\u00e4mp\u00e4\u00e4, kuin sijoittaa rahat PC:hen. Siin\u00e4 se euro kasvaa ja komistuu&#8230;<\/p>\n<p>Tuumasta toimeen, totesi kaalimato kaverilleen. Tai jotain sinne p\u00e4in. Joka tapauksessa konetta piti alkaa speksaamaan. Ei mulla juuri ollut muuta kantavaa ajatusta, kuin ett\u00e4 koneesta piti tulla tehokas. Ja hiljainen. Ja muistia piti olla paljon. N\u00e4ill\u00e4 spekseill\u00e4 p\u00e4\u00e4dyin melko pian 6-ytimiseen <a title=\"Intel i7 4930K\" href=\"http:\/\/ark.intel.com\/products\/77780\" target=\"_blank\">Intelin i7 4930K<\/a> -prossuun, jossa jokainen ydin tikuttaa jo oletuksena 3.4 GHz taajuudella. Emoksi valikoitui <a title=\"Asus Rampage IV Black Edition\" href=\"http:\/\/www.asus.com\/Motherboards\/RAMPAGE_IV_BLACK_EDITION\/\" target=\"_blank\">Asuksen RAMPAGE IV Black Edition<\/a>-pelilauta, jossa ylikellottaminen on otettu huomioon jo suunnitteluvaiheessa. Lis\u00e4ksi emolla on yhteens\u00e4 8 paikkaa muistikammoille ja maksimi muistim\u00e4\u00e4r\u00e4 voi olla 64 GB. Itse tyydyin t\u00e4ll\u00e4 kertaa v\u00e4hemp\u00e4\u00e4n ja otin &#8221;vain&#8221; 4 kpl 8 GB kampoja.<\/p>\n<p><a href=\"http:\/\/www.remonen.fi\/WP\/wp-content\/uploads\/2014\/02\/PC2014-2.jpg\"><img loading=\"lazy\" decoding=\"async\" class=\"alignleft size-medium wp-image-3657\" src=\"http:\/\/www.remonen.fi\/WP\/wp-content\/uploads\/2014\/02\/PC2014-2-300x282.jpg\" alt=\"PC2014-2\" width=\"300\" height=\"282\" srcset=\"https:\/\/www.remonen.fi\/WP\/wp-content\/uploads\/2014\/02\/PC2014-2-300x282.jpg 300w, https:\/\/www.remonen.fi\/WP\/wp-content\/uploads\/2014\/02\/PC2014-2.jpg 800w\" sizes=\"(max-width: 300px) 100vw, 300px\" \/><\/a>Koska toinen suunnittelukriteeri oli hiljaisuus, niin muut komponentit sitten valittiinkin pitk\u00e4lti sen kriteerin perusteella. Prossuj\u00e4\u00e4hyksi tuli saksalaisen <a title=\"Be Quiet\" href=\"http:\/\/www.bequiet.com\/en\" target=\"_blank\">be quiet<\/a>&#8217;in Dark Pro 3 ja poweriksi saman firman Dark Power Pro. Viel\u00e4 kun datalevyt valittiin Western Digitalin Black-mallistosta, voidaan sanoa ett\u00e4 uuden koneen tulevaisuus alkoi n\u00e4ytt\u00e4m\u00e4\u00e4n kovin mustalta. Kokoonpanon t\u00e4ydensi viel\u00e4 OCZ:n kaksi SSD:t\u00e4, Asuksen Geforce GTX770 valmiiksi ylikellotettu n\u00e4yt\u00f6nohjain. Lopuksi kaikki tultaisiin paketoimaan saksalaisen <a title=\"Nanoxia\" href=\"http:\/\/www.nanoxia-world.com\/\" target=\"_blank\">Nanoxian<\/a> Deep Silence 2-koteloon. Mustaan, totta kai.<\/p>\n<p>Osista l\u00e4hti tilaus Saksaan (mulla on joku saksa-fiksaatio), mit\u00e4 nyt Jimm&#8217;s:ilt\u00e4 tuli parit WD:n levyt ja nippu laitetuulettimia. Ne tuota Nanoxian sarjaa PWM-ohjauksella. Tyyli ennen kaikkea.<\/p>\n<p>Osia odotellessa ehdin k\u00e4ym\u00e4\u00e4n Roihuvuoressa vanhoilla kotinurkilla nappasemassa Asuksen ulkoisen BD-polttimen ja <a title=\"Corsair Vengeage K70\" href=\"http:\/\/www.corsair.com\/k70\" target=\"_blank\">Corsairin K70<\/a>-pelin\u00e4pp\u00e4imist\u00f6n. N\u00e4ppiksi\u00e4 sitten lopuksi tulikin hankittua kaksi, kun ensimm\u00e4inen meni varastotappioina pojan koneeseen. En ehtinyt kun ovesta sis\u00e4\u00e4n, niin n\u00e4ppis h\u00e4ipyi alakertaan ja kohta sielt\u00e4 kuului sen maan vimmattu kolina. N\u00e4m\u00e4 pelin\u00e4ppikset ovat rakenteeltaan mekaanisia, joten niist\u00e4 l\u00e4htee kirjoitettaessa kotoinen lonksutus, kuten vanhoista IBM:n PS\/2-n\u00e4ppiksist\u00e4 ik\u00e4\u00e4n.<\/p>\n<div id=\"attachment_3652\" style=\"width: 209px\" class=\"wp-caption alignright\"><a href=\"http:\/\/www.remonen.fi\/WP\/wp-content\/uploads\/2014\/02\/PC2014-7.jpg\"><img loading=\"lazy\" decoding=\"async\" aria-describedby=\"caption-attachment-3652\" class=\"size-medium wp-image-3652\" src=\"http:\/\/www.remonen.fi\/WP\/wp-content\/uploads\/2014\/02\/PC2014-7-199x300.jpg\" alt=\"PC2014-7\" width=\"199\" height=\"300\" srcset=\"https:\/\/www.remonen.fi\/WP\/wp-content\/uploads\/2014\/02\/PC2014-7-199x300.jpg 199w, https:\/\/www.remonen.fi\/WP\/wp-content\/uploads\/2014\/02\/PC2014-7.jpg 532w\" sizes=\"(max-width: 199px) 100vw, 199px\" \/><\/a><p id=\"caption-attachment-3652\" class=\"wp-caption-text\">Kaikki inkkarit kanootissa?<\/p><\/div>\n<p>Osatkin saapuivat sitten vihdoin ja oli aika kokoamisen. Muuten homma meni kuin Str\u00f6ms\u00f6ss\u00e4, paitsi ett\u00e4 kahdesta muistikammasta piti j\u00e4\u00e4hdytysprofiilit irrottaa, jotta ne mahtuivat prosessorituulettimen alle. P\u00e4iv\u00e4n siin\u00e4 sai kuitenkin kulumaan, ennen kuin hankittu romul\u00e4j\u00e4 oli saatu kotelon sis\u00e4\u00e4n oikeaan j\u00e4rjestykseen. Siin\u00e4 vaiheessa kello oli jo niin paljon, ett\u00e4 p\u00e4\u00e4tin j\u00e4tt\u00e4\u00e4 ns. savujen oton seuraavaan p\u00e4iv\u00e4\u00e4n. Tiesin entuudesta, ett\u00e4 jos kone ei k\u00e4ynnistyisi, niin sitten sen kanssa istuttaisiin aamukolmeen. Ja siin\u00e4 vaiheessa ei ehk\u00e4 harkinta- ja ongelmanratkaisukyky ole parasta a-luokkaa.<\/p>\n<p>Seuraavana p\u00e4iv\u00e4n\u00e4, duunista tulon j\u00e4lkeen koitti se suuri hetki. Siirtyisik\u00f6 prosessori suoraan savun saattelemana ns. horisonttiin. Pikkuisen k\u00e4det hikosivat kun painoin virtakytkint\u00e4. No, kyll\u00e4h\u00e4n se nousi pystyyn heti kerrasta. Mit\u00e4 nyt yksi muistikampa oli huonosti kiinni samoin kuin yhden levyn SATA-liitinkin. Nuo kun korjattiin, niin kone oli p\u00e4\u00e4ll\u00e4 n\u00e4tisti ja niin kuin pitikin.<\/p>\n<table border=\"0\" align=\"center\">\n<tbody>\n<tr>\n<td><a href=\"http:\/\/www.remonen.fi\/WP\/wp-content\/uploads\/2014\/02\/PC2014-4.jpg\"><img loading=\"lazy\" decoding=\"async\" class=\"alignnone size-medium wp-image-3655\" src=\"http:\/\/www.remonen.fi\/WP\/wp-content\/uploads\/2014\/02\/PC2014-4-300x159.jpg\" alt=\"PC2014-4\" width=\"300\" height=\"159\" srcset=\"https:\/\/www.remonen.fi\/WP\/wp-content\/uploads\/2014\/02\/PC2014-4-300x159.jpg 300w, https:\/\/www.remonen.fi\/WP\/wp-content\/uploads\/2014\/02\/PC2014-4.jpg 800w\" sizes=\"(max-width: 300px) 100vw, 300px\" \/><\/a><\/td>\n<td><a href=\"http:\/\/www.remonen.fi\/WP\/wp-content\/uploads\/2014\/02\/PC2014-6.jpg\"><img loading=\"lazy\" decoding=\"async\" class=\"alignnone size-medium wp-image-3653\" src=\"http:\/\/www.remonen.fi\/WP\/wp-content\/uploads\/2014\/02\/PC2014-6-199x300.jpg\" alt=\"PC2014-6\" width=\"199\" height=\"300\" srcset=\"https:\/\/www.remonen.fi\/WP\/wp-content\/uploads\/2014\/02\/PC2014-6-199x300.jpg 199w, https:\/\/www.remonen.fi\/WP\/wp-content\/uploads\/2014\/02\/PC2014-6.jpg 532w\" sizes=\"(max-width: 199px) 100vw, 199px\" \/><\/a><\/td>\n<\/tr>\n<tr>\n<td><a href=\"http:\/\/www.remonen.fi\/WP\/wp-content\/uploads\/2014\/02\/PC2014-10.jpg\"><img loading=\"lazy\" decoding=\"async\" class=\"alignright size-medium wp-image-3649\" src=\"http:\/\/www.remonen.fi\/WP\/wp-content\/uploads\/2014\/02\/PC2014-10-199x300.jpg\" alt=\"PC2014-10\" width=\"199\" height=\"300\" srcset=\"https:\/\/www.remonen.fi\/WP\/wp-content\/uploads\/2014\/02\/PC2014-10-199x300.jpg 199w, https:\/\/www.remonen.fi\/WP\/wp-content\/uploads\/2014\/02\/PC2014-10.jpg 532w\" sizes=\"(max-width: 199px) 100vw, 199px\" \/><\/a><\/td>\n<td><a href=\"http:\/\/www.remonen.fi\/WP\/wp-content\/uploads\/2014\/02\/PC2014-8.jpg\"><img loading=\"lazy\" decoding=\"async\" class=\"alignnone size-medium wp-image-3651\" src=\"http:\/\/www.remonen.fi\/WP\/wp-content\/uploads\/2014\/02\/PC2014-8-300x199.jpg\" alt=\"PC2014-8\" width=\"300\" height=\"199\" srcset=\"https:\/\/www.remonen.fi\/WP\/wp-content\/uploads\/2014\/02\/PC2014-8-300x199.jpg 300w, https:\/\/www.remonen.fi\/WP\/wp-content\/uploads\/2014\/02\/PC2014-8.jpg 800w\" sizes=\"(max-width: 300px) 100vw, 300px\" \/><\/a><\/td>\n<\/tr>\n<\/tbody>\n<\/table>\n<p>Seuraavaksi sitten olikin vuorossa k\u00e4ytt\u00f6j\u00e4rjestelm\u00e4n asentaminen. Olin p\u00e4\u00e4tynyt pienen harkinnan j\u00e4lkeen Windows 8.1:een&#8230; jos t\u00e4t\u00e4 kuitenkin pit\u00e4\u00e4 muutaman vuoden, niin W7 on jo hieman vanha siin\u00e4 vaiheessa. Enk\u00e4 yleens\u00e4 ole n\u00e4ihin koneisiin k\u00e4yttiksi\u00e4 p\u00e4ivitellyt. Alkuj\u00e4rkytyksen j\u00e4lkeen kai t\u00e4m\u00e4n W8:n kanssa oppii el\u00e4m\u00e4\u00e4n. Varsinkin kun t\u00e4st\u00e4 saa kaikki Metro-h\u00f6mp\u00e4t konfigroitua piiloon. En kyll\u00e4 voi ymm\u00e4rt\u00e4\u00e4, mit\u00e4 siell\u00e4 Seattlessa on nautittu, kun on t\u00e4llaiseen ty\u00f6asemak\u00e4ytt\u00f6liittym\u00e4\u00e4n p\u00e4\u00e4dytty. Siis Metroon. Ihan ok-peli puhelimissa ja tableteissa mutta ei todellakaan toimiva normi-PC:ss\u00e4.<\/p>\n<p><a href=\"http:\/\/www.remonen.fi\/WP\/wp-content\/uploads\/2014\/02\/PC2014-5.jpg\"><img loading=\"lazy\" decoding=\"async\" class=\"alignleft size-medium wp-image-3654\" src=\"http:\/\/www.remonen.fi\/WP\/wp-content\/uploads\/2014\/02\/PC2014-5-199x300.jpg\" alt=\"PC2014-5\" width=\"199\" height=\"300\" srcset=\"https:\/\/www.remonen.fi\/WP\/wp-content\/uploads\/2014\/02\/PC2014-5-199x300.jpg 199w, https:\/\/www.remonen.fi\/WP\/wp-content\/uploads\/2014\/02\/PC2014-5.jpg 532w\" sizes=\"(max-width: 199px) 100vw, 199px\" \/><\/a>Nyt t\u00e4ss\u00e4 onkin pikkuhiljaa asenneltu softia ja konffattu konetta. Pikaisesti kokeilijn kellottamista ja ainakin 4.3GHz sujuu kuin vett\u00e4 vaan. Pit\u00e4\u00e4 jossain vaiheessa paneutua aiheeseen hieman enemm\u00e4n, nyt vain prossun kerrointa on nostettu. Muistit, ym. on viel\u00e4 vakiona.<\/p>\n<p>Peruskoffiksesta viel\u00e4 sen verran, ett\u00e4 k\u00e4yttis on 240 GB SSD:ll\u00e4, 120 GB SSD:st\u00e4 64 GB on varattu <a title=\"Citius, Altius, Fortius\u2026\" href=\"http:\/\/www.remonen.fi\/photoblog\/citius-altius-fortius\/\">RAID-pakan kiihdyttimeksi <\/a>ja loput Lightroomin tietokannalle ja esikatselukuville. 4 kpl 2 TB levyj\u00e4 on konfiguroitu RAID10-pakaksi, jossa nettotilavuus on hieman vajaat 4 TB. Nyt pit\u00e4isi levytilan riitt\u00e4\u00e4 joksikin aikaa.<\/p>\n<p>Loppuyhteenvetona voi todeta, ett\u00e4 alkuper\u00e4iset m\u00e4\u00e4rittelyt t\u00e4yttyiv\u00e4t kirkkaasti: kone on h-i-l-j-a-i-n-e-n. Siis siit\u00e4 ei l\u00e4hde oikeasti mit\u00e4\u00e4n \u00e4\u00e4nt\u00e4. Nopeakin tuo tuntuu olevan ja muistia on riitt\u00e4v\u00e4sti. Ja sit\u00e4 voi viel\u00e4 lis\u00e4t\u00e4 toisen mokoman. My\u00f6s l\u00e4mm\u00f6t pysyv\u00e4t kurissa noilla virityksill\u00e4 mit\u00e4 tuossa on (prossutuuletin + 5 kotelotuuletinta). Normaalik\u00e4yt\u00f6ss\u00e4 kaksi tuuletinta on sammuksissa. Emo osaa hoitaa sen ihan itse. Kun prossun kuormittaa tappiin esim. Prime95:ll\u00e4, niin prossun l\u00e4mp\u00f6tila k\u00e4y hieman yli 70 asteessa, putoaa siit\u00e4 n. 60 asteeseen ja vakiintuu sinne 65 asteen tiet\u00e4mille. Ei paha&#8230;<\/p>\n<p>&nbsp;<\/p>\n<table border=\"0\">\n<tbody>\n<tr>\n<td><strong>Ja n\u00e4ill\u00e4 siis mentiin:<\/strong><\/p>\n<p>Emolevy&#8230;&#8230;&#8230;.. Asus RAMPAGE IV BLACK EDITION<br \/>\nProsessori&#8230;&#8230;&#8230; Intel Core i7-4930K 3.4 GHz LGA2011<br \/>\nProssutuuletin&#8230;. be quiet! Dark Rock Pro 3<br \/>\nMuisti&#8230;&#8230;&#8230;&#8230;&#8230; G.Skill TridentX DDR3-2400 32GB (4x8GB)<br \/>\nOS-disk&#8230;&#8230;&#8230;&#8230; OCZ Vector 150 240GB<br \/>\nCache-disk&#8230;&#8230;.. OCZ Vector 150 120GB<br \/>\nData-disk&#8230;&#8230;&#8230;. Western Digital 2TB Caviar Black (x 4)<br \/>\nN\u00e4yt\u00f6nohjain&#8230;.. ASUS GeForce GTX770-DC2OC-2GD5 2GB GDDR5<br \/>\nPoweri&#8230;&#8230;&#8230;&#8230;.. be quiet! Dark Power Pro P10-750W<br \/>\nKotelo&#8230;&#8230;&#8230;&#8230;&#8230; Nanoxia Deep Silence 2 Midi-tornikotelo<\/td>\n<td>\n<p><div id=\"attachment_3650\" style=\"width: 209px\" class=\"wp-caption alignnone\"><a href=\"http:\/\/www.remonen.fi\/WP\/wp-content\/uploads\/2014\/02\/PC2014-9.jpg\"><img loading=\"lazy\" decoding=\"async\" aria-describedby=\"caption-attachment-3650\" class=\"size-medium wp-image-3650\" src=\"http:\/\/www.remonen.fi\/WP\/wp-content\/uploads\/2014\/02\/PC2014-9-199x300.jpg\" alt=\"PC2014-9\" width=\"199\" height=\"300\" srcset=\"https:\/\/www.remonen.fi\/WP\/wp-content\/uploads\/2014\/02\/PC2014-9-199x300.jpg 199w, https:\/\/www.remonen.fi\/WP\/wp-content\/uploads\/2014\/02\/PC2014-9.jpg 532w\" sizes=\"(max-width: 199px) 100vw, 199px\" \/><\/a><p id=\"caption-attachment-3650\" class=\"wp-caption-text\">Ei mik\u00e4\u00e4n kuusnepa&#8230;<\/p><\/div><\/td>\n<\/tr>\n<\/tbody>\n<\/table>\n<p>Making of -kamerana toimi Sony NEX6 varustettuna Micro-Nikkor Ai-S 50\/2.8 ja SEL24f18-laseilla.<\/p>\n","protected":false},"excerpt":{"rendered":"<p>Joo, t\u00e4m\u00e4 artikkeli ei k\u00e4sittele t\u00e4ll\u00e4 kertaa valokuvausta. Ei edes porno-sellaista, vaan t\u00e4ss\u00e4 k\u00e4yd\u00e4\u00e4n l\u00e4pi uuden valokuvien editointitietokoneen hankintaa ja kasausta. Juttuhan l\u00e4hti siit\u00e4, ett\u00e4 myin pois mulla olleen &#8221;safarilasin&#8221;, Nikkor AF-S 200-400\/4 G:n. Sen kanssa k\u00e4vi sill\u00e4 tavalla hauskasti, ett\u00e4 ei mun pit\u00e4nyt sit\u00e4 myyd\u00e4, mutta kun ostaja halusi. Toisaalta tuossa se oli hyllyss\u00e4 [&hellip;]<\/p>\n","protected":false},"author":2,"featured_media":3648,"comment_status":"open","ping_status":"closed","sticky":false,"template":"","format":"standard","meta":{"footnotes":""},"categories":[16],"tags":[160],"yoast_head":"<!-- This site is optimized with the Yoast SEO plugin v24.5 - https:\/\/yoast.com\/wordpress\/plugins\/seo\/ -->\n<title>Teknopornoa... - gREat MOments NEver forgotteN<\/title>\n<meta name=\"robots\" content=\"index, follow, max-snippet:-1, max-image-preview:large, max-video-preview:-1\" \/>\n<link rel=\"canonical\" href=\"https:\/\/www.remonen.fi\/WP\/blogi\/teknopornoa\/\" \/>\n<meta property=\"og:locale\" content=\"fi_FI\" \/>\n<meta property=\"og:type\" content=\"article\" \/>\n<meta property=\"og:title\" content=\"Teknopornoa... - gREat MOments NEver forgotteN\" \/>\n<meta property=\"og:description\" content=\"Joo, t\u00e4m\u00e4 artikkeli ei k\u00e4sittele t\u00e4ll\u00e4 kertaa valokuvausta. Ei edes porno-sellaista, vaan t\u00e4ss\u00e4 k\u00e4yd\u00e4\u00e4n l\u00e4pi uuden valokuvien editointitietokoneen hankintaa ja kasausta. Juttuhan l\u00e4hti siit\u00e4, ett\u00e4 myin pois mulla olleen &#8221;safarilasin&#8221;, Nikkor AF-S 200-400\/4 G:n. Sen kanssa k\u00e4vi sill\u00e4 tavalla hauskasti, ett\u00e4 ei mun pit\u00e4nyt sit\u00e4 myyd\u00e4, mutta kun ostaja halusi. Toisaalta tuossa se oli hyllyss\u00e4 [&hellip;]\" \/>\n<meta property=\"og:url\" content=\"https:\/\/www.remonen.fi\/WP\/blogi\/teknopornoa\/\" \/>\n<meta property=\"og:site_name\" content=\"remonen.fi\" \/>\n<meta property=\"article:published_time\" content=\"2014-02-08T16:47:00+00:00\" \/>\n<meta property=\"article:modified_time\" content=\"2015-09-23T07:17:30+00:00\" \/>\n<meta property=\"og:image\" content=\"https:\/\/www.remonen.fi\/WP\/wp-content\/uploads\/2014\/02\/PC2014-11.jpg\" \/>\n\t<meta property=\"og:image:width\" content=\"800\" \/>\n\t<meta property=\"og:image:height\" content=\"405\" \/>\n\t<meta property=\"og:image:type\" content=\"image\/jpeg\" \/>\n<meta name=\"author\" content=\"Matti Remonen\" \/>\n<meta name=\"twitter:label1\" content=\"Kirjoittanut\" \/>\n\t<meta name=\"twitter:data1\" content=\"Matti Remonen\" \/>\n\t<meta name=\"twitter:label2\" content=\"Arvioitu lukuaika\" \/>\n\t<meta name=\"twitter:data2\" content=\"5 minuuttia\" \/>\n<script type=\"application\/ld+json\" class=\"yoast-schema-graph\">{\"@context\":\"https:\/\/schema.org\",\"@graph\":[{\"@type\":\"Article\",\"@id\":\"https:\/\/www.remonen.fi\/WP\/blogi\/teknopornoa\/#article\",\"isPartOf\":{\"@id\":\"https:\/\/www.remonen.fi\/WP\/blogi\/teknopornoa\/\"},\"author\":{\"name\":\"Matti Remonen\",\"@id\":\"https:\/\/www.remonen.fi\/WP\/#\/schema\/person\/1803c23d1d4f6722054eb2ac7f7a97cd\"},\"headline\":\"Teknopornoa&#8230;\",\"datePublished\":\"2014-02-08T16:47:00+00:00\",\"dateModified\":\"2015-09-23T07:17:30+00:00\",\"mainEntityOfPage\":{\"@id\":\"https:\/\/www.remonen.fi\/WP\/blogi\/teknopornoa\/\"},\"wordCount\":975,\"commentCount\":0,\"publisher\":{\"@id\":\"https:\/\/www.remonen.fi\/WP\/#\/schema\/person\/1803c23d1d4f6722054eb2ac7f7a97cd\"},\"image\":{\"@id\":\"https:\/\/www.remonen.fi\/WP\/blogi\/teknopornoa\/#primaryimage\"},\"thumbnailUrl\":\"https:\/\/www.remonen.fi\/WP\/wp-content\/uploads\/2014\/02\/PC2014-11.jpg\",\"keywords\":[\"Editointikone\"],\"articleSection\":[\"Blog\"],\"inLanguage\":\"fi\",\"potentialAction\":[{\"@type\":\"CommentAction\",\"name\":\"Comment\",\"target\":[\"https:\/\/www.remonen.fi\/WP\/blogi\/teknopornoa\/#respond\"]}]},{\"@type\":\"WebPage\",\"@id\":\"https:\/\/www.remonen.fi\/WP\/blogi\/teknopornoa\/\",\"url\":\"https:\/\/www.remonen.fi\/WP\/blogi\/teknopornoa\/\",\"name\":\"Teknopornoa... - gREat MOments NEver forgotteN\",\"isPartOf\":{\"@id\":\"https:\/\/www.remonen.fi\/WP\/#website\"},\"primaryImageOfPage\":{\"@id\":\"https:\/\/www.remonen.fi\/WP\/blogi\/teknopornoa\/#primaryimage\"},\"image\":{\"@id\":\"https:\/\/www.remonen.fi\/WP\/blogi\/teknopornoa\/#primaryimage\"},\"thumbnailUrl\":\"https:\/\/www.remonen.fi\/WP\/wp-content\/uploads\/2014\/02\/PC2014-11.jpg\",\"datePublished\":\"2014-02-08T16:47:00+00:00\",\"dateModified\":\"2015-09-23T07:17:30+00:00\",\"breadcrumb\":{\"@id\":\"https:\/\/www.remonen.fi\/WP\/blogi\/teknopornoa\/#breadcrumb\"},\"inLanguage\":\"fi\",\"potentialAction\":[{\"@type\":\"ReadAction\",\"target\":[\"https:\/\/www.remonen.fi\/WP\/blogi\/teknopornoa\/\"]}]},{\"@type\":\"ImageObject\",\"inLanguage\":\"fi\",\"@id\":\"https:\/\/www.remonen.fi\/WP\/blogi\/teknopornoa\/#primaryimage\",\"url\":\"https:\/\/www.remonen.fi\/WP\/wp-content\/uploads\/2014\/02\/PC2014-11.jpg\",\"contentUrl\":\"https:\/\/www.remonen.fi\/WP\/wp-content\/uploads\/2014\/02\/PC2014-11.jpg\",\"width\":800,\"height\":405},{\"@type\":\"BreadcrumbList\",\"@id\":\"https:\/\/www.remonen.fi\/WP\/blogi\/teknopornoa\/#breadcrumb\",\"itemListElement\":[{\"@type\":\"ListItem\",\"position\":1,\"name\":\"Etusivu\",\"item\":\"https:\/\/www.remonen.fi\/WP\/\"},{\"@type\":\"ListItem\",\"position\":2,\"name\":\"Teknopornoa&#8230;\"}]},{\"@type\":\"WebSite\",\"@id\":\"https:\/\/www.remonen.fi\/WP\/#website\",\"url\":\"https:\/\/www.remonen.fi\/WP\/\",\"name\":\"remonen.fi\",\"description\":\"Valokuvia ja tarinaa laidasta laitaan\",\"publisher\":{\"@id\":\"https:\/\/www.remonen.fi\/WP\/#\/schema\/person\/1803c23d1d4f6722054eb2ac7f7a97cd\"},\"potentialAction\":[{\"@type\":\"SearchAction\",\"target\":{\"@type\":\"EntryPoint\",\"urlTemplate\":\"https:\/\/www.remonen.fi\/WP\/?s={search_term_string}\"},\"query-input\":{\"@type\":\"PropertyValueSpecification\",\"valueRequired\":true,\"valueName\":\"search_term_string\"}}],\"inLanguage\":\"fi\"},{\"@type\":[\"Person\",\"Organization\"],\"@id\":\"https:\/\/www.remonen.fi\/WP\/#\/schema\/person\/1803c23d1d4f6722054eb2ac7f7a97cd\",\"name\":\"Matti Remonen\",\"logo\":{\"@id\":\"https:\/\/www.remonen.fi\/WP\/#\/schema\/person\/image\/\"},\"url\":\"https:\/\/www.remonen.fi\/WP\/blogi\/author\/mre\/\"}]}<\/script>\n<!-- \/ Yoast SEO plugin. -->","yoast_head_json":{"title":"Teknopornoa... - gREat MOments NEver forgotteN","robots":{"index":"index","follow":"follow","max-snippet":"max-snippet:-1","max-image-preview":"max-image-preview:large","max-video-preview":"max-video-preview:-1"},"canonical":"https:\/\/www.remonen.fi\/WP\/blogi\/teknopornoa\/","og_locale":"fi_FI","og_type":"article","og_title":"Teknopornoa... - gREat MOments NEver forgotteN","og_description":"Joo, t\u00e4m\u00e4 artikkeli ei k\u00e4sittele t\u00e4ll\u00e4 kertaa valokuvausta. Ei edes porno-sellaista, vaan t\u00e4ss\u00e4 k\u00e4yd\u00e4\u00e4n l\u00e4pi uuden valokuvien editointitietokoneen hankintaa ja kasausta. Juttuhan l\u00e4hti siit\u00e4, ett\u00e4 myin pois mulla olleen &#8221;safarilasin&#8221;, Nikkor AF-S 200-400\/4 G:n. Sen kanssa k\u00e4vi sill\u00e4 tavalla hauskasti, ett\u00e4 ei mun pit\u00e4nyt sit\u00e4 myyd\u00e4, mutta kun ostaja halusi. Toisaalta tuossa se oli hyllyss\u00e4 [&hellip;]","og_url":"https:\/\/www.remonen.fi\/WP\/blogi\/teknopornoa\/","og_site_name":"remonen.fi","article_published_time":"2014-02-08T16:47:00+00:00","article_modified_time":"2015-09-23T07:17:30+00:00","og_image":[{"width":800,"height":405,"url":"https:\/\/www.remonen.fi\/WP\/wp-content\/uploads\/2014\/02\/PC2014-11.jpg","type":"image\/jpeg"}],"author":"Matti Remonen","twitter_misc":{"Kirjoittanut":"Matti Remonen","Arvioitu lukuaika":"5 minuuttia"},"schema":{"@context":"https:\/\/schema.org","@graph":[{"@type":"Article","@id":"https:\/\/www.remonen.fi\/WP\/blogi\/teknopornoa\/#article","isPartOf":{"@id":"https:\/\/www.remonen.fi\/WP\/blogi\/teknopornoa\/"},"author":{"name":"Matti Remonen","@id":"https:\/\/www.remonen.fi\/WP\/#\/schema\/person\/1803c23d1d4f6722054eb2ac7f7a97cd"},"headline":"Teknopornoa&#8230;","datePublished":"2014-02-08T16:47:00+00:00","dateModified":"2015-09-23T07:17:30+00:00","mainEntityOfPage":{"@id":"https:\/\/www.remonen.fi\/WP\/blogi\/teknopornoa\/"},"wordCount":975,"commentCount":0,"publisher":{"@id":"https:\/\/www.remonen.fi\/WP\/#\/schema\/person\/1803c23d1d4f6722054eb2ac7f7a97cd"},"image":{"@id":"https:\/\/www.remonen.fi\/WP\/blogi\/teknopornoa\/#primaryimage"},"thumbnailUrl":"https:\/\/www.remonen.fi\/WP\/wp-content\/uploads\/2014\/02\/PC2014-11.jpg","keywords":["Editointikone"],"articleSection":["Blog"],"inLanguage":"fi","potentialAction":[{"@type":"CommentAction","name":"Comment","target":["https:\/\/www.remonen.fi\/WP\/blogi\/teknopornoa\/#respond"]}]},{"@type":"WebPage","@id":"https:\/\/www.remonen.fi\/WP\/blogi\/teknopornoa\/","url":"https:\/\/www.remonen.fi\/WP\/blogi\/teknopornoa\/","name":"Teknopornoa... - gREat MOments NEver forgotteN","isPartOf":{"@id":"https:\/\/www.remonen.fi\/WP\/#website"},"primaryImageOfPage":{"@id":"https:\/\/www.remonen.fi\/WP\/blogi\/teknopornoa\/#primaryimage"},"image":{"@id":"https:\/\/www.remonen.fi\/WP\/blogi\/teknopornoa\/#primaryimage"},"thumbnailUrl":"https:\/\/www.remonen.fi\/WP\/wp-content\/uploads\/2014\/02\/PC2014-11.jpg","datePublished":"2014-02-08T16:47:00+00:00","dateModified":"2015-09-23T07:17:30+00:00","breadcrumb":{"@id":"https:\/\/www.remonen.fi\/WP\/blogi\/teknopornoa\/#breadcrumb"},"inLanguage":"fi","potentialAction":[{"@type":"ReadAction","target":["https:\/\/www.remonen.fi\/WP\/blogi\/teknopornoa\/"]}]},{"@type":"ImageObject","inLanguage":"fi","@id":"https:\/\/www.remonen.fi\/WP\/blogi\/teknopornoa\/#primaryimage","url":"https:\/\/www.remonen.fi\/WP\/wp-content\/uploads\/2014\/02\/PC2014-11.jpg","contentUrl":"https:\/\/www.remonen.fi\/WP\/wp-content\/uploads\/2014\/02\/PC2014-11.jpg","width":800,"height":405},{"@type":"BreadcrumbList","@id":"https:\/\/www.remonen.fi\/WP\/blogi\/teknopornoa\/#breadcrumb","itemListElement":[{"@type":"ListItem","position":1,"name":"Etusivu","item":"https:\/\/www.remonen.fi\/WP\/"},{"@type":"ListItem","position":2,"name":"Teknopornoa&#8230;"}]},{"@type":"WebSite","@id":"https:\/\/www.remonen.fi\/WP\/#website","url":"https:\/\/www.remonen.fi\/WP\/","name":"remonen.fi","description":"Valokuvia ja tarinaa laidasta laitaan","publisher":{"@id":"https:\/\/www.remonen.fi\/WP\/#\/schema\/person\/1803c23d1d4f6722054eb2ac7f7a97cd"},"potentialAction":[{"@type":"SearchAction","target":{"@type":"EntryPoint","urlTemplate":"https:\/\/www.remonen.fi\/WP\/?s={search_term_string}"},"query-input":{"@type":"PropertyValueSpecification","valueRequired":true,"valueName":"search_term_string"}}],"inLanguage":"fi"},{"@type":["Person","Organization"],"@id":"https:\/\/www.remonen.fi\/WP\/#\/schema\/person\/1803c23d1d4f6722054eb2ac7f7a97cd","name":"Matti Remonen","logo":{"@id":"https:\/\/www.remonen.fi\/WP\/#\/schema\/person\/image\/"},"url":"https:\/\/www.remonen.fi\/WP\/blogi\/author\/mre\/"}]}},"_links":{"self":[{"href":"https:\/\/www.remonen.fi\/WP\/wp-json\/wp\/v2\/posts\/3631"}],"collection":[{"href":"https:\/\/www.remonen.fi\/WP\/wp-json\/wp\/v2\/posts"}],"about":[{"href":"https:\/\/www.remonen.fi\/WP\/wp-json\/wp\/v2\/types\/post"}],"author":[{"embeddable":true,"href":"https:\/\/www.remonen.fi\/WP\/wp-json\/wp\/v2\/users\/2"}],"replies":[{"embeddable":true,"href":"https:\/\/www.remonen.fi\/WP\/wp-json\/wp\/v2\/comments?post=3631"}],"version-history":[{"count":0,"href":"https:\/\/www.remonen.fi\/WP\/wp-json\/wp\/v2\/posts\/3631\/revisions"}],"wp:featuredmedia":[{"embeddable":true,"href":"https:\/\/www.remonen.fi\/WP\/wp-json\/wp\/v2\/media\/3648"}],"wp:attachment":[{"href":"https:\/\/www.remonen.fi\/WP\/wp-json\/wp\/v2\/media?parent=3631"}],"wp:term":[{"taxonomy":"category","embeddable":true,"href":"https:\/\/www.remonen.fi\/WP\/wp-json\/wp\/v2\/categories?post=3631"},{"taxonomy":"post_tag","embeddable":true,"href":"https:\/\/www.remonen.fi\/WP\/wp-json\/wp\/v2\/tags?post=3631"}],"curies":[{"name":"wp","href":"https:\/\/api.w.org\/{rel}","templated":true}]}}