{"id":3671,"date":"2014-02-10T10:17:03","date_gmt":"2014-02-10T08:17:03","guid":{"rendered":"http:\/\/www.remonen.fi\/?p=3671"},"modified":"2015-09-23T10:16:27","modified_gmt":"2015-09-23T07:16:27","slug":"musta-hetki","status":"publish","type":"post","link":"https:\/\/www.remonen.fi\/WP\/blogi\/musta-hetki\/","title":{"rendered":"Musta hetki"},"content":{"rendered":"<p>Viikonloppuna koin melkoisen mustan hetken. Siksi t\u00e4ss\u00e4 ei nyt ole kuviakaan n\u00e4ytt\u00e4\u00e4&#8230;<\/p>\n<p>Kaikki alkoi siit\u00e4, kun olen rakentamassa uutta konetta valokuvien editointik\u00e4ytt\u00f6\u00f6n ja se jo onkin kasassa, kuten <a title=\"Teknopornoa\u2026\" href=\"http:\/\/www.remonen.fi\/photoblog\/teknopornoa\/\">edellisest\u00e4 kirjoituksesta<\/a> voi lukea. T\u00e4h\u00e4n liittyy aina oleellisena vaiheena vanhan datan siirto vanhasta koneesta uuteen. Sill\u00e4 kukapa sit\u00e4 haluaisi kuviaan hukata?<\/p>\n<p>Kokosin siis uuden koneen, asensin levyt ja k\u00e4yttiksen, partitioin datalevyn ja siirsin vanhasta koneesta datat, kuten kaikki kuvat (n. 24 000 kpl) uuteen. Nyt mulla oli kuvat + LR kataloogit, ym <strong>kolmessa<\/strong> eri <strong>paikassa<\/strong>: uudessa koneessa, vanhassa koneessa ja varmuuskopiolla. Ei mit\u00e4\u00e4n h\u00e4t\u00e4\u00e4. Henkselit ja vy\u00f6. Lis\u00e4ksi uudessa koneessa kuvat olivat RAID-pakassa, jossa yhden levyn vikaantuminen ei viel\u00e4 h\u00e4vit\u00e4 mit\u00e4\u00e4n. Pakassa on 4 levy\u00e4. Ainoa teoreettinen riski on, ett\u00e4 pakka jotenkin sekoaa. Mutta eih\u00e4n niin voi k\u00e4yd\u00e4. Insin\u00f6\u00f6rille.<\/p>\n<p>Sitten aloin p\u00e4ivitt\u00e4m\u00e4\u00e4n varmistusasemaa, siis tuota NASsia. Vaihdoin 1TB levyt 2TB-levyiksi. Mutta NAS ei k\u00e4ynnistynytk\u00e4\u00e4n. Selvittelin hieman asiaa ja k\u00e4vi ilmi, ett\u00e4 mun NAS-purkissa ei ole erillist\u00e4 muistipiiri\u00e4, vaan firmis makaa niill\u00e4 levyill\u00e4. No, eih\u00e4n niill\u00e4 uusilla levyill\u00e4 mit\u00e4\u00e4n firmist\u00e4 ollut. Hetken puhistuani ajattelin, ett\u00e4 mit\u00e4s tapahtuu jos j\u00e4t\u00e4n yhden vanhan levyn NASsiin, vaihdan nelj\u00e4 ja alustan ne. T\u00e4m\u00e4 toimikin: alustus siirt\u00e4\u00e4 firmiksen uusiin levyihin. Tosin samassa yhteydess\u00e4 mun piti purkaa vanha asennus, joten varmuuskopiot meniv\u00e4t siin\u00e4. Mutta mullahan j\u00e4i edelleen data (ja kuvat) <strong>kahteen<\/strong> <strong>paikkaan<\/strong>: uuteen koneeseen ja vanhaan. Ei siis mit\u00e4\u00e4n h\u00e4t\u00e4\u00e4. Jos pid\u00e4t lukua, niin t\u00e4m\u00e4 oli <span style=\"color: #ff0000;\">virhe #1<\/span>.<\/p>\n<p>Kun NAS n\u00e4ytti toimivan, vaihdoin siihen viel\u00e4 sen viimeisenkin levyn, jotta siell\u00e4 olisi 5 x 2TB, kuten suunniteltu. T\u00e4m\u00e4 kuitenkin edellytti purkin uudelleenalustamista, jossa menee taas se vuorokausi. Joten en p\u00e4\u00e4ssyt viel\u00e4 tekem\u00e4\u00e4n varmuuskopioita. Mutta mullahan ei ollut mit\u00e4\u00e4n h\u00e4t\u00e4\u00e4, kun datat edelleenkin olivat kahdessa paikassa. Varmassa tallessa.<\/p>\n<p>T\u00e4ss\u00e4 vaiheessa poikani tuli kysym\u00e4\u00e4n vanhan koneen per\u00e4\u00e4n, jotta olisiko se jo luovutusvalmis. Kun olin luvannut, ett\u00e4 h\u00e4n saa siit\u00e4 osia oman koneensa p\u00e4ivitt\u00e4miseen. No, mulla oli stabiili uusi ymp\u00e4rist\u00f6, jne. joten luovutin koneen purettavaksi. <em>T\u00e4ss\u00e4 kohtaa mulle j\u00e4i siis kone, jossa datat olivat <span style=\"text-decoration: underline;\">varmassa<\/span> tallessa. <\/em><strong>Yhdess\u00e4 paikassa.<\/strong><\/p>\n<p>Kaikki hyvin t\u00e4h\u00e4n asti. <span style=\"color: #ff0000;\">Virhe #2<\/span>.<\/p>\n<p>Sitten p\u00e4\u00e4tin kokeilla, kest\u00e4k\u00f6 uusi kone muistin kellottamista kuinka hyvin (<span style=\"color: #ff0000;\">virhe #3<span style=\"color: #000000;\">,<\/span> <span style=\"color: #000000;\">kt<\/span><\/span><span style=\"color: #000000;\">s. kohta: &#8221;stabiili ymp\u00e4rist\u00f6&#8221;)<\/span>. Nostin muistin taajuuden normin mukaiseksi (2400MHz) ja boottasin koneen. Kaikki meni hyvin hetken aikaa kunnes Windows ei k\u00e4ynnistynyt vaan boottasi. Menin biosiin ja palautin asetukset alkuper\u00e4isiksi (last safe configuration) ja boottasin koneen uudelleen.<\/p>\n<p>Ja PAM: RAID-pakasta oli kaksi levy\u00e4 tilassa &#8221;inactive&#8221; ja koko pakka my\u00f6s &#8221;inactive&#8221;. Jos datat olisivat olleet ns. normaalilevyill\u00e4, ongelmaa ei olisi ollut. T\u00e4m\u00e4 on RAID-pakan huono puoli, mutta ei mulla koskaan kellotus ole pakkaa sotkenut, vaikka kone onkin silloin t\u00e4ll\u00f6in kaatunut.<\/p>\n<p>T\u00e4ll\u00e4 v\u00e4lin poika oli purkanut mun vanhan koneen ns. atomeiksi, joten mulla oli data (500 GB valokuvia) <strong>nollassa paikassa<\/strong>&#8230;<\/p>\n<p>Hetken vedin henke\u00e4 sis\u00e4\u00e4n ja ulos hitaasti. Sitten p\u00e4\u00e4tin, ett\u00e4 vanha kone on palautettava entiselleen ja katsottava mit\u00e4 siit\u00e4 seuraa. Teini kokosi kiltisti koneen takaisin ja laitoin virrat p\u00e4\u00e4lle. K\u00e4det kyll\u00e4 hieman hikosivat.<\/p>\n<p>No huh-huh, se onnistui ja RAID-pakka vanhassa koneessa nousi pystyyn&#8230; ja kuvat olivat siell\u00e4.<\/p>\n<p>Tarinan opetus? Vanha purjehtijan s\u00e4\u00e4nt\u00f6 p\u00e4tee maallakin: yksi k\u00e4si itselle ja yksi veneelle. Ei niin ett\u00e4 molemmat k\u00e4det ovat irti. Nyt p\u00e4\u00e4stin datasta irti molemmilla k\u00e4sill\u00e4 ja se katosi.<\/p>\n<p>Toisaalta, kuten olen joskus sanonut, jos ne auringonlaskukuvat olisi h\u00e4vinneet, niin ei se el\u00e4m\u00e4 siihen lopu. Afrikan kuvat olisi hieman harmittaneet, mutta ehk\u00e4 siit\u00e4 olisi saanut hyv\u00e4n syyn l\u00e4hte\u00e4 kuvaamaan ne uudelleen. Perhealbumikuvat mulla on kolmessa-nelj\u00e4ss\u00e4 paikassa, joten niit\u00e4 ei tarvinnut surra.<\/p>\n<p>Mutta siin\u00e4 se sunnuntai meni&#8230;<\/p>\n","protected":false},"excerpt":{"rendered":"<p>Viikonloppuna koin melkoisen mustan hetken. Siksi t\u00e4ss\u00e4 ei nyt ole kuviakaan n\u00e4ytt\u00e4\u00e4&#8230; Kaikki alkoi siit\u00e4, kun olen rakentamassa uutta konetta valokuvien editointik\u00e4ytt\u00f6\u00f6n ja se jo onkin kasassa, kuten edellisest\u00e4 kirjoituksesta voi lukea. T\u00e4h\u00e4n liittyy aina oleellisena vaiheena vanhan datan siirto vanhasta koneesta uuteen. Sill\u00e4 kukapa sit\u00e4 haluaisi kuviaan hukata? Kokosin siis uuden koneen, asensin levyt [&hellip;]<\/p>\n","protected":false},"author":2,"featured_media":3673,"comment_status":"open","ping_status":"closed","sticky":false,"template":"","format":"standard","meta":{"footnotes":""},"categories":[16],"tags":[161],"yoast_head":"<!-- This site is optimized with the Yoast SEO plugin v24.5 - https:\/\/yoast.com\/wordpress\/plugins\/seo\/ -->\n<title>Musta hetki - not-so gREat MOments NEver forgotteN<\/title>\n<meta name=\"robots\" content=\"index, follow, max-snippet:-1, max-image-preview:large, max-video-preview:-1\" \/>\n<link rel=\"canonical\" href=\"https:\/\/www.remonen.fi\/WP\/blogi\/musta-hetki\/\" \/>\n<meta property=\"og:locale\" content=\"fi_FI\" \/>\n<meta property=\"og:type\" content=\"article\" \/>\n<meta property=\"og:title\" content=\"Musta hetki - not-so gREat MOments NEver forgotteN\" \/>\n<meta property=\"og:description\" content=\"Viikonloppuna koin melkoisen mustan hetken. Siksi t\u00e4ss\u00e4 ei nyt ole kuviakaan n\u00e4ytt\u00e4\u00e4&#8230; Kaikki alkoi siit\u00e4, kun olen rakentamassa uutta konetta valokuvien editointik\u00e4ytt\u00f6\u00f6n ja se jo onkin kasassa, kuten edellisest\u00e4 kirjoituksesta voi lukea. T\u00e4h\u00e4n liittyy aina oleellisena vaiheena vanhan datan siirto vanhasta koneesta uuteen. Sill\u00e4 kukapa sit\u00e4 haluaisi kuviaan hukata? Kokosin siis uuden koneen, asensin levyt [&hellip;]\" \/>\n<meta property=\"og:url\" content=\"https:\/\/www.remonen.fi\/WP\/blogi\/musta-hetki\/\" \/>\n<meta property=\"og:site_name\" content=\"remonen.fi\" \/>\n<meta property=\"article:published_time\" content=\"2014-02-10T08:17:03+00:00\" \/>\n<meta property=\"article:modified_time\" content=\"2015-09-23T07:16:27+00:00\" \/>\n<meta property=\"og:image\" content=\"https:\/\/www.remonen.fi\/WP\/wp-content\/uploads\/2014\/02\/Black.jpg\" \/>\n\t<meta property=\"og:image:width\" content=\"623\" \/>\n\t<meta property=\"og:image:height\" content=\"282\" \/>\n\t<meta property=\"og:image:type\" content=\"image\/jpeg\" \/>\n<meta name=\"author\" content=\"Matti Remonen\" \/>\n<meta name=\"twitter:label1\" content=\"Kirjoittanut\" \/>\n\t<meta name=\"twitter:data1\" content=\"Matti Remonen\" \/>\n\t<meta name=\"twitter:label2\" content=\"Arvioitu lukuaika\" \/>\n\t<meta name=\"twitter:data2\" content=\"3 minuuttia\" \/>\n<script type=\"application\/ld+json\" class=\"yoast-schema-graph\">{\"@context\":\"https:\/\/schema.org\",\"@graph\":[{\"@type\":\"Article\",\"@id\":\"https:\/\/www.remonen.fi\/WP\/blogi\/musta-hetki\/#article\",\"isPartOf\":{\"@id\":\"https:\/\/www.remonen.fi\/WP\/blogi\/musta-hetki\/\"},\"author\":{\"name\":\"Matti Remonen\",\"@id\":\"https:\/\/www.remonen.fi\/WP\/#\/schema\/person\/1803c23d1d4f6722054eb2ac7f7a97cd\"},\"headline\":\"Musta hetki\",\"datePublished\":\"2014-02-10T08:17:03+00:00\",\"dateModified\":\"2015-09-23T07:16:27+00:00\",\"mainEntityOfPage\":{\"@id\":\"https:\/\/www.remonen.fi\/WP\/blogi\/musta-hetki\/\"},\"wordCount\":634,\"commentCount\":0,\"publisher\":{\"@id\":\"https:\/\/www.remonen.fi\/WP\/#\/schema\/person\/1803c23d1d4f6722054eb2ac7f7a97cd\"},\"image\":{\"@id\":\"https:\/\/www.remonen.fi\/WP\/blogi\/musta-hetki\/#primaryimage\"},\"thumbnailUrl\":\"https:\/\/www.remonen.fi\/WP\/wp-content\/uploads\/2014\/02\/Black.jpg\",\"keywords\":[\"Idiootti\"],\"articleSection\":[\"Blog\"],\"inLanguage\":\"fi\",\"potentialAction\":[{\"@type\":\"CommentAction\",\"name\":\"Comment\",\"target\":[\"https:\/\/www.remonen.fi\/WP\/blogi\/musta-hetki\/#respond\"]}]},{\"@type\":\"WebPage\",\"@id\":\"https:\/\/www.remonen.fi\/WP\/blogi\/musta-hetki\/\",\"url\":\"https:\/\/www.remonen.fi\/WP\/blogi\/musta-hetki\/\",\"name\":\"Musta hetki - not-so gREat MOments NEver forgotteN\",\"isPartOf\":{\"@id\":\"https:\/\/www.remonen.fi\/WP\/#website\"},\"primaryImageOfPage\":{\"@id\":\"https:\/\/www.remonen.fi\/WP\/blogi\/musta-hetki\/#primaryimage\"},\"image\":{\"@id\":\"https:\/\/www.remonen.fi\/WP\/blogi\/musta-hetki\/#primaryimage\"},\"thumbnailUrl\":\"https:\/\/www.remonen.fi\/WP\/wp-content\/uploads\/2014\/02\/Black.jpg\",\"datePublished\":\"2014-02-10T08:17:03+00:00\",\"dateModified\":\"2015-09-23T07:16:27+00:00\",\"breadcrumb\":{\"@id\":\"https:\/\/www.remonen.fi\/WP\/blogi\/musta-hetki\/#breadcrumb\"},\"inLanguage\":\"fi\",\"potentialAction\":[{\"@type\":\"ReadAction\",\"target\":[\"https:\/\/www.remonen.fi\/WP\/blogi\/musta-hetki\/\"]}]},{\"@type\":\"ImageObject\",\"inLanguage\":\"fi\",\"@id\":\"https:\/\/www.remonen.fi\/WP\/blogi\/musta-hetki\/#primaryimage\",\"url\":\"https:\/\/www.remonen.fi\/WP\/wp-content\/uploads\/2014\/02\/Black.jpg\",\"contentUrl\":\"https:\/\/www.remonen.fi\/WP\/wp-content\/uploads\/2014\/02\/Black.jpg\",\"width\":623,\"height\":282},{\"@type\":\"BreadcrumbList\",\"@id\":\"https:\/\/www.remonen.fi\/WP\/blogi\/musta-hetki\/#breadcrumb\",\"itemListElement\":[{\"@type\":\"ListItem\",\"position\":1,\"name\":\"Etusivu\",\"item\":\"https:\/\/www.remonen.fi\/WP\/\"},{\"@type\":\"ListItem\",\"position\":2,\"name\":\"Musta hetki\"}]},{\"@type\":\"WebSite\",\"@id\":\"https:\/\/www.remonen.fi\/WP\/#website\",\"url\":\"https:\/\/www.remonen.fi\/WP\/\",\"name\":\"remonen.fi\",\"description\":\"Valokuvia ja tarinaa laidasta laitaan\",\"publisher\":{\"@id\":\"https:\/\/www.remonen.fi\/WP\/#\/schema\/person\/1803c23d1d4f6722054eb2ac7f7a97cd\"},\"potentialAction\":[{\"@type\":\"SearchAction\",\"target\":{\"@type\":\"EntryPoint\",\"urlTemplate\":\"https:\/\/www.remonen.fi\/WP\/?s={search_term_string}\"},\"query-input\":{\"@type\":\"PropertyValueSpecification\",\"valueRequired\":true,\"valueName\":\"search_term_string\"}}],\"inLanguage\":\"fi\"},{\"@type\":[\"Person\",\"Organization\"],\"@id\":\"https:\/\/www.remonen.fi\/WP\/#\/schema\/person\/1803c23d1d4f6722054eb2ac7f7a97cd\",\"name\":\"Matti Remonen\",\"logo\":{\"@id\":\"https:\/\/www.remonen.fi\/WP\/#\/schema\/person\/image\/\"},\"url\":\"https:\/\/www.remonen.fi\/WP\/blogi\/author\/mre\/\"}]}<\/script>\n<!-- \/ Yoast SEO plugin. -->","yoast_head_json":{"title":"Musta hetki - not-so gREat MOments NEver forgotteN","robots":{"index":"index","follow":"follow","max-snippet":"max-snippet:-1","max-image-preview":"max-image-preview:large","max-video-preview":"max-video-preview:-1"},"canonical":"https:\/\/www.remonen.fi\/WP\/blogi\/musta-hetki\/","og_locale":"fi_FI","og_type":"article","og_title":"Musta hetki - not-so gREat MOments NEver forgotteN","og_description":"Viikonloppuna koin melkoisen mustan hetken. Siksi t\u00e4ss\u00e4 ei nyt ole kuviakaan n\u00e4ytt\u00e4\u00e4&#8230; Kaikki alkoi siit\u00e4, kun olen rakentamassa uutta konetta valokuvien editointik\u00e4ytt\u00f6\u00f6n ja se jo onkin kasassa, kuten edellisest\u00e4 kirjoituksesta voi lukea. T\u00e4h\u00e4n liittyy aina oleellisena vaiheena vanhan datan siirto vanhasta koneesta uuteen. Sill\u00e4 kukapa sit\u00e4 haluaisi kuviaan hukata? Kokosin siis uuden koneen, asensin levyt [&hellip;]","og_url":"https:\/\/www.remonen.fi\/WP\/blogi\/musta-hetki\/","og_site_name":"remonen.fi","article_published_time":"2014-02-10T08:17:03+00:00","article_modified_time":"2015-09-23T07:16:27+00:00","og_image":[{"width":623,"height":282,"url":"https:\/\/www.remonen.fi\/WP\/wp-content\/uploads\/2014\/02\/Black.jpg","type":"image\/jpeg"}],"author":"Matti Remonen","twitter_misc":{"Kirjoittanut":"Matti Remonen","Arvioitu lukuaika":"3 minuuttia"},"schema":{"@context":"https:\/\/schema.org","@graph":[{"@type":"Article","@id":"https:\/\/www.remonen.fi\/WP\/blogi\/musta-hetki\/#article","isPartOf":{"@id":"https:\/\/www.remonen.fi\/WP\/blogi\/musta-hetki\/"},"author":{"name":"Matti Remonen","@id":"https:\/\/www.remonen.fi\/WP\/#\/schema\/person\/1803c23d1d4f6722054eb2ac7f7a97cd"},"headline":"Musta hetki","datePublished":"2014-02-10T08:17:03+00:00","dateModified":"2015-09-23T07:16:27+00:00","mainEntityOfPage":{"@id":"https:\/\/www.remonen.fi\/WP\/blogi\/musta-hetki\/"},"wordCount":634,"commentCount":0,"publisher":{"@id":"https:\/\/www.remonen.fi\/WP\/#\/schema\/person\/1803c23d1d4f6722054eb2ac7f7a97cd"},"image":{"@id":"https:\/\/www.remonen.fi\/WP\/blogi\/musta-hetki\/#primaryimage"},"thumbnailUrl":"https:\/\/www.remonen.fi\/WP\/wp-content\/uploads\/2014\/02\/Black.jpg","keywords":["Idiootti"],"articleSection":["Blog"],"inLanguage":"fi","potentialAction":[{"@type":"CommentAction","name":"Comment","target":["https:\/\/www.remonen.fi\/WP\/blogi\/musta-hetki\/#respond"]}]},{"@type":"WebPage","@id":"https:\/\/www.remonen.fi\/WP\/blogi\/musta-hetki\/","url":"https:\/\/www.remonen.fi\/WP\/blogi\/musta-hetki\/","name":"Musta hetki - not-so gREat MOments NEver forgotteN","isPartOf":{"@id":"https:\/\/www.remonen.fi\/WP\/#website"},"primaryImageOfPage":{"@id":"https:\/\/www.remonen.fi\/WP\/blogi\/musta-hetki\/#primaryimage"},"image":{"@id":"https:\/\/www.remonen.fi\/WP\/blogi\/musta-hetki\/#primaryimage"},"thumbnailUrl":"https:\/\/www.remonen.fi\/WP\/wp-content\/uploads\/2014\/02\/Black.jpg","datePublished":"2014-02-10T08:17:03+00:00","dateModified":"2015-09-23T07:16:27+00:00","breadcrumb":{"@id":"https:\/\/www.remonen.fi\/WP\/blogi\/musta-hetki\/#breadcrumb"},"inLanguage":"fi","potentialAction":[{"@type":"ReadAction","target":["https:\/\/www.remonen.fi\/WP\/blogi\/musta-hetki\/"]}]},{"@type":"ImageObject","inLanguage":"fi","@id":"https:\/\/www.remonen.fi\/WP\/blogi\/musta-hetki\/#primaryimage","url":"https:\/\/www.remonen.fi\/WP\/wp-content\/uploads\/2014\/02\/Black.jpg","contentUrl":"https:\/\/www.remonen.fi\/WP\/wp-content\/uploads\/2014\/02\/Black.jpg","width":623,"height":282},{"@type":"BreadcrumbList","@id":"https:\/\/www.remonen.fi\/WP\/blogi\/musta-hetki\/#breadcrumb","itemListElement":[{"@type":"ListItem","position":1,"name":"Etusivu","item":"https:\/\/www.remonen.fi\/WP\/"},{"@type":"ListItem","position":2,"name":"Musta hetki"}]},{"@type":"WebSite","@id":"https:\/\/www.remonen.fi\/WP\/#website","url":"https:\/\/www.remonen.fi\/WP\/","name":"remonen.fi","description":"Valokuvia ja tarinaa laidasta laitaan","publisher":{"@id":"https:\/\/www.remonen.fi\/WP\/#\/schema\/person\/1803c23d1d4f6722054eb2ac7f7a97cd"},"potentialAction":[{"@type":"SearchAction","target":{"@type":"EntryPoint","urlTemplate":"https:\/\/www.remonen.fi\/WP\/?s={search_term_string}"},"query-input":{"@type":"PropertyValueSpecification","valueRequired":true,"valueName":"search_term_string"}}],"inLanguage":"fi"},{"@type":["Person","Organization"],"@id":"https:\/\/www.remonen.fi\/WP\/#\/schema\/person\/1803c23d1d4f6722054eb2ac7f7a97cd","name":"Matti Remonen","logo":{"@id":"https:\/\/www.remonen.fi\/WP\/#\/schema\/person\/image\/"},"url":"https:\/\/www.remonen.fi\/WP\/blogi\/author\/mre\/"}]}},"_links":{"self":[{"href":"https:\/\/www.remonen.fi\/WP\/wp-json\/wp\/v2\/posts\/3671"}],"collection":[{"href":"https:\/\/www.remonen.fi\/WP\/wp-json\/wp\/v2\/posts"}],"about":[{"href":"https:\/\/www.remonen.fi\/WP\/wp-json\/wp\/v2\/types\/post"}],"author":[{"embeddable":true,"href":"https:\/\/www.remonen.fi\/WP\/wp-json\/wp\/v2\/users\/2"}],"replies":[{"embeddable":true,"href":"https:\/\/www.remonen.fi\/WP\/wp-json\/wp\/v2\/comments?post=3671"}],"version-history":[{"count":0,"href":"https:\/\/www.remonen.fi\/WP\/wp-json\/wp\/v2\/posts\/3671\/revisions"}],"wp:featuredmedia":[{"embeddable":true,"href":"https:\/\/www.remonen.fi\/WP\/wp-json\/wp\/v2\/media\/3673"}],"wp:attachment":[{"href":"https:\/\/www.remonen.fi\/WP\/wp-json\/wp\/v2\/media?parent=3671"}],"wp:term":[{"taxonomy":"category","embeddable":true,"href":"https:\/\/www.remonen.fi\/WP\/wp-json\/wp\/v2\/categories?post=3671"},{"taxonomy":"post_tag","embeddable":true,"href":"https:\/\/www.remonen.fi\/WP\/wp-json\/wp\/v2\/tags?post=3671"}],"curies":[{"name":"wp","href":"https:\/\/api.w.org\/{rel}","templated":true}]}}