{"id":3681,"date":"2014-02-23T19:14:38","date_gmt":"2014-02-23T17:14:38","guid":{"rendered":"http:\/\/www.remonen.fi\/?p=3681"},"modified":"2014-02-23T19:14:38","modified_gmt":"2014-02-23T17:14:38","slug":"katti-katimpi-vuokatti","status":"publish","type":"post","link":"https:\/\/www.remonen.fi\/WP\/blogi\/katti-katimpi-vuokatti\/","title":{"rendered":"Katti, katimpi, Vuokatti"},"content":{"rendered":"<div id=\"attachment_3703\" style=\"width: 209px\" class=\"wp-caption alignright\"><a href=\"http:\/\/www.remonen.fi\/WP\/wp-content\/uploads\/2014\/02\/vuokatti-14-2.jpg\"><img loading=\"lazy\" decoding=\"async\" aria-describedby=\"caption-attachment-3703\" class=\"size-medium wp-image-3703 \" title=\"title=&quot;Aperture: &#402;\/4 | Camera: NEX-6 | Taken: 16 helmikuun, 2014 | Exposure bias: +7\/10EV | Flash fired: no | Focal length: 27mm | ISO: 800 | Shutter speed: 1\/2s | &quot;\" alt=\"\" src=\"http:\/\/www.remonen.fi\/WP\/wp-content\/uploads\/2014\/02\/vuokatti-14-2-199x300.jpg\" width=\"199\" height=\"300\" srcset=\"https:\/\/www.remonen.fi\/WP\/wp-content\/uploads\/2014\/02\/vuokatti-14-2-199x300.jpg 199w, https:\/\/www.remonen.fi\/WP\/wp-content\/uploads\/2014\/02\/vuokatti-14-2.jpg 532w\" sizes=\"(max-width: 199px) 100vw, 199px\" \/><\/a><p id=\"caption-attachment-3703\" class=\"wp-caption-text\">Jes. Katti.<\/p><\/div>\n<p style=\"text-align: left;\">Taas koitti aika <a title=\"Vuokatti\" href=\"http:\/\/www.vuokatti.fi\" target=\"_blank\">Vuokatin<\/a>. Viikolla 8 ollaan n\u00e4et pruukattu menn\u00e4 Vuokattiin hiihtolomalle. T\u00e4m\u00e4 taisi olla jo 14. vuosi tuolla ja kahdestoista samassa m\u00f6kiss\u00e4. Eip\u00e4 sit\u00e4 oikein muualle en\u00e4\u00e4 taida osata menn\u00e4. Ja m\u00f6kki valikoituu l\u00e4hinn\u00e4 sen t\u00e4hden ett\u00e4 sinne saa ottaa kotiel\u00e4imi\u00e4. Joten sukset katolle, perhe autoon, kissa lootaan (ei suksi-) ja menoksi. Menimme t\u00e4n\u00e4 vuonna kahdella autolla, kuten vuosi sitten. S ja J tulivat &#8221;Ullella&#8221; ja me muu porukka mentiin sitten &#8221;Mustilla&#8221;. Ajomatkassa ei ollut mit\u00e4\u00e4n ihmeellist\u00e4 ja olimme perill\u00e4 hyviss\u00e4 ajoin. Nuorisokin tuli per\u00e4ss\u00e4 sitten ajallaan.<\/p>\n<p>Seuraavana aamuna her\u00e4tin sitten jengin aamukasilta jotta olisimme valmiina rinteeseen kun hissit aukeavat klo 9:30. Nuoriso rakastaa aamuher\u00e4tyksi\u00e4, t\u00e4m\u00e4n voin kokemuksesta kertoa. No, mik\u00e4 ei tapa, pirist\u00e4\u00e4.<\/p>\n<p>&nbsp;<\/p>\n<div id=\"attachment_3702\" style=\"width: 310px\" class=\"wp-caption alignleft\"><a href=\"http:\/\/www.remonen.fi\/WP\/wp-content\/uploads\/2014\/02\/vuokatti-14-3.jpg\"><img loading=\"lazy\" decoding=\"async\" aria-describedby=\"caption-attachment-3702\" class=\"size-medium wp-image-3702\" title=\"title=&quot;Aperture: &#402;\/4 | Camera: NEX-6 | Taken: 17 helmikuun, 2014 | Exposure bias: +7\/10EV | Flash fired: no | Focal length: 17mm | ISO: 800 | Shutter speed: 1\/3200s | &quot;\" alt=\"\" src=\"http:\/\/www.remonen.fi\/WP\/wp-content\/uploads\/2014\/02\/vuokatti-14-3-300x199.jpg\" width=\"300\" height=\"199\" srcset=\"https:\/\/www.remonen.fi\/WP\/wp-content\/uploads\/2014\/02\/vuokatti-14-3-300x199.jpg 300w, https:\/\/www.remonen.fi\/WP\/wp-content\/uploads\/2014\/02\/vuokatti-14-3.jpg 800w\" sizes=\"(max-width: 300px) 100vw, 300px\" \/><\/a><p id=\"caption-attachment-3702\" class=\"wp-caption-text\">Ihan parasta!<\/p><\/div>\n<p style=\"text-align: left;\">Keli oli mit\u00e4 parhain: pari astetta l\u00e4mmint\u00e4 ja satoi jotain random-r\u00e4nt\u00e4\u00e4. Siin\u00e4p\u00e4 sitten vellihousut oppivat, ettei el\u00e4m\u00e4 ole pelkk\u00e4\u00e4 auringonpaistetta. Tai makkaranpaistoa. Niin! Rinteet olivat kuitenkin hyv\u00e4ss\u00e4 kunnossa, kun ne ajetaan aina y\u00f6t\u00e4 vasten. T\u00e4m\u00e4 on se suurin syy \u00e4nget\u00e4 tuonne m\u00e4keen heti kun vain p\u00e4\u00e4see. Laskimme ne muutamat Vuokatissa olevat laskettavat rinteet useampaan kertaan ja sen j\u00e4lkeen poikkesimme <a title=\"Ripa's\" href=\"http:\/\/www.vuokatti.fi\/fi\/tekemiset\/vuokatinrinteet\/ravintolat\/ripas+kuppila\/\" target=\"_blank\">Ripa&#8217;s -kuppilaan<\/a> munkille ja kaakaolle. Se on jo itsess\u00e4\u00e4n syy matkustaa Vuokattiin talvella. Eli siis selke\u00e4sti kolmen Michelin-t\u00e4hden paikka. Mit\u00e4 ne puhuu, ettei Suomessa ole kolmen t\u00e4hden paikkoja? Taas selv\u00e4 osoitus t\u00e4m\u00e4n maan Helsinkikeskeisyydest\u00e4.<\/p>\n<table border=\"0\" align=\"center\">\n<tbody>\n<tr>\n<td><a href=\"http:\/\/www.remonen.fi\/WP\/wp-content\/uploads\/2014\/02\/vuokatti-14-19.jpg\"><img loading=\"lazy\" decoding=\"async\" class=\"alignnone size-medium wp-image-3686\" title=\"title=&quot;Aperture: &#402;\/8 | Camera: NEX-6 | Taken: 20 helmikuun, 2014 | Exposure bias: +7\/10EV | Flash fired: no | Focal length: 36mm | ISO: 100 | Shutter speed: 1\/60s | &quot;\" alt=\"\" src=\"http:\/\/www.remonen.fi\/WP\/wp-content\/uploads\/2014\/02\/vuokatti-14-19-199x300.jpg\" width=\"199\" height=\"300\" srcset=\"https:\/\/www.remonen.fi\/WP\/wp-content\/uploads\/2014\/02\/vuokatti-14-19-199x300.jpg 199w, https:\/\/www.remonen.fi\/WP\/wp-content\/uploads\/2014\/02\/vuokatti-14-19.jpg 532w\" sizes=\"(max-width: 199px) 100vw, 199px\" \/><\/a><\/td>\n<td><a href=\"http:\/\/www.remonen.fi\/WP\/wp-content\/uploads\/2014\/02\/vuokatti-14-20.jpg\"><img loading=\"lazy\" decoding=\"async\" class=\"alignnone size-medium wp-image-3685\" title=\"title=&quot;Aperture: &#402;\/5 | Camera: NEX-6 | Taken: 20 helmikuun, 2014 | Exposure bias: +7\/10EV | Flash fired: no | Focal length: 31mm | ISO: 100 | Shutter speed: 1\/400s | &quot;\" alt=\"\" src=\"http:\/\/www.remonen.fi\/WP\/wp-content\/uploads\/2014\/02\/vuokatti-14-20-199x300.jpg\" width=\"199\" height=\"300\" srcset=\"https:\/\/www.remonen.fi\/WP\/wp-content\/uploads\/2014\/02\/vuokatti-14-20-199x300.jpg 199w, https:\/\/www.remonen.fi\/WP\/wp-content\/uploads\/2014\/02\/vuokatti-14-20.jpg 532w\" sizes=\"(max-width: 199px) 100vw, 199px\" \/><\/a><\/td>\n<td><a href=\"http:\/\/www.remonen.fi\/WP\/wp-content\/uploads\/2014\/02\/vuokatti-14-17.jpg\"><img loading=\"lazy\" decoding=\"async\" class=\"alignnone size-medium wp-image-3688\" title=\"title=&quot;Aperture: &#402;\/8 | Camera: NEX-6 | Taken: 20 helmikuun, 2014 | Exposure bias: +7\/10EV | Flash fired: no | Focal length: 50mm | ISO: 100 | Shutter speed: 1\/200s | &quot;\" alt=\"\" src=\"http:\/\/www.remonen.fi\/WP\/wp-content\/uploads\/2014\/02\/vuokatti-14-17-199x300.jpg\" width=\"199\" height=\"300\" srcset=\"https:\/\/www.remonen.fi\/WP\/wp-content\/uploads\/2014\/02\/vuokatti-14-17-199x300.jpg 199w, https:\/\/www.remonen.fi\/WP\/wp-content\/uploads\/2014\/02\/vuokatti-14-17.jpg 533w\" sizes=\"(max-width: 199px) 100vw, 199px\" \/><\/a><\/td>\n<\/tr>\n<\/tbody>\n<\/table>\n<p>Koko viikko menikin sitten enemm\u00e4n tai v\u00e4hemm\u00e4n samalla kaavalla: aamulla rinteeseen, puolilta p\u00e4ivin m\u00f6kille, saunaan, ruokaa, p\u00e4iv\u00e4nokoset, mahdollinen iltarinne, lis\u00e4\u00e4 saunaa ja nukkumaan. I&#8217;d call this a Holiday&#8230; Tosiaan, tuo iltarinne oli t\u00e4m\u00e4n kerran erikoisuus. Yleens\u00e4 vain J on mennyt iltarinteeseen, mutta nyt p\u00e4ivisin n\u00e4kyvyys oli heikko ja iltarinteess\u00e4 valot auttoivat n\u00e4kem\u00e4\u00e4n rinteen pinnan. Joten menimme kolmena iltana viel\u00e4 siin\u00e4 viiden maissa ottamaan puolentoistatunnin sessiot.<\/p>\n<table border=\"0\" align=\"center\">\n<tbody>\n<tr>\n<td><a href=\"http:\/\/www.remonen.fi\/WP\/wp-content\/uploads\/2014\/02\/vuokatti-14-5.jpg\"><img loading=\"lazy\" decoding=\"async\" class=\"alignnone size-medium wp-image-3700\" title=\"title=&quot;Aperture: &#402;\/4 | Camera: NEX-6 | Taken: 17 helmikuun, 2014 | Exposure bias: +7\/10EV | Flash fired: no | Focal length: 17mm | ISO: 800 | Shutter speed: 1\/50s | &quot;\" alt=\"\" src=\"http:\/\/www.remonen.fi\/WP\/wp-content\/uploads\/2014\/02\/vuokatti-14-5-199x300.jpg\" width=\"199\" height=\"300\" srcset=\"https:\/\/www.remonen.fi\/WP\/wp-content\/uploads\/2014\/02\/vuokatti-14-5-199x300.jpg 199w, https:\/\/www.remonen.fi\/WP\/wp-content\/uploads\/2014\/02\/vuokatti-14-5.jpg 532w\" sizes=\"(max-width: 199px) 100vw, 199px\" \/><\/a><\/td>\n<td><a href=\"http:\/\/www.remonen.fi\/WP\/wp-content\/uploads\/2014\/02\/vuokatti-14-9.jpg\"><img loading=\"lazy\" decoding=\"async\" class=\"alignnone size-medium wp-image-3696\" title=\"title=&quot;Aperture: &#402;\/5.6 | Camera: NEX-6 | Taken: 18 helmikuun, 2014 | Exposure bias: +7\/10EV | Flash fired: no | Focal length: 18mm | ISO: 800 | Shutter speed: 1\/10s | &quot;\" alt=\"\" src=\"http:\/\/www.remonen.fi\/WP\/wp-content\/uploads\/2014\/02\/vuokatti-14-9-199x300.jpg\" width=\"199\" height=\"300\" srcset=\"https:\/\/www.remonen.fi\/WP\/wp-content\/uploads\/2014\/02\/vuokatti-14-9-199x300.jpg 199w, https:\/\/www.remonen.fi\/WP\/wp-content\/uploads\/2014\/02\/vuokatti-14-9.jpg 532w\" sizes=\"(max-width: 199px) 100vw, 199px\" \/><\/a><\/td>\n<td><a href=\"http:\/\/www.remonen.fi\/WP\/wp-content\/uploads\/2014\/02\/vuokatti-14-7.jpg\"><img loading=\"lazy\" decoding=\"async\" class=\"alignnone size-medium wp-image-3698\" title=\"title=&quot;Aperture: &#402;\/5.6 | Camera: NEX-6 | Taken: 18 helmikuun, 2014 | Exposure bias: +7\/10EV | Flash fired: no | Focal length: 35mm | ISO: 800 | Shutter speed: 1\/6s | &quot;\" alt=\"\" src=\"http:\/\/www.remonen.fi\/WP\/wp-content\/uploads\/2014\/02\/vuokatti-14-7-199x300.jpg\" width=\"199\" height=\"300\" srcset=\"https:\/\/www.remonen.fi\/WP\/wp-content\/uploads\/2014\/02\/vuokatti-14-7-199x300.jpg 199w, https:\/\/www.remonen.fi\/WP\/wp-content\/uploads\/2014\/02\/vuokatti-14-7.jpg 532w\" sizes=\"(max-width: 199px) 100vw, 199px\" \/><\/a><\/td>\n<\/tr>\n<\/tbody>\n<\/table>\n<p>&nbsp;<\/p>\n<div id=\"attachment_3684\" style=\"width: 310px\" class=\"wp-caption alignright\"><a href=\"http:\/\/www.remonen.fi\/WP\/wp-content\/uploads\/2014\/02\/vuokatti-14-21.jpg\"><img loading=\"lazy\" decoding=\"async\" aria-describedby=\"caption-attachment-3684\" class=\"size-medium wp-image-3684\" title=\"title=&quot;Aperture: &#402;\/3.5 | Camera: NEX-6 | Taken: 20 helmikuun, 2014 | Exposure bias: +7\/10EV | Flash fired: no | Focal length: 16mm | ISO: 3200 | Shutter speed: 1\/6s | &quot;\" alt=\"\" src=\"http:\/\/www.remonen.fi\/WP\/wp-content\/uploads\/2014\/02\/vuokatti-14-21-300x199.jpg\" width=\"300\" height=\"199\" srcset=\"https:\/\/www.remonen.fi\/WP\/wp-content\/uploads\/2014\/02\/vuokatti-14-21-300x199.jpg 300w, https:\/\/www.remonen.fi\/WP\/wp-content\/uploads\/2014\/02\/vuokatti-14-21.jpg 800w\" sizes=\"(max-width: 300px) 100vw, 300px\" \/><\/a><p id=\"caption-attachment-3684\" class=\"wp-caption-text\">Kippo&#8230; huomaa pihvi&#8221;veitsi&#8221;<\/p><\/div>\n<p style=\"text-align: left;\">Viimeist\u00e4 edellisen\u00e4 iltana uskaltauduimme m\u00f6kist\u00e4 rinnett\u00e4 pidemm\u00e4lle ja menimme illalliselle <a title=\"Kippo\" href=\"http:\/\/www.kippo.fi\/\" target=\"_blank\">Ravintola Kippoon<\/a>. Voin suositella: ruoka oli oikeasti taivaallisen hyv\u00e4\u00e4. Pihvin kypsyysaste oli juuri sellainen medium miinus, kun min\u00e4 haluan. My\u00f6s nuorison sy\u00f6m\u00e4 hirvi oli eritt\u00e4in mureaa ja maukasta. Suosittelen. Jaa, taisin jo suositella. Enivei, suositeltava paikka. Ja v\u00e4hint\u00e4\u00e4n yht\u00e4 suositeltavaa oli meid\u00e4n perinneruokamme: Raclette. Vanha kunnon raclette-pannu jaksaa yh\u00e4 puhista vuodesta toiseen. Nyky\u00e4\u00e4n Vuokatista saa jo juustojakin t\u00e4h\u00e4n tarpeeseen, mutta aikaisemmilta vuosilta meille on j\u00e4\u00e4nyt p\u00e4\u00e4lle tapa, ett\u00e4 juustot roudataan etel\u00e4st\u00e4. Ensimm\u00e4isell\u00e4 kerralla vuosia sitten saimme karvaasti kokea, ettei pohjoisessa ole v\u00e4ltt\u00e4m\u00e4tt\u00e4 K-kaupassa sama valikoima kuin kotona. No, tulihan se Raclette Edamistakin&#8230;<\/p>\n<p><div id=\"attachment_3691\" style=\"width: 650px\" class=\"wp-caption alignnone\"><a href=\"http:\/\/www.remonen.fi\/WP\/wp-content\/uploads\/2014\/02\/vuokatti-14-14.jpg\"><img loading=\"lazy\" decoding=\"async\" aria-describedby=\"caption-attachment-3691\" class=\" wp-image-3691  \" title=\"title=&quot;Aperture: &#402;\/5 | Camera: NEX-6 | Taken: 19 helmikuun, 2014 | Exposure bias: +7\/10EV | Flash fired: no | Focal length: 16mm | ISO: 3200 | Shutter speed: 1\/50s | &quot;\" alt=\"\" src=\"http:\/\/www.remonen.fi\/WP\/wp-content\/uploads\/2014\/02\/vuokatti-14-14.jpg\" width=\"640\" height=\"426\" srcset=\"https:\/\/www.remonen.fi\/WP\/wp-content\/uploads\/2014\/02\/vuokatti-14-14.jpg 800w, https:\/\/www.remonen.fi\/WP\/wp-content\/uploads\/2014\/02\/vuokatti-14-14-300x199.jpg 300w\" sizes=\"(max-width: 640px) 100vw, 640px\" \/><\/a><p id=\"caption-attachment-3691\" class=\"wp-caption-text\">Und Raclette (der\/die\/das?)<\/p><\/div><div id=\"attachment_3726\" style=\"width: 209px\" class=\"wp-caption alignright\"><a href=\"http:\/\/www.remonen.fi\/WP\/wp-content\/uploads\/2014\/02\/Vuokatti-14-1-2.jpg\"><img loading=\"lazy\" decoding=\"async\" aria-describedby=\"caption-attachment-3726\" class=\"size-medium wp-image-3726\" title=\"title=&quot;Aperture: &#402;\/5.6 | Camera: NEX-6 | Taken: 21 helmikuun, 2014 | Exposure bias: +7\/10EV | Flash fired: no | Focal length: 50mm | ISO: 2500 | Shutter speed: 1\/80s | &quot;\" alt=\"\" src=\"http:\/\/www.remonen.fi\/WP\/wp-content\/uploads\/2014\/02\/Vuokatti-14-1-2-199x300.jpg\" width=\"199\" height=\"300\" srcset=\"https:\/\/www.remonen.fi\/WP\/wp-content\/uploads\/2014\/02\/Vuokatti-14-1-2-199x300.jpg 199w, https:\/\/www.remonen.fi\/WP\/wp-content\/uploads\/2014\/02\/Vuokatti-14-1-2.jpg 532w\" sizes=\"(max-width: 199px) 100vw, 199px\" \/><\/a><p id=\"caption-attachment-3726\" class=\"wp-caption-text\">Meir\u00e4n poijjaat&#8230;<\/p><\/div><\/p>\n<p style=\"text-align: left;\">Jahas, ent\u00e4s katti? T\u00e4m\u00e4 meid\u00e4n siis. Kattihan ei tykk\u00e4\u00e4 matkustamisesta lainkaan. Siin\u00e4 vaiheessa kun matkalaukkuja aletaan kantamaan autoon, se h\u00e4vi\u00e4\u00e4 johonkin mahdollisimman hankalaan paikkaan. Yleens\u00e4 s\u00e4ngyn alle. No sielt\u00e4 se h\u00e4tisteltiin harjan varrella liikkeelle ja tosiaan ly\u00f6tiin laatikkoon ja kalterit kiinni. No, ei kai kukaan tykk\u00e4isi olla pieness\u00e4 laatikossa kuutta tuntia ilman ruokaa, juomaa ja mahdollisuutta jaloitteluun&#8230; Ollaan noitakin kokeiltu, mutta k\u00e4yt\u00e4nt\u00f6 on opettanut, ett\u00e4 mit\u00e4 v\u00e4hemmin matkalla pys\u00e4hdyt\u00e4\u00e4n ym, sit\u00e4 tyytyv\u00e4isempi kissa on. Nytkin se perill\u00e4 heti muisti, ett\u00e4 mik\u00e4s paikka t\u00e4m\u00e4 onkaan ja alkoi kiipeilem\u00e4\u00e4n kaiteilla ja rappusissa. M\u00f6kki on kaksikerroksinen ja loft-tyyliin auki olohuoneen kohdalta. Yl\u00e4kerrassa on sitten kaide, jonka p\u00e4\u00e4ll\u00e4 voi treenata kissataitoja. Kuten 180-asteen k\u00e4\u00e4nn\u00f6st\u00e4 kaiteen p\u00e4\u00e4ll\u00e4. T\u00e4h\u00e4n asti on onnistunut&#8230; Toinen hauska leikki on menn\u00e4 s\u00e4ngyn alle sel\u00e4lleen ja vet\u00e4\u00e4 itse\u00e4\u00e4n kynsill\u00e4 s\u00e4ngynpohjasta eteenp\u00e4in. Eip\u00e4h\u00e4n tarvitse imuroida s\u00e4ngynalusia, kunhan p\u00f6llytt\u00e4\u00e4 kissan. Kaiken kaikkiaan uskon, ett\u00e4 kissa nauttii siit\u00e4, ett\u00e4 v\u00e4lill\u00e4 p\u00e4\u00e4see n\u00e4kem\u00e4\u00e4n uusia, puolituttuja paikkoja. Toisaalta, eip\u00e4 silt\u00e4 paljoa kysell\u00e4.<\/p>\n<table border=\"0\" align=\"center\">\n<tbody>\n<tr>\n<td><a href=\"http:\/\/www.remonen.fi\/WP\/wp-content\/uploads\/2014\/02\/vuokatti-14-16.jpg\"><img loading=\"lazy\" decoding=\"async\" class=\"alignnone size-medium wp-image-3689\" title=\"title=&quot;Aperture: &#402;\/5.6 | Camera: NEX-6 | Taken: 20 helmikuun, 2014 | Exposure bias: +7\/10EV | Flash fired: no | Focal length: 45mm | ISO: 3200 | Shutter speed: 1\/2.5s | &quot;\" alt=\"\" src=\"http:\/\/www.remonen.fi\/WP\/wp-content\/uploads\/2014\/02\/vuokatti-14-16-300x199.jpg\" width=\"300\" height=\"199\" srcset=\"https:\/\/www.remonen.fi\/WP\/wp-content\/uploads\/2014\/02\/vuokatti-14-16-300x199.jpg 300w, https:\/\/www.remonen.fi\/WP\/wp-content\/uploads\/2014\/02\/vuokatti-14-16.jpg 800w\" sizes=\"(max-width: 300px) 100vw, 300px\" \/><\/a><\/td>\n<td><a href=\"http:\/\/www.remonen.fi\/WP\/wp-content\/uploads\/2014\/02\/vuokatti-14-13.jpg\"><img loading=\"lazy\" decoding=\"async\" class=\"alignnone size-medium wp-image-3692\" title=\"title=&quot;Aperture: &#402;\/5 | Camera: NEX-6 | Taken: 19 helmikuun, 2014 | Exposure bias: +7\/10EV | Flash fired: no | Focal length: 16mm | ISO: 800 | Shutter speed: 1\/6s | &quot;\" alt=\"\" src=\"http:\/\/www.remonen.fi\/WP\/wp-content\/uploads\/2014\/02\/vuokatti-14-13-300x199.jpg\" width=\"300\" height=\"199\" srcset=\"https:\/\/www.remonen.fi\/WP\/wp-content\/uploads\/2014\/02\/vuokatti-14-13-300x199.jpg 300w, https:\/\/www.remonen.fi\/WP\/wp-content\/uploads\/2014\/02\/vuokatti-14-13.jpg 800w\" sizes=\"(max-width: 300px) 100vw, 300px\" \/><\/a><\/td>\n<\/tr>\n<\/tbody>\n<\/table>\n<p>Mutta n\u00e4in meni seitsem\u00e4n p\u00e4iv\u00e4\u00e4 ja sitten pakattiin taas koko sirkus autoihin ja palattiin kotiin. Ensi vuonna varmaan taas sama juttu. Tai sitten jotain muuta.<\/p>\n<table border=\"0\" align=\"center\">\n<tbody>\n<tr>\n<td><a href=\"http:\/\/www.remonen.fi\/WP\/wp-content\/uploads\/2014\/02\/vuokatti-14-4.jpg\"><img loading=\"lazy\" decoding=\"async\" class=\"alignnone size-medium wp-image-3701\" title=\"title=&quot;Aperture: &#402;\/5.6 | Camera: NEX-6 | Taken: 17 helmikuun, 2014 | Exposure bias: +7\/10EV | Flash fired: no | Focal length: 38mm | ISO: 800 | Shutter speed: 1\/640s | &quot;\" alt=\"\" src=\"http:\/\/www.remonen.fi\/WP\/wp-content\/uploads\/2014\/02\/vuokatti-14-4-300x199.jpg\" width=\"300\" height=\"199\" srcset=\"https:\/\/www.remonen.fi\/WP\/wp-content\/uploads\/2014\/02\/vuokatti-14-4-300x199.jpg 300w, https:\/\/www.remonen.fi\/WP\/wp-content\/uploads\/2014\/02\/vuokatti-14-4.jpg 800w\" sizes=\"(max-width: 300px) 100vw, 300px\" \/><\/a><\/td>\n<td><a href=\"http:\/\/www.remonen.fi\/WP\/wp-content\/uploads\/2014\/02\/vuokatti-14-12.jpg\"><img loading=\"lazy\" decoding=\"async\" class=\"alignnone size-medium wp-image-3693\" title=\"title=&quot;Aperture: &#402;\/5.6 | Camera: NEX-6 | Taken: 19 helmikuun, 2014 | Exposure bias: +7\/10EV | Flash fired: no | Focal length: 50mm | ISO: 800 | Shutter speed: 1\/3200s | &quot;\" alt=\"\" src=\"http:\/\/www.remonen.fi\/WP\/wp-content\/uploads\/2014\/02\/vuokatti-14-12-199x300.jpg\" width=\"199\" height=\"300\" srcset=\"https:\/\/www.remonen.fi\/WP\/wp-content\/uploads\/2014\/02\/vuokatti-14-12-199x300.jpg 199w, https:\/\/www.remonen.fi\/WP\/wp-content\/uploads\/2014\/02\/vuokatti-14-12.jpg 532w\" sizes=\"(max-width: 199px) 100vw, 199px\" \/><\/a><\/td>\n<\/tr>\n<tr>\n<td><a href=\"http:\/\/www.remonen.fi\/WP\/wp-content\/uploads\/2014\/02\/vuokatti-14-18.jpg\"><img loading=\"lazy\" decoding=\"async\" class=\"size-medium wp-image-3687 alignright\" title=\"title=&quot;Aperture: &#402;\/8 | Camera: NEX-6 | Taken: 20 helmikuun, 2014 | Exposure bias: +7\/10EV | Flash fired: no | Focal length: 50mm | ISO: 100 | Shutter speed: 1\/200s | &quot;\" alt=\"\" src=\"http:\/\/www.remonen.fi\/WP\/wp-content\/uploads\/2014\/02\/vuokatti-14-18-199x300.jpg\" width=\"199\" height=\"300\" srcset=\"https:\/\/www.remonen.fi\/WP\/wp-content\/uploads\/2014\/02\/vuokatti-14-18-199x300.jpg 199w, https:\/\/www.remonen.fi\/WP\/wp-content\/uploads\/2014\/02\/vuokatti-14-18.jpg 532w\" sizes=\"(max-width: 199px) 100vw, 199px\" \/><\/a><\/td>\n<td><a href=\"http:\/\/www.remonen.fi\/WP\/wp-content\/uploads\/2014\/02\/vuokatti-14-10.jpg\"><img loading=\"lazy\" decoding=\"async\" class=\"alignnone size-medium wp-image-3695\" title=\"title=&quot;Aperture: &#402;\/5.6 | Camera: NEX-6 | Taken: 18 helmikuun, 2014 | Exposure bias: +7\/10EV | Flash fired: no | Focal length: 27mm | ISO: 800 | Shutter speed: 1\/20s | &quot;\" alt=\"\" src=\"http:\/\/www.remonen.fi\/WP\/wp-content\/uploads\/2014\/02\/vuokatti-14-10-300x199.jpg\" width=\"300\" height=\"199\" srcset=\"https:\/\/www.remonen.fi\/WP\/wp-content\/uploads\/2014\/02\/vuokatti-14-10-300x199.jpg 300w, https:\/\/www.remonen.fi\/WP\/wp-content\/uploads\/2014\/02\/vuokatti-14-10.jpg 800w\" sizes=\"(max-width: 300px) 100vw, 300px\" \/><\/a><\/td>\n<\/tr>\n<\/tbody>\n<\/table>\n<p><a href=\"http:\/\/www.remonen.fi\/WP\/wp-content\/uploads\/2014\/02\/vuokatti-14-6.jpg\"><img loading=\"lazy\" decoding=\"async\" class=\"alignnone  wp-image-3699\" title=\"title=&quot;Aperture: &#402;\/5.6 | Camera: NEX-6 | Taken: 17 helmikuun, 2014 | Exposure bias: +7\/10EV | Flash fired: no | Focal length: 24mm | ISO: 800 | Shutter speed: 1\/25s | &quot;\" alt=\"\" src=\"http:\/\/www.remonen.fi\/WP\/wp-content\/uploads\/2014\/02\/vuokatti-14-6.jpg\" width=\"640\" height=\"426\" srcset=\"https:\/\/www.remonen.fi\/WP\/wp-content\/uploads\/2014\/02\/vuokatti-14-6.jpg 800w, https:\/\/www.remonen.fi\/WP\/wp-content\/uploads\/2014\/02\/vuokatti-14-6-300x199.jpg 300w\" sizes=\"(max-width: 640px) 100vw, 640px\" \/><\/a><\/p>\n<p>Dokumentaatiolaitteena NEX6 ja objektiivina p\u00e4\u00e4osin SEL1650, joissain kuvissa SEL1855. Ja uutuutena yleis\u00f6n pyynn\u00f6st\u00e4: kuvien EXIFit saa n\u00e4kyviin viem\u00e4ll\u00e4 kursorin kuvan p\u00e4\u00e4lle.<\/p>\n","protected":false},"excerpt":{"rendered":"<p>Taas koitti aika Vuokatin. Viikolla 8 ollaan n\u00e4et pruukattu menn\u00e4 Vuokattiin hiihtolomalle. T\u00e4m\u00e4 taisi olla jo 14. vuosi tuolla ja kahdestoista samassa m\u00f6kiss\u00e4. Eip\u00e4 sit\u00e4 oikein muualle en\u00e4\u00e4 taida osata menn\u00e4. Ja m\u00f6kki valikoituu l\u00e4hinn\u00e4 sen t\u00e4hden ett\u00e4 sinne saa ottaa kotiel\u00e4imi\u00e4. Joten sukset katolle, perhe autoon, kissa lootaan (ei suksi-) ja menoksi. Menimme t\u00e4n\u00e4 [&hellip;]<\/p>\n","protected":false},"author":2,"featured_media":3697,"comment_status":"open","ping_status":"closed","sticky":false,"template":"","format":"standard","meta":{"footnotes":""},"categories":[16],"tags":[164,163,55],"yoast_head":"<!-- This site is optimized with the Yoast SEO plugin v24.5 - https:\/\/yoast.com\/wordpress\/plugins\/seo\/ -->\n<title>Katti, Katimpi, Vuokatti - gREat MOments NEver fogotteN<\/title>\n<meta name=\"description\" content=\"Taas koitti aika Vuokatin. Viikolla 8 ollaan n\u00e4et pruukattu menn\u00e4 Vuokattiin hiihtolomalle. T\u00e4m\u00e4 taisi olla jo 14 vuosi tuolla ja kahdestoista samassa\" \/>\n<meta name=\"robots\" content=\"index, follow, max-snippet:-1, max-image-preview:large, max-video-preview:-1\" \/>\n<link rel=\"canonical\" href=\"https:\/\/www.remonen.fi\/WP\/blogi\/katti-katimpi-vuokatti\/\" \/>\n<meta property=\"og:locale\" content=\"fi_FI\" \/>\n<meta property=\"og:type\" content=\"article\" \/>\n<meta property=\"og:title\" content=\"Katti, Katimpi, Vuokatti - gREat MOments NEver fogotteN\" \/>\n<meta property=\"og:description\" content=\"Taas koitti aika Vuokatin. Viikolla 8 ollaan n\u00e4et pruukattu menn\u00e4 Vuokattiin hiihtolomalle. T\u00e4m\u00e4 taisi olla jo 14 vuosi tuolla ja kahdestoista samassa\" \/>\n<meta property=\"og:url\" content=\"https:\/\/www.remonen.fi\/WP\/blogi\/katti-katimpi-vuokatti\/\" \/>\n<meta property=\"og:site_name\" content=\"remonen.fi\" \/>\n<meta property=\"article:published_time\" content=\"2014-02-23T17:14:38+00:00\" \/>\n<meta property=\"og:image\" content=\"https:\/\/www.remonen.fi\/WP\/wp-content\/uploads\/2014\/02\/vuokatti-14-8.jpg\" \/>\n\t<meta property=\"og:image:width\" content=\"800\" \/>\n\t<meta property=\"og:image:height\" content=\"372\" \/>\n\t<meta property=\"og:image:type\" content=\"image\/jpeg\" \/>\n<meta name=\"author\" content=\"Matti Remonen\" \/>\n<meta name=\"twitter:label1\" content=\"Kirjoittanut\" \/>\n\t<meta name=\"twitter:data1\" content=\"Matti Remonen\" \/>\n\t<meta name=\"twitter:label2\" content=\"Arvioitu lukuaika\" \/>\n\t<meta name=\"twitter:data2\" content=\"4 minuuttia\" \/>\n<script type=\"application\/ld+json\" class=\"yoast-schema-graph\">{\"@context\":\"https:\/\/schema.org\",\"@graph\":[{\"@type\":\"Article\",\"@id\":\"https:\/\/www.remonen.fi\/WP\/blogi\/katti-katimpi-vuokatti\/#article\",\"isPartOf\":{\"@id\":\"https:\/\/www.remonen.fi\/WP\/blogi\/katti-katimpi-vuokatti\/\"},\"author\":{\"name\":\"Matti Remonen\",\"@id\":\"https:\/\/www.remonen.fi\/WP\/#\/schema\/person\/1803c23d1d4f6722054eb2ac7f7a97cd\"},\"headline\":\"Katti, katimpi, Vuokatti\",\"datePublished\":\"2014-02-23T17:14:38+00:00\",\"mainEntityOfPage\":{\"@id\":\"https:\/\/www.remonen.fi\/WP\/blogi\/katti-katimpi-vuokatti\/\"},\"wordCount\":740,\"commentCount\":0,\"publisher\":{\"@id\":\"https:\/\/www.remonen.fi\/WP\/#\/schema\/person\/1803c23d1d4f6722054eb2ac7f7a97cd\"},\"image\":{\"@id\":\"https:\/\/www.remonen.fi\/WP\/blogi\/katti-katimpi-vuokatti\/#primaryimage\"},\"thumbnailUrl\":\"https:\/\/www.remonen.fi\/WP\/wp-content\/uploads\/2014\/02\/vuokatti-14-8.jpg\",\"keywords\":[\"Kippo\",\"Ripa's kuppila\",\"Vuokatti\"],\"articleSection\":[\"Blog\"],\"inLanguage\":\"fi\",\"potentialAction\":[{\"@type\":\"CommentAction\",\"name\":\"Comment\",\"target\":[\"https:\/\/www.remonen.fi\/WP\/blogi\/katti-katimpi-vuokatti\/#respond\"]}]},{\"@type\":\"WebPage\",\"@id\":\"https:\/\/www.remonen.fi\/WP\/blogi\/katti-katimpi-vuokatti\/\",\"url\":\"https:\/\/www.remonen.fi\/WP\/blogi\/katti-katimpi-vuokatti\/\",\"name\":\"Katti, Katimpi, Vuokatti - gREat MOments NEver fogotteN\",\"isPartOf\":{\"@id\":\"https:\/\/www.remonen.fi\/WP\/#website\"},\"primaryImageOfPage\":{\"@id\":\"https:\/\/www.remonen.fi\/WP\/blogi\/katti-katimpi-vuokatti\/#primaryimage\"},\"image\":{\"@id\":\"https:\/\/www.remonen.fi\/WP\/blogi\/katti-katimpi-vuokatti\/#primaryimage\"},\"thumbnailUrl\":\"https:\/\/www.remonen.fi\/WP\/wp-content\/uploads\/2014\/02\/vuokatti-14-8.jpg\",\"datePublished\":\"2014-02-23T17:14:38+00:00\",\"description\":\"Taas koitti aika Vuokatin. Viikolla 8 ollaan n\u00e4et pruukattu menn\u00e4 Vuokattiin hiihtolomalle. T\u00e4m\u00e4 taisi olla jo 14 vuosi tuolla ja kahdestoista samassa\",\"breadcrumb\":{\"@id\":\"https:\/\/www.remonen.fi\/WP\/blogi\/katti-katimpi-vuokatti\/#breadcrumb\"},\"inLanguage\":\"fi\",\"potentialAction\":[{\"@type\":\"ReadAction\",\"target\":[\"https:\/\/www.remonen.fi\/WP\/blogi\/katti-katimpi-vuokatti\/\"]}]},{\"@type\":\"ImageObject\",\"inLanguage\":\"fi\",\"@id\":\"https:\/\/www.remonen.fi\/WP\/blogi\/katti-katimpi-vuokatti\/#primaryimage\",\"url\":\"https:\/\/www.remonen.fi\/WP\/wp-content\/uploads\/2014\/02\/vuokatti-14-8.jpg\",\"contentUrl\":\"https:\/\/www.remonen.fi\/WP\/wp-content\/uploads\/2014\/02\/vuokatti-14-8.jpg\",\"width\":800,\"height\":372},{\"@type\":\"BreadcrumbList\",\"@id\":\"https:\/\/www.remonen.fi\/WP\/blogi\/katti-katimpi-vuokatti\/#breadcrumb\",\"itemListElement\":[{\"@type\":\"ListItem\",\"position\":1,\"name\":\"Etusivu\",\"item\":\"https:\/\/www.remonen.fi\/WP\/\"},{\"@type\":\"ListItem\",\"position\":2,\"name\":\"Katti, katimpi, Vuokatti\"}]},{\"@type\":\"WebSite\",\"@id\":\"https:\/\/www.remonen.fi\/WP\/#website\",\"url\":\"https:\/\/www.remonen.fi\/WP\/\",\"name\":\"remonen.fi\",\"description\":\"Valokuvia ja tarinaa laidasta laitaan\",\"publisher\":{\"@id\":\"https:\/\/www.remonen.fi\/WP\/#\/schema\/person\/1803c23d1d4f6722054eb2ac7f7a97cd\"},\"potentialAction\":[{\"@type\":\"SearchAction\",\"target\":{\"@type\":\"EntryPoint\",\"urlTemplate\":\"https:\/\/www.remonen.fi\/WP\/?s={search_term_string}\"},\"query-input\":{\"@type\":\"PropertyValueSpecification\",\"valueRequired\":true,\"valueName\":\"search_term_string\"}}],\"inLanguage\":\"fi\"},{\"@type\":[\"Person\",\"Organization\"],\"@id\":\"https:\/\/www.remonen.fi\/WP\/#\/schema\/person\/1803c23d1d4f6722054eb2ac7f7a97cd\",\"name\":\"Matti Remonen\",\"logo\":{\"@id\":\"https:\/\/www.remonen.fi\/WP\/#\/schema\/person\/image\/\"},\"url\":\"https:\/\/www.remonen.fi\/WP\/blogi\/author\/mre\/\"}]}<\/script>\n<!-- \/ Yoast SEO plugin. -->","yoast_head_json":{"title":"Katti, Katimpi, Vuokatti - gREat MOments NEver fogotteN","description":"Taas koitti aika Vuokatin. Viikolla 8 ollaan n\u00e4et pruukattu menn\u00e4 Vuokattiin hiihtolomalle. T\u00e4m\u00e4 taisi olla jo 14 vuosi tuolla ja kahdestoista samassa","robots":{"index":"index","follow":"follow","max-snippet":"max-snippet:-1","max-image-preview":"max-image-preview:large","max-video-preview":"max-video-preview:-1"},"canonical":"https:\/\/www.remonen.fi\/WP\/blogi\/katti-katimpi-vuokatti\/","og_locale":"fi_FI","og_type":"article","og_title":"Katti, Katimpi, Vuokatti - gREat MOments NEver fogotteN","og_description":"Taas koitti aika Vuokatin. Viikolla 8 ollaan n\u00e4et pruukattu menn\u00e4 Vuokattiin hiihtolomalle. T\u00e4m\u00e4 taisi olla jo 14 vuosi tuolla ja kahdestoista samassa","og_url":"https:\/\/www.remonen.fi\/WP\/blogi\/katti-katimpi-vuokatti\/","og_site_name":"remonen.fi","article_published_time":"2014-02-23T17:14:38+00:00","og_image":[{"width":800,"height":372,"url":"https:\/\/www.remonen.fi\/WP\/wp-content\/uploads\/2014\/02\/vuokatti-14-8.jpg","type":"image\/jpeg"}],"author":"Matti Remonen","twitter_misc":{"Kirjoittanut":"Matti Remonen","Arvioitu lukuaika":"4 minuuttia"},"schema":{"@context":"https:\/\/schema.org","@graph":[{"@type":"Article","@id":"https:\/\/www.remonen.fi\/WP\/blogi\/katti-katimpi-vuokatti\/#article","isPartOf":{"@id":"https:\/\/www.remonen.fi\/WP\/blogi\/katti-katimpi-vuokatti\/"},"author":{"name":"Matti Remonen","@id":"https:\/\/www.remonen.fi\/WP\/#\/schema\/person\/1803c23d1d4f6722054eb2ac7f7a97cd"},"headline":"Katti, katimpi, Vuokatti","datePublished":"2014-02-23T17:14:38+00:00","mainEntityOfPage":{"@id":"https:\/\/www.remonen.fi\/WP\/blogi\/katti-katimpi-vuokatti\/"},"wordCount":740,"commentCount":0,"publisher":{"@id":"https:\/\/www.remonen.fi\/WP\/#\/schema\/person\/1803c23d1d4f6722054eb2ac7f7a97cd"},"image":{"@id":"https:\/\/www.remonen.fi\/WP\/blogi\/katti-katimpi-vuokatti\/#primaryimage"},"thumbnailUrl":"https:\/\/www.remonen.fi\/WP\/wp-content\/uploads\/2014\/02\/vuokatti-14-8.jpg","keywords":["Kippo","Ripa's kuppila","Vuokatti"],"articleSection":["Blog"],"inLanguage":"fi","potentialAction":[{"@type":"CommentAction","name":"Comment","target":["https:\/\/www.remonen.fi\/WP\/blogi\/katti-katimpi-vuokatti\/#respond"]}]},{"@type":"WebPage","@id":"https:\/\/www.remonen.fi\/WP\/blogi\/katti-katimpi-vuokatti\/","url":"https:\/\/www.remonen.fi\/WP\/blogi\/katti-katimpi-vuokatti\/","name":"Katti, Katimpi, Vuokatti - gREat MOments NEver fogotteN","isPartOf":{"@id":"https:\/\/www.remonen.fi\/WP\/#website"},"primaryImageOfPage":{"@id":"https:\/\/www.remonen.fi\/WP\/blogi\/katti-katimpi-vuokatti\/#primaryimage"},"image":{"@id":"https:\/\/www.remonen.fi\/WP\/blogi\/katti-katimpi-vuokatti\/#primaryimage"},"thumbnailUrl":"https:\/\/www.remonen.fi\/WP\/wp-content\/uploads\/2014\/02\/vuokatti-14-8.jpg","datePublished":"2014-02-23T17:14:38+00:00","description":"Taas koitti aika Vuokatin. Viikolla 8 ollaan n\u00e4et pruukattu menn\u00e4 Vuokattiin hiihtolomalle. T\u00e4m\u00e4 taisi olla jo 14 vuosi tuolla ja kahdestoista samassa","breadcrumb":{"@id":"https:\/\/www.remonen.fi\/WP\/blogi\/katti-katimpi-vuokatti\/#breadcrumb"},"inLanguage":"fi","potentialAction":[{"@type":"ReadAction","target":["https:\/\/www.remonen.fi\/WP\/blogi\/katti-katimpi-vuokatti\/"]}]},{"@type":"ImageObject","inLanguage":"fi","@id":"https:\/\/www.remonen.fi\/WP\/blogi\/katti-katimpi-vuokatti\/#primaryimage","url":"https:\/\/www.remonen.fi\/WP\/wp-content\/uploads\/2014\/02\/vuokatti-14-8.jpg","contentUrl":"https:\/\/www.remonen.fi\/WP\/wp-content\/uploads\/2014\/02\/vuokatti-14-8.jpg","width":800,"height":372},{"@type":"BreadcrumbList","@id":"https:\/\/www.remonen.fi\/WP\/blogi\/katti-katimpi-vuokatti\/#breadcrumb","itemListElement":[{"@type":"ListItem","position":1,"name":"Etusivu","item":"https:\/\/www.remonen.fi\/WP\/"},{"@type":"ListItem","position":2,"name":"Katti, katimpi, Vuokatti"}]},{"@type":"WebSite","@id":"https:\/\/www.remonen.fi\/WP\/#website","url":"https:\/\/www.remonen.fi\/WP\/","name":"remonen.fi","description":"Valokuvia ja tarinaa laidasta laitaan","publisher":{"@id":"https:\/\/www.remonen.fi\/WP\/#\/schema\/person\/1803c23d1d4f6722054eb2ac7f7a97cd"},"potentialAction":[{"@type":"SearchAction","target":{"@type":"EntryPoint","urlTemplate":"https:\/\/www.remonen.fi\/WP\/?s={search_term_string}"},"query-input":{"@type":"PropertyValueSpecification","valueRequired":true,"valueName":"search_term_string"}}],"inLanguage":"fi"},{"@type":["Person","Organization"],"@id":"https:\/\/www.remonen.fi\/WP\/#\/schema\/person\/1803c23d1d4f6722054eb2ac7f7a97cd","name":"Matti Remonen","logo":{"@id":"https:\/\/www.remonen.fi\/WP\/#\/schema\/person\/image\/"},"url":"https:\/\/www.remonen.fi\/WP\/blogi\/author\/mre\/"}]}},"_links":{"self":[{"href":"https:\/\/www.remonen.fi\/WP\/wp-json\/wp\/v2\/posts\/3681"}],"collection":[{"href":"https:\/\/www.remonen.fi\/WP\/wp-json\/wp\/v2\/posts"}],"about":[{"href":"https:\/\/www.remonen.fi\/WP\/wp-json\/wp\/v2\/types\/post"}],"author":[{"embeddable":true,"href":"https:\/\/www.remonen.fi\/WP\/wp-json\/wp\/v2\/users\/2"}],"replies":[{"embeddable":true,"href":"https:\/\/www.remonen.fi\/WP\/wp-json\/wp\/v2\/comments?post=3681"}],"version-history":[{"count":0,"href":"https:\/\/www.remonen.fi\/WP\/wp-json\/wp\/v2\/posts\/3681\/revisions"}],"wp:featuredmedia":[{"embeddable":true,"href":"https:\/\/www.remonen.fi\/WP\/wp-json\/wp\/v2\/media\/3697"}],"wp:attachment":[{"href":"https:\/\/www.remonen.fi\/WP\/wp-json\/wp\/v2\/media?parent=3681"}],"wp:term":[{"taxonomy":"category","embeddable":true,"href":"https:\/\/www.remonen.fi\/WP\/wp-json\/wp\/v2\/categories?post=3681"},{"taxonomy":"post_tag","embeddable":true,"href":"https:\/\/www.remonen.fi\/WP\/wp-json\/wp\/v2\/tags?post=3681"}],"curies":[{"name":"wp","href":"https:\/\/api.w.org\/{rel}","templated":true}]}}