{"id":3739,"date":"2014-03-02T15:30:34","date_gmt":"2014-03-02T13:30:34","guid":{"rendered":"http:\/\/www.remonen.fi\/?p=3739"},"modified":"2014-03-02T15:30:34","modified_gmt":"2014-03-02T13:30:34","slug":"juokse-sina-humma","status":"publish","type":"post","link":"https:\/\/www.remonen.fi\/WP\/blogi\/juokse-sina-humma\/","title":{"rendered":"Juokse sin\u00e4 humma&#8230;"},"content":{"rendered":"<p><a href=\"http:\/\/www.remonen.fi\/WP\/wp-content\/uploads\/2014\/03\/vermo_01032014-1.jpg\"><img loading=\"lazy\" decoding=\"async\" class=\"alignright size-medium wp-image-3741\" title=\"&quot;Aperture: &#402;\/2.8 | Credit: Matti Remonen | Camera: NIKON D800E | Taken: 1 maaliskuun, 2014 | Copyright: (c) Matti Remonen | Flash fired: no | Focal length: 60mm | ISO: 100 | Shutter speed: 1\/6400s | &quot;\" alt=\"\" src=\"http:\/\/www.remonen.fi\/WP\/wp-content\/uploads\/2014\/03\/vermo_01032014-1-200x300.jpg\" width=\"200\" height=\"300\" srcset=\"https:\/\/www.remonen.fi\/WP\/wp-content\/uploads\/2014\/03\/vermo_01032014-1-200x300.jpg 200w, https:\/\/www.remonen.fi\/WP\/wp-content\/uploads\/2014\/03\/vermo_01032014-1.jpg 534w\" sizes=\"(max-width: 200px) 100vw, 200px\" \/><\/a>Kun tuo taivas on niin tumma&#8230; Joo, taivas kyll\u00e4 ensin n\u00e4ytti olevan kovin kirkas, mutta l\u00e4hes heti kun saavuin Vermoon, aurinko painui pilven taa, eik\u00e4 sielt\u00e4 oikein en\u00e4\u00e4 uskaltautunutkaan takaisin.<\/p>\n<p>Jaa, siis mihin? <a title=\"Vermo\" href=\"http:\/\/www.vermo.fi\" target=\"_blank\">Vermon <\/a>raviradalle tietysti. Mulla on ollut pidemm\u00e4n aikaa suunnitelmissa menn\u00e4 tuonne kuvaamaan ja kun K\u00f6min kuvaklubin kautta siihen avautui ihan &#8221;opastettu&#8221; mahdollisuus, niin olihan sit\u00e4 ment\u00e4v\u00e4. T\u00e4st\u00e4 vuodestahan on mulle tulossa varsinainen &#8221;Hevosen Vuosi&#8221;, kun tuossa touko-kes\u00e4kuun vaihteessa menen viel\u00e4 <a title=\"Hevoskuvauskurssi\" href=\"http:\/\/www.hevosopisto.fi\/fin\/ajankohtaista\/hevosvalokuvauksen_leiri\/\" target=\"_blank\">Yp\u00e4j\u00e4lle hevoskusvauskurssille<\/a>. Don&#8217;t ask me why, mutta n\u00e4in se nyt sitten menee.<\/p>\n<p>En tosiaan ole koskaan k\u00e4ynyt raveissa ja jos joskus televisiossa ravikanava sattuu kohdalle, vaihdan v\u00e4litt\u00f6m\u00e4sti toisaalle. Ett\u00e4 t\u00e4llainen hevosharrastaja. Toisaalta taas hevoset on kyll\u00e4 komeita el\u00e4imi\u00e4 ja niit\u00e4 on hieman helpompi kuvata kuin jotain lehtokurppaa suossa seisten.<\/p>\n<p>Meit\u00e4 oli ker\u00e4\u00e4ntynyt Vermoon muutama muukin innokas kokeilija, kenell\u00e4k\u00e4\u00e4n ei oikein tainnut olla aiempaa kokemusta, paitsi tietysti homman j\u00e4rjest\u00e4j\u00e4ll\u00e4, Reimalla. Saimme my\u00f6s oman oppaan, radalla j\u00e4rjestysmiehen\u00e4 toimivan Sadun kierr\u00e4tt\u00e4m\u00e4\u00e4n meit\u00e4 alueella. Joka olikin hyv\u00e4 asia, koska itse en olisi oikein uskaltanut tuolla liikkua, kun ei oikein tied\u00e4 mik\u00e4 on sopivaa ja mik\u00e4 ei.<\/p>\n<p><a href=\"http:\/\/www.remonen.fi\/WP\/wp-content\/uploads\/2014\/03\/vermo_01032014-11.jpg\"><img loading=\"lazy\" decoding=\"async\" class=\"alignnone  wp-image-3742\" title=\"&quot;Aperture: &#402;\/4.8 | Credit: Matti Remonen | Camera: NIKON D800E | Taken: 1 maaliskuun, 2014 | Copyright: (c) Matti Remonen | Flash fired: no | Focal length: 340mm | ISO: 1250 | Shutter speed: 1\/640s | &quot;\" alt=\"\" src=\"http:\/\/www.remonen.fi\/WP\/wp-content\/uploads\/2014\/03\/vermo_01032014-11.jpg\" width=\"640\" height=\"427\" srcset=\"https:\/\/www.remonen.fi\/WP\/wp-content\/uploads\/2014\/03\/vermo_01032014-11.jpg 800w, https:\/\/www.remonen.fi\/WP\/wp-content\/uploads\/2014\/03\/vermo_01032014-11-300x200.jpg 300w\" sizes=\"(max-width: 640px) 100vw, 640px\" \/><\/a><\/p>\n<p>Minulle oli uutta tietoa se, ett\u00e4 raviradan alueella on tallit n. kuudellekymmenelle hevoselle, jotka ovat siell\u00e4 siis jatkuvasti. Eli siis kaikkia hevosia ei raahata toiselta puolelta Suomea yhden juoksun takia, vaan ne ovat jo valmiiksi paikalla. Luulisi tuosta saavan jotain apua my\u00f6s itse kilpailuunkin. En tied\u00e4.<\/p>\n<table border=\"0\" align=\"center\">\n<tbody>\n<tr>\n<td><a href=\"http:\/\/www.remonen.fi\/WP\/wp-content\/uploads\/2014\/03\/vermo_01032014-3.jpg\"><img loading=\"lazy\" decoding=\"async\" class=\"alignnone size-medium wp-image-3750\" title=\"&quot;Aperture: &#402;\/4.8 | Credit: Matti Remonen | Camera: NIKON D800E | Taken: 1 maaliskuun, 2014 | Copyright: (c) Matti Remonen | Flash fired: no | Focal length: 130mm | ISO: 160 | Shutter speed: 1\/160s | &quot;\" alt=\"\" src=\"http:\/\/www.remonen.fi\/WP\/wp-content\/uploads\/2014\/03\/vermo_01032014-3-200x300.jpg\" width=\"200\" height=\"300\" srcset=\"https:\/\/www.remonen.fi\/WP\/wp-content\/uploads\/2014\/03\/vermo_01032014-3-200x300.jpg 200w, https:\/\/www.remonen.fi\/WP\/wp-content\/uploads\/2014\/03\/vermo_01032014-3.jpg 534w\" sizes=\"(max-width: 200px) 100vw, 200px\" \/><\/a><\/td>\n<td><a href=\"http:\/\/www.remonen.fi\/WP\/wp-content\/uploads\/2014\/03\/vermo_01032014-6.jpg\"><img loading=\"lazy\" decoding=\"async\" class=\"alignnone size-medium wp-image-3747\" title=\"&quot;Aperture: &#402;\/2.8 | Credit: Matti Remonen | Camera: NIKON D800E | Taken: 1 maaliskuun, 2014 | Copyright: (c) Matti Remonen | Flash fired: no | Focal length: 70mm | ISO: 640 | Shutter speed: 1\/320s | &quot;\" alt=\"\" src=\"http:\/\/www.remonen.fi\/WP\/wp-content\/uploads\/2014\/03\/vermo_01032014-6-200x300.jpg\" width=\"200\" height=\"300\" srcset=\"https:\/\/www.remonen.fi\/WP\/wp-content\/uploads\/2014\/03\/vermo_01032014-6-200x300.jpg 200w, https:\/\/www.remonen.fi\/WP\/wp-content\/uploads\/2014\/03\/vermo_01032014-6.jpg 534w\" sizes=\"(max-width: 200px) 100vw, 200px\" \/><\/a><\/td>\n<td><a href=\"http:\/\/www.remonen.fi\/WP\/wp-content\/uploads\/2014\/03\/vermo_01032014-10.jpg\"><img loading=\"lazy\" decoding=\"async\" class=\"alignnone  wp-image-3743\" title=\"&quot;Aperture: &#402;\/4.8 | Credit: Matti Remonen | Camera: NIKON D800E | Taken: 1 maaliskuun, 2014 | Copyright: (c) Matti Remonen | Flash fired: no | Focal length: 320mm | ISO: 800 | Shutter speed: 1\/640s | &quot;\" alt=\"\" src=\"http:\/\/www.remonen.fi\/WP\/wp-content\/uploads\/2014\/03\/vermo_01032014-10-200x300.jpg\" width=\"200\" height=\"300\" srcset=\"https:\/\/www.remonen.fi\/WP\/wp-content\/uploads\/2014\/03\/vermo_01032014-10-200x300.jpg 200w, https:\/\/www.remonen.fi\/WP\/wp-content\/uploads\/2014\/03\/vermo_01032014-10.jpg 534w\" sizes=\"(max-width: 200px) 100vw, 200px\" \/><\/a><\/td>\n<\/tr>\n<tr>\n<td colspan=\"3\"><a href=\"http:\/\/www.remonen.fi\/WP\/wp-content\/uploads\/2014\/03\/vermo_01032014-9.jpg\"><img loading=\"lazy\" decoding=\"async\" class=\"aligncenter size-medium wp-image-3744\" title=\"&quot;Aperture: &#402;\/4.8 | Credit: Matti Remonen | Camera: NIKON D800E | Taken: 1 maaliskuun, 2014 | Copyright: (c) Matti Remonen | Flash fired: no | Focal length: 340mm | ISO: 800 | Shutter speed: 1\/500s | &quot;\" alt=\"\" src=\"http:\/\/www.remonen.fi\/WP\/wp-content\/uploads\/2014\/03\/vermo_01032014-9-300x200.jpg\" width=\"300\" height=\"200\" srcset=\"https:\/\/www.remonen.fi\/WP\/wp-content\/uploads\/2014\/03\/vermo_01032014-9-300x200.jpg 300w, https:\/\/www.remonen.fi\/WP\/wp-content\/uploads\/2014\/03\/vermo_01032014-9.jpg 800w\" sizes=\"(max-width: 300px) 100vw, 300px\" \/><\/a><\/td>\n<\/tr>\n<\/tbody>\n<\/table>\n<p>Varsinaisesti hevoskilpailussa on kyse vedonly\u00f6nnist\u00e4, Totosta. Itse en ainakaan t\u00e4ll\u00e4 kertaa moiseen sortunut, koska kuvaaminen vei koko ajan. S\u00e4\u00e4 ei tosiaan ollut ehk\u00e4 ihan paras mahdollinen, mutta ei kyll\u00e4 pahinkaan: l\u00e4mp\u00f6tila taisi olla siin\u00e4 nollan tiet\u00e4miss\u00e4, mutta ei satanut. Ei tosin paistanutkaan.<\/p>\n<p><a href=\"http:\/\/www.remonen.fi\/WP\/wp-content\/uploads\/2014\/03\/vermo_01032014-4.jpg\"><img loading=\"lazy\" decoding=\"async\" class=\"alignnone  wp-image-3749\" title=\"&quot;Aperture: &#402;\/4.8 | Credit: Matti Remonen | Camera: NIKON D800E | Taken: 1 maaliskuun, 2014 | Copyright: (c) Matti Remonen | Flash fired: no | Focal length: 340mm | ISO: 400 | Shutter speed: 1\/400s | &quot;\" alt=\"\" src=\"http:\/\/www.remonen.fi\/WP\/wp-content\/uploads\/2014\/03\/vermo_01032014-4.jpg\" width=\"640\" height=\"427\" srcset=\"https:\/\/www.remonen.fi\/WP\/wp-content\/uploads\/2014\/03\/vermo_01032014-4.jpg 800w, https:\/\/www.remonen.fi\/WP\/wp-content\/uploads\/2014\/03\/vermo_01032014-4-300x200.jpg 300w\" sizes=\"(max-width: 640px) 100vw, 640px\" \/><\/a><\/p>\n<p><a href=\"http:\/\/www.remonen.fi\/WP\/wp-content\/uploads\/2014\/03\/vermo_01032014-5.jpg\"><img loading=\"lazy\" decoding=\"async\" class=\"alignleft size-medium wp-image-3748\" title=\"&quot;Aperture: &#402;\/2.8 | Credit: Matti Remonen | Camera: NIKON D800E | Taken: 1 maaliskuun, 2014 | Copyright: (c) Matti Remonen | Flash fired: no | Focal length: 70mm | ISO: 320 | Shutter speed: 1\/500s | &quot;\" alt=\"\" src=\"http:\/\/www.remonen.fi\/WP\/wp-content\/uploads\/2014\/03\/vermo_01032014-5-300x200.jpg\" width=\"300\" height=\"200\" srcset=\"https:\/\/www.remonen.fi\/WP\/wp-content\/uploads\/2014\/03\/vermo_01032014-5-300x200.jpg 300w, https:\/\/www.remonen.fi\/WP\/wp-content\/uploads\/2014\/03\/vermo_01032014-5.jpg 800w\" sizes=\"(max-width: 300px) 100vw, 300px\" \/><\/a>Niin, ja itse alue ja kuvaaminen: alueella voi liikkua melko vapaasti p\u00e4\u00e4suoran ja etukaarteen alueella. Toki TV-kuvaajia kannattaa varoa, eik\u00e4 kannata tunkea Totoajien eteen, mutta kuvauspaikkoja on runsaasti. Sis\u00e4ll\u00e4 kuvaamisen kanssa kannattaa k\u00e4ytt\u00e4\u00e4 j\u00e4rke\u00e4: pelaajat eiv\u00e4t v\u00e4ltt\u00e4m\u00e4tt\u00e4 pid\u00e4 siit\u00e4, ett\u00e4 heit\u00e4 kuvataan. Ja jos tuolla laitetaan vastakkain Toton pelaaja ja valokuvaaja, niin j\u00e4lkimm\u00e4inen joutunee taipumaan. Yll\u00e4tys oli, ett\u00e4 my\u00f6s talleille p\u00e4\u00e4see kuvaamaan. Ja normaalin j\u00e4rjen k\u00e4ytt\u00f6 taas sallittu: porukka on siell\u00e4 osallistumassa kisoihin, ei poseeraamassa facebookiin. Joten kun menee sen porukan ehdoilla, ei ongelmia syntyne. Ja aina kannattaa kysy\u00e4 lupaa, jos haluaa kuvata hevosia yht\u00e4\u00e4n l\u00e4hemp\u00e4\u00e4.<\/p>\n<p>Kaiken kaikkiaan varsin hyv\u00e4 ja hauska reissu. Tuonne pit\u00e4\u00e4 menn\u00e4 uudelleenkin kuvailemaan. Ainakaan rahasta se ei j\u00e4\u00e4 kiinni: pys\u00e4k\u00f6inti on ilmainen ja sis\u00e4\u00e4n maksoi 4EUR. Toki tietysti sitten isompiin tapahtumiin maksut ovat eri, mutta on tuolla ihan ilmaistapahtumiakin tarjolla.<\/p>\n<p>Dokumentointiv\u00e4lineen\u00e4 oli Nikon D800E ja AF-S Nikkor 24-70\/2.8G sek\u00e4 AF-S Nikkor 70-200\/2.8G+1.7TC.<\/p>\n","protected":false},"excerpt":{"rendered":"<p>Kun tuo taivas on niin tumma&#8230; Joo, taivas kyll\u00e4 ensin n\u00e4ytti olevan kovin kirkas, mutta l\u00e4hes heti kun saavuin Vermoon, aurinko painui pilven taa, eik\u00e4 sielt\u00e4 oikein en\u00e4\u00e4 uskaltautunutkaan takaisin. Jaa, siis mihin? Vermon raviradalle tietysti. Mulla on ollut pidemm\u00e4n aikaa suunnitelmissa menn\u00e4 tuonne kuvaamaan ja kun K\u00f6min kuvaklubin kautta siihen avautui ihan &#8221;opastettu&#8221; mahdollisuus, [&hellip;]<\/p>\n","protected":false},"author":2,"featured_media":3746,"comment_status":"open","ping_status":"closed","sticky":false,"template":"","format":"standard","meta":{"footnotes":""},"categories":[16],"tags":[165],"yoast_head":"<!-- This site is optimized with the Yoast SEO plugin v24.5 - https:\/\/yoast.com\/wordpress\/plugins\/seo\/ -->\n<title>Juokse sin\u00e4 humma... - gREat MOments NEver forgotteN<\/title>\n<meta name=\"description\" content=\"Kun tuo taivas on niin tumma... Joo, taivas kyll\u00e4 ensin n\u00e4ytti olevan kovin kirkas, mutta l\u00e4hes heti kun saavuin Vermoon, aurinko painui pilven taa.\" \/>\n<meta name=\"robots\" content=\"index, follow, max-snippet:-1, max-image-preview:large, max-video-preview:-1\" \/>\n<link rel=\"canonical\" href=\"https:\/\/www.remonen.fi\/WP\/blogi\/juokse-sina-humma\/\" \/>\n<meta property=\"og:locale\" content=\"fi_FI\" \/>\n<meta property=\"og:type\" content=\"article\" \/>\n<meta property=\"og:title\" content=\"Juokse sin\u00e4 humma... - gREat MOments NEver forgotteN\" \/>\n<meta property=\"og:description\" content=\"Kun tuo taivas on niin tumma... Joo, taivas kyll\u00e4 ensin n\u00e4ytti olevan kovin kirkas, mutta l\u00e4hes heti kun saavuin Vermoon, aurinko painui pilven taa.\" \/>\n<meta property=\"og:url\" content=\"https:\/\/www.remonen.fi\/WP\/blogi\/juokse-sina-humma\/\" \/>\n<meta property=\"og:site_name\" content=\"remonen.fi\" \/>\n<meta property=\"article:published_time\" content=\"2014-03-02T13:30:34+00:00\" \/>\n<meta property=\"og:image\" content=\"https:\/\/www.remonen.fi\/WP\/wp-content\/uploads\/2014\/03\/vermo_01032014-7.jpg\" \/>\n\t<meta property=\"og:image:width\" content=\"800\" \/>\n\t<meta property=\"og:image:height\" content=\"534\" \/>\n\t<meta property=\"og:image:type\" content=\"image\/jpeg\" \/>\n<meta name=\"author\" content=\"Matti Remonen\" \/>\n<meta name=\"twitter:label1\" content=\"Kirjoittanut\" \/>\n\t<meta name=\"twitter:data1\" content=\"Matti Remonen\" \/>\n\t<meta name=\"twitter:label2\" content=\"Arvioitu lukuaika\" \/>\n\t<meta name=\"twitter:data2\" content=\"2 minuuttia\" \/>\n<script type=\"application\/ld+json\" class=\"yoast-schema-graph\">{\"@context\":\"https:\/\/schema.org\",\"@graph\":[{\"@type\":\"Article\",\"@id\":\"https:\/\/www.remonen.fi\/WP\/blogi\/juokse-sina-humma\/#article\",\"isPartOf\":{\"@id\":\"https:\/\/www.remonen.fi\/WP\/blogi\/juokse-sina-humma\/\"},\"author\":{\"name\":\"Matti Remonen\",\"@id\":\"https:\/\/www.remonen.fi\/WP\/#\/schema\/person\/1803c23d1d4f6722054eb2ac7f7a97cd\"},\"headline\":\"Juokse sin\u00e4 humma&#8230;\",\"datePublished\":\"2014-03-02T13:30:34+00:00\",\"mainEntityOfPage\":{\"@id\":\"https:\/\/www.remonen.fi\/WP\/blogi\/juokse-sina-humma\/\"},\"wordCount\":472,\"commentCount\":0,\"publisher\":{\"@id\":\"https:\/\/www.remonen.fi\/WP\/#\/schema\/person\/1803c23d1d4f6722054eb2ac7f7a97cd\"},\"image\":{\"@id\":\"https:\/\/www.remonen.fi\/WP\/blogi\/juokse-sina-humma\/#primaryimage\"},\"thumbnailUrl\":\"https:\/\/www.remonen.fi\/WP\/wp-content\/uploads\/2014\/03\/vermo_01032014-7.jpg\",\"keywords\":[\"Vermo\"],\"articleSection\":[\"Blog\"],\"inLanguage\":\"fi\",\"potentialAction\":[{\"@type\":\"CommentAction\",\"name\":\"Comment\",\"target\":[\"https:\/\/www.remonen.fi\/WP\/blogi\/juokse-sina-humma\/#respond\"]}]},{\"@type\":\"WebPage\",\"@id\":\"https:\/\/www.remonen.fi\/WP\/blogi\/juokse-sina-humma\/\",\"url\":\"https:\/\/www.remonen.fi\/WP\/blogi\/juokse-sina-humma\/\",\"name\":\"Juokse sin\u00e4 humma... - gREat MOments NEver forgotteN\",\"isPartOf\":{\"@id\":\"https:\/\/www.remonen.fi\/WP\/#website\"},\"primaryImageOfPage\":{\"@id\":\"https:\/\/www.remonen.fi\/WP\/blogi\/juokse-sina-humma\/#primaryimage\"},\"image\":{\"@id\":\"https:\/\/www.remonen.fi\/WP\/blogi\/juokse-sina-humma\/#primaryimage\"},\"thumbnailUrl\":\"https:\/\/www.remonen.fi\/WP\/wp-content\/uploads\/2014\/03\/vermo_01032014-7.jpg\",\"datePublished\":\"2014-03-02T13:30:34+00:00\",\"description\":\"Kun tuo taivas on niin tumma... Joo, taivas kyll\u00e4 ensin n\u00e4ytti olevan kovin kirkas, mutta l\u00e4hes heti kun saavuin Vermoon, aurinko painui pilven taa.\",\"breadcrumb\":{\"@id\":\"https:\/\/www.remonen.fi\/WP\/blogi\/juokse-sina-humma\/#breadcrumb\"},\"inLanguage\":\"fi\",\"potentialAction\":[{\"@type\":\"ReadAction\",\"target\":[\"https:\/\/www.remonen.fi\/WP\/blogi\/juokse-sina-humma\/\"]}]},{\"@type\":\"ImageObject\",\"inLanguage\":\"fi\",\"@id\":\"https:\/\/www.remonen.fi\/WP\/blogi\/juokse-sina-humma\/#primaryimage\",\"url\":\"https:\/\/www.remonen.fi\/WP\/wp-content\/uploads\/2014\/03\/vermo_01032014-7.jpg\",\"contentUrl\":\"https:\/\/www.remonen.fi\/WP\/wp-content\/uploads\/2014\/03\/vermo_01032014-7.jpg\",\"width\":800,\"height\":534},{\"@type\":\"BreadcrumbList\",\"@id\":\"https:\/\/www.remonen.fi\/WP\/blogi\/juokse-sina-humma\/#breadcrumb\",\"itemListElement\":[{\"@type\":\"ListItem\",\"position\":1,\"name\":\"Etusivu\",\"item\":\"https:\/\/www.remonen.fi\/WP\/\"},{\"@type\":\"ListItem\",\"position\":2,\"name\":\"Juokse sin\u00e4 humma&#8230;\"}]},{\"@type\":\"WebSite\",\"@id\":\"https:\/\/www.remonen.fi\/WP\/#website\",\"url\":\"https:\/\/www.remonen.fi\/WP\/\",\"name\":\"remonen.fi\",\"description\":\"Valokuvia ja tarinaa laidasta laitaan\",\"publisher\":{\"@id\":\"https:\/\/www.remonen.fi\/WP\/#\/schema\/person\/1803c23d1d4f6722054eb2ac7f7a97cd\"},\"potentialAction\":[{\"@type\":\"SearchAction\",\"target\":{\"@type\":\"EntryPoint\",\"urlTemplate\":\"https:\/\/www.remonen.fi\/WP\/?s={search_term_string}\"},\"query-input\":{\"@type\":\"PropertyValueSpecification\",\"valueRequired\":true,\"valueName\":\"search_term_string\"}}],\"inLanguage\":\"fi\"},{\"@type\":[\"Person\",\"Organization\"],\"@id\":\"https:\/\/www.remonen.fi\/WP\/#\/schema\/person\/1803c23d1d4f6722054eb2ac7f7a97cd\",\"name\":\"Matti Remonen\",\"logo\":{\"@id\":\"https:\/\/www.remonen.fi\/WP\/#\/schema\/person\/image\/\"},\"url\":\"https:\/\/www.remonen.fi\/WP\/blogi\/author\/mre\/\"}]}<\/script>\n<!-- \/ Yoast SEO plugin. -->","yoast_head_json":{"title":"Juokse sin\u00e4 humma... - gREat MOments NEver forgotteN","description":"Kun tuo taivas on niin tumma... Joo, taivas kyll\u00e4 ensin n\u00e4ytti olevan kovin kirkas, mutta l\u00e4hes heti kun saavuin Vermoon, aurinko painui pilven taa.","robots":{"index":"index","follow":"follow","max-snippet":"max-snippet:-1","max-image-preview":"max-image-preview:large","max-video-preview":"max-video-preview:-1"},"canonical":"https:\/\/www.remonen.fi\/WP\/blogi\/juokse-sina-humma\/","og_locale":"fi_FI","og_type":"article","og_title":"Juokse sin\u00e4 humma... - gREat MOments NEver forgotteN","og_description":"Kun tuo taivas on niin tumma... Joo, taivas kyll\u00e4 ensin n\u00e4ytti olevan kovin kirkas, mutta l\u00e4hes heti kun saavuin Vermoon, aurinko painui pilven taa.","og_url":"https:\/\/www.remonen.fi\/WP\/blogi\/juokse-sina-humma\/","og_site_name":"remonen.fi","article_published_time":"2014-03-02T13:30:34+00:00","og_image":[{"width":800,"height":534,"url":"https:\/\/www.remonen.fi\/WP\/wp-content\/uploads\/2014\/03\/vermo_01032014-7.jpg","type":"image\/jpeg"}],"author":"Matti Remonen","twitter_misc":{"Kirjoittanut":"Matti Remonen","Arvioitu lukuaika":"2 minuuttia"},"schema":{"@context":"https:\/\/schema.org","@graph":[{"@type":"Article","@id":"https:\/\/www.remonen.fi\/WP\/blogi\/juokse-sina-humma\/#article","isPartOf":{"@id":"https:\/\/www.remonen.fi\/WP\/blogi\/juokse-sina-humma\/"},"author":{"name":"Matti Remonen","@id":"https:\/\/www.remonen.fi\/WP\/#\/schema\/person\/1803c23d1d4f6722054eb2ac7f7a97cd"},"headline":"Juokse sin\u00e4 humma&#8230;","datePublished":"2014-03-02T13:30:34+00:00","mainEntityOfPage":{"@id":"https:\/\/www.remonen.fi\/WP\/blogi\/juokse-sina-humma\/"},"wordCount":472,"commentCount":0,"publisher":{"@id":"https:\/\/www.remonen.fi\/WP\/#\/schema\/person\/1803c23d1d4f6722054eb2ac7f7a97cd"},"image":{"@id":"https:\/\/www.remonen.fi\/WP\/blogi\/juokse-sina-humma\/#primaryimage"},"thumbnailUrl":"https:\/\/www.remonen.fi\/WP\/wp-content\/uploads\/2014\/03\/vermo_01032014-7.jpg","keywords":["Vermo"],"articleSection":["Blog"],"inLanguage":"fi","potentialAction":[{"@type":"CommentAction","name":"Comment","target":["https:\/\/www.remonen.fi\/WP\/blogi\/juokse-sina-humma\/#respond"]}]},{"@type":"WebPage","@id":"https:\/\/www.remonen.fi\/WP\/blogi\/juokse-sina-humma\/","url":"https:\/\/www.remonen.fi\/WP\/blogi\/juokse-sina-humma\/","name":"Juokse sin\u00e4 humma... - gREat MOments NEver forgotteN","isPartOf":{"@id":"https:\/\/www.remonen.fi\/WP\/#website"},"primaryImageOfPage":{"@id":"https:\/\/www.remonen.fi\/WP\/blogi\/juokse-sina-humma\/#primaryimage"},"image":{"@id":"https:\/\/www.remonen.fi\/WP\/blogi\/juokse-sina-humma\/#primaryimage"},"thumbnailUrl":"https:\/\/www.remonen.fi\/WP\/wp-content\/uploads\/2014\/03\/vermo_01032014-7.jpg","datePublished":"2014-03-02T13:30:34+00:00","description":"Kun tuo taivas on niin tumma... Joo, taivas kyll\u00e4 ensin n\u00e4ytti olevan kovin kirkas, mutta l\u00e4hes heti kun saavuin Vermoon, aurinko painui pilven taa.","breadcrumb":{"@id":"https:\/\/www.remonen.fi\/WP\/blogi\/juokse-sina-humma\/#breadcrumb"},"inLanguage":"fi","potentialAction":[{"@type":"ReadAction","target":["https:\/\/www.remonen.fi\/WP\/blogi\/juokse-sina-humma\/"]}]},{"@type":"ImageObject","inLanguage":"fi","@id":"https:\/\/www.remonen.fi\/WP\/blogi\/juokse-sina-humma\/#primaryimage","url":"https:\/\/www.remonen.fi\/WP\/wp-content\/uploads\/2014\/03\/vermo_01032014-7.jpg","contentUrl":"https:\/\/www.remonen.fi\/WP\/wp-content\/uploads\/2014\/03\/vermo_01032014-7.jpg","width":800,"height":534},{"@type":"BreadcrumbList","@id":"https:\/\/www.remonen.fi\/WP\/blogi\/juokse-sina-humma\/#breadcrumb","itemListElement":[{"@type":"ListItem","position":1,"name":"Etusivu","item":"https:\/\/www.remonen.fi\/WP\/"},{"@type":"ListItem","position":2,"name":"Juokse sin\u00e4 humma&#8230;"}]},{"@type":"WebSite","@id":"https:\/\/www.remonen.fi\/WP\/#website","url":"https:\/\/www.remonen.fi\/WP\/","name":"remonen.fi","description":"Valokuvia ja tarinaa laidasta laitaan","publisher":{"@id":"https:\/\/www.remonen.fi\/WP\/#\/schema\/person\/1803c23d1d4f6722054eb2ac7f7a97cd"},"potentialAction":[{"@type":"SearchAction","target":{"@type":"EntryPoint","urlTemplate":"https:\/\/www.remonen.fi\/WP\/?s={search_term_string}"},"query-input":{"@type":"PropertyValueSpecification","valueRequired":true,"valueName":"search_term_string"}}],"inLanguage":"fi"},{"@type":["Person","Organization"],"@id":"https:\/\/www.remonen.fi\/WP\/#\/schema\/person\/1803c23d1d4f6722054eb2ac7f7a97cd","name":"Matti Remonen","logo":{"@id":"https:\/\/www.remonen.fi\/WP\/#\/schema\/person\/image\/"},"url":"https:\/\/www.remonen.fi\/WP\/blogi\/author\/mre\/"}]}},"_links":{"self":[{"href":"https:\/\/www.remonen.fi\/WP\/wp-json\/wp\/v2\/posts\/3739"}],"collection":[{"href":"https:\/\/www.remonen.fi\/WP\/wp-json\/wp\/v2\/posts"}],"about":[{"href":"https:\/\/www.remonen.fi\/WP\/wp-json\/wp\/v2\/types\/post"}],"author":[{"embeddable":true,"href":"https:\/\/www.remonen.fi\/WP\/wp-json\/wp\/v2\/users\/2"}],"replies":[{"embeddable":true,"href":"https:\/\/www.remonen.fi\/WP\/wp-json\/wp\/v2\/comments?post=3739"}],"version-history":[{"count":0,"href":"https:\/\/www.remonen.fi\/WP\/wp-json\/wp\/v2\/posts\/3739\/revisions"}],"wp:featuredmedia":[{"embeddable":true,"href":"https:\/\/www.remonen.fi\/WP\/wp-json\/wp\/v2\/media\/3746"}],"wp:attachment":[{"href":"https:\/\/www.remonen.fi\/WP\/wp-json\/wp\/v2\/media?parent=3739"}],"wp:term":[{"taxonomy":"category","embeddable":true,"href":"https:\/\/www.remonen.fi\/WP\/wp-json\/wp\/v2\/categories?post=3739"},{"taxonomy":"post_tag","embeddable":true,"href":"https:\/\/www.remonen.fi\/WP\/wp-json\/wp\/v2\/tags?post=3739"}],"curies":[{"name":"wp","href":"https:\/\/api.w.org\/{rel}","templated":true}]}}