{"id":3763,"date":"2014-03-08T21:15:01","date_gmt":"2014-03-08T19:15:01","guid":{"rendered":"http:\/\/www.remonen.fi\/?p=3763"},"modified":"2014-03-13T20:11:13","modified_gmt":"2014-03-13T18:11:13","slug":"kuva-kamera-hevoset-setaajatoi","status":"publish","type":"post","link":"https:\/\/www.remonen.fi\/WP\/blogi\/kuva-kamera-hevoset-setaajatoi\/","title":{"rendered":"Kuva &#038; Kamera &#038; Hevoset &#038; SeT\u00e4\u00e4JaToi&#8230;"},"content":{"rendered":"<p><a href=\"http:\/\/www.remonen.fi\/WP\/wp-content\/uploads\/2014\/03\/KuvaJaKamera-16.jpg\"><img loading=\"lazy\" decoding=\"async\" class=\"alignright size-medium wp-image-3777\" title=\"Aperture: &#402;\/6.3 | Camera: NEX-6 | Taken: 8 maaliskuun, 2014 | Copyright: (c) Matti Remonen | Exposure bias: +7\/10EV | Flash fired: no | Focal length: 24mm | ISO: 100 | Shutter speed: 1\/640s | \" alt=\"\" src=\"http:\/\/www.remonen.fi\/WP\/wp-content\/uploads\/2014\/03\/KuvaJaKamera-16-199x300.jpg\" width=\"199\" height=\"300\" srcset=\"https:\/\/www.remonen.fi\/WP\/wp-content\/uploads\/2014\/03\/KuvaJaKamera-16-199x300.jpg 199w, https:\/\/www.remonen.fi\/WP\/wp-content\/uploads\/2014\/03\/KuvaJaKamera-16.jpg 532w\" sizes=\"(max-width: 199px) 100vw, 199px\" \/><\/a>Taas koitti aika vapaa-ajan messujen. <a title=\"Kuvajakamera\" href=\"http:\/\/www.kuvamessut.com\/\" target=\"_blank\">Kuva&amp;Kamera <\/a>-messut valtasivat messukeskuksen viikonloppuna. Eiv\u00e4t ne ihan yksin sit\u00e4 pystyneet t\u00e4ytt\u00e4m\u00e4\u00e4n, mutta kun mukaan otettiin kavereita golfista, hevosharrastajista, BMX:st\u00e4, kalastuksesta, puutarhanhoidosta, Fitnessist\u00e4 ja Keuruun Martoista, niin johan siit\u00e4 saatiin aikaiseksi melkoinen h\u00e4ppening. Tosin Keuruun Martat eiv\u00e4t t\u00e4ll\u00e4 kertaa p\u00e4\u00e4sseet, mutta muuten porukkaa ja n\u00e4ytteilleasettajaa oli kuin Kiovan torilla.<\/p>\n<p>Itse tungin tuonne taas l\u00e4hinn\u00e4 Kuva&amp;Kamera-osuuden takia, mutta kyll\u00e4h\u00e4n siell\u00e4 muutakin n\u00e4kemist\u00e4 tosiaan oli. Ja nyt n\u00e4ytt\u00e4\u00e4 silt\u00e4, etten pysty enk\u00e4 p\u00e4\u00e4se osallistumaan mihink\u00e4\u00e4n ilman ett\u00e4 siell\u00e4 on mukana hevosia. Toivottavasti kukaan ei kutsu minua vaikkapa h\u00e4ihin, sill\u00e4 hevoinen kirkossa saattaa aiheuttaa jollekin pysyvi\u00e4 vammoja. Tosin tekih\u00e4n Galigula hevosesta senaattorin. Ja meill\u00e4kin on Stubb&#8230; Jaa, taas meni ohi aiheen ja pahasti.<\/p>\n<div id=\"attachment_3778\" style=\"width: 209px\" class=\"wp-caption alignleft\"><a href=\"http:\/\/www.remonen.fi\/WP\/wp-content\/uploads\/2014\/03\/KuvaJaKamera-15.jpg\"><img loading=\"lazy\" decoding=\"async\" aria-describedby=\"caption-attachment-3778\" class=\"size-medium wp-image-3778  \" title=\"Aperture: &#402;\/1.8 | Camera: NEX-6 | Taken: 8 maaliskuun, 2014 | Copyright: (c) Matti Remonen | Exposure bias: +7\/10EV | Flash fired: no | Focal length: 24mm | ISO: 125 | Shutter speed: 1\/60s | \" alt=\"\" src=\"http:\/\/www.remonen.fi\/WP\/wp-content\/uploads\/2014\/03\/KuvaJaKamera-15-199x300.jpg\" width=\"199\" height=\"300\" srcset=\"https:\/\/www.remonen.fi\/WP\/wp-content\/uploads\/2014\/03\/KuvaJaKamera-15-199x300.jpg 199w, https:\/\/www.remonen.fi\/WP\/wp-content\/uploads\/2014\/03\/KuvaJaKamera-15.jpg 532w\" sizes=\"(max-width: 199px) 100vw, 199px\" \/><\/a><p id=\"caption-attachment-3778\" class=\"wp-caption-text\">Hola! Onks Vola?<\/p><\/div>\n<p style=\"text-align: left;\">No, mutta kuitenkin. Lauantai-aamuna pakkasin itseni \u00c4ksyyn (meitin Seatti) ja suuntasin keulan kohti messukeskusta. N\u00e4yttely aukesi jo kello 10, joka mielest\u00e4ni on tuntia aiemmin kuin esimerkiksi SkiExpo. H\u00e4ll\u00e4 v\u00e4li\u00e4, mullehan se sopii ja aikaisin (?) aamulla porukkaa on aina v\u00e4hemm\u00e4n liikkeell\u00e4, joten osastoihin ehtii tutustumaan paremmin. Messukeskuksessa sitten menin suoraan Kuva&amp;Kamera -osioon katsomaan mit\u00e4 uutta siell\u00e4 on tarjolla. Jostain syyst\u00e4 t\u00e4m\u00e4 valokuvaushomma on jakaantunut kahden eri n\u00e4yttelyn v\u00e4lille: alkuvuodesta on t\u00e4m\u00e4 Kuva&amp;Kamera ja loppuvuodesta sitten DigiExpo. Ja n\u00e4ytteilleasettajat sitten preferoivat vain toista. Esimerkiksi Rajala, Olympus ja Nikon n\u00e4k\u00f6j\u00e4\u00e4n keskittyiv\u00e4t DigiExpoon ja sitten Kuva&amp;Kamerassa oli Canon. Ilmeisesti messukeskus on liian pieni paikka Canonille ja Nikonille oll yht\u00e4aikaa paikalla. Sen sijaan Foka, Color-Kolmio ja Sony ovat kiltisti osallistuneet molempiin. Rajalan poissaollessa tapahtumassa oli yhden ison j\u00e4lleenmyyj\u00e4n ment\u00e4v\u00e4 aukko, kun TopShot:kin on pannut kivijalkatoiminnassa lapun luukulle. Sit\u00e4 paikkasi jonkun verran Kameratori ja JAS Tekniikka. Mutta muutenkin tuolla oli hieman heikosti mahdollisuuksia kalustorunk&#8230; runnutukseen. Jalustoja oli parilla st\u00e4ndill\u00e4, lenn\u00e4tett\u00e4vi\u00e4 kamerarigej\u00e4 useammallakin, mutta varsinaiset uutuudet kamera- ja objektiivirintamalla loistivat poissaolollaan.<\/p>\n<div id=\"attachment_3771\" style=\"width: 209px\" class=\"wp-caption alignright\"><a href=\"http:\/\/www.remonen.fi\/WP\/wp-content\/uploads\/2014\/03\/KuvaJaKamera-6.jpg\"><img loading=\"lazy\" decoding=\"async\" aria-describedby=\"caption-attachment-3771\" class=\"size-medium wp-image-3771 \" title=\"Aperture: &#402;\/8 | Camera: NEX-6 | Taken: 8 maaliskuun, 2014 | Copyright: (c) Matti Remonen | Exposure bias: +7\/10EV | Flash fired: no | Focal length: 24mm | ISO: 3200 | Shutter speed: 1\/20s | \" alt=\"\" src=\"http:\/\/www.remonen.fi\/WP\/wp-content\/uploads\/2014\/03\/KuvaJaKamera-6-199x300.jpg\" width=\"199\" height=\"300\" srcset=\"https:\/\/www.remonen.fi\/WP\/wp-content\/uploads\/2014\/03\/KuvaJaKamera-6-199x300.jpg 199w, https:\/\/www.remonen.fi\/WP\/wp-content\/uploads\/2014\/03\/KuvaJaKamera-6.jpg 532w\" sizes=\"(max-width: 199px) 100vw, 199px\" \/><\/a><p id=\"caption-attachment-3771\" class=\"wp-caption-text\">Kamerat monttu auki<\/p><\/div>\n<p style=\"text-align: left;\">Joista varsinkin j\u00e4lkimm\u00e4inen on kiinnostava tulokas vaihtolaitealueelle. He olivat my\u00f6s saaneet ostaa\/ostaneet jonkun kameraker\u00e4ilij\u00e4n j\u00e4\u00e4mist\u00f6n ja myiv\u00e4t muutamalla eurolla vanhoja &#8221;laatikkokameroita&#8221;. Hetken mietin sellaisen hankkimista, mutta tilaa on valitettavasti liian v\u00e4h\u00e4n&#8230; Mutta komean n\u00e4k\u00f6isi\u00e4 olivat. Foka on ottanut Billinghamin laukkujen maahantuonnin hoitaakseen. Se on hieno asia, vaikka mit\u00e4\u00e4n volyymituotetta niist\u00e4 tuskin tulee. Oma Billingham-kiinti\u00f6 saavuttaa t\u00e4yttymyksens\u00e4 huomenna, kun lunastan DC.netin myyntipalstalta ostamani 335-laukun. Kyll\u00e4 talossa yksi Billingham pit\u00e4\u00e4 olla. Siin\u00e4 Remingtonin ja t\u00e4ytetyn riekon v\u00e4liss\u00e4.<\/p>\n<p>Se, mik\u00e4 tuolla Kuva&amp;Kamerassa on mielest\u00e4ni hyv\u00e4\u00e4 ja mielenkiintoista, on nuo valokuvan\u00e4yttelyt. Eritt\u00e4in kannatettava suuntaus. Nyt n\u00e4ht\u00e4vill\u00e4 oli <a title=\"FotoFinlandia 2014\" href=\"http:\/\/www.fotofinlandia.fi\/kilpailu\/2014\/\" target=\"_blank\">FotoFinlandia<\/a>-finalistit, <a title=\"Vuoden Lehtikuva\" href=\"http:\/\/www.vuodenlehtikuvat.fi\/\" target=\"_blank\">Vuoden Lehtikuva<\/a>-finalistit, <a title=\"Metro Photo Challenge\" href=\"http:\/\/www.metro.us\/newyork\/news\/national\/2013\/11\/04\/metro-photo-challenge-2013-the-global-grand-prize-winners-are-announced\/\" target=\"_blank\">Metro Photo Challenge<\/a>-sarjavoittajat, vaikuttava Krister L\u00f6frothin Anti-Gravity Women-sarja ja parit muut teemoitetut n\u00e4yttelyt. Niit\u00e4 oli paljon. Olipa siell\u00e4 kuvia &#8221;hyv\u00e4n p\u00e4iv\u00e4n tutultani&#8221; Esko Kilvelt\u00e4kin &#8221;Meri ja Purjeet&#8221;-n\u00e4yttelyss\u00e4. Hauska havaita, ett\u00e4 Eskolla on tuollaisiakin taipumuksia.<\/p>\n<p>Muuten noista n\u00e4yttelyist\u00e4 ja lopputuloksista on kirjoitettu sen verran ja asiantuntevampien tahojen puolesta, etten t\u00e4ss\u00e4 l\u00e4hde niit\u00e4 sen pidemm\u00e4lle ruotimaan. Jossain tapauksissa vain her\u00e4tti hieman ihmetyst\u00e4 t\u00e4m\u00e4 ammattikuvaamisen taso Suomessa, kun tuntuu ett\u00e4 jopa itse hyv\u00e4n\u00e4 p\u00e4iv\u00e4n\u00e4 p\u00e4\u00e4see samaan lopputulokseen. P\u00e4invastoin kuin vaikka sadan metrin aidoissa, joissa en pysty h\u00e4tyytt\u00e4m\u00e4\u00e4n SM-tasoa edes polkupy\u00f6r\u00e4ll\u00e4. Joka aitajuoksussa onkin hieman hankala hallita&#8230;<\/p>\n<div id=\"attachment_3774\" style=\"width: 650px\" class=\"wp-caption aligncenter\"><a href=\"http:\/\/www.remonen.fi\/WP\/wp-content\/uploads\/2014\/03\/KuvaJaKamera-3.jpg\"><img loading=\"lazy\" decoding=\"async\" aria-describedby=\"caption-attachment-3774\" class=\" wp-image-3774  \" title=\"Aperture: &#402;\/8 | Camera: NEX-6 | Taken: 8 maaliskuun, 2014 | Copyright: (c) Matti Remonen | Exposure bias: +7\/10EV | Flash fired: no | Focal length: 17mm | ISO: 640 | Shutter speed: 1\/60s | \" alt=\"\" src=\"http:\/\/www.remonen.fi\/WP\/wp-content\/uploads\/2014\/03\/KuvaJaKamera-3.jpg\" width=\"640\" height=\"426\" srcset=\"https:\/\/www.remonen.fi\/WP\/wp-content\/uploads\/2014\/03\/KuvaJaKamera-3.jpg 800w, https:\/\/www.remonen.fi\/WP\/wp-content\/uploads\/2014\/03\/KuvaJaKamera-3-300x199.jpg 300w\" sizes=\"(max-width: 640px) 100vw, 640px\" \/><\/a><p id=\"caption-attachment-3774\" class=\"wp-caption-text\">Metro-lehden kuvakilpailun satoa<\/p><\/div>\n<p style=\"text-align: left;\">T\u00e4m\u00e4n lis\u00e4ksi kolmella erillisell\u00e4 lavalla pidettiin esityksi\u00e4 ja tietoiskuja. Itse k\u00e4vin katsomassa esityksen v\u00e4rinhallinnasta ja kuuntelin hetken juttua vedostamisesta. Siin\u00e4 piti esiintyj\u00e4n\u00e4 olla Potkan Pekka, mutta mielest\u00e4ni puhuja ei kuitenkaan ollut h\u00e4n. Esitys oli kuitenkin varsin mielenkiintoinen, vaikkei mit\u00e4\u00e4n tajuntaa r\u00e4j\u00e4ytt\u00e4v\u00e4\u00e4 uutta tietoa tarjonnutkaan.<\/p>\n<div id=\"attachment_3772\" style=\"width: 490px\" class=\"wp-caption aligncenter\"><a href=\"http:\/\/www.remonen.fi\/WP\/wp-content\/uploads\/2014\/03\/KuvaJaKamera-5.jpg\"><img loading=\"lazy\" decoding=\"async\" aria-describedby=\"caption-attachment-3772\" class=\" wp-image-3772   \" title=\"Aperture: &#402;\/8 | Camera: NEX-6 | Taken: 8 maaliskuun, 2014 | Copyright: (c) Matti Remonen | Exposure bias: +7\/10EV | Flash fired: no | Focal length: 48mm | ISO: 3200 | Shutter speed: 1\/25s | \" alt=\"\" src=\"http:\/\/www.remonen.fi\/WP\/wp-content\/uploads\/2014\/03\/KuvaJaKamera-5.jpg\" width=\"480\" height=\"480\" srcset=\"https:\/\/www.remonen.fi\/WP\/wp-content\/uploads\/2014\/03\/KuvaJaKamera-5.jpg 800w, https:\/\/www.remonen.fi\/WP\/wp-content\/uploads\/2014\/03\/KuvaJaKamera-5-150x150.jpg 150w, https:\/\/www.remonen.fi\/WP\/wp-content\/uploads\/2014\/03\/KuvaJaKamera-5-300x300.jpg 300w\" sizes=\"(max-width: 480px) 100vw, 480px\" \/><\/a><p id=\"caption-attachment-3772\" class=\"wp-caption-text\">Monkey Business&#8230; (c) Perttu Saksa \/ Echo \/ FotoFinlandia<\/p><\/div>\n<p style=\"text-align: left;\"><a href=\"http:\/\/www.remonen.fi\/WP\/wp-content\/uploads\/2014\/03\/KuvaJaKamera-4.jpg\"><img loading=\"lazy\" decoding=\"async\" class=\"alignright size-medium wp-image-3773\" title=\"Aperture: &#402;\/8 | Camera: NEX-6 | Taken: 8 maaliskuun, 2014 | Copyright: (c) Matti Remonen | Exposure bias: +7\/10EV | Flash fired: no | Focal length: 17mm | ISO: 1000 | Shutter speed: 1\/60s | \" alt=\"\" src=\"http:\/\/www.remonen.fi\/WP\/wp-content\/uploads\/2014\/03\/KuvaJaKamera-4-199x300.jpg\" width=\"199\" height=\"300\" srcset=\"https:\/\/www.remonen.fi\/WP\/wp-content\/uploads\/2014\/03\/KuvaJaKamera-4-199x300.jpg 199w, https:\/\/www.remonen.fi\/WP\/wp-content\/uploads\/2014\/03\/KuvaJaKamera-4.jpg 532w\" sizes=\"(max-width: 199px) 100vw, 199px\" \/><\/a>Yksi juttu pisti silm\u00e4\u00e4n, oli kun kiertelin tuolla vedostuksia tekevien firmojen osastoilla, niin ainakin kahdessa oli vedostettuna kuva ns. Em\u00e4salon hylyst\u00e4. Joku voisi tehd\u00e4 Etel\u00e4-Suomen valokuvaukselle palveluksen ja upottaa jonkun toisenkin lotjan johonkin rantaan, jonne p\u00e4\u00e4see autolla mukavasti. Saataisiin v\u00e4h\u00e4n vaihtelua t\u00e4h\u00e4n hylkygenreen.<\/p>\n<p style=\"text-align: left;\">Sin\u00e4ns\u00e4 tuo vedostushomma alkaa nyky\u00e4\u00e4n olemaan aika monipuolista. Peruspaperille tai Canvakselle vedostaminen alkaa olla so last season. Nyt vedostetaan puulle, metallille, ja ties mille. Alumiinilevylle suoraan vedostaminen tuottaa n\u00e4k\u00f6j\u00e4\u00e4n melkoisen v\u00e4rikyll\u00e4isen lopputuloksen, l\u00e4ht\u00f6kuvan vain pit\u00e4\u00e4 olla t\u00e4ydellisen skarppi. <a title=\"Chromaluxe\" href=\"http:\/\/www.chromaluxe.fi\/\" target=\"_blank\">Chromaluxen <\/a>menetelm\u00e4ss\u00e4 kuvaa ei tulosteta suoraan metallin p\u00e4\u00e4lle, vaan se siirret\u00e4\u00e4n metallissa olevaan kalvoon (tms.). T\u00e4ll\u00e4 saavutetaan se etu, ett\u00e4 pinta ei ole kovin herkk\u00e4 vioittumaan. <a title=\"Dialab\" href=\"http:\/\/www.dialab.com\/\" target=\"_blank\">Dialab<\/a>, joka tulostaa perinteisemmin menetelmin &#8211; tosin my\u00f6s metallille, k\u00e4ytt\u00e4\u00e4 tulostimina Epsonin vehkeit\u00e4, joten jos kotona kuva n\u00e4ytt\u00e4\u00e4 oikealta, on todenn\u00e4k\u00f6ist\u00e4 ett\u00e4 se on sit\u00e4 my\u00f6s Dialabilta tilattuna.<\/p>\n<p><div id=\"attachment_3776\" style=\"width: 570px\" class=\"wp-caption aligncenter\"><a href=\"http:\/\/www.remonen.fi\/WP\/wp-content\/uploads\/2014\/03\/KuvaJaKamera-1.jpg\"><img loading=\"lazy\" decoding=\"async\" aria-describedby=\"caption-attachment-3776\" class=\" wp-image-3776   \" title=\"Aperture: &#402;\/8 | Camera: NEX-6 | Taken: 8 maaliskuun, 2014 | Copyright: (c) Matti Remonen | Exposure bias: +7\/10EV | Flash fired: no | Focal length: 12mm | ISO: 500 | Shutter speed: 1\/60s | \" alt=\"KuvaJaKamera-1\" src=\"http:\/\/www.remonen.fi\/WP\/wp-content\/uploads\/2014\/03\/KuvaJaKamera-1.jpg\" width=\"560\" height=\"372\" srcset=\"https:\/\/www.remonen.fi\/WP\/wp-content\/uploads\/2014\/03\/KuvaJaKamera-1.jpg 800w, https:\/\/www.remonen.fi\/WP\/wp-content\/uploads\/2014\/03\/KuvaJaKamera-1-300x199.jpg 300w\" sizes=\"(max-width: 560px) 100vw, 560px\" \/><\/a><p id=\"caption-attachment-3776\" class=\"wp-caption-text\">Ja kas. Mik\u00e4s se siell\u00e4 rannalla k\u00f6ll\u00f6tt\u00e4\u00e4?<\/p><\/div><div id=\"attachment_3768\" style=\"width: 310px\" class=\"wp-caption alignleft\"><a href=\"http:\/\/www.remonen.fi\/WP\/wp-content\/uploads\/2014\/03\/KuvaJaKamera-9.jpg\"><img loading=\"lazy\" decoding=\"async\" aria-describedby=\"caption-attachment-3768\" class=\"size-medium wp-image-3768   \" title=\"Aperture: &#402;\/5.6 | Camera: NEX-6 | Taken: 8 maaliskuun, 2014 | Copyright: (c) Matti Remonen | Exposure bias: +7\/10EV | Flash fired: no | Focal length: 55mm | ISO: 1600 | Shutter speed: 1\/100s | \" alt=\"\" src=\"http:\/\/www.remonen.fi\/WP\/wp-content\/uploads\/2014\/03\/KuvaJaKamera-9-300x300.jpg\" width=\"300\" height=\"300\" srcset=\"https:\/\/www.remonen.fi\/WP\/wp-content\/uploads\/2014\/03\/KuvaJaKamera-9-300x300.jpg 300w, https:\/\/www.remonen.fi\/WP\/wp-content\/uploads\/2014\/03\/KuvaJaKamera-9-150x150.jpg 150w, https:\/\/www.remonen.fi\/WP\/wp-content\/uploads\/2014\/03\/KuvaJaKamera-9.jpg 800w\" sizes=\"(max-width: 300px) 100vw, 300px\" \/><\/a><p id=\"caption-attachment-3768\" class=\"wp-caption-text\">Vatsa sis\u00e4\u00e4n ja rinn..ta ulos!<\/p><\/div><\/p>\n<p style=\"text-align: left;\">Ja sitten viel\u00e4 ne muut&#8230; Uskaltauduin sitten viimein tuolta valokuvausosastolta rahvaan pariin ja menin kiertelem\u00e4\u00e4n muita osastoja. Ihan vahingossa ja tilaamatta havaitsin seisovani ihmisjoukossa juuri kun Fitness, MS Bikini ja joku joutava miesten sarja -kisa oli alkamassa. Vaikka kuinka yritin siirty\u00e4 eteenp\u00e4in, v\u00e4kijoukon paine esti minua liikkumasta. Joten jouduin pakosta j\u00e4\u00e4m\u00e4\u00e4n seuraamaan tuota ihmisn\u00e4yttely\u00e4. Mik\u00e4s siin\u00e4, pakostahan sit\u00e4 tekee vaikka mit\u00e4. Kisassa oli kolme kategoriaa ihmisi\u00e4: naisia coctail-puvussa, miehi\u00e4 ties miss\u00e4 vaatteissa ja sitten naisia bikineiss\u00e4 (saattoi olla vaatimus MS Bikini-kisaan osallistumiselle). Siin\u00e4 sitten keikisteliv\u00e4t arvovaltaisen tuomariston edess\u00e4. Niinqu siis Jone Nikulan. Hei pliis&#8230; eiks ollu v\u00e4h\u00e4 noloo?<\/p>\n<div id=\"attachment_3794\" style=\"width: 209px\" class=\"wp-caption alignright\"><a href=\"http:\/\/www.remonen.fi\/WP\/wp-content\/uploads\/2014\/03\/KuvaJaKamera-1-2.jpg\"><img loading=\"lazy\" decoding=\"async\" aria-describedby=\"caption-attachment-3794\" class=\"size-medium wp-image-3794  \" title=\"Aperture: &#402;\/5.6 | Camera: NEX-6 | Taken: 8 maaliskuun, 2014 | Copyright: (c) Matti Remonen | Exposure bias: +7\/10EV | Flash fired: no | Focal length: 55mm | ISO: 2000 | Shutter speed: 1\/100s | \" alt=\"\" src=\"http:\/\/www.remonen.fi\/WP\/wp-content\/uploads\/2014\/03\/KuvaJaKamera-1-2-199x300.jpg\" width=\"199\" height=\"300\" srcset=\"https:\/\/www.remonen.fi\/WP\/wp-content\/uploads\/2014\/03\/KuvaJaKamera-1-2-199x300.jpg 199w, https:\/\/www.remonen.fi\/WP\/wp-content\/uploads\/2014\/03\/KuvaJaKamera-1-2.jpg 532w\" sizes=\"(max-width: 199px) 100vw, 199px\" \/><\/a><p id=\"caption-attachment-3794\" class=\"wp-caption-text\">Semper Fi&#8230;<\/p><\/div>\n<p style=\"text-align: left;\">No, enivei, en tied\u00e4 kiinnittik\u00f6 kukaan muu siihen huomiota, mutta yli puolet osallistujista oli Yhdysvalloista. Ja kaikki tai l\u00e4hes kaikki ilmoittivat asuinpaikakseen armeijan kasarmit&#8230; Ketk\u00e4 siis asuu armeijan kasarmeilla? Ei ainakaan sotilaat, jos tuosta it\u00e4naapurista kysyt\u00e4\u00e4n. Ja yhden ammatti oli h\u00e4vitt\u00e4j\u00e4lent\u00e4j\u00e4, yleinen siviilipuolen ammatti rapakon takana. Mutta mit\u00e4 tekee puolet Yhdysvaltain merijalkav\u00e4est\u00e4 Suomen kamaralla t\u00e4h\u00e4n maailmanaikaan? Jaa-a&#8230; Veikkaan, ett\u00e4 kohta alkaa tapahtumaan Uhtualla. Tein taktisen harhautuksen ja poistuin paikalta ennen kuin aletaan kysym\u00e4\u00e4n passien per\u00e4\u00e4n. Ja eik\u00f6s se Nikulakin ole joku res. yliluutnantti&#8230;<\/p>\n<p>Kiertelin viel\u00e4 siell\u00e4 ja t\u00e4\u00e4ll\u00e4 ennen kuin p\u00e4\u00e4dyin hevosten joukkoon. Hevoiset on mun kohtalo&#8230; Eih\u00e4n siin\u00e4 mit\u00e4\u00e4n, kivoja elukoita. Katsoin jonkun demon, jossa esiteltiin Suomessa kehitetty\u00e4 videokuvausj\u00e4rjestelm\u00e4\u00e4, jossa maneesiin kiinte\u00e4sti asetettu kamera seuraa ja kuvaa automaattisesti ratsastajaa ja ratsua. Kuvan saa talteen verkkoon ja samalla voi sy\u00f6tt\u00e4\u00e4 my\u00f6s live-kuvaa eteenp\u00e4in. T\u00e4m\u00e4 avaa varmasti uusia mahdollisuuksia ratsastajien valmennukseen. Valmentaja voi istua mukavasti himassa laiskanlinnassa sikari toisessa ja konjakkilasi toisessa k\u00e4dess\u00e4 ja k\u00e4skytt\u00e4\u00e4 valmennettavaa ilman ett\u00e4 pit\u00e4\u00e4 menn\u00e4 lannanhajuun seisoskelemaan. Hittituote.<\/p>\n<div id=\"attachment_3779\" style=\"width: 650px\" class=\"wp-caption aligncenter\"><a href=\"http:\/\/www.remonen.fi\/WP\/wp-content\/uploads\/2014\/03\/KuvaJaKamera-14.jpg\"><img loading=\"lazy\" decoding=\"async\" aria-describedby=\"caption-attachment-3779\" class=\" wp-image-3779  \" title=\"Camera: NEX-6 | Taken: 8 maaliskuun, 2014 | Copyright: (c) Matti Remonen | Exposure bias: +7\/10EV | Flash fired: no | ISO: 1600 | Shutter speed: 1\/60s | \" alt=\"\" src=\"http:\/\/www.remonen.fi\/WP\/wp-content\/uploads\/2014\/03\/KuvaJaKamera-14.jpg\" width=\"640\" height=\"426\" srcset=\"https:\/\/www.remonen.fi\/WP\/wp-content\/uploads\/2014\/03\/KuvaJaKamera-14.jpg 800w, https:\/\/www.remonen.fi\/WP\/wp-content\/uploads\/2014\/03\/KuvaJaKamera-14-300x199.jpg 300w\" sizes=\"(max-width: 640px) 100vw, 640px\" \/><\/a><p id=\"caption-attachment-3779\" class=\"wp-caption-text\">Minihevoset on niiin ihquja.<\/p><\/div>\n<p style=\"text-align: left;\">Nelj\u00e4 tuntia tuolla vier\u00e4hti. En ostanut t\u00e4ll\u00e4 kertaa mit\u00e4\u00e4n ja kun lipunkin voitin <a title=\"dc.net\" href=\"http:\/\/www.digicamera.net\" target=\"_blank\">DC.netin<\/a> arvonnassa (kiitokset siit\u00e4 sinne p\u00e4in), niin t\u00e4m\u00e4 reissu oli aika halpa. Hinta-laatusuhde: erinomainen.<\/p>\n<table border=\"0\" align=\"center\">\n<tbody>\n<tr>\n<td><a href=\"http:\/\/www.remonen.fi\/WP\/wp-content\/uploads\/2014\/03\/KuvaJaKamera-11.jpg\"><img loading=\"lazy\" decoding=\"async\" class=\"size-thumbnail wp-image-3782 alignnone\" title=\"Aperture: &#402;\/5.6 | Camera: NEX-6 | Taken: 8 maaliskuun, 2014 | Copyright: (c) Matti Remonen | Exposure bias: +7\/10EV | Flash fired: no | Focal length: 23mm | ISO: 2500 | Shutter speed: 1\/60s | \" alt=\"\" src=\"http:\/\/www.remonen.fi\/WP\/wp-content\/uploads\/2014\/03\/KuvaJaKamera-11-150x150.jpg\" width=\"150\" height=\"150\" \/><\/a><\/td>\n<td><a href=\"http:\/\/www.remonen.fi\/WP\/wp-content\/uploads\/2014\/03\/KuvaJaKamera-12.jpg\"><img loading=\"lazy\" decoding=\"async\" class=\"size-thumbnail wp-image-3781 alignnone\" title=\"Aperture: &#402;\/5.6 | Camera: NEX-6 | Taken: 8 maaliskuun, 2014 | Copyright: (c) Matti Remonen | Exposure bias: +7\/10EV | Flash fired: no | Focal length: 22mm | ISO: 800 | Shutter speed: 1\/60s | \" alt=\"\" src=\"http:\/\/www.remonen.fi\/WP\/wp-content\/uploads\/2014\/03\/KuvaJaKamera-12-150x150.jpg\" width=\"150\" height=\"150\" \/><\/a><a href=\"http:\/\/www.remonen.fi\/WP\/wp-content\/uploads\/2014\/03\/KuvaJaKamera-10.jpg\"><img loading=\"lazy\" decoding=\"async\" class=\"alignnone size-thumbnail wp-image-3767\" title=\"Aperture: &#402;\/5.6 | Camera: NEX-6 | Taken: 8 maaliskuun, 2014 | Copyright: (c) Matti Remonen | Exposure bias: +7\/10EV | Flash fired: no | Focal length: 35mm | ISO: 2500 | Shutter speed: 1\/60s | \" alt=\"\" src=\"http:\/\/www.remonen.fi\/WP\/wp-content\/uploads\/2014\/03\/KuvaJaKamera-10-150x150.jpg\" width=\"150\" height=\"150\" \/><\/a><\/td>\n<td><a href=\"http:\/\/www.remonen.fi\/WP\/wp-content\/uploads\/2014\/03\/KuvaJaKamera-8.jpg\"><img loading=\"lazy\" decoding=\"async\" class=\"size-thumbnail wp-image-3769 alignnone\" title=\"Aperture: &#402;\/1.8 | Camera: NEX-6 | Taken: 8 maaliskuun, 2014 | Copyright: (c) Matti Remonen | Exposure bias: +7\/10EV | Flash fired: no | Focal length: 24mm | ISO: 100 | Shutter speed: 1\/125s | \" alt=\"\" src=\"http:\/\/www.remonen.fi\/WP\/wp-content\/uploads\/2014\/03\/KuvaJaKamera-8-150x150.jpg\" width=\"150\" height=\"150\" srcset=\"https:\/\/www.remonen.fi\/WP\/wp-content\/uploads\/2014\/03\/KuvaJaKamera-8-150x150.jpg 150w, https:\/\/www.remonen.fi\/WP\/wp-content\/uploads\/2014\/03\/KuvaJaKamera-8-300x300.jpg 300w, https:\/\/www.remonen.fi\/WP\/wp-content\/uploads\/2014\/03\/KuvaJaKamera-8.jpg 800w\" sizes=\"(max-width: 150px) 100vw, 150px\" \/><\/a><\/td>\n<td><\/td>\n<\/tr>\n<tr>\n<td><a href=\"http:\/\/www.remonen.fi\/WP\/wp-content\/uploads\/2014\/03\/KuvaJaKamera-7.jpg\"><img loading=\"lazy\" decoding=\"async\" class=\"size-thumbnail wp-image-3770 alignnone\" title=\"Aperture: &#402;\/1.8 | Camera: NEX-6 | Taken: 8 maaliskuun, 2014 | Copyright: (c) Matti Remonen | Exposure bias: +7\/10EV | Flash fired: no | Focal length: 24mm | ISO: 250 | Shutter speed: 1\/60s | \" alt=\"\" src=\"http:\/\/www.remonen.fi\/WP\/wp-content\/uploads\/2014\/03\/KuvaJaKamera-7-150x150.jpg\" width=\"150\" height=\"150\" \/><\/a><\/td>\n<td><a href=\"http:\/\/www.remonen.fi\/WP\/wp-content\/uploads\/2014\/03\/KuvaJaKamera-2.jpg\"><img loading=\"lazy\" decoding=\"async\" class=\"alignnone size-thumbnail wp-image-3775\" title=\"Aperture: &#402;\/8 | Camera: NEX-6 | Taken: 8 maaliskuun, 2014 | Copyright: (c) Matti Remonen | Exposure bias: +7\/10EV | Flash fired: no | Focal length: 12mm | ISO: 3200 | Shutter speed: 1\/40s | \" alt=\"\" src=\"http:\/\/www.remonen.fi\/WP\/wp-content\/uploads\/2014\/03\/KuvaJaKamera-2-150x150.jpg\" width=\"150\" height=\"150\" srcset=\"https:\/\/www.remonen.fi\/WP\/wp-content\/uploads\/2014\/03\/KuvaJaKamera-2-150x150.jpg 150w, https:\/\/www.remonen.fi\/WP\/wp-content\/uploads\/2014\/03\/KuvaJaKamera-2-300x300.jpg 300w, https:\/\/www.remonen.fi\/WP\/wp-content\/uploads\/2014\/03\/KuvaJaKamera-2.jpg 800w\" sizes=\"(max-width: 150px) 100vw, 150px\" \/><\/a><a href=\"http:\/\/www.remonen.fi\/WP\/wp-content\/uploads\/2014\/03\/KuvaJaKamera-13.jpg\"><img loading=\"lazy\" decoding=\"async\" class=\"alignnone size-thumbnail wp-image-3780\" title=\"Aperture: &#402;\/5.6 | Camera: NEX-6 | Taken: 8 maaliskuun, 2014 | Copyright: (c) Matti Remonen | Exposure bias: +7\/10EV | Flash fired: no | Focal length: 24mm | ISO: 3200 | Shutter speed: 1\/50s | \" alt=\"\" src=\"http:\/\/www.remonen.fi\/WP\/wp-content\/uploads\/2014\/03\/KuvaJaKamera-13-150x150.jpg\" width=\"150\" height=\"150\" \/><\/a><\/td>\n<td><a href=\"http:\/\/www.remonen.fi\/WP\/wp-content\/uploads\/2014\/03\/KuvaJaKamera-1-3.jpg\"><img loading=\"lazy\" decoding=\"async\" class=\"alignnone size-thumbnail wp-image-3808\" title=\"Aperture: &#402;\/5 | Camera: NEX-6 | Taken: 8 maaliskuun, 2014 | Copyright: (c) Matti Remonen | Exposure bias: +7\/10EV | Flash fired: no | Focal length: 29mm | ISO: 2500 | Shutter speed: 1\/60s | \" alt=\"\" src=\"http:\/\/www.remonen.fi\/WP\/wp-content\/uploads\/2014\/03\/KuvaJaKamera-1-3-150x150.jpg\" width=\"150\" height=\"150\" \/><\/a><\/td>\n<td><\/td>\n<\/tr>\n<\/tbody>\n<\/table>\n<p>Dokumentoinnista vastasi Sony NEX-6 kera SEL24f18, SEL1855 ja SEL1018<\/p>\n","protected":false},"excerpt":{"rendered":"<p>Taas koitti aika vapaa-ajan messujen. Kuva&amp;Kamera -messut valtasivat messukeskuksen viikonloppuna. Eiv\u00e4t ne ihan yksin sit\u00e4 pystyneet t\u00e4ytt\u00e4m\u00e4\u00e4n, mutta kun mukaan otettiin kavereita golfista, hevosharrastajista, BMX:st\u00e4, kalastuksesta, puutarhanhoidosta, Fitnessist\u00e4 ja Keuruun Martoista, niin johan siit\u00e4 saatiin aikaiseksi melkoinen h\u00e4ppening. Tosin Keuruun Martat eiv\u00e4t t\u00e4ll\u00e4 kertaa p\u00e4\u00e4sseet, mutta muuten porukkaa ja n\u00e4ytteilleasettajaa oli kuin Kiovan torilla. Itse [&hellip;]<\/p>\n","protected":false},"author":2,"featured_media":3813,"comment_status":"open","ping_status":"closed","sticky":false,"template":"","format":"standard","meta":{"footnotes":""},"categories":[16],"tags":[58],"yoast_head":"<!-- This site is optimized with the Yoast SEO plugin v24.5 - https:\/\/yoast.com\/wordpress\/plugins\/seo\/ -->\n<title>Kuva &amp; Kamera &amp; Hevoset.. - gREat Moments NEver forgotteN<\/title>\n<meta name=\"robots\" content=\"index, follow, max-snippet:-1, max-image-preview:large, max-video-preview:-1\" \/>\n<link rel=\"canonical\" href=\"https:\/\/www.remonen.fi\/WP\/blogi\/kuva-kamera-hevoset-setaajatoi\/\" \/>\n<meta property=\"og:locale\" content=\"fi_FI\" \/>\n<meta property=\"og:type\" content=\"article\" \/>\n<meta property=\"og:title\" content=\"Kuva &amp; Kamera &amp; Hevoset.. - gREat Moments NEver forgotteN\" \/>\n<meta property=\"og:description\" content=\"Taas koitti aika vapaa-ajan messujen. Kuva&amp;Kamera -messut valtasivat messukeskuksen viikonloppuna. Eiv\u00e4t ne ihan yksin sit\u00e4 pystyneet t\u00e4ytt\u00e4m\u00e4\u00e4n, mutta kun mukaan otettiin kavereita golfista, hevosharrastajista, BMX:st\u00e4, kalastuksesta, puutarhanhoidosta, Fitnessist\u00e4 ja Keuruun Martoista, niin johan siit\u00e4 saatiin aikaiseksi melkoinen h\u00e4ppening. Tosin Keuruun Martat eiv\u00e4t t\u00e4ll\u00e4 kertaa p\u00e4\u00e4sseet, mutta muuten porukkaa ja n\u00e4ytteilleasettajaa oli kuin Kiovan torilla. Itse [&hellip;]\" \/>\n<meta property=\"og:url\" content=\"https:\/\/www.remonen.fi\/WP\/blogi\/kuva-kamera-hevoset-setaajatoi\/\" \/>\n<meta property=\"og:site_name\" content=\"remonen.fi\" \/>\n<meta property=\"article:published_time\" content=\"2014-03-08T19:15:01+00:00\" \/>\n<meta property=\"article:modified_time\" content=\"2014-03-13T18:11:13+00:00\" \/>\n<meta property=\"og:image\" content=\"https:\/\/www.remonen.fi\/WP\/wp-content\/uploads\/2014\/03\/KuvaJaKamera-1-4.jpg\" \/>\n\t<meta property=\"og:image:width\" content=\"800\" \/>\n\t<meta property=\"og:image:height\" content=\"219\" \/>\n\t<meta property=\"og:image:type\" content=\"image\/jpeg\" \/>\n<meta name=\"author\" content=\"Matti Remonen\" \/>\n<meta name=\"twitter:label1\" content=\"Kirjoittanut\" \/>\n\t<meta name=\"twitter:data1\" content=\"Matti Remonen\" \/>\n\t<meta name=\"twitter:label2\" content=\"Arvioitu lukuaika\" \/>\n\t<meta name=\"twitter:data2\" content=\"6 minuuttia\" \/>\n<script type=\"application\/ld+json\" class=\"yoast-schema-graph\">{\"@context\":\"https:\/\/schema.org\",\"@graph\":[{\"@type\":\"Article\",\"@id\":\"https:\/\/www.remonen.fi\/WP\/blogi\/kuva-kamera-hevoset-setaajatoi\/#article\",\"isPartOf\":{\"@id\":\"https:\/\/www.remonen.fi\/WP\/blogi\/kuva-kamera-hevoset-setaajatoi\/\"},\"author\":{\"name\":\"Matti Remonen\",\"@id\":\"https:\/\/www.remonen.fi\/WP\/#\/schema\/person\/1803c23d1d4f6722054eb2ac7f7a97cd\"},\"headline\":\"Kuva &#038; Kamera &#038; Hevoset &#038; SeT\u00e4\u00e4JaToi&#8230;\",\"datePublished\":\"2014-03-08T19:15:01+00:00\",\"dateModified\":\"2014-03-13T18:11:13+00:00\",\"mainEntityOfPage\":{\"@id\":\"https:\/\/www.remonen.fi\/WP\/blogi\/kuva-kamera-hevoset-setaajatoi\/\"},\"wordCount\":1225,\"commentCount\":0,\"publisher\":{\"@id\":\"https:\/\/www.remonen.fi\/WP\/#\/schema\/person\/1803c23d1d4f6722054eb2ac7f7a97cd\"},\"image\":{\"@id\":\"https:\/\/www.remonen.fi\/WP\/blogi\/kuva-kamera-hevoset-setaajatoi\/#primaryimage\"},\"thumbnailUrl\":\"https:\/\/www.remonen.fi\/WP\/wp-content\/uploads\/2014\/03\/KuvaJaKamera-1-4.jpg\",\"keywords\":[\"Kuva&amp;Kamera\"],\"articleSection\":[\"Blog\"],\"inLanguage\":\"fi\",\"potentialAction\":[{\"@type\":\"CommentAction\",\"name\":\"Comment\",\"target\":[\"https:\/\/www.remonen.fi\/WP\/blogi\/kuva-kamera-hevoset-setaajatoi\/#respond\"]}]},{\"@type\":\"WebPage\",\"@id\":\"https:\/\/www.remonen.fi\/WP\/blogi\/kuva-kamera-hevoset-setaajatoi\/\",\"url\":\"https:\/\/www.remonen.fi\/WP\/blogi\/kuva-kamera-hevoset-setaajatoi\/\",\"name\":\"Kuva & Kamera & Hevoset.. - gREat Moments NEver forgotteN\",\"isPartOf\":{\"@id\":\"https:\/\/www.remonen.fi\/WP\/#website\"},\"primaryImageOfPage\":{\"@id\":\"https:\/\/www.remonen.fi\/WP\/blogi\/kuva-kamera-hevoset-setaajatoi\/#primaryimage\"},\"image\":{\"@id\":\"https:\/\/www.remonen.fi\/WP\/blogi\/kuva-kamera-hevoset-setaajatoi\/#primaryimage\"},\"thumbnailUrl\":\"https:\/\/www.remonen.fi\/WP\/wp-content\/uploads\/2014\/03\/KuvaJaKamera-1-4.jpg\",\"datePublished\":\"2014-03-08T19:15:01+00:00\",\"dateModified\":\"2014-03-13T18:11:13+00:00\",\"breadcrumb\":{\"@id\":\"https:\/\/www.remonen.fi\/WP\/blogi\/kuva-kamera-hevoset-setaajatoi\/#breadcrumb\"},\"inLanguage\":\"fi\",\"potentialAction\":[{\"@type\":\"ReadAction\",\"target\":[\"https:\/\/www.remonen.fi\/WP\/blogi\/kuva-kamera-hevoset-setaajatoi\/\"]}]},{\"@type\":\"ImageObject\",\"inLanguage\":\"fi\",\"@id\":\"https:\/\/www.remonen.fi\/WP\/blogi\/kuva-kamera-hevoset-setaajatoi\/#primaryimage\",\"url\":\"https:\/\/www.remonen.fi\/WP\/wp-content\/uploads\/2014\/03\/KuvaJaKamera-1-4.jpg\",\"contentUrl\":\"https:\/\/www.remonen.fi\/WP\/wp-content\/uploads\/2014\/03\/KuvaJaKamera-1-4.jpg\",\"width\":800,\"height\":219},{\"@type\":\"BreadcrumbList\",\"@id\":\"https:\/\/www.remonen.fi\/WP\/blogi\/kuva-kamera-hevoset-setaajatoi\/#breadcrumb\",\"itemListElement\":[{\"@type\":\"ListItem\",\"position\":1,\"name\":\"Etusivu\",\"item\":\"https:\/\/www.remonen.fi\/WP\/\"},{\"@type\":\"ListItem\",\"position\":2,\"name\":\"Kuva &#038; Kamera &#038; Hevoset &#038; SeT\u00e4\u00e4JaToi&#8230;\"}]},{\"@type\":\"WebSite\",\"@id\":\"https:\/\/www.remonen.fi\/WP\/#website\",\"url\":\"https:\/\/www.remonen.fi\/WP\/\",\"name\":\"remonen.fi\",\"description\":\"Valokuvia ja tarinaa laidasta laitaan\",\"publisher\":{\"@id\":\"https:\/\/www.remonen.fi\/WP\/#\/schema\/person\/1803c23d1d4f6722054eb2ac7f7a97cd\"},\"potentialAction\":[{\"@type\":\"SearchAction\",\"target\":{\"@type\":\"EntryPoint\",\"urlTemplate\":\"https:\/\/www.remonen.fi\/WP\/?s={search_term_string}\"},\"query-input\":{\"@type\":\"PropertyValueSpecification\",\"valueRequired\":true,\"valueName\":\"search_term_string\"}}],\"inLanguage\":\"fi\"},{\"@type\":[\"Person\",\"Organization\"],\"@id\":\"https:\/\/www.remonen.fi\/WP\/#\/schema\/person\/1803c23d1d4f6722054eb2ac7f7a97cd\",\"name\":\"Matti Remonen\",\"logo\":{\"@id\":\"https:\/\/www.remonen.fi\/WP\/#\/schema\/person\/image\/\"},\"url\":\"https:\/\/www.remonen.fi\/WP\/blogi\/author\/mre\/\"}]}<\/script>\n<!-- \/ Yoast SEO plugin. -->","yoast_head_json":{"title":"Kuva & Kamera & Hevoset.. - gREat Moments NEver forgotteN","robots":{"index":"index","follow":"follow","max-snippet":"max-snippet:-1","max-image-preview":"max-image-preview:large","max-video-preview":"max-video-preview:-1"},"canonical":"https:\/\/www.remonen.fi\/WP\/blogi\/kuva-kamera-hevoset-setaajatoi\/","og_locale":"fi_FI","og_type":"article","og_title":"Kuva & Kamera & Hevoset.. - gREat Moments NEver forgotteN","og_description":"Taas koitti aika vapaa-ajan messujen. Kuva&amp;Kamera -messut valtasivat messukeskuksen viikonloppuna. Eiv\u00e4t ne ihan yksin sit\u00e4 pystyneet t\u00e4ytt\u00e4m\u00e4\u00e4n, mutta kun mukaan otettiin kavereita golfista, hevosharrastajista, BMX:st\u00e4, kalastuksesta, puutarhanhoidosta, Fitnessist\u00e4 ja Keuruun Martoista, niin johan siit\u00e4 saatiin aikaiseksi melkoinen h\u00e4ppening. Tosin Keuruun Martat eiv\u00e4t t\u00e4ll\u00e4 kertaa p\u00e4\u00e4sseet, mutta muuten porukkaa ja n\u00e4ytteilleasettajaa oli kuin Kiovan torilla. Itse [&hellip;]","og_url":"https:\/\/www.remonen.fi\/WP\/blogi\/kuva-kamera-hevoset-setaajatoi\/","og_site_name":"remonen.fi","article_published_time":"2014-03-08T19:15:01+00:00","article_modified_time":"2014-03-13T18:11:13+00:00","og_image":[{"width":800,"height":219,"url":"https:\/\/www.remonen.fi\/WP\/wp-content\/uploads\/2014\/03\/KuvaJaKamera-1-4.jpg","type":"image\/jpeg"}],"author":"Matti Remonen","twitter_misc":{"Kirjoittanut":"Matti Remonen","Arvioitu lukuaika":"6 minuuttia"},"schema":{"@context":"https:\/\/schema.org","@graph":[{"@type":"Article","@id":"https:\/\/www.remonen.fi\/WP\/blogi\/kuva-kamera-hevoset-setaajatoi\/#article","isPartOf":{"@id":"https:\/\/www.remonen.fi\/WP\/blogi\/kuva-kamera-hevoset-setaajatoi\/"},"author":{"name":"Matti Remonen","@id":"https:\/\/www.remonen.fi\/WP\/#\/schema\/person\/1803c23d1d4f6722054eb2ac7f7a97cd"},"headline":"Kuva &#038; Kamera &#038; Hevoset &#038; SeT\u00e4\u00e4JaToi&#8230;","datePublished":"2014-03-08T19:15:01+00:00","dateModified":"2014-03-13T18:11:13+00:00","mainEntityOfPage":{"@id":"https:\/\/www.remonen.fi\/WP\/blogi\/kuva-kamera-hevoset-setaajatoi\/"},"wordCount":1225,"commentCount":0,"publisher":{"@id":"https:\/\/www.remonen.fi\/WP\/#\/schema\/person\/1803c23d1d4f6722054eb2ac7f7a97cd"},"image":{"@id":"https:\/\/www.remonen.fi\/WP\/blogi\/kuva-kamera-hevoset-setaajatoi\/#primaryimage"},"thumbnailUrl":"https:\/\/www.remonen.fi\/WP\/wp-content\/uploads\/2014\/03\/KuvaJaKamera-1-4.jpg","keywords":["Kuva&amp;Kamera"],"articleSection":["Blog"],"inLanguage":"fi","potentialAction":[{"@type":"CommentAction","name":"Comment","target":["https:\/\/www.remonen.fi\/WP\/blogi\/kuva-kamera-hevoset-setaajatoi\/#respond"]}]},{"@type":"WebPage","@id":"https:\/\/www.remonen.fi\/WP\/blogi\/kuva-kamera-hevoset-setaajatoi\/","url":"https:\/\/www.remonen.fi\/WP\/blogi\/kuva-kamera-hevoset-setaajatoi\/","name":"Kuva & Kamera & Hevoset.. - gREat Moments NEver forgotteN","isPartOf":{"@id":"https:\/\/www.remonen.fi\/WP\/#website"},"primaryImageOfPage":{"@id":"https:\/\/www.remonen.fi\/WP\/blogi\/kuva-kamera-hevoset-setaajatoi\/#primaryimage"},"image":{"@id":"https:\/\/www.remonen.fi\/WP\/blogi\/kuva-kamera-hevoset-setaajatoi\/#primaryimage"},"thumbnailUrl":"https:\/\/www.remonen.fi\/WP\/wp-content\/uploads\/2014\/03\/KuvaJaKamera-1-4.jpg","datePublished":"2014-03-08T19:15:01+00:00","dateModified":"2014-03-13T18:11:13+00:00","breadcrumb":{"@id":"https:\/\/www.remonen.fi\/WP\/blogi\/kuva-kamera-hevoset-setaajatoi\/#breadcrumb"},"inLanguage":"fi","potentialAction":[{"@type":"ReadAction","target":["https:\/\/www.remonen.fi\/WP\/blogi\/kuva-kamera-hevoset-setaajatoi\/"]}]},{"@type":"ImageObject","inLanguage":"fi","@id":"https:\/\/www.remonen.fi\/WP\/blogi\/kuva-kamera-hevoset-setaajatoi\/#primaryimage","url":"https:\/\/www.remonen.fi\/WP\/wp-content\/uploads\/2014\/03\/KuvaJaKamera-1-4.jpg","contentUrl":"https:\/\/www.remonen.fi\/WP\/wp-content\/uploads\/2014\/03\/KuvaJaKamera-1-4.jpg","width":800,"height":219},{"@type":"BreadcrumbList","@id":"https:\/\/www.remonen.fi\/WP\/blogi\/kuva-kamera-hevoset-setaajatoi\/#breadcrumb","itemListElement":[{"@type":"ListItem","position":1,"name":"Etusivu","item":"https:\/\/www.remonen.fi\/WP\/"},{"@type":"ListItem","position":2,"name":"Kuva &#038; Kamera &#038; Hevoset &#038; SeT\u00e4\u00e4JaToi&#8230;"}]},{"@type":"WebSite","@id":"https:\/\/www.remonen.fi\/WP\/#website","url":"https:\/\/www.remonen.fi\/WP\/","name":"remonen.fi","description":"Valokuvia ja tarinaa laidasta laitaan","publisher":{"@id":"https:\/\/www.remonen.fi\/WP\/#\/schema\/person\/1803c23d1d4f6722054eb2ac7f7a97cd"},"potentialAction":[{"@type":"SearchAction","target":{"@type":"EntryPoint","urlTemplate":"https:\/\/www.remonen.fi\/WP\/?s={search_term_string}"},"query-input":{"@type":"PropertyValueSpecification","valueRequired":true,"valueName":"search_term_string"}}],"inLanguage":"fi"},{"@type":["Person","Organization"],"@id":"https:\/\/www.remonen.fi\/WP\/#\/schema\/person\/1803c23d1d4f6722054eb2ac7f7a97cd","name":"Matti Remonen","logo":{"@id":"https:\/\/www.remonen.fi\/WP\/#\/schema\/person\/image\/"},"url":"https:\/\/www.remonen.fi\/WP\/blogi\/author\/mre\/"}]}},"_links":{"self":[{"href":"https:\/\/www.remonen.fi\/WP\/wp-json\/wp\/v2\/posts\/3763"}],"collection":[{"href":"https:\/\/www.remonen.fi\/WP\/wp-json\/wp\/v2\/posts"}],"about":[{"href":"https:\/\/www.remonen.fi\/WP\/wp-json\/wp\/v2\/types\/post"}],"author":[{"embeddable":true,"href":"https:\/\/www.remonen.fi\/WP\/wp-json\/wp\/v2\/users\/2"}],"replies":[{"embeddable":true,"href":"https:\/\/www.remonen.fi\/WP\/wp-json\/wp\/v2\/comments?post=3763"}],"version-history":[{"count":0,"href":"https:\/\/www.remonen.fi\/WP\/wp-json\/wp\/v2\/posts\/3763\/revisions"}],"wp:featuredmedia":[{"embeddable":true,"href":"https:\/\/www.remonen.fi\/WP\/wp-json\/wp\/v2\/media\/3813"}],"wp:attachment":[{"href":"https:\/\/www.remonen.fi\/WP\/wp-json\/wp\/v2\/media?parent=3763"}],"wp:term":[{"taxonomy":"category","embeddable":true,"href":"https:\/\/www.remonen.fi\/WP\/wp-json\/wp\/v2\/categories?post=3763"},{"taxonomy":"post_tag","embeddable":true,"href":"https:\/\/www.remonen.fi\/WP\/wp-json\/wp\/v2\/tags?post=3763"}],"curies":[{"name":"wp","href":"https:\/\/api.w.org\/{rel}","templated":true}]}}