{"id":3821,"date":"2014-03-13T19:47:09","date_gmt":"2014-03-13T17:47:09","guid":{"rendered":"http:\/\/www.remonen.fi\/?p=3821"},"modified":"2014-03-13T20:07:36","modified_gmt":"2014-03-13T18:07:36","slug":"tullisaari-osa-105-entit","status":"publish","type":"post","link":"https:\/\/www.remonen.fi\/WP\/blogi\/tullisaari-osa-105-entit\/","title":{"rendered":"Tullisaari&#8230; osa 105: Entit"},"content":{"rendered":"<p>Kev\u00e4t on t\u00e4n\u00e4 vuonna todella aikaisessa. Viime vuonna n\u00e4ihin aikoihin olin <a title=\"Aavelaiva Sipoossa\u2026\" href=\"http:\/\/www.remonen.fi\/photoblog\/aavelaiva-sipoossa\/\">Sipoossa kuvaamassa Aavelaivaa<\/a> ja silloin olisi voinut vaikka autolla ajaa j\u00e4\u00e4t\u00e4 pitkin hylyn viereen. Nyt ei ole lumesta tietoakaan ja l\u00e4mmint\u00e4kin oli t\u00e4n\u00e4\u00e4n yli 10 astetta&#8230;<\/p>\n<table border=\"0\" align=\"center\">\n<tbody>\n<tr>\n<td><a href=\"http:\/\/www.remonen.fi\/WP\/wp-content\/uploads\/2014\/03\/Tullisaari_14-1.jpg\"><img loading=\"lazy\" decoding=\"async\" class=\"alignnone size-medium wp-image-3827\" title=\"Aperture: &#402;\/13 | Credit: Matti Remonen | Camera: NIKON D800E | Taken: 13 maaliskuun, 2014 | Copyright: (c) Matti Remonen | Flash fired: no | Focal length: 28mm | ISO: 2000 | Shutter speed: 1\/6400s | \" alt=\"\" src=\"http:\/\/www.remonen.fi\/WP\/wp-content\/uploads\/2014\/03\/Tullisaari_14-1-200x300.jpg\" width=\"200\" height=\"300\" srcset=\"https:\/\/www.remonen.fi\/WP\/wp-content\/uploads\/2014\/03\/Tullisaari_14-1-200x300.jpg 200w, https:\/\/www.remonen.fi\/WP\/wp-content\/uploads\/2014\/03\/Tullisaari_14-1.jpg 534w\" sizes=\"(max-width: 200px) 100vw, 200px\" \/><\/a><\/td>\n<td><a href=\"http:\/\/www.remonen.fi\/WP\/wp-content\/uploads\/2014\/03\/Tullisaari_14-2.jpg\"><img loading=\"lazy\" decoding=\"async\" class=\"alignnone size-medium wp-image-3826\" title=\"Aperture: &#402;\/9 | Credit: Matti Remonen | Camera: NIKON D800E | Taken: 13 maaliskuun, 2014 | Copyright: (c) Matti Remonen | Flash fired: no | Focal length: 70mm | ISO: 2000 | Shutter speed: 1\/2000s | \" alt=\"\" src=\"http:\/\/www.remonen.fi\/WP\/wp-content\/uploads\/2014\/03\/Tullisaari_14-2-200x300.jpg\" width=\"200\" height=\"300\" srcset=\"https:\/\/www.remonen.fi\/WP\/wp-content\/uploads\/2014\/03\/Tullisaari_14-2-200x300.jpg 200w, https:\/\/www.remonen.fi\/WP\/wp-content\/uploads\/2014\/03\/Tullisaari_14-2.jpg 534w\" sizes=\"(max-width: 200px) 100vw, 200px\" \/><\/a><\/td>\n<td><a href=\"http:\/\/www.remonen.fi\/WP\/wp-content\/uploads\/2014\/03\/Tullisaari_14-3.jpg\"><img loading=\"lazy\" decoding=\"async\" class=\"alignnone size-medium wp-image-3825\" title=\"Aperture: &#402;\/9 | Credit: Matti Remonen | Camera: NIKON D800E | Taken: 13 maaliskuun, 2014 | Copyright: (c) Matti Remonen | Flash fired: no | Focal length: 60mm | ISO: 2000 | Shutter speed: 1\/200s | \" alt=\"\" src=\"http:\/\/www.remonen.fi\/WP\/wp-content\/uploads\/2014\/03\/Tullisaari_14-3-200x300.jpg\" width=\"200\" height=\"300\" srcset=\"https:\/\/www.remonen.fi\/WP\/wp-content\/uploads\/2014\/03\/Tullisaari_14-3-200x300.jpg 200w, https:\/\/www.remonen.fi\/WP\/wp-content\/uploads\/2014\/03\/Tullisaari_14-3.jpg 534w\" sizes=\"(max-width: 200px) 100vw, 200px\" \/><\/a><\/td>\n<\/tr>\n<\/tbody>\n<\/table>\n<p>Aurinkoinen ilma piti jotenkin hy\u00f6dynt\u00e4\u00e4. Ensin ajattelin ajaa Em\u00e4saloon, mutta sitten laiskuus voitti ja p\u00e4\u00e4tin menn\u00e4 taas kerran <a title=\"Tullisaari\" href=\"http:\/\/www.hel.fi\/hki\/hkr\/fi\/viheralueet\/puistot\/kartanopuistot\/tullisaari\" target=\"_blank\">Tullisaareen<\/a> katsomaan milt\u00e4 siell\u00e4 n\u00e4ytt\u00e4\u00e4. Oli minulla sen verran hommassa ajatusta, ett\u00e4 tiesin lehdett\u00e4mien, iki-aikaisten puiden n\u00e4ytt\u00e4v\u00e4n hauskoilta vastavaloon otettaessa. Sanoista tekoihin ja duunip\u00e4iv\u00e4n j\u00e4lkeen siis Tullisaareen. Siell\u00e4 ne puut sitten odottivat ottajaansa. Muuten tuolla oli valokuvauskohteet harvassa. Etel\u00e4-Suomen luonto ei oikein koskaan ole ollut huhtikuussa parhaimmillaan ja huhtikuun kelej\u00e4h\u00e4n nyt elell\u00e4\u00e4n.<\/p>\n<table border=\"0\" align=\"center\">\n<tbody>\n<tr>\n<td><a href=\"http:\/\/www.remonen.fi\/WP\/wp-content\/uploads\/2014\/03\/Tullisaari_14-5.jpg\"><img loading=\"lazy\" decoding=\"async\" class=\"alignnone size-medium wp-image-3823\" title=\"Aperture: &#402;\/7.1 | Credit: Matti Remonen | Camera: NIKON D800E | Taken: 13 maaliskuun, 2014 | Copyright: (c) Matti Remonen | Flash fired: no | Focal length: 48mm | ISO: 2000 | Shutter speed: 1\/2000s | \" alt=\"\" src=\"http:\/\/www.remonen.fi\/WP\/wp-content\/uploads\/2014\/03\/Tullisaari_14-5-200x300.jpg\" width=\"200\" height=\"300\" srcset=\"https:\/\/www.remonen.fi\/WP\/wp-content\/uploads\/2014\/03\/Tullisaari_14-5-200x300.jpg 200w, https:\/\/www.remonen.fi\/WP\/wp-content\/uploads\/2014\/03\/Tullisaari_14-5.jpg 534w\" sizes=\"(max-width: 200px) 100vw, 200px\" \/><\/a><\/td>\n<td><a href=\"http:\/\/www.remonen.fi\/WP\/wp-content\/uploads\/2014\/03\/Tullisaari_14-6.jpg\"><img loading=\"lazy\" decoding=\"async\" class=\"alignnone size-medium wp-image-3822\" title=\"Aperture: &#402;\/7.1 | Credit: Matti Remonen | Camera: NIKON D800E | Taken: 13 maaliskuun, 2014 | Copyright: (c) Matti Remonen | Flash fired: no | Focal length: 24mm | ISO: 2000 | Shutter speed: 1\/1000s | \" alt=\"\" src=\"http:\/\/www.remonen.fi\/WP\/wp-content\/uploads\/2014\/03\/Tullisaari_14-6-200x300.jpg\" width=\"200\" height=\"300\" srcset=\"https:\/\/www.remonen.fi\/WP\/wp-content\/uploads\/2014\/03\/Tullisaari_14-6-200x300.jpg 200w, https:\/\/www.remonen.fi\/WP\/wp-content\/uploads\/2014\/03\/Tullisaari_14-6.jpg 534w\" sizes=\"(max-width: 200px) 100vw, 200px\" \/><\/a><\/td>\n<\/tr>\n<\/tbody>\n<\/table>\n<p>Ulkoilmaa sai Nikon D800E ja AF-S Nikkor 24-70\/2.8G. Mun luottopari.<\/p>\n","protected":false},"excerpt":{"rendered":"<p>Kev\u00e4t on t\u00e4n\u00e4 vuonna todella aikaisessa. Viime vuonna n\u00e4ihin aikoihin olin Sipoossa kuvaamassa Aavelaivaa ja silloin olisi voinut vaikka autolla ajaa j\u00e4\u00e4t\u00e4 pitkin hylyn viereen. Nyt ei ole lumesta tietoakaan ja l\u00e4mmint\u00e4kin oli t\u00e4n\u00e4\u00e4n yli 10 astetta&#8230; Aurinkoinen ilma piti jotenkin hy\u00f6dynt\u00e4\u00e4. Ensin ajattelin ajaa Em\u00e4saloon, mutta sitten laiskuus voitti ja p\u00e4\u00e4tin menn\u00e4 taas kerran [&hellip;]<\/p>\n","protected":false},"author":2,"featured_media":3824,"comment_status":"open","ping_status":"closed","sticky":false,"template":"","format":"standard","meta":{"footnotes":""},"categories":[16],"tags":[166,91],"yoast_head":"<!-- This site is optimized with the Yoast SEO plugin v24.5 - https:\/\/yoast.com\/wordpress\/plugins\/seo\/ -->\n<title>Tullisaari... osa 105: Entit - gREat MOments NEver forgotteN<\/title>\n<meta name=\"robots\" content=\"index, follow, max-snippet:-1, max-image-preview:large, max-video-preview:-1\" \/>\n<link rel=\"canonical\" href=\"https:\/\/www.remonen.fi\/WP\/blogi\/tullisaari-osa-105-entit\/\" \/>\n<meta property=\"og:locale\" content=\"fi_FI\" \/>\n<meta property=\"og:type\" content=\"article\" \/>\n<meta property=\"og:title\" content=\"Tullisaari... osa 105: Entit - gREat MOments NEver forgotteN\" \/>\n<meta property=\"og:description\" content=\"Kev\u00e4t on t\u00e4n\u00e4 vuonna todella aikaisessa. Viime vuonna n\u00e4ihin aikoihin olin Sipoossa kuvaamassa Aavelaivaa ja silloin olisi voinut vaikka autolla ajaa j\u00e4\u00e4t\u00e4 pitkin hylyn viereen. Nyt ei ole lumesta tietoakaan ja l\u00e4mmint\u00e4kin oli t\u00e4n\u00e4\u00e4n yli 10 astetta&#8230; Aurinkoinen ilma piti jotenkin hy\u00f6dynt\u00e4\u00e4. Ensin ajattelin ajaa Em\u00e4saloon, mutta sitten laiskuus voitti ja p\u00e4\u00e4tin menn\u00e4 taas kerran [&hellip;]\" \/>\n<meta property=\"og:url\" content=\"https:\/\/www.remonen.fi\/WP\/blogi\/tullisaari-osa-105-entit\/\" \/>\n<meta property=\"og:site_name\" content=\"remonen.fi\" \/>\n<meta property=\"article:published_time\" content=\"2014-03-13T17:47:09+00:00\" \/>\n<meta property=\"article:modified_time\" content=\"2014-03-13T18:07:36+00:00\" \/>\n<meta property=\"og:image\" content=\"https:\/\/www.remonen.fi\/WP\/wp-content\/uploads\/2014\/03\/Tullisaari_14-4.jpg\" \/>\n\t<meta property=\"og:image:width\" content=\"800\" \/>\n\t<meta property=\"og:image:height\" content=\"534\" \/>\n\t<meta property=\"og:image:type\" content=\"image\/jpeg\" \/>\n<meta name=\"author\" content=\"Matti Remonen\" \/>\n<meta name=\"twitter:label1\" content=\"Kirjoittanut\" \/>\n\t<meta name=\"twitter:data1\" content=\"Matti Remonen\" \/>\n\t<meta name=\"twitter:label2\" content=\"Arvioitu lukuaika\" \/>\n\t<meta name=\"twitter:data2\" content=\"1 minuutti\" \/>\n<script type=\"application\/ld+json\" class=\"yoast-schema-graph\">{\"@context\":\"https:\/\/schema.org\",\"@graph\":[{\"@type\":\"Article\",\"@id\":\"https:\/\/www.remonen.fi\/WP\/blogi\/tullisaari-osa-105-entit\/#article\",\"isPartOf\":{\"@id\":\"https:\/\/www.remonen.fi\/WP\/blogi\/tullisaari-osa-105-entit\/\"},\"author\":{\"name\":\"Matti Remonen\",\"@id\":\"https:\/\/www.remonen.fi\/WP\/#\/schema\/person\/1803c23d1d4f6722054eb2ac7f7a97cd\"},\"headline\":\"Tullisaari&#8230; osa 105: Entit\",\"datePublished\":\"2014-03-13T17:47:09+00:00\",\"dateModified\":\"2014-03-13T18:07:36+00:00\",\"mainEntityOfPage\":{\"@id\":\"https:\/\/www.remonen.fi\/WP\/blogi\/tullisaari-osa-105-entit\/\"},\"wordCount\":144,\"commentCount\":0,\"publisher\":{\"@id\":\"https:\/\/www.remonen.fi\/WP\/#\/schema\/person\/1803c23d1d4f6722054eb2ac7f7a97cd\"},\"image\":{\"@id\":\"https:\/\/www.remonen.fi\/WP\/blogi\/tullisaari-osa-105-entit\/#primaryimage\"},\"thumbnailUrl\":\"https:\/\/www.remonen.fi\/WP\/wp-content\/uploads\/2014\/03\/Tullisaari_14-4.jpg\",\"keywords\":[\"Kev\u00e4t\",\"Tullisaaren puisto\"],\"articleSection\":[\"Blog\"],\"inLanguage\":\"fi\",\"potentialAction\":[{\"@type\":\"CommentAction\",\"name\":\"Comment\",\"target\":[\"https:\/\/www.remonen.fi\/WP\/blogi\/tullisaari-osa-105-entit\/#respond\"]}]},{\"@type\":\"WebPage\",\"@id\":\"https:\/\/www.remonen.fi\/WP\/blogi\/tullisaari-osa-105-entit\/\",\"url\":\"https:\/\/www.remonen.fi\/WP\/blogi\/tullisaari-osa-105-entit\/\",\"name\":\"Tullisaari... osa 105: Entit - gREat MOments NEver forgotteN\",\"isPartOf\":{\"@id\":\"https:\/\/www.remonen.fi\/WP\/#website\"},\"primaryImageOfPage\":{\"@id\":\"https:\/\/www.remonen.fi\/WP\/blogi\/tullisaari-osa-105-entit\/#primaryimage\"},\"image\":{\"@id\":\"https:\/\/www.remonen.fi\/WP\/blogi\/tullisaari-osa-105-entit\/#primaryimage\"},\"thumbnailUrl\":\"https:\/\/www.remonen.fi\/WP\/wp-content\/uploads\/2014\/03\/Tullisaari_14-4.jpg\",\"datePublished\":\"2014-03-13T17:47:09+00:00\",\"dateModified\":\"2014-03-13T18:07:36+00:00\",\"breadcrumb\":{\"@id\":\"https:\/\/www.remonen.fi\/WP\/blogi\/tullisaari-osa-105-entit\/#breadcrumb\"},\"inLanguage\":\"fi\",\"potentialAction\":[{\"@type\":\"ReadAction\",\"target\":[\"https:\/\/www.remonen.fi\/WP\/blogi\/tullisaari-osa-105-entit\/\"]}]},{\"@type\":\"ImageObject\",\"inLanguage\":\"fi\",\"@id\":\"https:\/\/www.remonen.fi\/WP\/blogi\/tullisaari-osa-105-entit\/#primaryimage\",\"url\":\"https:\/\/www.remonen.fi\/WP\/wp-content\/uploads\/2014\/03\/Tullisaari_14-4.jpg\",\"contentUrl\":\"https:\/\/www.remonen.fi\/WP\/wp-content\/uploads\/2014\/03\/Tullisaari_14-4.jpg\",\"width\":800,\"height\":534},{\"@type\":\"BreadcrumbList\",\"@id\":\"https:\/\/www.remonen.fi\/WP\/blogi\/tullisaari-osa-105-entit\/#breadcrumb\",\"itemListElement\":[{\"@type\":\"ListItem\",\"position\":1,\"name\":\"Etusivu\",\"item\":\"https:\/\/www.remonen.fi\/WP\/\"},{\"@type\":\"ListItem\",\"position\":2,\"name\":\"Tullisaari&#8230; osa 105: Entit\"}]},{\"@type\":\"WebSite\",\"@id\":\"https:\/\/www.remonen.fi\/WP\/#website\",\"url\":\"https:\/\/www.remonen.fi\/WP\/\",\"name\":\"remonen.fi\",\"description\":\"Valokuvia ja tarinaa laidasta laitaan\",\"publisher\":{\"@id\":\"https:\/\/www.remonen.fi\/WP\/#\/schema\/person\/1803c23d1d4f6722054eb2ac7f7a97cd\"},\"potentialAction\":[{\"@type\":\"SearchAction\",\"target\":{\"@type\":\"EntryPoint\",\"urlTemplate\":\"https:\/\/www.remonen.fi\/WP\/?s={search_term_string}\"},\"query-input\":{\"@type\":\"PropertyValueSpecification\",\"valueRequired\":true,\"valueName\":\"search_term_string\"}}],\"inLanguage\":\"fi\"},{\"@type\":[\"Person\",\"Organization\"],\"@id\":\"https:\/\/www.remonen.fi\/WP\/#\/schema\/person\/1803c23d1d4f6722054eb2ac7f7a97cd\",\"name\":\"Matti Remonen\",\"logo\":{\"@id\":\"https:\/\/www.remonen.fi\/WP\/#\/schema\/person\/image\/\"},\"url\":\"https:\/\/www.remonen.fi\/WP\/blogi\/author\/mre\/\"}]}<\/script>\n<!-- \/ Yoast SEO plugin. -->","yoast_head_json":{"title":"Tullisaari... osa 105: Entit - gREat MOments NEver forgotteN","robots":{"index":"index","follow":"follow","max-snippet":"max-snippet:-1","max-image-preview":"max-image-preview:large","max-video-preview":"max-video-preview:-1"},"canonical":"https:\/\/www.remonen.fi\/WP\/blogi\/tullisaari-osa-105-entit\/","og_locale":"fi_FI","og_type":"article","og_title":"Tullisaari... osa 105: Entit - gREat MOments NEver forgotteN","og_description":"Kev\u00e4t on t\u00e4n\u00e4 vuonna todella aikaisessa. Viime vuonna n\u00e4ihin aikoihin olin Sipoossa kuvaamassa Aavelaivaa ja silloin olisi voinut vaikka autolla ajaa j\u00e4\u00e4t\u00e4 pitkin hylyn viereen. Nyt ei ole lumesta tietoakaan ja l\u00e4mmint\u00e4kin oli t\u00e4n\u00e4\u00e4n yli 10 astetta&#8230; Aurinkoinen ilma piti jotenkin hy\u00f6dynt\u00e4\u00e4. Ensin ajattelin ajaa Em\u00e4saloon, mutta sitten laiskuus voitti ja p\u00e4\u00e4tin menn\u00e4 taas kerran [&hellip;]","og_url":"https:\/\/www.remonen.fi\/WP\/blogi\/tullisaari-osa-105-entit\/","og_site_name":"remonen.fi","article_published_time":"2014-03-13T17:47:09+00:00","article_modified_time":"2014-03-13T18:07:36+00:00","og_image":[{"width":800,"height":534,"url":"https:\/\/www.remonen.fi\/WP\/wp-content\/uploads\/2014\/03\/Tullisaari_14-4.jpg","type":"image\/jpeg"}],"author":"Matti Remonen","twitter_misc":{"Kirjoittanut":"Matti Remonen","Arvioitu lukuaika":"1 minuutti"},"schema":{"@context":"https:\/\/schema.org","@graph":[{"@type":"Article","@id":"https:\/\/www.remonen.fi\/WP\/blogi\/tullisaari-osa-105-entit\/#article","isPartOf":{"@id":"https:\/\/www.remonen.fi\/WP\/blogi\/tullisaari-osa-105-entit\/"},"author":{"name":"Matti Remonen","@id":"https:\/\/www.remonen.fi\/WP\/#\/schema\/person\/1803c23d1d4f6722054eb2ac7f7a97cd"},"headline":"Tullisaari&#8230; osa 105: Entit","datePublished":"2014-03-13T17:47:09+00:00","dateModified":"2014-03-13T18:07:36+00:00","mainEntityOfPage":{"@id":"https:\/\/www.remonen.fi\/WP\/blogi\/tullisaari-osa-105-entit\/"},"wordCount":144,"commentCount":0,"publisher":{"@id":"https:\/\/www.remonen.fi\/WP\/#\/schema\/person\/1803c23d1d4f6722054eb2ac7f7a97cd"},"image":{"@id":"https:\/\/www.remonen.fi\/WP\/blogi\/tullisaari-osa-105-entit\/#primaryimage"},"thumbnailUrl":"https:\/\/www.remonen.fi\/WP\/wp-content\/uploads\/2014\/03\/Tullisaari_14-4.jpg","keywords":["Kev\u00e4t","Tullisaaren puisto"],"articleSection":["Blog"],"inLanguage":"fi","potentialAction":[{"@type":"CommentAction","name":"Comment","target":["https:\/\/www.remonen.fi\/WP\/blogi\/tullisaari-osa-105-entit\/#respond"]}]},{"@type":"WebPage","@id":"https:\/\/www.remonen.fi\/WP\/blogi\/tullisaari-osa-105-entit\/","url":"https:\/\/www.remonen.fi\/WP\/blogi\/tullisaari-osa-105-entit\/","name":"Tullisaari... osa 105: Entit - gREat MOments NEver forgotteN","isPartOf":{"@id":"https:\/\/www.remonen.fi\/WP\/#website"},"primaryImageOfPage":{"@id":"https:\/\/www.remonen.fi\/WP\/blogi\/tullisaari-osa-105-entit\/#primaryimage"},"image":{"@id":"https:\/\/www.remonen.fi\/WP\/blogi\/tullisaari-osa-105-entit\/#primaryimage"},"thumbnailUrl":"https:\/\/www.remonen.fi\/WP\/wp-content\/uploads\/2014\/03\/Tullisaari_14-4.jpg","datePublished":"2014-03-13T17:47:09+00:00","dateModified":"2014-03-13T18:07:36+00:00","breadcrumb":{"@id":"https:\/\/www.remonen.fi\/WP\/blogi\/tullisaari-osa-105-entit\/#breadcrumb"},"inLanguage":"fi","potentialAction":[{"@type":"ReadAction","target":["https:\/\/www.remonen.fi\/WP\/blogi\/tullisaari-osa-105-entit\/"]}]},{"@type":"ImageObject","inLanguage":"fi","@id":"https:\/\/www.remonen.fi\/WP\/blogi\/tullisaari-osa-105-entit\/#primaryimage","url":"https:\/\/www.remonen.fi\/WP\/wp-content\/uploads\/2014\/03\/Tullisaari_14-4.jpg","contentUrl":"https:\/\/www.remonen.fi\/WP\/wp-content\/uploads\/2014\/03\/Tullisaari_14-4.jpg","width":800,"height":534},{"@type":"BreadcrumbList","@id":"https:\/\/www.remonen.fi\/WP\/blogi\/tullisaari-osa-105-entit\/#breadcrumb","itemListElement":[{"@type":"ListItem","position":1,"name":"Etusivu","item":"https:\/\/www.remonen.fi\/WP\/"},{"@type":"ListItem","position":2,"name":"Tullisaari&#8230; osa 105: Entit"}]},{"@type":"WebSite","@id":"https:\/\/www.remonen.fi\/WP\/#website","url":"https:\/\/www.remonen.fi\/WP\/","name":"remonen.fi","description":"Valokuvia ja tarinaa laidasta laitaan","publisher":{"@id":"https:\/\/www.remonen.fi\/WP\/#\/schema\/person\/1803c23d1d4f6722054eb2ac7f7a97cd"},"potentialAction":[{"@type":"SearchAction","target":{"@type":"EntryPoint","urlTemplate":"https:\/\/www.remonen.fi\/WP\/?s={search_term_string}"},"query-input":{"@type":"PropertyValueSpecification","valueRequired":true,"valueName":"search_term_string"}}],"inLanguage":"fi"},{"@type":["Person","Organization"],"@id":"https:\/\/www.remonen.fi\/WP\/#\/schema\/person\/1803c23d1d4f6722054eb2ac7f7a97cd","name":"Matti Remonen","logo":{"@id":"https:\/\/www.remonen.fi\/WP\/#\/schema\/person\/image\/"},"url":"https:\/\/www.remonen.fi\/WP\/blogi\/author\/mre\/"}]}},"_links":{"self":[{"href":"https:\/\/www.remonen.fi\/WP\/wp-json\/wp\/v2\/posts\/3821"}],"collection":[{"href":"https:\/\/www.remonen.fi\/WP\/wp-json\/wp\/v2\/posts"}],"about":[{"href":"https:\/\/www.remonen.fi\/WP\/wp-json\/wp\/v2\/types\/post"}],"author":[{"embeddable":true,"href":"https:\/\/www.remonen.fi\/WP\/wp-json\/wp\/v2\/users\/2"}],"replies":[{"embeddable":true,"href":"https:\/\/www.remonen.fi\/WP\/wp-json\/wp\/v2\/comments?post=3821"}],"version-history":[{"count":0,"href":"https:\/\/www.remonen.fi\/WP\/wp-json\/wp\/v2\/posts\/3821\/revisions"}],"wp:featuredmedia":[{"embeddable":true,"href":"https:\/\/www.remonen.fi\/WP\/wp-json\/wp\/v2\/media\/3824"}],"wp:attachment":[{"href":"https:\/\/www.remonen.fi\/WP\/wp-json\/wp\/v2\/media?parent=3821"}],"wp:term":[{"taxonomy":"category","embeddable":true,"href":"https:\/\/www.remonen.fi\/WP\/wp-json\/wp\/v2\/categories?post=3821"},{"taxonomy":"post_tag","embeddable":true,"href":"https:\/\/www.remonen.fi\/WP\/wp-json\/wp\/v2\/tags?post=3821"}],"curies":[{"name":"wp","href":"https:\/\/api.w.org\/{rel}","templated":true}]}}