{"id":3851,"date":"2014-03-28T08:45:52","date_gmt":"2014-03-28T06:45:52","guid":{"rendered":"http:\/\/www.remonen.fi\/?p=3851"},"modified":"2014-03-28T09:20:59","modified_gmt":"2014-03-28T07:20:59","slug":"urban-exploder","status":"publish","type":"post","link":"https:\/\/www.remonen.fi\/WP\/blogi\/urban-exploder\/","title":{"rendered":"Urban Exploder&#8230;"},"content":{"rendered":"<div id=\"attachment_3861\" style=\"width: 310px\" class=\"wp-caption alignright\"><a href=\"http:\/\/www.remonen.fi\/WP\/wp-content\/uploads\/2014\/03\/UrbanExplorer-1.jpg\"><img loading=\"lazy\" decoding=\"async\" aria-describedby=\"caption-attachment-3861\" class=\"size-medium wp-image-3861\" title=\"Aperture: &#402;\/7.1 | Credit: Matti Remonen | Camera: NIKON D800E | Taken: 27 maaliskuun, 2014 | Copyright: (c) Matti Remonen | Flash fired: no | Focal length: 48mm | ISO: 1000 | Shutter speed: 1\/8000s | \" alt=\"\" src=\"http:\/\/www.remonen.fi\/WP\/wp-content\/uploads\/2014\/03\/UrbanExplorer-1-300x200.jpg\" width=\"300\" height=\"200\" srcset=\"https:\/\/www.remonen.fi\/WP\/wp-content\/uploads\/2014\/03\/UrbanExplorer-1-300x200.jpg 300w, https:\/\/www.remonen.fi\/WP\/wp-content\/uploads\/2014\/03\/UrbanExplorer-1.jpg 800w\" sizes=\"(max-width: 300px) 100vw, 300px\" \/><\/a><p id=\"caption-attachment-3861\" class=\"wp-caption-text\">Interferenssi havainnollistettuna&#8230;<\/p><\/div>\n<p style=\"text-align: left;\">Kev\u00e4t on tosi aikaisessa t\u00e4n\u00e4 vuonna. Tosiaan viime vuonna t\u00e4h\u00e4n aikaan hanki kantoi ja j\u00e4\u00e4 kimmelsi. Nyt ei kimmell\u00e4 kuin hiekoitushiekka auringossa.<\/p>\n<p>Auringonvalon innoittamana p\u00e4\u00e4tinkin sitten l\u00e4hte\u00e4 kuvailemaan ihmisi\u00e4 ja toimintaa. Ja mik\u00e4s sen parempi paikka tutustua kanssakulkijoihin kuin It\u00e4keskuksen Tallinnanaukio. Jos ei muuta, niin sielt\u00e4 saa melkoisen l\u00e4pileikkauksen monikulttuuriseen Suomeen. Ja nyt tarkoitan t\u00e4ll\u00e4 sit\u00e4, ett\u00e4 porukkaa on kuin Istanbulin Basaarissa (josta toivottavasti p\u00e4\u00e4sen jakamaan kokemuksia muutaman viikon p\u00e4\u00e4st\u00e4). Ja r\u00e4hj\u00e4isimm\u00e4t ja r\u00e4yh\u00e4isimm\u00e4t n\u00e4ytt\u00e4v\u00e4t olevan t\u00e4t\u00e4 kantav\u00e4est\u00f6\u00e4. Joten kantasuomalaisuudesta pit\u00e4\u00e4 olla ylpe\u00e4. Ei kukaan eik\u00e4 miss\u00e4\u00e4n saa ryyp\u00e4tty\u00e4 itse\u00e4\u00e4n niin r\u00e4hj\u00e4iseksi kuin viidennen polven suomalainen alkkis.<\/p>\n<table border=\"0\" align=\"center\">\n<tbody>\n<tr>\n<td><a href=\"http:\/\/www.remonen.fi\/WP\/wp-content\/uploads\/2014\/03\/UrbanExplorer-2.jpg\"><img loading=\"lazy\" decoding=\"async\" class=\"alignnone size-medium wp-image-3860\" title=\"Aperture: &#402;\/2 | Credit: Matti Remonen | Camera: NIKON D800E | Taken: 27 maaliskuun, 2014 | Copyright: (c) Matti Remonen | Flash fired: no | Focal length: 135mm | ISO: 220 | Shutter speed: 1\/8000s | \" alt=\"Katukuvaus\" src=\"http:\/\/www.remonen.fi\/WP\/wp-content\/uploads\/2014\/03\/UrbanExplorer-2-200x300.jpg\" width=\"200\" height=\"300\" srcset=\"https:\/\/www.remonen.fi\/WP\/wp-content\/uploads\/2014\/03\/UrbanExplorer-2-200x300.jpg 200w, https:\/\/www.remonen.fi\/WP\/wp-content\/uploads\/2014\/03\/UrbanExplorer-2.jpg 534w\" sizes=\"(max-width: 200px) 100vw, 200px\" \/><\/a><\/td>\n<td><a href=\"http:\/\/www.remonen.fi\/WP\/wp-content\/uploads\/2014\/03\/UrbanExplorer-4.jpg\"><img loading=\"lazy\" decoding=\"async\" class=\"alignnone size-medium wp-image-3858\" title=\"Aperture: &#402;\/2.8 | Credit: Matti Remonen | Camera: NIKON D800E | Taken: 27 maaliskuun, 2014 | Copyright: (c) Matti Remonen | Flash fired: no | Focal length: 200mm | ISO: 200 | Shutter speed: 1\/8000s | \" alt=\"Katukuvaus\" src=\"http:\/\/www.remonen.fi\/WP\/wp-content\/uploads\/2014\/03\/UrbanExplorer-4-200x300.jpg\" width=\"200\" height=\"300\" srcset=\"https:\/\/www.remonen.fi\/WP\/wp-content\/uploads\/2014\/03\/UrbanExplorer-4-200x300.jpg 200w, https:\/\/www.remonen.fi\/WP\/wp-content\/uploads\/2014\/03\/UrbanExplorer-4.jpg 534w\" sizes=\"(max-width: 200px) 100vw, 200px\" \/><\/a><\/td>\n<td><a href=\"http:\/\/www.remonen.fi\/WP\/wp-content\/uploads\/2014\/03\/UrbanExplorer-3.jpg\"><img loading=\"lazy\" decoding=\"async\" class=\"alignnone size-medium wp-image-3859\" title=\"Aperture: &#402;\/2.8 | Credit: Matti Remonen | Camera: NIKON D800E | Taken: 27 maaliskuun, 2014 | Copyright: (c) Matti Remonen | Flash fired: no | Focal length: 200mm | ISO: 720 | Shutter speed: 1\/8000s | \" alt=\"Katukuvaus\" src=\"http:\/\/www.remonen.fi\/WP\/wp-content\/uploads\/2014\/03\/UrbanExplorer-3-200x300.jpg\" width=\"200\" height=\"300\" srcset=\"https:\/\/www.remonen.fi\/WP\/wp-content\/uploads\/2014\/03\/UrbanExplorer-3-200x300.jpg 200w, https:\/\/www.remonen.fi\/WP\/wp-content\/uploads\/2014\/03\/UrbanExplorer-3.jpg 534w\" sizes=\"(max-width: 200px) 100vw, 200px\" \/><\/a><\/td>\n<\/tr>\n<\/tbody>\n<\/table>\n<p><a href=\"http:\/\/www.remonen.fi\/WP\/wp-content\/uploads\/2014\/03\/UrbanExplorer-5.jpg\"><img loading=\"lazy\" decoding=\"async\" class=\"size-medium wp-image-3857 alignleft\" title=\"Aperture: &#402;\/6.3 | Credit: Matti Remonen | Camera: NIKON D800E | Taken: 27 maaliskuun, 2014 | Copyright: (c) Matti Remonen | Flash fired: no | Focal length: 85mm | ISO: 100 | Shutter speed: 1\/250s | \" alt=\"\" src=\"http:\/\/www.remonen.fi\/WP\/wp-content\/uploads\/2014\/03\/UrbanExplorer-5-300x200.jpg\" width=\"300\" height=\"200\" srcset=\"https:\/\/www.remonen.fi\/WP\/wp-content\/uploads\/2014\/03\/UrbanExplorer-5-300x200.jpg 300w, https:\/\/www.remonen.fi\/WP\/wp-content\/uploads\/2014\/03\/UrbanExplorer-5.jpg 800w\" sizes=\"(max-width: 300px) 100vw, 300px\" \/><\/a>Tosin Tallinnanaukiokin on rauhoittunut siit\u00e4, mit\u00e4 se oli joskun muutama vuosi sitten. Ymp\u00e4rilleen kuseksivat pultsarit loistivat poissaolollaan. Enemm\u00e4n oli t\u00e4llaista huume- ja viinah\u00f6yryiss\u00e4\u00e4n nuokkuvaa tenunen\u00e4\u00e4. Ja sivistyneesti keskustelevia ja oleilevia &#8221;muiden kulttuurien edustajia&#8221;. Ei mulla ole pahaa sanaa. Porukka tuntui olevan hyv\u00e4\u00e4 pataa kesken\u00e4\u00e4n, mit\u00e4 nyt pient\u00e4 &#8221;keskustelua&#8221; syntyi parin ryhm\u00e4n kesken.<\/p>\n<p>Katukuvausta tuolla en nyt kuitenkaan sitten p\u00e4\u00e4ssyt kauheasti harrastamaan: kaikki mielenkiintoiset kohteet n\u00e4yttiv\u00e4t potentiaalisilta p\u00e4\u00e4sylipuilta Malmin ensiapupolille ja muut olivat sitten Greenpeacen feissareita, joista ei nyt suurta el\u00e4myst\u00e4 saanut aikaiseksi. Sain kuitenkin tuolla kulumaan pari tuntia kauniissa auringonpaisteessa.<\/p>\n<p style=\"text-align: center;\"><a href=\"http:\/\/www.remonen.fi\/WP\/wp-content\/uploads\/2014\/03\/UrbanExplorer-6.jpg\"><img loading=\"lazy\" decoding=\"async\" class=\"aligncenter  wp-image-3856\" title=\"Aperture: &#402;\/5.6 | Credit: Matti Remonen | Camera: NIKON D800E | Taken: 27 maaliskuun, 2014 | Copyright: (c) Matti Remonen | Flash fired: no | Focal length: 70mm | ISO: 100 | Shutter speed: 1\/320s | \" alt=\"\" src=\"http:\/\/www.remonen.fi\/WP\/wp-content\/uploads\/2014\/03\/UrbanExplorer-6-300x200.jpg\" width=\"300\" height=\"200\" srcset=\"https:\/\/www.remonen.fi\/WP\/wp-content\/uploads\/2014\/03\/UrbanExplorer-6-300x200.jpg 300w, https:\/\/www.remonen.fi\/WP\/wp-content\/uploads\/2014\/03\/UrbanExplorer-6.jpg 800w\" sizes=\"(max-width: 300px) 100vw, 300px\" \/><\/a><\/p>\n<p><a href=\"http:\/\/www.remonen.fi\/WP\/wp-content\/uploads\/2014\/03\/UrbanExplorer-7.jpg\"><img loading=\"lazy\" decoding=\"async\" class=\"alignright size-medium wp-image-3855\" title=\"Aperture: &#402;\/6.3 | Credit: Matti Remonen | Camera: NIKON D800E | Taken: 27 maaliskuun, 2014 | Copyright: (c) Matti Remonen | Flash fired: no | Focal length: 38mm | ISO: 100 | Shutter speed: 1\/800s | \" alt=\"\" src=\"http:\/\/www.remonen.fi\/WP\/wp-content\/uploads\/2014\/03\/UrbanExplorer-7-200x300.jpg\" width=\"200\" height=\"300\" srcset=\"https:\/\/www.remonen.fi\/WP\/wp-content\/uploads\/2014\/03\/UrbanExplorer-7-200x300.jpg 200w, https:\/\/www.remonen.fi\/WP\/wp-content\/uploads\/2014\/03\/UrbanExplorer-7.jpg 534w\" sizes=\"(max-width: 200px) 100vw, 200px\" \/><\/a>Poisl\u00e4htiess\u00e4ni olin kahden vaiheilla, ett\u00e4 ajaako kotiin, vai menenk\u00f6 tapaamaan vanhaa yst\u00e4v\u00e4\u00e4ni, <a title=\"\u00d6ljys\u00e4ili\u00f6 468\" href=\"http:\/\/www.remonen.fi\/photoblog\/oljysailio-468\/\">\u00d6ljys\u00e4ili\u00f6 468<\/a>:ia. Sielt\u00e4h\u00e4n on loistava n\u00e4kym\u00e4 suoraan l\u00e4nteen ja Helsingin keskustaan. Siis sinne, mihin aurinko laskee. Olin jo viime syksyn\u00e4 katsellut, ett\u00e4 pit\u00e4isi tulla kuvaamaan, kun auringonlasku sattuu Tuomiokirkon taakse ja p\u00e4\u00e4tinkin l\u00e4hte\u00e4 katsomaan, ett\u00e4 mik\u00e4 on tilanne ja tunnelma. Netist\u00e4 tarkistin, ett\u00e4 auringonlaskun aika oli 18:51, joten nokka kohti Laajasaloa. Olin perill\u00e4 siin\u00e4 kuuden j\u00e4lkeen ja aikaa oli pieneen maasto- ja kuvauspaikkatiedusteluun. Itse \u00f6ljys\u00e4ili\u00f6h\u00e4n oli lukossa, sinne ei p\u00e4\u00e4ssyt, mutta se on nyt jo aika lailla kaluttu paikka.<\/p>\n<p>Aikani sitten odoteltuani aurinkokin tajusi, ett\u00e4 &#8221;It&#8217;s Show Time!&#8221; ja pani v\u00e4rit p\u00e4\u00e4lle. Ei siin\u00e4 mit\u00e4\u00e4n, vaikka joku on joskus sanonut, ett\u00e4 kaikki maailman auringonlaskukuvat on jo otettu, niin pannaan t\u00e4h\u00e4n muutamat lis\u00e4\u00e4.<\/p>\n<table border=\"0\" align=\"center\">\n<tbody>\n<tr>\n<td><a href=\"http:\/\/www.remonen.fi\/WP\/wp-content\/uploads\/2014\/03\/UrbanExplorer-8.jpg\"><img loading=\"lazy\" decoding=\"async\" class=\"alignnone size-medium wp-image-3854\" title=\"Aperture: &#402;\/8 | Credit: Matti Remonen | Camera: NIKON D800E | Taken: 27 maaliskuun, 2014 | Copyright: (c) Matti Remonen | Flash fired: no | Focal length: 200mm | ISO: 320 | Shutter speed: 1\/200s | \" alt=\"Autingonlasku\" src=\"http:\/\/www.remonen.fi\/WP\/wp-content\/uploads\/2014\/03\/UrbanExplorer-8-200x300.jpg\" width=\"200\" height=\"300\" srcset=\"https:\/\/www.remonen.fi\/WP\/wp-content\/uploads\/2014\/03\/UrbanExplorer-8-200x300.jpg 200w, https:\/\/www.remonen.fi\/WP\/wp-content\/uploads\/2014\/03\/UrbanExplorer-8.jpg 534w\" sizes=\"(max-width: 200px) 100vw, 200px\" \/><\/a><\/td>\n<td><a href=\"http:\/\/www.remonen.fi\/WP\/wp-content\/uploads\/2014\/03\/UrbanExplorer-9.jpg\"><img loading=\"lazy\" decoding=\"async\" class=\"alignnone size-medium wp-image-3853\" title=\"Aperture: &#402;\/8 | Credit: Matti Remonen | Camera: NIKON D800E | Taken: 27 maaliskuun, 2014 | Copyright: (c) Matti Remonen | Flash fired: no | Focal length: 98mm | ISO: 100 | Shutter speed: 1\/200s | \" alt=\"Auringonlasku\" src=\"http:\/\/www.remonen.fi\/WP\/wp-content\/uploads\/2014\/03\/UrbanExplorer-9-200x300.jpg\" width=\"200\" height=\"300\" srcset=\"https:\/\/www.remonen.fi\/WP\/wp-content\/uploads\/2014\/03\/UrbanExplorer-9-200x300.jpg 200w, https:\/\/www.remonen.fi\/WP\/wp-content\/uploads\/2014\/03\/UrbanExplorer-9.jpg 534w\" sizes=\"(max-width: 200px) 100vw, 200px\" \/><\/a><\/td>\n<td><a href=\"http:\/\/www.remonen.fi\/WP\/wp-content\/uploads\/2014\/03\/UrbanExplorer-11.jpg\"><img loading=\"lazy\" decoding=\"async\" class=\"alignnone size-medium wp-image-3862\" title=\"Aperture: &#402;\/8 | Credit: Matti Remonen | Camera: NIKON D800E | Taken: 27 maaliskuun, 2014 | Copyright: (c) Matti Remonen | Flash fired: no | Focal length: 125mm | ISO: 450 | Shutter speed: 1\/125s | \" alt=\"Auringonlasku\" src=\"http:\/\/www.remonen.fi\/WP\/wp-content\/uploads\/2014\/03\/UrbanExplorer-11-200x300.jpg\" width=\"200\" height=\"300\" srcset=\"https:\/\/www.remonen.fi\/WP\/wp-content\/uploads\/2014\/03\/UrbanExplorer-11-200x300.jpg 200w, https:\/\/www.remonen.fi\/WP\/wp-content\/uploads\/2014\/03\/UrbanExplorer-11.jpg 534w\" sizes=\"(max-width: 200px) 100vw, 200px\" \/><\/a><\/td>\n<\/tr>\n<\/tbody>\n<\/table>\n<p>Ulkoilmaa sai Nikon D800E + AF-S Nikkor 24-70\/2.8G, AF-S Nikkor 70-200\/2.8G VRII + Nikkor AF-D 135\/2 DC + AF-S Nikkor 85\/1.8G<\/p>\n","protected":false},"excerpt":{"rendered":"<p>Kev\u00e4t on tosi aikaisessa t\u00e4n\u00e4 vuonna. Tosiaan viime vuonna t\u00e4h\u00e4n aikaan hanki kantoi ja j\u00e4\u00e4 kimmelsi. Nyt ei kimmell\u00e4 kuin hiekoitushiekka auringossa. Auringonvalon innoittamana p\u00e4\u00e4tinkin sitten l\u00e4hte\u00e4 kuvailemaan ihmisi\u00e4 ja toimintaa. Ja mik\u00e4s sen parempi paikka tutustua kanssakulkijoihin kuin It\u00e4keskuksen Tallinnanaukio. Jos ei muuta, niin sielt\u00e4 saa melkoisen l\u00e4pileikkauksen monikulttuuriseen Suomeen. Ja nyt tarkoitan t\u00e4ll\u00e4 [&hellip;]<\/p>\n","protected":false},"author":2,"featured_media":3852,"comment_status":"open","ping_status":"closed","sticky":false,"template":"","format":"standard","meta":{"footnotes":""},"categories":[16],"tags":[169,100],"yoast_head":"<!-- This site is optimized with the Yoast SEO plugin v24.5 - https:\/\/yoast.com\/wordpress\/plugins\/seo\/ -->\n<title>Urban Exploder... - gREat MOments NEver forgotteN<\/title>\n<meta name=\"robots\" content=\"index, follow, max-snippet:-1, max-image-preview:large, max-video-preview:-1\" \/>\n<link rel=\"canonical\" href=\"https:\/\/www.remonen.fi\/WP\/blogi\/urban-exploder\/\" \/>\n<meta property=\"og:locale\" content=\"fi_FI\" \/>\n<meta property=\"og:type\" content=\"article\" \/>\n<meta property=\"og:title\" content=\"Urban Exploder... - gREat MOments NEver forgotteN\" \/>\n<meta property=\"og:description\" content=\"Kev\u00e4t on tosi aikaisessa t\u00e4n\u00e4 vuonna. Tosiaan viime vuonna t\u00e4h\u00e4n aikaan hanki kantoi ja j\u00e4\u00e4 kimmelsi. Nyt ei kimmell\u00e4 kuin hiekoitushiekka auringossa. Auringonvalon innoittamana p\u00e4\u00e4tinkin sitten l\u00e4hte\u00e4 kuvailemaan ihmisi\u00e4 ja toimintaa. Ja mik\u00e4s sen parempi paikka tutustua kanssakulkijoihin kuin It\u00e4keskuksen Tallinnanaukio. Jos ei muuta, niin sielt\u00e4 saa melkoisen l\u00e4pileikkauksen monikulttuuriseen Suomeen. Ja nyt tarkoitan t\u00e4ll\u00e4 [&hellip;]\" \/>\n<meta property=\"og:url\" content=\"https:\/\/www.remonen.fi\/WP\/blogi\/urban-exploder\/\" \/>\n<meta property=\"og:site_name\" content=\"remonen.fi\" \/>\n<meta property=\"article:published_time\" content=\"2014-03-28T06:45:52+00:00\" \/>\n<meta property=\"article:modified_time\" content=\"2014-03-28T07:20:59+00:00\" \/>\n<meta property=\"og:image\" content=\"https:\/\/www.remonen.fi\/WP\/wp-content\/uploads\/2014\/03\/UrbanExplorer-10.jpg\" \/>\n\t<meta property=\"og:image:width\" content=\"800\" \/>\n\t<meta property=\"og:image:height\" content=\"374\" \/>\n\t<meta property=\"og:image:type\" content=\"image\/jpeg\" \/>\n<meta name=\"author\" content=\"Matti Remonen\" \/>\n<meta name=\"twitter:label1\" content=\"Kirjoittanut\" \/>\n\t<meta name=\"twitter:data1\" content=\"Matti Remonen\" \/>\n\t<meta name=\"twitter:label2\" content=\"Arvioitu lukuaika\" \/>\n\t<meta name=\"twitter:data2\" content=\"2 minuuttia\" \/>\n<script type=\"application\/ld+json\" class=\"yoast-schema-graph\">{\"@context\":\"https:\/\/schema.org\",\"@graph\":[{\"@type\":\"Article\",\"@id\":\"https:\/\/www.remonen.fi\/WP\/blogi\/urban-exploder\/#article\",\"isPartOf\":{\"@id\":\"https:\/\/www.remonen.fi\/WP\/blogi\/urban-exploder\/\"},\"author\":{\"name\":\"Matti Remonen\",\"@id\":\"https:\/\/www.remonen.fi\/WP\/#\/schema\/person\/1803c23d1d4f6722054eb2ac7f7a97cd\"},\"headline\":\"Urban Exploder&#8230;\",\"datePublished\":\"2014-03-28T06:45:52+00:00\",\"dateModified\":\"2014-03-28T07:20:59+00:00\",\"mainEntityOfPage\":{\"@id\":\"https:\/\/www.remonen.fi\/WP\/blogi\/urban-exploder\/\"},\"wordCount\":404,\"commentCount\":0,\"publisher\":{\"@id\":\"https:\/\/www.remonen.fi\/WP\/#\/schema\/person\/1803c23d1d4f6722054eb2ac7f7a97cd\"},\"image\":{\"@id\":\"https:\/\/www.remonen.fi\/WP\/blogi\/urban-exploder\/#primaryimage\"},\"thumbnailUrl\":\"https:\/\/www.remonen.fi\/WP\/wp-content\/uploads\/2014\/03\/UrbanExplorer-10.jpg\",\"keywords\":[\"It\u00e4keskus\",\"\u00d6ljys\u00e4ili\u00f6 468\"],\"articleSection\":[\"Blog\"],\"inLanguage\":\"fi\",\"potentialAction\":[{\"@type\":\"CommentAction\",\"name\":\"Comment\",\"target\":[\"https:\/\/www.remonen.fi\/WP\/blogi\/urban-exploder\/#respond\"]}]},{\"@type\":\"WebPage\",\"@id\":\"https:\/\/www.remonen.fi\/WP\/blogi\/urban-exploder\/\",\"url\":\"https:\/\/www.remonen.fi\/WP\/blogi\/urban-exploder\/\",\"name\":\"Urban Exploder... - gREat MOments NEver forgotteN\",\"isPartOf\":{\"@id\":\"https:\/\/www.remonen.fi\/WP\/#website\"},\"primaryImageOfPage\":{\"@id\":\"https:\/\/www.remonen.fi\/WP\/blogi\/urban-exploder\/#primaryimage\"},\"image\":{\"@id\":\"https:\/\/www.remonen.fi\/WP\/blogi\/urban-exploder\/#primaryimage\"},\"thumbnailUrl\":\"https:\/\/www.remonen.fi\/WP\/wp-content\/uploads\/2014\/03\/UrbanExplorer-10.jpg\",\"datePublished\":\"2014-03-28T06:45:52+00:00\",\"dateModified\":\"2014-03-28T07:20:59+00:00\",\"breadcrumb\":{\"@id\":\"https:\/\/www.remonen.fi\/WP\/blogi\/urban-exploder\/#breadcrumb\"},\"inLanguage\":\"fi\",\"potentialAction\":[{\"@type\":\"ReadAction\",\"target\":[\"https:\/\/www.remonen.fi\/WP\/blogi\/urban-exploder\/\"]}]},{\"@type\":\"ImageObject\",\"inLanguage\":\"fi\",\"@id\":\"https:\/\/www.remonen.fi\/WP\/blogi\/urban-exploder\/#primaryimage\",\"url\":\"https:\/\/www.remonen.fi\/WP\/wp-content\/uploads\/2014\/03\/UrbanExplorer-10.jpg\",\"contentUrl\":\"https:\/\/www.remonen.fi\/WP\/wp-content\/uploads\/2014\/03\/UrbanExplorer-10.jpg\",\"width\":800,\"height\":374},{\"@type\":\"BreadcrumbList\",\"@id\":\"https:\/\/www.remonen.fi\/WP\/blogi\/urban-exploder\/#breadcrumb\",\"itemListElement\":[{\"@type\":\"ListItem\",\"position\":1,\"name\":\"Etusivu\",\"item\":\"https:\/\/www.remonen.fi\/WP\/\"},{\"@type\":\"ListItem\",\"position\":2,\"name\":\"Urban Exploder&#8230;\"}]},{\"@type\":\"WebSite\",\"@id\":\"https:\/\/www.remonen.fi\/WP\/#website\",\"url\":\"https:\/\/www.remonen.fi\/WP\/\",\"name\":\"remonen.fi\",\"description\":\"Valokuvia ja tarinaa laidasta laitaan\",\"publisher\":{\"@id\":\"https:\/\/www.remonen.fi\/WP\/#\/schema\/person\/1803c23d1d4f6722054eb2ac7f7a97cd\"},\"potentialAction\":[{\"@type\":\"SearchAction\",\"target\":{\"@type\":\"EntryPoint\",\"urlTemplate\":\"https:\/\/www.remonen.fi\/WP\/?s={search_term_string}\"},\"query-input\":{\"@type\":\"PropertyValueSpecification\",\"valueRequired\":true,\"valueName\":\"search_term_string\"}}],\"inLanguage\":\"fi\"},{\"@type\":[\"Person\",\"Organization\"],\"@id\":\"https:\/\/www.remonen.fi\/WP\/#\/schema\/person\/1803c23d1d4f6722054eb2ac7f7a97cd\",\"name\":\"Matti Remonen\",\"logo\":{\"@id\":\"https:\/\/www.remonen.fi\/WP\/#\/schema\/person\/image\/\"},\"url\":\"https:\/\/www.remonen.fi\/WP\/blogi\/author\/mre\/\"}]}<\/script>\n<!-- \/ Yoast SEO plugin. -->","yoast_head_json":{"title":"Urban Exploder... - gREat MOments NEver forgotteN","robots":{"index":"index","follow":"follow","max-snippet":"max-snippet:-1","max-image-preview":"max-image-preview:large","max-video-preview":"max-video-preview:-1"},"canonical":"https:\/\/www.remonen.fi\/WP\/blogi\/urban-exploder\/","og_locale":"fi_FI","og_type":"article","og_title":"Urban Exploder... - gREat MOments NEver forgotteN","og_description":"Kev\u00e4t on tosi aikaisessa t\u00e4n\u00e4 vuonna. Tosiaan viime vuonna t\u00e4h\u00e4n aikaan hanki kantoi ja j\u00e4\u00e4 kimmelsi. Nyt ei kimmell\u00e4 kuin hiekoitushiekka auringossa. Auringonvalon innoittamana p\u00e4\u00e4tinkin sitten l\u00e4hte\u00e4 kuvailemaan ihmisi\u00e4 ja toimintaa. Ja mik\u00e4s sen parempi paikka tutustua kanssakulkijoihin kuin It\u00e4keskuksen Tallinnanaukio. Jos ei muuta, niin sielt\u00e4 saa melkoisen l\u00e4pileikkauksen monikulttuuriseen Suomeen. Ja nyt tarkoitan t\u00e4ll\u00e4 [&hellip;]","og_url":"https:\/\/www.remonen.fi\/WP\/blogi\/urban-exploder\/","og_site_name":"remonen.fi","article_published_time":"2014-03-28T06:45:52+00:00","article_modified_time":"2014-03-28T07:20:59+00:00","og_image":[{"width":800,"height":374,"url":"https:\/\/www.remonen.fi\/WP\/wp-content\/uploads\/2014\/03\/UrbanExplorer-10.jpg","type":"image\/jpeg"}],"author":"Matti Remonen","twitter_misc":{"Kirjoittanut":"Matti Remonen","Arvioitu lukuaika":"2 minuuttia"},"schema":{"@context":"https:\/\/schema.org","@graph":[{"@type":"Article","@id":"https:\/\/www.remonen.fi\/WP\/blogi\/urban-exploder\/#article","isPartOf":{"@id":"https:\/\/www.remonen.fi\/WP\/blogi\/urban-exploder\/"},"author":{"name":"Matti Remonen","@id":"https:\/\/www.remonen.fi\/WP\/#\/schema\/person\/1803c23d1d4f6722054eb2ac7f7a97cd"},"headline":"Urban Exploder&#8230;","datePublished":"2014-03-28T06:45:52+00:00","dateModified":"2014-03-28T07:20:59+00:00","mainEntityOfPage":{"@id":"https:\/\/www.remonen.fi\/WP\/blogi\/urban-exploder\/"},"wordCount":404,"commentCount":0,"publisher":{"@id":"https:\/\/www.remonen.fi\/WP\/#\/schema\/person\/1803c23d1d4f6722054eb2ac7f7a97cd"},"image":{"@id":"https:\/\/www.remonen.fi\/WP\/blogi\/urban-exploder\/#primaryimage"},"thumbnailUrl":"https:\/\/www.remonen.fi\/WP\/wp-content\/uploads\/2014\/03\/UrbanExplorer-10.jpg","keywords":["It\u00e4keskus","\u00d6ljys\u00e4ili\u00f6 468"],"articleSection":["Blog"],"inLanguage":"fi","potentialAction":[{"@type":"CommentAction","name":"Comment","target":["https:\/\/www.remonen.fi\/WP\/blogi\/urban-exploder\/#respond"]}]},{"@type":"WebPage","@id":"https:\/\/www.remonen.fi\/WP\/blogi\/urban-exploder\/","url":"https:\/\/www.remonen.fi\/WP\/blogi\/urban-exploder\/","name":"Urban Exploder... - gREat MOments NEver forgotteN","isPartOf":{"@id":"https:\/\/www.remonen.fi\/WP\/#website"},"primaryImageOfPage":{"@id":"https:\/\/www.remonen.fi\/WP\/blogi\/urban-exploder\/#primaryimage"},"image":{"@id":"https:\/\/www.remonen.fi\/WP\/blogi\/urban-exploder\/#primaryimage"},"thumbnailUrl":"https:\/\/www.remonen.fi\/WP\/wp-content\/uploads\/2014\/03\/UrbanExplorer-10.jpg","datePublished":"2014-03-28T06:45:52+00:00","dateModified":"2014-03-28T07:20:59+00:00","breadcrumb":{"@id":"https:\/\/www.remonen.fi\/WP\/blogi\/urban-exploder\/#breadcrumb"},"inLanguage":"fi","potentialAction":[{"@type":"ReadAction","target":["https:\/\/www.remonen.fi\/WP\/blogi\/urban-exploder\/"]}]},{"@type":"ImageObject","inLanguage":"fi","@id":"https:\/\/www.remonen.fi\/WP\/blogi\/urban-exploder\/#primaryimage","url":"https:\/\/www.remonen.fi\/WP\/wp-content\/uploads\/2014\/03\/UrbanExplorer-10.jpg","contentUrl":"https:\/\/www.remonen.fi\/WP\/wp-content\/uploads\/2014\/03\/UrbanExplorer-10.jpg","width":800,"height":374},{"@type":"BreadcrumbList","@id":"https:\/\/www.remonen.fi\/WP\/blogi\/urban-exploder\/#breadcrumb","itemListElement":[{"@type":"ListItem","position":1,"name":"Etusivu","item":"https:\/\/www.remonen.fi\/WP\/"},{"@type":"ListItem","position":2,"name":"Urban Exploder&#8230;"}]},{"@type":"WebSite","@id":"https:\/\/www.remonen.fi\/WP\/#website","url":"https:\/\/www.remonen.fi\/WP\/","name":"remonen.fi","description":"Valokuvia ja tarinaa laidasta laitaan","publisher":{"@id":"https:\/\/www.remonen.fi\/WP\/#\/schema\/person\/1803c23d1d4f6722054eb2ac7f7a97cd"},"potentialAction":[{"@type":"SearchAction","target":{"@type":"EntryPoint","urlTemplate":"https:\/\/www.remonen.fi\/WP\/?s={search_term_string}"},"query-input":{"@type":"PropertyValueSpecification","valueRequired":true,"valueName":"search_term_string"}}],"inLanguage":"fi"},{"@type":["Person","Organization"],"@id":"https:\/\/www.remonen.fi\/WP\/#\/schema\/person\/1803c23d1d4f6722054eb2ac7f7a97cd","name":"Matti Remonen","logo":{"@id":"https:\/\/www.remonen.fi\/WP\/#\/schema\/person\/image\/"},"url":"https:\/\/www.remonen.fi\/WP\/blogi\/author\/mre\/"}]}},"_links":{"self":[{"href":"https:\/\/www.remonen.fi\/WP\/wp-json\/wp\/v2\/posts\/3851"}],"collection":[{"href":"https:\/\/www.remonen.fi\/WP\/wp-json\/wp\/v2\/posts"}],"about":[{"href":"https:\/\/www.remonen.fi\/WP\/wp-json\/wp\/v2\/types\/post"}],"author":[{"embeddable":true,"href":"https:\/\/www.remonen.fi\/WP\/wp-json\/wp\/v2\/users\/2"}],"replies":[{"embeddable":true,"href":"https:\/\/www.remonen.fi\/WP\/wp-json\/wp\/v2\/comments?post=3851"}],"version-history":[{"count":0,"href":"https:\/\/www.remonen.fi\/WP\/wp-json\/wp\/v2\/posts\/3851\/revisions"}],"wp:featuredmedia":[{"embeddable":true,"href":"https:\/\/www.remonen.fi\/WP\/wp-json\/wp\/v2\/media\/3852"}],"wp:attachment":[{"href":"https:\/\/www.remonen.fi\/WP\/wp-json\/wp\/v2\/media?parent=3851"}],"wp:term":[{"taxonomy":"category","embeddable":true,"href":"https:\/\/www.remonen.fi\/WP\/wp-json\/wp\/v2\/categories?post=3851"},{"taxonomy":"post_tag","embeddable":true,"href":"https:\/\/www.remonen.fi\/WP\/wp-json\/wp\/v2\/tags?post=3851"}],"curies":[{"name":"wp","href":"https:\/\/api.w.org\/{rel}","templated":true}]}}