{"id":3884,"date":"2014-03-30T16:39:01","date_gmt":"2014-03-30T13:39:01","guid":{"rendered":"http:\/\/www.remonen.fi\/?p=3884"},"modified":"2014-03-30T16:39:01","modified_gmt":"2014-03-30T13:39:01","slug":"go-west-young-man","status":"publish","type":"post","link":"https:\/\/www.remonen.fi\/WP\/blogi\/go-west-young-man\/","title":{"rendered":"Go West, young man&#8230;"},"content":{"rendered":"<div id=\"attachment_3885\" style=\"width: 310px\" class=\"wp-caption alignright\"><a href=\"http:\/\/www.remonen.fi\/WP\/wp-content\/uploads\/2014\/03\/HPB_14-1.jpg\"><img loading=\"lazy\" decoding=\"async\" aria-describedby=\"caption-attachment-3885\" class=\"size-medium wp-image-3885\" title=\"Aperture: &#402;\/5.6 | Camera: NEX-6 | Taken: 29 maaliskuun, 2014 | Copyright: (c) Matti Remonen | Exposure bias: +7\/10EV | Flash fired: no | Focal length: 24mm | ISO: 100 | Shutter speed: 1\/250s | \" alt=\"\" src=\"http:\/\/www.remonen.fi\/WP\/wp-content\/uploads\/2014\/03\/HPB_14-1-300x199.jpg\" width=\"300\" height=\"199\" srcset=\"https:\/\/www.remonen.fi\/WP\/wp-content\/uploads\/2014\/03\/HPB_14-1-300x199.jpg 300w, https:\/\/www.remonen.fi\/WP\/wp-content\/uploads\/2014\/03\/HPB_14-1.jpg 800w\" sizes=\"(max-width: 300px) 100vw, 300px\" \/><\/a><p id=\"caption-attachment-3885\" class=\"wp-caption-text\">Varjoja paratiisissa<\/p><\/div>\n<p style=\"text-align: left;\">Ja l\u00e4nteenh\u00e4n sit\u00e4 oli l\u00e4hdett\u00e4v\u00e4. Vaikka en nyt en\u00e4\u00e4 niin nuori olekaan. L\u00e4nness\u00e4 oli t\u00e4ll\u00e4 kertaa <a title=\"HNP\" href=\"http:\/\/www.hpb.fi\/nayttelyt\/\" target=\"_blank\">Helsinki Photography Biennial<\/a> ja sen lukuisat n\u00e4yttelyt. No, osittain persiilleenh\u00e4n se meni, kun en ollut perehtynyt koko tarjontaan enk\u00e4 etenk\u00e4\u00e4n siihen, miss\u00e4 n\u00e4it\u00e4 kuvia nyt sitten kaikkialla oikein oli. Toisaalta en nyt oikein tied\u00e4, mik\u00e4 j\u00e4rki n\u00e4it\u00e4 samaan teemaan kuuluvia kuvia on hajottaa ymp\u00e4ri kaupunkia, mutta varmaan siin\u00e4 viisaammat ja taiteellisemmat ovat miettineet t\u00e4m\u00e4nkin parhain p\u00e4in.<\/p>\n<p>Joka tapauksessa aamulla otin auton alleni ja hurahutin keskustaan. Tietysti olisi voinut menn\u00e4 julkisillakin koko matkan, mutta laiska mik\u00e4 laiska. Oman auton k\u00e4yt\u00f6n j\u00e4rkevyys ei t\u00e4ll\u00e4 kertaa ollut kyll\u00e4 mitenk\u00e4\u00e4n perusteltavissa, koska planina oli k\u00e4vell\u00e4 Baanaa pitkin Ruoholahteen ja siell\u00e4 sitten <a title=\"Kaapelitehdas\" href=\"http:\/\/www.kaapelitehdas.fi\/\" target=\"_blank\">Kaapelille<\/a>. Ja paluu sitten metrolla takaisin Rautatieasemalle, jossa auto lymyili. Hieman olisi ollut helpompaa, halvempaa ja ekologisempaa hoitaa koko homma julkisilla. Mutta t\u00e4mm\u00f6st\u00e4 t\u00e4m\u00e4 on.<\/p>\n<p style=\"text-align: center;\"><a href=\"http:\/\/www.remonen.fi\/WP\/wp-content\/uploads\/2014\/03\/HPB_14-3.jpg\"><img loading=\"lazy\" decoding=\"async\" class=\"aligncenter  wp-image-3893\" title=\"Aperture: &#402;\/5.6 | Camera: NEX-6 | Taken: 29 maaliskuun, 2014 | Copyright: (c) Matti Remonen | Exposure bias: +7\/10EV | Flash fired: no | Focal length: 24mm | ISO: 100 | Shutter speed: 1\/1250s | \" alt=\"\" src=\"http:\/\/www.remonen.fi\/WP\/wp-content\/uploads\/2014\/03\/HPB_14-3.jpg\" width=\"640\" height=\"426\" srcset=\"https:\/\/www.remonen.fi\/WP\/wp-content\/uploads\/2014\/03\/HPB_14-3.jpg 800w, https:\/\/www.remonen.fi\/WP\/wp-content\/uploads\/2014\/03\/HPB_14-3-300x199.jpg 300w\" sizes=\"(max-width: 640px) 100vw, 640px\" \/><\/a><\/p>\n<p><a href=\"http:\/\/www.remonen.fi\/WP\/wp-content\/uploads\/2014\/03\/HPB_14-2.jpg\"><img loading=\"lazy\" decoding=\"async\" class=\"alignleft size-medium wp-image-3894\" title=\"Aperture: &#402;\/5.6 | Camera: NEX-6 | Taken: 29 maaliskuun, 2014 | Copyright: (c) Matti Remonen | Exposure bias: +7\/10EV | Flash fired: no | Focal length: 24mm | ISO: 100 | Shutter speed: 1\/500s | \" alt=\"\" src=\"http:\/\/www.remonen.fi\/WP\/wp-content\/uploads\/2014\/03\/HPB_14-2-300x199.jpg\" width=\"300\" height=\"199\" srcset=\"https:\/\/www.remonen.fi\/WP\/wp-content\/uploads\/2014\/03\/HPB_14-2-300x199.jpg 300w, https:\/\/www.remonen.fi\/WP\/wp-content\/uploads\/2014\/03\/HPB_14-2.jpg 800w\" sizes=\"(max-width: 300px) 100vw, 300px\" \/><\/a>Auto j\u00e4i sitten Elielin parkkiin ja itse nousin maan pinnalle ja suuntasin Baanalle. Vaikka ilma oli hyv\u00e4 ja kellokin oli jo siin\u00e4 kympin pintaan, niin porukkaa ei siell\u00e4 ollut mitenk\u00e4\u00e4n riesaksi asti. Melko lailla yksikseen siell\u00e4 sai k\u00e4vella, mit\u00e4 nyt muutama py\u00f6r\u00e4ilij\u00e4 ja lenkkeilij\u00e4 v\u00e4lill\u00e4 sujahti ohi. Baanan laskuri n\u00e4ytti sille p\u00e4iv\u00e4lle 145 kulkijaa, joten aika hiljaista oli ollut. Joka tapauksessa tuo Baana on loistava keksint\u00f6 ja toivottavasti vastaavia py\u00f6r\u00e4ilij\u00f6ille ja k\u00e4velij\u00f6ille tarkoitettuja v\u00e4yli\u00e4 tulee Helsinkiin lis\u00e4\u00e4. Jos taksikuskeilta kysyy, niin ei tule. Tuossa kerran Tallinnanlaivalta tullessa taksari harmitteli sit\u00e4, kun Baanasta ei tehty takseille varattua v\u00e4yl\u00e4\u00e4 Rautatieaseman ja Ruoholahden v\u00e4lille. Hyv\u00e4 ettei tehty. Periaatteessa raitiovaunulinjan siihen olisi voinut vet\u00e4\u00e4, mutta hyv\u00e4 n\u00e4inkin.<\/p>\n<p>Baanalta selvitty\u00e4ni jatkoin <a title=\"Ruoholahden kanava\" href=\"http:\/\/fi.wikipedia.org\/wiki\/Ruoholahden_kanava\" target=\"_blank\">Ruoholahden kanavanrantaa<\/a> pitkin kohden Kaapelia. Eip\u00e4 ole noillakaan nurkilla tullut koskaan k\u00e4yty\u00e4. L\u00e4hinn\u00e4 mun Ruoholahden reissut on suuntautuneet aikanaan Verkkokauppa.com:iin, kun se viel\u00e4 siell\u00e4 oli. No, kanavahan on varsin hieno. Joku kanavavillitys kuitenkin Helsingiss\u00e4 taitaa olla, kun niit\u00e4 on useammassakin paikassa. My\u00f6s meill\u00e4 id\u00e4ss\u00e4. Toinen asia, johon tuli kiinnitetty\u00e4 huomiota oli kanavan varren rakennukset: siell\u00e4 on jostain syyst\u00e4 harrastettu samaa ajatonta kaakeli-elementti-arkkitehtuuria kuin Mellunm\u00e4en vuokrataloissakin. J\u00e4nn\u00e4 juttu, jotenkin olin ajatellut, ett\u00e4 tuolla olisi hieman &#8221;kalliimpaa&#8221; rakennuskantaa. Sen sijaan <a title=\"HTC Helsinki\" href=\"http:\/\/www.htc.fi\/index.php?option=com_content&amp;task=view&amp;id=41&amp;Itemid=54\" target=\"_blank\">HTC<\/a>:n rakennukset ovat sitten sit\u00e4kin n\u00e4ytt\u00e4v\u00e4mpi\u00e4. Niihinh\u00e4n on otettu mallia nostureista tai satamaterminaalirakennuksista. Ja se sopiikin tuohon milj\u00f6\u00f6seen varsin hyvin.<\/p>\n<table border=\"0\" align=\"center\">\n<tbody>\n<tr>\n<td><a href=\"http:\/\/www.remonen.fi\/WP\/wp-content\/uploads\/2014\/03\/HPB_14-4.jpg\"><img loading=\"lazy\" decoding=\"async\" class=\"alignnone size-medium wp-image-3892\" title=\"Aperture: &#402;\/5.6 | Camera: NEX-6 | Taken: 29 maaliskuun, 2014 | Copyright: (c) Matti Remonen | Exposure bias: +7\/10EV | Flash fired: no | Focal length: 24mm | ISO: 100 | Shutter speed: 1\/500s | \" alt=\"\" src=\"http:\/\/www.remonen.fi\/WP\/wp-content\/uploads\/2014\/03\/HPB_14-4-199x300.jpg\" width=\"199\" height=\"300\" srcset=\"https:\/\/www.remonen.fi\/WP\/wp-content\/uploads\/2014\/03\/HPB_14-4-199x300.jpg 199w, https:\/\/www.remonen.fi\/WP\/wp-content\/uploads\/2014\/03\/HPB_14-4.jpg 532w\" sizes=\"(max-width: 199px) 100vw, 199px\" \/><\/a><\/td>\n<td><a href=\"http:\/\/www.remonen.fi\/WP\/wp-content\/uploads\/2014\/03\/HPB_14-5.jpg\"><img loading=\"lazy\" decoding=\"async\" class=\"alignnone  wp-image-3891\" title=\"Aperture: &#402;\/8 | Camera: NEX-6 | Taken: 29 maaliskuun, 2014 | Copyright: (c) Matti Remonen | Exposure bias: +7\/10EV | Flash fired: no | Focal length: 24mm | ISO: 100 | Shutter speed: 1\/125s | \" alt=\"\" src=\"http:\/\/www.remonen.fi\/WP\/wp-content\/uploads\/2014\/03\/HPB_14-5-300x199.jpg\" width=\"243\" height=\"161\" srcset=\"https:\/\/www.remonen.fi\/WP\/wp-content\/uploads\/2014\/03\/HPB_14-5-300x199.jpg 300w, https:\/\/www.remonen.fi\/WP\/wp-content\/uploads\/2014\/03\/HPB_14-5.jpg 800w\" sizes=\"(max-width: 243px) 100vw, 243px\" \/><\/a><\/td>\n<td><a href=\"http:\/\/www.remonen.fi\/WP\/wp-content\/uploads\/2014\/03\/HPB_14-6.jpg\"><img loading=\"lazy\" decoding=\"async\" class=\"alignnone size-medium wp-image-3890\" title=\"Aperture: &#402;\/5.6 | Camera: NEX-6 | Taken: 29 maaliskuun, 2014 | Copyright: (c) Matti Remonen | Exposure bias: +7\/10EV | Flash fired: no | Focal length: 55mm | ISO: 100 | Shutter speed: 1\/400s | \" alt=\"\" src=\"http:\/\/www.remonen.fi\/WP\/wp-content\/uploads\/2014\/03\/HPB_14-6-199x300.jpg\" width=\"199\" height=\"300\" srcset=\"https:\/\/www.remonen.fi\/WP\/wp-content\/uploads\/2014\/03\/HPB_14-6-199x300.jpg 199w, https:\/\/www.remonen.fi\/WP\/wp-content\/uploads\/2014\/03\/HPB_14-6.jpg 532w\" sizes=\"(max-width: 199px) 100vw, 199px\" \/><\/a><\/td>\n<\/tr>\n<\/tbody>\n<\/table>\n<p>&nbsp;<\/p>\n<p style=\"text-align: center;\"><a href=\"http:\/\/www.remonen.fi\/WP\/wp-content\/uploads\/2014\/03\/HPB_14-7.jpg\"><img loading=\"lazy\" decoding=\"async\" class=\"aligncenter  wp-image-3889\" title=\"Aperture: &#402;\/4 | Camera: NEX-6 | Taken: 29 maaliskuun, 2014 | Copyright: (c) Matti Remonen | Exposure bias: +7\/10EV | Flash fired: no | Focal length: 23mm | ISO: 3200 | Shutter speed: 1\/8s | \" alt=\"\" src=\"http:\/\/www.remonen.fi\/WP\/wp-content\/uploads\/2014\/03\/HPB_14-7.jpg\" width=\"640\" height=\"426\" srcset=\"https:\/\/www.remonen.fi\/WP\/wp-content\/uploads\/2014\/03\/HPB_14-7.jpg 800w, https:\/\/www.remonen.fi\/WP\/wp-content\/uploads\/2014\/03\/HPB_14-7-300x199.jpg 300w\" sizes=\"(max-width: 640px) 100vw, 640px\" \/><\/a><\/p>\n<p><a href=\"http:\/\/www.remonen.fi\/WP\/wp-content\/uploads\/2014\/03\/HPB_14-8.jpg\"><img loading=\"lazy\" decoding=\"async\" class=\"alignright size-medium wp-image-3888\" title=\"Aperture: &#402;\/9 | Camera: NEX-6 | Taken: 29 maaliskuun, 2014 | Copyright: (c) Matti Remonen | Exposure bias: +7\/10EV | Flash fired: no | Focal length: 27mm | ISO: 3200 | Shutter speed: 1\/6s | \" alt=\"\" src=\"http:\/\/www.remonen.fi\/WP\/wp-content\/uploads\/2014\/03\/HPB_14-8-199x300.jpg\" width=\"199\" height=\"300\" srcset=\"https:\/\/www.remonen.fi\/WP\/wp-content\/uploads\/2014\/03\/HPB_14-8-199x300.jpg 199w, https:\/\/www.remonen.fi\/WP\/wp-content\/uploads\/2014\/03\/HPB_14-8.jpg 532w\" sizes=\"(max-width: 199px) 100vw, 199px\" \/><\/a>Lopulta sitten p\u00e4\u00e4sin Kaapelitehtaallekin ja l\u00f6ysin tieni varsinaiseen n\u00e4yttelyyn. Se oli kyll\u00e4 melko pienimuotoinen, olin odottanut ehk\u00e4 hieman laajempaa esillepanoa, mutta t\u00e4ss\u00e4 varmasti vaikuttaa se, ett\u00e4 n\u00e4yttelyt on hajautettu niin moneen paikkaan. Harmi sin\u00e4ns\u00e4. N\u00e4yttelyss\u00e4 eritoten pidin videoinstallaatiosta, jossa nelihenkinen &#8221;perhe&#8221; oli majoittunut Ikean mallihuonoistoon ilmeisesti jossain ihan oikeassa Ikeassa. Siell\u00e4 he sitten viettiv\u00e4t normaalia perheen arkea samalla kun muut Ikean k\u00e4vij\u00e4t py\u00f6riv\u00e4t ymp\u00e4rill\u00e4. Jos nyt jotain siit\u00e4 k\u00e4sitin, niin teoksen kritiikki kohdistui kaiken kaupallistumiseen: kaikissa tavaroissa oli Ikean hinta- ja infolaput kiinni ja kun lapset pyysiv\u00e4t is\u00e4lt\u00e4 iltasatua, niin is\u00e4 luki sen. Kunhan ensin lapset maksoivat siit\u00e4 is\u00e4lle. Harmi, ett\u00e4 omat lapset ovat jo iltasatui\u00e4n tuolla puolen, niin meni tuokin rahanansaitsemiskeino hukkaan. Tyhm\u00e4n\u00e4 olen lukenut sadut aikanaan ilmaiseksi&#8230; Toinen mik\u00e4 kiinnitti positiivisella tavalla huomiota, oli suomalaisen valokuvaajan <a title=\"Ilkka Halso\" href=\"http:\/\/ilkka.halso.net\/\" target=\"_blank\">Ilkka Halson<\/a> teos &#8221;naturALE&#8221;, jossa kritisoidaan ihmisen tarvetta muokata ymp\u00e4r\u00f6iv\u00e4\u00e4 luontoa. Teoksissa luonto on pakattu myyt\u00e4viksi yksik\u00f6iksi joita on sitten varastossa odottamassa ostajia. Kuin Ikeassa ik\u00e4\u00e4n&#8230;<\/p>\n<p><a href=\"http:\/\/www.remonen.fi\/WP\/wp-content\/uploads\/2014\/03\/HPB_14-1-2.jpg\"><img loading=\"lazy\" decoding=\"async\" class=\"alignleft size-medium wp-image-3907\" title=\"Aperture: &#402;\/7.1 | Camera: NEX-6 | Taken: 29 maaliskuun, 2014 | Copyright: (c) Matti Remonen | Exposure bias: +7\/10EV | Flash fired: no | Focal length: 22mm | ISO: 3200 | Shutter speed: 1\/30s | \" alt=\"\" src=\"http:\/\/www.remonen.fi\/WP\/wp-content\/uploads\/2014\/03\/HPB_14-1-2-300x199.jpg\" width=\"300\" height=\"199\" srcset=\"https:\/\/www.remonen.fi\/WP\/wp-content\/uploads\/2014\/03\/HPB_14-1-2-300x199.jpg 300w, https:\/\/www.remonen.fi\/WP\/wp-content\/uploads\/2014\/03\/HPB_14-1-2.jpg 800w\" sizes=\"(max-width: 300px) 100vw, 300px\" \/><\/a>Muuten en oikein saanut kiinni noista kuvista, vaikka osa k\u00e4sittelikin kovin t\u00e4rkeit\u00e4 asioita, kuten esimerkiksi lapsity\u00f6voiman k\u00e4ytt\u00f6\u00e4 Katmandun kivilouhoksilla. Asia on hyvin surullinen ja v\u00e4\u00e4rin, mutta jotenkin itsell\u00e4 tulee mieleen, ett\u00e4 n\u00e4in sit\u00e4 elettiin Suomessakin viel\u00e4 100 vuotta sitten. Ehk\u00e4 muutaman kymmenen vuoden p\u00e4\u00e4st\u00e4 Nepalkin on rakennettu t\u00e4yteen elementtitaloja ja homekouluja, joihin lapset voivat muuttaa. Jos se nyt sitten tekee meist\u00e4 ja heist\u00e4 sen onnellisempia. T\u00e4m\u00e4 kehitys. Ja sitten toinen laita oli &#8221;yliselitettyj\u00e4&#8221; kuvia, joissa omasta mielest\u00e4 ihan tavallisesta kuvasta koitetaan saada taidetta keksim\u00e4ll\u00e4 sille ylev\u00e4 selitys tai konteksti. Tai sitten insin\u00f6\u00f6ri ei vain ymm\u00e4rr\u00e4.<\/p>\n<div id=\"attachment_3887\" style=\"width: 209px\" class=\"wp-caption alignright\"><a href=\"http:\/\/www.remonen.fi\/WP\/wp-content\/uploads\/2014\/03\/HPB_14-9.jpg\"><img loading=\"lazy\" decoding=\"async\" aria-describedby=\"caption-attachment-3887\" class=\"size-medium wp-image-3887 \" title=\"Aperture: &#402;\/9 | Camera: NEX-6 | Taken: 29 maaliskuun, 2014 | Copyright: (c) Matti Remonen | Exposure bias: +7\/10EV | Flash fired: no | Focal length: 44mm | ISO: 3200 | Shutter speed: 1\/50s | \" alt=\"\" src=\"http:\/\/www.remonen.fi\/WP\/wp-content\/uploads\/2014\/03\/HPB_14-9-199x300.jpg\" width=\"199\" height=\"300\" srcset=\"https:\/\/www.remonen.fi\/WP\/wp-content\/uploads\/2014\/03\/HPB_14-9-199x300.jpg 199w, https:\/\/www.remonen.fi\/WP\/wp-content\/uploads\/2014\/03\/HPB_14-9.jpg 532w\" sizes=\"(max-width: 199px) 100vw, 199px\" \/><\/a><p id=\"caption-attachment-3887\" class=\"wp-caption-text\">T\u00e4m\u00e4 olisi kyll\u00e4 pit\u00e4nyt n\u00e4hd\u00e4. Ja seuraavaksi spuget vastaan poliisit&#8230;<\/p><\/div>\n<p style=\"text-align: left;\">No, n\u00e4yttely oli aika nopeasti k\u00e4yty l\u00e4pi ja k\u00e4vely\u00e4kin oli ollut jo siin\u00e4 mitassa, ett\u00e4 p\u00e4\u00e4tin l\u00e4hte\u00e4 takaisin sinne mist\u00e4 valo tulee. Otin metron ja menin sill\u00e4 pari pys\u00e4kinv\u00e4li\u00e4 Rautatieasemalle noutamaan auton parkista. Kuten sanottu, ei j\u00e4rjen h\u00e4iv\u00e4\u00e4. Samalla vaivalla ja rahalla olisin p\u00e4\u00e4ssyt kotiin asti. Ehk\u00e4 sitten ensi kerralla&#8230;<\/p>\n<p style=\"text-align: left;\">Kulttuuria koki Sony NEX-6 + SEL1855 + SEL24F18Z<\/p>\n","protected":false},"excerpt":{"rendered":"<p>Ja l\u00e4nteenh\u00e4n sit\u00e4 oli l\u00e4hdett\u00e4v\u00e4. Vaikka en nyt en\u00e4\u00e4 niin nuori olekaan. L\u00e4nness\u00e4 oli t\u00e4ll\u00e4 kertaa Helsinki Photography Biennial ja sen lukuisat n\u00e4yttelyt. No, osittain persiilleenh\u00e4n se meni, kun en ollut perehtynyt koko tarjontaan enk\u00e4 etenk\u00e4\u00e4n siihen, miss\u00e4 n\u00e4it\u00e4 kuvia nyt sitten kaikkialla oikein oli. Toisaalta en nyt oikein tied\u00e4, mik\u00e4 j\u00e4rki n\u00e4it\u00e4 samaan teemaan [&hellip;]<\/p>\n","protected":false},"author":2,"featured_media":3886,"comment_status":"open","ping_status":"closed","sticky":false,"template":"","format":"standard","meta":{"footnotes":""},"categories":[16],"tags":[46,170,171],"yoast_head":"<!-- This site is optimized with the Yoast SEO plugin v24.5 - https:\/\/yoast.com\/wordpress\/plugins\/seo\/ -->\n<title>Go West, young man... - gREat MOMents NEver forgotteN<\/title>\n<meta name=\"robots\" content=\"index, follow, max-snippet:-1, max-image-preview:large, max-video-preview:-1\" \/>\n<link rel=\"canonical\" href=\"https:\/\/www.remonen.fi\/WP\/blogi\/go-west-young-man\/\" \/>\n<meta property=\"og:locale\" content=\"fi_FI\" \/>\n<meta property=\"og:type\" content=\"article\" \/>\n<meta property=\"og:title\" content=\"Go West, young man... - gREat MOMents NEver forgotteN\" \/>\n<meta property=\"og:description\" content=\"Ja l\u00e4nteenh\u00e4n sit\u00e4 oli l\u00e4hdett\u00e4v\u00e4. Vaikka en nyt en\u00e4\u00e4 niin nuori olekaan. L\u00e4nness\u00e4 oli t\u00e4ll\u00e4 kertaa Helsinki Photography Biennial ja sen lukuisat n\u00e4yttelyt. No, osittain persiilleenh\u00e4n se meni, kun en ollut perehtynyt koko tarjontaan enk\u00e4 etenk\u00e4\u00e4n siihen, miss\u00e4 n\u00e4it\u00e4 kuvia nyt sitten kaikkialla oikein oli. Toisaalta en nyt oikein tied\u00e4, mik\u00e4 j\u00e4rki n\u00e4it\u00e4 samaan teemaan [&hellip;]\" \/>\n<meta property=\"og:url\" content=\"https:\/\/www.remonen.fi\/WP\/blogi\/go-west-young-man\/\" \/>\n<meta property=\"og:site_name\" content=\"remonen.fi\" \/>\n<meta property=\"article:published_time\" content=\"2014-03-30T13:39:01+00:00\" \/>\n<meta property=\"og:image\" content=\"https:\/\/www.remonen.fi\/WP\/wp-content\/uploads\/2014\/03\/HPB_14-10.jpg\" \/>\n\t<meta property=\"og:image:width\" content=\"800\" \/>\n\t<meta property=\"og:image:height\" content=\"532\" \/>\n\t<meta property=\"og:image:type\" content=\"image\/jpeg\" \/>\n<meta name=\"author\" content=\"Matti Remonen\" \/>\n<meta name=\"twitter:label1\" content=\"Kirjoittanut\" \/>\n\t<meta name=\"twitter:data1\" content=\"Matti Remonen\" \/>\n\t<meta name=\"twitter:label2\" content=\"Arvioitu lukuaika\" \/>\n\t<meta name=\"twitter:data2\" content=\"4 minuuttia\" \/>\n<script type=\"application\/ld+json\" class=\"yoast-schema-graph\">{\"@context\":\"https:\/\/schema.org\",\"@graph\":[{\"@type\":\"Article\",\"@id\":\"https:\/\/www.remonen.fi\/WP\/blogi\/go-west-young-man\/#article\",\"isPartOf\":{\"@id\":\"https:\/\/www.remonen.fi\/WP\/blogi\/go-west-young-man\/\"},\"author\":{\"name\":\"Matti Remonen\",\"@id\":\"https:\/\/www.remonen.fi\/WP\/#\/schema\/person\/1803c23d1d4f6722054eb2ac7f7a97cd\"},\"headline\":\"Go West, young man&#8230;\",\"datePublished\":\"2014-03-30T13:39:01+00:00\",\"mainEntityOfPage\":{\"@id\":\"https:\/\/www.remonen.fi\/WP\/blogi\/go-west-young-man\/\"},\"wordCount\":798,\"commentCount\":0,\"publisher\":{\"@id\":\"https:\/\/www.remonen.fi\/WP\/#\/schema\/person\/1803c23d1d4f6722054eb2ac7f7a97cd\"},\"image\":{\"@id\":\"https:\/\/www.remonen.fi\/WP\/blogi\/go-west-young-man\/#primaryimage\"},\"thumbnailUrl\":\"https:\/\/www.remonen.fi\/WP\/wp-content\/uploads\/2014\/03\/HPB_14-10.jpg\",\"keywords\":[\"Baana\",\"Helsinki Photography Biennial\",\"Kaapelitehdas\"],\"articleSection\":[\"Blog\"],\"inLanguage\":\"fi\",\"potentialAction\":[{\"@type\":\"CommentAction\",\"name\":\"Comment\",\"target\":[\"https:\/\/www.remonen.fi\/WP\/blogi\/go-west-young-man\/#respond\"]}]},{\"@type\":\"WebPage\",\"@id\":\"https:\/\/www.remonen.fi\/WP\/blogi\/go-west-young-man\/\",\"url\":\"https:\/\/www.remonen.fi\/WP\/blogi\/go-west-young-man\/\",\"name\":\"Go West, young man... - gREat MOMents NEver forgotteN\",\"isPartOf\":{\"@id\":\"https:\/\/www.remonen.fi\/WP\/#website\"},\"primaryImageOfPage\":{\"@id\":\"https:\/\/www.remonen.fi\/WP\/blogi\/go-west-young-man\/#primaryimage\"},\"image\":{\"@id\":\"https:\/\/www.remonen.fi\/WP\/blogi\/go-west-young-man\/#primaryimage\"},\"thumbnailUrl\":\"https:\/\/www.remonen.fi\/WP\/wp-content\/uploads\/2014\/03\/HPB_14-10.jpg\",\"datePublished\":\"2014-03-30T13:39:01+00:00\",\"breadcrumb\":{\"@id\":\"https:\/\/www.remonen.fi\/WP\/blogi\/go-west-young-man\/#breadcrumb\"},\"inLanguage\":\"fi\",\"potentialAction\":[{\"@type\":\"ReadAction\",\"target\":[\"https:\/\/www.remonen.fi\/WP\/blogi\/go-west-young-man\/\"]}]},{\"@type\":\"ImageObject\",\"inLanguage\":\"fi\",\"@id\":\"https:\/\/www.remonen.fi\/WP\/blogi\/go-west-young-man\/#primaryimage\",\"url\":\"https:\/\/www.remonen.fi\/WP\/wp-content\/uploads\/2014\/03\/HPB_14-10.jpg\",\"contentUrl\":\"https:\/\/www.remonen.fi\/WP\/wp-content\/uploads\/2014\/03\/HPB_14-10.jpg\",\"width\":800,\"height\":532},{\"@type\":\"BreadcrumbList\",\"@id\":\"https:\/\/www.remonen.fi\/WP\/blogi\/go-west-young-man\/#breadcrumb\",\"itemListElement\":[{\"@type\":\"ListItem\",\"position\":1,\"name\":\"Etusivu\",\"item\":\"https:\/\/www.remonen.fi\/WP\/\"},{\"@type\":\"ListItem\",\"position\":2,\"name\":\"Go West, young man&#8230;\"}]},{\"@type\":\"WebSite\",\"@id\":\"https:\/\/www.remonen.fi\/WP\/#website\",\"url\":\"https:\/\/www.remonen.fi\/WP\/\",\"name\":\"remonen.fi\",\"description\":\"Valokuvia ja tarinaa laidasta laitaan\",\"publisher\":{\"@id\":\"https:\/\/www.remonen.fi\/WP\/#\/schema\/person\/1803c23d1d4f6722054eb2ac7f7a97cd\"},\"potentialAction\":[{\"@type\":\"SearchAction\",\"target\":{\"@type\":\"EntryPoint\",\"urlTemplate\":\"https:\/\/www.remonen.fi\/WP\/?s={search_term_string}\"},\"query-input\":{\"@type\":\"PropertyValueSpecification\",\"valueRequired\":true,\"valueName\":\"search_term_string\"}}],\"inLanguage\":\"fi\"},{\"@type\":[\"Person\",\"Organization\"],\"@id\":\"https:\/\/www.remonen.fi\/WP\/#\/schema\/person\/1803c23d1d4f6722054eb2ac7f7a97cd\",\"name\":\"Matti Remonen\",\"logo\":{\"@id\":\"https:\/\/www.remonen.fi\/WP\/#\/schema\/person\/image\/\"},\"url\":\"https:\/\/www.remonen.fi\/WP\/blogi\/author\/mre\/\"}]}<\/script>\n<!-- \/ Yoast SEO plugin. -->","yoast_head_json":{"title":"Go West, young man... - gREat MOMents NEver forgotteN","robots":{"index":"index","follow":"follow","max-snippet":"max-snippet:-1","max-image-preview":"max-image-preview:large","max-video-preview":"max-video-preview:-1"},"canonical":"https:\/\/www.remonen.fi\/WP\/blogi\/go-west-young-man\/","og_locale":"fi_FI","og_type":"article","og_title":"Go West, young man... - gREat MOMents NEver forgotteN","og_description":"Ja l\u00e4nteenh\u00e4n sit\u00e4 oli l\u00e4hdett\u00e4v\u00e4. Vaikka en nyt en\u00e4\u00e4 niin nuori olekaan. L\u00e4nness\u00e4 oli t\u00e4ll\u00e4 kertaa Helsinki Photography Biennial ja sen lukuisat n\u00e4yttelyt. No, osittain persiilleenh\u00e4n se meni, kun en ollut perehtynyt koko tarjontaan enk\u00e4 etenk\u00e4\u00e4n siihen, miss\u00e4 n\u00e4it\u00e4 kuvia nyt sitten kaikkialla oikein oli. Toisaalta en nyt oikein tied\u00e4, mik\u00e4 j\u00e4rki n\u00e4it\u00e4 samaan teemaan [&hellip;]","og_url":"https:\/\/www.remonen.fi\/WP\/blogi\/go-west-young-man\/","og_site_name":"remonen.fi","article_published_time":"2014-03-30T13:39:01+00:00","og_image":[{"width":800,"height":532,"url":"https:\/\/www.remonen.fi\/WP\/wp-content\/uploads\/2014\/03\/HPB_14-10.jpg","type":"image\/jpeg"}],"author":"Matti Remonen","twitter_misc":{"Kirjoittanut":"Matti Remonen","Arvioitu lukuaika":"4 minuuttia"},"schema":{"@context":"https:\/\/schema.org","@graph":[{"@type":"Article","@id":"https:\/\/www.remonen.fi\/WP\/blogi\/go-west-young-man\/#article","isPartOf":{"@id":"https:\/\/www.remonen.fi\/WP\/blogi\/go-west-young-man\/"},"author":{"name":"Matti Remonen","@id":"https:\/\/www.remonen.fi\/WP\/#\/schema\/person\/1803c23d1d4f6722054eb2ac7f7a97cd"},"headline":"Go West, young man&#8230;","datePublished":"2014-03-30T13:39:01+00:00","mainEntityOfPage":{"@id":"https:\/\/www.remonen.fi\/WP\/blogi\/go-west-young-man\/"},"wordCount":798,"commentCount":0,"publisher":{"@id":"https:\/\/www.remonen.fi\/WP\/#\/schema\/person\/1803c23d1d4f6722054eb2ac7f7a97cd"},"image":{"@id":"https:\/\/www.remonen.fi\/WP\/blogi\/go-west-young-man\/#primaryimage"},"thumbnailUrl":"https:\/\/www.remonen.fi\/WP\/wp-content\/uploads\/2014\/03\/HPB_14-10.jpg","keywords":["Baana","Helsinki Photography Biennial","Kaapelitehdas"],"articleSection":["Blog"],"inLanguage":"fi","potentialAction":[{"@type":"CommentAction","name":"Comment","target":["https:\/\/www.remonen.fi\/WP\/blogi\/go-west-young-man\/#respond"]}]},{"@type":"WebPage","@id":"https:\/\/www.remonen.fi\/WP\/blogi\/go-west-young-man\/","url":"https:\/\/www.remonen.fi\/WP\/blogi\/go-west-young-man\/","name":"Go West, young man... - gREat MOMents NEver forgotteN","isPartOf":{"@id":"https:\/\/www.remonen.fi\/WP\/#website"},"primaryImageOfPage":{"@id":"https:\/\/www.remonen.fi\/WP\/blogi\/go-west-young-man\/#primaryimage"},"image":{"@id":"https:\/\/www.remonen.fi\/WP\/blogi\/go-west-young-man\/#primaryimage"},"thumbnailUrl":"https:\/\/www.remonen.fi\/WP\/wp-content\/uploads\/2014\/03\/HPB_14-10.jpg","datePublished":"2014-03-30T13:39:01+00:00","breadcrumb":{"@id":"https:\/\/www.remonen.fi\/WP\/blogi\/go-west-young-man\/#breadcrumb"},"inLanguage":"fi","potentialAction":[{"@type":"ReadAction","target":["https:\/\/www.remonen.fi\/WP\/blogi\/go-west-young-man\/"]}]},{"@type":"ImageObject","inLanguage":"fi","@id":"https:\/\/www.remonen.fi\/WP\/blogi\/go-west-young-man\/#primaryimage","url":"https:\/\/www.remonen.fi\/WP\/wp-content\/uploads\/2014\/03\/HPB_14-10.jpg","contentUrl":"https:\/\/www.remonen.fi\/WP\/wp-content\/uploads\/2014\/03\/HPB_14-10.jpg","width":800,"height":532},{"@type":"BreadcrumbList","@id":"https:\/\/www.remonen.fi\/WP\/blogi\/go-west-young-man\/#breadcrumb","itemListElement":[{"@type":"ListItem","position":1,"name":"Etusivu","item":"https:\/\/www.remonen.fi\/WP\/"},{"@type":"ListItem","position":2,"name":"Go West, young man&#8230;"}]},{"@type":"WebSite","@id":"https:\/\/www.remonen.fi\/WP\/#website","url":"https:\/\/www.remonen.fi\/WP\/","name":"remonen.fi","description":"Valokuvia ja tarinaa laidasta laitaan","publisher":{"@id":"https:\/\/www.remonen.fi\/WP\/#\/schema\/person\/1803c23d1d4f6722054eb2ac7f7a97cd"},"potentialAction":[{"@type":"SearchAction","target":{"@type":"EntryPoint","urlTemplate":"https:\/\/www.remonen.fi\/WP\/?s={search_term_string}"},"query-input":{"@type":"PropertyValueSpecification","valueRequired":true,"valueName":"search_term_string"}}],"inLanguage":"fi"},{"@type":["Person","Organization"],"@id":"https:\/\/www.remonen.fi\/WP\/#\/schema\/person\/1803c23d1d4f6722054eb2ac7f7a97cd","name":"Matti Remonen","logo":{"@id":"https:\/\/www.remonen.fi\/WP\/#\/schema\/person\/image\/"},"url":"https:\/\/www.remonen.fi\/WP\/blogi\/author\/mre\/"}]}},"_links":{"self":[{"href":"https:\/\/www.remonen.fi\/WP\/wp-json\/wp\/v2\/posts\/3884"}],"collection":[{"href":"https:\/\/www.remonen.fi\/WP\/wp-json\/wp\/v2\/posts"}],"about":[{"href":"https:\/\/www.remonen.fi\/WP\/wp-json\/wp\/v2\/types\/post"}],"author":[{"embeddable":true,"href":"https:\/\/www.remonen.fi\/WP\/wp-json\/wp\/v2\/users\/2"}],"replies":[{"embeddable":true,"href":"https:\/\/www.remonen.fi\/WP\/wp-json\/wp\/v2\/comments?post=3884"}],"version-history":[{"count":0,"href":"https:\/\/www.remonen.fi\/WP\/wp-json\/wp\/v2\/posts\/3884\/revisions"}],"wp:featuredmedia":[{"embeddable":true,"href":"https:\/\/www.remonen.fi\/WP\/wp-json\/wp\/v2\/media\/3886"}],"wp:attachment":[{"href":"https:\/\/www.remonen.fi\/WP\/wp-json\/wp\/v2\/media?parent=3884"}],"wp:term":[{"taxonomy":"category","embeddable":true,"href":"https:\/\/www.remonen.fi\/WP\/wp-json\/wp\/v2\/categories?post=3884"},{"taxonomy":"post_tag","embeddable":true,"href":"https:\/\/www.remonen.fi\/WP\/wp-json\/wp\/v2\/tags?post=3884"}],"curies":[{"name":"wp","href":"https:\/\/api.w.org\/{rel}","templated":true}]}}