{"id":3914,"date":"2014-04-05T20:39:50","date_gmt":"2014-04-05T17:39:50","guid":{"rendered":"http:\/\/www.remonen.fi\/?p=3914"},"modified":"2014-04-06T14:45:34","modified_gmt":"2014-04-06T11:45:34","slug":"ala-jauha","status":"publish","type":"post","link":"https:\/\/www.remonen.fi\/WP\/blogi\/ala-jauha\/","title":{"rendered":"\u00c4l\u00e4 jauha!"},"content":{"rendered":"<p>Tai jauha vaan. Jos jaksat.<\/p>\n<p><a href=\"http:\/\/www.remonen.fi\/WP\/wp-content\/uploads\/2014\/04\/Mylly_ja_hautausmaa-3.jpg\"><img loading=\"lazy\" decoding=\"async\" class=\"alignright size-medium wp-image-3924\" title=\"Aperture: &#402;\/8 | Credit: Matti Remonen | Camera: NIKON D800E | Taken: 5 huhtikuun, 2014 | Copyright: (c) Matti Remonen | Flash fired: no | Focal length: 24mm | ISO: 400 | Shutter speed: 1s | \" alt=\"\" src=\"http:\/\/www.remonen.fi\/WP\/wp-content\/uploads\/2014\/04\/Mylly_ja_hautausmaa-3-300x200.jpg\" width=\"300\" height=\"200\" srcset=\"https:\/\/www.remonen.fi\/WP\/wp-content\/uploads\/2014\/04\/Mylly_ja_hautausmaa-3-300x200.jpg 300w, https:\/\/www.remonen.fi\/WP\/wp-content\/uploads\/2014\/04\/Mylly_ja_hautausmaa-3.jpg 800w\" sizes=\"(max-width: 300px) 100vw, 300px\" \/><\/a>Viikolla t\u00f6rm\u00e4sin netiss\u00e4 kuvaan, jossa oli varsin kuvauksellinen vanha myllyrakennus ja paikaksi oli ilmoitettu J\u00e4rvenp\u00e4\u00e4. Siin\u00e4 samassa panin kuukkelin palvelimet t\u00f6ihin ja etsim\u00e4\u00e4n minulle J\u00e4rvenp\u00e4\u00e4n Mylly\u00e4. Ihan ensimm\u00e4isell\u00e4 kerralla ei t\u00e4rp\u00e4nnyt, mutta kyll\u00e4 sitten pienen hakemisen j\u00e4lkeen l\u00f6ytyi. Mylly sijaitsee Tuusulanjoen varrella yksityistien p\u00e4\u00e4ss\u00e4. En tied\u00e4 kuka myllyn omistaa, mit\u00e4\u00e4n toimintaa siell\u00e4 ei n\u00e4ytt\u00e4nyt olevan. Sis\u00e4\u00e4n ei n\u00e4hnyt, eik\u00e4 p\u00e4\u00e4ssyt, enk\u00e4 nyt varsinaisesti kauheasti yritt\u00e4nytk\u00e4\u00e4n. Jos omistaja on laittanut kyltin &#8221;yksityinen&#8221;, niin se tarkoittanee sit\u00e4, ett\u00e4 sinne ei haluta yll\u00e4tysvieraita p\u00e4iv\u00e4kahville.<\/p>\n<p><a href=\"http:\/\/www.remonen.fi\/WP\/wp-content\/uploads\/2014\/04\/Mylly_ja_hautausmaa-1-3.jpg\"><img loading=\"lazy\" decoding=\"async\" class=\"alignnone  wp-image-3941\" title=\"Aperture: &#402;\/7.1 | Camera: NEX-5N | Taken: 5 huhtikuun, 2014 | Copyright: (c) Matti Remonen | Flash fired: no | Focal length: 18mm | ISO: 100 | Shutter speed: 1\/800s | \" alt=\"\" src=\"http:\/\/www.remonen.fi\/WP\/wp-content\/uploads\/2014\/04\/Mylly_ja_hautausmaa-1-3.jpg\" width=\"640\" height=\"426\" srcset=\"https:\/\/www.remonen.fi\/WP\/wp-content\/uploads\/2014\/04\/Mylly_ja_hautausmaa-1-3.jpg 800w, https:\/\/www.remonen.fi\/WP\/wp-content\/uploads\/2014\/04\/Mylly_ja_hautausmaa-1-3-300x199.jpg 300w\" sizes=\"(max-width: 640px) 100vw, 640px\" \/><\/a><\/p>\n<p>Varsin pittoreskin n\u00e4k\u00f6inen luomus joka tapauksessa. Otin reissulle mukaan my\u00f6s Full Spectrum-konvertoidun NEX 5N:n infrapunakuvien ottamista varten. P\u00e4\u00e4tin t\u00e4ll\u00e4 kertaa kokeilla 590 nm suodinta, jolla saa aikaiseksi ns. v\u00e4\u00e4r\u00e4v\u00e4rikuvia. En tied\u00e4, paransiko IR nyt sitten noita myllykuvia, mutta kaikkea pit\u00e4\u00e4 kokeilla. Paitsi niit\u00e4 kansantanhuja.<\/p>\n<table border=\"0\" align=\"center\">\n<tbody>\n<tr>\n<td><a href=\"http:\/\/www.remonen.fi\/WP\/wp-content\/uploads\/2014\/04\/Mylly_ja_hautausmaa-4.jpg\"><img loading=\"lazy\" decoding=\"async\" class=\"alignnone size-medium wp-image-3923\" title=\"Aperture: &#402;\/6.3 | Credit: Matti Remonen | Camera: NIKON D800E | Taken: 5 huhtikuun, 2014 | Copyright: (c) Matti Remonen | Flash fired: no | Focal length: 29mm | ISO: 100 | Shutter speed: 1\/250s | \" alt=\"\" src=\"http:\/\/www.remonen.fi\/WP\/wp-content\/uploads\/2014\/04\/Mylly_ja_hautausmaa-4-200x300.jpg\" width=\"200\" height=\"300\" srcset=\"https:\/\/www.remonen.fi\/WP\/wp-content\/uploads\/2014\/04\/Mylly_ja_hautausmaa-4-200x300.jpg 200w, https:\/\/www.remonen.fi\/WP\/wp-content\/uploads\/2014\/04\/Mylly_ja_hautausmaa-4.jpg 534w\" sizes=\"(max-width: 200px) 100vw, 200px\" \/><\/a><\/td>\n<td><a href=\"http:\/\/www.remonen.fi\/WP\/wp-content\/uploads\/2014\/04\/Mylly_ja_hautausmaa-1.jpg\"><img loading=\"lazy\" decoding=\"async\" class=\"alignnone  wp-image-3915\" title=\"Aperture: &#402;\/8 | Credit: Matti Remonen | Camera: NIKON D800E | Taken: 5 huhtikuun, 2014 | Copyright: (c) Matti Remonen | Flash fired: no | Focal length: 26mm | ISO: 400 | Shutter speed: 1\/1.3s | \" alt=\"\" src=\"http:\/\/www.remonen.fi\/WP\/wp-content\/uploads\/2014\/04\/Mylly_ja_hautausmaa-1-300x200.jpg\" width=\"240\" height=\"160\" srcset=\"https:\/\/www.remonen.fi\/WP\/wp-content\/uploads\/2014\/04\/Mylly_ja_hautausmaa-1-300x200.jpg 300w, https:\/\/www.remonen.fi\/WP\/wp-content\/uploads\/2014\/04\/Mylly_ja_hautausmaa-1.jpg 800w\" sizes=\"(max-width: 240px) 100vw, 240px\" \/><\/a><\/td>\n<td><a href=\"http:\/\/www.remonen.fi\/WP\/wp-content\/uploads\/2014\/04\/Mylly_ja_hautausmaa-5.jpg\"><img loading=\"lazy\" decoding=\"async\" class=\"size-medium wp-image-3922 alignnone\" title=\"Aperture: &#402;\/6.3 | Credit: Matti Remonen | Camera: NIKON D800E | Taken: 5 huhtikuun, 2014 | Copyright: (c) Matti Remonen | Flash fired: no | Focal length: 70mm | ISO: 100 | Shutter speed: 1\/800s | \" alt=\"\" src=\"http:\/\/www.remonen.fi\/WP\/wp-content\/uploads\/2014\/04\/Mylly_ja_hautausmaa-5-200x300.jpg\" width=\"200\" height=\"300\" srcset=\"https:\/\/www.remonen.fi\/WP\/wp-content\/uploads\/2014\/04\/Mylly_ja_hautausmaa-5-200x300.jpg 200w, https:\/\/www.remonen.fi\/WP\/wp-content\/uploads\/2014\/04\/Mylly_ja_hautausmaa-5.jpg 534w\" sizes=\"(max-width: 200px) 100vw, 200px\" \/><\/a><\/td>\n<\/tr>\n<\/tbody>\n<\/table>\n<p>&nbsp;<\/p>\n<p><a href=\"http:\/\/www.remonen.fi\/WP\/wp-content\/uploads\/2014\/04\/Mylly_ja_hautausmaa-7.jpg\"><img loading=\"lazy\" decoding=\"async\" class=\"alignnone  wp-image-3920\" title=\"Aperture: &#402;\/2.8 | Credit: Matti Remonen | Camera: NIKON D800E | Taken: 5 huhtikuun, 2014 | Copyright: (c) Matti Remonen | Flash fired: no | Focal length: 24mm | ISO: 100 | Shutter speed: 1\/400s | \" alt=\"\" src=\"http:\/\/www.remonen.fi\/WP\/wp-content\/uploads\/2014\/04\/Mylly_ja_hautausmaa-7.jpg\" width=\"640\" height=\"427\" srcset=\"https:\/\/www.remonen.fi\/WP\/wp-content\/uploads\/2014\/04\/Mylly_ja_hautausmaa-7.jpg 800w, https:\/\/www.remonen.fi\/WP\/wp-content\/uploads\/2014\/04\/Mylly_ja_hautausmaa-7-300x200.jpg 300w\" sizes=\"(max-width: 640px) 100vw, 640px\" \/><\/a><\/p>\n<p><a href=\"http:\/\/www.remonen.fi\/WP\/wp-content\/uploads\/2014\/04\/Mylly_ja_hautausmaa-6.jpg\"><img loading=\"lazy\" decoding=\"async\" class=\"alignright size-medium wp-image-3921\" title=\"Aperture: &#402;\/2.8 | Credit: Matti Remonen | Camera: NIKON D800E | Taken: 5 huhtikuun, 2014 | Copyright: (c) Matti Remonen | Flash fired: no | Focal length: 70mm | ISO: 100 | Shutter speed: 1\/200s | \" alt=\"\" src=\"http:\/\/www.remonen.fi\/WP\/wp-content\/uploads\/2014\/04\/Mylly_ja_hautausmaa-6-300x200.jpg\" width=\"300\" height=\"200\" srcset=\"https:\/\/www.remonen.fi\/WP\/wp-content\/uploads\/2014\/04\/Mylly_ja_hautausmaa-6-300x200.jpg 300w, https:\/\/www.remonen.fi\/WP\/wp-content\/uploads\/2014\/04\/Mylly_ja_hautausmaa-6.jpg 800w\" sizes=\"(max-width: 300px) 100vw, 300px\" \/><\/a>Paluumatkalla vierailin jo menomatkalla merkillepanemallani Saksalaisella sotilashautausmaalla. Se sijaitsee Vantaan vankilan vieress\u00e4, Honkanummen hautausmaata vastap\u00e4\u00e4t\u00e4, moottoritien toisella puolella. Paikka on mielest\u00e4ni kovin kaunis ja tunnelma harras. Vankila ehk\u00e4 hieman kummallinen naapuri, mutta toisaalta rauhoittanee itse hautausmaata. Kun ei tied\u00e4 mit\u00e4 jollekin p\u00e4lk\u00e4ht\u00e4\u00e4 p\u00e4\u00e4h\u00e4n kun on kyse saksalaisista sotilaista.<\/p>\n<table border=\"0\" align=\"center\">\n<tbody>\n<tr>\n<td><a href=\"http:\/\/www.remonen.fi\/WP\/wp-content\/uploads\/2014\/04\/Mylly_ja_hautausmaa-8.jpg\"><img loading=\"lazy\" decoding=\"async\" class=\"alignnone size-medium wp-image-3919\" title=\"Aperture: &#402;\/2.8 | Credit: Matti Remonen | Camera: NIKON D800E | Taken: 5 huhtikuun, 2014 | Copyright: (c) Matti Remonen | Flash fired: no | Focal length: 32mm | ISO: 100 | Shutter speed: 1\/80s | \" alt=\"Mylly_ja_hautausmaa-8\" src=\"http:\/\/www.remonen.fi\/WP\/wp-content\/uploads\/2014\/04\/Mylly_ja_hautausmaa-8-200x300.jpg\" width=\"200\" height=\"300\" srcset=\"https:\/\/www.remonen.fi\/WP\/wp-content\/uploads\/2014\/04\/Mylly_ja_hautausmaa-8-200x300.jpg 200w, https:\/\/www.remonen.fi\/WP\/wp-content\/uploads\/2014\/04\/Mylly_ja_hautausmaa-8.jpg 534w\" sizes=\"(max-width: 200px) 100vw, 200px\" \/><\/a><\/td>\n<td><a href=\"http:\/\/www.remonen.fi\/WP\/wp-content\/uploads\/2014\/04\/Mylly_ja_hautausmaa-9.jpg\"><img loading=\"lazy\" decoding=\"async\" class=\"alignnone size-medium wp-image-3918\" title=\"Aperture: &#402;\/5.6 | Credit: Matti Remonen | Camera: NIKON D800E | Taken: 5 huhtikuun, 2014 | Copyright: (c) Matti Remonen | Flash fired: no | Focal length: 24mm | ISO: 720 | Shutter speed: 1\/25s | \" alt=\"\" src=\"http:\/\/www.remonen.fi\/WP\/wp-content\/uploads\/2014\/04\/Mylly_ja_hautausmaa-9-200x300.jpg\" width=\"200\" height=\"300\" srcset=\"https:\/\/www.remonen.fi\/WP\/wp-content\/uploads\/2014\/04\/Mylly_ja_hautausmaa-9-200x300.jpg 200w, https:\/\/www.remonen.fi\/WP\/wp-content\/uploads\/2014\/04\/Mylly_ja_hautausmaa-9.jpg 534w\" sizes=\"(max-width: 200px) 100vw, 200px\" \/><\/a><\/td>\n<td><a href=\"http:\/\/www.remonen.fi\/WP\/wp-content\/uploads\/2014\/04\/Mylly_ja_hautausmaa-11.jpg\"><img loading=\"lazy\" decoding=\"async\" class=\"alignnone size-medium wp-image-3916\" title=\"Aperture: &#402;\/5.6 | Credit: Matti Remonen | Camera: NIKON D800E | Taken: 5 huhtikuun, 2014 | Copyright: (c) Matti Remonen | Flash fired: no | Focal length: 70mm | ISO: 100 | Shutter speed: 1\/1600s | \" alt=\"\" src=\"http:\/\/www.remonen.fi\/WP\/wp-content\/uploads\/2014\/04\/Mylly_ja_hautausmaa-11-200x300.jpg\" width=\"200\" height=\"300\" srcset=\"https:\/\/www.remonen.fi\/WP\/wp-content\/uploads\/2014\/04\/Mylly_ja_hautausmaa-11-200x300.jpg 200w, https:\/\/www.remonen.fi\/WP\/wp-content\/uploads\/2014\/04\/Mylly_ja_hautausmaa-11.jpg 534w\" sizes=\"(max-width: 200px) 100vw, 200px\" \/><\/a><\/td>\n<\/tr>\n<\/tbody>\n<\/table>\n<p><a href=\"http:\/\/www.remonen.fi\/WP\/wp-content\/uploads\/2014\/04\/Mylly_ja_hautausmaa-10.jpg\"><img loading=\"lazy\" decoding=\"async\" class=\"alignnone  wp-image-3917\" title=\"Aperture: &#402;\/5.6 | Camera: NEX-5N | Taken: 5 huhtikuun, 2014 | Copyright: (c) Matti Remonen | Flash fired: no | Focal length: 18mm | ISO: 100 | Shutter speed: 1\/640s | \" alt=\"\" src=\"http:\/\/www.remonen.fi\/WP\/wp-content\/uploads\/2014\/04\/Mylly_ja_hautausmaa-10.jpg\" width=\"640\" height=\"426\" srcset=\"https:\/\/www.remonen.fi\/WP\/wp-content\/uploads\/2014\/04\/Mylly_ja_hautausmaa-10.jpg 800w, https:\/\/www.remonen.fi\/WP\/wp-content\/uploads\/2014\/04\/Mylly_ja_hautausmaa-10-300x199.jpg 300w\" sizes=\"(max-width: 640px) 100vw, 640px\" \/><\/a><\/p>\n<p>Maaseutuun tutustuivat Nikon D800E + Nikkor AF-S 24-70\/2.8G sek\u00e4 Full Spectrum-konvertoitu Sony NEX5N + SEL1855 + B+W:n 590nm suodin<\/p>\n","protected":false},"excerpt":{"rendered":"<p>Tai jauha vaan. Jos jaksat. Viikolla t\u00f6rm\u00e4sin netiss\u00e4 kuvaan, jossa oli varsin kuvauksellinen vanha myllyrakennus ja paikaksi oli ilmoitettu J\u00e4rvenp\u00e4\u00e4. Siin\u00e4 samassa panin kuukkelin palvelimet t\u00f6ihin ja etsim\u00e4\u00e4n minulle J\u00e4rvenp\u00e4\u00e4n Mylly\u00e4. Ihan ensimm\u00e4isell\u00e4 kerralla ei t\u00e4rp\u00e4nnyt, mutta kyll\u00e4 sitten pienen hakemisen j\u00e4lkeen l\u00f6ytyi. Mylly sijaitsee Tuusulanjoen varrella yksityistien p\u00e4\u00e4ss\u00e4. En tied\u00e4 kuka myllyn omistaa, mit\u00e4\u00e4n [&hellip;]<\/p>\n","protected":false},"author":2,"featured_media":3938,"comment_status":"open","ping_status":"closed","sticky":false,"template":"","format":"standard","meta":{"footnotes":""},"categories":[16],"tags":[174,172,173],"yoast_head":"<!-- This site is optimized with the Yoast SEO plugin v24.5 - https:\/\/yoast.com\/wordpress\/plugins\/seo\/ -->\n<title>\u00c4l\u00e4 jauha! - gREat MOments NEver forgotteN<\/title>\n<meta name=\"robots\" content=\"index, follow, max-snippet:-1, max-image-preview:large, max-video-preview:-1\" \/>\n<link rel=\"canonical\" href=\"https:\/\/www.remonen.fi\/WP\/blogi\/ala-jauha\/\" \/>\n<meta property=\"og:locale\" content=\"fi_FI\" \/>\n<meta property=\"og:type\" content=\"article\" \/>\n<meta property=\"og:title\" content=\"\u00c4l\u00e4 jauha! - gREat MOments NEver forgotteN\" \/>\n<meta property=\"og:description\" content=\"Tai jauha vaan. Jos jaksat. Viikolla t\u00f6rm\u00e4sin netiss\u00e4 kuvaan, jossa oli varsin kuvauksellinen vanha myllyrakennus ja paikaksi oli ilmoitettu J\u00e4rvenp\u00e4\u00e4. Siin\u00e4 samassa panin kuukkelin palvelimet t\u00f6ihin ja etsim\u00e4\u00e4n minulle J\u00e4rvenp\u00e4\u00e4n Mylly\u00e4. Ihan ensimm\u00e4isell\u00e4 kerralla ei t\u00e4rp\u00e4nnyt, mutta kyll\u00e4 sitten pienen hakemisen j\u00e4lkeen l\u00f6ytyi. Mylly sijaitsee Tuusulanjoen varrella yksityistien p\u00e4\u00e4ss\u00e4. En tied\u00e4 kuka myllyn omistaa, mit\u00e4\u00e4n [&hellip;]\" \/>\n<meta property=\"og:url\" content=\"https:\/\/www.remonen.fi\/WP\/blogi\/ala-jauha\/\" \/>\n<meta property=\"og:site_name\" content=\"remonen.fi\" \/>\n<meta property=\"article:published_time\" content=\"2014-04-05T17:39:50+00:00\" \/>\n<meta property=\"article:modified_time\" content=\"2014-04-06T11:45:34+00:00\" \/>\n<meta property=\"og:image\" content=\"https:\/\/www.remonen.fi\/WP\/wp-content\/uploads\/2014\/04\/Mylly_ja_hautausmaa-1-2.jpg\" \/>\n\t<meta property=\"og:image:width\" content=\"800\" \/>\n\t<meta property=\"og:image:height\" content=\"389\" \/>\n\t<meta property=\"og:image:type\" content=\"image\/jpeg\" \/>\n<meta name=\"author\" content=\"Matti Remonen\" \/>\n<meta name=\"twitter:label1\" content=\"Kirjoittanut\" \/>\n\t<meta name=\"twitter:data1\" content=\"Matti Remonen\" \/>\n\t<meta name=\"twitter:label2\" content=\"Arvioitu lukuaika\" \/>\n\t<meta name=\"twitter:data2\" content=\"1 minuutti\" \/>\n<script type=\"application\/ld+json\" class=\"yoast-schema-graph\">{\"@context\":\"https:\/\/schema.org\",\"@graph\":[{\"@type\":\"Article\",\"@id\":\"https:\/\/www.remonen.fi\/WP\/blogi\/ala-jauha\/#article\",\"isPartOf\":{\"@id\":\"https:\/\/www.remonen.fi\/WP\/blogi\/ala-jauha\/\"},\"author\":{\"name\":\"Matti Remonen\",\"@id\":\"https:\/\/www.remonen.fi\/WP\/#\/schema\/person\/1803c23d1d4f6722054eb2ac7f7a97cd\"},\"headline\":\"\u00c4l\u00e4 jauha!\",\"datePublished\":\"2014-04-05T17:39:50+00:00\",\"dateModified\":\"2014-04-06T11:45:34+00:00\",\"mainEntityOfPage\":{\"@id\":\"https:\/\/www.remonen.fi\/WP\/blogi\/ala-jauha\/\"},\"wordCount\":240,\"commentCount\":0,\"publisher\":{\"@id\":\"https:\/\/www.remonen.fi\/WP\/#\/schema\/person\/1803c23d1d4f6722054eb2ac7f7a97cd\"},\"image\":{\"@id\":\"https:\/\/www.remonen.fi\/WP\/blogi\/ala-jauha\/#primaryimage\"},\"thumbnailUrl\":\"https:\/\/www.remonen.fi\/WP\/wp-content\/uploads\/2014\/04\/Mylly_ja_hautausmaa-1-2.jpg\",\"keywords\":[\"IR-kuvaus\",\"J\u00e4rvenp\u00e4\u00e4n mylly\",\"Saksalainen sotilashautausmaa\"],\"articleSection\":[\"Blog\"],\"inLanguage\":\"fi\",\"potentialAction\":[{\"@type\":\"CommentAction\",\"name\":\"Comment\",\"target\":[\"https:\/\/www.remonen.fi\/WP\/blogi\/ala-jauha\/#respond\"]}]},{\"@type\":\"WebPage\",\"@id\":\"https:\/\/www.remonen.fi\/WP\/blogi\/ala-jauha\/\",\"url\":\"https:\/\/www.remonen.fi\/WP\/blogi\/ala-jauha\/\",\"name\":\"\u00c4l\u00e4 jauha! - gREat MOments NEver forgotteN\",\"isPartOf\":{\"@id\":\"https:\/\/www.remonen.fi\/WP\/#website\"},\"primaryImageOfPage\":{\"@id\":\"https:\/\/www.remonen.fi\/WP\/blogi\/ala-jauha\/#primaryimage\"},\"image\":{\"@id\":\"https:\/\/www.remonen.fi\/WP\/blogi\/ala-jauha\/#primaryimage\"},\"thumbnailUrl\":\"https:\/\/www.remonen.fi\/WP\/wp-content\/uploads\/2014\/04\/Mylly_ja_hautausmaa-1-2.jpg\",\"datePublished\":\"2014-04-05T17:39:50+00:00\",\"dateModified\":\"2014-04-06T11:45:34+00:00\",\"breadcrumb\":{\"@id\":\"https:\/\/www.remonen.fi\/WP\/blogi\/ala-jauha\/#breadcrumb\"},\"inLanguage\":\"fi\",\"potentialAction\":[{\"@type\":\"ReadAction\",\"target\":[\"https:\/\/www.remonen.fi\/WP\/blogi\/ala-jauha\/\"]}]},{\"@type\":\"ImageObject\",\"inLanguage\":\"fi\",\"@id\":\"https:\/\/www.remonen.fi\/WP\/blogi\/ala-jauha\/#primaryimage\",\"url\":\"https:\/\/www.remonen.fi\/WP\/wp-content\/uploads\/2014\/04\/Mylly_ja_hautausmaa-1-2.jpg\",\"contentUrl\":\"https:\/\/www.remonen.fi\/WP\/wp-content\/uploads\/2014\/04\/Mylly_ja_hautausmaa-1-2.jpg\",\"width\":800,\"height\":389},{\"@type\":\"BreadcrumbList\",\"@id\":\"https:\/\/www.remonen.fi\/WP\/blogi\/ala-jauha\/#breadcrumb\",\"itemListElement\":[{\"@type\":\"ListItem\",\"position\":1,\"name\":\"Etusivu\",\"item\":\"https:\/\/www.remonen.fi\/WP\/\"},{\"@type\":\"ListItem\",\"position\":2,\"name\":\"\u00c4l\u00e4 jauha!\"}]},{\"@type\":\"WebSite\",\"@id\":\"https:\/\/www.remonen.fi\/WP\/#website\",\"url\":\"https:\/\/www.remonen.fi\/WP\/\",\"name\":\"remonen.fi\",\"description\":\"Valokuvia ja tarinaa laidasta laitaan\",\"publisher\":{\"@id\":\"https:\/\/www.remonen.fi\/WP\/#\/schema\/person\/1803c23d1d4f6722054eb2ac7f7a97cd\"},\"potentialAction\":[{\"@type\":\"SearchAction\",\"target\":{\"@type\":\"EntryPoint\",\"urlTemplate\":\"https:\/\/www.remonen.fi\/WP\/?s={search_term_string}\"},\"query-input\":{\"@type\":\"PropertyValueSpecification\",\"valueRequired\":true,\"valueName\":\"search_term_string\"}}],\"inLanguage\":\"fi\"},{\"@type\":[\"Person\",\"Organization\"],\"@id\":\"https:\/\/www.remonen.fi\/WP\/#\/schema\/person\/1803c23d1d4f6722054eb2ac7f7a97cd\",\"name\":\"Matti Remonen\",\"logo\":{\"@id\":\"https:\/\/www.remonen.fi\/WP\/#\/schema\/person\/image\/\"},\"url\":\"https:\/\/www.remonen.fi\/WP\/blogi\/author\/mre\/\"}]}<\/script>\n<!-- \/ Yoast SEO plugin. -->","yoast_head_json":{"title":"\u00c4l\u00e4 jauha! - gREat MOments NEver forgotteN","robots":{"index":"index","follow":"follow","max-snippet":"max-snippet:-1","max-image-preview":"max-image-preview:large","max-video-preview":"max-video-preview:-1"},"canonical":"https:\/\/www.remonen.fi\/WP\/blogi\/ala-jauha\/","og_locale":"fi_FI","og_type":"article","og_title":"\u00c4l\u00e4 jauha! - gREat MOments NEver forgotteN","og_description":"Tai jauha vaan. Jos jaksat. Viikolla t\u00f6rm\u00e4sin netiss\u00e4 kuvaan, jossa oli varsin kuvauksellinen vanha myllyrakennus ja paikaksi oli ilmoitettu J\u00e4rvenp\u00e4\u00e4. Siin\u00e4 samassa panin kuukkelin palvelimet t\u00f6ihin ja etsim\u00e4\u00e4n minulle J\u00e4rvenp\u00e4\u00e4n Mylly\u00e4. Ihan ensimm\u00e4isell\u00e4 kerralla ei t\u00e4rp\u00e4nnyt, mutta kyll\u00e4 sitten pienen hakemisen j\u00e4lkeen l\u00f6ytyi. Mylly sijaitsee Tuusulanjoen varrella yksityistien p\u00e4\u00e4ss\u00e4. En tied\u00e4 kuka myllyn omistaa, mit\u00e4\u00e4n [&hellip;]","og_url":"https:\/\/www.remonen.fi\/WP\/blogi\/ala-jauha\/","og_site_name":"remonen.fi","article_published_time":"2014-04-05T17:39:50+00:00","article_modified_time":"2014-04-06T11:45:34+00:00","og_image":[{"width":800,"height":389,"url":"https:\/\/www.remonen.fi\/WP\/wp-content\/uploads\/2014\/04\/Mylly_ja_hautausmaa-1-2.jpg","type":"image\/jpeg"}],"author":"Matti Remonen","twitter_misc":{"Kirjoittanut":"Matti Remonen","Arvioitu lukuaika":"1 minuutti"},"schema":{"@context":"https:\/\/schema.org","@graph":[{"@type":"Article","@id":"https:\/\/www.remonen.fi\/WP\/blogi\/ala-jauha\/#article","isPartOf":{"@id":"https:\/\/www.remonen.fi\/WP\/blogi\/ala-jauha\/"},"author":{"name":"Matti Remonen","@id":"https:\/\/www.remonen.fi\/WP\/#\/schema\/person\/1803c23d1d4f6722054eb2ac7f7a97cd"},"headline":"\u00c4l\u00e4 jauha!","datePublished":"2014-04-05T17:39:50+00:00","dateModified":"2014-04-06T11:45:34+00:00","mainEntityOfPage":{"@id":"https:\/\/www.remonen.fi\/WP\/blogi\/ala-jauha\/"},"wordCount":240,"commentCount":0,"publisher":{"@id":"https:\/\/www.remonen.fi\/WP\/#\/schema\/person\/1803c23d1d4f6722054eb2ac7f7a97cd"},"image":{"@id":"https:\/\/www.remonen.fi\/WP\/blogi\/ala-jauha\/#primaryimage"},"thumbnailUrl":"https:\/\/www.remonen.fi\/WP\/wp-content\/uploads\/2014\/04\/Mylly_ja_hautausmaa-1-2.jpg","keywords":["IR-kuvaus","J\u00e4rvenp\u00e4\u00e4n mylly","Saksalainen sotilashautausmaa"],"articleSection":["Blog"],"inLanguage":"fi","potentialAction":[{"@type":"CommentAction","name":"Comment","target":["https:\/\/www.remonen.fi\/WP\/blogi\/ala-jauha\/#respond"]}]},{"@type":"WebPage","@id":"https:\/\/www.remonen.fi\/WP\/blogi\/ala-jauha\/","url":"https:\/\/www.remonen.fi\/WP\/blogi\/ala-jauha\/","name":"\u00c4l\u00e4 jauha! - gREat MOments NEver forgotteN","isPartOf":{"@id":"https:\/\/www.remonen.fi\/WP\/#website"},"primaryImageOfPage":{"@id":"https:\/\/www.remonen.fi\/WP\/blogi\/ala-jauha\/#primaryimage"},"image":{"@id":"https:\/\/www.remonen.fi\/WP\/blogi\/ala-jauha\/#primaryimage"},"thumbnailUrl":"https:\/\/www.remonen.fi\/WP\/wp-content\/uploads\/2014\/04\/Mylly_ja_hautausmaa-1-2.jpg","datePublished":"2014-04-05T17:39:50+00:00","dateModified":"2014-04-06T11:45:34+00:00","breadcrumb":{"@id":"https:\/\/www.remonen.fi\/WP\/blogi\/ala-jauha\/#breadcrumb"},"inLanguage":"fi","potentialAction":[{"@type":"ReadAction","target":["https:\/\/www.remonen.fi\/WP\/blogi\/ala-jauha\/"]}]},{"@type":"ImageObject","inLanguage":"fi","@id":"https:\/\/www.remonen.fi\/WP\/blogi\/ala-jauha\/#primaryimage","url":"https:\/\/www.remonen.fi\/WP\/wp-content\/uploads\/2014\/04\/Mylly_ja_hautausmaa-1-2.jpg","contentUrl":"https:\/\/www.remonen.fi\/WP\/wp-content\/uploads\/2014\/04\/Mylly_ja_hautausmaa-1-2.jpg","width":800,"height":389},{"@type":"BreadcrumbList","@id":"https:\/\/www.remonen.fi\/WP\/blogi\/ala-jauha\/#breadcrumb","itemListElement":[{"@type":"ListItem","position":1,"name":"Etusivu","item":"https:\/\/www.remonen.fi\/WP\/"},{"@type":"ListItem","position":2,"name":"\u00c4l\u00e4 jauha!"}]},{"@type":"WebSite","@id":"https:\/\/www.remonen.fi\/WP\/#website","url":"https:\/\/www.remonen.fi\/WP\/","name":"remonen.fi","description":"Valokuvia ja tarinaa laidasta laitaan","publisher":{"@id":"https:\/\/www.remonen.fi\/WP\/#\/schema\/person\/1803c23d1d4f6722054eb2ac7f7a97cd"},"potentialAction":[{"@type":"SearchAction","target":{"@type":"EntryPoint","urlTemplate":"https:\/\/www.remonen.fi\/WP\/?s={search_term_string}"},"query-input":{"@type":"PropertyValueSpecification","valueRequired":true,"valueName":"search_term_string"}}],"inLanguage":"fi"},{"@type":["Person","Organization"],"@id":"https:\/\/www.remonen.fi\/WP\/#\/schema\/person\/1803c23d1d4f6722054eb2ac7f7a97cd","name":"Matti Remonen","logo":{"@id":"https:\/\/www.remonen.fi\/WP\/#\/schema\/person\/image\/"},"url":"https:\/\/www.remonen.fi\/WP\/blogi\/author\/mre\/"}]}},"_links":{"self":[{"href":"https:\/\/www.remonen.fi\/WP\/wp-json\/wp\/v2\/posts\/3914"}],"collection":[{"href":"https:\/\/www.remonen.fi\/WP\/wp-json\/wp\/v2\/posts"}],"about":[{"href":"https:\/\/www.remonen.fi\/WP\/wp-json\/wp\/v2\/types\/post"}],"author":[{"embeddable":true,"href":"https:\/\/www.remonen.fi\/WP\/wp-json\/wp\/v2\/users\/2"}],"replies":[{"embeddable":true,"href":"https:\/\/www.remonen.fi\/WP\/wp-json\/wp\/v2\/comments?post=3914"}],"version-history":[{"count":0,"href":"https:\/\/www.remonen.fi\/WP\/wp-json\/wp\/v2\/posts\/3914\/revisions"}],"wp:featuredmedia":[{"embeddable":true,"href":"https:\/\/www.remonen.fi\/WP\/wp-json\/wp\/v2\/media\/3938"}],"wp:attachment":[{"href":"https:\/\/www.remonen.fi\/WP\/wp-json\/wp\/v2\/media?parent=3914"}],"wp:term":[{"taxonomy":"category","embeddable":true,"href":"https:\/\/www.remonen.fi\/WP\/wp-json\/wp\/v2\/categories?post=3914"},{"taxonomy":"post_tag","embeddable":true,"href":"https:\/\/www.remonen.fi\/WP\/wp-json\/wp\/v2\/tags?post=3914"}],"curies":[{"name":"wp","href":"https:\/\/api.w.org\/{rel}","templated":true}]}}