{"id":3971,"date":"2014-04-25T16:35:23","date_gmt":"2014-04-25T13:35:23","guid":{"rendered":"http:\/\/www.remonen.fi\/?p=3971"},"modified":"2014-04-25T16:35:23","modified_gmt":"2014-04-25T13:35:23","slug":"ja-mennaas-nyt-aasiaan","status":"publish","type":"post","link":"https:\/\/www.remonen.fi\/WP\/blogi\/ja-mennaas-nyt-aasiaan\/","title":{"rendered":"Ja menn\u00e4\u00e4s nyt Aasiaan"},"content":{"rendered":"<p><a href=\"http:\/\/www.remonen.fi\/WP\/wp-content\/uploads\/2014\/04\/Istanbul-24.jpg\"><img loading=\"lazy\" decoding=\"async\" class=\"alignright wp-image-4017 size-medium\" title=\"Aperture: &#402;\/5.6 | Camera: NEX-6 | Taken: 18 huhtikuun, 2014 | Copyright: (c) Matti Remonen | Exposure bias: +7\/10EV | Flash fired: no | Focal length: 77mm | ISO: 100 | Shutter speed: 1\/1000s | \" src=\"http:\/\/www.remonen.fi\/WP\/wp-content\/uploads\/2014\/04\/Istanbul-24-199x300.jpg\" alt=\"\" width=\"199\" height=\"300\" srcset=\"https:\/\/www.remonen.fi\/WP\/wp-content\/uploads\/2014\/04\/Istanbul-24-199x300.jpg 199w, https:\/\/www.remonen.fi\/WP\/wp-content\/uploads\/2014\/04\/Istanbul-24.jpg 532w\" sizes=\"(max-width: 199px) 100vw, 199px\" \/><\/a>Koska P\u00e4\u00e4si\u00e4inen &#8211; tuo kristinuskon suurin juhla heti Joulun j\u00e4lkeen &#8211; oli tulossa, niin p\u00e4\u00e4timme l\u00e4hte\u00e4 juhlistamaan sit\u00e4 Istanbuliin. Onhan Turkki kuitenkin leimallisen Islamilainen valtio, joten mik\u00e4s sen parempi paikka viett\u00e4\u00e4 t\u00e4m\u00e4 kristillinen juhla. No, vakavasti ottaen, olen vieraillut Istanbulissa syyskuussa 2000 ty\u00f6matkalla. Silloin j\u00e4i yksi iltap\u00e4iv\u00e4 aikaa tutustua kaupungin n\u00e4ht\u00e4vyyksiin ja ihan kaikkea ei ehtinyt kiert\u00e4\u00e4 parissa tunnissa. Siit\u00e4 j\u00e4i kuitenkin alitajuntaan sellainen ajatus, ett\u00e4 t\u00e4nne pit\u00e4\u00e4 tulla toistekin. En ole Turkissa vieraillut tuota lyhytt\u00e4 Istanbulin reissua lukuunottamatta, joten mit\u00e4\u00e4n kokemuksia my\u00f6sk\u00e4\u00e4n Turkin lomakohteista ei ole.<\/p>\n<p>Helsingin Sanomissa oli alkutalvesta artikkeli Istanbulista ja siit\u00e4 sain kimmokkeen varata matkan P\u00e4\u00e4si\u00e4iseksi. Nelj\u00e4 y\u00f6t\u00e4 perill\u00e4 kuulosti juuri hyv\u00e4lt\u00e4 matkan pituudelta ja kun Turkish Airlanes my\u00f6s lent\u00e4\u00e4 suoraan Helsinki-Vantaalta Istanbuliin ja viel\u00e4 j\u00e4rkevill\u00e4 aikatauluilla, niin ei muuta kuin liput ja hotellit varaukseen. Tuosta lentoyhti\u00f6st\u00e4 viel\u00e4 sen verran, ett\u00e4 muistan kun silloin vuonna 2000 lensimme Istanbuliin, niin suoria lentoja Helsingist\u00e4 ei ollut. Ainoa j\u00e4rkev\u00e4 reitti meni Z\u00fcrichin kautta ja sen piti olla Swissairin lento. Olin vakaasti p\u00e4\u00e4tt\u00e4nyt, ettei minua mihink\u00e4\u00e4n turkkilaiseen kikottimeen saa sis\u00e4lle. Eih\u00e4n nuo id\u00e4n ihmeet kuitenkaan pysy ilmassa. No, lento oli tietysti ns. code-share ja Z\u00fcrichissa lentoyhti\u00f6 vaihtui juurikin TA:ksi. H\u00e4mm\u00e4stys oli suuri, kun p\u00e4\u00e4sin koneeseen ja varsinkin kun koneessa alkoi tarjoilu: stuertti (siell\u00e4 oli vain miespuolisia &#8221;lentoem\u00e4nti\u00e4&#8221;) tuli ja avasi p\u00f6yd\u00e4n, laittoi sille p\u00f6yt\u00e4liinan ja kattoi ruokailuv\u00e4lineet ja juomalasit ennen kuin ruoka tarjoiltiin jokaiselle erikseen. Joo, lensin silloin business-luokassa, mutta silti: ei tuollaista palvelua saanut miss\u00e4\u00e4n Euroopan-linjoilla. Sen j\u00e4lkeen olen ollut TA:n suuri fani, eik\u00e4 palvelu nyttenk\u00e4\u00e4n pett\u00e4nyt, vaikkei p\u00f6yt\u00e4liinoja sikaosastossa ollutkaan. Perinteinen GT:kin oli Tonicia Ginill\u00e4. Ilmeisesti Islam ei opeta annostelemaan viinaa mitta-astialla&#8230;<\/p>\n<p><a href=\"http:\/\/www.remonen.fi\/WP\/wp-content\/uploads\/2014\/04\/Istanbul-14.jpg\"><img loading=\"lazy\" decoding=\"async\" class=\"aligncenter wp-image-4027\" title=\"Aperture: &#402;\/4.5 | Camera: NEX-6 | Taken: 18 huhtikuun, 2014 | Copyright: (c) Matti Remonen | Exposure bias: +7\/10EV | Flash fired: no | Focal length: 24mm | ISO: 160 | Shutter speed: 1\/60s | \" src=\"http:\/\/www.remonen.fi\/WP\/wp-content\/uploads\/2014\/04\/Istanbul-14.jpg\" alt=\"\" width=\"600\" height=\"399\" srcset=\"https:\/\/www.remonen.fi\/WP\/wp-content\/uploads\/2014\/04\/Istanbul-14.jpg 800w, https:\/\/www.remonen.fi\/WP\/wp-content\/uploads\/2014\/04\/Istanbul-14-300x199.jpg 300w\" sizes=\"(max-width: 600px) 100vw, 600px\" \/><\/a><\/p>\n<div id=\"attachment_4038\" style=\"width: 160px\" class=\"wp-caption alignleft\"><a href=\"http:\/\/www.remonen.fi\/WP\/wp-content\/uploads\/2014\/04\/Istanbul-3.jpg\"><img loading=\"lazy\" decoding=\"async\" aria-describedby=\"caption-attachment-4038\" class=\"wp-image-4038\" title=\"Aperture: &#402;\/4 | Camera: NEX-6 | Taken: 18 huhtikuun, 2014 | Copyright: (c) Matti Remonen | Exposure bias: +7\/10EV | Flash fired: no | Focal length: 24mm | ISO: 200 | Shutter speed: 1\/60s | \" src=\"http:\/\/www.remonen.fi\/WP\/wp-content\/uploads\/2014\/04\/Istanbul-3-199x300.jpg\" alt=\"\" width=\"150\" height=\"226\" srcset=\"https:\/\/www.remonen.fi\/WP\/wp-content\/uploads\/2014\/04\/Istanbul-3-199x300.jpg 199w, https:\/\/www.remonen.fi\/WP\/wp-content\/uploads\/2014\/04\/Istanbul-3.jpg 532w\" sizes=\"(max-width: 150px) 100vw, 150px\" \/><\/a><p id=\"caption-attachment-4038\" class=\"wp-caption-text\">Pittoreski n\u00e4kym\u00e4 huoneesta<\/p><\/div>\n<p style=\"text-align: left;\">Aikanaan sitten saavuimme Kemal Atat\u00fcrkin kent\u00e4lle ja sielt\u00e4 sitten taksilla hotelliin. <a title=\"BlackBird\" href=\"http:\/\/www.blackbirdhotel.com\/\" target=\"_blank\">Hotellimme <\/a>sijaitsi kaupungin vanhassa osassa aivan <a title=\"Valens Aqueduct\" href=\"http:\/\/en.wikipedia.org\/wiki\/Valens_Aqueduct\" target=\"_blank\">akveduktin <\/a>vieress\u00e4. Ja moskeijan. Ensimm\u00e4isi\u00e4 on helpompi v\u00e4ltt\u00e4\u00e4, kuin j\u00e4lkimm\u00e4isi\u00e4. Akvedukteja lienee j\u00e4ljell\u00e4 tuo yksi p\u00e4tk\u00e4, mutta moskeijoita Istanbulissa on viimeisen laskemisen j\u00e4lkeen&#8230; paljon. No, ei siin\u00e4 mit\u00e4\u00e4n. Onpahan katseltavaa. Hotelli oli aivan juuri remontoitu. Itse asiassa niin juuri, ett\u00e4 duuneja viel\u00e4 viimeisteltiin. N\u00e4kym\u00e4 huoneesta ei nyt mitenk\u00e4\u00e4n kirvoittanut runolliseksi, mutta ei tuonne nyt varsinaisesti oltu hotelliin menty aikaa viett\u00e4m\u00e4\u00e4n. Joten &#8221;hyvin&#8221; nukutun y\u00f6n j\u00e4lkeen l\u00e4ksimmekin heti kaupungille. Y\u00f6unta hieman tosin katkoi viiden j\u00e4lkeen tapahtunut rukouskutsu. Emme vastanneet siihen, vaan k\u00e4\u00e4nsimme kylke\u00e4.<\/p>\n<p>&nbsp;<\/p>\n<h3><a href=\"http:\/\/www.remonen.fi\/WP\/wp-content\/uploads\/2014\/04\/Istanbul-21.jpg\"><img loading=\"lazy\" decoding=\"async\" class=\"aligncenter wp-image-4020\" title=\"Aperture: &#402;\/5.6 | Camera: NEX-6 | Taken: 18 huhtikuun, 2014 | Copyright: (c) Matti Remonen | Exposure bias: +7\/10EV | Flash fired: no | Focal length: 24mm | ISO: 100 | Shutter speed: 1\/100s | \" src=\"http:\/\/www.remonen.fi\/WP\/wp-content\/uploads\/2014\/04\/Istanbul-21.jpg\" alt=\"\" width=\"600\" height=\"399\" srcset=\"https:\/\/www.remonen.fi\/WP\/wp-content\/uploads\/2014\/04\/Istanbul-21.jpg 800w, https:\/\/www.remonen.fi\/WP\/wp-content\/uploads\/2014\/04\/Istanbul-21-300x199.jpg 300w\" sizes=\"(max-width: 600px) 100vw, 600px\" \/><\/a><\/h3>\n<h3>P\u00e4iv\u00e4 1<\/h3>\n<p>Aamusta l\u00e4hdimme siis radalle. Ensimm\u00e4isen\u00e4 kohteena oli <a title=\"Grand Bazaar, Istanbul\" href=\"http:\/\/en.wikipedia.org\/wiki\/Grand_Bazaar,_Istanbul\" target=\"_blank\">suuri basaari<\/a>. Ja se on nimens\u00e4 mukaisesti suuri. Odotimme jotain Tallinnan Mustam\u00e4en torin tyyppist\u00e4 virityst\u00e4 kertaa kymmenen, mutta paikka yll\u00e4tti meid\u00e4t positiivisesti. Ensinn\u00e4kin siell\u00e4 oli varsin siisti\u00e4, toiseksi itse kauppakojut\/syvennykset olivat hyvin laadukkaasti toteutettuja ja kolmanneksi myyj\u00e4tk\u00e4\u00e4n eiv\u00e4t k\u00e4yneet kimppuun edes sit\u00e4 vertaa kuin tuossa lahden toisella puolen. Toki jos pys\u00e4htyi kohdalle, niin kyll\u00e4h\u00e4n sielt\u00e4 myym\u00e4\u00e4n tultiin. Ja jos kysyi hintaa, niin myyj\u00e4n mielest\u00e4 kaupat oli jo tehty, vain hinta oli auki. Perus-tinkimisvara n\u00e4ytti olevan sen 35-40%, tai n\u00e4in sen itse ainakin tulkitsin, kun meille meinasi yhden kauppiaan kanssa tulla riitaa viidest\u00e4 liirasta (1TL = 0,38\u20ac).<\/p>\n<p><a href=\"http:\/\/www.remonen.fi\/WP\/wp-content\/uploads\/2014\/04\/Istanbul-26.jpg\"><img loading=\"lazy\" decoding=\"async\" class=\"alignleft wp-image-4015 size-medium\" title=\"Aperture: &#402;\/1.8 | Camera: NEX-6 | Taken: 18 huhtikuun, 2014 | Copyright: (c) Matti Remonen | Exposure bias: +7\/10EV | Flash fired: no | Focal length: 24mm | ISO: 100 | Shutter speed: 1\/640s | \" src=\"http:\/\/www.remonen.fi\/WP\/wp-content\/uploads\/2014\/04\/Istanbul-26-300x199.jpg\" alt=\"\" width=\"300\" height=\"199\" srcset=\"https:\/\/www.remonen.fi\/WP\/wp-content\/uploads\/2014\/04\/Istanbul-26-300x199.jpg 300w, https:\/\/www.remonen.fi\/WP\/wp-content\/uploads\/2014\/04\/Istanbul-26.jpg 800w\" sizes=\"(max-width: 300px) 100vw, 300px\" \/><\/a>Basaarissa meni sitten puoli p\u00e4iv\u00e4\u00e4 k\u00e4velless\u00e4 ja ihmetelless\u00e4. Mit\u00e4 nyt k\u00e4ytiin v\u00e4lill\u00e4 juomassa pakolliset turkkilaiset kahvit ja hieman my\u00f6hemmin haukkaamassa kebapit. Kun kerran Turkissa ollaan. Sen kyll\u00e4 huomasi melko pian, ett\u00e4 oltiin islamilaisessa maassa: alkoholia ei ole kovin vapaasti saatavilla. Olo oli v\u00e4h\u00e4n kuin Suomessa: olutta sai pubeista ja ravintoloista, mutta ei kebap-kioskeista eik\u00e4 kahviloista. Asia ei kyll\u00e4 suuremmin haitannut, ei tuonne asti oltu lennetty ryypp\u00e4\u00e4m\u00e4\u00e4n.<\/p>\n<table>\n<tbody>\n<tr>\n<td><a href=\"http:\/\/www.remonen.fi\/WP\/wp-content\/uploads\/2014\/04\/Istanbul-6.jpg\"><img loading=\"lazy\" decoding=\"async\" class=\"alignnone wp-image-4035 size-thumbnail\" title=\"Aperture: &#402;\/5.6 | Camera: NEX-6 | Taken: 18 huhtikuun, 2014 | Copyright: (c) Matti Remonen | Exposure bias: +7\/10EV | Flash fired: no | Focal length: 24mm | ISO: 1250 | Shutter speed: 1\/60s | \" src=\"http:\/\/www.remonen.fi\/WP\/wp-content\/uploads\/2014\/04\/Istanbul-6-150x150.jpg\" alt=\"\" width=\"150\" height=\"150\" \/><\/a><\/td>\n<td><a href=\"http:\/\/www.remonen.fi\/WP\/wp-content\/uploads\/2014\/04\/Istanbul-8.jpg\"><img loading=\"lazy\" decoding=\"async\" class=\"alignnone wp-image-4033 size-thumbnail\" title=\"Aperture: &#402;\/5.6 | Camera: NEX-6 | Taken: 18 huhtikuun, 2014 | Copyright: (c) Matti Remonen | Exposure bias: +7\/10EV | Flash fired: no | Focal length: 24mm | ISO: 1600 | Shutter speed: 1\/60s | \" src=\"http:\/\/www.remonen.fi\/WP\/wp-content\/uploads\/2014\/04\/Istanbul-8-150x150.jpg\" alt=\"\" width=\"150\" height=\"150\" \/><\/a><\/td>\n<td><a href=\"http:\/\/www.remonen.fi\/WP\/wp-content\/uploads\/2014\/04\/Istanbul-9.jpg\"><img loading=\"lazy\" decoding=\"async\" class=\"alignnone wp-image-4032 size-thumbnail\" title=\"Aperture: &#402;\/1.8 | Camera: NEX-6 | Taken: 18 huhtikuun, 2014 | Copyright: (c) Matti Remonen | Exposure bias: +7\/10EV | Flash fired: no | Focal length: 24mm | ISO: 100 | Shutter speed: 1\/200s | \" src=\"http:\/\/www.remonen.fi\/WP\/wp-content\/uploads\/2014\/04\/Istanbul-9-150x150.jpg\" alt=\"\" width=\"150\" height=\"150\" \/><\/a><\/td>\n<td rowspan=\"2\"><a href=\"http:\/\/www.remonen.fi\/WP\/wp-content\/uploads\/2014\/04\/Istanbul-12.jpg\"><img loading=\"lazy\" decoding=\"async\" class=\"alignnone wp-image-4029 size-medium\" title=\"Aperture: &#402;\/5.6 | Camera: NEX-6 | Taken: 18 huhtikuun, 2014 | Copyright: (c) Matti Remonen | Exposure bias: +7\/10EV | Flash fired: no | Focal length: 24mm | ISO: 800 | Shutter speed: 1\/60s | \" src=\"http:\/\/www.remonen.fi\/WP\/wp-content\/uploads\/2014\/04\/Istanbul-12-199x300.jpg\" alt=\"\" width=\"199\" height=\"300\" srcset=\"https:\/\/www.remonen.fi\/WP\/wp-content\/uploads\/2014\/04\/Istanbul-12-199x300.jpg 199w, https:\/\/www.remonen.fi\/WP\/wp-content\/uploads\/2014\/04\/Istanbul-12.jpg 532w\" sizes=\"(max-width: 199px) 100vw, 199px\" \/><\/a><\/td>\n<\/tr>\n<tr>\n<td><a href=\"http:\/\/www.remonen.fi\/WP\/wp-content\/uploads\/2014\/04\/Istanbul-11.jpg\"><img loading=\"lazy\" decoding=\"async\" class=\"alignnone wp-image-4030 size-thumbnail\" title=\"Aperture: &#402;\/1.8 | Camera: NEX-6 | Taken: 18 huhtikuun, 2014 | Copyright: (c) Matti Remonen | Exposure bias: +7\/10EV | Flash fired: no | Focal length: 24mm | ISO: 320 | Shutter speed: 1\/60s | \" src=\"http:\/\/www.remonen.fi\/WP\/wp-content\/uploads\/2014\/04\/Istanbul-11-150x150.jpg\" alt=\"\" width=\"150\" height=\"150\" \/><\/a><\/td>\n<td><img loading=\"lazy\" decoding=\"async\" class=\"alignnone wp-image-4034 size-thumbnail\" title=\"Aperture: &#402;\/5.6 | Camera: NEX-6 | Taken: 18 huhtikuun, 2014 | Copyright: (c) Matti Remonen | Exposure bias: +7\/10EV | Flash fired: no | Focal length: 24mm | ISO: 800 | Shutter speed: 1\/60s | \" src=\"http:\/\/www.remonen.fi\/WP\/wp-content\/uploads\/2014\/04\/Istanbul-7-150x150.jpg\" alt=\"\" width=\"150\" height=\"150\" \/><\/td>\n<td><a href=\"http:\/\/www.remonen.fi\/WP\/wp-content\/uploads\/2014\/04\/Istanbul-15.jpg\"><img loading=\"lazy\" decoding=\"async\" class=\"alignnone wp-image-4026 size-thumbnail\" title=\"Aperture: &#402;\/5.6 | Camera: NEX-6 | Taken: 18 huhtikuun, 2014 | Copyright: (c) Matti Remonen | Exposure bias: +7\/10EV | Flash fired: no | Focal length: 24mm | ISO: 3200 | Shutter speed: 1\/60s | \" src=\"http:\/\/www.remonen.fi\/WP\/wp-content\/uploads\/2014\/04\/Istanbul-15-150x150.jpg\" alt=\"\" width=\"150\" height=\"150\" \/><\/a><\/td>\n<\/tr>\n<\/tbody>\n<\/table>\n<p>&nbsp;<\/p>\n<p><a href=\"http:\/\/www.remonen.fi\/WP\/wp-content\/uploads\/2014\/04\/Istanbul-13.jpg\"><img loading=\"lazy\" decoding=\"async\" class=\"aligncenter wp-image-4028\" title=\"Aperture: &#402;\/5.6 | Camera: NEX-6 | Taken: 18 huhtikuun, 2014 | Copyright: (c) Matti Remonen | Exposure bias: +7\/10EV | Flash fired: no | Focal length: 24mm | ISO: 320 | Shutter speed: 1\/60s | \" src=\"http:\/\/www.remonen.fi\/WP\/wp-content\/uploads\/2014\/04\/Istanbul-13.jpg\" alt=\"\" width=\"600\" height=\"399\" srcset=\"https:\/\/www.remonen.fi\/WP\/wp-content\/uploads\/2014\/04\/Istanbul-13.jpg 800w, https:\/\/www.remonen.fi\/WP\/wp-content\/uploads\/2014\/04\/Istanbul-13-300x199.jpg 300w\" sizes=\"(max-width: 600px) 100vw, 600px\" \/><\/a><\/p>\n<p><a href=\"http:\/\/www.remonen.fi\/WP\/wp-content\/uploads\/2014\/04\/Istanbul-31.jpg\"><img loading=\"lazy\" decoding=\"async\" class=\"alignright wp-image-4010 size-medium\" title=\"Aperture: &#402;\/5.6 | Camera: NEX-6 | Taken: 18 huhtikuun, 2014 | Copyright: (c) Matti Remonen | Exposure bias: +7\/10EV | Flash fired: no | Focal length: 24mm | ISO: 100 | Shutter speed: 1\/80s | \" src=\"http:\/\/www.remonen.fi\/WP\/wp-content\/uploads\/2014\/04\/Istanbul-31-199x300.jpg\" alt=\"\" width=\"199\" height=\"300\" srcset=\"https:\/\/www.remonen.fi\/WP\/wp-content\/uploads\/2014\/04\/Istanbul-31-199x300.jpg 199w, https:\/\/www.remonen.fi\/WP\/wp-content\/uploads\/2014\/04\/Istanbul-31.jpg 532w\" sizes=\"(max-width: 199px) 100vw, 199px\" \/><\/a>Iltap\u00e4iv\u00e4ll\u00e4 sitten kiertelimme <a title=\"Hagia Sofia\" href=\"http:\/\/fi.wikipedia.org\/wiki\/Hagia_Sofia\" target=\"_blank\">Hagia Sofian<\/a> ja <a title=\"Sultan Ahmed Mosque\" href=\"http:\/\/en.wikipedia.org\/wiki\/Sultan_Ahmed_Mosque\" target=\"_blank\">Sinisen moskeijan<\/a> tuntumassa menem\u00e4tt\u00e4 kuitenkaan sis\u00e4lle. Asiassa auttoi se, ett\u00e4 esimerkiksi Hagia Sofiaan oli parin sadan metrin jono&#8230; Istanbulissa kannattaa ostaa erillinen<a title=\"Museum Pass\" href=\"http:\/\/www.muze.gov.tr\/museum_pass\" target=\"_blank\"> kolmen p\u00e4iv\u00e4n museopassi<\/a>, jolla p\u00e4\u00e4see maar\u00e4ttyihin museoihin jonon ohi. Rahallista hy\u00f6ty\u00e4 passista ei ole, pikemmin p\u00e4in vastoin, jos ei kierr\u00e4 kaikkia siihen kuuluvia museoita. Mutta raha on \u00e4kki\u00e4 tienattu takaisin sill\u00e4, ettei lomaa tarvitse viett\u00e4\u00e4 jonossa seisten. Hagia Sofian edustan museopassijonokin oli varmaan puolen tunnin mittainen, joten p\u00e4\u00e4timme l\u00e4hte\u00e4 katsomaan mit\u00e4 <a title=\"Topkapi palatsi\" href=\"http:\/\/fi.wikipedia.org\/wiki\/Topkap%C4%B1n_palatsi\" target=\"_blank\">Topkapin palatsialue<\/a> meille tarjoaisi. Istanbulissa on n\u00e4in kev\u00e4isin tulppaanifestivaalit ja siell\u00e4 on useita puistoja, joihin on istutettu yhteens\u00e4 miljoonia tulppaaneja. Varsinainen prime-time alkoi olla jo ohi, mutta jotain sent\u00e4\u00e4n oli j\u00e4ljell\u00e4 Topkapin yhteydess\u00e4 olevassa vanhassa palatsin puistossa. Ja kun museot olivat menossa kiinni, ei lippuluukuillakaan ollut en\u00e4\u00e4 jonoa, joten saimme museopassit ostettua ilman turhaa seisoskelua. Puistoalueen katsastamisen j\u00e4lkeen kello alkoi l\u00e4hesty\u00e4 lukemia, jotka mahdollistivat suunnan k\u00e4\u00e4nt\u00e4misen kohti hotellia ja ensimm\u00e4inen p\u00e4iv\u00e4 oli pulkassa.<\/p>\n<p><a href=\"http:\/\/www.remonen.fi\/WP\/wp-content\/uploads\/2014\/04\/Istanbul-32.jpg\"><img loading=\"lazy\" decoding=\"async\" class=\"aligncenter wp-image-4009\" title=\"Aperture: &#402;\/5.6 | Camera: NEX-6 | Taken: 18 huhtikuun, 2014 | Copyright: (c) Matti Remonen | Exposure bias: +7\/10EV | Flash fired: no | Focal length: 24mm | ISO: 250 | Shutter speed: 1\/60s | \" src=\"http:\/\/www.remonen.fi\/WP\/wp-content\/uploads\/2014\/04\/Istanbul-32.jpg\" alt=\"\" width=\"600\" height=\"399\" srcset=\"https:\/\/www.remonen.fi\/WP\/wp-content\/uploads\/2014\/04\/Istanbul-32.jpg 800w, https:\/\/www.remonen.fi\/WP\/wp-content\/uploads\/2014\/04\/Istanbul-32-300x199.jpg 300w\" sizes=\"(max-width: 600px) 100vw, 600px\" \/><\/a><\/p>\n<h3>P\u00e4iv\u00e4 2<\/h3>\n<div id=\"attachment_4036\" style=\"width: 209px\" class=\"wp-caption alignright\"><a href=\"http:\/\/www.remonen.fi\/WP\/wp-content\/uploads\/2014\/04\/Istanbul-5.jpg\"><img loading=\"lazy\" decoding=\"async\" aria-describedby=\"caption-attachment-4036\" class=\"wp-image-4036 size-medium\" title=\"Aperture: &#402;\/5.6 | Camera: NEX-6 | Taken: 18 huhtikuun, 2014 | Copyright: (c) Matti Remonen | Exposure bias: +7\/10EV | Flash fired: no | Focal length: 24mm | ISO: 200 | Shutter speed: 1\/60s | \" src=\"http:\/\/www.remonen.fi\/WP\/wp-content\/uploads\/2014\/04\/Istanbul-5-199x300.jpg\" alt=\"\" width=\"199\" height=\"300\" srcset=\"https:\/\/www.remonen.fi\/WP\/wp-content\/uploads\/2014\/04\/Istanbul-5-199x300.jpg 199w, https:\/\/www.remonen.fi\/WP\/wp-content\/uploads\/2014\/04\/Istanbul-5.jpg 532w\" sizes=\"(max-width: 199px) 100vw, 199px\" \/><\/a><p id=\"caption-attachment-4036\" class=\"wp-caption-text\">Paikallinen tupakkakioski<\/p><\/div>\n<p style=\"text-align: left;\">Seuraavana aamuna treffasimme hotellin alakerrassa Jyrkin, joka oli tullut illalla Helsingist\u00e4. My\u00f6s Niinan piti tulla, mutta viimehetken sairastuminen oli valitettavasti tehnyt h\u00e4nen matkansa mahdottomaksi. Jyrki kuitenkin p\u00e4\u00e4tti tulla ilahduttamaan meit\u00e4 ja katsomaan, ettemme eksy huonoille teille. T\u00e4n\u00e4\u00e4n ohjelmassa oli museokierrokset ja kiertoajelu. Ei t\u00e4nne lomailemaan oltu tultu. Suunnistimmekin ensin suoraan Hagia Sofian eteen ja ohitimme sinne jo muodostuneen n. sadan metrin jonon komeasti sis\u00e4kaarteen puolelta. Ohittamisessa auttoi t\u00e4m\u00e4 museopassi.<\/p>\n<p>Hagia Sofiahan on alunperin 500-luvulla rakennettu kristinuskon kirkoksi. Silloinhan Istanbul, tai siis Konstantinopoli, oli It\u00e4-Rooman keskus ja p\u00e4\u00e4kaupunki. Sittemmin &#8211; 1400-luvulla tapahtuneen kaupungin valloituksen j\u00e4lkeen &#8211; kirkosta tuli moskeija. Jos ei muuta, niin t\u00e4ytyy my\u00f6nt\u00e4\u00e4, ett\u00e4 muslimeilla on kyll\u00e4 j\u00e4rki p\u00e4\u00e4ss\u00e4: miksi hajottaa hyv\u00e4 rakennus ja sitten rakentaa tilalle uusi. Itse Hagia Sofia on sis\u00e4lt\u00e4 itse asiassa melko karu. Seinill\u00e4 ja katoissa on viel\u00e4 j\u00e4ljell\u00e4 kristinuskoon liittyvi\u00e4 kuvia ja aiheita. En tied\u00e4, ovatko aikanaan olleet peitossa, kun rakennus on toiminut moskeijana. Nyth\u00e4n se on pelk\u00e4st\u00e4\u00e4n museo.<\/p>\n<table>\n<tbody>\n<tr>\n<td><a href=\"http:\/\/www.remonen.fi\/WP\/wp-content\/uploads\/2014\/04\/Istanbul-35.jpg\"><img loading=\"lazy\" decoding=\"async\" class=\"alignnone wp-image-4006 size-medium\" title=\"Aperture: &#402;\/4 | Camera: NEX-6 | Taken: 19 huhtikuun, 2014 | Copyright: (c) Matti Remonen | Flash fired: no | Focal length: 17mm | Shutter speed: 1\/50s | \" src=\"http:\/\/www.remonen.fi\/WP\/wp-content\/uploads\/2014\/04\/Istanbul-35-199x300.jpg\" alt=\"\" width=\"199\" height=\"300\" srcset=\"https:\/\/www.remonen.fi\/WP\/wp-content\/uploads\/2014\/04\/Istanbul-35-199x300.jpg 199w, https:\/\/www.remonen.fi\/WP\/wp-content\/uploads\/2014\/04\/Istanbul-35.jpg 531w\" sizes=\"(max-width: 199px) 100vw, 199px\" \/><\/a><\/td>\n<td><a href=\"http:\/\/www.remonen.fi\/WP\/wp-content\/uploads\/2014\/04\/Istanbul-36.jpg\"><img loading=\"lazy\" decoding=\"async\" class=\"alignnone wp-image-4005 size-medium\" title=\"Camera: NEX-6 | Taken: 19 huhtikuun, 2014 | Copyright: (c) Matti Remonen | Exposure bias: +7\/10EV | Flash fired: no | ISO: 1250 | Shutter speed: 1\/60s | \" src=\"http:\/\/www.remonen.fi\/WP\/wp-content\/uploads\/2014\/04\/Istanbul-36-199x300.jpg\" alt=\"\" width=\"199\" height=\"300\" srcset=\"https:\/\/www.remonen.fi\/WP\/wp-content\/uploads\/2014\/04\/Istanbul-36-199x300.jpg 199w, https:\/\/www.remonen.fi\/WP\/wp-content\/uploads\/2014\/04\/Istanbul-36.jpg 532w\" sizes=\"(max-width: 199px) 100vw, 199px\" \/><\/a><\/td>\n<td><a href=\"http:\/\/www.remonen.fi\/WP\/wp-content\/uploads\/2014\/04\/Istanbul-34.jpg\"><img loading=\"lazy\" decoding=\"async\" class=\"alignnone wp-image-4007 size-medium\" title=\"Aperture: &#402;\/4 | Camera: NEX-6 | Taken: 19 huhtikuun, 2014 | Copyright: (c) Matti Remonen | Exposure bias: +7\/10EV | Flash fired: no | Focal length: 24mm | ISO: 2000 | Shutter speed: 1\/50s | \" src=\"http:\/\/www.remonen.fi\/WP\/wp-content\/uploads\/2014\/04\/Istanbul-34-199x300.jpg\" alt=\"\" width=\"199\" height=\"300\" srcset=\"https:\/\/www.remonen.fi\/WP\/wp-content\/uploads\/2014\/04\/Istanbul-34-199x300.jpg 199w, https:\/\/www.remonen.fi\/WP\/wp-content\/uploads\/2014\/04\/Istanbul-34.jpg 532w\" sizes=\"(max-width: 199px) 100vw, 199px\" \/><\/a><\/td>\n<\/tr>\n<\/tbody>\n<\/table>\n<div id=\"attachment_4003\" style=\"width: 310px\" class=\"wp-caption alignright\"><a href=\"http:\/\/www.remonen.fi\/WP\/wp-content\/uploads\/2014\/04\/Istanbul-38.jpg\"><img loading=\"lazy\" decoding=\"async\" aria-describedby=\"caption-attachment-4003\" class=\"wp-image-4003 size-medium\" title=\"Aperture: &#402;\/5.6 | Camera: NEX-6 | Taken: 19 huhtikuun, 2014 | Copyright: (c) Matti Remonen | Exposure bias: +7\/10EV | Flash fired: no | Focal length: 24mm | ISO: 100 | Shutter speed: 1\/320s | \" src=\"http:\/\/www.remonen.fi\/WP\/wp-content\/uploads\/2014\/04\/Istanbul-38-300x199.jpg\" alt=\"\" width=\"300\" height=\"199\" srcset=\"https:\/\/www.remonen.fi\/WP\/wp-content\/uploads\/2014\/04\/Istanbul-38-300x199.jpg 300w, https:\/\/www.remonen.fi\/WP\/wp-content\/uploads\/2014\/04\/Istanbul-38.jpg 800w\" sizes=\"(max-width: 300px) 100vw, 300px\" \/><\/a><p id=\"caption-attachment-4003\" class=\"wp-caption-text\">Aasialaiset veneet<\/p><\/div>\n<p style=\"text-align: left;\">Hagia Sofiasta selvitty\u00e4mme hypp\u00e4simme aukion reunalla odottavaan kiertoajelubussiin. Olimme ostaneet liput jo Suomesta, joten niist\u00e4k\u00e4\u00e4n ei tarvinnut huolehtia. Kyseess\u00e4 oli ns. hop-on, hop-off -kiertoajelu, jossa bussista voi poistua erikseen m\u00e4\u00e4r\u00e4tyill\u00e4 paikoilla ja jatkaa sitten matkaa toisella bussilla. Istuimme kyydiss\u00e4 Bosporinsalmen sillan yli ja j\u00e4imme pois Aasian puolella. N\u00e4in sit\u00e4 vain vaihdettiin maanosasta toiseen, eik\u00e4 kukaan kysellyt passia tai hammasharjaa. Aasian puoli n\u00e4ytti huomattavasti hiljaisemmalta kuin Euroopanpuoleinen osa Istanbulia. Kiertelimme siell\u00e4 hetken, k\u00e4vimme sy\u00f6m\u00e4ss\u00e4 friteerattuja sardiineja ja palasimme bussilla takaisin sinne Eurooppaan. J\u00e4imme sitten lopullisesti kyydist\u00e4 pois Egyptil\u00e4isen Basaarin (jota my\u00f6s maustebasaariksi kutsutaan) kohdalla. No, maustebasaarissa oli&#8230; ta-daa: mausteita. Kaikenlaisia ja kaikissa muodoissa. Ja myyj\u00e4t niit\u00e4 meille halusivat tyrkytt\u00e4\u00e4. Jotain meille nyt sitten tarttui mukaan. Kuten vaikka aina eksoottista currya. Sit\u00e4h\u00e4n ei Suomesta saa kuin tiskin alta ja Ladan per\u00e4hutlaarista Malmin torilla \u00f6isin kolmen ja nelj\u00e4n v\u00e4lill\u00e4.<\/p>\n<p><a href=\"http:\/\/www.remonen.fi\/WP\/wp-content\/uploads\/2014\/04\/Istanbul-40.jpg\"><img loading=\"lazy\" decoding=\"async\" class=\"aligncenter wp-image-4001\" title=\"Aperture: &#402;\/5.6 | Camera: NEX-6 | Taken: 19 huhtikuun, 2014 | Copyright: (c) Matti Remonen | Exposure bias: +7\/10EV | Flash fired: no | Focal length: 24mm | ISO: 100 | Shutter speed: 1\/400s | \" src=\"http:\/\/www.remonen.fi\/WP\/wp-content\/uploads\/2014\/04\/Istanbul-40.jpg\" alt=\"\" width=\"600\" height=\"399\" srcset=\"https:\/\/www.remonen.fi\/WP\/wp-content\/uploads\/2014\/04\/Istanbul-40.jpg 800w, https:\/\/www.remonen.fi\/WP\/wp-content\/uploads\/2014\/04\/Istanbul-40-300x199.jpg 300w\" sizes=\"(max-width: 600px) 100vw, 600px\" \/><\/a><\/p>\n<p style=\"text-align: left;\"><a href=\"http:\/\/www.remonen.fi\/WP\/wp-content\/uploads\/2014\/04\/Istanbul-44.jpg\"><img loading=\"lazy\" decoding=\"async\" class=\"alignright wp-image-3997 size-medium\" title=\"Camera: NEX-6 | Taken: 19 huhtikuun, 2014 | Copyright: (c) Matti Remonen | Exposure bias: +7\/10EV | Flash fired: no | ISO: 100 | Shutter speed: 1\/200s | \" src=\"http:\/\/www.remonen.fi\/WP\/wp-content\/uploads\/2014\/04\/Istanbul-44-300x199.jpg\" alt=\"\" width=\"300\" height=\"199\" srcset=\"https:\/\/www.remonen.fi\/WP\/wp-content\/uploads\/2014\/04\/Istanbul-44-300x199.jpg 300w, https:\/\/www.remonen.fi\/WP\/wp-content\/uploads\/2014\/04\/Istanbul-44.jpg 800w\" sizes=\"(max-width: 300px) 100vw, 300px\" \/><\/a>Maustebasaarista lompsimme takaisin kohden Hagia Sofiaa ja Sinist\u00e4 moskeijaa (Sultanahmetin moskeija). Siin\u00e4 v\u00e4liss\u00e4 Jyrki johdatti meid\u00e4t jonnekin ihme majataloon ja sen yl\u00e4kerrassa olevaan baariin. Olutta kyll\u00e4 jo tekikin mieli. Ja mik\u00e4s siin\u00e4 oli ohrapirtel\u00f6\u00e4 nauttiessa, kun samalla taustalla n\u00e4kyi Hagia Sofia. Tuhatvuotista kulttuuria ja hieman tuoreempaa olutta. Nam.<\/p>\n<p>Olusien j\u00e4lkeen suunnistimme kohden Sinist\u00e4 moskeijaa. Moskeijahan on ihan normaalissa k\u00e4yt\u00f6ss\u00e4, mutta avoinna my\u00f6s turisteille jumalanpalvelusten ulkopuolella. Ihan niin kuin kirkotkin t\u00e4\u00e4ll\u00e4 koto-Suomessa. Jotenkin vain se tuntuu aina arveluttavalta tunkea toisen kulttuurin pyhiin paikkoihin. No, joka tapauksessa, Sinist\u00e4 moskeijaa ei ole turhaan ylistetty: se on varsin vaikuttavan n\u00e4k\u00f6inen sis\u00e4lt\u00e4. Tosin tuo nyt oli ainoa varsinainan moskeijakokemus t\u00e4lt\u00e4 reissulta, joten en tied\u00e4 miten Sininen moskeija sijoittuu yleisess\u00e4 moskeijoiden kauneusrankingissa, mutta ilmeisen korkealle, kun se aina muistetaan mainita. Moskeijan nimi ja sininen v\u00e4ri tulee sinisist\u00e4 ikkunapaneleista ja sinisist\u00e4 katon koristuksista. Meill\u00e4 ei ollut paljoa aikaa viett\u00e4\u00e4 tuolla, kun jumalanpalvelus oli alkamassa, joten meid\u00e4t h\u00e4tisteltiinkin sielt\u00e4 ulos samalla kun rukouskutsu alkoi kuulumaan. Mun t\u00e4ytyy kyll\u00e4 sanoa, ett\u00e4 tuo rukouskutsu saa kylm\u00e4t v\u00e4reet juoksemaan pitkin selk\u00e4\u00e4. Varsinkin kun se kuuluu useasta moskeijasta yht\u00e4aikaa.<\/p>\n<p><a href=\"http:\/\/www.remonen.fi\/WP\/wp-content\/uploads\/2014\/04\/Istanbul-48.jpg\"><img loading=\"lazy\" decoding=\"async\" class=\"aligncenter wp-image-3993\" title=\"Aperture: &#402;\/9 | Camera: NEX-6 | Taken: 19 huhtikuun, 2014 | Copyright: (c) Matti Remonen | Flash fired: no | Focal length: 10mm | \" src=\"http:\/\/www.remonen.fi\/WP\/wp-content\/uploads\/2014\/04\/Istanbul-48.jpg\" alt=\"\" width=\"600\" height=\"397\" srcset=\"https:\/\/www.remonen.fi\/WP\/wp-content\/uploads\/2014\/04\/Istanbul-48.jpg 800w, https:\/\/www.remonen.fi\/WP\/wp-content\/uploads\/2014\/04\/Istanbul-48-300x198.jpg 300w\" sizes=\"(max-width: 600px) 100vw, 600px\" \/><\/a><\/p>\n<p>Siin\u00e4 se p\u00e4iv\u00e4 sitten olikin k\u00e4siteltyn\u00e4. Illalla taisimme k\u00e4yd\u00e4 jossain vet\u00e4isem\u00e4ss\u00e4 kebapit ja sitten hotellille nukkumaan.<\/p>\n<p>Jaa-nii, pienen\u00e4 detaljina kun tulimme pois hotelleille p\u00e4in, niin otimme raitiovaunun. Voin kertoa, ett\u00e4 ne ovat t\u00e4ynn\u00e4. Siis oikeasti sinne tungetaan v\u00e4kisin sis\u00e4\u00e4n. Nyt tied\u00e4n milt\u00e4 tuntuu olla japanissa metrossa.<\/p>\n<table>\n<tbody>\n<tr>\n<td><a href=\"http:\/\/www.remonen.fi\/WP\/wp-content\/uploads\/2014\/04\/Istanbul-43.jpg\"><img loading=\"lazy\" decoding=\"async\" class=\"alignnone wp-image-3998 size-thumbnail\" title=\"Aperture: &#402;\/6.3 | Camera: NEX-6 | Taken: 19 huhtikuun, 2014 | Copyright: (c) Matti Remonen | Exposure bias: +7\/10EV | Flash fired: no | Focal length: 24mm | ISO: 100 | Shutter speed: 1\/125s | \" src=\"http:\/\/www.remonen.fi\/WP\/wp-content\/uploads\/2014\/04\/Istanbul-43-150x150.jpg\" alt=\"\" width=\"150\" height=\"150\" \/><\/a><\/td>\n<td><a href=\"http:\/\/www.remonen.fi\/WP\/wp-content\/uploads\/2014\/04\/Istanbul-37.jpg\"><img loading=\"lazy\" decoding=\"async\" class=\"alignnone wp-image-4004 size-thumbnail\" title=\"Aperture: &#402;\/1.8 | Camera: NEX-6 | Taken: 19 huhtikuun, 2014 | Copyright: (c) Matti Remonen | Exposure bias: +7\/10EV | Flash fired: no | Focal length: 24mm | ISO: 3200 | Shutter speed: 1\/500s | \" src=\"http:\/\/www.remonen.fi\/WP\/wp-content\/uploads\/2014\/04\/Istanbul-37-150x150.jpg\" alt=\"\" width=\"150\" height=\"150\" \/><\/a><\/td>\n<td><a href=\"http:\/\/www.remonen.fi\/WP\/wp-content\/uploads\/2014\/04\/Istanbul-45.jpg\"><img loading=\"lazy\" decoding=\"async\" class=\"alignnone wp-image-3996 size-thumbnail\" title=\"Aperture: &#402;\/5.6 | Camera: NEX-6 | Taken: 19 huhtikuun, 2014 | Copyright: (c) Matti Remonen | Exposure bias: +7\/10EV | Flash fired: no | Focal length: 24mm | ISO: 100 | Shutter speed: 1\/1000s | \" src=\"http:\/\/www.remonen.fi\/WP\/wp-content\/uploads\/2014\/04\/Istanbul-45-150x150.jpg\" alt=\"\" width=\"150\" height=\"150\" \/><\/a><\/td>\n<td><a href=\"http:\/\/www.remonen.fi\/WP\/wp-content\/uploads\/2014\/04\/Istanbul-30.jpg\"><img loading=\"lazy\" decoding=\"async\" class=\"alignnone wp-image-4011 size-thumbnail\" title=\"Aperture: &#402;\/1.8 | Camera: NEX-6 | Taken: 18 huhtikuun, 2014 | Copyright: (c) Matti Remonen | Exposure bias: +7\/10EV | Flash fired: no | Focal length: 24mm | ISO: 100 | Shutter speed: 1\/800s | \" src=\"http:\/\/www.remonen.fi\/WP\/wp-content\/uploads\/2014\/04\/Istanbul-30-150x150.jpg\" alt=\"\" width=\"150\" height=\"150\" \/><\/a><\/td>\n<\/tr>\n<tr>\n<td><a href=\"http:\/\/www.remonen.fi\/WP\/wp-content\/uploads\/2014\/04\/Istanbul-39.jpg\"><img loading=\"lazy\" decoding=\"async\" class=\"alignnone wp-image-4002 size-thumbnail\" title=\"Aperture: &#402;\/5.6 | Camera: NEX-6 | Taken: 19 huhtikuun, 2014 | Copyright: (c) Matti Remonen | Exposure bias: +7\/10EV | Flash fired: no | Focal length: 24mm | ISO: 100 | Shutter speed: 1\/200s | \" src=\"http:\/\/www.remonen.fi\/WP\/wp-content\/uploads\/2014\/04\/Istanbul-39-150x150.jpg\" alt=\"\" width=\"150\" height=\"150\" \/><\/a><\/td>\n<td><a href=\"http:\/\/www.remonen.fi\/WP\/wp-content\/uploads\/2014\/04\/Istanbul-42.jpg\"><img loading=\"lazy\" decoding=\"async\" class=\"alignnone wp-image-3999 size-thumbnail\" title=\"Aperture: &#402;\/6.3 | Camera: NEX-6 | Taken: 19 huhtikuun, 2014 | Copyright: (c) Matti Remonen | Exposure bias: +7\/10EV | Flash fired: no | Focal length: 24mm | ISO: 250 | Shutter speed: 1\/60s | \" src=\"http:\/\/www.remonen.fi\/WP\/wp-content\/uploads\/2014\/04\/Istanbul-42-150x150.jpg\" alt=\"\" width=\"150\" height=\"150\" \/><\/a><\/td>\n<td><a href=\"http:\/\/www.remonen.fi\/WP\/wp-content\/uploads\/2014\/04\/Istanbul-51.jpg\"><img loading=\"lazy\" decoding=\"async\" class=\"alignnone wp-image-3990 size-thumbnail\" title=\"Aperture: &#402;\/11 | Camera: NEX-6 | Taken: 19 huhtikuun, 2014 | Copyright: (c) Matti Remonen | Exposure bias: +7\/10EV | Flash fired: no | Focal length: 24mm | ISO: 100 | Shutter speed: 1\/250s | \" src=\"http:\/\/www.remonen.fi\/WP\/wp-content\/uploads\/2014\/04\/Istanbul-51-150x150.jpg\" alt=\"\" width=\"150\" height=\"150\" \/><\/a><\/td>\n<td><a href=\"http:\/\/www.remonen.fi\/WP\/wp-content\/uploads\/2014\/04\/Istanbul-28.jpg\"><img loading=\"lazy\" decoding=\"async\" class=\"alignnone wp-image-4013 size-thumbnail\" title=\"Aperture: &#402;\/1.8 | Camera: NEX-6 | Taken: 18 huhtikuun, 2014 | Copyright: (c) Matti Remonen | Exposure bias: +7\/10EV | Flash fired: no | Focal length: 24mm | ISO: 100 | Shutter speed: 1\/1600s | \" src=\"http:\/\/www.remonen.fi\/WP\/wp-content\/uploads\/2014\/04\/Istanbul-28-150x150.jpg\" alt=\"\" width=\"150\" height=\"150\" \/><\/a><\/td>\n<\/tr>\n<\/tbody>\n<\/table>\n<h3>P\u00e4iv\u00e4 3<\/h3>\n<p><a href=\"http:\/\/www.remonen.fi\/WP\/wp-content\/uploads\/2014\/04\/Istanbul-20.jpg\"><img loading=\"lazy\" decoding=\"async\" class=\"alignright wp-image-4021 size-medium\" title=\"Aperture: &#402;\/5.6 | Camera: NEX-6 | Taken: 18 huhtikuun, 2014 | Copyright: (c) Matti Remonen | Exposure bias: +7\/10EV | Flash fired: no | Focal length: 24mm | ISO: 3200 | Shutter speed: 1\/30s | \" src=\"http:\/\/www.remonen.fi\/WP\/wp-content\/uploads\/2014\/04\/Istanbul-20-199x300.jpg\" alt=\"\" width=\"199\" height=\"300\" srcset=\"https:\/\/www.remonen.fi\/WP\/wp-content\/uploads\/2014\/04\/Istanbul-20-199x300.jpg 199w, https:\/\/www.remonen.fi\/WP\/wp-content\/uploads\/2014\/04\/Istanbul-20.jpg 532w\" sizes=\"(max-width: 199px) 100vw, 199px\" \/><\/a>Taas se helvetin \u00e4ij\u00e4 sielt\u00e4 tornista her\u00e4tti 5:28. On se nyt kumma&#8230; No oikeastaan ei tuo suuremmin h\u00e4iritse. Itse asiassa tuntuu aika jylh\u00e4lt\u00e4 ajatella, ett\u00e4 tuo ensimm\u00e4inen rukouskutsu noudattaa auringonnousua, joten islamilaisessa maailmassa samalla kun auringon raja kulkee pitkin maapalloa, minareeteista alkaa sen my\u00f6t\u00e4 kaikumaan sama kutsu. T\u00e4m\u00e4n kun saisi visualisoitua \u00e4\u00e4nen kanssa, niin se olisi aika hurja p\u00e4tk\u00e4.<\/p>\n<p>Aamiaisen j\u00e4lkeen pamautimme taas radalle ja suuntana oli <span id=\"Yerebatan_Sarayi\" class=\"vcard\"><span class=\"fn org\">Yerebatan Sarayi<\/span><\/span>, maanalainen vesis\u00e4ili\u00f6. Se sijaitsee Hagia Sofian v\u00e4litt\u00f6m\u00e4ss\u00e4 l\u00e4heisyydess\u00e4 kadun toisella puolella. Sis\u00e4\u00e4nk\u00e4ynti on hieman piilossa, mutta parinsadan metrin jono paljastaa oikean paikan. Kun ei t\u00e4\u00e4ll\u00e4 ole ilmaista viinaakaan jaossa, niin yleens\u00e4 jono vie museoon. Vesis\u00e4ili\u00f6 on rakennettu 500-luvulla, eli on Rooman ajan peruja. Itse asiassa Roomassa ymm\u00e4rrettiin linnoituskaupunkien vesihuollon p\u00e4\u00e4lle ja sen t\u00e4hden n\u00e4it\u00e4 vesis\u00e4ili\u00f6it\u00e4 ja akveduktejakin on aikanaan tehty. Ja samasta syyt\u00e4 Konstantinopoli s\u00e4ilyi ensimm\u00e4iset tuhat vuotta valloittamattomana. Toki 16-metriset muurit auttoivat, mutta jos ei ole ruokaa ja vett\u00e4, ei muurit auta.<\/p>\n<table>\n<tbody>\n<tr>\n<td><a href=\"http:\/\/www.remonen.fi\/WP\/wp-content\/uploads\/2014\/04\/Istanbul-53.jpg\"><img loading=\"lazy\" decoding=\"async\" class=\"alignright wp-image-3988 size-medium\" title=\"Aperture: &#402;\/4 | Camera: NEX-6 | Taken: 20 huhtikuun, 2014 | Copyright: (c) Matti Remonen | Flash fired: no | Focal length: 12mm | ISO: 3200 | Shutter speed: 1\/3s | \" src=\"http:\/\/www.remonen.fi\/WP\/wp-content\/uploads\/2014\/04\/Istanbul-53-199x300.jpg\" alt=\"\" width=\"199\" height=\"300\" srcset=\"https:\/\/www.remonen.fi\/WP\/wp-content\/uploads\/2014\/04\/Istanbul-53-199x300.jpg 199w, https:\/\/www.remonen.fi\/WP\/wp-content\/uploads\/2014\/04\/Istanbul-53.jpg 532w\" sizes=\"(max-width: 199px) 100vw, 199px\" \/><\/a><\/td>\n<td><a href=\"http:\/\/www.remonen.fi\/WP\/wp-content\/uploads\/2014\/04\/Istanbul-54.jpg\"><img loading=\"lazy\" decoding=\"async\" class=\"alignright wp-image-3987 size-medium\" title=\"Aperture: &#402;\/4 | Camera: NEX-6 | Taken: 20 huhtikuun, 2014 | Copyright: (c) Matti Remonen | Flash fired: no | Focal length: 16mm | ISO: 3200 | Shutter speed: 1\/6s | \" src=\"http:\/\/www.remonen.fi\/WP\/wp-content\/uploads\/2014\/04\/Istanbul-54-199x300.jpg\" alt=\"\" width=\"199\" height=\"300\" srcset=\"https:\/\/www.remonen.fi\/WP\/wp-content\/uploads\/2014\/04\/Istanbul-54-199x300.jpg 199w, https:\/\/www.remonen.fi\/WP\/wp-content\/uploads\/2014\/04\/Istanbul-54.jpg 532w\" sizes=\"(max-width: 199px) 100vw, 199px\" \/><\/a><\/td>\n<td><a href=\"http:\/\/www.remonen.fi\/WP\/wp-content\/uploads\/2014\/04\/Istanbul-55.jpg\"><img loading=\"lazy\" decoding=\"async\" class=\"alignright wp-image-3986 size-medium\" title=\"Aperture: &#402;\/4 | Camera: NEX-6 | Taken: 20 huhtikuun, 2014 | Copyright: (c) Matti Remonen | Flash fired: no | Focal length: 18mm | ISO: 3200 | Shutter speed: 1\/4s | \" src=\"http:\/\/www.remonen.fi\/WP\/wp-content\/uploads\/2014\/04\/Istanbul-55-199x300.jpg\" alt=\"\" width=\"199\" height=\"300\" srcset=\"https:\/\/www.remonen.fi\/WP\/wp-content\/uploads\/2014\/04\/Istanbul-55-199x300.jpg 199w, https:\/\/www.remonen.fi\/WP\/wp-content\/uploads\/2014\/04\/Istanbul-55.jpg 532w\" sizes=\"(max-width: 199px) 100vw, 199px\" \/><\/a><\/td>\n<\/tr>\n<\/tbody>\n<\/table>\n<p>Mutta siis pikakelaus tuhatviisisataa vuotta eteenp\u00e4in ja vesis\u00e4ili\u00f6n jonoon. Jono oli heti aamusta parikymment\u00e4metrinen, mutta se veti aika nopeasti ja p\u00e4\u00e4simme sis\u00e4lle itse s\u00e4ili\u00f6\u00f6n. S\u00e4ili\u00f6n pohjapinta-ala on n. 140 x 65 metri\u00e4 ja 13 metri\u00e4 ylemp\u00e4n\u00e4 olevaa kattoa tukee 336 marmoripylv\u00e4st\u00e4. S\u00e4ili\u00f6 on aikanaan vet\u00e4nyt 80 000 kuutiometri\u00e4 vett\u00e4. Vertailun vuoksi Roihuvuoren vesitorni vet\u00e4\u00e4 12 600 kuutiota&#8230; tuo on siis yli 6 Roihiksen vesitornia! No, t\u00e4ll\u00e4 hetkell\u00e4 vett\u00e4 ei ole ihan noin paljoa, vaan sit\u00e4 on noin puolisen metri\u00e4 pohjalla malliksi ja karppien iloksi. Karpit olivat kyll\u00e4 sen verran pulskassa kunnossa, ett\u00e4 joko niit\u00e4 ruokitaan s\u00e4\u00e4nn\u00f6llisesti tai sitten innokkaat turistit tuiskahtelevat veteen niiden sy\u00f6t\u00e4viksi aika-ajoin.<\/p>\n<p><a href=\"http:\/\/www.remonen.fi\/WP\/wp-content\/uploads\/2014\/04\/Istanbul-58.jpg\"><img loading=\"lazy\" decoding=\"async\" class=\"alignright wp-image-3983\" title=\"Aperture: &#402;\/6.3 | Camera: NEX-6 | Taken: 20 huhtikuun, 2014 | Copyright: (c) Matti Remonen | Exposure bias: +7\/10EV | Flash fired: no | Focal length: 24mm | ISO: 800 | Shutter speed: 1\/60s | \" src=\"http:\/\/www.remonen.fi\/WP\/wp-content\/uploads\/2014\/04\/Istanbul-58-199x300.jpg\" alt=\"\" width=\"150\" height=\"226\" srcset=\"https:\/\/www.remonen.fi\/WP\/wp-content\/uploads\/2014\/04\/Istanbul-58-199x300.jpg 199w, https:\/\/www.remonen.fi\/WP\/wp-content\/uploads\/2014\/04\/Istanbul-58.jpg 532w\" sizes=\"(max-width: 150px) 100vw, 150px\" \/><\/a>Vesis\u00e4ili\u00f6n j\u00e4lkeen vuorossa oli varsinainen palatsialue, Topkapi. Tietysti suuntasimme ensimm\u00e4iseksi haaremiin, jonne on erillinen p\u00e4\u00e4symaksu. Pettymyksekseni minulle varsin pian selvisi, ett\u00e4 haaremi ei ole en\u00e4\u00e4 aktiivik\u00e4yt\u00f6ss\u00e4. Siin\u00e4 meni nekin liirat kankkulan kaivoon. Yll\u00e4tys oli se, ett\u00e4 varsinaisen asuin, ym. -tilat sijaitsivatkin aikanaan haaremin alueella. Ja muu palatsi taisi sitten olla vain edustusk\u00e4yt\u00f6ss\u00e4. No, kyll\u00e4 min\u00e4kin &#8211; jos valita saisi &#8211; asuisin ehk\u00e4 mieluummin haaremissa kuin jossain kalsassa palatsissa. Palatsi oli &#8221;ihan ok&#8221;, mutta ei mitenk\u00e4\u00e4n ylitsevuotavan hieno, jos vertaa vaikka Pietarin palatseihin. Kaakeliteollisuus on kyll\u00e4 aikanaan kukoistanut t\u00e4ll\u00e4 maailmankulmalla. Sen verran on kylpyhuonekaakelia vedetty seiniin. No, helppo pit\u00e4\u00e4 puhtaana&#8230;<\/p>\n<p>Haaremin j\u00e4lkeen k\u00e4vimme viel\u00e4 katsastamassa palatsin aarrekammiot, jossa sitten olikin mit\u00e4 upeampia jalokivi\u00e4 ja koruja. Suurin osa oli aikanaan sulttaaneille lahjaksi tuotuja arvoesineit\u00e4. Kokoelman ehk\u00e4 arvokkain, tai ainakin kuuluisin esine lienee Topkapi-tikari. Valokuvia ei arrekammioissa saanut ottaa.<\/p>\n<p>Palatsisession j\u00e4lkeen olikin jalat sen verran puuduksissa, ett\u00e4 otimme t\u00e4h\u00e4n kohtaan toisen turistibussikierroksen. Edellinen kierroshan oli suuntaunut Bosporinsalmen toiselle puolelle. T\u00e4m\u00e4 toinen kiersi kultaisen sarven. No, nyt on sekin n\u00e4hty.<\/p>\n<p><a href=\"http:\/\/www.remonen.fi\/WP\/wp-content\/uploads\/2014\/04\/Istanbul-25.jpg\"><img loading=\"lazy\" decoding=\"async\" class=\"aligncenter wp-image-4016\" title=\"Aperture: &#402;\/5.6 | Camera: NEX-6 | Taken: 18 huhtikuun, 2014 | Copyright: (c) Matti Remonen | Exposure bias: +7\/10EV | Flash fired: no | Focal length: 24mm | ISO: 100 | Shutter speed: 1\/320s | \" src=\"http:\/\/www.remonen.fi\/WP\/wp-content\/uploads\/2014\/04\/Istanbul-25.jpg\" alt=\"\" width=\"600\" height=\"399\" srcset=\"https:\/\/www.remonen.fi\/WP\/wp-content\/uploads\/2014\/04\/Istanbul-25.jpg 800w, https:\/\/www.remonen.fi\/WP\/wp-content\/uploads\/2014\/04\/Istanbul-25-300x199.jpg 300w\" sizes=\"(max-width: 600px) 100vw, 600px\" \/><\/a><\/p>\n<p>Illalla otimme (Jyrki otti) tavoitteeksi vierailla viel\u00e4 uuden Istanbulin puolella ja otimme suunnaksi Taksim-aukion. Menimme ensin raitovaunulla ja sen j\u00e4lkeen nousimme yl\u00f6s kukkulalle funicular-junalla. Se on tunnelissa jyrkk\u00e4\u00e4 m\u00e4ke\u00e4 kulkeva &#8221;juna&#8221;, joka itse asiassa liikkuu vaijerin avustamana. Samanlaiseen ihmetykseen olen aikanani tutustunut It\u00e4vallan Kaprunissa. Istanbulissa ei kyll\u00e4 voinut olla kiinnitt\u00e4m\u00e4tt\u00e4 huomiota siihen, kuinka uusia kaikki julkisen liikenteen vehkeet olivat. T\u00e4\u00e4ll\u00e4 on kyll\u00e4 poltettu rahaa raitiovaunuihin ja muihin melko isolla k\u00e4dell\u00e4. Tosin, niiden k\u00e4ytt\u00f6kin oli melkoisen runsasta, joten investoinnit lienev\u00e4t varsin oikeaan osuneita.<\/p>\n<p>Kun nousimme Taksim-aukiolle, siell\u00e4 oli menossa pienimuotoinen mielenosoitus tai joku joukkokokous. Paikalla oli ehk\u00e4 n. 50 henkil\u00f6\u00e4 ja heit\u00e4 vastassa parikymment\u00e4 mellakkapoliisia kyp\u00e4r\u00f6ineen ja kilpineen. Sen kummempaa liikehdint\u00e4\u00e4 ei ollut, mutta selke\u00e4sti poliisit estiv\u00e4t v\u00e4en liikkumisen m\u00e4\u00e4r\u00e4ttyyn osaan aukiota. Syyt\u00e4 en tied\u00e4. Heti seuraavan kulman takana oli konetuliaseella varustettu poliisi vartioimassa paria joukkojenkuljetusautoa ja yht\u00e4 panssaroitua mellakka-autoa, jossa katolla oli vesitykit ja valonheittimet. En jostain syyst\u00e4 ottanut t\u00e4st\u00e4 muodostelmasta valokuvaa. On meinaan tuo &#8221;Keskiy\u00f6n pikajuna&#8221; sen verran tuoreessa muistissa.<\/p>\n<p>K\u00e4velimme aukiolta l\u00e4htev\u00e4\u00e4 p\u00e4\u00e4katua pitkin ja k\u00e4vimme matkalla sy\u00f6m\u00e4ss\u00e4. Paluumatkalla oli tarkoitus ajaa historiallista metroreitti\u00e4 pitkin, mutta se oli sulkeutunut jo kahdeksalta illalla. Joten palasimme samaa tiet\u00e4 takaisin, kuin olimme tulleetkin ja p\u00e4iv\u00e4 oli taputeltu.<\/p>\n<p><a href=\"http:\/\/www.remonen.fi\/WP\/wp-content\/uploads\/2014\/04\/Istanbul-33.jpg\"><img loading=\"lazy\" decoding=\"async\" class=\"aligncenter wp-image-4008\" title=\"Aperture: &#402;\/6.3 | Camera: NEX-6 | Taken: 18 huhtikuun, 2014 | Copyright: (c) Matti Remonen | Exposure bias: +7\/10EV | Flash fired: no | Focal length: 40mm | ISO: 100 | Shutter speed: 1\/40s | \" src=\"http:\/\/www.remonen.fi\/WP\/wp-content\/uploads\/2014\/04\/Istanbul-33.jpg\" alt=\"\" width=\"600\" height=\"399\" srcset=\"https:\/\/www.remonen.fi\/WP\/wp-content\/uploads\/2014\/04\/Istanbul-33.jpg 800w, https:\/\/www.remonen.fi\/WP\/wp-content\/uploads\/2014\/04\/Istanbul-33-300x199.jpg 300w\" sizes=\"(max-width: 600px) 100vw, 600px\" \/><\/a><\/p>\n<h3>P\u00e4iv\u00e4 4<\/h3>\n<p>L\u00e4ht\u00f6p\u00e4iv\u00e4kin koitti. Meill\u00e4 oli muutama tunti aamulla aikaa k\u00e4yd\u00e4 katsomassa l\u00e4hin\u00e4kymi\u00e4. Ainoa varsinainen n\u00e4ht\u00e4vyys oli vieress\u00e4 oleva akvedukti, joten suuntasimme sinne. Matkalla t\u00f6rm\u00e4simme pariin keng\u00e4nkiillottajaan ja hetken herpaantumisen vuoksi minulla on nyt pohjoismaiden kiilt\u00e4vimm\u00e4t purkkarit. Kyll\u00e4 n\u00e4m\u00e4 pojat myyd\u00e4 osaa&#8230;<\/p>\n<p><a href=\"http:\/\/www.remonen.fi\/WP\/wp-content\/uploads\/2014\/04\/Istanbul-60.jpg\"><img loading=\"lazy\" decoding=\"async\" class=\"aligncenter wp-image-3981\" title=\"Aperture: &#402;\/6.3 | Camera: NEX-6 | Taken: 21 huhtikuun, 2014 | Copyright: (c) Matti Remonen | Exposure bias: +7\/10EV | Flash fired: no | Focal length: 24mm | ISO: 100 | Shutter speed: 1\/250s | \" src=\"http:\/\/www.remonen.fi\/WP\/wp-content\/uploads\/2014\/04\/Istanbul-60.jpg\" alt=\"\" width=\"600\" height=\"399\" srcset=\"https:\/\/www.remonen.fi\/WP\/wp-content\/uploads\/2014\/04\/Istanbul-60.jpg 800w, https:\/\/www.remonen.fi\/WP\/wp-content\/uploads\/2014\/04\/Istanbul-60-300x199.jpg 300w\" sizes=\"(max-width: 600px) 100vw, 600px\" \/><\/a><\/p>\n<p>L\u00e4hd\u00f6n aikakin koitti ja suuntasimme kent\u00e4lle. Muuten l\u00e4ht\u00f6selvitys meni ihan ok ja kivuttomasti, mutta passintarkastukseen oli tunnin jono&#8230; Kannattaa varata aikaa kent\u00e4lle menness\u00e4. Kent\u00e4n tax-free oli aika peruskamaa ja suhteellisen kallis verrattuna vaikkapa Helsinki-Vantaaseen. Mutta ei kuitenkaan niin kallis, etteik\u00f6 yksi raki-puteli l\u00f6yt\u00e4nyt tiet\u00e4\u00e4n matkatavaroihin.<\/p>\n<p>Sill\u00e4 aikaa kun me matkustelimme Suomeen, oli Jyrki mennyt Istanbulissa Hamamiin, eli paikalliseen kylpyl\u00e4\u00e4n&#8230; se j\u00e4i minulta viel\u00e4 kokematta. Ehk\u00e4 ensi kerralla.<\/p>\n<p>&nbsp;<\/p>\n<table>\n<tbody>\n<tr>\n<td><a href=\"http:\/\/www.remonen.fi\/WP\/wp-content\/uploads\/2014\/04\/Istanbul-1-2.jpg\"><img loading=\"lazy\" decoding=\"async\" class=\"alignnone wp-image-3989 size-thumbnail\" title=\"Aperture: &#402;\/11 | Camera: NEX-6 | Taken: 19 huhtikuun, 2014 | Copyright: (c) Matti Remonen | Exposure bias: +7\/10EV | Flash fired: no | Focal length: 24mm | ISO: 100 | Shutter speed: 1\/80s | \" src=\"http:\/\/www.remonen.fi\/WP\/wp-content\/uploads\/2014\/04\/Istanbul-1-2-150x150.jpg\" alt=\"\" width=\"150\" height=\"150\" \/><\/a><\/td>\n<td><a href=\"http:\/\/www.remonen.fi\/WP\/wp-content\/uploads\/2014\/04\/Istanbul-61.jpg\"><img loading=\"lazy\" decoding=\"async\" class=\"alignnone wp-image-3980 size-thumbnail\" title=\"Taken: 23 huhtikuun, 2014 | Copyright: (c) Matti Remonen | \" src=\"http:\/\/www.remonen.fi\/WP\/wp-content\/uploads\/2014\/04\/Istanbul-61-150x150.jpg\" alt=\"\" width=\"150\" height=\"150\" srcset=\"https:\/\/www.remonen.fi\/WP\/wp-content\/uploads\/2014\/04\/Istanbul-61-150x150.jpg 150w, https:\/\/www.remonen.fi\/WP\/wp-content\/uploads\/2014\/04\/Istanbul-61-300x300.jpg 300w, https:\/\/www.remonen.fi\/WP\/wp-content\/uploads\/2014\/04\/Istanbul-61.jpg 800w\" sizes=\"(max-width: 150px) 100vw, 150px\" \/><\/a><\/td>\n<td><a href=\"http:\/\/www.remonen.fi\/WP\/wp-content\/uploads\/2014\/04\/Istanbul-29.jpg\"><img loading=\"lazy\" decoding=\"async\" class=\"alignnone wp-image-4012 size-thumbnail\" title=\"Aperture: &#402;\/5 | Camera: NEX-6 | Taken: 18 huhtikuun, 2014 | Copyright: (c) Matti Remonen | Exposure bias: +7\/10EV | Flash fired: no | Focal length: 24mm | ISO: 100 | Shutter speed: 1\/500s | \" src=\"http:\/\/www.remonen.fi\/WP\/wp-content\/uploads\/2014\/04\/Istanbul-29-150x150.jpg\" alt=\"\" width=\"150\" height=\"150\" \/><\/a><\/td>\n<td><a href=\"http:\/\/www.remonen.fi\/WP\/wp-content\/uploads\/2014\/04\/Istanbul-19.jpg\"><img loading=\"lazy\" decoding=\"async\" class=\"alignnone wp-image-4022 size-thumbnail\" title=\"Aperture: &#402;\/5.6 | Camera: NEX-6 | Taken: 18 huhtikuun, 2014 | Copyright: (c) Matti Remonen | Exposure bias: +7\/10EV | Flash fired: no | Focal length: 24mm | ISO: 100 | Shutter speed: 1\/320s | \" src=\"http:\/\/www.remonen.fi\/WP\/wp-content\/uploads\/2014\/04\/Istanbul-19-150x150.jpg\" alt=\"\" width=\"150\" height=\"150\" \/><\/a><\/td>\n<\/tr>\n<tr>\n<td><a href=\"http:\/\/www.remonen.fi\/WP\/wp-content\/uploads\/2014\/04\/Istanbul-16.jpg\"><img loading=\"lazy\" decoding=\"async\" class=\"alignnone wp-image-4025 size-thumbnail\" title=\"Aperture: &#402;\/6.3 | Camera: NEX-6 | Taken: 18 huhtikuun, 2014 | Copyright: (c) Matti Remonen | Exposure bias: +7\/10EV | Flash fired: no | Focal length: 24mm | ISO: 400 | Shutter speed: 1\/60s | \" src=\"http:\/\/www.remonen.fi\/WP\/wp-content\/uploads\/2014\/04\/Istanbul-16-150x150.jpg\" alt=\"\" width=\"150\" height=\"150\" \/><\/a><\/td>\n<td><a href=\"http:\/\/www.remonen.fi\/WP\/wp-content\/uploads\/2014\/04\/Istanbul-22.jpg\"><img loading=\"lazy\" decoding=\"async\" class=\"alignnone wp-image-4019 size-thumbnail\" title=\"Aperture: &#402;\/5.6 | Camera: NEX-6 | Taken: 18 huhtikuun, 2014 | Copyright: (c) Matti Remonen | Exposure bias: +7\/10EV | Flash fired: no | Focal length: 24mm | ISO: 100 | Shutter speed: 1\/400s | \" src=\"http:\/\/www.remonen.fi\/WP\/wp-content\/uploads\/2014\/04\/Istanbul-22-150x150.jpg\" alt=\"\" width=\"150\" height=\"150\" \/><\/a><\/td>\n<td><a href=\"http:\/\/www.remonen.fi\/WP\/wp-content\/uploads\/2014\/04\/Istanbul-27.jpg\"><img loading=\"lazy\" decoding=\"async\" class=\"alignnone wp-image-4014 size-thumbnail\" title=\"Aperture: &#402;\/1.8 | Camera: NEX-6 | Taken: 18 huhtikuun, 2014 | Copyright: (c) Matti Remonen | Exposure bias: +7\/10EV | Flash fired: no | Focal length: 24mm | ISO: 200 | Shutter speed: 1\/60s | \" src=\"http:\/\/www.remonen.fi\/WP\/wp-content\/uploads\/2014\/04\/Istanbul-27-150x150.jpg\" alt=\"\" width=\"150\" height=\"150\" \/><\/a><\/td>\n<td><a href=\"http:\/\/www.remonen.fi\/WP\/wp-content\/uploads\/2014\/04\/Istanbul-56.jpg\"><img loading=\"lazy\" decoding=\"async\" class=\"alignnone wp-image-3985 size-thumbnail\" title=\"Aperture: &#402;\/1.8 | Camera: NEX-6 | Taken: 20 huhtikuun, 2014 | Copyright: (c) Matti Remonen | Exposure bias: +7\/10EV | Flash fired: no | Focal length: 24mm | ISO: 100 | Shutter speed: 1\/125s | \" src=\"http:\/\/www.remonen.fi\/WP\/wp-content\/uploads\/2014\/04\/Istanbul-56-150x150.jpg\" alt=\"\" width=\"150\" height=\"150\" \/><\/a><\/td>\n<\/tr>\n<\/tbody>\n<\/table>\n<p>It\u00e4maan ihmeisiin tutustui NEX6 + SEL24f18 + SEL1018 + SEL1855 + SEL55210. P\u00e4\u00e4asiassa nokalla oli tuo mainio 24-millinen Zeissin lasi.<\/p>\n","protected":false},"excerpt":{"rendered":"<p>Koska P\u00e4\u00e4si\u00e4inen &#8211; tuo kristinuskon suurin juhla heti Joulun j\u00e4lkeen &#8211; oli tulossa, niin p\u00e4\u00e4timme l\u00e4hte\u00e4 juhlistamaan sit\u00e4 Istanbuliin. Onhan Turkki kuitenkin leimallisen Islamilainen valtio, joten mik\u00e4s sen parempi paikka viett\u00e4\u00e4 t\u00e4m\u00e4 kristillinen juhla. No, vakavasti ottaen, olen vieraillut Istanbulissa syyskuussa 2000 ty\u00f6matkalla. Silloin j\u00e4i yksi iltap\u00e4iv\u00e4 aikaa tutustua kaupungin n\u00e4ht\u00e4vyyksiin ja ihan kaikkea ei [&hellip;]<\/p>\n","protected":false},"author":2,"featured_media":3992,"comment_status":"open","ping_status":"closed","sticky":false,"template":"","format":"standard","meta":{"footnotes":""},"categories":[16],"tags":[175],"yoast_head":"<!-- This site is optimized with the Yoast SEO plugin v24.5 - https:\/\/yoast.com\/wordpress\/plugins\/seo\/ -->\n<title>Ja menn\u00e4\u00e4s nyt Aasiaan - gREat MOments NEver forgotteN<\/title>\n<meta name=\"description\" content=\"Koska P\u00e4\u00e4si\u00e4inen - tuo kristinuskon suurin juhla heti Joulun j\u00e4lkeen - oli tulossa, niin p\u00e4\u00e4timme l\u00e4hte\u00e4 juhlistamaan sit\u00e4 Istanbuliin.\" \/>\n<meta name=\"robots\" content=\"index, follow, max-snippet:-1, max-image-preview:large, max-video-preview:-1\" \/>\n<link rel=\"canonical\" href=\"https:\/\/www.remonen.fi\/WP\/blogi\/ja-mennaas-nyt-aasiaan\/\" \/>\n<meta property=\"og:locale\" content=\"fi_FI\" \/>\n<meta property=\"og:type\" content=\"article\" \/>\n<meta property=\"og:title\" content=\"Ja menn\u00e4\u00e4s nyt Aasiaan - gREat MOments NEver forgotteN\" \/>\n<meta property=\"og:description\" content=\"Koska P\u00e4\u00e4si\u00e4inen - tuo kristinuskon suurin juhla heti Joulun j\u00e4lkeen - oli tulossa, niin p\u00e4\u00e4timme l\u00e4hte\u00e4 juhlistamaan sit\u00e4 Istanbuliin.\" \/>\n<meta property=\"og:url\" content=\"https:\/\/www.remonen.fi\/WP\/blogi\/ja-mennaas-nyt-aasiaan\/\" \/>\n<meta property=\"og:site_name\" content=\"remonen.fi\" \/>\n<meta property=\"article:published_time\" content=\"2014-04-25T13:35:23+00:00\" \/>\n<meta property=\"og:image\" content=\"https:\/\/www.remonen.fi\/WP\/wp-content\/uploads\/2014\/04\/Istanbul-49.jpg\" \/>\n\t<meta property=\"og:image:width\" content=\"800\" \/>\n\t<meta property=\"og:image:height\" content=\"296\" \/>\n\t<meta property=\"og:image:type\" content=\"image\/jpeg\" \/>\n<meta name=\"author\" content=\"Matti Remonen\" \/>\n<meta name=\"twitter:label1\" content=\"Kirjoittanut\" \/>\n\t<meta name=\"twitter:data1\" content=\"Matti Remonen\" \/>\n\t<meta name=\"twitter:label2\" content=\"Arvioitu lukuaika\" \/>\n\t<meta name=\"twitter:data2\" content=\"11 minuuttia\" \/>\n<script type=\"application\/ld+json\" class=\"yoast-schema-graph\">{\"@context\":\"https:\/\/schema.org\",\"@graph\":[{\"@type\":\"Article\",\"@id\":\"https:\/\/www.remonen.fi\/WP\/blogi\/ja-mennaas-nyt-aasiaan\/#article\",\"isPartOf\":{\"@id\":\"https:\/\/www.remonen.fi\/WP\/blogi\/ja-mennaas-nyt-aasiaan\/\"},\"author\":{\"name\":\"Matti Remonen\",\"@id\":\"https:\/\/www.remonen.fi\/WP\/#\/schema\/person\/1803c23d1d4f6722054eb2ac7f7a97cd\"},\"headline\":\"Ja menn\u00e4\u00e4s nyt Aasiaan\",\"datePublished\":\"2014-04-25T13:35:23+00:00\",\"mainEntityOfPage\":{\"@id\":\"https:\/\/www.remonen.fi\/WP\/blogi\/ja-mennaas-nyt-aasiaan\/\"},\"wordCount\":2284,\"commentCount\":0,\"publisher\":{\"@id\":\"https:\/\/www.remonen.fi\/WP\/#\/schema\/person\/1803c23d1d4f6722054eb2ac7f7a97cd\"},\"image\":{\"@id\":\"https:\/\/www.remonen.fi\/WP\/blogi\/ja-mennaas-nyt-aasiaan\/#primaryimage\"},\"thumbnailUrl\":\"https:\/\/www.remonen.fi\/WP\/wp-content\/uploads\/2014\/04\/Istanbul-49.jpg\",\"keywords\":[\"Istanbul\"],\"articleSection\":[\"Blog\"],\"inLanguage\":\"fi\",\"potentialAction\":[{\"@type\":\"CommentAction\",\"name\":\"Comment\",\"target\":[\"https:\/\/www.remonen.fi\/WP\/blogi\/ja-mennaas-nyt-aasiaan\/#respond\"]}]},{\"@type\":\"WebPage\",\"@id\":\"https:\/\/www.remonen.fi\/WP\/blogi\/ja-mennaas-nyt-aasiaan\/\",\"url\":\"https:\/\/www.remonen.fi\/WP\/blogi\/ja-mennaas-nyt-aasiaan\/\",\"name\":\"Ja menn\u00e4\u00e4s nyt Aasiaan - gREat MOments NEver forgotteN\",\"isPartOf\":{\"@id\":\"https:\/\/www.remonen.fi\/WP\/#website\"},\"primaryImageOfPage\":{\"@id\":\"https:\/\/www.remonen.fi\/WP\/blogi\/ja-mennaas-nyt-aasiaan\/#primaryimage\"},\"image\":{\"@id\":\"https:\/\/www.remonen.fi\/WP\/blogi\/ja-mennaas-nyt-aasiaan\/#primaryimage\"},\"thumbnailUrl\":\"https:\/\/www.remonen.fi\/WP\/wp-content\/uploads\/2014\/04\/Istanbul-49.jpg\",\"datePublished\":\"2014-04-25T13:35:23+00:00\",\"description\":\"Koska P\u00e4\u00e4si\u00e4inen - tuo kristinuskon suurin juhla heti Joulun j\u00e4lkeen - oli tulossa, niin p\u00e4\u00e4timme l\u00e4hte\u00e4 juhlistamaan sit\u00e4 Istanbuliin.\",\"breadcrumb\":{\"@id\":\"https:\/\/www.remonen.fi\/WP\/blogi\/ja-mennaas-nyt-aasiaan\/#breadcrumb\"},\"inLanguage\":\"fi\",\"potentialAction\":[{\"@type\":\"ReadAction\",\"target\":[\"https:\/\/www.remonen.fi\/WP\/blogi\/ja-mennaas-nyt-aasiaan\/\"]}]},{\"@type\":\"ImageObject\",\"inLanguage\":\"fi\",\"@id\":\"https:\/\/www.remonen.fi\/WP\/blogi\/ja-mennaas-nyt-aasiaan\/#primaryimage\",\"url\":\"https:\/\/www.remonen.fi\/WP\/wp-content\/uploads\/2014\/04\/Istanbul-49.jpg\",\"contentUrl\":\"https:\/\/www.remonen.fi\/WP\/wp-content\/uploads\/2014\/04\/Istanbul-49.jpg\",\"width\":800,\"height\":296},{\"@type\":\"BreadcrumbList\",\"@id\":\"https:\/\/www.remonen.fi\/WP\/blogi\/ja-mennaas-nyt-aasiaan\/#breadcrumb\",\"itemListElement\":[{\"@type\":\"ListItem\",\"position\":1,\"name\":\"Etusivu\",\"item\":\"https:\/\/www.remonen.fi\/WP\/\"},{\"@type\":\"ListItem\",\"position\":2,\"name\":\"Ja menn\u00e4\u00e4s nyt Aasiaan\"}]},{\"@type\":\"WebSite\",\"@id\":\"https:\/\/www.remonen.fi\/WP\/#website\",\"url\":\"https:\/\/www.remonen.fi\/WP\/\",\"name\":\"remonen.fi\",\"description\":\"Valokuvia ja tarinaa laidasta laitaan\",\"publisher\":{\"@id\":\"https:\/\/www.remonen.fi\/WP\/#\/schema\/person\/1803c23d1d4f6722054eb2ac7f7a97cd\"},\"potentialAction\":[{\"@type\":\"SearchAction\",\"target\":{\"@type\":\"EntryPoint\",\"urlTemplate\":\"https:\/\/www.remonen.fi\/WP\/?s={search_term_string}\"},\"query-input\":{\"@type\":\"PropertyValueSpecification\",\"valueRequired\":true,\"valueName\":\"search_term_string\"}}],\"inLanguage\":\"fi\"},{\"@type\":[\"Person\",\"Organization\"],\"@id\":\"https:\/\/www.remonen.fi\/WP\/#\/schema\/person\/1803c23d1d4f6722054eb2ac7f7a97cd\",\"name\":\"Matti Remonen\",\"logo\":{\"@id\":\"https:\/\/www.remonen.fi\/WP\/#\/schema\/person\/image\/\"},\"url\":\"https:\/\/www.remonen.fi\/WP\/blogi\/author\/mre\/\"}]}<\/script>\n<!-- \/ Yoast SEO plugin. -->","yoast_head_json":{"title":"Ja menn\u00e4\u00e4s nyt Aasiaan - gREat MOments NEver forgotteN","description":"Koska P\u00e4\u00e4si\u00e4inen - tuo kristinuskon suurin juhla heti Joulun j\u00e4lkeen - oli tulossa, niin p\u00e4\u00e4timme l\u00e4hte\u00e4 juhlistamaan sit\u00e4 Istanbuliin.","robots":{"index":"index","follow":"follow","max-snippet":"max-snippet:-1","max-image-preview":"max-image-preview:large","max-video-preview":"max-video-preview:-1"},"canonical":"https:\/\/www.remonen.fi\/WP\/blogi\/ja-mennaas-nyt-aasiaan\/","og_locale":"fi_FI","og_type":"article","og_title":"Ja menn\u00e4\u00e4s nyt Aasiaan - gREat MOments NEver forgotteN","og_description":"Koska P\u00e4\u00e4si\u00e4inen - tuo kristinuskon suurin juhla heti Joulun j\u00e4lkeen - oli tulossa, niin p\u00e4\u00e4timme l\u00e4hte\u00e4 juhlistamaan sit\u00e4 Istanbuliin.","og_url":"https:\/\/www.remonen.fi\/WP\/blogi\/ja-mennaas-nyt-aasiaan\/","og_site_name":"remonen.fi","article_published_time":"2014-04-25T13:35:23+00:00","og_image":[{"width":800,"height":296,"url":"https:\/\/www.remonen.fi\/WP\/wp-content\/uploads\/2014\/04\/Istanbul-49.jpg","type":"image\/jpeg"}],"author":"Matti Remonen","twitter_misc":{"Kirjoittanut":"Matti Remonen","Arvioitu lukuaika":"11 minuuttia"},"schema":{"@context":"https:\/\/schema.org","@graph":[{"@type":"Article","@id":"https:\/\/www.remonen.fi\/WP\/blogi\/ja-mennaas-nyt-aasiaan\/#article","isPartOf":{"@id":"https:\/\/www.remonen.fi\/WP\/blogi\/ja-mennaas-nyt-aasiaan\/"},"author":{"name":"Matti Remonen","@id":"https:\/\/www.remonen.fi\/WP\/#\/schema\/person\/1803c23d1d4f6722054eb2ac7f7a97cd"},"headline":"Ja menn\u00e4\u00e4s nyt Aasiaan","datePublished":"2014-04-25T13:35:23+00:00","mainEntityOfPage":{"@id":"https:\/\/www.remonen.fi\/WP\/blogi\/ja-mennaas-nyt-aasiaan\/"},"wordCount":2284,"commentCount":0,"publisher":{"@id":"https:\/\/www.remonen.fi\/WP\/#\/schema\/person\/1803c23d1d4f6722054eb2ac7f7a97cd"},"image":{"@id":"https:\/\/www.remonen.fi\/WP\/blogi\/ja-mennaas-nyt-aasiaan\/#primaryimage"},"thumbnailUrl":"https:\/\/www.remonen.fi\/WP\/wp-content\/uploads\/2014\/04\/Istanbul-49.jpg","keywords":["Istanbul"],"articleSection":["Blog"],"inLanguage":"fi","potentialAction":[{"@type":"CommentAction","name":"Comment","target":["https:\/\/www.remonen.fi\/WP\/blogi\/ja-mennaas-nyt-aasiaan\/#respond"]}]},{"@type":"WebPage","@id":"https:\/\/www.remonen.fi\/WP\/blogi\/ja-mennaas-nyt-aasiaan\/","url":"https:\/\/www.remonen.fi\/WP\/blogi\/ja-mennaas-nyt-aasiaan\/","name":"Ja menn\u00e4\u00e4s nyt Aasiaan - gREat MOments NEver forgotteN","isPartOf":{"@id":"https:\/\/www.remonen.fi\/WP\/#website"},"primaryImageOfPage":{"@id":"https:\/\/www.remonen.fi\/WP\/blogi\/ja-mennaas-nyt-aasiaan\/#primaryimage"},"image":{"@id":"https:\/\/www.remonen.fi\/WP\/blogi\/ja-mennaas-nyt-aasiaan\/#primaryimage"},"thumbnailUrl":"https:\/\/www.remonen.fi\/WP\/wp-content\/uploads\/2014\/04\/Istanbul-49.jpg","datePublished":"2014-04-25T13:35:23+00:00","description":"Koska P\u00e4\u00e4si\u00e4inen - tuo kristinuskon suurin juhla heti Joulun j\u00e4lkeen - oli tulossa, niin p\u00e4\u00e4timme l\u00e4hte\u00e4 juhlistamaan sit\u00e4 Istanbuliin.","breadcrumb":{"@id":"https:\/\/www.remonen.fi\/WP\/blogi\/ja-mennaas-nyt-aasiaan\/#breadcrumb"},"inLanguage":"fi","potentialAction":[{"@type":"ReadAction","target":["https:\/\/www.remonen.fi\/WP\/blogi\/ja-mennaas-nyt-aasiaan\/"]}]},{"@type":"ImageObject","inLanguage":"fi","@id":"https:\/\/www.remonen.fi\/WP\/blogi\/ja-mennaas-nyt-aasiaan\/#primaryimage","url":"https:\/\/www.remonen.fi\/WP\/wp-content\/uploads\/2014\/04\/Istanbul-49.jpg","contentUrl":"https:\/\/www.remonen.fi\/WP\/wp-content\/uploads\/2014\/04\/Istanbul-49.jpg","width":800,"height":296},{"@type":"BreadcrumbList","@id":"https:\/\/www.remonen.fi\/WP\/blogi\/ja-mennaas-nyt-aasiaan\/#breadcrumb","itemListElement":[{"@type":"ListItem","position":1,"name":"Etusivu","item":"https:\/\/www.remonen.fi\/WP\/"},{"@type":"ListItem","position":2,"name":"Ja menn\u00e4\u00e4s nyt Aasiaan"}]},{"@type":"WebSite","@id":"https:\/\/www.remonen.fi\/WP\/#website","url":"https:\/\/www.remonen.fi\/WP\/","name":"remonen.fi","description":"Valokuvia ja tarinaa laidasta laitaan","publisher":{"@id":"https:\/\/www.remonen.fi\/WP\/#\/schema\/person\/1803c23d1d4f6722054eb2ac7f7a97cd"},"potentialAction":[{"@type":"SearchAction","target":{"@type":"EntryPoint","urlTemplate":"https:\/\/www.remonen.fi\/WP\/?s={search_term_string}"},"query-input":{"@type":"PropertyValueSpecification","valueRequired":true,"valueName":"search_term_string"}}],"inLanguage":"fi"},{"@type":["Person","Organization"],"@id":"https:\/\/www.remonen.fi\/WP\/#\/schema\/person\/1803c23d1d4f6722054eb2ac7f7a97cd","name":"Matti Remonen","logo":{"@id":"https:\/\/www.remonen.fi\/WP\/#\/schema\/person\/image\/"},"url":"https:\/\/www.remonen.fi\/WP\/blogi\/author\/mre\/"}]}},"_links":{"self":[{"href":"https:\/\/www.remonen.fi\/WP\/wp-json\/wp\/v2\/posts\/3971"}],"collection":[{"href":"https:\/\/www.remonen.fi\/WP\/wp-json\/wp\/v2\/posts"}],"about":[{"href":"https:\/\/www.remonen.fi\/WP\/wp-json\/wp\/v2\/types\/post"}],"author":[{"embeddable":true,"href":"https:\/\/www.remonen.fi\/WP\/wp-json\/wp\/v2\/users\/2"}],"replies":[{"embeddable":true,"href":"https:\/\/www.remonen.fi\/WP\/wp-json\/wp\/v2\/comments?post=3971"}],"version-history":[{"count":0,"href":"https:\/\/www.remonen.fi\/WP\/wp-json\/wp\/v2\/posts\/3971\/revisions"}],"wp:featuredmedia":[{"embeddable":true,"href":"https:\/\/www.remonen.fi\/WP\/wp-json\/wp\/v2\/media\/3992"}],"wp:attachment":[{"href":"https:\/\/www.remonen.fi\/WP\/wp-json\/wp\/v2\/media?parent=3971"}],"wp:term":[{"taxonomy":"category","embeddable":true,"href":"https:\/\/www.remonen.fi\/WP\/wp-json\/wp\/v2\/categories?post=3971"},{"taxonomy":"post_tag","embeddable":true,"href":"https:\/\/www.remonen.fi\/WP\/wp-json\/wp\/v2\/tags?post=3971"}],"curies":[{"name":"wp","href":"https:\/\/api.w.org\/{rel}","templated":true}]}}