{"id":4100,"date":"2014-05-02T20:45:28","date_gmt":"2014-05-02T17:45:28","guid":{"rendered":"http:\/\/www.remonen.fi\/?p=4100"},"modified":"2014-05-02T20:46:06","modified_gmt":"2014-05-02T17:46:06","slug":"kirsikat-pullasta","status":"publish","type":"post","link":"https:\/\/www.remonen.fi\/WP\/blogi\/kirsikat-pullasta\/","title":{"rendered":"Kirsikat pullasta"},"content":{"rendered":"<p><a href=\"http:\/\/www.remonen.fi\/WP\/wp-content\/uploads\/2014\/05\/Kirsikka-2014-1.jpg\"><img loading=\"lazy\" decoding=\"async\" class=\"aligncenter wp-image-4101\" title=\"Aperture: &#402;\/11 | Credit: Matti Remonen | Camera: NIKON D800E | Taken: 2 toukokuun, 2014 | Copyright: (c) Matti Remonen | Flash fired: no | Focal length: 200mm | ISO: 110 | Shutter speed: 1\/200s | \" src=\"http:\/\/www.remonen.fi\/WP\/wp-content\/uploads\/2014\/05\/Kirsikka-2014-1.jpg\" alt=\"\" width=\"600\" height=\"401\" srcset=\"https:\/\/www.remonen.fi\/WP\/wp-content\/uploads\/2014\/05\/Kirsikka-2014-1.jpg 800w, https:\/\/www.remonen.fi\/WP\/wp-content\/uploads\/2014\/05\/Kirsikka-2014-1-300x200.jpg 300w\" sizes=\"(max-width: 600px) 100vw, 600px\" \/><\/a><\/p>\n<div id=\"attachment_4107\" style=\"width: 210px\" class=\"wp-caption alignright\"><a href=\"http:\/\/www.remonen.fi\/WP\/wp-content\/uploads\/2014\/05\/Kirsikka-2014-1-2.jpg\"><img loading=\"lazy\" decoding=\"async\" aria-describedby=\"caption-attachment-4107\" class=\"wp-image-4107 size-medium\" title=\"Aperture: &#402;\/11 | Credit: Matti Remonen | Camera: NIKON D800E | Taken: 2 toukokuun, 2014 | Copyright: (c) Matti Remonen | Flash fired: no | Focal length: 200mm | ISO: 500 | Shutter speed: 1\/200s | \" src=\"http:\/\/www.remonen.fi\/WP\/wp-content\/uploads\/2014\/05\/Kirsikka-2014-1-2-200x300.jpg\" alt=\"\" width=\"200\" height=\"300\" srcset=\"https:\/\/www.remonen.fi\/WP\/wp-content\/uploads\/2014\/05\/Kirsikka-2014-1-2-200x300.jpg 200w, https:\/\/www.remonen.fi\/WP\/wp-content\/uploads\/2014\/05\/Kirsikka-2014-1-2.jpg 534w\" sizes=\"(max-width: 200px) 100vw, 200px\" \/><\/a><p id=\"caption-attachment-4107\" class=\"wp-caption-text\">Orava nimelt\u00e4 Kirsikka<\/p><\/div>\n<p style=\"text-align: left;\">Vai oliko ne rusinat, jotka sielt\u00e4 pullasta piti tonkia? Oli miten oli ja vaikkei olisi ollutkaan, niin kirsikkapuut alkavat pikkuhiljaa valmistautua vuoden huipputapahtumaan. <a title=\"Roihuvuoren hamami-juhla\" href=\"http:\/\/www.roihuvuori.fi\/hanami\/\" target=\"_blank\">Roihuvuoren perinteinen hamami-juhlakin<\/a> on t\u00e4n\u00e4 vuonna 18.5., joten p\u00e4\u00e4tin menn\u00e4 katsomaan mill\u00e4 tolalla kukinnot ovat. Olin t\u00e4ll\u00e4 kertaa muutaman p\u00e4iv\u00e4n etuajassa, kuten niin monta kertaa aiemminkin. Ja yleens\u00e4 t\u00e4h\u00e4n jatkona seuraava k\u00e4ynti sitten sattuu aikaan, kun olen sen ratkaisevat pari p\u00e4iv\u00e4\u00e4 my\u00f6h\u00e4ss\u00e4.<\/p>\n<p>Puut olivat aivan t\u00e4ynn\u00e4 nuppuja, vain yhdess\u00e4 puussa oli noin viisi auennutta kukkaa, jotka sitten p\u00e4\u00e4tyiv\u00e4t minulle malleiksi. Mukaan olin ottanut melko rajusti kamerakalustoa silt\u00e4 varalta, ett\u00e4 kukkaloisto olisi ollut parhaimmillaan, mutta kun tuo oli mit\u00e4 oli, niin tyydyin r\u00e4psim\u00e4\u00e4n uskollisella 200-millisell\u00e4 makro-objektiivilla.<\/p>\n<p><a href=\"http:\/\/www.remonen.fi\/WP\/wp-content\/uploads\/2014\/05\/Kirsikka-2014-4.jpg\"><img loading=\"lazy\" decoding=\"async\" class=\"aligncenter wp-image-4103\" title=\"Aperture: &#402;\/8 | Camera: NEX-5N | Taken: 2 toukokuun, 2014 | Copyright: (c) Matti Remonen | Flash fired: no | Focal length: 210mm | ISO: 160 | Shutter speed: 1\/400s | \" src=\"http:\/\/www.remonen.fi\/WP\/wp-content\/uploads\/2014\/05\/Kirsikka-2014-4.jpg\" alt=\"\" width=\"600\" height=\"399\" srcset=\"https:\/\/www.remonen.fi\/WP\/wp-content\/uploads\/2014\/05\/Kirsikka-2014-4.jpg 800w, https:\/\/www.remonen.fi\/WP\/wp-content\/uploads\/2014\/05\/Kirsikka-2014-4-300x199.jpg 300w\" sizes=\"(max-width: 600px) 100vw, 600px\" \/><\/a><\/p>\n<p>Toisena kamerana mukana oli infrapunakonvertoitu NEX-5N, jolla sitten koitin ottaa IR-kuvia. Melko huonolla menestyksell\u00e4 tosin, kun tuossa kamerassa ei ole etsint\u00e4, vaan kuvaaminen tapahtuu &#8221;takatelkkarista&#8221;. Siin\u00e4 on se huono puoli, ett\u00e4 kirkkaassa auringonpaisteesta takat\u00f6ll\u00f6st\u00e4 ei n\u00e4e kuin oman naamansa. Ja se on jo niin n\u00e4hty. Eli kuvaaminen oli sellaista &#8221;sohotan tonnep\u00e4in ja ehk\u00e4 jotain j\u00e4\u00e4 kennolle&#8221;. Jotain sinne j\u00e4i, mutta Sonyn FDA-EV1S -etsin meni tilaukseen. Onneksi sain sellaisen myyty\u00e4 tuossa puolisen vuotta sitten, kun hankkiuduin omasta NEX-vitosesta eroon. Onneksi sen t\u00e4hden, kun tuo etsimen h\u00e4rp\u00e4ke on a) j\u00e4rjett\u00f6m\u00e4n kallis ja b) vaikea l\u00f6yt\u00e4\u00e4 mist\u00e4\u00e4n nettikaupasta. Ja viel\u00e4 kolmanneksi onneksi sitten sain kaivettua UK:sta jonkun random-nettikaupan, jossa oli sellainen k\u00e4ytetty yksil\u00f6 myynniss\u00e4. Mutta ei t\u00e4t\u00e4 hyv\u00e4ksi bisnekseksi voi sanoa. Tyhm\u00e4st\u00e4 p\u00e4\u00e4st\u00e4 k\u00e4rsii koko lompakko.<\/p>\n<table class=\" aligncenter\">\n<tbody>\n<tr>\n<td><a href=\"http:\/\/www.remonen.fi\/WP\/wp-content\/uploads\/2014\/05\/Kirsikka-2014-3.jpg\"><img loading=\"lazy\" decoding=\"async\" class=\"alignnone wp-image-4104 size-medium\" title=\"Aperture: &#402;\/8 | Camera: NEX-5N | Taken: 2 toukokuun, 2014 | Copyright: (c) Matti Remonen | Flash fired: no | Focal length: 210mm | ISO: 100 | Shutter speed: 1\/400s | \" src=\"http:\/\/www.remonen.fi\/WP\/wp-content\/uploads\/2014\/05\/Kirsikka-2014-3-300x199.jpg\" alt=\"\" width=\"300\" height=\"199\" srcset=\"https:\/\/www.remonen.fi\/WP\/wp-content\/uploads\/2014\/05\/Kirsikka-2014-3-300x199.jpg 300w, https:\/\/www.remonen.fi\/WP\/wp-content\/uploads\/2014\/05\/Kirsikka-2014-3.jpg 800w\" sizes=\"(max-width: 300px) 100vw, 300px\" \/><\/a><\/td>\n<td><a href=\"http:\/\/www.remonen.fi\/WP\/wp-content\/uploads\/2014\/05\/Kirsikka-2014-5.jpg\"><img loading=\"lazy\" decoding=\"async\" class=\"alignnone wp-image-4102 size-medium\" title=\"Aperture: &#402;\/8 | Camera: NEX-5N | Taken: 2 toukokuun, 2014 | Copyright: (c) Matti Remonen | Flash fired: no | Focal length: 210mm | ISO: 160 | Shutter speed: 1\/400s | \" src=\"http:\/\/www.remonen.fi\/WP\/wp-content\/uploads\/2014\/05\/Kirsikka-2014-5-300x199.jpg\" alt=\"\" width=\"300\" height=\"199\" srcset=\"https:\/\/www.remonen.fi\/WP\/wp-content\/uploads\/2014\/05\/Kirsikka-2014-5-300x199.jpg 300w, https:\/\/www.remonen.fi\/WP\/wp-content\/uploads\/2014\/05\/Kirsikka-2014-5.jpg 800w\" sizes=\"(max-width: 300px) 100vw, 300px\" \/><\/a><\/td>\n<\/tr>\n<\/tbody>\n<\/table>\n<p>Ja siis japanilaiseen puutarhaan tutustuivat D800E + AF Micro-Nikkor 200\/4D sek\u00e4 IR-konvertoitu NEX-5N + SEL55210. Hai!<\/p>\n","protected":false},"excerpt":{"rendered":"<p>Vai oliko ne rusinat, jotka sielt\u00e4 pullasta piti tonkia? Oli miten oli ja vaikkei olisi ollutkaan, niin kirsikkapuut alkavat pikkuhiljaa valmistautua vuoden huipputapahtumaan. Roihuvuoren perinteinen hamami-juhlakin on t\u00e4n\u00e4 vuonna 18.5., joten p\u00e4\u00e4tin menn\u00e4 katsomaan mill\u00e4 tolalla kukinnot ovat. Olin t\u00e4ll\u00e4 kertaa muutaman p\u00e4iv\u00e4n etuajassa, kuten niin monta kertaa aiemminkin. Ja yleens\u00e4 t\u00e4h\u00e4n jatkona seuraava k\u00e4ynti [&hellip;]<\/p>\n","protected":false},"author":2,"featured_media":4101,"comment_status":"open","ping_status":"closed","sticky":false,"template":"","format":"standard","meta":{"footnotes":""},"categories":[16],"tags":[176,149],"yoast_head":"<!-- This site is optimized with the Yoast SEO plugin v24.5 - https:\/\/yoast.com\/wordpress\/plugins\/seo\/ -->\n<title>Kirsikat pullasta - gREat MOments NEver forgotteN<\/title>\n<meta name=\"description\" content=\"Oli miten oli ja vaikkei olisi ollutkaan, niin kirsikkapuut alkavat pikkuhiljaa valmistautua vuoden huipputapahtumaan.\" \/>\n<meta name=\"robots\" content=\"index, follow, max-snippet:-1, max-image-preview:large, max-video-preview:-1\" \/>\n<link rel=\"canonical\" href=\"https:\/\/www.remonen.fi\/WP\/blogi\/kirsikat-pullasta\/\" \/>\n<meta property=\"og:locale\" content=\"fi_FI\" \/>\n<meta property=\"og:type\" content=\"article\" \/>\n<meta property=\"og:title\" content=\"Kirsikat pullasta - gREat MOments NEver forgotteN\" \/>\n<meta property=\"og:description\" content=\"Oli miten oli ja vaikkei olisi ollutkaan, niin kirsikkapuut alkavat pikkuhiljaa valmistautua vuoden huipputapahtumaan.\" \/>\n<meta property=\"og:url\" content=\"https:\/\/www.remonen.fi\/WP\/blogi\/kirsikat-pullasta\/\" \/>\n<meta property=\"og:site_name\" content=\"remonen.fi\" \/>\n<meta property=\"article:published_time\" content=\"2014-05-02T17:45:28+00:00\" \/>\n<meta property=\"article:modified_time\" content=\"2014-05-02T17:46:06+00:00\" \/>\n<meta property=\"og:image\" content=\"https:\/\/www.remonen.fi\/WP\/wp-content\/uploads\/2014\/05\/Kirsikka-2014-1.jpg\" \/>\n\t<meta property=\"og:image:width\" content=\"800\" \/>\n\t<meta property=\"og:image:height\" content=\"534\" \/>\n\t<meta property=\"og:image:type\" content=\"image\/jpeg\" \/>\n<meta name=\"author\" content=\"Matti Remonen\" \/>\n<meta name=\"twitter:label1\" content=\"Kirjoittanut\" \/>\n\t<meta name=\"twitter:data1\" content=\"Matti Remonen\" \/>\n\t<meta name=\"twitter:label2\" content=\"Arvioitu lukuaika\" \/>\n\t<meta name=\"twitter:data2\" content=\"1 minuutti\" \/>\n<script type=\"application\/ld+json\" class=\"yoast-schema-graph\">{\"@context\":\"https:\/\/schema.org\",\"@graph\":[{\"@type\":\"Article\",\"@id\":\"https:\/\/www.remonen.fi\/WP\/blogi\/kirsikat-pullasta\/#article\",\"isPartOf\":{\"@id\":\"https:\/\/www.remonen.fi\/WP\/blogi\/kirsikat-pullasta\/\"},\"author\":{\"name\":\"Matti Remonen\",\"@id\":\"https:\/\/www.remonen.fi\/WP\/#\/schema\/person\/1803c23d1d4f6722054eb2ac7f7a97cd\"},\"headline\":\"Kirsikat pullasta\",\"datePublished\":\"2014-05-02T17:45:28+00:00\",\"dateModified\":\"2014-05-02T17:46:06+00:00\",\"mainEntityOfPage\":{\"@id\":\"https:\/\/www.remonen.fi\/WP\/blogi\/kirsikat-pullasta\/\"},\"wordCount\":297,\"commentCount\":0,\"publisher\":{\"@id\":\"https:\/\/www.remonen.fi\/WP\/#\/schema\/person\/1803c23d1d4f6722054eb2ac7f7a97cd\"},\"image\":{\"@id\":\"https:\/\/www.remonen.fi\/WP\/blogi\/kirsikat-pullasta\/#primaryimage\"},\"thumbnailUrl\":\"https:\/\/www.remonen.fi\/WP\/wp-content\/uploads\/2014\/05\/Kirsikka-2014-1.jpg\",\"keywords\":[\"hamami-juhla\",\"Kirsikkapuu\"],\"articleSection\":[\"Blog\"],\"inLanguage\":\"fi\",\"potentialAction\":[{\"@type\":\"CommentAction\",\"name\":\"Comment\",\"target\":[\"https:\/\/www.remonen.fi\/WP\/blogi\/kirsikat-pullasta\/#respond\"]}]},{\"@type\":\"WebPage\",\"@id\":\"https:\/\/www.remonen.fi\/WP\/blogi\/kirsikat-pullasta\/\",\"url\":\"https:\/\/www.remonen.fi\/WP\/blogi\/kirsikat-pullasta\/\",\"name\":\"Kirsikat pullasta - gREat MOments NEver forgotteN\",\"isPartOf\":{\"@id\":\"https:\/\/www.remonen.fi\/WP\/#website\"},\"primaryImageOfPage\":{\"@id\":\"https:\/\/www.remonen.fi\/WP\/blogi\/kirsikat-pullasta\/#primaryimage\"},\"image\":{\"@id\":\"https:\/\/www.remonen.fi\/WP\/blogi\/kirsikat-pullasta\/#primaryimage\"},\"thumbnailUrl\":\"https:\/\/www.remonen.fi\/WP\/wp-content\/uploads\/2014\/05\/Kirsikka-2014-1.jpg\",\"datePublished\":\"2014-05-02T17:45:28+00:00\",\"dateModified\":\"2014-05-02T17:46:06+00:00\",\"description\":\"Oli miten oli ja vaikkei olisi ollutkaan, niin kirsikkapuut alkavat pikkuhiljaa valmistautua vuoden huipputapahtumaan.\",\"breadcrumb\":{\"@id\":\"https:\/\/www.remonen.fi\/WP\/blogi\/kirsikat-pullasta\/#breadcrumb\"},\"inLanguage\":\"fi\",\"potentialAction\":[{\"@type\":\"ReadAction\",\"target\":[\"https:\/\/www.remonen.fi\/WP\/blogi\/kirsikat-pullasta\/\"]}]},{\"@type\":\"ImageObject\",\"inLanguage\":\"fi\",\"@id\":\"https:\/\/www.remonen.fi\/WP\/blogi\/kirsikat-pullasta\/#primaryimage\",\"url\":\"https:\/\/www.remonen.fi\/WP\/wp-content\/uploads\/2014\/05\/Kirsikka-2014-1.jpg\",\"contentUrl\":\"https:\/\/www.remonen.fi\/WP\/wp-content\/uploads\/2014\/05\/Kirsikka-2014-1.jpg\",\"width\":800,\"height\":534,\"caption\":\"[exif id=\\\"4101\\\"]\"},{\"@type\":\"BreadcrumbList\",\"@id\":\"https:\/\/www.remonen.fi\/WP\/blogi\/kirsikat-pullasta\/#breadcrumb\",\"itemListElement\":[{\"@type\":\"ListItem\",\"position\":1,\"name\":\"Etusivu\",\"item\":\"https:\/\/www.remonen.fi\/WP\/\"},{\"@type\":\"ListItem\",\"position\":2,\"name\":\"Kirsikat pullasta\"}]},{\"@type\":\"WebSite\",\"@id\":\"https:\/\/www.remonen.fi\/WP\/#website\",\"url\":\"https:\/\/www.remonen.fi\/WP\/\",\"name\":\"remonen.fi\",\"description\":\"Valokuvia ja tarinaa laidasta laitaan\",\"publisher\":{\"@id\":\"https:\/\/www.remonen.fi\/WP\/#\/schema\/person\/1803c23d1d4f6722054eb2ac7f7a97cd\"},\"potentialAction\":[{\"@type\":\"SearchAction\",\"target\":{\"@type\":\"EntryPoint\",\"urlTemplate\":\"https:\/\/www.remonen.fi\/WP\/?s={search_term_string}\"},\"query-input\":{\"@type\":\"PropertyValueSpecification\",\"valueRequired\":true,\"valueName\":\"search_term_string\"}}],\"inLanguage\":\"fi\"},{\"@type\":[\"Person\",\"Organization\"],\"@id\":\"https:\/\/www.remonen.fi\/WP\/#\/schema\/person\/1803c23d1d4f6722054eb2ac7f7a97cd\",\"name\":\"Matti Remonen\",\"logo\":{\"@id\":\"https:\/\/www.remonen.fi\/WP\/#\/schema\/person\/image\/\"},\"url\":\"https:\/\/www.remonen.fi\/WP\/blogi\/author\/mre\/\"}]}<\/script>\n<!-- \/ Yoast SEO plugin. -->","yoast_head_json":{"title":"Kirsikat pullasta - gREat MOments NEver forgotteN","description":"Oli miten oli ja vaikkei olisi ollutkaan, niin kirsikkapuut alkavat pikkuhiljaa valmistautua vuoden huipputapahtumaan.","robots":{"index":"index","follow":"follow","max-snippet":"max-snippet:-1","max-image-preview":"max-image-preview:large","max-video-preview":"max-video-preview:-1"},"canonical":"https:\/\/www.remonen.fi\/WP\/blogi\/kirsikat-pullasta\/","og_locale":"fi_FI","og_type":"article","og_title":"Kirsikat pullasta - gREat MOments NEver forgotteN","og_description":"Oli miten oli ja vaikkei olisi ollutkaan, niin kirsikkapuut alkavat pikkuhiljaa valmistautua vuoden huipputapahtumaan.","og_url":"https:\/\/www.remonen.fi\/WP\/blogi\/kirsikat-pullasta\/","og_site_name":"remonen.fi","article_published_time":"2014-05-02T17:45:28+00:00","article_modified_time":"2014-05-02T17:46:06+00:00","og_image":[{"width":800,"height":534,"url":"https:\/\/www.remonen.fi\/WP\/wp-content\/uploads\/2014\/05\/Kirsikka-2014-1.jpg","type":"image\/jpeg"}],"author":"Matti Remonen","twitter_misc":{"Kirjoittanut":"Matti Remonen","Arvioitu lukuaika":"1 minuutti"},"schema":{"@context":"https:\/\/schema.org","@graph":[{"@type":"Article","@id":"https:\/\/www.remonen.fi\/WP\/blogi\/kirsikat-pullasta\/#article","isPartOf":{"@id":"https:\/\/www.remonen.fi\/WP\/blogi\/kirsikat-pullasta\/"},"author":{"name":"Matti Remonen","@id":"https:\/\/www.remonen.fi\/WP\/#\/schema\/person\/1803c23d1d4f6722054eb2ac7f7a97cd"},"headline":"Kirsikat pullasta","datePublished":"2014-05-02T17:45:28+00:00","dateModified":"2014-05-02T17:46:06+00:00","mainEntityOfPage":{"@id":"https:\/\/www.remonen.fi\/WP\/blogi\/kirsikat-pullasta\/"},"wordCount":297,"commentCount":0,"publisher":{"@id":"https:\/\/www.remonen.fi\/WP\/#\/schema\/person\/1803c23d1d4f6722054eb2ac7f7a97cd"},"image":{"@id":"https:\/\/www.remonen.fi\/WP\/blogi\/kirsikat-pullasta\/#primaryimage"},"thumbnailUrl":"https:\/\/www.remonen.fi\/WP\/wp-content\/uploads\/2014\/05\/Kirsikka-2014-1.jpg","keywords":["hamami-juhla","Kirsikkapuu"],"articleSection":["Blog"],"inLanguage":"fi","potentialAction":[{"@type":"CommentAction","name":"Comment","target":["https:\/\/www.remonen.fi\/WP\/blogi\/kirsikat-pullasta\/#respond"]}]},{"@type":"WebPage","@id":"https:\/\/www.remonen.fi\/WP\/blogi\/kirsikat-pullasta\/","url":"https:\/\/www.remonen.fi\/WP\/blogi\/kirsikat-pullasta\/","name":"Kirsikat pullasta - gREat MOments NEver forgotteN","isPartOf":{"@id":"https:\/\/www.remonen.fi\/WP\/#website"},"primaryImageOfPage":{"@id":"https:\/\/www.remonen.fi\/WP\/blogi\/kirsikat-pullasta\/#primaryimage"},"image":{"@id":"https:\/\/www.remonen.fi\/WP\/blogi\/kirsikat-pullasta\/#primaryimage"},"thumbnailUrl":"https:\/\/www.remonen.fi\/WP\/wp-content\/uploads\/2014\/05\/Kirsikka-2014-1.jpg","datePublished":"2014-05-02T17:45:28+00:00","dateModified":"2014-05-02T17:46:06+00:00","description":"Oli miten oli ja vaikkei olisi ollutkaan, niin kirsikkapuut alkavat pikkuhiljaa valmistautua vuoden huipputapahtumaan.","breadcrumb":{"@id":"https:\/\/www.remonen.fi\/WP\/blogi\/kirsikat-pullasta\/#breadcrumb"},"inLanguage":"fi","potentialAction":[{"@type":"ReadAction","target":["https:\/\/www.remonen.fi\/WP\/blogi\/kirsikat-pullasta\/"]}]},{"@type":"ImageObject","inLanguage":"fi","@id":"https:\/\/www.remonen.fi\/WP\/blogi\/kirsikat-pullasta\/#primaryimage","url":"https:\/\/www.remonen.fi\/WP\/wp-content\/uploads\/2014\/05\/Kirsikka-2014-1.jpg","contentUrl":"https:\/\/www.remonen.fi\/WP\/wp-content\/uploads\/2014\/05\/Kirsikka-2014-1.jpg","width":800,"height":534,"caption":"[exif id=\"4101\"]"},{"@type":"BreadcrumbList","@id":"https:\/\/www.remonen.fi\/WP\/blogi\/kirsikat-pullasta\/#breadcrumb","itemListElement":[{"@type":"ListItem","position":1,"name":"Etusivu","item":"https:\/\/www.remonen.fi\/WP\/"},{"@type":"ListItem","position":2,"name":"Kirsikat pullasta"}]},{"@type":"WebSite","@id":"https:\/\/www.remonen.fi\/WP\/#website","url":"https:\/\/www.remonen.fi\/WP\/","name":"remonen.fi","description":"Valokuvia ja tarinaa laidasta laitaan","publisher":{"@id":"https:\/\/www.remonen.fi\/WP\/#\/schema\/person\/1803c23d1d4f6722054eb2ac7f7a97cd"},"potentialAction":[{"@type":"SearchAction","target":{"@type":"EntryPoint","urlTemplate":"https:\/\/www.remonen.fi\/WP\/?s={search_term_string}"},"query-input":{"@type":"PropertyValueSpecification","valueRequired":true,"valueName":"search_term_string"}}],"inLanguage":"fi"},{"@type":["Person","Organization"],"@id":"https:\/\/www.remonen.fi\/WP\/#\/schema\/person\/1803c23d1d4f6722054eb2ac7f7a97cd","name":"Matti Remonen","logo":{"@id":"https:\/\/www.remonen.fi\/WP\/#\/schema\/person\/image\/"},"url":"https:\/\/www.remonen.fi\/WP\/blogi\/author\/mre\/"}]}},"_links":{"self":[{"href":"https:\/\/www.remonen.fi\/WP\/wp-json\/wp\/v2\/posts\/4100"}],"collection":[{"href":"https:\/\/www.remonen.fi\/WP\/wp-json\/wp\/v2\/posts"}],"about":[{"href":"https:\/\/www.remonen.fi\/WP\/wp-json\/wp\/v2\/types\/post"}],"author":[{"embeddable":true,"href":"https:\/\/www.remonen.fi\/WP\/wp-json\/wp\/v2\/users\/2"}],"replies":[{"embeddable":true,"href":"https:\/\/www.remonen.fi\/WP\/wp-json\/wp\/v2\/comments?post=4100"}],"version-history":[{"count":0,"href":"https:\/\/www.remonen.fi\/WP\/wp-json\/wp\/v2\/posts\/4100\/revisions"}],"wp:featuredmedia":[{"embeddable":true,"href":"https:\/\/www.remonen.fi\/WP\/wp-json\/wp\/v2\/media\/4101"}],"wp:attachment":[{"href":"https:\/\/www.remonen.fi\/WP\/wp-json\/wp\/v2\/media?parent=4100"}],"wp:term":[{"taxonomy":"category","embeddable":true,"href":"https:\/\/www.remonen.fi\/WP\/wp-json\/wp\/v2\/categories?post=4100"},{"taxonomy":"post_tag","embeddable":true,"href":"https:\/\/www.remonen.fi\/WP\/wp-json\/wp\/v2\/tags?post=4100"}],"curies":[{"name":"wp","href":"https:\/\/api.w.org\/{rel}","templated":true}]}}