{"id":4139,"date":"2014-05-04T13:20:26","date_gmt":"2014-05-04T10:20:26","guid":{"rendered":"http:\/\/www.remonen.fi\/?p=4139"},"modified":"2014-05-04T16:53:38","modified_gmt":"2014-05-04T13:53:38","slug":"minne_mennaa","status":"publish","type":"post","link":"https:\/\/www.remonen.fi\/WP\/blogi\/minne_mennaa\/","title":{"rendered":"Minne menn\u00e4\u00e4?"},"content":{"rendered":"<p><a href=\"http:\/\/www.remonen.fi\/WP\/wp-content\/uploads\/2014\/05\/malmi-tattarisuo-2.jpg\"><img loading=\"lazy\" decoding=\"async\" class=\"alignright wp-image-4125 size-medium\" title=\"Aperture: &#402;\/8 | Credit: Matti Remonen | Camera: NIKON D800E | Taken: 3 toukokuun, 2014 | Copyright: (c) Matti Remonen | Flash fired: no | Focal length: 62mm | ISO: 100 | Shutter speed: 1\/400s | \" src=\"http:\/\/www.remonen.fi\/WP\/wp-content\/uploads\/2014\/05\/malmi-tattarisuo-2-200x300.jpg\" alt=\"\" width=\"200\" height=\"300\" srcset=\"https:\/\/www.remonen.fi\/WP\/wp-content\/uploads\/2014\/05\/malmi-tattarisuo-2-200x300.jpg 200w, https:\/\/www.remonen.fi\/WP\/wp-content\/uploads\/2014\/05\/malmi-tattarisuo-2.jpg 534w\" sizes=\"(max-width: 200px) 100vw, 200px\" \/><\/a>Menn\u00e4\u00e4 jonnee&#8230; kuten kotkalaiset sanovat. No, t\u00e4ss\u00e4 ei ole tarkoitus pureutua <a title=\"Kotkan murre\" href=\"http:\/\/www.hilppakimpanpaa.fi\/kirjoitukset\/I002F26F0\" target=\"_blank\">Kotkan murteen etymologiaan<\/a> tai sen muihin kummallisuuksiin &#8211; kuten vaikka siihen, ett\u00e4 kotkalaiset eiv\u00e4t todellakaan sano &#8221;mie&#8221; vaan &#8221;mi\u00e4&#8221;. Vaan nyt lanseerataan suurin uudistus t\u00e4ll\u00e4 saitilla sitten kirjapainon keksimisen: kohdekortit \/ -selostukset.<\/p>\n<p>Ajatuksena on tehd\u00e4 jokaisesta (tai l\u00e4hes&#8230;) kuvauspaikasta m\u00e4\u00e4r\u00e4muotoinen kohdekortti, jossa kerrotaan mit\u00e4 kuvattaavaa paikassa on, kannattaako sinne menn\u00e4 ja jos, niin milloin. N\u00e4m\u00e4 ovat toki minun subjektiivisia arvioita ja mielipiteit\u00e4. Jollain toisella voi olla sitten toisenlainen n\u00e4kemys paikasta, mutta niin kauan kun minulla on t\u00e4m\u00e4n saitin p\u00e4\u00e4k\u00e4ytt\u00e4j\u00e4n tunnukset, menn\u00e4\u00e4n t\u00e4ll\u00e4. Demokratia on muutenkin yliarvostettua. Kysyk\u00e4\u00e4 vaikka Pu&#8230; Pushkinilta?<\/p>\n<p>Ideana t\u00e4ss\u00e4 on oman dementoitumisen piilottelu: n\u00e4in voin katsoa miss\u00e4 olen ollut ja mit\u00e4 kuvattavaa siell\u00e4 on\/olisi. V\u00e4lill\u00e4 p\u00e4\u00e4 on niin tyhj\u00e4, ett\u00e4 ideoita kannattaa ker\u00e4t\u00e4 vastaisen varalle. Ja ne hetket, kun p\u00e4\u00e4 on t\u00e4ysi, eiv\u00e4t valokuvauskohteita kaipaa. Ja tosiaan, otan listalle my\u00f6s paikkoja joissa en ole viel\u00e4 k\u00e4ynyt. V\u00e4h\u00e4n niin kuin varmuuden vuoksi.<\/p>\n<p>Ensimm\u00e4isen\u00e4 sarjassa on<a title=\"Kohdekortti: Tullisaaren puisto\" href=\"http:\/\/www.remonen.fi\/paikat\/kohdekortti-tullisaaren-puisto\/\"> Tullisaaren puisto<\/a>. En aio ihan kaikkia kohdekortteja julkaista t\u00e4h\u00e4n blogiputkeen sellaisenaan ja julkaisuajankohdan mukaan ryhmiteltyn\u00e4, vaan osa upotetaan vanhempien postauksien joukkoon, jotteivat normaaliblogaukset huku noiden joukkoon ihan tykk\u00e4n\u00e4\u00e4n. Julkaistut kohdekortit saa pelk\u00e4st\u00e4\u00e4n n\u00e4kyville valitsemalla blogilistaussivun oikeasta reunasta &#8221;Blogaukset ja Paikat&#8221;-listasta&#8230; zadam: &#8221;paikat&#8221;. Siis <a title=\"Paikat\" href=\"http:\/\/www.remonen.fi\/category\/paikat\/\">n\u00e4in<\/a>.<\/p>\n","protected":false},"excerpt":{"rendered":"<p>Menn\u00e4\u00e4 jonnee&#8230; kuten kotkalaiset sanovat. No, t\u00e4ss\u00e4 ei ole tarkoitus pureutua Kotkan murteen etymologiaan tai sen muihin kummallisuuksiin &#8211; kuten vaikka siihen, ett\u00e4 kotkalaiset eiv\u00e4t todellakaan sano &#8221;mie&#8221; vaan &#8221;mi\u00e4&#8221;. Vaan nyt lanseerataan suurin uudistus t\u00e4ll\u00e4 saitilla sitten kirjapainon keksimisen: kohdekortit \/ -selostukset. Ajatuksena on tehd\u00e4 jokaisesta (tai l\u00e4hes&#8230;) kuvauspaikasta m\u00e4\u00e4r\u00e4muotoinen kohdekortti, jossa kerrotaan mit\u00e4 [&hellip;]<\/p>\n","protected":false},"author":2,"featured_media":3191,"comment_status":"open","ping_status":"closed","sticky":false,"template":"","format":"standard","meta":{"footnotes":""},"categories":[16],"tags":[179,178],"yoast_head":"<!-- This site is optimized with the Yoast SEO plugin v24.5 - https:\/\/yoast.com\/wordpress\/plugins\/seo\/ -->\n<title>Minne menn\u00e4\u00e4? - gREat MOments NEver forgotteN<\/title>\n<meta name=\"robots\" content=\"index, follow, max-snippet:-1, max-image-preview:large, max-video-preview:-1\" \/>\n<link rel=\"canonical\" href=\"https:\/\/www.remonen.fi\/WP\/blogi\/minne_mennaa\/\" \/>\n<meta property=\"og:locale\" content=\"fi_FI\" \/>\n<meta property=\"og:type\" content=\"article\" \/>\n<meta property=\"og:title\" content=\"Minne menn\u00e4\u00e4? - gREat MOments NEver forgotteN\" \/>\n<meta property=\"og:description\" content=\"Menn\u00e4\u00e4 jonnee&#8230; kuten kotkalaiset sanovat. No, t\u00e4ss\u00e4 ei ole tarkoitus pureutua Kotkan murteen etymologiaan tai sen muihin kummallisuuksiin &#8211; kuten vaikka siihen, ett\u00e4 kotkalaiset eiv\u00e4t todellakaan sano &#8221;mie&#8221; vaan &#8221;mi\u00e4&#8221;. Vaan nyt lanseerataan suurin uudistus t\u00e4ll\u00e4 saitilla sitten kirjapainon keksimisen: kohdekortit \/ -selostukset. Ajatuksena on tehd\u00e4 jokaisesta (tai l\u00e4hes&#8230;) kuvauspaikasta m\u00e4\u00e4r\u00e4muotoinen kohdekortti, jossa kerrotaan mit\u00e4 [&hellip;]\" \/>\n<meta property=\"og:url\" content=\"https:\/\/www.remonen.fi\/WP\/blogi\/minne_mennaa\/\" \/>\n<meta property=\"og:site_name\" content=\"remonen.fi\" \/>\n<meta property=\"article:published_time\" content=\"2014-05-04T10:20:26+00:00\" \/>\n<meta property=\"article:modified_time\" content=\"2014-05-04T13:53:38+00:00\" \/>\n<meta property=\"og:image\" content=\"https:\/\/www.remonen.fi\/WP\/wp-content\/uploads\/2013\/11\/\u00d6lys\u00e4ili\u00f6_Revisited-13.jpg\" \/>\n\t<meta property=\"og:image:width\" content=\"800\" \/>\n\t<meta property=\"og:image:height\" content=\"534\" \/>\n\t<meta property=\"og:image:type\" content=\"image\/jpeg\" \/>\n<meta name=\"author\" content=\"Matti Remonen\" \/>\n<meta name=\"twitter:label1\" content=\"Kirjoittanut\" \/>\n\t<meta name=\"twitter:data1\" content=\"Matti Remonen\" \/>\n\t<meta name=\"twitter:label2\" content=\"Arvioitu lukuaika\" \/>\n\t<meta name=\"twitter:data2\" content=\"1 minuutti\" \/>\n<script type=\"application\/ld+json\" class=\"yoast-schema-graph\">{\"@context\":\"https:\/\/schema.org\",\"@graph\":[{\"@type\":\"Article\",\"@id\":\"https:\/\/www.remonen.fi\/WP\/blogi\/minne_mennaa\/#article\",\"isPartOf\":{\"@id\":\"https:\/\/www.remonen.fi\/WP\/blogi\/minne_mennaa\/\"},\"author\":{\"name\":\"Matti Remonen\",\"@id\":\"https:\/\/www.remonen.fi\/WP\/#\/schema\/person\/1803c23d1d4f6722054eb2ac7f7a97cd\"},\"headline\":\"Minne menn\u00e4\u00e4?\",\"datePublished\":\"2014-05-04T10:20:26+00:00\",\"dateModified\":\"2014-05-04T13:53:38+00:00\",\"mainEntityOfPage\":{\"@id\":\"https:\/\/www.remonen.fi\/WP\/blogi\/minne_mennaa\/\"},\"wordCount\":240,\"commentCount\":2,\"publisher\":{\"@id\":\"https:\/\/www.remonen.fi\/WP\/#\/schema\/person\/1803c23d1d4f6722054eb2ac7f7a97cd\"},\"image\":{\"@id\":\"https:\/\/www.remonen.fi\/WP\/blogi\/minne_mennaa\/#primaryimage\"},\"thumbnailUrl\":\"https:\/\/www.remonen.fi\/WP\/wp-content\/uploads\/2013\/11\/\u00d6lys\u00e4ili\u00f6_Revisited-13.jpg\",\"keywords\":[\"Kuvauspaikat\",\"Valokuvaus\"],\"articleSection\":[\"Blog\"],\"inLanguage\":\"fi\",\"potentialAction\":[{\"@type\":\"CommentAction\",\"name\":\"Comment\",\"target\":[\"https:\/\/www.remonen.fi\/WP\/blogi\/minne_mennaa\/#respond\"]}]},{\"@type\":\"WebPage\",\"@id\":\"https:\/\/www.remonen.fi\/WP\/blogi\/minne_mennaa\/\",\"url\":\"https:\/\/www.remonen.fi\/WP\/blogi\/minne_mennaa\/\",\"name\":\"Minne menn\u00e4\u00e4? - gREat MOments NEver forgotteN\",\"isPartOf\":{\"@id\":\"https:\/\/www.remonen.fi\/WP\/#website\"},\"primaryImageOfPage\":{\"@id\":\"https:\/\/www.remonen.fi\/WP\/blogi\/minne_mennaa\/#primaryimage\"},\"image\":{\"@id\":\"https:\/\/www.remonen.fi\/WP\/blogi\/minne_mennaa\/#primaryimage\"},\"thumbnailUrl\":\"https:\/\/www.remonen.fi\/WP\/wp-content\/uploads\/2013\/11\/\u00d6lys\u00e4ili\u00f6_Revisited-13.jpg\",\"datePublished\":\"2014-05-04T10:20:26+00:00\",\"dateModified\":\"2014-05-04T13:53:38+00:00\",\"breadcrumb\":{\"@id\":\"https:\/\/www.remonen.fi\/WP\/blogi\/minne_mennaa\/#breadcrumb\"},\"inLanguage\":\"fi\",\"potentialAction\":[{\"@type\":\"ReadAction\",\"target\":[\"https:\/\/www.remonen.fi\/WP\/blogi\/minne_mennaa\/\"]}]},{\"@type\":\"ImageObject\",\"inLanguage\":\"fi\",\"@id\":\"https:\/\/www.remonen.fi\/WP\/blogi\/minne_mennaa\/#primaryimage\",\"url\":\"https:\/\/www.remonen.fi\/WP\/wp-content\/uploads\/2013\/11\/\u00d6lys\u00e4ili\u00f6_Revisited-13.jpg\",\"contentUrl\":\"https:\/\/www.remonen.fi\/WP\/wp-content\/uploads\/2013\/11\/\u00d6lys\u00e4ili\u00f6_Revisited-13.jpg\",\"width\":800,\"height\":534},{\"@type\":\"BreadcrumbList\",\"@id\":\"https:\/\/www.remonen.fi\/WP\/blogi\/minne_mennaa\/#breadcrumb\",\"itemListElement\":[{\"@type\":\"ListItem\",\"position\":1,\"name\":\"Etusivu\",\"item\":\"https:\/\/www.remonen.fi\/WP\/\"},{\"@type\":\"ListItem\",\"position\":2,\"name\":\"Minne menn\u00e4\u00e4?\"}]},{\"@type\":\"WebSite\",\"@id\":\"https:\/\/www.remonen.fi\/WP\/#website\",\"url\":\"https:\/\/www.remonen.fi\/WP\/\",\"name\":\"remonen.fi\",\"description\":\"Valokuvia ja tarinaa laidasta laitaan\",\"publisher\":{\"@id\":\"https:\/\/www.remonen.fi\/WP\/#\/schema\/person\/1803c23d1d4f6722054eb2ac7f7a97cd\"},\"potentialAction\":[{\"@type\":\"SearchAction\",\"target\":{\"@type\":\"EntryPoint\",\"urlTemplate\":\"https:\/\/www.remonen.fi\/WP\/?s={search_term_string}\"},\"query-input\":{\"@type\":\"PropertyValueSpecification\",\"valueRequired\":true,\"valueName\":\"search_term_string\"}}],\"inLanguage\":\"fi\"},{\"@type\":[\"Person\",\"Organization\"],\"@id\":\"https:\/\/www.remonen.fi\/WP\/#\/schema\/person\/1803c23d1d4f6722054eb2ac7f7a97cd\",\"name\":\"Matti Remonen\",\"logo\":{\"@id\":\"https:\/\/www.remonen.fi\/WP\/#\/schema\/person\/image\/\"},\"url\":\"https:\/\/www.remonen.fi\/WP\/blogi\/author\/mre\/\"}]}<\/script>\n<!-- \/ Yoast SEO plugin. -->","yoast_head_json":{"title":"Minne menn\u00e4\u00e4? - gREat MOments NEver forgotteN","robots":{"index":"index","follow":"follow","max-snippet":"max-snippet:-1","max-image-preview":"max-image-preview:large","max-video-preview":"max-video-preview:-1"},"canonical":"https:\/\/www.remonen.fi\/WP\/blogi\/minne_mennaa\/","og_locale":"fi_FI","og_type":"article","og_title":"Minne menn\u00e4\u00e4? - gREat MOments NEver forgotteN","og_description":"Menn\u00e4\u00e4 jonnee&#8230; kuten kotkalaiset sanovat. No, t\u00e4ss\u00e4 ei ole tarkoitus pureutua Kotkan murteen etymologiaan tai sen muihin kummallisuuksiin &#8211; kuten vaikka siihen, ett\u00e4 kotkalaiset eiv\u00e4t todellakaan sano &#8221;mie&#8221; vaan &#8221;mi\u00e4&#8221;. Vaan nyt lanseerataan suurin uudistus t\u00e4ll\u00e4 saitilla sitten kirjapainon keksimisen: kohdekortit \/ -selostukset. Ajatuksena on tehd\u00e4 jokaisesta (tai l\u00e4hes&#8230;) kuvauspaikasta m\u00e4\u00e4r\u00e4muotoinen kohdekortti, jossa kerrotaan mit\u00e4 [&hellip;]","og_url":"https:\/\/www.remonen.fi\/WP\/blogi\/minne_mennaa\/","og_site_name":"remonen.fi","article_published_time":"2014-05-04T10:20:26+00:00","article_modified_time":"2014-05-04T13:53:38+00:00","og_image":[{"width":800,"height":534,"url":"https:\/\/www.remonen.fi\/WP\/wp-content\/uploads\/2013\/11\/\u00d6lys\u00e4ili\u00f6_Revisited-13.jpg","type":"image\/jpeg"}],"author":"Matti Remonen","twitter_misc":{"Kirjoittanut":"Matti Remonen","Arvioitu lukuaika":"1 minuutti"},"schema":{"@context":"https:\/\/schema.org","@graph":[{"@type":"Article","@id":"https:\/\/www.remonen.fi\/WP\/blogi\/minne_mennaa\/#article","isPartOf":{"@id":"https:\/\/www.remonen.fi\/WP\/blogi\/minne_mennaa\/"},"author":{"name":"Matti Remonen","@id":"https:\/\/www.remonen.fi\/WP\/#\/schema\/person\/1803c23d1d4f6722054eb2ac7f7a97cd"},"headline":"Minne menn\u00e4\u00e4?","datePublished":"2014-05-04T10:20:26+00:00","dateModified":"2014-05-04T13:53:38+00:00","mainEntityOfPage":{"@id":"https:\/\/www.remonen.fi\/WP\/blogi\/minne_mennaa\/"},"wordCount":240,"commentCount":2,"publisher":{"@id":"https:\/\/www.remonen.fi\/WP\/#\/schema\/person\/1803c23d1d4f6722054eb2ac7f7a97cd"},"image":{"@id":"https:\/\/www.remonen.fi\/WP\/blogi\/minne_mennaa\/#primaryimage"},"thumbnailUrl":"https:\/\/www.remonen.fi\/WP\/wp-content\/uploads\/2013\/11\/\u00d6lys\u00e4ili\u00f6_Revisited-13.jpg","keywords":["Kuvauspaikat","Valokuvaus"],"articleSection":["Blog"],"inLanguage":"fi","potentialAction":[{"@type":"CommentAction","name":"Comment","target":["https:\/\/www.remonen.fi\/WP\/blogi\/minne_mennaa\/#respond"]}]},{"@type":"WebPage","@id":"https:\/\/www.remonen.fi\/WP\/blogi\/minne_mennaa\/","url":"https:\/\/www.remonen.fi\/WP\/blogi\/minne_mennaa\/","name":"Minne menn\u00e4\u00e4? - gREat MOments NEver forgotteN","isPartOf":{"@id":"https:\/\/www.remonen.fi\/WP\/#website"},"primaryImageOfPage":{"@id":"https:\/\/www.remonen.fi\/WP\/blogi\/minne_mennaa\/#primaryimage"},"image":{"@id":"https:\/\/www.remonen.fi\/WP\/blogi\/minne_mennaa\/#primaryimage"},"thumbnailUrl":"https:\/\/www.remonen.fi\/WP\/wp-content\/uploads\/2013\/11\/\u00d6lys\u00e4ili\u00f6_Revisited-13.jpg","datePublished":"2014-05-04T10:20:26+00:00","dateModified":"2014-05-04T13:53:38+00:00","breadcrumb":{"@id":"https:\/\/www.remonen.fi\/WP\/blogi\/minne_mennaa\/#breadcrumb"},"inLanguage":"fi","potentialAction":[{"@type":"ReadAction","target":["https:\/\/www.remonen.fi\/WP\/blogi\/minne_mennaa\/"]}]},{"@type":"ImageObject","inLanguage":"fi","@id":"https:\/\/www.remonen.fi\/WP\/blogi\/minne_mennaa\/#primaryimage","url":"https:\/\/www.remonen.fi\/WP\/wp-content\/uploads\/2013\/11\/\u00d6lys\u00e4ili\u00f6_Revisited-13.jpg","contentUrl":"https:\/\/www.remonen.fi\/WP\/wp-content\/uploads\/2013\/11\/\u00d6lys\u00e4ili\u00f6_Revisited-13.jpg","width":800,"height":534},{"@type":"BreadcrumbList","@id":"https:\/\/www.remonen.fi\/WP\/blogi\/minne_mennaa\/#breadcrumb","itemListElement":[{"@type":"ListItem","position":1,"name":"Etusivu","item":"https:\/\/www.remonen.fi\/WP\/"},{"@type":"ListItem","position":2,"name":"Minne menn\u00e4\u00e4?"}]},{"@type":"WebSite","@id":"https:\/\/www.remonen.fi\/WP\/#website","url":"https:\/\/www.remonen.fi\/WP\/","name":"remonen.fi","description":"Valokuvia ja tarinaa laidasta laitaan","publisher":{"@id":"https:\/\/www.remonen.fi\/WP\/#\/schema\/person\/1803c23d1d4f6722054eb2ac7f7a97cd"},"potentialAction":[{"@type":"SearchAction","target":{"@type":"EntryPoint","urlTemplate":"https:\/\/www.remonen.fi\/WP\/?s={search_term_string}"},"query-input":{"@type":"PropertyValueSpecification","valueRequired":true,"valueName":"search_term_string"}}],"inLanguage":"fi"},{"@type":["Person","Organization"],"@id":"https:\/\/www.remonen.fi\/WP\/#\/schema\/person\/1803c23d1d4f6722054eb2ac7f7a97cd","name":"Matti Remonen","logo":{"@id":"https:\/\/www.remonen.fi\/WP\/#\/schema\/person\/image\/"},"url":"https:\/\/www.remonen.fi\/WP\/blogi\/author\/mre\/"}]}},"_links":{"self":[{"href":"https:\/\/www.remonen.fi\/WP\/wp-json\/wp\/v2\/posts\/4139"}],"collection":[{"href":"https:\/\/www.remonen.fi\/WP\/wp-json\/wp\/v2\/posts"}],"about":[{"href":"https:\/\/www.remonen.fi\/WP\/wp-json\/wp\/v2\/types\/post"}],"author":[{"embeddable":true,"href":"https:\/\/www.remonen.fi\/WP\/wp-json\/wp\/v2\/users\/2"}],"replies":[{"embeddable":true,"href":"https:\/\/www.remonen.fi\/WP\/wp-json\/wp\/v2\/comments?post=4139"}],"version-history":[{"count":0,"href":"https:\/\/www.remonen.fi\/WP\/wp-json\/wp\/v2\/posts\/4139\/revisions"}],"wp:featuredmedia":[{"embeddable":true,"href":"https:\/\/www.remonen.fi\/WP\/wp-json\/wp\/v2\/media\/3191"}],"wp:attachment":[{"href":"https:\/\/www.remonen.fi\/WP\/wp-json\/wp\/v2\/media?parent=4139"}],"wp:term":[{"taxonomy":"category","embeddable":true,"href":"https:\/\/www.remonen.fi\/WP\/wp-json\/wp\/v2\/categories?post=4139"},{"taxonomy":"post_tag","embeddable":true,"href":"https:\/\/www.remonen.fi\/WP\/wp-json\/wp\/v2\/tags?post=4139"}],"curies":[{"name":"wp","href":"https:\/\/api.w.org\/{rel}","templated":true}]}}