{"id":4203,"date":"2014-05-15T11:45:23","date_gmt":"2014-05-15T08:45:23","guid":{"rendered":"http:\/\/www.remonen.fi\/?p=4203"},"modified":"2014-05-15T11:45:23","modified_gmt":"2014-05-15T08:45:23","slug":"p-late","status":"publish","type":"post","link":"https:\/\/www.remonen.fi\/WP\/blogi\/p-late\/","title":{"rendered":"P. Late"},"content":{"rendered":"<p><a href=\"http:\/\/www.remonen.fi\/WP\/wp-content\/uploads\/2014\/05\/Pyh\u00e4nLaurinKirkko-3.jpg\"><img loading=\"lazy\" decoding=\"async\" class=\"alignright wp-image-4207 size-medium\" title=\"Aperture: &#402;\/8 | Camera: NEX-5N | Taken: 14 toukokuun, 2014 | Copyright: (c) Matti Remonen | Flash fired: no | Focal length: 32mm | ISO: 100 | Shutter speed: 1\/500s | \" src=\"http:\/\/www.remonen.fi\/WP\/wp-content\/uploads\/2014\/05\/Pyh\u00e4nLaurinKirkko-3-199x300.jpg\" alt=\"\" width=\"199\" height=\"300\" srcset=\"https:\/\/www.remonen.fi\/WP\/wp-content\/uploads\/2014\/05\/Pyh\u00e4nLaurinKirkko-3-199x300.jpg 199w, https:\/\/www.remonen.fi\/WP\/wp-content\/uploads\/2014\/05\/Pyh\u00e4nLaurinKirkko-3.jpg 532w\" sizes=\"(max-width: 199px) 100vw, 199px\" \/><\/a><a title=\"Pyh\u00e4n Laurin kirkko\" href=\"http:\/\/www.vantaanseurakunnat.fi\/fi\/kirkot\/kirkot\/pyhan-laurin-kirkko\" target=\"_blank\">Pyh\u00e4n Laurin kirkko<\/a> (Helsingin pit\u00e4j\u00e4n kirkko) on jo pitk\u00e4\u00e4n ollut minulla mahdollisten kuvauskohteiden joukossa. Aina kun siit\u00e4 tulee ajettua ohi, k\u00e4y mieless\u00e4 ett\u00e4 tuollakin pit\u00e4isi k\u00e4yd\u00e4 kuvaamassa. Tosin paikkahan on melkoinen klisee ja noin joka toisen helsinkil\u00e4isen h\u00e4\u00e4kuvan taustalla. Toinen puoli jakautunee sitten melko tasan Sibeliusmonumentin (sekin pit\u00e4isi k\u00e4yd\u00e4 moikkaamassa) ja Tuomiokirkon portaiden kanssa.<\/p>\n<p>No, kuinka ollakaan &#8211; sattui olemaan illalla aikaa ja aurinkokin viel\u00e4 paistoi, niin ajattelin l\u00e4hte\u00e4 katsomaan miten valo osuu kirkkoon iltakahdeksalta. Hyvinh\u00e4n tuo osui. Paikka on kuvauksellisesti hieman hankala siin\u00e4 mieless\u00e4, ett\u00e4 tilaa on kuitenkin aika v\u00e4h\u00e4n. Kirkko on kuitenkin aika massiivinen laitos ja vanhalla hautausmaalla\/kirkkopihalla on kohtuullisen paljon isoja puita. Onneksi viel\u00e4 eiv\u00e4t kaikki puut ole t\u00e4ydess\u00e4 lehdess\u00e4, joten kuvaaminen onnistui edes jotenkin.<\/p>\n<p><a href=\"http:\/\/www.remonen.fi\/WP\/wp-content\/uploads\/2014\/05\/Pyh\u00e4nLaurinKirkko-1.jpg\"><img loading=\"lazy\" decoding=\"async\" class=\"aligncenter wp-image-4204\" title=\"Aperture: &#402;\/6.3 | Camera: NEX-5N | Taken: 14 toukokuun, 2014 | Copyright: (c) Matti Remonen | Flash fired: no | Focal length: 18mm | ISO: 100 | Shutter speed: 1\/320s | \" src=\"http:\/\/www.remonen.fi\/WP\/wp-content\/uploads\/2014\/05\/Pyh\u00e4nLaurinKirkko-1.jpg\" alt=\"Pyh\u00e4nLaurinKirkko-1\" width=\"600\" height=\"399\" srcset=\"https:\/\/www.remonen.fi\/WP\/wp-content\/uploads\/2014\/05\/Pyh\u00e4nLaurinKirkko-1.jpg 800w, https:\/\/www.remonen.fi\/WP\/wp-content\/uploads\/2014\/05\/Pyh\u00e4nLaurinKirkko-1-300x199.jpg 300w\" sizes=\"(max-width: 600px) 100vw, 600px\" \/><\/a><\/p>\n<p>Kuvausv\u00e4lineeksi otin t\u00e4ll\u00e4 kertaa sen IR-modatun NEX-5N:n, johon olin alkuviikosta saanut vihdoin sen UK:sta tilatun erillisen etsimen. T\u00e4ytyy sanoa, ett\u00e4 takatelkkarista tuijottamisen j\u00e4lkeen oli ilo tiirata etsimest\u00e4 tarkkaa ja selke\u00e4\u00e4 kuvaa. Nyt jo kuvaa ottaessa n\u00e4ki, mit\u00e4 ruudulle on piirtym\u00e4ss\u00e4.<\/p>\n<p><a href=\"http:\/\/www.remonen.fi\/WP\/wp-content\/uploads\/2014\/05\/Pyh\u00e4nLaurinKirkko-4.jpg\"><img loading=\"lazy\" decoding=\"async\" class=\"aligncenter wp-image-4206\" title=\"Aperture: &#402;\/8 | Camera: NEX-5N | Taken: 14 toukokuun, 2014 | Copyright: (c) Matti Remonen | Exposure bias: +1.7EV | Flash fired: no | Focal length: 18mm | ISO: 100 | Shutter speed: 1\/160s | \" src=\"http:\/\/www.remonen.fi\/WP\/wp-content\/uploads\/2014\/05\/Pyh\u00e4nLaurinKirkko-4.jpg\" alt=\"\" width=\"600\" height=\"399\" srcset=\"https:\/\/www.remonen.fi\/WP\/wp-content\/uploads\/2014\/05\/Pyh\u00e4nLaurinKirkko-4.jpg 800w, https:\/\/www.remonen.fi\/WP\/wp-content\/uploads\/2014\/05\/Pyh\u00e4nLaurinKirkko-4-300x199.jpg 300w\" sizes=\"(max-width: 600px) 100vw, 600px\" \/><\/a>Ja siis pyh\u00e4ss\u00e4 toimituksessa olivat IR-modattu NEX-5N + SEL1855. Suotimina ensimm\u00e4isess\u00e4 ei mit\u00e4\u00e4n, toisessa kuvassa 720nm suodin ja alimmassa 590nm suodin, jolla saa noita &#8221;v\u00e4\u00e4r\u00e4v\u00e4rikuvia&#8221;.<\/p>\n","protected":false},"excerpt":{"rendered":"<p>Pyh\u00e4n Laurin kirkko (Helsingin pit\u00e4j\u00e4n kirkko) on jo pitk\u00e4\u00e4n ollut minulla mahdollisten kuvauskohteiden joukossa. Aina kun siit\u00e4 tulee ajettua ohi, k\u00e4y mieless\u00e4 ett\u00e4 tuollakin pit\u00e4isi k\u00e4yd\u00e4 kuvaamassa. Tosin paikkahan on melkoinen klisee ja noin joka toisen helsinkil\u00e4isen h\u00e4\u00e4kuvan taustalla. Toinen puoli jakautunee sitten melko tasan Sibeliusmonumentin (sekin pit\u00e4isi k\u00e4yd\u00e4 moikkaamassa) ja Tuomiokirkon portaiden kanssa. No, [&hellip;]<\/p>\n","protected":false},"author":2,"featured_media":4205,"comment_status":"open","ping_status":"closed","sticky":false,"template":"","format":"standard","meta":{"footnotes":""},"categories":[16],"tags":[181],"yoast_head":"<!-- This site is optimized with the Yoast SEO plugin v24.5 - https:\/\/yoast.com\/wordpress\/plugins\/seo\/ -->\n<title>P. Late - gREat MOments NEver forgotteN<\/title>\n<meta name=\"robots\" content=\"index, follow, max-snippet:-1, max-image-preview:large, max-video-preview:-1\" \/>\n<link rel=\"canonical\" href=\"https:\/\/www.remonen.fi\/WP\/blogi\/p-late\/\" \/>\n<meta property=\"og:locale\" content=\"fi_FI\" \/>\n<meta property=\"og:type\" content=\"article\" \/>\n<meta property=\"og:title\" content=\"P. Late - gREat MOments NEver forgotteN\" \/>\n<meta property=\"og:description\" content=\"Pyh\u00e4n Laurin kirkko (Helsingin pit\u00e4j\u00e4n kirkko) on jo pitk\u00e4\u00e4n ollut minulla mahdollisten kuvauskohteiden joukossa. Aina kun siit\u00e4 tulee ajettua ohi, k\u00e4y mieless\u00e4 ett\u00e4 tuollakin pit\u00e4isi k\u00e4yd\u00e4 kuvaamassa. Tosin paikkahan on melkoinen klisee ja noin joka toisen helsinkil\u00e4isen h\u00e4\u00e4kuvan taustalla. Toinen puoli jakautunee sitten melko tasan Sibeliusmonumentin (sekin pit\u00e4isi k\u00e4yd\u00e4 moikkaamassa) ja Tuomiokirkon portaiden kanssa. No, [&hellip;]\" \/>\n<meta property=\"og:url\" content=\"https:\/\/www.remonen.fi\/WP\/blogi\/p-late\/\" \/>\n<meta property=\"og:site_name\" content=\"remonen.fi\" \/>\n<meta property=\"article:published_time\" content=\"2014-05-15T08:45:23+00:00\" \/>\n<meta property=\"og:image\" content=\"https:\/\/www.remonen.fi\/WP\/wp-content\/uploads\/2014\/05\/Pyh\u00e4nLaurinKirkko-5.jpg\" \/>\n\t<meta property=\"og:image:width\" content=\"800\" \/>\n\t<meta property=\"og:image:height\" content=\"420\" \/>\n\t<meta property=\"og:image:type\" content=\"image\/jpeg\" \/>\n<meta name=\"author\" content=\"Matti Remonen\" \/>\n<meta name=\"twitter:label1\" content=\"Kirjoittanut\" \/>\n\t<meta name=\"twitter:data1\" content=\"Matti Remonen\" \/>\n\t<meta name=\"twitter:label2\" content=\"Arvioitu lukuaika\" \/>\n\t<meta name=\"twitter:data2\" content=\"1 minuutti\" \/>\n<script type=\"application\/ld+json\" class=\"yoast-schema-graph\">{\"@context\":\"https:\/\/schema.org\",\"@graph\":[{\"@type\":\"Article\",\"@id\":\"https:\/\/www.remonen.fi\/WP\/blogi\/p-late\/#article\",\"isPartOf\":{\"@id\":\"https:\/\/www.remonen.fi\/WP\/blogi\/p-late\/\"},\"author\":{\"name\":\"Matti Remonen\",\"@id\":\"https:\/\/www.remonen.fi\/WP\/#\/schema\/person\/1803c23d1d4f6722054eb2ac7f7a97cd\"},\"headline\":\"P. Late\",\"datePublished\":\"2014-05-15T08:45:23+00:00\",\"mainEntityOfPage\":{\"@id\":\"https:\/\/www.remonen.fi\/WP\/blogi\/p-late\/\"},\"wordCount\":218,\"commentCount\":2,\"publisher\":{\"@id\":\"https:\/\/www.remonen.fi\/WP\/#\/schema\/person\/1803c23d1d4f6722054eb2ac7f7a97cd\"},\"image\":{\"@id\":\"https:\/\/www.remonen.fi\/WP\/blogi\/p-late\/#primaryimage\"},\"thumbnailUrl\":\"https:\/\/www.remonen.fi\/WP\/wp-content\/uploads\/2014\/05\/Pyh\u00e4nLaurinKirkko-5.jpg\",\"keywords\":[\"Pyh\u00e4n Laurin kirkko\"],\"articleSection\":[\"Blog\"],\"inLanguage\":\"fi\",\"potentialAction\":[{\"@type\":\"CommentAction\",\"name\":\"Comment\",\"target\":[\"https:\/\/www.remonen.fi\/WP\/blogi\/p-late\/#respond\"]}]},{\"@type\":\"WebPage\",\"@id\":\"https:\/\/www.remonen.fi\/WP\/blogi\/p-late\/\",\"url\":\"https:\/\/www.remonen.fi\/WP\/blogi\/p-late\/\",\"name\":\"P. Late - gREat MOments NEver forgotteN\",\"isPartOf\":{\"@id\":\"https:\/\/www.remonen.fi\/WP\/#website\"},\"primaryImageOfPage\":{\"@id\":\"https:\/\/www.remonen.fi\/WP\/blogi\/p-late\/#primaryimage\"},\"image\":{\"@id\":\"https:\/\/www.remonen.fi\/WP\/blogi\/p-late\/#primaryimage\"},\"thumbnailUrl\":\"https:\/\/www.remonen.fi\/WP\/wp-content\/uploads\/2014\/05\/Pyh\u00e4nLaurinKirkko-5.jpg\",\"datePublished\":\"2014-05-15T08:45:23+00:00\",\"breadcrumb\":{\"@id\":\"https:\/\/www.remonen.fi\/WP\/blogi\/p-late\/#breadcrumb\"},\"inLanguage\":\"fi\",\"potentialAction\":[{\"@type\":\"ReadAction\",\"target\":[\"https:\/\/www.remonen.fi\/WP\/blogi\/p-late\/\"]}]},{\"@type\":\"ImageObject\",\"inLanguage\":\"fi\",\"@id\":\"https:\/\/www.remonen.fi\/WP\/blogi\/p-late\/#primaryimage\",\"url\":\"https:\/\/www.remonen.fi\/WP\/wp-content\/uploads\/2014\/05\/Pyh\u00e4nLaurinKirkko-5.jpg\",\"contentUrl\":\"https:\/\/www.remonen.fi\/WP\/wp-content\/uploads\/2014\/05\/Pyh\u00e4nLaurinKirkko-5.jpg\",\"width\":800,\"height\":420},{\"@type\":\"BreadcrumbList\",\"@id\":\"https:\/\/www.remonen.fi\/WP\/blogi\/p-late\/#breadcrumb\",\"itemListElement\":[{\"@type\":\"ListItem\",\"position\":1,\"name\":\"Etusivu\",\"item\":\"https:\/\/www.remonen.fi\/WP\/\"},{\"@type\":\"ListItem\",\"position\":2,\"name\":\"P. Late\"}]},{\"@type\":\"WebSite\",\"@id\":\"https:\/\/www.remonen.fi\/WP\/#website\",\"url\":\"https:\/\/www.remonen.fi\/WP\/\",\"name\":\"remonen.fi\",\"description\":\"Valokuvia ja tarinaa laidasta laitaan\",\"publisher\":{\"@id\":\"https:\/\/www.remonen.fi\/WP\/#\/schema\/person\/1803c23d1d4f6722054eb2ac7f7a97cd\"},\"potentialAction\":[{\"@type\":\"SearchAction\",\"target\":{\"@type\":\"EntryPoint\",\"urlTemplate\":\"https:\/\/www.remonen.fi\/WP\/?s={search_term_string}\"},\"query-input\":{\"@type\":\"PropertyValueSpecification\",\"valueRequired\":true,\"valueName\":\"search_term_string\"}}],\"inLanguage\":\"fi\"},{\"@type\":[\"Person\",\"Organization\"],\"@id\":\"https:\/\/www.remonen.fi\/WP\/#\/schema\/person\/1803c23d1d4f6722054eb2ac7f7a97cd\",\"name\":\"Matti Remonen\",\"logo\":{\"@id\":\"https:\/\/www.remonen.fi\/WP\/#\/schema\/person\/image\/\"},\"url\":\"https:\/\/www.remonen.fi\/WP\/blogi\/author\/mre\/\"}]}<\/script>\n<!-- \/ Yoast SEO plugin. -->","yoast_head_json":{"title":"P. Late - gREat MOments NEver forgotteN","robots":{"index":"index","follow":"follow","max-snippet":"max-snippet:-1","max-image-preview":"max-image-preview:large","max-video-preview":"max-video-preview:-1"},"canonical":"https:\/\/www.remonen.fi\/WP\/blogi\/p-late\/","og_locale":"fi_FI","og_type":"article","og_title":"P. Late - gREat MOments NEver forgotteN","og_description":"Pyh\u00e4n Laurin kirkko (Helsingin pit\u00e4j\u00e4n kirkko) on jo pitk\u00e4\u00e4n ollut minulla mahdollisten kuvauskohteiden joukossa. Aina kun siit\u00e4 tulee ajettua ohi, k\u00e4y mieless\u00e4 ett\u00e4 tuollakin pit\u00e4isi k\u00e4yd\u00e4 kuvaamassa. Tosin paikkahan on melkoinen klisee ja noin joka toisen helsinkil\u00e4isen h\u00e4\u00e4kuvan taustalla. Toinen puoli jakautunee sitten melko tasan Sibeliusmonumentin (sekin pit\u00e4isi k\u00e4yd\u00e4 moikkaamassa) ja Tuomiokirkon portaiden kanssa. No, [&hellip;]","og_url":"https:\/\/www.remonen.fi\/WP\/blogi\/p-late\/","og_site_name":"remonen.fi","article_published_time":"2014-05-15T08:45:23+00:00","og_image":[{"width":800,"height":420,"url":"https:\/\/www.remonen.fi\/WP\/wp-content\/uploads\/2014\/05\/Pyh\u00e4nLaurinKirkko-5.jpg","type":"image\/jpeg"}],"author":"Matti Remonen","twitter_misc":{"Kirjoittanut":"Matti Remonen","Arvioitu lukuaika":"1 minuutti"},"schema":{"@context":"https:\/\/schema.org","@graph":[{"@type":"Article","@id":"https:\/\/www.remonen.fi\/WP\/blogi\/p-late\/#article","isPartOf":{"@id":"https:\/\/www.remonen.fi\/WP\/blogi\/p-late\/"},"author":{"name":"Matti Remonen","@id":"https:\/\/www.remonen.fi\/WP\/#\/schema\/person\/1803c23d1d4f6722054eb2ac7f7a97cd"},"headline":"P. Late","datePublished":"2014-05-15T08:45:23+00:00","mainEntityOfPage":{"@id":"https:\/\/www.remonen.fi\/WP\/blogi\/p-late\/"},"wordCount":218,"commentCount":2,"publisher":{"@id":"https:\/\/www.remonen.fi\/WP\/#\/schema\/person\/1803c23d1d4f6722054eb2ac7f7a97cd"},"image":{"@id":"https:\/\/www.remonen.fi\/WP\/blogi\/p-late\/#primaryimage"},"thumbnailUrl":"https:\/\/www.remonen.fi\/WP\/wp-content\/uploads\/2014\/05\/Pyh\u00e4nLaurinKirkko-5.jpg","keywords":["Pyh\u00e4n Laurin kirkko"],"articleSection":["Blog"],"inLanguage":"fi","potentialAction":[{"@type":"CommentAction","name":"Comment","target":["https:\/\/www.remonen.fi\/WP\/blogi\/p-late\/#respond"]}]},{"@type":"WebPage","@id":"https:\/\/www.remonen.fi\/WP\/blogi\/p-late\/","url":"https:\/\/www.remonen.fi\/WP\/blogi\/p-late\/","name":"P. Late - gREat MOments NEver forgotteN","isPartOf":{"@id":"https:\/\/www.remonen.fi\/WP\/#website"},"primaryImageOfPage":{"@id":"https:\/\/www.remonen.fi\/WP\/blogi\/p-late\/#primaryimage"},"image":{"@id":"https:\/\/www.remonen.fi\/WP\/blogi\/p-late\/#primaryimage"},"thumbnailUrl":"https:\/\/www.remonen.fi\/WP\/wp-content\/uploads\/2014\/05\/Pyh\u00e4nLaurinKirkko-5.jpg","datePublished":"2014-05-15T08:45:23+00:00","breadcrumb":{"@id":"https:\/\/www.remonen.fi\/WP\/blogi\/p-late\/#breadcrumb"},"inLanguage":"fi","potentialAction":[{"@type":"ReadAction","target":["https:\/\/www.remonen.fi\/WP\/blogi\/p-late\/"]}]},{"@type":"ImageObject","inLanguage":"fi","@id":"https:\/\/www.remonen.fi\/WP\/blogi\/p-late\/#primaryimage","url":"https:\/\/www.remonen.fi\/WP\/wp-content\/uploads\/2014\/05\/Pyh\u00e4nLaurinKirkko-5.jpg","contentUrl":"https:\/\/www.remonen.fi\/WP\/wp-content\/uploads\/2014\/05\/Pyh\u00e4nLaurinKirkko-5.jpg","width":800,"height":420},{"@type":"BreadcrumbList","@id":"https:\/\/www.remonen.fi\/WP\/blogi\/p-late\/#breadcrumb","itemListElement":[{"@type":"ListItem","position":1,"name":"Etusivu","item":"https:\/\/www.remonen.fi\/WP\/"},{"@type":"ListItem","position":2,"name":"P. Late"}]},{"@type":"WebSite","@id":"https:\/\/www.remonen.fi\/WP\/#website","url":"https:\/\/www.remonen.fi\/WP\/","name":"remonen.fi","description":"Valokuvia ja tarinaa laidasta laitaan","publisher":{"@id":"https:\/\/www.remonen.fi\/WP\/#\/schema\/person\/1803c23d1d4f6722054eb2ac7f7a97cd"},"potentialAction":[{"@type":"SearchAction","target":{"@type":"EntryPoint","urlTemplate":"https:\/\/www.remonen.fi\/WP\/?s={search_term_string}"},"query-input":{"@type":"PropertyValueSpecification","valueRequired":true,"valueName":"search_term_string"}}],"inLanguage":"fi"},{"@type":["Person","Organization"],"@id":"https:\/\/www.remonen.fi\/WP\/#\/schema\/person\/1803c23d1d4f6722054eb2ac7f7a97cd","name":"Matti Remonen","logo":{"@id":"https:\/\/www.remonen.fi\/WP\/#\/schema\/person\/image\/"},"url":"https:\/\/www.remonen.fi\/WP\/blogi\/author\/mre\/"}]}},"_links":{"self":[{"href":"https:\/\/www.remonen.fi\/WP\/wp-json\/wp\/v2\/posts\/4203"}],"collection":[{"href":"https:\/\/www.remonen.fi\/WP\/wp-json\/wp\/v2\/posts"}],"about":[{"href":"https:\/\/www.remonen.fi\/WP\/wp-json\/wp\/v2\/types\/post"}],"author":[{"embeddable":true,"href":"https:\/\/www.remonen.fi\/WP\/wp-json\/wp\/v2\/users\/2"}],"replies":[{"embeddable":true,"href":"https:\/\/www.remonen.fi\/WP\/wp-json\/wp\/v2\/comments?post=4203"}],"version-history":[{"count":0,"href":"https:\/\/www.remonen.fi\/WP\/wp-json\/wp\/v2\/posts\/4203\/revisions"}],"wp:featuredmedia":[{"embeddable":true,"href":"https:\/\/www.remonen.fi\/WP\/wp-json\/wp\/v2\/media\/4205"}],"wp:attachment":[{"href":"https:\/\/www.remonen.fi\/WP\/wp-json\/wp\/v2\/media?parent=4203"}],"wp:term":[{"taxonomy":"category","embeddable":true,"href":"https:\/\/www.remonen.fi\/WP\/wp-json\/wp\/v2\/categories?post=4203"},{"taxonomy":"post_tag","embeddable":true,"href":"https:\/\/www.remonen.fi\/WP\/wp-json\/wp\/v2\/tags?post=4203"}],"curies":[{"name":"wp","href":"https:\/\/api.w.org\/{rel}","templated":true}]}}