{"id":4385,"date":"2014-06-13T19:46:42","date_gmt":"2014-06-13T16:46:42","guid":{"rendered":"http:\/\/www.remonen.fi\/?p=4385"},"modified":"2014-07-04T18:47:07","modified_gmt":"2014-07-04T15:47:07","slug":"south-southwest","status":"publish","type":"post","link":"https:\/\/www.remonen.fi\/WP\/blogi\/south-southwest\/","title":{"rendered":"South by SouthWest"},"content":{"rendered":"<p><a href=\"http:\/\/www.remonen.fi\/WP\/wp-content\/uploads\/2014\/06\/Saaremaa_2014_TheBeginning-5.jpg\"><img loading=\"lazy\" decoding=\"async\" class=\"alignright size-medium wp-image-4390\" src=\"http:\/\/www.remonen.fi\/WP\/wp-content\/uploads\/2014\/06\/Saaremaa_2014_TheBeginning-5-200x300.jpg\" alt=\"Saaremaa_2014_TheBeginning-5\" width=\"200\" height=\"300\" srcset=\"https:\/\/www.remonen.fi\/WP\/wp-content\/uploads\/2014\/06\/Saaremaa_2014_TheBeginning-5-200x300.jpg 200w, https:\/\/www.remonen.fi\/WP\/wp-content\/uploads\/2014\/06\/Saaremaa_2014_TheBeginning-5.jpg 534w\" sizes=\"(max-width: 200px) 100vw, 200px\" \/><\/a>Ei, kyse ei ole <a title=\"SXSW\" href=\"http:\/\/sxsw.com\/\" target=\"_blank\">SXSW<\/a>-tapahtumasta, joka j\u00e4rjestet\u00e4\u00e4n Austinissa, USAssa. Vaan t\u00e4ll\u00e4 kertaa t\u00e4m\u00e4 on ihan oma reissu takaisin Saarenmaalle. Min\u00e4h\u00e4n olin siell\u00e4 viime vuonna loistavalla <a title=\"KS Koolitus\" href=\"http:\/\/www.kskoolitus.com\/\" target=\"_blank\">KS Koolituksen<\/a> j\u00e4rjest\u00e4m\u00e4ll\u00e4 valokuvauskurssilla, jossa opettajana toimi <a title=\"Lea K\u00f6mi\" href=\"https:\/\/sites.google.com\/site\/leakomi\/\" target=\"_blank\">Lea K\u00f6mi<\/a>. T\u00e4n\u00e4 vuonna en kuitenkaan ajatellut k\u00e4ytt\u00e4\u00e4 kes\u00e4lomaani kurssilla, vaan testailla opittua ihan k\u00e4yt\u00e4nn\u00f6ss\u00e4. Viime kes\u00e4st\u00e4 j\u00e4i kuitenkin sen verran hampaankoloon, ett\u00e4 Saarenmaalle pit\u00e4\u00e4 p\u00e4\u00e4st\u00e4 takaisin. Kun olimme Kuressaaressa, niin k\u00e4vimme tutustumassa Piispanlinnassa olevaan Saarenmaan maakuntamuseoon. Siell\u00e4 oli kaikenlaista mielenkiintoista n\u00e4ht\u00e4v\u00e4\u00e4 liittyen Saarenmaan pitk\u00e4\u00e4n historiaan, mutta eritoten l\u00e4hihistoria iski minuun aika lujaa. Saarenmaahan oli Neuvostoliiton miehityksen aikaan suljettu sotilasalue, johon edes virolaisilla ei ollut mit\u00e4\u00e4n asiaa ilman eri kutsua. V\u00e4h\u00e4n niin kuin Santahamina Helsingiss\u00e4, mutta ei kuitenkaan. Tai en min\u00e4 tied\u00e4, ehk\u00e4 Santiskin on aikanaan valloitettu helsinkil\u00e4isten toimesta ja nyt siell\u00e4 pidet\u00e4\u00e4n alkuper\u00e4isasukkaita, noita santahaminalaisia vankeina. Kunnes tulee Santa Hamina ja pelastaa. Ei voi tiet\u00e4\u00e4&#8230;<\/p>\n<p><a href=\"http:\/\/www.remonen.fi\/WP\/wp-content\/uploads\/2014\/06\/Saaremaa_2014_TheBeginning-6.jpg\"><img loading=\"lazy\" decoding=\"async\" class=\"alignleft size-medium wp-image-4391\" src=\"http:\/\/www.remonen.fi\/WP\/wp-content\/uploads\/2014\/06\/Saaremaa_2014_TheBeginning-6-300x200.jpg\" alt=\"Saaremaa_2014_TheBeginning-6\" width=\"300\" height=\"200\" srcset=\"https:\/\/www.remonen.fi\/WP\/wp-content\/uploads\/2014\/06\/Saaremaa_2014_TheBeginning-6-300x200.jpg 300w, https:\/\/www.remonen.fi\/WP\/wp-content\/uploads\/2014\/06\/Saaremaa_2014_TheBeginning-6.jpg 800w\" sizes=\"(max-width: 300px) 100vw, 300px\" \/><\/a>No, mutta kuitenkin: museossa oli iso kartta, johon oli merkitty Saarenmaan alueella olleiden kolhoosien ja sovhoosien sijainteja. Samoin siell\u00e4 oli valokuvia vanhoista kolhoosi (tai sovhoosi) rakennuksista, jotka olivat varsin vaikuttavan n\u00e4k\u00f6isi\u00e4. Eik\u00e4 Saarenmaalla ajaessa voinut v\u00e4ltty\u00e4 n\u00e4kem\u00e4st\u00e4 vanhojen sikatilojen kymmenien metrien pituisia navettarakennuksia. Jotenkin tuo kaikki vain iski minuun ja takaraivoon j\u00e4i, ett\u00e4 tuonne on p\u00e4\u00e4st\u00e4v\u00e4 takaisin. Ja mielell\u00e4\u00e4n ns. A-luokan matkalle, jolloin ei tarvitse mietti\u00e4, milloin sy\u00f6d\u00e4\u00e4n, nukutaan tai menn\u00e4\u00e4n taiden\u00e4yttelyyn.<\/p>\n<p>Aloinkin tuossa vuoden vaihteen j\u00e4lkeen valmistelemaan asiaa. Alkuper\u00e4inen suunnitelma oli kiert\u00e4\u00e4 noita vanhojen kolhoosien paikkoja ja olinkin yhteydess\u00e4 Saarenmaan museoon siin\u00e4 toivossa, ett\u00e4 heill\u00e4 olisi enemm\u00e4n tietoa noista kolhoosirakennuksista. Ensin homma vaikutti aika vaikealta, mutta sitten sain museolta vastauksen, jossa oli mukana skannattu kuva kirjasta, jossa oli noita kolhooseja k\u00e4sitelty. Niit\u00e4-on-ollut-paljon. Siis paljon. Ilmeisesti kaikki saarenmaalaiset ovat olleet jonkun kolhoosin\/sovhoosin j\u00e4seni\u00e4. Loput ovatkin olleet sitten tuontitavaraa ja sotilaita.<\/p>\n<p><a href=\"http:\/\/www.remonen.fi\/WP\/wp-content\/uploads\/2014\/06\/Saaremaa_2014_TheBeginning-2.jpg\"><img loading=\"lazy\" decoding=\"async\" class=\"aligncenter wp-image-4387\" src=\"http:\/\/www.remonen.fi\/WP\/wp-content\/uploads\/2014\/06\/Saaremaa_2014_TheBeginning-2-1024x682.jpg\" alt=\"Saaremaa_2014_TheBeginning-2\" width=\"600\" height=\"400\" srcset=\"https:\/\/www.remonen.fi\/WP\/wp-content\/uploads\/2014\/06\/Saaremaa_2014_TheBeginning-2-1024x682.jpg 1024w, https:\/\/www.remonen.fi\/WP\/wp-content\/uploads\/2014\/06\/Saaremaa_2014_TheBeginning-2-300x200.jpg 300w\" sizes=\"(max-width: 600px) 100vw, 600px\" \/><\/a><\/p>\n<p>Kartan ja Googlen karttapalvelun avulla aloin katselemaan, josko jotain l\u00f6ytyisi. Ei l\u00f6ytynyt mit\u00e4\u00e4n&#8230; Ep\u00e4toivo alkoi jo hieman puskemaan, kunnes t\u00f6rm\u00e4sin kuviin vanhoista Neuvostoliiton aikaisista tukikohdista, bunkkereista ja muista valloitusvehkeist\u00e4. Ehk\u00e4 t\u00e4ss\u00e4 olisikin jotain. Aikani kaiveltuani interwebin ihmeellisess\u00e4 maailmassa l\u00f6ysin mm. <a title=\"Eesti punker\" href=\"http:\/\/goo.gl\/maps\/BHxBt%20\" target=\"_blank\">rekisterin<\/a>, jossa on kaikki Saarenmaalla (ja muualla Virossa) olevat vanhat vartio- ja muut puolustusrakennelmat kuvineen sijoitettuna suoraan Google Mapsiin. No hitto. Jos ei ole sikatilaa, niin sitten sotaturismi on heti seuraavaa parhautta.<\/p>\n<div id=\"attachment_4392\" style=\"width: 610px\" class=\"wp-caption aligncenter\"><a href=\"http:\/\/www.remonen.fi\/WP\/wp-content\/uploads\/2014\/06\/Saaremaa_2014_TheBeginning-7.jpg\"><img loading=\"lazy\" decoding=\"async\" aria-describedby=\"caption-attachment-4392\" class=\"wp-image-4392\" src=\"http:\/\/www.remonen.fi\/WP\/wp-content\/uploads\/2014\/06\/Saaremaa_2014_TheBeginning-7.jpg\" alt=\"Saaremaa_2014_TheBeginning-7\" width=\"600\" height=\"457\" srcset=\"https:\/\/www.remonen.fi\/WP\/wp-content\/uploads\/2014\/06\/Saaremaa_2014_TheBeginning-7.jpg 752w, https:\/\/www.remonen.fi\/WP\/wp-content\/uploads\/2014\/06\/Saaremaa_2014_TheBeginning-7-300x228.jpg 300w\" sizes=\"(max-width: 600px) 100vw, 600px\" \/><\/a><p id=\"caption-attachment-4392\" class=\"wp-caption-text\">Ja vihollisen odotamme tulevan&#8230;<\/p><\/div>\n<p><a href=\"http:\/\/www.remonen.fi\/WP\/wp-content\/uploads\/2014\/06\/Saaremaa_2014_TheBeginning-3.jpg\"><img loading=\"lazy\" decoding=\"async\" class=\"alignright size-medium wp-image-4388\" src=\"http:\/\/www.remonen.fi\/WP\/wp-content\/uploads\/2014\/06\/Saaremaa_2014_TheBeginning-3-200x300.jpg\" alt=\"Saaremaa_2014_TheBeginning-3\" width=\"200\" height=\"300\" srcset=\"https:\/\/www.remonen.fi\/WP\/wp-content\/uploads\/2014\/06\/Saaremaa_2014_TheBeginning-3-200x300.jpg 200w, https:\/\/www.remonen.fi\/WP\/wp-content\/uploads\/2014\/06\/Saaremaa_2014_TheBeginning-3.jpg 534w\" sizes=\"(max-width: 200px) 100vw, 200px\" \/><\/a>Ja n\u00e4in sitten p\u00e4\u00e4dyin tilaamaan lauttamatkat Viroon &amp; majoituksen Kuressaareen viideksi y\u00f6ksi. L\u00e4ht\u00f6 heti Juhannuksen j\u00e4lkeen maanantaina. Mulla on nyt valmiiksi mietittyn\u00e4 nelj\u00e4 eri reitti\u00e4, joiden varrella pit\u00e4isi olla kaikenlaista ihmetelt\u00e4v\u00e4\u00e4. N\u00e4iden sota- ja kolhoosijuttujen lis\u00e4ksi on tarkoitus kiert\u00e4\u00e4 muutamat vaikuttavimmat majakat. Saarenmaallahan majakat sijaitsevat itse saarella, eik\u00e4 keskell\u00e4 merta, kuten Suomessa. Tai siis saarella ne suomalaisetkin majakat p\u00e4\u00e4osin ovat, mutta niille ei yleens\u00e4 p\u00e4\u00e4se autolla viereen. Kun ei Suomen saaristossa oikein majakan varassa pysty navigoimaan.<\/p>\n<p><a title=\"South by Southwest \u2013 The Quest Begins\" href=\"http:\/\/www.remonen.fi\/photoblog\/south-southwest-quest-begins\/\">Ett\u00e4 per\u00e4st\u00e4 kuuluu.<\/a> Jos eiv\u00e4t sitten pid\u00e4t\u00e4 vakoojana&#8230;<\/p>\n","protected":false},"excerpt":{"rendered":"<p>Ei, kyse ei ole SXSW-tapahtumasta, joka j\u00e4rjestet\u00e4\u00e4n Austinissa, USAssa. Vaan t\u00e4ll\u00e4 kertaa t\u00e4m\u00e4 on ihan oma reissu takaisin Saarenmaalle. Min\u00e4h\u00e4n olin siell\u00e4 viime vuonna loistavalla KS Koolituksen j\u00e4rjest\u00e4m\u00e4ll\u00e4 valokuvauskurssilla, jossa opettajana toimi Lea K\u00f6mi. T\u00e4n\u00e4 vuonna en kuitenkaan ajatellut k\u00e4ytt\u00e4\u00e4 kes\u00e4lomaani kurssilla, vaan testailla opittua ihan k\u00e4yt\u00e4nn\u00f6ss\u00e4. Viime kes\u00e4st\u00e4 j\u00e4i kuitenkin sen verran hampaankoloon, ett\u00e4 [&hellip;]<\/p>\n","protected":false},"author":2,"featured_media":4386,"comment_status":"open","ping_status":"closed","sticky":false,"template":"","format":"standard","meta":{"footnotes":""},"categories":[16],"tags":[39,145,158,146],"yoast_head":"<!-- This site is optimized with the Yoast SEO plugin v24.5 - https:\/\/yoast.com\/wordpress\/plugins\/seo\/ -->\n<title>South by SouthWest - gREat MOments NEver forgotteN<\/title>\n<meta name=\"description\" content=\"Ei, kyse ei ole SXSW-tapahtumasta, joka j\u00e4rjestet\u00e4\u00e4n Austinissa, USAssa. Vaan t\u00e4ll\u00e4 kertaa t\u00e4m\u00e4 on ihan oma reissu takaisin Saarenmaalle.\" \/>\n<meta name=\"robots\" content=\"index, follow, max-snippet:-1, max-image-preview:large, max-video-preview:-1\" \/>\n<link rel=\"canonical\" href=\"https:\/\/www.remonen.fi\/WP\/blogi\/south-southwest\/\" \/>\n<meta property=\"og:locale\" content=\"fi_FI\" \/>\n<meta property=\"og:type\" content=\"article\" \/>\n<meta property=\"og:title\" content=\"South by SouthWest - gREat MOments NEver forgotteN\" \/>\n<meta property=\"og:description\" content=\"Ei, kyse ei ole SXSW-tapahtumasta, joka j\u00e4rjestet\u00e4\u00e4n Austinissa, USAssa. Vaan t\u00e4ll\u00e4 kertaa t\u00e4m\u00e4 on ihan oma reissu takaisin Saarenmaalle.\" \/>\n<meta property=\"og:url\" content=\"https:\/\/www.remonen.fi\/WP\/blogi\/south-southwest\/\" \/>\n<meta property=\"og:site_name\" content=\"remonen.fi\" \/>\n<meta property=\"article:published_time\" content=\"2014-06-13T16:46:42+00:00\" \/>\n<meta property=\"article:modified_time\" content=\"2014-07-04T15:47:07+00:00\" \/>\n<meta property=\"og:image\" content=\"https:\/\/www.remonen.fi\/WP\/wp-content\/uploads\/2014\/06\/Saaremaa_2014_TheBeginning.jpg\" \/>\n\t<meta property=\"og:image:width\" content=\"1528\" \/>\n\t<meta property=\"og:image:height\" content=\"915\" \/>\n\t<meta property=\"og:image:type\" content=\"image\/jpeg\" \/>\n<meta name=\"author\" content=\"Matti Remonen\" \/>\n<meta name=\"twitter:label1\" content=\"Kirjoittanut\" \/>\n\t<meta name=\"twitter:data1\" content=\"Matti Remonen\" \/>\n\t<meta name=\"twitter:label2\" content=\"Arvioitu lukuaika\" \/>\n\t<meta name=\"twitter:data2\" content=\"3 minuuttia\" \/>\n<script type=\"application\/ld+json\" class=\"yoast-schema-graph\">{\"@context\":\"https:\/\/schema.org\",\"@graph\":[{\"@type\":\"Article\",\"@id\":\"https:\/\/www.remonen.fi\/WP\/blogi\/south-southwest\/#article\",\"isPartOf\":{\"@id\":\"https:\/\/www.remonen.fi\/WP\/blogi\/south-southwest\/\"},\"author\":{\"name\":\"Matti Remonen\",\"@id\":\"https:\/\/www.remonen.fi\/WP\/#\/schema\/person\/1803c23d1d4f6722054eb2ac7f7a97cd\"},\"headline\":\"South by SouthWest\",\"datePublished\":\"2014-06-13T16:46:42+00:00\",\"dateModified\":\"2014-07-04T15:47:07+00:00\",\"mainEntityOfPage\":{\"@id\":\"https:\/\/www.remonen.fi\/WP\/blogi\/south-southwest\/\"},\"wordCount\":520,\"commentCount\":2,\"publisher\":{\"@id\":\"https:\/\/www.remonen.fi\/WP\/#\/schema\/person\/1803c23d1d4f6722054eb2ac7f7a97cd\"},\"image\":{\"@id\":\"https:\/\/www.remonen.fi\/WP\/blogi\/south-southwest\/#primaryimage\"},\"thumbnailUrl\":\"https:\/\/www.remonen.fi\/WP\/wp-content\/uploads\/2014\/06\/Saaremaa_2014_TheBeginning.jpg\",\"keywords\":[\"KS Koolitus\",\"Kuressaari\",\"Lea K\u00f6mi\",\"Saarenmaa\"],\"articleSection\":[\"Blog\"],\"inLanguage\":\"fi\",\"potentialAction\":[{\"@type\":\"CommentAction\",\"name\":\"Comment\",\"target\":[\"https:\/\/www.remonen.fi\/WP\/blogi\/south-southwest\/#respond\"]}]},{\"@type\":\"WebPage\",\"@id\":\"https:\/\/www.remonen.fi\/WP\/blogi\/south-southwest\/\",\"url\":\"https:\/\/www.remonen.fi\/WP\/blogi\/south-southwest\/\",\"name\":\"South by SouthWest - gREat MOments NEver forgotteN\",\"isPartOf\":{\"@id\":\"https:\/\/www.remonen.fi\/WP\/#website\"},\"primaryImageOfPage\":{\"@id\":\"https:\/\/www.remonen.fi\/WP\/blogi\/south-southwest\/#primaryimage\"},\"image\":{\"@id\":\"https:\/\/www.remonen.fi\/WP\/blogi\/south-southwest\/#primaryimage\"},\"thumbnailUrl\":\"https:\/\/www.remonen.fi\/WP\/wp-content\/uploads\/2014\/06\/Saaremaa_2014_TheBeginning.jpg\",\"datePublished\":\"2014-06-13T16:46:42+00:00\",\"dateModified\":\"2014-07-04T15:47:07+00:00\",\"description\":\"Ei, kyse ei ole SXSW-tapahtumasta, joka j\u00e4rjestet\u00e4\u00e4n Austinissa, USAssa. Vaan t\u00e4ll\u00e4 kertaa t\u00e4m\u00e4 on ihan oma reissu takaisin Saarenmaalle.\",\"breadcrumb\":{\"@id\":\"https:\/\/www.remonen.fi\/WP\/blogi\/south-southwest\/#breadcrumb\"},\"inLanguage\":\"fi\",\"potentialAction\":[{\"@type\":\"ReadAction\",\"target\":[\"https:\/\/www.remonen.fi\/WP\/blogi\/south-southwest\/\"]}]},{\"@type\":\"ImageObject\",\"inLanguage\":\"fi\",\"@id\":\"https:\/\/www.remonen.fi\/WP\/blogi\/south-southwest\/#primaryimage\",\"url\":\"https:\/\/www.remonen.fi\/WP\/wp-content\/uploads\/2014\/06\/Saaremaa_2014_TheBeginning.jpg\",\"contentUrl\":\"https:\/\/www.remonen.fi\/WP\/wp-content\/uploads\/2014\/06\/Saaremaa_2014_TheBeginning.jpg\",\"width\":1528,\"height\":915},{\"@type\":\"BreadcrumbList\",\"@id\":\"https:\/\/www.remonen.fi\/WP\/blogi\/south-southwest\/#breadcrumb\",\"itemListElement\":[{\"@type\":\"ListItem\",\"position\":1,\"name\":\"Etusivu\",\"item\":\"https:\/\/www.remonen.fi\/WP\/\"},{\"@type\":\"ListItem\",\"position\":2,\"name\":\"South by SouthWest\"}]},{\"@type\":\"WebSite\",\"@id\":\"https:\/\/www.remonen.fi\/WP\/#website\",\"url\":\"https:\/\/www.remonen.fi\/WP\/\",\"name\":\"remonen.fi\",\"description\":\"Valokuvia ja tarinaa laidasta laitaan\",\"publisher\":{\"@id\":\"https:\/\/www.remonen.fi\/WP\/#\/schema\/person\/1803c23d1d4f6722054eb2ac7f7a97cd\"},\"potentialAction\":[{\"@type\":\"SearchAction\",\"target\":{\"@type\":\"EntryPoint\",\"urlTemplate\":\"https:\/\/www.remonen.fi\/WP\/?s={search_term_string}\"},\"query-input\":{\"@type\":\"PropertyValueSpecification\",\"valueRequired\":true,\"valueName\":\"search_term_string\"}}],\"inLanguage\":\"fi\"},{\"@type\":[\"Person\",\"Organization\"],\"@id\":\"https:\/\/www.remonen.fi\/WP\/#\/schema\/person\/1803c23d1d4f6722054eb2ac7f7a97cd\",\"name\":\"Matti Remonen\",\"logo\":{\"@id\":\"https:\/\/www.remonen.fi\/WP\/#\/schema\/person\/image\/\"},\"url\":\"https:\/\/www.remonen.fi\/WP\/blogi\/author\/mre\/\"}]}<\/script>\n<!-- \/ Yoast SEO plugin. -->","yoast_head_json":{"title":"South by SouthWest - gREat MOments NEver forgotteN","description":"Ei, kyse ei ole SXSW-tapahtumasta, joka j\u00e4rjestet\u00e4\u00e4n Austinissa, USAssa. Vaan t\u00e4ll\u00e4 kertaa t\u00e4m\u00e4 on ihan oma reissu takaisin Saarenmaalle.","robots":{"index":"index","follow":"follow","max-snippet":"max-snippet:-1","max-image-preview":"max-image-preview:large","max-video-preview":"max-video-preview:-1"},"canonical":"https:\/\/www.remonen.fi\/WP\/blogi\/south-southwest\/","og_locale":"fi_FI","og_type":"article","og_title":"South by SouthWest - gREat MOments NEver forgotteN","og_description":"Ei, kyse ei ole SXSW-tapahtumasta, joka j\u00e4rjestet\u00e4\u00e4n Austinissa, USAssa. Vaan t\u00e4ll\u00e4 kertaa t\u00e4m\u00e4 on ihan oma reissu takaisin Saarenmaalle.","og_url":"https:\/\/www.remonen.fi\/WP\/blogi\/south-southwest\/","og_site_name":"remonen.fi","article_published_time":"2014-06-13T16:46:42+00:00","article_modified_time":"2014-07-04T15:47:07+00:00","og_image":[{"width":1528,"height":915,"url":"https:\/\/www.remonen.fi\/WP\/wp-content\/uploads\/2014\/06\/Saaremaa_2014_TheBeginning.jpg","type":"image\/jpeg"}],"author":"Matti Remonen","twitter_misc":{"Kirjoittanut":"Matti Remonen","Arvioitu lukuaika":"3 minuuttia"},"schema":{"@context":"https:\/\/schema.org","@graph":[{"@type":"Article","@id":"https:\/\/www.remonen.fi\/WP\/blogi\/south-southwest\/#article","isPartOf":{"@id":"https:\/\/www.remonen.fi\/WP\/blogi\/south-southwest\/"},"author":{"name":"Matti Remonen","@id":"https:\/\/www.remonen.fi\/WP\/#\/schema\/person\/1803c23d1d4f6722054eb2ac7f7a97cd"},"headline":"South by SouthWest","datePublished":"2014-06-13T16:46:42+00:00","dateModified":"2014-07-04T15:47:07+00:00","mainEntityOfPage":{"@id":"https:\/\/www.remonen.fi\/WP\/blogi\/south-southwest\/"},"wordCount":520,"commentCount":2,"publisher":{"@id":"https:\/\/www.remonen.fi\/WP\/#\/schema\/person\/1803c23d1d4f6722054eb2ac7f7a97cd"},"image":{"@id":"https:\/\/www.remonen.fi\/WP\/blogi\/south-southwest\/#primaryimage"},"thumbnailUrl":"https:\/\/www.remonen.fi\/WP\/wp-content\/uploads\/2014\/06\/Saaremaa_2014_TheBeginning.jpg","keywords":["KS Koolitus","Kuressaari","Lea K\u00f6mi","Saarenmaa"],"articleSection":["Blog"],"inLanguage":"fi","potentialAction":[{"@type":"CommentAction","name":"Comment","target":["https:\/\/www.remonen.fi\/WP\/blogi\/south-southwest\/#respond"]}]},{"@type":"WebPage","@id":"https:\/\/www.remonen.fi\/WP\/blogi\/south-southwest\/","url":"https:\/\/www.remonen.fi\/WP\/blogi\/south-southwest\/","name":"South by SouthWest - gREat MOments NEver forgotteN","isPartOf":{"@id":"https:\/\/www.remonen.fi\/WP\/#website"},"primaryImageOfPage":{"@id":"https:\/\/www.remonen.fi\/WP\/blogi\/south-southwest\/#primaryimage"},"image":{"@id":"https:\/\/www.remonen.fi\/WP\/blogi\/south-southwest\/#primaryimage"},"thumbnailUrl":"https:\/\/www.remonen.fi\/WP\/wp-content\/uploads\/2014\/06\/Saaremaa_2014_TheBeginning.jpg","datePublished":"2014-06-13T16:46:42+00:00","dateModified":"2014-07-04T15:47:07+00:00","description":"Ei, kyse ei ole SXSW-tapahtumasta, joka j\u00e4rjestet\u00e4\u00e4n Austinissa, USAssa. Vaan t\u00e4ll\u00e4 kertaa t\u00e4m\u00e4 on ihan oma reissu takaisin Saarenmaalle.","breadcrumb":{"@id":"https:\/\/www.remonen.fi\/WP\/blogi\/south-southwest\/#breadcrumb"},"inLanguage":"fi","potentialAction":[{"@type":"ReadAction","target":["https:\/\/www.remonen.fi\/WP\/blogi\/south-southwest\/"]}]},{"@type":"ImageObject","inLanguage":"fi","@id":"https:\/\/www.remonen.fi\/WP\/blogi\/south-southwest\/#primaryimage","url":"https:\/\/www.remonen.fi\/WP\/wp-content\/uploads\/2014\/06\/Saaremaa_2014_TheBeginning.jpg","contentUrl":"https:\/\/www.remonen.fi\/WP\/wp-content\/uploads\/2014\/06\/Saaremaa_2014_TheBeginning.jpg","width":1528,"height":915},{"@type":"BreadcrumbList","@id":"https:\/\/www.remonen.fi\/WP\/blogi\/south-southwest\/#breadcrumb","itemListElement":[{"@type":"ListItem","position":1,"name":"Etusivu","item":"https:\/\/www.remonen.fi\/WP\/"},{"@type":"ListItem","position":2,"name":"South by SouthWest"}]},{"@type":"WebSite","@id":"https:\/\/www.remonen.fi\/WP\/#website","url":"https:\/\/www.remonen.fi\/WP\/","name":"remonen.fi","description":"Valokuvia ja tarinaa laidasta laitaan","publisher":{"@id":"https:\/\/www.remonen.fi\/WP\/#\/schema\/person\/1803c23d1d4f6722054eb2ac7f7a97cd"},"potentialAction":[{"@type":"SearchAction","target":{"@type":"EntryPoint","urlTemplate":"https:\/\/www.remonen.fi\/WP\/?s={search_term_string}"},"query-input":{"@type":"PropertyValueSpecification","valueRequired":true,"valueName":"search_term_string"}}],"inLanguage":"fi"},{"@type":["Person","Organization"],"@id":"https:\/\/www.remonen.fi\/WP\/#\/schema\/person\/1803c23d1d4f6722054eb2ac7f7a97cd","name":"Matti Remonen","logo":{"@id":"https:\/\/www.remonen.fi\/WP\/#\/schema\/person\/image\/"},"url":"https:\/\/www.remonen.fi\/WP\/blogi\/author\/mre\/"}]}},"_links":{"self":[{"href":"https:\/\/www.remonen.fi\/WP\/wp-json\/wp\/v2\/posts\/4385"}],"collection":[{"href":"https:\/\/www.remonen.fi\/WP\/wp-json\/wp\/v2\/posts"}],"about":[{"href":"https:\/\/www.remonen.fi\/WP\/wp-json\/wp\/v2\/types\/post"}],"author":[{"embeddable":true,"href":"https:\/\/www.remonen.fi\/WP\/wp-json\/wp\/v2\/users\/2"}],"replies":[{"embeddable":true,"href":"https:\/\/www.remonen.fi\/WP\/wp-json\/wp\/v2\/comments?post=4385"}],"version-history":[{"count":0,"href":"https:\/\/www.remonen.fi\/WP\/wp-json\/wp\/v2\/posts\/4385\/revisions"}],"wp:featuredmedia":[{"embeddable":true,"href":"https:\/\/www.remonen.fi\/WP\/wp-json\/wp\/v2\/media\/4386"}],"wp:attachment":[{"href":"https:\/\/www.remonen.fi\/WP\/wp-json\/wp\/v2\/media?parent=4385"}],"wp:term":[{"taxonomy":"category","embeddable":true,"href":"https:\/\/www.remonen.fi\/WP\/wp-json\/wp\/v2\/categories?post=4385"},{"taxonomy":"post_tag","embeddable":true,"href":"https:\/\/www.remonen.fi\/WP\/wp-json\/wp\/v2\/tags?post=4385"}],"curies":[{"name":"wp","href":"https:\/\/api.w.org\/{rel}","templated":true}]}}