{"id":4403,"date":"2014-06-15T15:24:00","date_gmt":"2014-06-15T12:24:00","guid":{"rendered":"http:\/\/www.remonen.fi\/?p=4403"},"modified":"2014-06-18T08:37:35","modified_gmt":"2014-06-18T05:37:35","slug":"kaynti-kortilla","status":"publish","type":"post","link":"https:\/\/www.remonen.fi\/WP\/blogi\/kaynti-kortilla\/","title":{"rendered":"K\u00e4ynti kortilla"},"content":{"rendered":"<p><a href=\"http:\/\/www.remonen.fi\/WP\/wp-content\/uploads\/2014\/06\/kayntikortit-4.jpg\"><img loading=\"lazy\" decoding=\"async\" class=\"alignright size-medium wp-image-4413\" src=\"http:\/\/www.remonen.fi\/WP\/wp-content\/uploads\/2014\/06\/kayntikortit-4-213x300.jpg\" alt=\"kayntikortit-4\" width=\"213\" height=\"300\" srcset=\"https:\/\/www.remonen.fi\/WP\/wp-content\/uploads\/2014\/06\/kayntikortit-4-213x300.jpg 213w, https:\/\/www.remonen.fi\/WP\/wp-content\/uploads\/2014\/06\/kayntikortit-4.jpg 512w\" sizes=\"(max-width: 213px) 100vw, 213px\" \/><\/a>Ulkomaisia valokuvausharrastukseen keskittyvi\u00e4 sivustoja lukiessa olen pariinkin otteeseen t\u00f6rm\u00e4nnyt keskusteluihin k\u00e4yntikorteista. Keskustelu on yleens\u00e4 mennyt jotenkin sen suuntaisesti, ett\u00e4 valokuvaajalla olisi hyv\u00e4 olla mukanaan k\u00e4yntikortteja, joista jotenkin selvi\u00e4\u00e4, ett\u00e4 kuka, mit\u00e4 ja miss\u00e4. Siis l\u00e4hinn\u00e4 yhteystiedot ja joku valokuvaukseen viittaava nimike, jolla voi perustella miksi on kameran kanssa h\u00e4\u00e4r\u00e4\u00e4m\u00e4ss\u00e4. Mik\u00e4\u00e4n pressikorttihan tuo ei ole, mutta jossain tapauksissa voi helpottaa kuvaustilannetta tai jopa auttaa p\u00e4\u00e4sem\u00e4\u00e4n johonkin kuvaukselliseen paikkaan. Ja onhan tuossa se etu, ett\u00e4 tarvittaessa yhteystiedot on n\u00e4pp\u00e4r\u00e4sti annettavissa, jos nyt joku haluaa sinun ottamasi kuvan itselleen.<\/p>\n<p>Liittyen l\u00e4hestyv\u00e4\u00e4n Saarenmaan reissuun sain lauantai-aamuna seiskan pintaan jostain idean, ett\u00e4 nyt pit\u00e4\u00e4 sitten k\u00e4yntikortit saada. Varsinkin kun tuo eestinkieli on sen verran ruosteessa, ett\u00e4 kovin pitki\u00e4 keskusteluja en tuolla pysty pit\u00e4m\u00e4\u00e4n yll\u00e4. &#8221;R\u00e4imirullid&#8221; on tosin silakkarullat, siis aivan keskeisint\u00e4 sanastoa. Mutta siis, k\u00e4yntikortit piti saada jostain. Ja nettih\u00e4n on ep\u00e4tietoisen paras kaveri. Google vain k\u00e4yntiin ja sit\u00e4 kautta p\u00e4\u00e4dyin <a title=\"Vistaprint\" href=\"http:\/\/www.vistaprint.fi\" target=\"_blank\">Vistaprintin <\/a>sivuille. Vaatimuksena mulla oli se, ett\u00e4 kortti pit\u00e4\u00e4 pysty\u00e4 suunnittelemaan nettisivustolla mahdollisimman helposti. Vistaprintin sivuilla olikin suunnitteluohjelma ja useita kymmeni\u00e4 valmiita k\u00e4yntikorttipohjia, mutta mik\u00e4\u00e4n niist\u00e4 ei oikein iskenyt. Ja toisaalta, jos nyt sitten ollaan kovin valokuvaajaa, niin kai sit\u00e4 nyt sitten yhden k\u00e4yntikortin designin pystyy tekem\u00e4\u00e4n.<\/p>\n<div id=\"attachment_4412\" style=\"width: 310px\" class=\"wp-caption alignright\"><a href=\"http:\/\/www.remonen.fi\/WP\/wp-content\/uploads\/2014\/06\/kayntikortit-3.jpg\"><img loading=\"lazy\" decoding=\"async\" aria-describedby=\"caption-attachment-4412\" class=\"wp-image-4412 size-medium\" src=\"http:\/\/www.remonen.fi\/WP\/wp-content\/uploads\/2014\/06\/kayntikortit-3-300x199.jpg\" alt=\"\" width=\"300\" height=\"199\" srcset=\"https:\/\/www.remonen.fi\/WP\/wp-content\/uploads\/2014\/06\/kayntikortit-3-300x199.jpg 300w, https:\/\/www.remonen.fi\/WP\/wp-content\/uploads\/2014\/06\/kayntikortit-3.jpg 800w\" sizes=\"(max-width: 300px) 100vw, 300px\" \/><\/a><p id=\"caption-attachment-4412\" class=\"wp-caption-text\">Studiossa ei kannata rahaa s\u00e4\u00e4stell\u00e4<\/p><\/div>\n<p style=\"text-align: left;\">L\u00f6inkin siit\u00e4 kotistudion pystyyn: pyjaman paidasta hieno musta tausta ja kamerarepusta kaivoin ainoan mulla viel\u00e4 olevan filkkarungon: Nikon FG-20:n, johon laitoin kiinni objektiiviksi Nikonin Ai-S 50\/1.4:n. Valoksi sai kelvata ty\u00f6p\u00f6yd\u00e4n valaisin, Clas Ohlssonilta ostettu loisteputkivalaisin, sellainen suurennuslasiversio. Ja sitten vain kuvat kamerasta, pient\u00e4 k\u00e4sittely\u00e4 ja kortit tilaukseen. Otin kaksipuoleiset kortit, joissa toisella puolella on neliv\u00e4rikuva &amp; tekstit ja toisella puolella mv-kuva ilman mit\u00e4\u00e4n tekstej\u00e4.<\/p>\n<p style=\"text-align: left;\">(Oheinen making-of -kuva on &#8221;lavastus&#8221;, kun en tajunnut ottaa n\u00e4it\u00e4 silloin luomisvimman ollessa korkeimmillaan. Paitakin on tuossa tummanharmaa, ei musta.)<\/p>\n<p style=\"text-align: left;\">100 korttia tuli maksamaan vajaan kolmekymppi\u00e4, josta pikatoimituslis\u00e4 vie l\u00e4hes puolet. Korttien m\u00e4\u00e4r\u00e4n nostaminen ei juuri hintaan vaikuta, mutta tuolla sadalla p\u00e4\u00e4see alkuun. Pit\u00e4\u00e4 sitten tilata lis\u00e4\u00e4, jos noille oikesti on k\u00e4ytt\u00f6\u00e4. N\u00e4ihin k\u00e4yntikortteihin liittyy viel\u00e4 sellainen yksityiskohta, ett\u00e4 duunissa mulla ei en\u00e4\u00e4 moisia ole. Kun ei niit\u00e4 juuri t\u00e4n\u00e4 p\u00e4iv\u00e4n\u00e4 tarvitse: kaikki yhteystiedot vaihdetaan s\u00e4hk\u00f6isesti.<\/p>\n<p style=\"text-align: left;\">Reprokamerana toimi Sony Alpha 6000 + SEL24F18Z.<\/p>\n","protected":false},"excerpt":{"rendered":"<p>Ulkomaisia valokuvausharrastukseen keskittyvi\u00e4 sivustoja lukiessa olen pariinkin otteeseen t\u00f6rm\u00e4nnyt keskusteluihin k\u00e4yntikorteista. Keskustelu on yleens\u00e4 mennyt jotenkin sen suuntaisesti, ett\u00e4 valokuvaajalla olisi hyv\u00e4 olla mukanaan k\u00e4yntikortteja, joista jotenkin selvi\u00e4\u00e4, ett\u00e4 kuka, mit\u00e4 ja miss\u00e4. Siis l\u00e4hinn\u00e4 yhteystiedot ja joku valokuvaukseen viittaava nimike, jolla voi perustella miksi on kameran kanssa h\u00e4\u00e4r\u00e4\u00e4m\u00e4ss\u00e4. Mik\u00e4\u00e4n pressikorttihan tuo ei ole, mutta [&hellip;]<\/p>\n","protected":false},"author":2,"featured_media":4410,"comment_status":"open","ping_status":"closed","sticky":false,"template":"","format":"standard","meta":{"footnotes":""},"categories":[16],"tags":[190],"yoast_head":"<!-- This site is optimized with the Yoast SEO plugin v24.5 - https:\/\/yoast.com\/wordpress\/plugins\/seo\/ -->\n<title>K\u00e4ynti kortilla - gREat MOments NEver forgotteN<\/title>\n<meta name=\"robots\" content=\"index, follow, max-snippet:-1, max-image-preview:large, max-video-preview:-1\" \/>\n<link rel=\"canonical\" href=\"https:\/\/www.remonen.fi\/WP\/blogi\/kaynti-kortilla\/\" \/>\n<meta property=\"og:locale\" content=\"fi_FI\" \/>\n<meta property=\"og:type\" content=\"article\" \/>\n<meta property=\"og:title\" content=\"K\u00e4ynti kortilla - gREat MOments NEver forgotteN\" \/>\n<meta property=\"og:description\" content=\"Ulkomaisia valokuvausharrastukseen keskittyvi\u00e4 sivustoja lukiessa olen pariinkin otteeseen t\u00f6rm\u00e4nnyt keskusteluihin k\u00e4yntikorteista. Keskustelu on yleens\u00e4 mennyt jotenkin sen suuntaisesti, ett\u00e4 valokuvaajalla olisi hyv\u00e4 olla mukanaan k\u00e4yntikortteja, joista jotenkin selvi\u00e4\u00e4, ett\u00e4 kuka, mit\u00e4 ja miss\u00e4. Siis l\u00e4hinn\u00e4 yhteystiedot ja joku valokuvaukseen viittaava nimike, jolla voi perustella miksi on kameran kanssa h\u00e4\u00e4r\u00e4\u00e4m\u00e4ss\u00e4. Mik\u00e4\u00e4n pressikorttihan tuo ei ole, mutta [&hellip;]\" \/>\n<meta property=\"og:url\" content=\"https:\/\/www.remonen.fi\/WP\/blogi\/kaynti-kortilla\/\" \/>\n<meta property=\"og:site_name\" content=\"remonen.fi\" \/>\n<meta property=\"article:published_time\" content=\"2014-06-15T12:24:00+00:00\" \/>\n<meta property=\"article:modified_time\" content=\"2014-06-18T05:37:35+00:00\" \/>\n<meta property=\"og:image\" content=\"https:\/\/www.remonen.fi\/WP\/wp-content\/uploads\/2014\/06\/kayntikortit-1.jpg\" \/>\n\t<meta property=\"og:image:width\" content=\"800\" \/>\n\t<meta property=\"og:image:height\" content=\"533\" \/>\n\t<meta property=\"og:image:type\" content=\"image\/jpeg\" \/>\n<meta name=\"author\" content=\"Matti Remonen\" \/>\n<meta name=\"twitter:label1\" content=\"Kirjoittanut\" \/>\n\t<meta name=\"twitter:data1\" content=\"Matti Remonen\" \/>\n\t<meta name=\"twitter:label2\" content=\"Arvioitu lukuaika\" \/>\n\t<meta name=\"twitter:data2\" content=\"2 minuuttia\" \/>\n<script type=\"application\/ld+json\" class=\"yoast-schema-graph\">{\"@context\":\"https:\/\/schema.org\",\"@graph\":[{\"@type\":\"Article\",\"@id\":\"https:\/\/www.remonen.fi\/WP\/blogi\/kaynti-kortilla\/#article\",\"isPartOf\":{\"@id\":\"https:\/\/www.remonen.fi\/WP\/blogi\/kaynti-kortilla\/\"},\"author\":{\"name\":\"Matti Remonen\",\"@id\":\"https:\/\/www.remonen.fi\/WP\/#\/schema\/person\/1803c23d1d4f6722054eb2ac7f7a97cd\"},\"headline\":\"K\u00e4ynti kortilla\",\"datePublished\":\"2014-06-15T12:24:00+00:00\",\"dateModified\":\"2014-06-18T05:37:35+00:00\",\"mainEntityOfPage\":{\"@id\":\"https:\/\/www.remonen.fi\/WP\/blogi\/kaynti-kortilla\/\"},\"wordCount\":405,\"commentCount\":2,\"publisher\":{\"@id\":\"https:\/\/www.remonen.fi\/WP\/#\/schema\/person\/1803c23d1d4f6722054eb2ac7f7a97cd\"},\"image\":{\"@id\":\"https:\/\/www.remonen.fi\/WP\/blogi\/kaynti-kortilla\/#primaryimage\"},\"thumbnailUrl\":\"https:\/\/www.remonen.fi\/WP\/wp-content\/uploads\/2014\/06\/kayntikortit-1.jpg\",\"keywords\":[\"K\u00e4yntikortit\"],\"articleSection\":[\"Blog\"],\"inLanguage\":\"fi\",\"potentialAction\":[{\"@type\":\"CommentAction\",\"name\":\"Comment\",\"target\":[\"https:\/\/www.remonen.fi\/WP\/blogi\/kaynti-kortilla\/#respond\"]}]},{\"@type\":\"WebPage\",\"@id\":\"https:\/\/www.remonen.fi\/WP\/blogi\/kaynti-kortilla\/\",\"url\":\"https:\/\/www.remonen.fi\/WP\/blogi\/kaynti-kortilla\/\",\"name\":\"K\u00e4ynti kortilla - gREat MOments NEver forgotteN\",\"isPartOf\":{\"@id\":\"https:\/\/www.remonen.fi\/WP\/#website\"},\"primaryImageOfPage\":{\"@id\":\"https:\/\/www.remonen.fi\/WP\/blogi\/kaynti-kortilla\/#primaryimage\"},\"image\":{\"@id\":\"https:\/\/www.remonen.fi\/WP\/blogi\/kaynti-kortilla\/#primaryimage\"},\"thumbnailUrl\":\"https:\/\/www.remonen.fi\/WP\/wp-content\/uploads\/2014\/06\/kayntikortit-1.jpg\",\"datePublished\":\"2014-06-15T12:24:00+00:00\",\"dateModified\":\"2014-06-18T05:37:35+00:00\",\"breadcrumb\":{\"@id\":\"https:\/\/www.remonen.fi\/WP\/blogi\/kaynti-kortilla\/#breadcrumb\"},\"inLanguage\":\"fi\",\"potentialAction\":[{\"@type\":\"ReadAction\",\"target\":[\"https:\/\/www.remonen.fi\/WP\/blogi\/kaynti-kortilla\/\"]}]},{\"@type\":\"ImageObject\",\"inLanguage\":\"fi\",\"@id\":\"https:\/\/www.remonen.fi\/WP\/blogi\/kaynti-kortilla\/#primaryimage\",\"url\":\"https:\/\/www.remonen.fi\/WP\/wp-content\/uploads\/2014\/06\/kayntikortit-1.jpg\",\"contentUrl\":\"https:\/\/www.remonen.fi\/WP\/wp-content\/uploads\/2014\/06\/kayntikortit-1.jpg\",\"width\":800,\"height\":533},{\"@type\":\"BreadcrumbList\",\"@id\":\"https:\/\/www.remonen.fi\/WP\/blogi\/kaynti-kortilla\/#breadcrumb\",\"itemListElement\":[{\"@type\":\"ListItem\",\"position\":1,\"name\":\"Etusivu\",\"item\":\"https:\/\/www.remonen.fi\/WP\/\"},{\"@type\":\"ListItem\",\"position\":2,\"name\":\"K\u00e4ynti kortilla\"}]},{\"@type\":\"WebSite\",\"@id\":\"https:\/\/www.remonen.fi\/WP\/#website\",\"url\":\"https:\/\/www.remonen.fi\/WP\/\",\"name\":\"remonen.fi\",\"description\":\"Valokuvia ja tarinaa laidasta laitaan\",\"publisher\":{\"@id\":\"https:\/\/www.remonen.fi\/WP\/#\/schema\/person\/1803c23d1d4f6722054eb2ac7f7a97cd\"},\"potentialAction\":[{\"@type\":\"SearchAction\",\"target\":{\"@type\":\"EntryPoint\",\"urlTemplate\":\"https:\/\/www.remonen.fi\/WP\/?s={search_term_string}\"},\"query-input\":{\"@type\":\"PropertyValueSpecification\",\"valueRequired\":true,\"valueName\":\"search_term_string\"}}],\"inLanguage\":\"fi\"},{\"@type\":[\"Person\",\"Organization\"],\"@id\":\"https:\/\/www.remonen.fi\/WP\/#\/schema\/person\/1803c23d1d4f6722054eb2ac7f7a97cd\",\"name\":\"Matti Remonen\",\"logo\":{\"@id\":\"https:\/\/www.remonen.fi\/WP\/#\/schema\/person\/image\/\"},\"url\":\"https:\/\/www.remonen.fi\/WP\/blogi\/author\/mre\/\"}]}<\/script>\n<!-- \/ Yoast SEO plugin. -->","yoast_head_json":{"title":"K\u00e4ynti kortilla - gREat MOments NEver forgotteN","robots":{"index":"index","follow":"follow","max-snippet":"max-snippet:-1","max-image-preview":"max-image-preview:large","max-video-preview":"max-video-preview:-1"},"canonical":"https:\/\/www.remonen.fi\/WP\/blogi\/kaynti-kortilla\/","og_locale":"fi_FI","og_type":"article","og_title":"K\u00e4ynti kortilla - gREat MOments NEver forgotteN","og_description":"Ulkomaisia valokuvausharrastukseen keskittyvi\u00e4 sivustoja lukiessa olen pariinkin otteeseen t\u00f6rm\u00e4nnyt keskusteluihin k\u00e4yntikorteista. Keskustelu on yleens\u00e4 mennyt jotenkin sen suuntaisesti, ett\u00e4 valokuvaajalla olisi hyv\u00e4 olla mukanaan k\u00e4yntikortteja, joista jotenkin selvi\u00e4\u00e4, ett\u00e4 kuka, mit\u00e4 ja miss\u00e4. Siis l\u00e4hinn\u00e4 yhteystiedot ja joku valokuvaukseen viittaava nimike, jolla voi perustella miksi on kameran kanssa h\u00e4\u00e4r\u00e4\u00e4m\u00e4ss\u00e4. Mik\u00e4\u00e4n pressikorttihan tuo ei ole, mutta [&hellip;]","og_url":"https:\/\/www.remonen.fi\/WP\/blogi\/kaynti-kortilla\/","og_site_name":"remonen.fi","article_published_time":"2014-06-15T12:24:00+00:00","article_modified_time":"2014-06-18T05:37:35+00:00","og_image":[{"width":800,"height":533,"url":"https:\/\/www.remonen.fi\/WP\/wp-content\/uploads\/2014\/06\/kayntikortit-1.jpg","type":"image\/jpeg"}],"author":"Matti Remonen","twitter_misc":{"Kirjoittanut":"Matti Remonen","Arvioitu lukuaika":"2 minuuttia"},"schema":{"@context":"https:\/\/schema.org","@graph":[{"@type":"Article","@id":"https:\/\/www.remonen.fi\/WP\/blogi\/kaynti-kortilla\/#article","isPartOf":{"@id":"https:\/\/www.remonen.fi\/WP\/blogi\/kaynti-kortilla\/"},"author":{"name":"Matti Remonen","@id":"https:\/\/www.remonen.fi\/WP\/#\/schema\/person\/1803c23d1d4f6722054eb2ac7f7a97cd"},"headline":"K\u00e4ynti kortilla","datePublished":"2014-06-15T12:24:00+00:00","dateModified":"2014-06-18T05:37:35+00:00","mainEntityOfPage":{"@id":"https:\/\/www.remonen.fi\/WP\/blogi\/kaynti-kortilla\/"},"wordCount":405,"commentCount":2,"publisher":{"@id":"https:\/\/www.remonen.fi\/WP\/#\/schema\/person\/1803c23d1d4f6722054eb2ac7f7a97cd"},"image":{"@id":"https:\/\/www.remonen.fi\/WP\/blogi\/kaynti-kortilla\/#primaryimage"},"thumbnailUrl":"https:\/\/www.remonen.fi\/WP\/wp-content\/uploads\/2014\/06\/kayntikortit-1.jpg","keywords":["K\u00e4yntikortit"],"articleSection":["Blog"],"inLanguage":"fi","potentialAction":[{"@type":"CommentAction","name":"Comment","target":["https:\/\/www.remonen.fi\/WP\/blogi\/kaynti-kortilla\/#respond"]}]},{"@type":"WebPage","@id":"https:\/\/www.remonen.fi\/WP\/blogi\/kaynti-kortilla\/","url":"https:\/\/www.remonen.fi\/WP\/blogi\/kaynti-kortilla\/","name":"K\u00e4ynti kortilla - gREat MOments NEver forgotteN","isPartOf":{"@id":"https:\/\/www.remonen.fi\/WP\/#website"},"primaryImageOfPage":{"@id":"https:\/\/www.remonen.fi\/WP\/blogi\/kaynti-kortilla\/#primaryimage"},"image":{"@id":"https:\/\/www.remonen.fi\/WP\/blogi\/kaynti-kortilla\/#primaryimage"},"thumbnailUrl":"https:\/\/www.remonen.fi\/WP\/wp-content\/uploads\/2014\/06\/kayntikortit-1.jpg","datePublished":"2014-06-15T12:24:00+00:00","dateModified":"2014-06-18T05:37:35+00:00","breadcrumb":{"@id":"https:\/\/www.remonen.fi\/WP\/blogi\/kaynti-kortilla\/#breadcrumb"},"inLanguage":"fi","potentialAction":[{"@type":"ReadAction","target":["https:\/\/www.remonen.fi\/WP\/blogi\/kaynti-kortilla\/"]}]},{"@type":"ImageObject","inLanguage":"fi","@id":"https:\/\/www.remonen.fi\/WP\/blogi\/kaynti-kortilla\/#primaryimage","url":"https:\/\/www.remonen.fi\/WP\/wp-content\/uploads\/2014\/06\/kayntikortit-1.jpg","contentUrl":"https:\/\/www.remonen.fi\/WP\/wp-content\/uploads\/2014\/06\/kayntikortit-1.jpg","width":800,"height":533},{"@type":"BreadcrumbList","@id":"https:\/\/www.remonen.fi\/WP\/blogi\/kaynti-kortilla\/#breadcrumb","itemListElement":[{"@type":"ListItem","position":1,"name":"Etusivu","item":"https:\/\/www.remonen.fi\/WP\/"},{"@type":"ListItem","position":2,"name":"K\u00e4ynti kortilla"}]},{"@type":"WebSite","@id":"https:\/\/www.remonen.fi\/WP\/#website","url":"https:\/\/www.remonen.fi\/WP\/","name":"remonen.fi","description":"Valokuvia ja tarinaa laidasta laitaan","publisher":{"@id":"https:\/\/www.remonen.fi\/WP\/#\/schema\/person\/1803c23d1d4f6722054eb2ac7f7a97cd"},"potentialAction":[{"@type":"SearchAction","target":{"@type":"EntryPoint","urlTemplate":"https:\/\/www.remonen.fi\/WP\/?s={search_term_string}"},"query-input":{"@type":"PropertyValueSpecification","valueRequired":true,"valueName":"search_term_string"}}],"inLanguage":"fi"},{"@type":["Person","Organization"],"@id":"https:\/\/www.remonen.fi\/WP\/#\/schema\/person\/1803c23d1d4f6722054eb2ac7f7a97cd","name":"Matti Remonen","logo":{"@id":"https:\/\/www.remonen.fi\/WP\/#\/schema\/person\/image\/"},"url":"https:\/\/www.remonen.fi\/WP\/blogi\/author\/mre\/"}]}},"_links":{"self":[{"href":"https:\/\/www.remonen.fi\/WP\/wp-json\/wp\/v2\/posts\/4403"}],"collection":[{"href":"https:\/\/www.remonen.fi\/WP\/wp-json\/wp\/v2\/posts"}],"about":[{"href":"https:\/\/www.remonen.fi\/WP\/wp-json\/wp\/v2\/types\/post"}],"author":[{"embeddable":true,"href":"https:\/\/www.remonen.fi\/WP\/wp-json\/wp\/v2\/users\/2"}],"replies":[{"embeddable":true,"href":"https:\/\/www.remonen.fi\/WP\/wp-json\/wp\/v2\/comments?post=4403"}],"version-history":[{"count":0,"href":"https:\/\/www.remonen.fi\/WP\/wp-json\/wp\/v2\/posts\/4403\/revisions"}],"wp:featuredmedia":[{"embeddable":true,"href":"https:\/\/www.remonen.fi\/WP\/wp-json\/wp\/v2\/media\/4410"}],"wp:attachment":[{"href":"https:\/\/www.remonen.fi\/WP\/wp-json\/wp\/v2\/media?parent=4403"}],"wp:term":[{"taxonomy":"category","embeddable":true,"href":"https:\/\/www.remonen.fi\/WP\/wp-json\/wp\/v2\/categories?post=4403"},{"taxonomy":"post_tag","embeddable":true,"href":"https:\/\/www.remonen.fi\/WP\/wp-json\/wp\/v2\/tags?post=4403"}],"curies":[{"name":"wp","href":"https:\/\/api.w.org\/{rel}","templated":true}]}}